{"id":68209,"date":"2026-04-21T11:12:06","date_gmt":"2026-04-21T09:12:06","guid":{"rendered":"https:\/\/www.immobilienbusiness.ch\/?p=68209"},"modified":"2026-04-23T10:19:02","modified_gmt":"2026-04-23T08:19:02","slug":"winterthur-axa-ast-erweitert-siedlung-unteres-buehl-um-80-wohnungen","status":"publish","type":"post","link":"https:\/\/www.immobilienbusiness.ch\/de\/unternehmen\/2026-04-21\/winterthur-axa-ast-erweitert-siedlung-unteres-buehl-um-80-wohnungen\/","title":{"rendered":"Winterthur: Axa AST erweitert Siedlung \u00abUnteres B\u00fchl\u00bb um 80 Wohnungen"},"content":{"rendered":"<figure id=\"attachment_68210\" aria-describedby=\"caption-attachment-68210\" style=\"width: 540px\" class=\"wp-caption alignnone\"><a href=\"https:\/\/www.immobilienbusiness.ch\/wp-content\/uploads\/2026\/04\/Axa-Winterthru-Buehl-zVg.jpg\"><img loading=\"lazy\" decoding=\"async\" class=\"size-full wp-image-68210\" src=\"https:\/\/www.immobilienbusiness.ch\/wp-content\/uploads\/2026\/04\/Axa-Winterthru-Buehl-zVg.jpg\" alt=\"\" width=\"540\" height=\"291\" srcset=\"https:\/\/www.immobilienbusiness.ch\/wp-content\/uploads\/2026\/04\/Axa-Winterthru-Buehl-zVg.jpg 540w, https:\/\/www.immobilienbusiness.ch\/wp-content\/uploads\/2026\/04\/Axa-Winterthru-Buehl-zVg-300x162.jpg 300w, https:\/\/www.immobilienbusiness.ch\/wp-content\/uploads\/2026\/04\/Axa-Winterthru-Buehl-zVg-18x10.jpg 18w, https:\/\/www.immobilienbusiness.ch\/wp-content\/uploads\/2026\/04\/Axa-Winterthru-Buehl-zVg-375x202.jpg 375w\" sizes=\"auto, (max-width: 540px) 100vw, 540px\" \/><\/a><figcaption id=\"caption-attachment-68210\" class=\"wp-caption-text\">Die Axa AST erweitert die Wohnsiedlung\u00abUnteres B\u00fchl\u00bb in Oberwinterthur (Bild: zVg)<\/figcaption><\/figure>\n<p>Die Siedlung \u00abUnteres B\u00fchl\u00bb an der Talacker-\/R\u00f6merstrasse in Oberwinterthur wird saniert und ausgebaut. Bauherrin ist die Axa Anlagestiftung, das Projekt f\u00fchrt BNP Paribas Asset Management. Das zust\u00e4ndige Amt hat das Baugesuch bewilligt; die Realisierung soll Anfang 2027 beginnen. Die Bauzeit wird laut Projektwebsite rund vier Jahre betragen und in Etappen erfolgen.<\/p>\n<p>Die zwischen 1974 und 1990 in drei Etappen errichtete Siedlung umfasst rund 300 Wohnungen. Ein Teil der Liegenschaften wurde 2015 saniert, andere befinden sich noch weitgehend im Originalzustand \u2013 die Eingriffstiefe variiert entsprechend von Geb\u00e4ude zu Geb\u00e4ude. Der Stadtrat Winterthur hat die Siedlung im November 2025 unter Schutz gestellt; Schutzobjekt sind die Gesamtanlage mit der bauzeitlichen Aussenraumgestaltung sowie die Fassaden, D\u00e4cher und Geb\u00e4udestrukturen der Hochh\u00e4user, Fingerbauten und Portierh\u00e4uschen. Die Sanierung findet im bewohnten Zustand statt, die Mieterschaft wurde fr\u00fch eingebunden.<\/p>\n<h3>Zwei Neubauten und Anbauten<\/h3>\n<p>Neben der Sanierung entstehen 80 zus\u00e4tzliche Wohnungen \u2013 vorwiegend barrierefreie Kleinwohnungen mit 1,5 bis 2,5 Zimmern. Die Siedlung wird punktuell mit Anbauten erg\u00e4nzt, zudem entstehen zwei Neubauten. Der auff\u00e4lligste davon ist laut Projektwebsite ein sechsgeschossiger Bau an der Ecke Talacker-\/R\u00f6merstrasse, der im Erdgeschoss \u00f6ffentliche Nutzungen und gegen Norden eine Gewerbefl\u00e4che aufnimmt; in den oberen Geschossen sind vor allem 1,5-Zimmer-Wohnungen mit flexiblen Grundrissen sowie 3,5-Zimmer-Wohnungen vorgesehen. Im Erdgeschoss der Neubauten sollen ausserdem Wohnateliers und weitere Gemeinschaftsnutzungen Platz finden. F\u00fcr den einst\u00f6ckigen Pavillon im Zentrum der Siedlung ist eine \u00f6ffentliche Nutzung \u2013 denkbar etwa als Kita \u2013 vorgesehen.<\/p>\n<h3>Ankn\u00fcpfung an Freiraumkonzept aus den 1970ern<\/h3>\n<p>Architekt ist Bernath+Widmer aus Z\u00fcrich, dessen Entwurf \u00abContinuum\u00bb 2022 aus einem kooperativen Verfahren als Sieger hervorging, das Richtprojekt datiert von 2023. Der Aussenraum wird vom Z\u00fcrcher B\u00fcro ghiggi paesaggi gestaltet. Leitbild ist das bestehende Freiraumkonzept von Fred Eicher aus den 1970er-Jahren mit seinen fliessenden Gr\u00fcnr\u00e4umen; die Parkanlage mit Nischen, Spielpl\u00e4tzen und Aufenthaltsbereichen bleibt erhalten, eine gr\u00f6ssere Pflanzenvielfalt soll die Biodiversit\u00e4t st\u00e4rken. Die Mieterschaft konnte an einem Workshop Ideen zur Aussenraumgestaltung einbringen.<\/p>\n<p>BNP Paribas Asset Management verwaltet mittlerweile in der Schweiz die Immobilienportfolios der Axa Leben, der Axa Versicherungen, der Axa Anlagestiftung sowie des Axa Real Estate Fund Switzerland. In der Schweiz firmiert BNPP AM bis Mitte 2026 weiter unter Axa Investment Managers Schweiz AG, die es k\u00fcrzlich \u00fcbernommen hatte. <em>(aw)<\/em><\/p>\n","protected":false},"excerpt":{"rendered":"<p>Die Baubewilligung f\u00fcr die Sanierung und Erweiterung der 300-Wohnungen-Siedlung in Oberwinterthur liegt vor. Baustart f\u00fcr die etappierte Umsetzung soll Anfang 2027 sein, die Mieterschaft bleibt w\u00e4hrend der Arbeiten in den Wohnungen.<\/p>\n","protected":false},"author":102,"featured_media":68210,"comment_status":"closed","ping_status":"closed","sticky":false,"template":"","format":"standard","meta":{"_acf_changed":false,"_yoast_wpseo_focuskw":"Winterthur","_yoast_wpseo_title":"","_yoast_wpseo_metadesc":"Die Baubewilligung f\u00fcr die Sanierung und Erweiterung der 300-Wohnungen-Siedlung in Oberwinterthur liegt vor. Baustart f\u00fcr die etappierte Umsetzung soll Anfang 2027 sein, die Mieterschaft bleibt w\u00e4hrend der Arbeiten in den Wohnungen.","_yoast_wpseo_linkdex":63,"pgc_sgb_lightbox_settings":"","footnotes":""},"categories":[988],"tags":[1039,2052,1492,1600,1643,1662,1858],"class_list":["post-68209","post","type-post","status-publish","format-standard","has-post-thumbnail","hentry","category-unternehmen","tag-architektur","tag-axa-anlagestiftung","tag-mietwohnungen","tag-projekt-in-planung","tag-retail","tag-sanierung","tag-winterthur"],"acf":[],"yoast_head":"<!-- This site is optimized with the Yoast SEO plugin v27.5 - https:\/\/yoast.com\/product\/yoast-seo-wordpress\/ -->\n<title>Winterthur: Axa AST erweitert Siedlung \u00abUnteres B\u00fchl\u00bb um 80 Wohnungen - IMMOBILIEN Business<\/title>\n<meta name=\"description\" content=\"Die Baubewilligung f\u00fcr die Sanierung und Erweiterung der 300-Wohnungen-Siedlung in Oberwinterthur liegt vor. Baustart f\u00fcr die etappierte Umsetzung soll Anfang 2027 sein, die Mieterschaft bleibt w\u00e4hrend der Arbeiten in den Wohnungen.\" \/>\n<meta name=\"robots\" content=\"index, follow, max-snippet:-1, max-image-preview:large, max-video-preview:-1\" \/>\n<link rel=\"canonical\" href=\"https:\/\/www.immobilienbusiness.ch\/de\/unternehmen\/2026-04-21\/winterthur-axa-ast-erweitert-siedlung-unteres-buehl-um-80-wohnungen\/\" \/>\n<meta property=\"og:locale\" content=\"de_DE\" \/>\n<meta property=\"og:type\" content=\"article\" \/>\n<meta property=\"og:title\" content=\"Winterthur: Axa AST erweitert Siedlung \u00abUnteres B\u00fchl\u00bb um 80 Wohnungen - IMMOBILIEN Business\" \/>\n<meta property=\"og:description\" content=\"Die Baubewilligung f\u00fcr die Sanierung und Erweiterung der 300-Wohnungen-Siedlung in Oberwinterthur liegt vor. Baustart f\u00fcr die etappierte Umsetzung soll Anfang 2027 sein, die Mieterschaft bleibt w\u00e4hrend der Arbeiten in den Wohnungen.\" \/>\n<meta property=\"og:url\" content=\"https:\/\/www.immobilienbusiness.ch\/de\/unternehmen\/2026-04-21\/winterthur-axa-ast-erweitert-siedlung-unteres-buehl-um-80-wohnungen\/\" \/>\n<meta property=\"og:site_name\" content=\"IMMOBILIEN Business\" \/>\n<meta property=\"article:publisher\" content=\"https:\/\/www.facebook.com\/immobilienbusiness\/\" \/>\n<meta property=\"article:published_time\" content=\"2026-04-21T09:12:06+00:00\" \/>\n<meta property=\"article:modified_time\" content=\"2026-04-23T08:19:02+00:00\" \/>\n<meta property=\"og:image\" content=\"https:\/\/www.immobilienbusiness.ch\/wp-content\/uploads\/2026\/04\/Axa-Winterthru-Buehl-zVg.jpg\" \/>\n\t<meta property=\"og:image:width\" content=\"540\" \/>\n\t<meta property=\"og:image:height\" content=\"291\" \/>\n\t<meta property=\"og:image:type\" content=\"image\/jpeg\" \/>\n<meta name=\"author\" content=\"Alexander Wachter\" \/>\n<meta name=\"twitter:card\" content=\"summary_large_image\" \/>\n<script type=\"application\/ld+json\" class=\"yoast-schema-graph\">{\"@context\":\"https:\\\/\\\/schema.org\",\"@graph\":[{\"@type\":\"Article\",\"@id\":\"https:\\\/\\\/www.immobilienbusiness.ch\\\/unternehmen\\\/2026-04-21\\\/winterthur-axa-ast-erweitert-siedlung-unteres-buehl-um-80-wohnungen\\\/#article\",\"isPartOf\":{\"@id\":\"https:\\\/\\\/www.immobilienbusiness.ch\\\/unternehmen\\\/2026-04-21\\\/winterthur-axa-ast-erweitert-siedlung-unteres-buehl-um-80-wohnungen\\\/\"},\"author\":{\"name\":\"Alexander Wachter\",\"@id\":\"https:\\\/\\\/www.immobilienbusiness.ch\\\/#\\\/schema\\\/person\\\/aba8bea2db926aa0c24c08c43fe1fcd5\"},\"headline\":\"Winterthur: Axa AST erweitert Siedlung \u00abUnteres B\u00fchl\u00bb um 80 Wohnungen\",\"datePublished\":\"2026-04-21T09:12:06+00:00\",\"dateModified\":\"2026-04-23T08:19:02+00:00\",\"mainEntityOfPage\":{\"@id\":\"https:\\\/\\\/www.immobilienbusiness.ch\\\/unternehmen\\\/2026-04-21\\\/winterthur-axa-ast-erweitert-siedlung-unteres-buehl-um-80-wohnungen\\\/\"},\"wordCount\":403,\"publisher\":{\"@id\":\"https:\\\/\\\/www.immobilienbusiness.ch\\\/#organization\"},\"image\":{\"@id\":\"https:\\\/\\\/www.immobilienbusiness.ch\\\/unternehmen\\\/2026-04-21\\\/winterthur-axa-ast-erweitert-siedlung-unteres-buehl-um-80-wohnungen\\\/#primaryimage\"},\"thumbnailUrl\":\"https:\\\/\\\/www.immobilienbusiness.ch\\\/wp-content\\\/uploads\\\/2026\\\/04\\\/Axa-Winterthru-Buehl-zVg.jpg\",\"keywords\":[\"Architektur\",\"Axa Anlagestiftung\",\"Mietwohnungen\",\"Projekt in Planung\",\"Retail\",\"Sanierung\",\"Winterthur\"],\"articleSection\":[\"UNTERNEHMEN\"],\"inLanguage\":\"de\"},{\"@type\":\"WebPage\",\"@id\":\"https:\\\/\\\/www.immobilienbusiness.ch\\\/unternehmen\\\/2026-04-21\\\/winterthur-axa-ast-erweitert-siedlung-unteres-buehl-um-80-wohnungen\\\/\",\"url\":\"https:\\\/\\\/www.immobilienbusiness.ch\\\/unternehmen\\\/2026-04-21\\\/winterthur-axa-ast-erweitert-siedlung-unteres-buehl-um-80-wohnungen\\\/\",\"name\":\"Winterthur: Axa AST erweitert Siedlung \u00abUnteres B\u00fchl\u00bb um 80 Wohnungen - IMMOBILIEN Business\",\"isPartOf\":{\"@id\":\"https:\\\/\\\/www.immobilienbusiness.ch\\\/#website\"},\"primaryImageOfPage\":{\"@id\":\"https:\\\/\\\/www.immobilienbusiness.ch\\\/unternehmen\\\/2026-04-21\\\/winterthur-axa-ast-erweitert-siedlung-unteres-buehl-um-80-wohnungen\\\/#primaryimage\"},\"image\":{\"@id\":\"https:\\\/\\\/www.immobilienbusiness.ch\\\/unternehmen\\\/2026-04-21\\\/winterthur-axa-ast-erweitert-siedlung-unteres-buehl-um-80-wohnungen\\\/#primaryimage\"},\"thumbnailUrl\":\"https:\\\/\\\/www.immobilienbusiness.ch\\\/wp-content\\\/uploads\\\/2026\\\/04\\\/Axa-Winterthru-Buehl-zVg.jpg\",\"datePublished\":\"2026-04-21T09:12:06+00:00\",\"dateModified\":\"2026-04-23T08:19:02+00:00\",\"description\":\"Die Baubewilligung f\u00fcr die Sanierung und Erweiterung der 300-Wohnungen-Siedlung in Oberwinterthur liegt vor. Baustart f\u00fcr die etappierte Umsetzung soll Anfang 2027 sein, die Mieterschaft bleibt w\u00e4hrend der Arbeiten in den Wohnungen.\",\"breadcrumb\":{\"@id\":\"https:\\\/\\\/www.immobilienbusiness.ch\\\/unternehmen\\\/2026-04-21\\\/winterthur-axa-ast-erweitert-siedlung-unteres-buehl-um-80-wohnungen\\\/#breadcrumb\"},\"inLanguage\":\"de\",\"potentialAction\":[{\"@type\":\"ReadAction\",\"target\":[\"https:\\\/\\\/www.immobilienbusiness.ch\\\/unternehmen\\\/2026-04-21\\\/winterthur-axa-ast-erweitert-siedlung-unteres-buehl-um-80-wohnungen\\\/\"]}]},{\"@type\":\"ImageObject\",\"inLanguage\":\"de\",\"@id\":\"https:\\\/\\\/www.immobilienbusiness.ch\\\/unternehmen\\\/2026-04-21\\\/winterthur-axa-ast-erweitert-siedlung-unteres-buehl-um-80-wohnungen\\\/#primaryimage\",\"url\":\"https:\\\/\\\/www.immobilienbusiness.ch\\\/wp-content\\\/uploads\\\/2026\\\/04\\\/Axa-Winterthru-Buehl-zVg.jpg\",\"contentUrl\":\"https:\\\/\\\/www.immobilienbusiness.ch\\\/wp-content\\\/uploads\\\/2026\\\/04\\\/Axa-Winterthru-Buehl-zVg.jpg\",\"width\":540,\"height\":291,\"caption\":\"Die Axa AST erweitert die Wohnsiedlung\u00abUnteres B\u00fchl\u00bb in Oberwinterthur (Bild: zVg)\"},{\"@type\":\"BreadcrumbList\",\"@id\":\"https:\\\/\\\/www.immobilienbusiness.ch\\\/unternehmen\\\/2026-04-21\\\/winterthur-axa-ast-erweitert-siedlung-unteres-buehl-um-80-wohnungen\\\/#breadcrumb\",\"itemListElement\":[{\"@type\":\"ListItem\",\"position\":1,\"name\":\"Home\",\"item\":\"https:\\\/\\\/www.immobilienbusiness.ch\\\/\"},{\"@type\":\"ListItem\",\"position\":2,\"name\":\"Winterthur: Axa AST erweitert Siedlung \u00abUnteres B\u00fchl\u00bb um 80 Wohnungen\"}]},{\"@type\":\"WebSite\",\"@id\":\"https:\\\/\\\/www.immobilienbusiness.ch\\\/#website\",\"url\":\"https:\\\/\\\/www.immobilienbusiness.ch\\\/\",\"name\":\"IMMOBILIEN Business\",\"description\":\"Unabh\u00e4ngiges Schweizer Wirtschaftsmagazin mit Fokus auf Immobilien, Architektur- und Bau sowie Investment- und Finanzierung.\",\"publisher\":{\"@id\":\"https:\\\/\\\/www.immobilienbusiness.ch\\\/#organization\"},\"potentialAction\":[{\"@type\":\"SearchAction\",\"target\":{\"@type\":\"EntryPoint\",\"urlTemplate\":\"https:\\\/\\\/www.immobilienbusiness.ch\\\/?s={search_term_string}\"},\"query-input\":{\"@type\":\"PropertyValueSpecification\",\"valueRequired\":true,\"valueName\":\"search_term_string\"}}],\"inLanguage\":\"de\"},{\"@type\":\"Organization\",\"@id\":\"https:\\\/\\\/www.immobilienbusiness.ch\\\/#organization\",\"name\":\"IMMOBILIEN Business\",\"url\":\"https:\\\/\\\/www.immobilienbusiness.ch\\\/\",\"logo\":{\"@type\":\"ImageObject\",\"inLanguage\":\"de\",\"@id\":\"https:\\\/\\\/www.immobilienbusiness.ch\\\/#\\\/schema\\\/logo\\\/image\\\/\",\"url\":\"https:\\\/\\\/www.immobilienbusiness.ch\\\/wp-content\\\/uploads\\\/2021\\\/07\\\/logo_ib.png\",\"contentUrl\":\"https:\\\/\\\/www.immobilienbusiness.ch\\\/wp-content\\\/uploads\\\/2021\\\/07\\\/logo_ib.png\",\"width\":800,\"height\":181,\"caption\":\"IMMOBILIEN Business\"},\"image\":{\"@id\":\"https:\\\/\\\/www.immobilienbusiness.ch\\\/#\\\/schema\\\/logo\\\/image\\\/\"},\"sameAs\":[\"https:\\\/\\\/www.facebook.com\\\/immobilienbusiness\\\/\"]},{\"@type\":\"Person\",\"@id\":\"https:\\\/\\\/www.immobilienbusiness.ch\\\/#\\\/schema\\\/person\\\/aba8bea2db926aa0c24c08c43fe1fcd5\",\"name\":\"Alexander Wachter\",\"image\":{\"@type\":\"ImageObject\",\"inLanguage\":\"de\",\"@id\":\"https:\\\/\\\/secure.gravatar.com\\\/avatar\\\/1a09e471f5389b0e0a6416eac287e0927c7c97a7b77f9e787eba3af7aee281dd?s=96&d=mm&r=g\",\"url\":\"https:\\\/\\\/secure.gravatar.com\\\/avatar\\\/1a09e471f5389b0e0a6416eac287e0927c7c97a7b77f9e787eba3af7aee281dd?s=96&d=mm&r=g\",\"contentUrl\":\"https:\\\/\\\/secure.gravatar.com\\\/avatar\\\/1a09e471f5389b0e0a6416eac287e0927c7c97a7b77f9e787eba3af7aee281dd?s=96&d=mm&r=g\",\"caption\":\"Alexander Wachter\"},\"url\":\"https:\\\/\\\/www.immobilienbusiness.ch\\\/de\\\/author\\\/alexander-wachter\\\/\"}]}<\/script>\n<!-- \/ Yoast SEO plugin. -->","yoast_head_json":{"title":"Winterthur: Axa AST erweitert Siedlung \u00abUnteres B\u00fchl\u00bb um 80 Wohnungen - IMMOBILIEN Business","description":"Die Baubewilligung f\u00fcr die Sanierung und Erweiterung der 300-Wohnungen-Siedlung in Oberwinterthur liegt vor. Baustart f\u00fcr die etappierte Umsetzung soll Anfang 2027 sein, die Mieterschaft bleibt w\u00e4hrend der Arbeiten in den Wohnungen.","robots":{"index":"index","follow":"follow","max-snippet":"max-snippet:-1","max-image-preview":"max-image-preview:large","max-video-preview":"max-video-preview:-1"},"canonical":"https:\/\/www.immobilienbusiness.ch\/de\/unternehmen\/2026-04-21\/winterthur-axa-ast-erweitert-siedlung-unteres-buehl-um-80-wohnungen\/","og_locale":"de_DE","og_type":"article","og_title":"Winterthur: Axa AST erweitert Siedlung \u00abUnteres B\u00fchl\u00bb um 80 Wohnungen - IMMOBILIEN Business","og_description":"Die Baubewilligung f\u00fcr die Sanierung und Erweiterung der 300-Wohnungen-Siedlung in Oberwinterthur liegt vor. Baustart f\u00fcr die etappierte Umsetzung soll Anfang 2027 sein, die Mieterschaft bleibt w\u00e4hrend der Arbeiten in den Wohnungen.","og_url":"https:\/\/www.immobilienbusiness.ch\/de\/unternehmen\/2026-04-21\/winterthur-axa-ast-erweitert-siedlung-unteres-buehl-um-80-wohnungen\/","og_site_name":"IMMOBILIEN Business","article_publisher":"https:\/\/www.facebook.com\/immobilienbusiness\/","article_published_time":"2026-04-21T09:12:06+00:00","article_modified_time":"2026-04-23T08:19:02+00:00","og_image":[{"width":540,"height":291,"url":"https:\/\/www.immobilienbusiness.ch\/wp-content\/uploads\/2026\/04\/Axa-Winterthru-Buehl-zVg.jpg","type":"image\/jpeg"}],"author":"Alexander Wachter","twitter_card":"summary_large_image","schema":{"@context":"https:\/\/schema.org","@graph":[{"@type":"Article","@id":"https:\/\/www.immobilienbusiness.ch\/unternehmen\/2026-04-21\/winterthur-axa-ast-erweitert-siedlung-unteres-buehl-um-80-wohnungen\/#article","isPartOf":{"@id":"https:\/\/www.immobilienbusiness.ch\/unternehmen\/2026-04-21\/winterthur-axa-ast-erweitert-siedlung-unteres-buehl-um-80-wohnungen\/"},"author":{"name":"Alexander Wachter","@id":"https:\/\/www.immobilienbusiness.ch\/#\/schema\/person\/aba8bea2db926aa0c24c08c43fe1fcd5"},"headline":"Winterthur: Axa AST erweitert Siedlung \u00abUnteres B\u00fchl\u00bb um 80 Wohnungen","datePublished":"2026-04-21T09:12:06+00:00","dateModified":"2026-04-23T08:19:02+00:00","mainEntityOfPage":{"@id":"https:\/\/www.immobilienbusiness.ch\/unternehmen\/2026-04-21\/winterthur-axa-ast-erweitert-siedlung-unteres-buehl-um-80-wohnungen\/"},"wordCount":403,"publisher":{"@id":"https:\/\/www.immobilienbusiness.ch\/#organization"},"image":{"@id":"https:\/\/www.immobilienbusiness.ch\/unternehmen\/2026-04-21\/winterthur-axa-ast-erweitert-siedlung-unteres-buehl-um-80-wohnungen\/#primaryimage"},"thumbnailUrl":"https:\/\/www.immobilienbusiness.ch\/wp-content\/uploads\/2026\/04\/Axa-Winterthru-Buehl-zVg.jpg","keywords":["Architektur","Axa Anlagestiftung","Mietwohnungen","Projekt in Planung","Retail","Sanierung","Winterthur"],"articleSection":["UNTERNEHMEN"],"inLanguage":"de"},{"@type":"WebPage","@id":"https:\/\/www.immobilienbusiness.ch\/unternehmen\/2026-04-21\/winterthur-axa-ast-erweitert-siedlung-unteres-buehl-um-80-wohnungen\/","url":"https:\/\/www.immobilienbusiness.ch\/unternehmen\/2026-04-21\/winterthur-axa-ast-erweitert-siedlung-unteres-buehl-um-80-wohnungen\/","name":"Winterthur: Axa AST erweitert Siedlung \u00abUnteres B\u00fchl\u00bb um 80 Wohnungen - IMMOBILIEN Business","isPartOf":{"@id":"https:\/\/www.immobilienbusiness.ch\/#website"},"primaryImageOfPage":{"@id":"https:\/\/www.immobilienbusiness.ch\/unternehmen\/2026-04-21\/winterthur-axa-ast-erweitert-siedlung-unteres-buehl-um-80-wohnungen\/#primaryimage"},"image":{"@id":"https:\/\/www.immobilienbusiness.ch\/unternehmen\/2026-04-21\/winterthur-axa-ast-erweitert-siedlung-unteres-buehl-um-80-wohnungen\/#primaryimage"},"thumbnailUrl":"https:\/\/www.immobilienbusiness.ch\/wp-content\/uploads\/2026\/04\/Axa-Winterthru-Buehl-zVg.jpg","datePublished":"2026-04-21T09:12:06+00:00","dateModified":"2026-04-23T08:19:02+00:00","description":"Die Baubewilligung f\u00fcr die Sanierung und Erweiterung der 300-Wohnungen-Siedlung in Oberwinterthur liegt vor. Baustart f\u00fcr die etappierte Umsetzung soll Anfang 2027 sein, die Mieterschaft bleibt w\u00e4hrend der Arbeiten in den Wohnungen.","breadcrumb":{"@id":"https:\/\/www.immobilienbusiness.ch\/unternehmen\/2026-04-21\/winterthur-axa-ast-erweitert-siedlung-unteres-buehl-um-80-wohnungen\/#breadcrumb"},"inLanguage":"de","potentialAction":[{"@type":"ReadAction","target":["https:\/\/www.immobilienbusiness.ch\/unternehmen\/2026-04-21\/winterthur-axa-ast-erweitert-siedlung-unteres-buehl-um-80-wohnungen\/"]}]},{"@type":"ImageObject","inLanguage":"de","@id":"https:\/\/www.immobilienbusiness.ch\/unternehmen\/2026-04-21\/winterthur-axa-ast-erweitert-siedlung-unteres-buehl-um-80-wohnungen\/#primaryimage","url":"https:\/\/www.immobilienbusiness.ch\/wp-content\/uploads\/2026\/04\/Axa-Winterthru-Buehl-zVg.jpg","contentUrl":"https:\/\/www.immobilienbusiness.ch\/wp-content\/uploads\/2026\/04\/Axa-Winterthru-Buehl-zVg.jpg","width":540,"height":291,"caption":"Die Axa AST erweitert die Wohnsiedlung\u00abUnteres B\u00fchl\u00bb in Oberwinterthur (Bild: zVg)"},{"@type":"BreadcrumbList","@id":"https:\/\/www.immobilienbusiness.ch\/unternehmen\/2026-04-21\/winterthur-axa-ast-erweitert-siedlung-unteres-buehl-um-80-wohnungen\/#breadcrumb","itemListElement":[{"@type":"ListItem","position":1,"name":"Home","item":"https:\/\/www.immobilienbusiness.ch\/"},{"@type":"ListItem","position":2,"name":"Winterthur: Axa AST erweitert Siedlung \u00abUnteres B\u00fchl\u00bb um 80 Wohnungen"}]},{"@type":"WebSite","@id":"https:\/\/www.immobilienbusiness.ch\/#website","url":"https:\/\/www.immobilienbusiness.ch\/","name":"IMMOBILIEN Business","description":"Unabh\u00e4ngiges Schweizer Wirtschaftsmagazin mit Fokus auf Immobilien, Architektur- und Bau sowie Investment- und Finanzierung.","publisher":{"@id":"https:\/\/www.immobilienbusiness.ch\/#organization"},"potentialAction":[{"@type":"SearchAction","target":{"@type":"EntryPoint","urlTemplate":"https:\/\/www.immobilienbusiness.ch\/?s={search_term_string}"},"query-input":{"@type":"PropertyValueSpecification","valueRequired":true,"valueName":"search_term_string"}}],"inLanguage":"de"},{"@type":"Organization","@id":"https:\/\/www.immobilienbusiness.ch\/#organization","name":"IMMOBILIEN Business","url":"https:\/\/www.immobilienbusiness.ch\/","logo":{"@type":"ImageObject","inLanguage":"de","@id":"https:\/\/www.immobilienbusiness.ch\/#\/schema\/logo\/image\/","url":"https:\/\/www.immobilienbusiness.ch\/wp-content\/uploads\/2021\/07\/logo_ib.png","contentUrl":"https:\/\/www.immobilienbusiness.ch\/wp-content\/uploads\/2021\/07\/logo_ib.png","width":800,"height":181,"caption":"IMMOBILIEN Business"},"image":{"@id":"https:\/\/www.immobilienbusiness.ch\/#\/schema\/logo\/image\/"},"sameAs":["https:\/\/www.facebook.com\/immobilienbusiness\/"]},{"@type":"Person","@id":"https:\/\/www.immobilienbusiness.ch\/#\/schema\/person\/aba8bea2db926aa0c24c08c43fe1fcd5","name":"Alexander Wachter","image":{"@type":"ImageObject","inLanguage":"de","@id":"https:\/\/secure.gravatar.com\/avatar\/1a09e471f5389b0e0a6416eac287e0927c7c97a7b77f9e787eba3af7aee281dd?s=96&d=mm&r=g","url":"https:\/\/secure.gravatar.com\/avatar\/1a09e471f5389b0e0a6416eac287e0927c7c97a7b77f9e787eba3af7aee281dd?s=96&d=mm&r=g","contentUrl":"https:\/\/secure.gravatar.com\/avatar\/1a09e471f5389b0e0a6416eac287e0927c7c97a7b77f9e787eba3af7aee281dd?s=96&d=mm&r=g","caption":"Alexander Wachter"},"url":"https:\/\/www.immobilienbusiness.ch\/de\/author\/alexander-wachter\/"}]}},"_links":{"self":[{"href":"https:\/\/www.immobilienbusiness.ch\/de\/wp-json\/wp\/v2\/posts\/68209","targetHints":{"allow":["GET"]}}],"collection":[{"href":"https:\/\/www.immobilienbusiness.ch\/de\/wp-json\/wp\/v2\/posts"}],"about":[{"href":"https:\/\/www.immobilienbusiness.ch\/de\/wp-json\/wp\/v2\/types\/post"}],"author":[{"embeddable":true,"href":"https:\/\/www.immobilienbusiness.ch\/de\/wp-json\/wp\/v2\/users\/102"}],"replies":[{"embeddable":true,"href":"https:\/\/www.immobilienbusiness.ch\/de\/wp-json\/wp\/v2\/comments?post=68209"}],"version-history":[{"count":5,"href":"https:\/\/www.immobilienbusiness.ch\/de\/wp-json\/wp\/v2\/posts\/68209\/revisions"}],"predecessor-version":[{"id":68270,"href":"https:\/\/www.immobilienbusiness.ch\/de\/wp-json\/wp\/v2\/posts\/68209\/revisions\/68270"}],"wp:featuredmedia":[{"embeddable":true,"href":"https:\/\/www.immobilienbusiness.ch\/de\/wp-json\/wp\/v2\/media\/68210"}],"wp:attachment":[{"href":"https:\/\/www.immobilienbusiness.ch\/de\/wp-json\/wp\/v2\/media?parent=68209"}],"wp:term":[{"taxonomy":"category","embeddable":true,"href":"https:\/\/www.immobilienbusiness.ch\/de\/wp-json\/wp\/v2\/categories?post=68209"},{"taxonomy":"post_tag","embeddable":true,"href":"https:\/\/www.immobilienbusiness.ch\/de\/wp-json\/wp\/v2\/tags?post=68209"}],"curies":[{"name":"wp","href":"https:\/\/api.w.org\/{rel}","templated":true}]}}