{"id":68169,"date":"2026-04-16T08:36:37","date_gmt":"2026-04-16T06:36:37","guid":{"rendered":"https:\/\/www.immobilienbusiness.ch\/?p=68169"},"modified":"2026-04-16T09:45:16","modified_gmt":"2026-04-16T07:45:16","slug":"bundesrat-will-lex-koller-verschaerfen","status":"publish","type":"post","link":"https:\/\/www.immobilienbusiness.ch\/de\/allgemein\/2026-04-16\/bundesrat-will-lex-koller-verschaerfen\/","title":{"rendered":"Bundesrat will Lex Koller versch\u00e4rfen"},"content":{"rendered":"<figure id=\"attachment_68170\" aria-describedby=\"caption-attachment-68170\" style=\"width: 768px\" class=\"wp-caption alignnone\"><a href=\"https:\/\/www.immobilienbusiness.ch\/wp-content\/uploads\/2026\/04\/Depositphotos_18485293_L-scaled.jpg\"><img loading=\"lazy\" decoding=\"async\" class=\"size-large wp-image-68170\" src=\"https:\/\/www.immobilienbusiness.ch\/wp-content\/uploads\/2026\/04\/Depositphotos_18485293_L-1024x682.jpg\" alt=\"\" width=\"768\" height=\"512\" srcset=\"https:\/\/www.immobilienbusiness.ch\/wp-content\/uploads\/2026\/04\/Depositphotos_18485293_L-1024x682.jpg 1024w, https:\/\/www.immobilienbusiness.ch\/wp-content\/uploads\/2026\/04\/Depositphotos_18485293_L-300x200.jpg 300w, https:\/\/www.immobilienbusiness.ch\/wp-content\/uploads\/2026\/04\/Depositphotos_18485293_L-768x512.jpg 768w, https:\/\/www.immobilienbusiness.ch\/wp-content\/uploads\/2026\/04\/Depositphotos_18485293_L-1536x1024.jpg 1536w, https:\/\/www.immobilienbusiness.ch\/wp-content\/uploads\/2026\/04\/Depositphotos_18485293_L-18x12.jpg 18w, https:\/\/www.immobilienbusiness.ch\/wp-content\/uploads\/2026\/04\/Depositphotos_18485293_L-375x250.jpg 375w, https:\/\/www.immobilienbusiness.ch\/wp-content\/uploads\/2026\/04\/Depositphotos_18485293_L-525x350.jpg 525w, https:\/\/www.immobilienbusiness.ch\/wp-content\/uploads\/2026\/04\/Depositphotos_18485293_L-1000x667.jpg 1000w, https:\/\/www.immobilienbusiness.ch\/wp-content\/uploads\/2026\/04\/Depositphotos_18485293_L-scaled.jpg 1200w\" sizes=\"auto, (max-width: 768px) 100vw, 768px\" \/><\/a><figcaption id=\"caption-attachment-68170\" class=\"wp-caption-text\">Die Schweizer Flagge am Bundeshaus in Bern (Bild: Depositphotos)<\/figcaption><\/figure>\n<p>Wie der Bundesrat gestern mitgeteilt hat, soll das Bundesgesetz \u00fcber den Erwerb von Grundst\u00fccken durch Personen im Ausland \u2013 die sogenannte Lex Koller \u2013 versch\u00e4rft werden. Die entsprechende Vernehmlassung ist er\u00f6ffnet worden und dauert bis am 15. Juli. Unter anderem will der Bundesrat den Wohnungskauf f\u00fcr Drittstaatsangeh\u00f6rige bewilligungspflichtig machen und den Kauf von Ferienwohnungen durch Personen im Ausland einschr\u00e4nken \u2013 indem er die j\u00e4hrlichen Bewilligungskontingente der Kantone reduziert und auch den Weiterverkauf an Personen im Ausland an eine entsprechende Bewilligung kn\u00fcpft.<\/p>\n<p>F\u00fcr die Schweizer Immobilienwirtschaft brisant sind insbesondere zwei weitere Details des Gesetzesvorhabens, das gestern publiziert wurde: Einerseits sollen f\u00fcr Personen aus dem Ausland strengere Regeln gelten, wenn sie Gesch\u00e4ftsimmobilien erwerben wollen. Der Kauf von kommerziellen Liegenschaften soll nicht mehr m\u00f6glich sein, wenn sie diese vermieten oder verpachten wollen. Zum anderen soll Personen im Ausland grunds\u00e4tzlich untersagt werden, b\u00f6rsenkotierte Anteile an Wohnimmobiliengesellschaften und regelm\u00e4ssig auf dem Markt gehandelte Anteile an Immobilienfonds und Immobilien-SICAV zu erwerben. Unter Rechtsexperten wird f\u00fcr m\u00f6glich gehalten, dass diese beiden zuletzt genannten Massnahmen in der Summe dazu f\u00fchren, dass die versch\u00e4rfte Lex Koller letztlich f\u00fcr Investments in alle Schweizer Immobilienfonds und andere Immobiliengesellschaften gilt.<\/p>\n<p>Die vorgeschlagenen \u00c4nderungen der Lex Koller verstehen sich als Teil von Begleitmassnahmen, welche der Bundesrat im Zusammenhang mit der Ablehnung der Volksinitiative \u00abKeine 10-Millionen-Schweiz\u00bb beschlossen hat. In einem erl\u00e4uternden Bericht zur Lex-Koller-Versch\u00e4rfung, der am 15. April publiziert wurde, geht der Bundesrat unter anderem auf eine Regulierungsfolgenabsch\u00e4tzung des Gesetzesvorhabens durch den extern beauftragten Gutachter Fahrl\u00e4nder Partner ein. Dieser war zu dem Schluss gekommen, dass eine Versch\u00e4rfung der Lex Koller f\u00fcr eine Entlastung des Schweizer Wohnungsmarkts nicht nur nicht hilfreich sei, sondern eher dazu angetan, die Probleme weiter zu versch\u00e4rfen \u2013 insbesondere bei Grossprojekten. Der Bundesrat nimmt diese Einsch\u00e4tzung ausdr\u00fccklich \u00abzur Kenntnis\u00bb, erachtet die Versch\u00e4rfungen der Lex Koller \u00abdennoch als notwendig\u00bb. <em>(aw)<\/em><\/p>\n","protected":false},"excerpt":{"rendered":"<p>Die Vernehmlassung f\u00fcr das Gesetz, das Wohnungsk\u00e4ufe durch Ausl\u00e4nder erschweren soll, hat begonnen. Brisant f\u00fcr die Immobilienbranche ist das Gesetz vor allem, weil es auch auf Fonds und kommerzielle Liegenschaften zielt.<\/p>\n","protected":false},"author":102,"featured_media":68170,"comment_status":"closed","ping_status":"closed","sticky":false,"template":"","format":"standard","meta":{"_acf_changed":false,"_yoast_wpseo_focuskw":"Lex Koller","_yoast_wpseo_title":"","_yoast_wpseo_metadesc":"Die Vernehmlassung f\u00fcr das Gesetz, das Wohnungsk\u00e4ufe durch Ausl\u00e4nder erschweren soll, hat begonnen. Brisant f\u00fcr die Immobilienbranche ist das Gesetz vor allem, weil es auch auf Fonds und kommerzielle Liegenschaften zielt.","_yoast_wpseo_linkdex":71,"pgc_sgb_lightbox_settings":"","footnotes":""},"categories":[1],"tags":[4459,1444,1579,1863],"class_list":["post-68169","post","type-post","status-publish","format-standard","has-post-thumbnail","hentry","category-allgemein","tag-kommerzielle-immobilien","tag-lex-koller","tag-politik","tag-wohnimmobilien"],"acf":[],"yoast_head":"<!-- This site is optimized with the Yoast SEO plugin v27.4 - https:\/\/yoast.com\/product\/yoast-seo-wordpress\/ -->\n<title>Bundesrat will Lex Koller versch\u00e4rfen - IMMOBILIEN Business<\/title>\n<meta name=\"description\" content=\"Die Vernehmlassung f\u00fcr das Gesetz, das Wohnungsk\u00e4ufe durch Ausl\u00e4nder erschweren soll, hat begonnen. Brisant f\u00fcr die Immobilienbranche ist das Gesetz vor allem, weil es auch auf Fonds und kommerzielle Liegenschaften zielt.\" \/>\n<meta name=\"robots\" content=\"index, follow, max-snippet:-1, max-image-preview:large, max-video-preview:-1\" \/>\n<link rel=\"canonical\" href=\"https:\/\/www.immobilienbusiness.ch\/de\/allgemein\/2026-04-16\/bundesrat-will-lex-koller-verschaerfen\/\" \/>\n<meta property=\"og:locale\" content=\"de_DE\" \/>\n<meta property=\"og:type\" content=\"article\" \/>\n<meta property=\"og:title\" content=\"Bundesrat will Lex Koller versch\u00e4rfen - IMMOBILIEN Business\" \/>\n<meta property=\"og:description\" content=\"Die Vernehmlassung f\u00fcr das Gesetz, das Wohnungsk\u00e4ufe durch Ausl\u00e4nder erschweren soll, hat begonnen. Brisant f\u00fcr die Immobilienbranche ist das Gesetz vor allem, weil es auch auf Fonds und kommerzielle Liegenschaften zielt.\" \/>\n<meta property=\"og:url\" content=\"https:\/\/www.immobilienbusiness.ch\/de\/allgemein\/2026-04-16\/bundesrat-will-lex-koller-verschaerfen\/\" \/>\n<meta property=\"og:site_name\" content=\"IMMOBILIEN Business\" \/>\n<meta property=\"article:publisher\" content=\"https:\/\/www.facebook.com\/immobilienbusiness\/\" \/>\n<meta property=\"article:published_time\" content=\"2026-04-16T06:36:37+00:00\" \/>\n<meta property=\"article:modified_time\" content=\"2026-04-16T07:45:16+00:00\" \/>\n<meta property=\"og:image\" content=\"https:\/\/www.immobilienbusiness.ch\/wp-content\/uploads\/2026\/04\/Depositphotos_18485293_L-scaled.jpg\" \/>\n\t<meta property=\"og:image:width\" content=\"1200\" \/>\n\t<meta property=\"og:image:height\" content=\"800\" \/>\n\t<meta property=\"og:image:type\" content=\"image\/jpeg\" \/>\n<meta name=\"author\" content=\"Alexander Wachter\" \/>\n<meta name=\"twitter:card\" content=\"summary_large_image\" \/>\n<script type=\"application\/ld+json\" class=\"yoast-schema-graph\">{\"@context\":\"https:\\\/\\\/schema.org\",\"@graph\":[{\"@type\":\"Article\",\"@id\":\"https:\\\/\\\/www.immobilienbusiness.ch\\\/allgemein\\\/2026-04-16\\\/bundesrat-will-lex-koller-verschaerfen\\\/#article\",\"isPartOf\":{\"@id\":\"https:\\\/\\\/www.immobilienbusiness.ch\\\/allgemein\\\/2026-04-16\\\/bundesrat-will-lex-koller-verschaerfen\\\/\"},\"author\":{\"name\":\"Alexander Wachter\",\"@id\":\"https:\\\/\\\/www.immobilienbusiness.ch\\\/#\\\/schema\\\/person\\\/aba8bea2db926aa0c24c08c43fe1fcd5\"},\"headline\":\"Bundesrat will Lex Koller versch\u00e4rfen\",\"datePublished\":\"2026-04-16T06:36:37+00:00\",\"dateModified\":\"2026-04-16T07:45:16+00:00\",\"mainEntityOfPage\":{\"@id\":\"https:\\\/\\\/www.immobilienbusiness.ch\\\/allgemein\\\/2026-04-16\\\/bundesrat-will-lex-koller-verschaerfen\\\/\"},\"wordCount\":344,\"publisher\":{\"@id\":\"https:\\\/\\\/www.immobilienbusiness.ch\\\/#organization\"},\"image\":{\"@id\":\"https:\\\/\\\/www.immobilienbusiness.ch\\\/allgemein\\\/2026-04-16\\\/bundesrat-will-lex-koller-verschaerfen\\\/#primaryimage\"},\"thumbnailUrl\":\"https:\\\/\\\/www.immobilienbusiness.ch\\\/wp-content\\\/uploads\\\/2026\\\/04\\\/Depositphotos_18485293_L-scaled.jpg\",\"keywords\":[\"Kommerzielle Immobilien\",\"Lex Koller\",\"Politik\",\"Wohnimmobilien\"],\"inLanguage\":\"de\"},{\"@type\":\"WebPage\",\"@id\":\"https:\\\/\\\/www.immobilienbusiness.ch\\\/allgemein\\\/2026-04-16\\\/bundesrat-will-lex-koller-verschaerfen\\\/\",\"url\":\"https:\\\/\\\/www.immobilienbusiness.ch\\\/allgemein\\\/2026-04-16\\\/bundesrat-will-lex-koller-verschaerfen\\\/\",\"name\":\"Bundesrat will Lex Koller versch\u00e4rfen - IMMOBILIEN Business\",\"isPartOf\":{\"@id\":\"https:\\\/\\\/www.immobilienbusiness.ch\\\/#website\"},\"primaryImageOfPage\":{\"@id\":\"https:\\\/\\\/www.immobilienbusiness.ch\\\/allgemein\\\/2026-04-16\\\/bundesrat-will-lex-koller-verschaerfen\\\/#primaryimage\"},\"image\":{\"@id\":\"https:\\\/\\\/www.immobilienbusiness.ch\\\/allgemein\\\/2026-04-16\\\/bundesrat-will-lex-koller-verschaerfen\\\/#primaryimage\"},\"thumbnailUrl\":\"https:\\\/\\\/www.immobilienbusiness.ch\\\/wp-content\\\/uploads\\\/2026\\\/04\\\/Depositphotos_18485293_L-scaled.jpg\",\"datePublished\":\"2026-04-16T06:36:37+00:00\",\"dateModified\":\"2026-04-16T07:45:16+00:00\",\"description\":\"Die Vernehmlassung f\u00fcr das Gesetz, das Wohnungsk\u00e4ufe durch Ausl\u00e4nder erschweren soll, hat begonnen. Brisant f\u00fcr die Immobilienbranche ist das Gesetz vor allem, weil es auch auf Fonds und kommerzielle Liegenschaften zielt.\",\"breadcrumb\":{\"@id\":\"https:\\\/\\\/www.immobilienbusiness.ch\\\/allgemein\\\/2026-04-16\\\/bundesrat-will-lex-koller-verschaerfen\\\/#breadcrumb\"},\"inLanguage\":\"de\",\"potentialAction\":[{\"@type\":\"ReadAction\",\"target\":[\"https:\\\/\\\/www.immobilienbusiness.ch\\\/allgemein\\\/2026-04-16\\\/bundesrat-will-lex-koller-verschaerfen\\\/\"]}]},{\"@type\":\"ImageObject\",\"inLanguage\":\"de\",\"@id\":\"https:\\\/\\\/www.immobilienbusiness.ch\\\/allgemein\\\/2026-04-16\\\/bundesrat-will-lex-koller-verschaerfen\\\/#primaryimage\",\"url\":\"https:\\\/\\\/www.immobilienbusiness.ch\\\/wp-content\\\/uploads\\\/2026\\\/04\\\/Depositphotos_18485293_L-scaled.jpg\",\"contentUrl\":\"https:\\\/\\\/www.immobilienbusiness.ch\\\/wp-content\\\/uploads\\\/2026\\\/04\\\/Depositphotos_18485293_L-scaled.jpg\",\"width\":1200,\"height\":800,\"caption\":\"Die Schweizer Flagge am Bundeshaus in Bern (Bild: Depositphotos)\"},{\"@type\":\"BreadcrumbList\",\"@id\":\"https:\\\/\\\/www.immobilienbusiness.ch\\\/allgemein\\\/2026-04-16\\\/bundesrat-will-lex-koller-verschaerfen\\\/#breadcrumb\",\"itemListElement\":[{\"@type\":\"ListItem\",\"position\":1,\"name\":\"Home\",\"item\":\"https:\\\/\\\/www.immobilienbusiness.ch\\\/\"},{\"@type\":\"ListItem\",\"position\":2,\"name\":\"Bundesrat will Lex Koller versch\u00e4rfen\"}]},{\"@type\":\"WebSite\",\"@id\":\"https:\\\/\\\/www.immobilienbusiness.ch\\\/#website\",\"url\":\"https:\\\/\\\/www.immobilienbusiness.ch\\\/\",\"name\":\"IMMOBILIEN Business\",\"description\":\"Unabh\u00e4ngiges Schweizer Wirtschaftsmagazin mit Fokus auf Immobilien, Architektur- und Bau sowie Investment- und Finanzierung.\",\"publisher\":{\"@id\":\"https:\\\/\\\/www.immobilienbusiness.ch\\\/#organization\"},\"potentialAction\":[{\"@type\":\"SearchAction\",\"target\":{\"@type\":\"EntryPoint\",\"urlTemplate\":\"https:\\\/\\\/www.immobilienbusiness.ch\\\/?s={search_term_string}\"},\"query-input\":{\"@type\":\"PropertyValueSpecification\",\"valueRequired\":true,\"valueName\":\"search_term_string\"}}],\"inLanguage\":\"de\"},{\"@type\":\"Organization\",\"@id\":\"https:\\\/\\\/www.immobilienbusiness.ch\\\/#organization\",\"name\":\"IMMOBILIEN Business\",\"url\":\"https:\\\/\\\/www.immobilienbusiness.ch\\\/\",\"logo\":{\"@type\":\"ImageObject\",\"inLanguage\":\"de\",\"@id\":\"https:\\\/\\\/www.immobilienbusiness.ch\\\/#\\\/schema\\\/logo\\\/image\\\/\",\"url\":\"https:\\\/\\\/www.immobilienbusiness.ch\\\/wp-content\\\/uploads\\\/2021\\\/07\\\/logo_ib.png\",\"contentUrl\":\"https:\\\/\\\/www.immobilienbusiness.ch\\\/wp-content\\\/uploads\\\/2021\\\/07\\\/logo_ib.png\",\"width\":800,\"height\":181,\"caption\":\"IMMOBILIEN Business\"},\"image\":{\"@id\":\"https:\\\/\\\/www.immobilienbusiness.ch\\\/#\\\/schema\\\/logo\\\/image\\\/\"},\"sameAs\":[\"https:\\\/\\\/www.facebook.com\\\/immobilienbusiness\\\/\"]},{\"@type\":\"Person\",\"@id\":\"https:\\\/\\\/www.immobilienbusiness.ch\\\/#\\\/schema\\\/person\\\/aba8bea2db926aa0c24c08c43fe1fcd5\",\"name\":\"Alexander Wachter\",\"image\":{\"@type\":\"ImageObject\",\"inLanguage\":\"de\",\"@id\":\"https:\\\/\\\/secure.gravatar.com\\\/avatar\\\/1a09e471f5389b0e0a6416eac287e0927c7c97a7b77f9e787eba3af7aee281dd?s=96&d=mm&r=g\",\"url\":\"https:\\\/\\\/secure.gravatar.com\\\/avatar\\\/1a09e471f5389b0e0a6416eac287e0927c7c97a7b77f9e787eba3af7aee281dd?s=96&d=mm&r=g\",\"contentUrl\":\"https:\\\/\\\/secure.gravatar.com\\\/avatar\\\/1a09e471f5389b0e0a6416eac287e0927c7c97a7b77f9e787eba3af7aee281dd?s=96&d=mm&r=g\",\"caption\":\"Alexander Wachter\"},\"url\":\"https:\\\/\\\/www.immobilienbusiness.ch\\\/de\\\/author\\\/alexander-wachter\\\/\"}]}<\/script>\n<!-- \/ Yoast SEO plugin. -->","yoast_head_json":{"title":"Bundesrat will Lex Koller versch\u00e4rfen - IMMOBILIEN Business","description":"Die Vernehmlassung f\u00fcr das Gesetz, das Wohnungsk\u00e4ufe durch Ausl\u00e4nder erschweren soll, hat begonnen. Brisant f\u00fcr die Immobilienbranche ist das Gesetz vor allem, weil es auch auf Fonds und kommerzielle Liegenschaften zielt.","robots":{"index":"index","follow":"follow","max-snippet":"max-snippet:-1","max-image-preview":"max-image-preview:large","max-video-preview":"max-video-preview:-1"},"canonical":"https:\/\/www.immobilienbusiness.ch\/de\/allgemein\/2026-04-16\/bundesrat-will-lex-koller-verschaerfen\/","og_locale":"de_DE","og_type":"article","og_title":"Bundesrat will Lex Koller versch\u00e4rfen - IMMOBILIEN Business","og_description":"Die Vernehmlassung f\u00fcr das Gesetz, das Wohnungsk\u00e4ufe durch Ausl\u00e4nder erschweren soll, hat begonnen. Brisant f\u00fcr die Immobilienbranche ist das Gesetz vor allem, weil es auch auf Fonds und kommerzielle Liegenschaften zielt.","og_url":"https:\/\/www.immobilienbusiness.ch\/de\/allgemein\/2026-04-16\/bundesrat-will-lex-koller-verschaerfen\/","og_site_name":"IMMOBILIEN Business","article_publisher":"https:\/\/www.facebook.com\/immobilienbusiness\/","article_published_time":"2026-04-16T06:36:37+00:00","article_modified_time":"2026-04-16T07:45:16+00:00","og_image":[{"width":1200,"height":800,"url":"https:\/\/www.immobilienbusiness.ch\/wp-content\/uploads\/2026\/04\/Depositphotos_18485293_L-scaled.jpg","type":"image\/jpeg"}],"author":"Alexander Wachter","twitter_card":"summary_large_image","schema":{"@context":"https:\/\/schema.org","@graph":[{"@type":"Article","@id":"https:\/\/www.immobilienbusiness.ch\/allgemein\/2026-04-16\/bundesrat-will-lex-koller-verschaerfen\/#article","isPartOf":{"@id":"https:\/\/www.immobilienbusiness.ch\/allgemein\/2026-04-16\/bundesrat-will-lex-koller-verschaerfen\/"},"author":{"name":"Alexander Wachter","@id":"https:\/\/www.immobilienbusiness.ch\/#\/schema\/person\/aba8bea2db926aa0c24c08c43fe1fcd5"},"headline":"Bundesrat will Lex Koller versch\u00e4rfen","datePublished":"2026-04-16T06:36:37+00:00","dateModified":"2026-04-16T07:45:16+00:00","mainEntityOfPage":{"@id":"https:\/\/www.immobilienbusiness.ch\/allgemein\/2026-04-16\/bundesrat-will-lex-koller-verschaerfen\/"},"wordCount":344,"publisher":{"@id":"https:\/\/www.immobilienbusiness.ch\/#organization"},"image":{"@id":"https:\/\/www.immobilienbusiness.ch\/allgemein\/2026-04-16\/bundesrat-will-lex-koller-verschaerfen\/#primaryimage"},"thumbnailUrl":"https:\/\/www.immobilienbusiness.ch\/wp-content\/uploads\/2026\/04\/Depositphotos_18485293_L-scaled.jpg","keywords":["Kommerzielle Immobilien","Lex Koller","Politik","Wohnimmobilien"],"inLanguage":"de"},{"@type":"WebPage","@id":"https:\/\/www.immobilienbusiness.ch\/allgemein\/2026-04-16\/bundesrat-will-lex-koller-verschaerfen\/","url":"https:\/\/www.immobilienbusiness.ch\/allgemein\/2026-04-16\/bundesrat-will-lex-koller-verschaerfen\/","name":"Bundesrat will Lex Koller versch\u00e4rfen - IMMOBILIEN Business","isPartOf":{"@id":"https:\/\/www.immobilienbusiness.ch\/#website"},"primaryImageOfPage":{"@id":"https:\/\/www.immobilienbusiness.ch\/allgemein\/2026-04-16\/bundesrat-will-lex-koller-verschaerfen\/#primaryimage"},"image":{"@id":"https:\/\/www.immobilienbusiness.ch\/allgemein\/2026-04-16\/bundesrat-will-lex-koller-verschaerfen\/#primaryimage"},"thumbnailUrl":"https:\/\/www.immobilienbusiness.ch\/wp-content\/uploads\/2026\/04\/Depositphotos_18485293_L-scaled.jpg","datePublished":"2026-04-16T06:36:37+00:00","dateModified":"2026-04-16T07:45:16+00:00","description":"Die Vernehmlassung f\u00fcr das Gesetz, das Wohnungsk\u00e4ufe durch Ausl\u00e4nder erschweren soll, hat begonnen. Brisant f\u00fcr die Immobilienbranche ist das Gesetz vor allem, weil es auch auf Fonds und kommerzielle Liegenschaften zielt.","breadcrumb":{"@id":"https:\/\/www.immobilienbusiness.ch\/allgemein\/2026-04-16\/bundesrat-will-lex-koller-verschaerfen\/#breadcrumb"},"inLanguage":"de","potentialAction":[{"@type":"ReadAction","target":["https:\/\/www.immobilienbusiness.ch\/allgemein\/2026-04-16\/bundesrat-will-lex-koller-verschaerfen\/"]}]},{"@type":"ImageObject","inLanguage":"de","@id":"https:\/\/www.immobilienbusiness.ch\/allgemein\/2026-04-16\/bundesrat-will-lex-koller-verschaerfen\/#primaryimage","url":"https:\/\/www.immobilienbusiness.ch\/wp-content\/uploads\/2026\/04\/Depositphotos_18485293_L-scaled.jpg","contentUrl":"https:\/\/www.immobilienbusiness.ch\/wp-content\/uploads\/2026\/04\/Depositphotos_18485293_L-scaled.jpg","width":1200,"height":800,"caption":"Die Schweizer Flagge am Bundeshaus in Bern (Bild: Depositphotos)"},{"@type":"BreadcrumbList","@id":"https:\/\/www.immobilienbusiness.ch\/allgemein\/2026-04-16\/bundesrat-will-lex-koller-verschaerfen\/#breadcrumb","itemListElement":[{"@type":"ListItem","position":1,"name":"Home","item":"https:\/\/www.immobilienbusiness.ch\/"},{"@type":"ListItem","position":2,"name":"Bundesrat will Lex Koller versch\u00e4rfen"}]},{"@type":"WebSite","@id":"https:\/\/www.immobilienbusiness.ch\/#website","url":"https:\/\/www.immobilienbusiness.ch\/","name":"IMMOBILIEN Business","description":"Unabh\u00e4ngiges Schweizer Wirtschaftsmagazin mit Fokus auf Immobilien, Architektur- und Bau sowie Investment- und Finanzierung.","publisher":{"@id":"https:\/\/www.immobilienbusiness.ch\/#organization"},"potentialAction":[{"@type":"SearchAction","target":{"@type":"EntryPoint","urlTemplate":"https:\/\/www.immobilienbusiness.ch\/?s={search_term_string}"},"query-input":{"@type":"PropertyValueSpecification","valueRequired":true,"valueName":"search_term_string"}}],"inLanguage":"de"},{"@type":"Organization","@id":"https:\/\/www.immobilienbusiness.ch\/#organization","name":"IMMOBILIEN Business","url":"https:\/\/www.immobilienbusiness.ch\/","logo":{"@type":"ImageObject","inLanguage":"de","@id":"https:\/\/www.immobilienbusiness.ch\/#\/schema\/logo\/image\/","url":"https:\/\/www.immobilienbusiness.ch\/wp-content\/uploads\/2021\/07\/logo_ib.png","contentUrl":"https:\/\/www.immobilienbusiness.ch\/wp-content\/uploads\/2021\/07\/logo_ib.png","width":800,"height":181,"caption":"IMMOBILIEN Business"},"image":{"@id":"https:\/\/www.immobilienbusiness.ch\/#\/schema\/logo\/image\/"},"sameAs":["https:\/\/www.facebook.com\/immobilienbusiness\/"]},{"@type":"Person","@id":"https:\/\/www.immobilienbusiness.ch\/#\/schema\/person\/aba8bea2db926aa0c24c08c43fe1fcd5","name":"Alexander Wachter","image":{"@type":"ImageObject","inLanguage":"de","@id":"https:\/\/secure.gravatar.com\/avatar\/1a09e471f5389b0e0a6416eac287e0927c7c97a7b77f9e787eba3af7aee281dd?s=96&d=mm&r=g","url":"https:\/\/secure.gravatar.com\/avatar\/1a09e471f5389b0e0a6416eac287e0927c7c97a7b77f9e787eba3af7aee281dd?s=96&d=mm&r=g","contentUrl":"https:\/\/secure.gravatar.com\/avatar\/1a09e471f5389b0e0a6416eac287e0927c7c97a7b77f9e787eba3af7aee281dd?s=96&d=mm&r=g","caption":"Alexander Wachter"},"url":"https:\/\/www.immobilienbusiness.ch\/de\/author\/alexander-wachter\/"}]}},"_links":{"self":[{"href":"https:\/\/www.immobilienbusiness.ch\/de\/wp-json\/wp\/v2\/posts\/68169","targetHints":{"allow":["GET"]}}],"collection":[{"href":"https:\/\/www.immobilienbusiness.ch\/de\/wp-json\/wp\/v2\/posts"}],"about":[{"href":"https:\/\/www.immobilienbusiness.ch\/de\/wp-json\/wp\/v2\/types\/post"}],"author":[{"embeddable":true,"href":"https:\/\/www.immobilienbusiness.ch\/de\/wp-json\/wp\/v2\/users\/102"}],"replies":[{"embeddable":true,"href":"https:\/\/www.immobilienbusiness.ch\/de\/wp-json\/wp\/v2\/comments?post=68169"}],"version-history":[{"count":5,"href":"https:\/\/www.immobilienbusiness.ch\/de\/wp-json\/wp\/v2\/posts\/68169\/revisions"}],"predecessor-version":[{"id":68175,"href":"https:\/\/www.immobilienbusiness.ch\/de\/wp-json\/wp\/v2\/posts\/68169\/revisions\/68175"}],"wp:featuredmedia":[{"embeddable":true,"href":"https:\/\/www.immobilienbusiness.ch\/de\/wp-json\/wp\/v2\/media\/68170"}],"wp:attachment":[{"href":"https:\/\/www.immobilienbusiness.ch\/de\/wp-json\/wp\/v2\/media?parent=68169"}],"wp:term":[{"taxonomy":"category","embeddable":true,"href":"https:\/\/www.immobilienbusiness.ch\/de\/wp-json\/wp\/v2\/categories?post=68169"},{"taxonomy":"post_tag","embeddable":true,"href":"https:\/\/www.immobilienbusiness.ch\/de\/wp-json\/wp\/v2\/tags?post=68169"}],"curies":[{"name":"wp","href":"https:\/\/api.w.org\/{rel}","templated":true}]}}