{"id":6767,"date":"2017-03-17T09:15:49","date_gmt":"2017-03-17T08:15:49","guid":{"rendered":"https:\/\/www.immobilienbusiness.ch\/?p=6767"},"modified":"2017-03-17T09:15:49","modified_gmt":"2017-03-17T08:15:49","slug":"emmen-wohnquartier-neuschwand-geplant","status":"publish","type":"post","link":"https:\/\/www.immobilienbusiness.ch\/de\/residential\/2017-03-17\/emmen-wohnquartier-neuschwand-geplant\/","title":{"rendered":"Emmen: Wohnquartier \u00abNeuschwand\u00bb in Planung"},"content":{"rendered":"<figure id=\"attachment_6768\" aria-describedby=\"caption-attachment-6768\" style=\"width: 680px\" class=\"wp-caption alignnone\"><img loading=\"lazy\" decoding=\"async\" class=\"wp-image-6768 size-medium\" src=\"https:\/\/www.immobilienbusiness.ch\/wp-content\/uploads\/2017\/03\/Neuschwand.jpg\" width=\"680\" height=\"532\" srcset=\"https:\/\/www.immobilienbusiness.ch\/wp-content\/uploads\/2017\/03\/Neuschwand.jpg 2560w, https:\/\/www.immobilienbusiness.ch\/wp-content\/uploads\/2017\/03\/Neuschwand-300x235.jpg 300w, https:\/\/www.immobilienbusiness.ch\/wp-content\/uploads\/2017\/03\/Neuschwand-1024x801.jpg 1024w, https:\/\/www.immobilienbusiness.ch\/wp-content\/uploads\/2017\/03\/Neuschwand-768x601.jpg 768w, https:\/\/www.immobilienbusiness.ch\/wp-content\/uploads\/2017\/03\/Neuschwand-1536x1201.jpg 1536w, https:\/\/www.immobilienbusiness.ch\/wp-content\/uploads\/2017\/03\/Neuschwand-2048x1601.jpg 2048w, https:\/\/www.immobilienbusiness.ch\/wp-content\/uploads\/2017\/03\/Neuschwand-16x12.jpg 16w, https:\/\/www.immobilienbusiness.ch\/wp-content\/uploads\/2017\/03\/Neuschwand-224x175.jpg 224w, https:\/\/www.immobilienbusiness.ch\/wp-content\/uploads\/2017\/03\/Neuschwand-448x350.jpg 448w, https:\/\/www.immobilienbusiness.ch\/wp-content\/uploads\/2017\/03\/Neuschwand-1023x800.jpg 1023w, https:\/\/www.immobilienbusiness.ch\/wp-content\/uploads\/2017\/03\/Neuschwand-920x719.jpg 920w, https:\/\/www.immobilienbusiness.ch\/wp-content\/uploads\/2017\/03\/Neuschwand-1400x1095.jpg 1400w, https:\/\/www.immobilienbusiness.ch\/wp-content\/uploads\/2017\/03\/Neuschwand-1790x1400.jpg 1790w\" sizes=\"auto, (max-width: 680px) 100vw, 680px\" \/><figcaption id=\"caption-attachment-6768\" class=\"wp-caption-text\">Mit dem Projekt Neuschwand entsteht in Emmen ein neues Wohnviertel (Foto: Gemeinde Emmen)<\/figcaption><\/figure>\n<p>Das Richtprojekt zum Bebauungsplan wurde im Jahr 2014 auf der Grundlage eines Investorenwettbewerbs erarbeitet. Diesen hatten die Losinger Marazzi AG als Entwicklerin mit den Projektverfassern R\u00fcssli Architekten gewonnen. Geplant sind insgesamt rund 150 Wohnungen<\/p>\n<p>Der Bebauungsplan gibt acht Baubereiche und drei verbindliche Bautypen vor: Ein Zeilenbau soll den \u00f6stlichen Abschluss gegen\u00fcber dem Emmen Center markieren. Er weist vier Vollgeschosse und ein Attikageschoss auf.<\/p>\n<p>F\u00fcnf Punkth\u00e4user folgen der Hanglage und bilden so den \u00dcbergang zwischen der Einfamilienhaussiedlung im Westen und dem Zeilenbau. Das Personalhaus des ehemaligen Betagtenzentrums bleibt erhalten und wird umgenutzt. Der historische Kornspeicher und der Baumbestand bleiben ebenfalls erhalten.<\/p>\n<p>Zwischen den einzelnen Geb\u00e4uden werden sich Gr\u00fcn- und Freir\u00e4ume zu einem gemeinsamen, park\u00e4hnlichen Aussenraum verbinden.<\/p>\n<p>Die Geschossfl\u00e4che bel\u00e4uft sich auf insgesamt 16.311 qm, daraus ergibt sich f\u00fcr die Gemeinde Emmen eine Summe von 16,56 Millionen CHF, die sie als Kaufpreis f\u00fcr das Areal erh\u00e4lt<\/p>\n","protected":false},"excerpt":{"rendered":"<p>In Emmen, am Standort des ehemaligen Betagtenzentrums Herdschwand, soll ein neues Wohnquartier entstehen. Der Bebauungsplan \u00abNeuschwand\u00bb liegt jetzt \u00f6ffentlich auf.<\/p>\n","protected":false},"author":3,"featured_media":6768,"comment_status":"open","ping_status":"open","sticky":false,"template":"","format":"standard","meta":{"_acf_changed":false,"_yoast_wpseo_focuskw":"Neuschwand","_yoast_wpseo_title":"","_yoast_wpseo_metadesc":"In Emmen, am Standort des ehemaligen Betagtenzentrums Herdschwand, soll ein neues Wohnquartier entstehen. Der Bebauungsplan \u00abNeuschwand\u00bb liegt jetzt auf.","_yoast_wpseo_linkdex":71,"pgc_sgb_lightbox_settings":"","footnotes":""},"categories":[986],"tags":[1459,1600,1629,1862],"class_list":["post-6767","post","type-post","status-publish","format-standard","has-post-thumbnail","hentry","category-residential","tag-luzern","tag-projekt-in-planung","tag-regionen","tag-wohnen"],"acf":[],"yoast_head":"<!-- This site is optimized with the Yoast SEO plugin v27.4 - https:\/\/yoast.com\/product\/yoast-seo-wordpress\/ -->\n<title>Emmen: Wohnquartier \u00abNeuschwand\u00bb in Planung - IMMOBILIEN Business<\/title>\n<meta name=\"description\" content=\"In Emmen, am Standort des ehemaligen Betagtenzentrums Herdschwand, soll ein neues Wohnquartier entstehen. Der Bebauungsplan \u00abNeuschwand\u00bb liegt jetzt auf.\" \/>\n<meta name=\"robots\" content=\"index, follow, max-snippet:-1, max-image-preview:large, max-video-preview:-1\" \/>\n<link rel=\"canonical\" href=\"https:\/\/www.immobilienbusiness.ch\/de\/residential\/2017-03-17\/emmen-wohnquartier-neuschwand-geplant\/\" \/>\n<meta property=\"og:locale\" content=\"de_DE\" \/>\n<meta property=\"og:type\" content=\"article\" \/>\n<meta property=\"og:title\" content=\"Emmen: Wohnquartier \u00abNeuschwand\u00bb in Planung\" \/>\n<meta property=\"og:description\" content=\"In Emmen, am Standort des ehemaligen Betagtenzentrums Herdschwand, soll ein neues Wohnquartier entstehen. Der Bebauungsplan \u00abNeuschwand\u00bb liegt jetzt auf.\" \/>\n<meta property=\"og:url\" content=\"https:\/\/www.immobilienbusiness.ch\/de\/residential\/2017-03-17\/emmen-wohnquartier-neuschwand-geplant\/\" \/>\n<meta property=\"og:site_name\" content=\"IMMOBILIEN Business\" \/>\n<meta property=\"article:publisher\" content=\"https:\/\/www.facebook.com\/immobilienbusiness\/\" \/>\n<meta property=\"article:published_time\" content=\"2017-03-17T08:15:49+00:00\" \/>\n<meta property=\"og:image\" content=\"https:\/\/www.immobilienbusiness.ch\/wp-content\/uploads\/2017\/03\/Neuschwand.jpg\" \/>\n\t<meta property=\"og:image:width\" content=\"2560\" \/>\n\t<meta property=\"og:image:height\" content=\"2002\" \/>\n\t<meta property=\"og:image:type\" content=\"image\/jpeg\" \/>\n<meta name=\"author\" content=\"anja.hall\" \/>\n<meta name=\"twitter:card\" content=\"summary_large_image\" \/>\n<meta name=\"twitter:title\" content=\"In Emmen, am Standort des ehemaligen Betagtenzentrums Herdschwand, soll ein neues Wohnquartier entstehen. Der Bebauungsplan \u00abNeuschwand\u00bb liegt jetzt auf.\" \/>\n<meta name=\"twitter:description\" content=\"In Emmen, am Standort des ehemaligen Betagtenzentrums Herdschwand, soll ein neues Wohnquartier entstehen. Der Bebauungsplan \u00abNeuschwand\u00bb liegt jetzt auf.\" \/>\n<meta name=\"twitter:image\" content=\"https:\/\/www.immobilienbusiness.ch\/wp-content\/uploads\/2017\/03\/Neuschwand.jpg\" \/>\n<script type=\"application\/ld+json\" class=\"yoast-schema-graph\">{\"@context\":\"https:\\\/\\\/schema.org\",\"@graph\":[{\"@type\":\"Article\",\"@id\":\"https:\\\/\\\/www.immobilienbusiness.ch\\\/residential\\\/2017-03-17\\\/emmen-wohnquartier-neuschwand-geplant\\\/#article\",\"isPartOf\":{\"@id\":\"https:\\\/\\\/www.immobilienbusiness.ch\\\/residential\\\/2017-03-17\\\/emmen-wohnquartier-neuschwand-geplant\\\/\"},\"author\":{\"name\":\"anja.hall\",\"@id\":\"https:\\\/\\\/www.immobilienbusiness.ch\\\/#\\\/schema\\\/person\\\/3fc036297b10b9f42d6db5ee932af8c8\"},\"headline\":\"Emmen: Wohnquartier \u00abNeuschwand\u00bb in Planung\",\"datePublished\":\"2017-03-17T08:15:49+00:00\",\"mainEntityOfPage\":{\"@id\":\"https:\\\/\\\/www.immobilienbusiness.ch\\\/residential\\\/2017-03-17\\\/emmen-wohnquartier-neuschwand-geplant\\\/\"},\"wordCount\":178,\"commentCount\":0,\"publisher\":{\"@id\":\"https:\\\/\\\/www.immobilienbusiness.ch\\\/#organization\"},\"image\":{\"@id\":\"https:\\\/\\\/www.immobilienbusiness.ch\\\/residential\\\/2017-03-17\\\/emmen-wohnquartier-neuschwand-geplant\\\/#primaryimage\"},\"thumbnailUrl\":\"https:\\\/\\\/www.immobilienbusiness.ch\\\/wp-content\\\/uploads\\\/2017\\\/03\\\/Neuschwand.jpg\",\"keywords\":[\"Luzern\",\"Projekt in Planung\",\"Regionen\",\"Wohnen\"],\"articleSection\":[\"RESIDENTIAL\"],\"inLanguage\":\"de\"},{\"@type\":\"WebPage\",\"@id\":\"https:\\\/\\\/www.immobilienbusiness.ch\\\/residential\\\/2017-03-17\\\/emmen-wohnquartier-neuschwand-geplant\\\/\",\"url\":\"https:\\\/\\\/www.immobilienbusiness.ch\\\/residential\\\/2017-03-17\\\/emmen-wohnquartier-neuschwand-geplant\\\/\",\"name\":\"Emmen: Wohnquartier \u00abNeuschwand\u00bb in Planung - IMMOBILIEN Business\",\"isPartOf\":{\"@id\":\"https:\\\/\\\/www.immobilienbusiness.ch\\\/#website\"},\"primaryImageOfPage\":{\"@id\":\"https:\\\/\\\/www.immobilienbusiness.ch\\\/residential\\\/2017-03-17\\\/emmen-wohnquartier-neuschwand-geplant\\\/#primaryimage\"},\"image\":{\"@id\":\"https:\\\/\\\/www.immobilienbusiness.ch\\\/residential\\\/2017-03-17\\\/emmen-wohnquartier-neuschwand-geplant\\\/#primaryimage\"},\"thumbnailUrl\":\"https:\\\/\\\/www.immobilienbusiness.ch\\\/wp-content\\\/uploads\\\/2017\\\/03\\\/Neuschwand.jpg\",\"datePublished\":\"2017-03-17T08:15:49+00:00\",\"description\":\"In Emmen, am Standort des ehemaligen Betagtenzentrums Herdschwand, soll ein neues Wohnquartier entstehen. Der Bebauungsplan \u00abNeuschwand\u00bb liegt jetzt auf.\",\"breadcrumb\":{\"@id\":\"https:\\\/\\\/www.immobilienbusiness.ch\\\/residential\\\/2017-03-17\\\/emmen-wohnquartier-neuschwand-geplant\\\/#breadcrumb\"},\"inLanguage\":\"de\",\"potentialAction\":[{\"@type\":\"ReadAction\",\"target\":[\"https:\\\/\\\/www.immobilienbusiness.ch\\\/residential\\\/2017-03-17\\\/emmen-wohnquartier-neuschwand-geplant\\\/\"]}]},{\"@type\":\"ImageObject\",\"inLanguage\":\"de\",\"@id\":\"https:\\\/\\\/www.immobilienbusiness.ch\\\/residential\\\/2017-03-17\\\/emmen-wohnquartier-neuschwand-geplant\\\/#primaryimage\",\"url\":\"https:\\\/\\\/www.immobilienbusiness.ch\\\/wp-content\\\/uploads\\\/2017\\\/03\\\/Neuschwand.jpg\",\"contentUrl\":\"https:\\\/\\\/www.immobilienbusiness.ch\\\/wp-content\\\/uploads\\\/2017\\\/03\\\/Neuschwand.jpg\",\"width\":2560,\"height\":2002,\"caption\":\"Mit Neuschwand entsteht in Emmen ein neues Wohnviertel (Foto: Gemeinde Emmen)\"},{\"@type\":\"BreadcrumbList\",\"@id\":\"https:\\\/\\\/www.immobilienbusiness.ch\\\/residential\\\/2017-03-17\\\/emmen-wohnquartier-neuschwand-geplant\\\/#breadcrumb\",\"itemListElement\":[{\"@type\":\"ListItem\",\"position\":1,\"name\":\"Home\",\"item\":\"https:\\\/\\\/www.immobilienbusiness.ch\\\/\"},{\"@type\":\"ListItem\",\"position\":2,\"name\":\"Emmen: Wohnquartier \u00abNeuschwand\u00bb in Planung\"}]},{\"@type\":\"WebSite\",\"@id\":\"https:\\\/\\\/www.immobilienbusiness.ch\\\/#website\",\"url\":\"https:\\\/\\\/www.immobilienbusiness.ch\\\/\",\"name\":\"IMMOBILIEN Business\",\"description\":\"Unabh\u00e4ngiges Schweizer Wirtschaftsmagazin mit Fokus auf Immobilien, Architektur- und Bau sowie Investment- und Finanzierung.\",\"publisher\":{\"@id\":\"https:\\\/\\\/www.immobilienbusiness.ch\\\/#organization\"},\"potentialAction\":[{\"@type\":\"SearchAction\",\"target\":{\"@type\":\"EntryPoint\",\"urlTemplate\":\"https:\\\/\\\/www.immobilienbusiness.ch\\\/?s={search_term_string}\"},\"query-input\":{\"@type\":\"PropertyValueSpecification\",\"valueRequired\":true,\"valueName\":\"search_term_string\"}}],\"inLanguage\":\"de\"},{\"@type\":\"Organization\",\"@id\":\"https:\\\/\\\/www.immobilienbusiness.ch\\\/#organization\",\"name\":\"IMMOBILIEN Business\",\"url\":\"https:\\\/\\\/www.immobilienbusiness.ch\\\/\",\"logo\":{\"@type\":\"ImageObject\",\"inLanguage\":\"de\",\"@id\":\"https:\\\/\\\/www.immobilienbusiness.ch\\\/#\\\/schema\\\/logo\\\/image\\\/\",\"url\":\"https:\\\/\\\/www.immobilienbusiness.ch\\\/wp-content\\\/uploads\\\/2021\\\/07\\\/logo_ib.png\",\"contentUrl\":\"https:\\\/\\\/www.immobilienbusiness.ch\\\/wp-content\\\/uploads\\\/2021\\\/07\\\/logo_ib.png\",\"width\":800,\"height\":181,\"caption\":\"IMMOBILIEN Business\"},\"image\":{\"@id\":\"https:\\\/\\\/www.immobilienbusiness.ch\\\/#\\\/schema\\\/logo\\\/image\\\/\"},\"sameAs\":[\"https:\\\/\\\/www.facebook.com\\\/immobilienbusiness\\\/\"]},{\"@type\":\"Person\",\"@id\":\"https:\\\/\\\/www.immobilienbusiness.ch\\\/#\\\/schema\\\/person\\\/3fc036297b10b9f42d6db5ee932af8c8\",\"name\":\"anja.hall\",\"image\":{\"@type\":\"ImageObject\",\"inLanguage\":\"de\",\"@id\":\"https:\\\/\\\/secure.gravatar.com\\\/avatar\\\/066b5a0d447013502c71a5782f4f3469f03cfe595cc2329fb94652fe47511bfb?s=96&d=mm&r=g\",\"url\":\"https:\\\/\\\/secure.gravatar.com\\\/avatar\\\/066b5a0d447013502c71a5782f4f3469f03cfe595cc2329fb94652fe47511bfb?s=96&d=mm&r=g\",\"contentUrl\":\"https:\\\/\\\/secure.gravatar.com\\\/avatar\\\/066b5a0d447013502c71a5782f4f3469f03cfe595cc2329fb94652fe47511bfb?s=96&d=mm&r=g\",\"caption\":\"anja.hall\"},\"url\":\"https:\\\/\\\/www.immobilienbusiness.ch\\\/de\\\/author\\\/anja-hall\\\/\"}]}<\/script>\n<!-- \/ Yoast SEO plugin. -->","yoast_head_json":{"title":"Emmen: Wohnquartier \u00abNeuschwand\u00bb in Planung - IMMOBILIEN Business","description":"In Emmen, am Standort des ehemaligen Betagtenzentrums Herdschwand, soll ein neues Wohnquartier entstehen. Der Bebauungsplan \u00abNeuschwand\u00bb liegt jetzt auf.","robots":{"index":"index","follow":"follow","max-snippet":"max-snippet:-1","max-image-preview":"max-image-preview:large","max-video-preview":"max-video-preview:-1"},"canonical":"https:\/\/www.immobilienbusiness.ch\/de\/residential\/2017-03-17\/emmen-wohnquartier-neuschwand-geplant\/","og_locale":"de_DE","og_type":"article","og_title":"Emmen: Wohnquartier \u00abNeuschwand\u00bb in Planung","og_description":"In Emmen, am Standort des ehemaligen Betagtenzentrums Herdschwand, soll ein neues Wohnquartier entstehen. Der Bebauungsplan \u00abNeuschwand\u00bb liegt jetzt auf.","og_url":"https:\/\/www.immobilienbusiness.ch\/de\/residential\/2017-03-17\/emmen-wohnquartier-neuschwand-geplant\/","og_site_name":"IMMOBILIEN Business","article_publisher":"https:\/\/www.facebook.com\/immobilienbusiness\/","article_published_time":"2017-03-17T08:15:49+00:00","og_image":[{"width":2560,"height":2002,"url":"https:\/\/www.immobilienbusiness.ch\/wp-content\/uploads\/2017\/03\/Neuschwand.jpg","type":"image\/jpeg"}],"author":"anja.hall","twitter_card":"summary_large_image","twitter_title":"In Emmen, am Standort des ehemaligen Betagtenzentrums Herdschwand, soll ein neues Wohnquartier entstehen. Der Bebauungsplan \u00abNeuschwand\u00bb liegt jetzt auf.","twitter_description":"In Emmen, am Standort des ehemaligen Betagtenzentrums Herdschwand, soll ein neues Wohnquartier entstehen. Der Bebauungsplan \u00abNeuschwand\u00bb liegt jetzt auf.","twitter_image":"https:\/\/www.immobilienbusiness.ch\/wp-content\/uploads\/2017\/03\/Neuschwand.jpg","schema":{"@context":"https:\/\/schema.org","@graph":[{"@type":"Article","@id":"https:\/\/www.immobilienbusiness.ch\/residential\/2017-03-17\/emmen-wohnquartier-neuschwand-geplant\/#article","isPartOf":{"@id":"https:\/\/www.immobilienbusiness.ch\/residential\/2017-03-17\/emmen-wohnquartier-neuschwand-geplant\/"},"author":{"name":"anja.hall","@id":"https:\/\/www.immobilienbusiness.ch\/#\/schema\/person\/3fc036297b10b9f42d6db5ee932af8c8"},"headline":"Emmen: Wohnquartier \u00abNeuschwand\u00bb in Planung","datePublished":"2017-03-17T08:15:49+00:00","mainEntityOfPage":{"@id":"https:\/\/www.immobilienbusiness.ch\/residential\/2017-03-17\/emmen-wohnquartier-neuschwand-geplant\/"},"wordCount":178,"commentCount":0,"publisher":{"@id":"https:\/\/www.immobilienbusiness.ch\/#organization"},"image":{"@id":"https:\/\/www.immobilienbusiness.ch\/residential\/2017-03-17\/emmen-wohnquartier-neuschwand-geplant\/#primaryimage"},"thumbnailUrl":"https:\/\/www.immobilienbusiness.ch\/wp-content\/uploads\/2017\/03\/Neuschwand.jpg","keywords":["Luzern","Projekt in Planung","Regionen","Wohnen"],"articleSection":["RESIDENTIAL"],"inLanguage":"de"},{"@type":"WebPage","@id":"https:\/\/www.immobilienbusiness.ch\/residential\/2017-03-17\/emmen-wohnquartier-neuschwand-geplant\/","url":"https:\/\/www.immobilienbusiness.ch\/residential\/2017-03-17\/emmen-wohnquartier-neuschwand-geplant\/","name":"Emmen: Wohnquartier \u00abNeuschwand\u00bb in Planung - IMMOBILIEN Business","isPartOf":{"@id":"https:\/\/www.immobilienbusiness.ch\/#website"},"primaryImageOfPage":{"@id":"https:\/\/www.immobilienbusiness.ch\/residential\/2017-03-17\/emmen-wohnquartier-neuschwand-geplant\/#primaryimage"},"image":{"@id":"https:\/\/www.immobilienbusiness.ch\/residential\/2017-03-17\/emmen-wohnquartier-neuschwand-geplant\/#primaryimage"},"thumbnailUrl":"https:\/\/www.immobilienbusiness.ch\/wp-content\/uploads\/2017\/03\/Neuschwand.jpg","datePublished":"2017-03-17T08:15:49+00:00","description":"In Emmen, am Standort des ehemaligen Betagtenzentrums Herdschwand, soll ein neues Wohnquartier entstehen. Der Bebauungsplan \u00abNeuschwand\u00bb liegt jetzt auf.","breadcrumb":{"@id":"https:\/\/www.immobilienbusiness.ch\/residential\/2017-03-17\/emmen-wohnquartier-neuschwand-geplant\/#breadcrumb"},"inLanguage":"de","potentialAction":[{"@type":"ReadAction","target":["https:\/\/www.immobilienbusiness.ch\/residential\/2017-03-17\/emmen-wohnquartier-neuschwand-geplant\/"]}]},{"@type":"ImageObject","inLanguage":"de","@id":"https:\/\/www.immobilienbusiness.ch\/residential\/2017-03-17\/emmen-wohnquartier-neuschwand-geplant\/#primaryimage","url":"https:\/\/www.immobilienbusiness.ch\/wp-content\/uploads\/2017\/03\/Neuschwand.jpg","contentUrl":"https:\/\/www.immobilienbusiness.ch\/wp-content\/uploads\/2017\/03\/Neuschwand.jpg","width":2560,"height":2002,"caption":"Mit Neuschwand entsteht in Emmen ein neues Wohnviertel (Foto: Gemeinde Emmen)"},{"@type":"BreadcrumbList","@id":"https:\/\/www.immobilienbusiness.ch\/residential\/2017-03-17\/emmen-wohnquartier-neuschwand-geplant\/#breadcrumb","itemListElement":[{"@type":"ListItem","position":1,"name":"Home","item":"https:\/\/www.immobilienbusiness.ch\/"},{"@type":"ListItem","position":2,"name":"Emmen: Wohnquartier \u00abNeuschwand\u00bb in Planung"}]},{"@type":"WebSite","@id":"https:\/\/www.immobilienbusiness.ch\/#website","url":"https:\/\/www.immobilienbusiness.ch\/","name":"IMMOBILIEN Business","description":"Unabh\u00e4ngiges Schweizer Wirtschaftsmagazin mit Fokus auf Immobilien, Architektur- und Bau sowie Investment- und Finanzierung.","publisher":{"@id":"https:\/\/www.immobilienbusiness.ch\/#organization"},"potentialAction":[{"@type":"SearchAction","target":{"@type":"EntryPoint","urlTemplate":"https:\/\/www.immobilienbusiness.ch\/?s={search_term_string}"},"query-input":{"@type":"PropertyValueSpecification","valueRequired":true,"valueName":"search_term_string"}}],"inLanguage":"de"},{"@type":"Organization","@id":"https:\/\/www.immobilienbusiness.ch\/#organization","name":"IMMOBILIEN Business","url":"https:\/\/www.immobilienbusiness.ch\/","logo":{"@type":"ImageObject","inLanguage":"de","@id":"https:\/\/www.immobilienbusiness.ch\/#\/schema\/logo\/image\/","url":"https:\/\/www.immobilienbusiness.ch\/wp-content\/uploads\/2021\/07\/logo_ib.png","contentUrl":"https:\/\/www.immobilienbusiness.ch\/wp-content\/uploads\/2021\/07\/logo_ib.png","width":800,"height":181,"caption":"IMMOBILIEN Business"},"image":{"@id":"https:\/\/www.immobilienbusiness.ch\/#\/schema\/logo\/image\/"},"sameAs":["https:\/\/www.facebook.com\/immobilienbusiness\/"]},{"@type":"Person","@id":"https:\/\/www.immobilienbusiness.ch\/#\/schema\/person\/3fc036297b10b9f42d6db5ee932af8c8","name":"anja.hall","image":{"@type":"ImageObject","inLanguage":"de","@id":"https:\/\/secure.gravatar.com\/avatar\/066b5a0d447013502c71a5782f4f3469f03cfe595cc2329fb94652fe47511bfb?s=96&d=mm&r=g","url":"https:\/\/secure.gravatar.com\/avatar\/066b5a0d447013502c71a5782f4f3469f03cfe595cc2329fb94652fe47511bfb?s=96&d=mm&r=g","contentUrl":"https:\/\/secure.gravatar.com\/avatar\/066b5a0d447013502c71a5782f4f3469f03cfe595cc2329fb94652fe47511bfb?s=96&d=mm&r=g","caption":"anja.hall"},"url":"https:\/\/www.immobilienbusiness.ch\/de\/author\/anja-hall\/"}]}},"_links":{"self":[{"href":"https:\/\/www.immobilienbusiness.ch\/de\/wp-json\/wp\/v2\/posts\/6767","targetHints":{"allow":["GET"]}}],"collection":[{"href":"https:\/\/www.immobilienbusiness.ch\/de\/wp-json\/wp\/v2\/posts"}],"about":[{"href":"https:\/\/www.immobilienbusiness.ch\/de\/wp-json\/wp\/v2\/types\/post"}],"author":[{"embeddable":true,"href":"https:\/\/www.immobilienbusiness.ch\/de\/wp-json\/wp\/v2\/users\/3"}],"replies":[{"embeddable":true,"href":"https:\/\/www.immobilienbusiness.ch\/de\/wp-json\/wp\/v2\/comments?post=6767"}],"version-history":[{"count":0,"href":"https:\/\/www.immobilienbusiness.ch\/de\/wp-json\/wp\/v2\/posts\/6767\/revisions"}],"wp:featuredmedia":[{"embeddable":true,"href":"https:\/\/www.immobilienbusiness.ch\/de\/wp-json\/wp\/v2\/media\/6768"}],"wp:attachment":[{"href":"https:\/\/www.immobilienbusiness.ch\/de\/wp-json\/wp\/v2\/media?parent=6767"}],"wp:term":[{"taxonomy":"category","embeddable":true,"href":"https:\/\/www.immobilienbusiness.ch\/de\/wp-json\/wp\/v2\/categories?post=6767"},{"taxonomy":"post_tag","embeddable":true,"href":"https:\/\/www.immobilienbusiness.ch\/de\/wp-json\/wp\/v2\/tags?post=6767"}],"curies":[{"name":"wp","href":"https:\/\/api.w.org\/{rel}","templated":true}]}}