{"id":66188,"date":"2025-11-11T06:59:46","date_gmt":"2025-11-11T05:59:46","guid":{"rendered":"https:\/\/www.immobilienbusiness.ch\/?p=66188"},"modified":"2025-11-13T10:56:54","modified_gmt":"2025-11-13T09:56:54","slug":"zuerich-gegner-des-stadionprojekts-ziehen-vor-bundesgericht","status":"publish","type":"post","link":"https:\/\/www.immobilienbusiness.ch\/de\/regionen\/2025-11-11\/zuerich-gegner-des-stadionprojekts-ziehen-vor-bundesgericht\/","title":{"rendered":"Z\u00fcrich: Gegner des Stadionprojekts ziehen vor Bundesgericht"},"content":{"rendered":"<figure id=\"attachment_65701\" aria-describedby=\"caption-attachment-65701\" style=\"width: 835px\" class=\"wp-caption alignnone\"><a href=\"https:\/\/www.immobilienbusiness.ch\/wp-content\/uploads\/2025\/10\/Ensemble-ZH-zVg.png\"><img loading=\"lazy\" decoding=\"async\" class=\"size-full wp-image-65701\" src=\"https:\/\/www.immobilienbusiness.ch\/wp-content\/uploads\/2025\/10\/Ensemble-ZH-zVg.png\" alt=\"\" width=\"835\" height=\"465\" srcset=\"https:\/\/www.immobilienbusiness.ch\/wp-content\/uploads\/2025\/10\/Ensemble-ZH-zVg.png 835w, https:\/\/www.immobilienbusiness.ch\/wp-content\/uploads\/2025\/10\/Ensemble-ZH-zVg-300x167.png 300w, https:\/\/www.immobilienbusiness.ch\/wp-content\/uploads\/2025\/10\/Ensemble-ZH-zVg-768x428.png 768w, https:\/\/www.immobilienbusiness.ch\/wp-content\/uploads\/2025\/10\/Ensemble-ZH-zVg-18x10.png 18w, https:\/\/www.immobilienbusiness.ch\/wp-content\/uploads\/2025\/10\/Ensemble-ZH-zVg-375x209.png 375w, https:\/\/www.immobilienbusiness.ch\/wp-content\/uploads\/2025\/10\/Ensemble-ZH-zVg-628x350.png 628w\" sizes=\"auto, (max-width: 835px) 100vw, 835px\" \/><\/a><figcaption id=\"caption-attachment-65701\" class=\"wp-caption-text\">Das Stadion- und Wohnbauprojekt \u00abEnsemble\u00bb in Z\u00fcrich (Bild: zVg)<\/figcaption><\/figure>\n<p>Die Gegner des Stadionprojekts akzeptieren das letzte Gerichtsurteil zugunsten des Vorhabens nicht und z\u00fcgeln weiter vors Bundesgericht. Das berichtete dieser Tage \u00abTele Z\u00fcri\u00bb. Ein Sprecher des Bundesgerichts best\u00e4tigte gegen\u00fcber dem SRF den Eingang einer entsprechenden Beschwerde. Vorausgegangen war ein Urteil des kantonalen Verwaltungsgerichts, das im Sinne der Projektverantwortlichen \u2013 ein Konsortium um den Baukonzern HRS \u2013 geurteilt hatte <a href=\"https:\/\/www.immobilienbusiness.ch\/de\/regionen\/2025-10-08\/zuerich-stadionprojekt-siegt-vor-gericht\/\" target=\"_blank\" rel=\"noopener\">(IB berichtete)<\/a>. Ausser einem Stadion sollen auch Wohnhochh\u00e4user auf der Brache des ehemaligen Hardturm-Stadions realisiert werden. Der SRF sagt dem Projekt noch eine lange Leidenszeit voraus: \u00abGibt es einen rechtskr\u00e4ftigen Gestaltungsplan, wird erst das konkrete Bauprojekt entwickelt \u2013 und auch gegen dies kann wieder bis vor Bundesgericht prozessiert werden\u00bb, kommentiert das Medium.<\/p>\n<p>Hinter dem Vorhaben auf dem Hardturmareal stehen die zwei Fussballklubs FC Z\u00fcrich und GC Z\u00fcrich, die HRS, die Allgemeine Baugenossenschaft Z\u00fcrich, die Stadionz\u00fcri AG und mehrere Anlagegef\u00e4sse der UBS. Das Konsortium mit dem Namen \u00abProjekt Ensemble\u00bb hatte nach dem letzten Urteil an die Gegner des Bauvorhaben appelliert, die vom Gericht festgestellte Rechtslage zu akzeptieren und den Widerstand einzustellen. <em>(aw)<\/em><\/p>\n","protected":false},"excerpt":{"rendered":"<p>Das lange Hin und Her um das Wohn- und Stadionprojekt auf dem Hardturmareal verl\u00e4ngert sich um mindestens eine weitere Volte.<\/p>\n","protected":false},"author":102,"featured_media":65701,"comment_status":"closed","ping_status":"closed","sticky":false,"template":"","format":"standard","meta":{"_acf_changed":false,"_yoast_wpseo_focuskw":"Z\u00fcrich","_yoast_wpseo_title":"","_yoast_wpseo_metadesc":"Das lange Hin und Her um das Wohn- und Stadionprojekt auf dem Hardturmareal verl\u00e4ngert sich um mindestens eine weitere Volte.","_yoast_wpseo_linkdex":61,"pgc_sgb_lightbox_settings":"","footnotes":""},"categories":[985],"tags":[4367,1245,2100,1492,2320,1600,1726,1796,1888],"class_list":["post-66188","post","type-post","status-publish","format-standard","has-post-thumbnail","hentry","category-regionen","tag-allgemeine-baugenossenschaft-zuerich","tag-freizeit","tag-hrs","tag-mietwohnungen","tag-oeffentliche-hand","tag-projekt-in-planung","tag-stadtplanung","tag-ubs","tag-zuerich"],"acf":[],"yoast_head":"<!-- This site is optimized with the Yoast SEO plugin v27.4 - https:\/\/yoast.com\/product\/yoast-seo-wordpress\/ -->\n<title>Z\u00fcrich: Gegner des Stadionprojekts ziehen vor Bundesgericht - IMMOBILIEN Business<\/title>\n<meta name=\"description\" content=\"Das lange Hin und Her um das Wohn- und Stadionprojekt auf dem Hardturmareal verl\u00e4ngert sich um mindestens eine weitere Volte.\" \/>\n<meta name=\"robots\" content=\"index, follow, max-snippet:-1, max-image-preview:large, max-video-preview:-1\" \/>\n<link rel=\"canonical\" href=\"https:\/\/www.immobilienbusiness.ch\/de\/regionen\/2025-11-11\/zuerich-gegner-des-stadionprojekts-ziehen-vor-bundesgericht\/\" \/>\n<meta property=\"og:locale\" content=\"de_DE\" \/>\n<meta property=\"og:type\" content=\"article\" \/>\n<meta property=\"og:title\" content=\"Z\u00fcrich: Gegner des Stadionprojekts ziehen vor Bundesgericht - IMMOBILIEN Business\" \/>\n<meta property=\"og:description\" content=\"Das lange Hin und Her um das Wohn- und Stadionprojekt auf dem Hardturmareal verl\u00e4ngert sich um mindestens eine weitere Volte.\" \/>\n<meta property=\"og:url\" content=\"https:\/\/www.immobilienbusiness.ch\/de\/regionen\/2025-11-11\/zuerich-gegner-des-stadionprojekts-ziehen-vor-bundesgericht\/\" \/>\n<meta property=\"og:site_name\" content=\"IMMOBILIEN Business\" \/>\n<meta property=\"article:publisher\" content=\"https:\/\/www.facebook.com\/immobilienbusiness\/\" \/>\n<meta property=\"article:published_time\" content=\"2025-11-11T05:59:46+00:00\" \/>\n<meta property=\"article:modified_time\" content=\"2025-11-13T09:56:54+00:00\" \/>\n<meta property=\"og:image\" content=\"https:\/\/www.immobilienbusiness.ch\/wp-content\/uploads\/2025\/10\/Ensemble-ZH-zVg.png\" \/>\n\t<meta property=\"og:image:width\" content=\"835\" \/>\n\t<meta property=\"og:image:height\" content=\"465\" \/>\n\t<meta property=\"og:image:type\" content=\"image\/png\" \/>\n<meta name=\"author\" content=\"Alexander Wachter\" \/>\n<meta name=\"twitter:card\" content=\"summary_large_image\" \/>\n<script type=\"application\/ld+json\" class=\"yoast-schema-graph\">{\"@context\":\"https:\\\/\\\/schema.org\",\"@graph\":[{\"@type\":\"Article\",\"@id\":\"https:\\\/\\\/www.immobilienbusiness.ch\\\/de\\\/regionen\\\/2025-11-11\\\/zuerich-gegner-des-stadionprojekts-ziehen-vor-bundesgericht\\\/#article\",\"isPartOf\":{\"@id\":\"https:\\\/\\\/www.immobilienbusiness.ch\\\/de\\\/regionen\\\/2025-11-11\\\/zuerich-gegner-des-stadionprojekts-ziehen-vor-bundesgericht\\\/\"},\"author\":{\"name\":\"Alexander Wachter\",\"@id\":\"https:\\\/\\\/www.immobilienbusiness.ch\\\/#\\\/schema\\\/person\\\/aba8bea2db926aa0c24c08c43fe1fcd5\"},\"headline\":\"Z\u00fcrich: Gegner des Stadionprojekts ziehen vor Bundesgericht\",\"datePublished\":\"2025-11-11T05:59:46+00:00\",\"dateModified\":\"2025-11-13T09:56:54+00:00\",\"mainEntityOfPage\":{\"@id\":\"https:\\\/\\\/www.immobilienbusiness.ch\\\/de\\\/regionen\\\/2025-11-11\\\/zuerich-gegner-des-stadionprojekts-ziehen-vor-bundesgericht\\\/\"},\"wordCount\":202,\"publisher\":{\"@id\":\"https:\\\/\\\/www.immobilienbusiness.ch\\\/#organization\"},\"image\":{\"@id\":\"https:\\\/\\\/www.immobilienbusiness.ch\\\/de\\\/regionen\\\/2025-11-11\\\/zuerich-gegner-des-stadionprojekts-ziehen-vor-bundesgericht\\\/#primaryimage\"},\"thumbnailUrl\":\"https:\\\/\\\/www.immobilienbusiness.ch\\\/wp-content\\\/uploads\\\/2025\\\/10\\\/Ensemble-ZH-zVg.png\",\"keywords\":[\"Allgemeine Baugenossenschaft Z\u00fcrich\",\"Freizeit\",\"HRS\",\"Mietwohnungen\",\"\u00d6ffentliche Hand\",\"Projekt in Planung\",\"Stadtplanung\",\"UBS\",\"Z\u00fcrich\"],\"articleSection\":[\"REGIONEN\"],\"inLanguage\":\"de\"},{\"@type\":\"WebPage\",\"@id\":\"https:\\\/\\\/www.immobilienbusiness.ch\\\/de\\\/regionen\\\/2025-11-11\\\/zuerich-gegner-des-stadionprojekts-ziehen-vor-bundesgericht\\\/\",\"url\":\"https:\\\/\\\/www.immobilienbusiness.ch\\\/de\\\/regionen\\\/2025-11-11\\\/zuerich-gegner-des-stadionprojekts-ziehen-vor-bundesgericht\\\/\",\"name\":\"Z\u00fcrich: Gegner des Stadionprojekts ziehen vor Bundesgericht - IMMOBILIEN Business\",\"isPartOf\":{\"@id\":\"https:\\\/\\\/www.immobilienbusiness.ch\\\/#website\"},\"primaryImageOfPage\":{\"@id\":\"https:\\\/\\\/www.immobilienbusiness.ch\\\/de\\\/regionen\\\/2025-11-11\\\/zuerich-gegner-des-stadionprojekts-ziehen-vor-bundesgericht\\\/#primaryimage\"},\"image\":{\"@id\":\"https:\\\/\\\/www.immobilienbusiness.ch\\\/de\\\/regionen\\\/2025-11-11\\\/zuerich-gegner-des-stadionprojekts-ziehen-vor-bundesgericht\\\/#primaryimage\"},\"thumbnailUrl\":\"https:\\\/\\\/www.immobilienbusiness.ch\\\/wp-content\\\/uploads\\\/2025\\\/10\\\/Ensemble-ZH-zVg.png\",\"datePublished\":\"2025-11-11T05:59:46+00:00\",\"dateModified\":\"2025-11-13T09:56:54+00:00\",\"description\":\"Das lange Hin und Her um das Wohn- und Stadionprojekt auf dem Hardturmareal verl\u00e4ngert sich um mindestens eine weitere Volte.\",\"breadcrumb\":{\"@id\":\"https:\\\/\\\/www.immobilienbusiness.ch\\\/de\\\/regionen\\\/2025-11-11\\\/zuerich-gegner-des-stadionprojekts-ziehen-vor-bundesgericht\\\/#breadcrumb\"},\"inLanguage\":\"de\",\"potentialAction\":[{\"@type\":\"ReadAction\",\"target\":[\"https:\\\/\\\/www.immobilienbusiness.ch\\\/de\\\/regionen\\\/2025-11-11\\\/zuerich-gegner-des-stadionprojekts-ziehen-vor-bundesgericht\\\/\"]}]},{\"@type\":\"ImageObject\",\"inLanguage\":\"de\",\"@id\":\"https:\\\/\\\/www.immobilienbusiness.ch\\\/de\\\/regionen\\\/2025-11-11\\\/zuerich-gegner-des-stadionprojekts-ziehen-vor-bundesgericht\\\/#primaryimage\",\"url\":\"https:\\\/\\\/www.immobilienbusiness.ch\\\/wp-content\\\/uploads\\\/2025\\\/10\\\/Ensemble-ZH-zVg.png\",\"contentUrl\":\"https:\\\/\\\/www.immobilienbusiness.ch\\\/wp-content\\\/uploads\\\/2025\\\/10\\\/Ensemble-ZH-zVg.png\",\"width\":835,\"height\":465,\"caption\":\"Das Stadion- und Wohnbauprojekt \u00abEnsemble\u00bb in Z\u00fcrich (Bild: zVg)\"},{\"@type\":\"BreadcrumbList\",\"@id\":\"https:\\\/\\\/www.immobilienbusiness.ch\\\/de\\\/regionen\\\/2025-11-11\\\/zuerich-gegner-des-stadionprojekts-ziehen-vor-bundesgericht\\\/#breadcrumb\",\"itemListElement\":[{\"@type\":\"ListItem\",\"position\":1,\"name\":\"Home\",\"item\":\"https:\\\/\\\/www.immobilienbusiness.ch\\\/\"},{\"@type\":\"ListItem\",\"position\":2,\"name\":\"Z\u00fcrich: Gegner des Stadionprojekts ziehen vor Bundesgericht\"}]},{\"@type\":\"WebSite\",\"@id\":\"https:\\\/\\\/www.immobilienbusiness.ch\\\/#website\",\"url\":\"https:\\\/\\\/www.immobilienbusiness.ch\\\/\",\"name\":\"IMMOBILIEN Business\",\"description\":\"Unabh\u00e4ngiges Schweizer Wirtschaftsmagazin mit Fokus auf Immobilien, Architektur- und Bau sowie Investment- und Finanzierung.\",\"publisher\":{\"@id\":\"https:\\\/\\\/www.immobilienbusiness.ch\\\/#organization\"},\"potentialAction\":[{\"@type\":\"SearchAction\",\"target\":{\"@type\":\"EntryPoint\",\"urlTemplate\":\"https:\\\/\\\/www.immobilienbusiness.ch\\\/?s={search_term_string}\"},\"query-input\":{\"@type\":\"PropertyValueSpecification\",\"valueRequired\":true,\"valueName\":\"search_term_string\"}}],\"inLanguage\":\"de\"},{\"@type\":\"Organization\",\"@id\":\"https:\\\/\\\/www.immobilienbusiness.ch\\\/#organization\",\"name\":\"IMMOBILIEN Business\",\"url\":\"https:\\\/\\\/www.immobilienbusiness.ch\\\/\",\"logo\":{\"@type\":\"ImageObject\",\"inLanguage\":\"de\",\"@id\":\"https:\\\/\\\/www.immobilienbusiness.ch\\\/#\\\/schema\\\/logo\\\/image\\\/\",\"url\":\"https:\\\/\\\/www.immobilienbusiness.ch\\\/wp-content\\\/uploads\\\/2021\\\/07\\\/logo_ib.png\",\"contentUrl\":\"https:\\\/\\\/www.immobilienbusiness.ch\\\/wp-content\\\/uploads\\\/2021\\\/07\\\/logo_ib.png\",\"width\":800,\"height\":181,\"caption\":\"IMMOBILIEN Business\"},\"image\":{\"@id\":\"https:\\\/\\\/www.immobilienbusiness.ch\\\/#\\\/schema\\\/logo\\\/image\\\/\"},\"sameAs\":[\"https:\\\/\\\/www.facebook.com\\\/immobilienbusiness\\\/\"]},{\"@type\":\"Person\",\"@id\":\"https:\\\/\\\/www.immobilienbusiness.ch\\\/#\\\/schema\\\/person\\\/aba8bea2db926aa0c24c08c43fe1fcd5\",\"name\":\"Alexander Wachter\",\"image\":{\"@type\":\"ImageObject\",\"inLanguage\":\"de\",\"@id\":\"https:\\\/\\\/secure.gravatar.com\\\/avatar\\\/1a09e471f5389b0e0a6416eac287e0927c7c97a7b77f9e787eba3af7aee281dd?s=96&d=mm&r=g\",\"url\":\"https:\\\/\\\/secure.gravatar.com\\\/avatar\\\/1a09e471f5389b0e0a6416eac287e0927c7c97a7b77f9e787eba3af7aee281dd?s=96&d=mm&r=g\",\"contentUrl\":\"https:\\\/\\\/secure.gravatar.com\\\/avatar\\\/1a09e471f5389b0e0a6416eac287e0927c7c97a7b77f9e787eba3af7aee281dd?s=96&d=mm&r=g\",\"caption\":\"Alexander Wachter\"},\"url\":\"https:\\\/\\\/www.immobilienbusiness.ch\\\/de\\\/author\\\/alexander-wachter\\\/\"}]}<\/script>\n<!-- \/ Yoast SEO plugin. -->","yoast_head_json":{"title":"Z\u00fcrich: Gegner des Stadionprojekts ziehen vor Bundesgericht - IMMOBILIEN Business","description":"Das lange Hin und Her um das Wohn- und Stadionprojekt auf dem Hardturmareal verl\u00e4ngert sich um mindestens eine weitere Volte.","robots":{"index":"index","follow":"follow","max-snippet":"max-snippet:-1","max-image-preview":"max-image-preview:large","max-video-preview":"max-video-preview:-1"},"canonical":"https:\/\/www.immobilienbusiness.ch\/de\/regionen\/2025-11-11\/zuerich-gegner-des-stadionprojekts-ziehen-vor-bundesgericht\/","og_locale":"de_DE","og_type":"article","og_title":"Z\u00fcrich: Gegner des Stadionprojekts ziehen vor Bundesgericht - IMMOBILIEN Business","og_description":"Das lange Hin und Her um das Wohn- und Stadionprojekt auf dem Hardturmareal verl\u00e4ngert sich um mindestens eine weitere Volte.","og_url":"https:\/\/www.immobilienbusiness.ch\/de\/regionen\/2025-11-11\/zuerich-gegner-des-stadionprojekts-ziehen-vor-bundesgericht\/","og_site_name":"IMMOBILIEN Business","article_publisher":"https:\/\/www.facebook.com\/immobilienbusiness\/","article_published_time":"2025-11-11T05:59:46+00:00","article_modified_time":"2025-11-13T09:56:54+00:00","og_image":[{"width":835,"height":465,"url":"https:\/\/www.immobilienbusiness.ch\/wp-content\/uploads\/2025\/10\/Ensemble-ZH-zVg.png","type":"image\/png"}],"author":"Alexander Wachter","twitter_card":"summary_large_image","schema":{"@context":"https:\/\/schema.org","@graph":[{"@type":"Article","@id":"https:\/\/www.immobilienbusiness.ch\/de\/regionen\/2025-11-11\/zuerich-gegner-des-stadionprojekts-ziehen-vor-bundesgericht\/#article","isPartOf":{"@id":"https:\/\/www.immobilienbusiness.ch\/de\/regionen\/2025-11-11\/zuerich-gegner-des-stadionprojekts-ziehen-vor-bundesgericht\/"},"author":{"name":"Alexander Wachter","@id":"https:\/\/www.immobilienbusiness.ch\/#\/schema\/person\/aba8bea2db926aa0c24c08c43fe1fcd5"},"headline":"Z\u00fcrich: Gegner des Stadionprojekts ziehen vor Bundesgericht","datePublished":"2025-11-11T05:59:46+00:00","dateModified":"2025-11-13T09:56:54+00:00","mainEntityOfPage":{"@id":"https:\/\/www.immobilienbusiness.ch\/de\/regionen\/2025-11-11\/zuerich-gegner-des-stadionprojekts-ziehen-vor-bundesgericht\/"},"wordCount":202,"publisher":{"@id":"https:\/\/www.immobilienbusiness.ch\/#organization"},"image":{"@id":"https:\/\/www.immobilienbusiness.ch\/de\/regionen\/2025-11-11\/zuerich-gegner-des-stadionprojekts-ziehen-vor-bundesgericht\/#primaryimage"},"thumbnailUrl":"https:\/\/www.immobilienbusiness.ch\/wp-content\/uploads\/2025\/10\/Ensemble-ZH-zVg.png","keywords":["Allgemeine Baugenossenschaft Z\u00fcrich","Freizeit","HRS","Mietwohnungen","\u00d6ffentliche Hand","Projekt in Planung","Stadtplanung","UBS","Z\u00fcrich"],"articleSection":["REGIONEN"],"inLanguage":"de"},{"@type":"WebPage","@id":"https:\/\/www.immobilienbusiness.ch\/de\/regionen\/2025-11-11\/zuerich-gegner-des-stadionprojekts-ziehen-vor-bundesgericht\/","url":"https:\/\/www.immobilienbusiness.ch\/de\/regionen\/2025-11-11\/zuerich-gegner-des-stadionprojekts-ziehen-vor-bundesgericht\/","name":"Z\u00fcrich: Gegner des Stadionprojekts ziehen vor Bundesgericht - IMMOBILIEN Business","isPartOf":{"@id":"https:\/\/www.immobilienbusiness.ch\/#website"},"primaryImageOfPage":{"@id":"https:\/\/www.immobilienbusiness.ch\/de\/regionen\/2025-11-11\/zuerich-gegner-des-stadionprojekts-ziehen-vor-bundesgericht\/#primaryimage"},"image":{"@id":"https:\/\/www.immobilienbusiness.ch\/de\/regionen\/2025-11-11\/zuerich-gegner-des-stadionprojekts-ziehen-vor-bundesgericht\/#primaryimage"},"thumbnailUrl":"https:\/\/www.immobilienbusiness.ch\/wp-content\/uploads\/2025\/10\/Ensemble-ZH-zVg.png","datePublished":"2025-11-11T05:59:46+00:00","dateModified":"2025-11-13T09:56:54+00:00","description":"Das lange Hin und Her um das Wohn- und Stadionprojekt auf dem Hardturmareal verl\u00e4ngert sich um mindestens eine weitere Volte.","breadcrumb":{"@id":"https:\/\/www.immobilienbusiness.ch\/de\/regionen\/2025-11-11\/zuerich-gegner-des-stadionprojekts-ziehen-vor-bundesgericht\/#breadcrumb"},"inLanguage":"de","potentialAction":[{"@type":"ReadAction","target":["https:\/\/www.immobilienbusiness.ch\/de\/regionen\/2025-11-11\/zuerich-gegner-des-stadionprojekts-ziehen-vor-bundesgericht\/"]}]},{"@type":"ImageObject","inLanguage":"de","@id":"https:\/\/www.immobilienbusiness.ch\/de\/regionen\/2025-11-11\/zuerich-gegner-des-stadionprojekts-ziehen-vor-bundesgericht\/#primaryimage","url":"https:\/\/www.immobilienbusiness.ch\/wp-content\/uploads\/2025\/10\/Ensemble-ZH-zVg.png","contentUrl":"https:\/\/www.immobilienbusiness.ch\/wp-content\/uploads\/2025\/10\/Ensemble-ZH-zVg.png","width":835,"height":465,"caption":"Das Stadion- und Wohnbauprojekt \u00abEnsemble\u00bb in Z\u00fcrich (Bild: zVg)"},{"@type":"BreadcrumbList","@id":"https:\/\/www.immobilienbusiness.ch\/de\/regionen\/2025-11-11\/zuerich-gegner-des-stadionprojekts-ziehen-vor-bundesgericht\/#breadcrumb","itemListElement":[{"@type":"ListItem","position":1,"name":"Home","item":"https:\/\/www.immobilienbusiness.ch\/"},{"@type":"ListItem","position":2,"name":"Z\u00fcrich: Gegner des Stadionprojekts ziehen vor Bundesgericht"}]},{"@type":"WebSite","@id":"https:\/\/www.immobilienbusiness.ch\/#website","url":"https:\/\/www.immobilienbusiness.ch\/","name":"IMMOBILIEN Business","description":"Unabh\u00e4ngiges Schweizer Wirtschaftsmagazin mit Fokus auf Immobilien, Architektur- und Bau sowie Investment- und Finanzierung.","publisher":{"@id":"https:\/\/www.immobilienbusiness.ch\/#organization"},"potentialAction":[{"@type":"SearchAction","target":{"@type":"EntryPoint","urlTemplate":"https:\/\/www.immobilienbusiness.ch\/?s={search_term_string}"},"query-input":{"@type":"PropertyValueSpecification","valueRequired":true,"valueName":"search_term_string"}}],"inLanguage":"de"},{"@type":"Organization","@id":"https:\/\/www.immobilienbusiness.ch\/#organization","name":"IMMOBILIEN Business","url":"https:\/\/www.immobilienbusiness.ch\/","logo":{"@type":"ImageObject","inLanguage":"de","@id":"https:\/\/www.immobilienbusiness.ch\/#\/schema\/logo\/image\/","url":"https:\/\/www.immobilienbusiness.ch\/wp-content\/uploads\/2021\/07\/logo_ib.png","contentUrl":"https:\/\/www.immobilienbusiness.ch\/wp-content\/uploads\/2021\/07\/logo_ib.png","width":800,"height":181,"caption":"IMMOBILIEN Business"},"image":{"@id":"https:\/\/www.immobilienbusiness.ch\/#\/schema\/logo\/image\/"},"sameAs":["https:\/\/www.facebook.com\/immobilienbusiness\/"]},{"@type":"Person","@id":"https:\/\/www.immobilienbusiness.ch\/#\/schema\/person\/aba8bea2db926aa0c24c08c43fe1fcd5","name":"Alexander Wachter","image":{"@type":"ImageObject","inLanguage":"de","@id":"https:\/\/secure.gravatar.com\/avatar\/1a09e471f5389b0e0a6416eac287e0927c7c97a7b77f9e787eba3af7aee281dd?s=96&d=mm&r=g","url":"https:\/\/secure.gravatar.com\/avatar\/1a09e471f5389b0e0a6416eac287e0927c7c97a7b77f9e787eba3af7aee281dd?s=96&d=mm&r=g","contentUrl":"https:\/\/secure.gravatar.com\/avatar\/1a09e471f5389b0e0a6416eac287e0927c7c97a7b77f9e787eba3af7aee281dd?s=96&d=mm&r=g","caption":"Alexander Wachter"},"url":"https:\/\/www.immobilienbusiness.ch\/de\/author\/alexander-wachter\/"}]}},"_links":{"self":[{"href":"https:\/\/www.immobilienbusiness.ch\/de\/wp-json\/wp\/v2\/posts\/66188","targetHints":{"allow":["GET"]}}],"collection":[{"href":"https:\/\/www.immobilienbusiness.ch\/de\/wp-json\/wp\/v2\/posts"}],"about":[{"href":"https:\/\/www.immobilienbusiness.ch\/de\/wp-json\/wp\/v2\/types\/post"}],"author":[{"embeddable":true,"href":"https:\/\/www.immobilienbusiness.ch\/de\/wp-json\/wp\/v2\/users\/102"}],"replies":[{"embeddable":true,"href":"https:\/\/www.immobilienbusiness.ch\/de\/wp-json\/wp\/v2\/comments?post=66188"}],"version-history":[{"count":3,"href":"https:\/\/www.immobilienbusiness.ch\/de\/wp-json\/wp\/v2\/posts\/66188\/revisions"}],"predecessor-version":[{"id":66238,"href":"https:\/\/www.immobilienbusiness.ch\/de\/wp-json\/wp\/v2\/posts\/66188\/revisions\/66238"}],"wp:featuredmedia":[{"embeddable":true,"href":"https:\/\/www.immobilienbusiness.ch\/de\/wp-json\/wp\/v2\/media\/65701"}],"wp:attachment":[{"href":"https:\/\/www.immobilienbusiness.ch\/de\/wp-json\/wp\/v2\/media?parent=66188"}],"wp:term":[{"taxonomy":"category","embeddable":true,"href":"https:\/\/www.immobilienbusiness.ch\/de\/wp-json\/wp\/v2\/categories?post=66188"},{"taxonomy":"post_tag","embeddable":true,"href":"https:\/\/www.immobilienbusiness.ch\/de\/wp-json\/wp\/v2\/tags?post=66188"}],"curies":[{"name":"wp","href":"https:\/\/api.w.org\/{rel}","templated":true}]}}