{"id":66041,"date":"2025-11-04T08:32:50","date_gmt":"2025-11-04T07:32:50","guid":{"rendered":"https:\/\/www.immobilienbusiness.ch\/?p=66041"},"modified":"2025-11-06T10:57:22","modified_gmt":"2025-11-06T09:57:22","slug":"freiburg-procimmo-fonds-kauft-la-galerie","status":"publish","type":"post","link":"https:\/\/www.immobilienbusiness.ch\/de\/regionen\/2025-11-04\/freiburg-procimmo-fonds-kauft-la-galerie\/","title":{"rendered":"Freiburg: Procimmo-Fonds kauft \u00abLa Galerie\u00bb"},"content":{"rendered":"<figure id=\"attachment_66042\" aria-describedby=\"caption-attachment-66042\" style=\"width: 768px\" class=\"wp-caption alignnone\"><a href=\"https:\/\/www.immobilienbusiness.ch\/wp-content\/uploads\/2025\/11\/fribourg.png\"><img loading=\"lazy\" decoding=\"async\" class=\"size-large wp-image-66042\" src=\"https:\/\/www.immobilienbusiness.ch\/wp-content\/uploads\/2025\/11\/fribourg-1024x719.png\" alt=\"\" width=\"768\" height=\"539\" srcset=\"https:\/\/www.immobilienbusiness.ch\/wp-content\/uploads\/2025\/11\/fribourg-1024x719.png 1024w, https:\/\/www.immobilienbusiness.ch\/wp-content\/uploads\/2025\/11\/fribourg-300x211.png 300w, https:\/\/www.immobilienbusiness.ch\/wp-content\/uploads\/2025\/11\/fribourg-768x539.png 768w, https:\/\/www.immobilienbusiness.ch\/wp-content\/uploads\/2025\/11\/fribourg-18x12.png 18w, https:\/\/www.immobilienbusiness.ch\/wp-content\/uploads\/2025\/11\/fribourg-375x263.png 375w, https:\/\/www.immobilienbusiness.ch\/wp-content\/uploads\/2025\/11\/fribourg-498x350.png 498w, https:\/\/www.immobilienbusiness.ch\/wp-content\/uploads\/2025\/11\/fribourg-1000x702.png 1000w, https:\/\/www.immobilienbusiness.ch\/wp-content\/uploads\/2025\/11\/fribourg.png 1044w\" sizes=\"auto, (max-width: 768px) 100vw, 768px\" \/><\/a><figcaption id=\"caption-attachment-66042\" class=\"wp-caption-text\">Die Shoppingpassage verbindet Manor mit dem Einkaufszentrum Le Centre<br \/>(Karte: Openstreetmap.org)<\/figcaption><\/figure>\n<p>Die Nordmann-Gruppe verkauft \u00abLa Galerie\u00bb und das Parking des Grand-Places in Freiburg an das Teilverm\u00f6gen \u00abIndustrial\u00bb des Procimmo Real Estate SICAV. Die vor 18 Jahren geschaffene Shoppingpassage beim Bahnhof verbindet das Einkaufszentrum \u00abFribourg Centre\u00bb mit dem Warenhaus Manor. Die Liegenschaft umfasst Verkaufsfl\u00e4chen von rund 3.500 qm sowie ein Kino mit zehn S\u00e4len und insgesamt 1.900 Pl\u00e4tzen. Enthalten ist in der Transaktion zudem das unterirdische Parking des Grand-Places, das mit seinen 450 Stellpl\u00e4tzen das wichtigste \u00f6ffentliche Parking im Zentrum von Freiburg ist.<\/p>\n<p>Mit dem Verkauf von \u00abLa Galerie\u00bb steigt die Nordmann-Gruppe endg\u00fcltig aus dem Gesch\u00e4ft mit Handelsimmobilien aus. Zuvor hatte sich das Unternehmen von seinen Immobilienbest\u00e4nden im Wallis und in Villars-sur-Gl\u00e2ne getrennt. Gem\u00e4ss ihrer neuen Anlagestrategie konzentriert sich die Familie Nordmann nun auf Wohn- und Gewerbeimmobilien, heisst es in einer Mitteilung. In Freiburg bleibt Nordmann weiter engagiert und baut von Anfang 2026 an 72 Wohnungen im Quartier P\u00e9rolles. Das Unternehmen war urspr\u00fcnglich im Schweizer Detailhandel aktiv \u2013 unter anderem mit Franchisebetrieben von Manor, Jumbo und Carrefour.<\/p>\n<h3>\u00abAkquisition passt nahtlos in Anlagestrategie\u00bb<\/h3>\n<p>Der \u00abProcimmo Real Estate SICAV \u2013 Industrial\u00bb ist auf Industrie- und Gewerbeimmobilien spezialisiert und investiert den Angaben zufolge unter anderem in ausgew\u00e4hlte Retailobjekte. \u00abDiese neue Akquisition f\u00fcgt sich nahtlos in die Anlagestrategie des Fonds ein\u00bb, schreibt Procimmo in einer Mitteilung. \u00abGest\u00fctzt auf unsere ausgezeichneten Erfahrungen mit dem Outlet Aubonne sehen wir hier eine erneute M\u00f6glichkeit, einen strategischen Retail-Standort weiterzuentwickeln\u00bb, sagt Richard Dahdah, Chief Investment Products Officer bei Procimmo. <em>(aw)<\/em><\/p>\n","protected":false},"excerpt":{"rendered":"<p>Das Teilverm\u00f6gen \u00abIndustrial\u00bb des Procimmo Real Estate SICAV kauft die Shoppingpassage mit 3.500 qm Verkaufsfl\u00e4che von der Nordmann-Gruppe.<\/p>\n","protected":false},"author":102,"featured_media":66042,"comment_status":"closed","ping_status":"closed","sticky":false,"template":"","format":"standard","meta":{"_acf_changed":false,"_yoast_wpseo_focuskw":"Freiburg","_yoast_wpseo_title":"","_yoast_wpseo_metadesc":"Das Teilverm\u00f6gen \u00abIndustrial\u00bb des Procimmo Real Estate SICAV kauft die Shoppingpassage mit 3.500 qm Verkaufsfl\u00e4che von der Nordmann-Gruppe.","_yoast_wpseo_linkdex":72,"pgc_sgb_lightbox_settings":"","footnotes":""},"categories":[985],"tags":[1243,4359,2319,1597,1643,1830],"class_list":["post-66041","post","type-post","status-publish","format-standard","has-post-thumbnail","hentry","category-regionen","tag-freiburg","tag-nordmann-gruppe","tag-parkhaus","tag-procimmo","tag-retail","tag-verkauf"],"acf":[],"yoast_head":"<!-- This site is optimized with the Yoast SEO plugin v27.4 - https:\/\/yoast.com\/product\/yoast-seo-wordpress\/ -->\n<title>Freiburg: Procimmo-Fonds kauft \u00abLa Galerie\u00bb - IMMOBILIEN Business<\/title>\n<meta name=\"description\" content=\"Das Teilverm\u00f6gen \u00abIndustrial\u00bb des Procimmo Real Estate SICAV kauft die Shoppingpassage mit 3.500 qm Verkaufsfl\u00e4che von der Nordmann-Gruppe.\" \/>\n<meta name=\"robots\" content=\"index, follow, max-snippet:-1, max-image-preview:large, max-video-preview:-1\" \/>\n<link rel=\"canonical\" href=\"https:\/\/www.immobilienbusiness.ch\/de\/regionen\/2025-11-04\/freiburg-procimmo-fonds-kauft-la-galerie\/\" \/>\n<meta property=\"og:locale\" content=\"de_DE\" \/>\n<meta property=\"og:type\" content=\"article\" \/>\n<meta property=\"og:title\" content=\"Freiburg: Procimmo-Fonds kauft \u00abLa Galerie\u00bb - IMMOBILIEN Business\" \/>\n<meta property=\"og:description\" content=\"Das Teilverm\u00f6gen \u00abIndustrial\u00bb des Procimmo Real Estate SICAV kauft die Shoppingpassage mit 3.500 qm Verkaufsfl\u00e4che von der Nordmann-Gruppe.\" \/>\n<meta property=\"og:url\" content=\"https:\/\/www.immobilienbusiness.ch\/de\/regionen\/2025-11-04\/freiburg-procimmo-fonds-kauft-la-galerie\/\" \/>\n<meta property=\"og:site_name\" content=\"IMMOBILIEN Business\" \/>\n<meta property=\"article:publisher\" content=\"https:\/\/www.facebook.com\/immobilienbusiness\/\" \/>\n<meta property=\"article:published_time\" content=\"2025-11-04T07:32:50+00:00\" \/>\n<meta property=\"article:modified_time\" content=\"2025-11-06T09:57:22+00:00\" \/>\n<meta property=\"og:image\" content=\"https:\/\/www.immobilienbusiness.ch\/wp-content\/uploads\/2025\/11\/fribourg.png\" \/>\n\t<meta property=\"og:image:width\" content=\"1044\" \/>\n\t<meta property=\"og:image:height\" content=\"733\" \/>\n\t<meta property=\"og:image:type\" content=\"image\/png\" \/>\n<meta name=\"author\" content=\"Alexander Wachter\" \/>\n<meta name=\"twitter:card\" content=\"summary_large_image\" \/>\n<script type=\"application\/ld+json\" class=\"yoast-schema-graph\">{\"@context\":\"https:\\\/\\\/schema.org\",\"@graph\":[{\"@type\":\"Article\",\"@id\":\"https:\\\/\\\/www.immobilienbusiness.ch\\\/it\\\/regionen\\\/2025-11-04\\\/freiburg-procimmo-fonds-kauft-la-galerie\\\/#article\",\"isPartOf\":{\"@id\":\"https:\\\/\\\/www.immobilienbusiness.ch\\\/it\\\/regionen\\\/2025-11-04\\\/freiburg-procimmo-fonds-kauft-la-galerie\\\/\"},\"author\":{\"name\":\"Alexander Wachter\",\"@id\":\"https:\\\/\\\/www.immobilienbusiness.ch\\\/#\\\/schema\\\/person\\\/aba8bea2db926aa0c24c08c43fe1fcd5\"},\"headline\":\"Freiburg: Procimmo-Fonds kauft \u00abLa Galerie\u00bb\",\"datePublished\":\"2025-11-04T07:32:50+00:00\",\"dateModified\":\"2025-11-06T09:57:22+00:00\",\"mainEntityOfPage\":{\"@id\":\"https:\\\/\\\/www.immobilienbusiness.ch\\\/it\\\/regionen\\\/2025-11-04\\\/freiburg-procimmo-fonds-kauft-la-galerie\\\/\"},\"wordCount\":271,\"publisher\":{\"@id\":\"https:\\\/\\\/www.immobilienbusiness.ch\\\/#organization\"},\"image\":{\"@id\":\"https:\\\/\\\/www.immobilienbusiness.ch\\\/it\\\/regionen\\\/2025-11-04\\\/freiburg-procimmo-fonds-kauft-la-galerie\\\/#primaryimage\"},\"thumbnailUrl\":\"https:\\\/\\\/www.immobilienbusiness.ch\\\/wp-content\\\/uploads\\\/2025\\\/11\\\/fribourg.png\",\"keywords\":[\"Freiburg\",\"Nordmann-Gruppe\",\"Parkhaus\",\"Procimmo\",\"Retail\",\"Verkauf\"],\"articleSection\":[\"REGIONEN\"],\"inLanguage\":\"de\"},{\"@type\":\"WebPage\",\"@id\":\"https:\\\/\\\/www.immobilienbusiness.ch\\\/it\\\/regionen\\\/2025-11-04\\\/freiburg-procimmo-fonds-kauft-la-galerie\\\/\",\"url\":\"https:\\\/\\\/www.immobilienbusiness.ch\\\/it\\\/regionen\\\/2025-11-04\\\/freiburg-procimmo-fonds-kauft-la-galerie\\\/\",\"name\":\"Freiburg: Procimmo-Fonds kauft \u00abLa Galerie\u00bb - IMMOBILIEN Business\",\"isPartOf\":{\"@id\":\"https:\\\/\\\/www.immobilienbusiness.ch\\\/#website\"},\"primaryImageOfPage\":{\"@id\":\"https:\\\/\\\/www.immobilienbusiness.ch\\\/it\\\/regionen\\\/2025-11-04\\\/freiburg-procimmo-fonds-kauft-la-galerie\\\/#primaryimage\"},\"image\":{\"@id\":\"https:\\\/\\\/www.immobilienbusiness.ch\\\/it\\\/regionen\\\/2025-11-04\\\/freiburg-procimmo-fonds-kauft-la-galerie\\\/#primaryimage\"},\"thumbnailUrl\":\"https:\\\/\\\/www.immobilienbusiness.ch\\\/wp-content\\\/uploads\\\/2025\\\/11\\\/fribourg.png\",\"datePublished\":\"2025-11-04T07:32:50+00:00\",\"dateModified\":\"2025-11-06T09:57:22+00:00\",\"description\":\"Das Teilverm\u00f6gen \u00abIndustrial\u00bb des Procimmo Real Estate SICAV kauft die Shoppingpassage mit 3.500 qm Verkaufsfl\u00e4che von der Nordmann-Gruppe.\",\"breadcrumb\":{\"@id\":\"https:\\\/\\\/www.immobilienbusiness.ch\\\/it\\\/regionen\\\/2025-11-04\\\/freiburg-procimmo-fonds-kauft-la-galerie\\\/#breadcrumb\"},\"inLanguage\":\"de\",\"potentialAction\":[{\"@type\":\"ReadAction\",\"target\":[\"https:\\\/\\\/www.immobilienbusiness.ch\\\/it\\\/regionen\\\/2025-11-04\\\/freiburg-procimmo-fonds-kauft-la-galerie\\\/\"]}]},{\"@type\":\"ImageObject\",\"inLanguage\":\"de\",\"@id\":\"https:\\\/\\\/www.immobilienbusiness.ch\\\/it\\\/regionen\\\/2025-11-04\\\/freiburg-procimmo-fonds-kauft-la-galerie\\\/#primaryimage\",\"url\":\"https:\\\/\\\/www.immobilienbusiness.ch\\\/wp-content\\\/uploads\\\/2025\\\/11\\\/fribourg.png\",\"contentUrl\":\"https:\\\/\\\/www.immobilienbusiness.ch\\\/wp-content\\\/uploads\\\/2025\\\/11\\\/fribourg.png\",\"width\":1044,\"height\":733,\"caption\":\"Die Shoppingpassage verbindet Manor mit dem Einkaufszentrum Le Centre (Karte: Openstreetmap.org)\"},{\"@type\":\"BreadcrumbList\",\"@id\":\"https:\\\/\\\/www.immobilienbusiness.ch\\\/it\\\/regionen\\\/2025-11-04\\\/freiburg-procimmo-fonds-kauft-la-galerie\\\/#breadcrumb\",\"itemListElement\":[{\"@type\":\"ListItem\",\"position\":1,\"name\":\"Home\",\"item\":\"https:\\\/\\\/www.immobilienbusiness.ch\\\/\"},{\"@type\":\"ListItem\",\"position\":2,\"name\":\"Freiburg: Procimmo-Fonds kauft \u00abLa Galerie\u00bb\"}]},{\"@type\":\"WebSite\",\"@id\":\"https:\\\/\\\/www.immobilienbusiness.ch\\\/#website\",\"url\":\"https:\\\/\\\/www.immobilienbusiness.ch\\\/\",\"name\":\"IMMOBILIEN Business\",\"description\":\"Unabh\u00e4ngiges Schweizer Wirtschaftsmagazin mit Fokus auf Immobilien, Architektur- und Bau sowie Investment- und Finanzierung.\",\"publisher\":{\"@id\":\"https:\\\/\\\/www.immobilienbusiness.ch\\\/#organization\"},\"potentialAction\":[{\"@type\":\"SearchAction\",\"target\":{\"@type\":\"EntryPoint\",\"urlTemplate\":\"https:\\\/\\\/www.immobilienbusiness.ch\\\/?s={search_term_string}\"},\"query-input\":{\"@type\":\"PropertyValueSpecification\",\"valueRequired\":true,\"valueName\":\"search_term_string\"}}],\"inLanguage\":\"de\"},{\"@type\":\"Organization\",\"@id\":\"https:\\\/\\\/www.immobilienbusiness.ch\\\/#organization\",\"name\":\"IMMOBILIEN Business\",\"url\":\"https:\\\/\\\/www.immobilienbusiness.ch\\\/\",\"logo\":{\"@type\":\"ImageObject\",\"inLanguage\":\"de\",\"@id\":\"https:\\\/\\\/www.immobilienbusiness.ch\\\/#\\\/schema\\\/logo\\\/image\\\/\",\"url\":\"https:\\\/\\\/www.immobilienbusiness.ch\\\/wp-content\\\/uploads\\\/2021\\\/07\\\/logo_ib.png\",\"contentUrl\":\"https:\\\/\\\/www.immobilienbusiness.ch\\\/wp-content\\\/uploads\\\/2021\\\/07\\\/logo_ib.png\",\"width\":800,\"height\":181,\"caption\":\"IMMOBILIEN Business\"},\"image\":{\"@id\":\"https:\\\/\\\/www.immobilienbusiness.ch\\\/#\\\/schema\\\/logo\\\/image\\\/\"},\"sameAs\":[\"https:\\\/\\\/www.facebook.com\\\/immobilienbusiness\\\/\"]},{\"@type\":\"Person\",\"@id\":\"https:\\\/\\\/www.immobilienbusiness.ch\\\/#\\\/schema\\\/person\\\/aba8bea2db926aa0c24c08c43fe1fcd5\",\"name\":\"Alexander Wachter\",\"image\":{\"@type\":\"ImageObject\",\"inLanguage\":\"de\",\"@id\":\"https:\\\/\\\/secure.gravatar.com\\\/avatar\\\/1a09e471f5389b0e0a6416eac287e0927c7c97a7b77f9e787eba3af7aee281dd?s=96&d=mm&r=g\",\"url\":\"https:\\\/\\\/secure.gravatar.com\\\/avatar\\\/1a09e471f5389b0e0a6416eac287e0927c7c97a7b77f9e787eba3af7aee281dd?s=96&d=mm&r=g\",\"contentUrl\":\"https:\\\/\\\/secure.gravatar.com\\\/avatar\\\/1a09e471f5389b0e0a6416eac287e0927c7c97a7b77f9e787eba3af7aee281dd?s=96&d=mm&r=g\",\"caption\":\"Alexander Wachter\"},\"url\":\"https:\\\/\\\/www.immobilienbusiness.ch\\\/de\\\/author\\\/alexander-wachter\\\/\"}]}<\/script>\n<!-- \/ Yoast SEO plugin. -->","yoast_head_json":{"title":"Freiburg: Procimmo-Fonds kauft \u00abLa Galerie\u00bb - IMMOBILIEN Business","description":"Das Teilverm\u00f6gen \u00abIndustrial\u00bb des Procimmo Real Estate SICAV kauft die Shoppingpassage mit 3.500 qm Verkaufsfl\u00e4che von der Nordmann-Gruppe.","robots":{"index":"index","follow":"follow","max-snippet":"max-snippet:-1","max-image-preview":"max-image-preview:large","max-video-preview":"max-video-preview:-1"},"canonical":"https:\/\/www.immobilienbusiness.ch\/de\/regionen\/2025-11-04\/freiburg-procimmo-fonds-kauft-la-galerie\/","og_locale":"de_DE","og_type":"article","og_title":"Freiburg: Procimmo-Fonds kauft \u00abLa Galerie\u00bb - IMMOBILIEN Business","og_description":"Das Teilverm\u00f6gen \u00abIndustrial\u00bb des Procimmo Real Estate SICAV kauft die Shoppingpassage mit 3.500 qm Verkaufsfl\u00e4che von der Nordmann-Gruppe.","og_url":"https:\/\/www.immobilienbusiness.ch\/de\/regionen\/2025-11-04\/freiburg-procimmo-fonds-kauft-la-galerie\/","og_site_name":"IMMOBILIEN Business","article_publisher":"https:\/\/www.facebook.com\/immobilienbusiness\/","article_published_time":"2025-11-04T07:32:50+00:00","article_modified_time":"2025-11-06T09:57:22+00:00","og_image":[{"width":1044,"height":733,"url":"https:\/\/www.immobilienbusiness.ch\/wp-content\/uploads\/2025\/11\/fribourg.png","type":"image\/png"}],"author":"Alexander Wachter","twitter_card":"summary_large_image","schema":{"@context":"https:\/\/schema.org","@graph":[{"@type":"Article","@id":"https:\/\/www.immobilienbusiness.ch\/it\/regionen\/2025-11-04\/freiburg-procimmo-fonds-kauft-la-galerie\/#article","isPartOf":{"@id":"https:\/\/www.immobilienbusiness.ch\/it\/regionen\/2025-11-04\/freiburg-procimmo-fonds-kauft-la-galerie\/"},"author":{"name":"Alexander Wachter","@id":"https:\/\/www.immobilienbusiness.ch\/#\/schema\/person\/aba8bea2db926aa0c24c08c43fe1fcd5"},"headline":"Freiburg: Procimmo-Fonds kauft \u00abLa Galerie\u00bb","datePublished":"2025-11-04T07:32:50+00:00","dateModified":"2025-11-06T09:57:22+00:00","mainEntityOfPage":{"@id":"https:\/\/www.immobilienbusiness.ch\/it\/regionen\/2025-11-04\/freiburg-procimmo-fonds-kauft-la-galerie\/"},"wordCount":271,"publisher":{"@id":"https:\/\/www.immobilienbusiness.ch\/#organization"},"image":{"@id":"https:\/\/www.immobilienbusiness.ch\/it\/regionen\/2025-11-04\/freiburg-procimmo-fonds-kauft-la-galerie\/#primaryimage"},"thumbnailUrl":"https:\/\/www.immobilienbusiness.ch\/wp-content\/uploads\/2025\/11\/fribourg.png","keywords":["Freiburg","Nordmann-Gruppe","Parkhaus","Procimmo","Retail","Verkauf"],"articleSection":["REGIONEN"],"inLanguage":"de"},{"@type":"WebPage","@id":"https:\/\/www.immobilienbusiness.ch\/it\/regionen\/2025-11-04\/freiburg-procimmo-fonds-kauft-la-galerie\/","url":"https:\/\/www.immobilienbusiness.ch\/it\/regionen\/2025-11-04\/freiburg-procimmo-fonds-kauft-la-galerie\/","name":"Freiburg: Procimmo-Fonds kauft \u00abLa Galerie\u00bb - IMMOBILIEN Business","isPartOf":{"@id":"https:\/\/www.immobilienbusiness.ch\/#website"},"primaryImageOfPage":{"@id":"https:\/\/www.immobilienbusiness.ch\/it\/regionen\/2025-11-04\/freiburg-procimmo-fonds-kauft-la-galerie\/#primaryimage"},"image":{"@id":"https:\/\/www.immobilienbusiness.ch\/it\/regionen\/2025-11-04\/freiburg-procimmo-fonds-kauft-la-galerie\/#primaryimage"},"thumbnailUrl":"https:\/\/www.immobilienbusiness.ch\/wp-content\/uploads\/2025\/11\/fribourg.png","datePublished":"2025-11-04T07:32:50+00:00","dateModified":"2025-11-06T09:57:22+00:00","description":"Das Teilverm\u00f6gen \u00abIndustrial\u00bb des Procimmo Real Estate SICAV kauft die Shoppingpassage mit 3.500 qm Verkaufsfl\u00e4che von der Nordmann-Gruppe.","breadcrumb":{"@id":"https:\/\/www.immobilienbusiness.ch\/it\/regionen\/2025-11-04\/freiburg-procimmo-fonds-kauft-la-galerie\/#breadcrumb"},"inLanguage":"de","potentialAction":[{"@type":"ReadAction","target":["https:\/\/www.immobilienbusiness.ch\/it\/regionen\/2025-11-04\/freiburg-procimmo-fonds-kauft-la-galerie\/"]}]},{"@type":"ImageObject","inLanguage":"de","@id":"https:\/\/www.immobilienbusiness.ch\/it\/regionen\/2025-11-04\/freiburg-procimmo-fonds-kauft-la-galerie\/#primaryimage","url":"https:\/\/www.immobilienbusiness.ch\/wp-content\/uploads\/2025\/11\/fribourg.png","contentUrl":"https:\/\/www.immobilienbusiness.ch\/wp-content\/uploads\/2025\/11\/fribourg.png","width":1044,"height":733,"caption":"Die Shoppingpassage verbindet Manor mit dem Einkaufszentrum Le Centre (Karte: Openstreetmap.org)"},{"@type":"BreadcrumbList","@id":"https:\/\/www.immobilienbusiness.ch\/it\/regionen\/2025-11-04\/freiburg-procimmo-fonds-kauft-la-galerie\/#breadcrumb","itemListElement":[{"@type":"ListItem","position":1,"name":"Home","item":"https:\/\/www.immobilienbusiness.ch\/"},{"@type":"ListItem","position":2,"name":"Freiburg: Procimmo-Fonds kauft \u00abLa Galerie\u00bb"}]},{"@type":"WebSite","@id":"https:\/\/www.immobilienbusiness.ch\/#website","url":"https:\/\/www.immobilienbusiness.ch\/","name":"IMMOBILIEN Business","description":"Unabh\u00e4ngiges Schweizer Wirtschaftsmagazin mit Fokus auf Immobilien, Architektur- und Bau sowie Investment- und Finanzierung.","publisher":{"@id":"https:\/\/www.immobilienbusiness.ch\/#organization"},"potentialAction":[{"@type":"SearchAction","target":{"@type":"EntryPoint","urlTemplate":"https:\/\/www.immobilienbusiness.ch\/?s={search_term_string}"},"query-input":{"@type":"PropertyValueSpecification","valueRequired":true,"valueName":"search_term_string"}}],"inLanguage":"de"},{"@type":"Organization","@id":"https:\/\/www.immobilienbusiness.ch\/#organization","name":"IMMOBILIEN Business","url":"https:\/\/www.immobilienbusiness.ch\/","logo":{"@type":"ImageObject","inLanguage":"de","@id":"https:\/\/www.immobilienbusiness.ch\/#\/schema\/logo\/image\/","url":"https:\/\/www.immobilienbusiness.ch\/wp-content\/uploads\/2021\/07\/logo_ib.png","contentUrl":"https:\/\/www.immobilienbusiness.ch\/wp-content\/uploads\/2021\/07\/logo_ib.png","width":800,"height":181,"caption":"IMMOBILIEN Business"},"image":{"@id":"https:\/\/www.immobilienbusiness.ch\/#\/schema\/logo\/image\/"},"sameAs":["https:\/\/www.facebook.com\/immobilienbusiness\/"]},{"@type":"Person","@id":"https:\/\/www.immobilienbusiness.ch\/#\/schema\/person\/aba8bea2db926aa0c24c08c43fe1fcd5","name":"Alexander Wachter","image":{"@type":"ImageObject","inLanguage":"de","@id":"https:\/\/secure.gravatar.com\/avatar\/1a09e471f5389b0e0a6416eac287e0927c7c97a7b77f9e787eba3af7aee281dd?s=96&d=mm&r=g","url":"https:\/\/secure.gravatar.com\/avatar\/1a09e471f5389b0e0a6416eac287e0927c7c97a7b77f9e787eba3af7aee281dd?s=96&d=mm&r=g","contentUrl":"https:\/\/secure.gravatar.com\/avatar\/1a09e471f5389b0e0a6416eac287e0927c7c97a7b77f9e787eba3af7aee281dd?s=96&d=mm&r=g","caption":"Alexander Wachter"},"url":"https:\/\/www.immobilienbusiness.ch\/de\/author\/alexander-wachter\/"}]}},"_links":{"self":[{"href":"https:\/\/www.immobilienbusiness.ch\/de\/wp-json\/wp\/v2\/posts\/66041","targetHints":{"allow":["GET"]}}],"collection":[{"href":"https:\/\/www.immobilienbusiness.ch\/de\/wp-json\/wp\/v2\/posts"}],"about":[{"href":"https:\/\/www.immobilienbusiness.ch\/de\/wp-json\/wp\/v2\/types\/post"}],"author":[{"embeddable":true,"href":"https:\/\/www.immobilienbusiness.ch\/de\/wp-json\/wp\/v2\/users\/102"}],"replies":[{"embeddable":true,"href":"https:\/\/www.immobilienbusiness.ch\/de\/wp-json\/wp\/v2\/comments?post=66041"}],"version-history":[{"count":2,"href":"https:\/\/www.immobilienbusiness.ch\/de\/wp-json\/wp\/v2\/posts\/66041\/revisions"}],"predecessor-version":[{"id":66047,"href":"https:\/\/www.immobilienbusiness.ch\/de\/wp-json\/wp\/v2\/posts\/66041\/revisions\/66047"}],"wp:featuredmedia":[{"embeddable":true,"href":"https:\/\/www.immobilienbusiness.ch\/de\/wp-json\/wp\/v2\/media\/66042"}],"wp:attachment":[{"href":"https:\/\/www.immobilienbusiness.ch\/de\/wp-json\/wp\/v2\/media?parent=66041"}],"wp:term":[{"taxonomy":"category","embeddable":true,"href":"https:\/\/www.immobilienbusiness.ch\/de\/wp-json\/wp\/v2\/categories?post=66041"},{"taxonomy":"post_tag","embeddable":true,"href":"https:\/\/www.immobilienbusiness.ch\/de\/wp-json\/wp\/v2\/tags?post=66041"}],"curies":[{"name":"wp","href":"https:\/\/api.w.org\/{rel}","templated":true}]}}