{"id":6599,"date":"2017-03-08T08:49:54","date_gmt":"2017-03-08T07:49:54","guid":{"rendered":"https:\/\/www.immobilienbusiness.ch\/?p=6599"},"modified":"2017-03-08T08:49:54","modified_gmt":"2017-03-08T07:49:54","slug":"immofonds-dominik-weber-scheidet-aus","status":"publish","type":"post","link":"https:\/\/www.immobilienbusiness.ch\/de\/unternehmen\/2017-03-08\/immofonds-dominik-weber-scheidet-aus\/","title":{"rendered":"Immofonds: Dominik Weber scheidet aus"},"content":{"rendered":"<figure id=\"attachment_6660\" aria-describedby=\"caption-attachment-6660\" style=\"width: 320px\" class=\"wp-caption alignnone\"><img loading=\"lazy\" decoding=\"async\" class=\"size-full wp-image-6660\" src=\"https:\/\/www.immobilienbusiness.ch\/wp-content\/uploads\/2017\/03\/Dominik-Weber-Immofonds-AGFO_Immobilien-Business_News.jpg\" alt=\"\" width=\"320\" height=\"218\" srcset=\"https:\/\/www.immobilienbusiness.ch\/wp-content\/uploads\/2017\/03\/Dominik-Weber-Immofonds-AGFO_Immobilien-Business_News.jpg 320w, https:\/\/www.immobilienbusiness.ch\/wp-content\/uploads\/2017\/03\/Dominik-Weber-Immofonds-AGFO_Immobilien-Business_News-300x204.jpg 300w, https:\/\/www.immobilienbusiness.ch\/wp-content\/uploads\/2017\/03\/Dominik-Weber-Immofonds-AGFO_Immobilien-Business_News-16x12.jpg 16w, https:\/\/www.immobilienbusiness.ch\/wp-content\/uploads\/2017\/03\/Dominik-Weber-Immofonds-AGFO_Immobilien-Business_News-257x175.jpg 257w\" sizes=\"auto, (max-width: 320px) 100vw, 320px\" \/><figcaption id=\"caption-attachment-6660\" class=\"wp-caption-text\">Dominik Weber verl\u00e4sst die AGFO-Gesch\u00e4ftsleitung auf Ende September (Bild: PD)<\/figcaption><\/figure>\n<p>Dominik Weber hat in den vergangenen f\u00fcnf Jahren die AGFO in einem Teilzeitpensum gef\u00fchrt. Nun hat der Verwaltungsrat entschieden, die Position auf ein Vollzeitpensum auszubauen. Weber jedoch wolle sein Teilzeitpensum aufgrund seiner anderweitigen beruflichen Verpflichtungen nicht erh\u00f6hen. Daher werde er per Ende September 2017 von seinen Funktionen zur\u00fccktreten, teilt der Verwaltungsrat der AGFO mit.<\/p>\n<p>Weber ist neben seiner T\u00e4tigkeit f\u00fcr AGFO\/Immofonds auch Managing Partner, VR-Pr\u00e4sident und Haupteigent\u00fcmer der Kuoni M\u00fcller &amp; Partner-Gruppe, Vizepr\u00e4sident der Vereinigung Z\u00fcrcher Immobilienfirmen VZI, Verwaltungsrat der Plazza AG und lehrt ausserdem an CUREM und an verschiedenen Fachhochschulen.<\/p>\n<h2>Suche nach einem Nachfolger hat begonnen<\/h2>\n<p>Der Verwaltungsrat hat die Suche nach einem Nachfolger nach eigenen Angaben bereits in die Wege geleitet.\u00a0 \u00abDominik Weber hat den Immofonds in den vergangenen Jahren umsichtig geleitet, den Liegenschaftenbestand mit Neu- und Umbauprojekten verj\u00fcngt und ausgebaut und das Portfolio weiter auf Wohnliegenschaften fokussiert. Wir bedauern seinen Entscheid sehr und danken Dominik Weber herzlich f\u00fcr sein wertvolles Engagement\u00bb, sagt Othmar St\u00f6ckli, Pr\u00e4sident des Verwaltungsrates der AGFO.<\/p>\n<p>Der Immofonds geh\u00f6rt mit einem Verm\u00f6gen von mehr als 1,3 Milliarden CHF zu den zehn gr\u00f6ssten b\u00f6rsenkotierten Immobilienfonds der Schweiz. Er investiert ausschliesslich in schweizerische Immobilienwerte, prim\u00e4r in Wohnliegenschaften in st\u00e4dtischen Zentren und Agglomerationen mit \u00fcberdurchschnittlicher Rendite.<\/p>\n<p>&nbsp;<\/p>\n","protected":false},"excerpt":{"rendered":"<p>Dominik Weber tritt per 30. September als Vorsitzender der Gesch\u00e4ftsleitung der AG f\u00fcr Fondverwaltung AGFO zur\u00fcck. Die AGFO ist die Fondsleitungsgesellschaft des Immofonds.<\/p>\n","protected":false},"author":3,"featured_media":6660,"comment_status":"open","ping_status":"open","sticky":false,"template":"","format":"standard","meta":{"_acf_changed":false,"_yoast_wpseo_focuskw":"Dominik Weber","_yoast_wpseo_title":"","_yoast_wpseo_metadesc":"Dominik Weber tritt per 30. September als Vorsitzender der Gesch\u00e4ftsleitung der AG f\u00fcr Fondverwaltung AGFO zur\u00fcck.","_yoast_wpseo_linkdex":87,"pgc_sgb_lightbox_settings":"","footnotes":""},"categories":[988],"tags":[1344,1563],"class_list":["post-6599","post","type-post","status-publish","format-standard","has-post-thumbnail","hentry","category-unternehmen","tag-immobilienfonds","tag-personalia"],"acf":[],"yoast_head":"<!-- This site is optimized with the Yoast SEO plugin v27.5 - https:\/\/yoast.com\/product\/yoast-seo-wordpress\/ -->\n<title>Immofonds: Dominik Weber scheidet aus - IMMOBILIEN Business<\/title>\n<meta name=\"description\" content=\"Dominik Weber tritt per 30. September als Vorsitzender der Gesch\u00e4ftsleitung der AG f\u00fcr Fondverwaltung AGFO zur\u00fcck.\" \/>\n<meta name=\"robots\" content=\"index, follow, max-snippet:-1, max-image-preview:large, max-video-preview:-1\" \/>\n<link rel=\"canonical\" href=\"https:\/\/www.immobilienbusiness.ch\/de\/unternehmen\/2017-03-08\/immofonds-dominik-weber-scheidet-aus\/\" \/>\n<meta property=\"og:locale\" content=\"de_DE\" \/>\n<meta property=\"og:type\" content=\"article\" \/>\n<meta property=\"og:title\" content=\"Immofonds: Dominik Weber scheidet aus\" \/>\n<meta property=\"og:description\" content=\"Dominik Weber tritt per 30. September als Vorsitzender der Gesch\u00e4ftsleitung der AG f\u00fcr Fondverwaltung AGFO zur\u00fcck. Die AGFO ist die Fondsleitungsgesellschaft des Immofonds.\" \/>\n<meta property=\"og:url\" content=\"https:\/\/www.immobilienbusiness.ch\/de\/unternehmen\/2017-03-08\/immofonds-dominik-weber-scheidet-aus\/\" \/>\n<meta property=\"og:site_name\" content=\"IMMOBILIEN Business\" \/>\n<meta property=\"article:publisher\" content=\"https:\/\/www.facebook.com\/immobilienbusiness\/\" \/>\n<meta property=\"article:published_time\" content=\"2017-03-08T07:49:54+00:00\" \/>\n<meta property=\"og:image\" content=\"https:\/\/www.immobilienbusiness.ch\/wp-content\/uploads\/2017\/03\/Dominik-Weber.jpg\" \/>\n\t<meta property=\"og:image:width\" content=\"320\" \/>\n\t<meta property=\"og:image:height\" content=\"320\" \/>\n\t<meta property=\"og:image:type\" content=\"image\/jpeg\" \/>\n<meta name=\"author\" content=\"anja.hall\" \/>\n<meta name=\"twitter:card\" content=\"summary_large_image\" \/>\n<meta name=\"twitter:title\" content=\"Dominik Weber tritt per 30. September als Vorsitzender der Gesch\u00e4ftsleitung der AG f\u00fcr Fondverwaltung AGFO zur\u00fcck. Die AGFO ist die Fondsleitungsgesellschaft des Immofonds.\" \/>\n<meta name=\"twitter:description\" content=\"Dominik Weber tritt per 30. September als Vorsitzender der Gesch\u00e4ftsleitung der AG f\u00fcr Fondverwaltung AGFO zur\u00fcck. Die AGFO ist die Fondsleitungsgesellschaft des Immofonds.\" \/>\n<meta name=\"twitter:image\" content=\"https:\/\/www.immobilienbusiness.ch\/wp-content\/uploads\/2017\/03\/Dominik-Weber.jpg\" \/>\n<script type=\"application\/ld+json\" class=\"yoast-schema-graph\">{\"@context\":\"https:\\\/\\\/schema.org\",\"@graph\":[{\"@type\":\"Article\",\"@id\":\"https:\\\/\\\/www.immobilienbusiness.ch\\\/unternehmen\\\/2017-03-08\\\/immofonds-dominik-weber-scheidet-aus\\\/#article\",\"isPartOf\":{\"@id\":\"https:\\\/\\\/www.immobilienbusiness.ch\\\/unternehmen\\\/2017-03-08\\\/immofonds-dominik-weber-scheidet-aus\\\/\"},\"author\":{\"name\":\"anja.hall\",\"@id\":\"https:\\\/\\\/www.immobilienbusiness.ch\\\/#\\\/schema\\\/person\\\/3fc036297b10b9f42d6db5ee932af8c8\"},\"headline\":\"Immofonds: Dominik Weber scheidet aus\",\"datePublished\":\"2017-03-08T07:49:54+00:00\",\"mainEntityOfPage\":{\"@id\":\"https:\\\/\\\/www.immobilienbusiness.ch\\\/unternehmen\\\/2017-03-08\\\/immofonds-dominik-weber-scheidet-aus\\\/\"},\"wordCount\":244,\"commentCount\":0,\"publisher\":{\"@id\":\"https:\\\/\\\/www.immobilienbusiness.ch\\\/#organization\"},\"image\":{\"@id\":\"https:\\\/\\\/www.immobilienbusiness.ch\\\/unternehmen\\\/2017-03-08\\\/immofonds-dominik-weber-scheidet-aus\\\/#primaryimage\"},\"thumbnailUrl\":\"https:\\\/\\\/www.immobilienbusiness.ch\\\/wp-content\\\/uploads\\\/2017\\\/03\\\/Dominik-Weber-Immofonds-AGFO_Immobilien-Business_News.jpg\",\"keywords\":[\"Immobilienfonds\",\"Personalia\"],\"articleSection\":[\"UNTERNEHMEN\"],\"inLanguage\":\"de\"},{\"@type\":\"WebPage\",\"@id\":\"https:\\\/\\\/www.immobilienbusiness.ch\\\/unternehmen\\\/2017-03-08\\\/immofonds-dominik-weber-scheidet-aus\\\/\",\"url\":\"https:\\\/\\\/www.immobilienbusiness.ch\\\/unternehmen\\\/2017-03-08\\\/immofonds-dominik-weber-scheidet-aus\\\/\",\"name\":\"Immofonds: Dominik Weber scheidet aus - IMMOBILIEN Business\",\"isPartOf\":{\"@id\":\"https:\\\/\\\/www.immobilienbusiness.ch\\\/#website\"},\"primaryImageOfPage\":{\"@id\":\"https:\\\/\\\/www.immobilienbusiness.ch\\\/unternehmen\\\/2017-03-08\\\/immofonds-dominik-weber-scheidet-aus\\\/#primaryimage\"},\"image\":{\"@id\":\"https:\\\/\\\/www.immobilienbusiness.ch\\\/unternehmen\\\/2017-03-08\\\/immofonds-dominik-weber-scheidet-aus\\\/#primaryimage\"},\"thumbnailUrl\":\"https:\\\/\\\/www.immobilienbusiness.ch\\\/wp-content\\\/uploads\\\/2017\\\/03\\\/Dominik-Weber-Immofonds-AGFO_Immobilien-Business_News.jpg\",\"datePublished\":\"2017-03-08T07:49:54+00:00\",\"description\":\"Dominik Weber tritt per 30. September als Vorsitzender der Gesch\u00e4ftsleitung der AG f\u00fcr Fondverwaltung AGFO zur\u00fcck.\",\"breadcrumb\":{\"@id\":\"https:\\\/\\\/www.immobilienbusiness.ch\\\/unternehmen\\\/2017-03-08\\\/immofonds-dominik-weber-scheidet-aus\\\/#breadcrumb\"},\"inLanguage\":\"de\",\"potentialAction\":[{\"@type\":\"ReadAction\",\"target\":[\"https:\\\/\\\/www.immobilienbusiness.ch\\\/unternehmen\\\/2017-03-08\\\/immofonds-dominik-weber-scheidet-aus\\\/\"]}]},{\"@type\":\"ImageObject\",\"inLanguage\":\"de\",\"@id\":\"https:\\\/\\\/www.immobilienbusiness.ch\\\/unternehmen\\\/2017-03-08\\\/immofonds-dominik-weber-scheidet-aus\\\/#primaryimage\",\"url\":\"https:\\\/\\\/www.immobilienbusiness.ch\\\/wp-content\\\/uploads\\\/2017\\\/03\\\/Dominik-Weber-Immofonds-AGFO_Immobilien-Business_News.jpg\",\"contentUrl\":\"https:\\\/\\\/www.immobilienbusiness.ch\\\/wp-content\\\/uploads\\\/2017\\\/03\\\/Dominik-Weber-Immofonds-AGFO_Immobilien-Business_News.jpg\",\"width\":320,\"height\":218,\"caption\":\"Dominik Weber verl\u00e4sst die AGFO-Gesch\u00e4ftsleitung auf Ende September (Bild: PD)\"},{\"@type\":\"BreadcrumbList\",\"@id\":\"https:\\\/\\\/www.immobilienbusiness.ch\\\/unternehmen\\\/2017-03-08\\\/immofonds-dominik-weber-scheidet-aus\\\/#breadcrumb\",\"itemListElement\":[{\"@type\":\"ListItem\",\"position\":1,\"name\":\"Home\",\"item\":\"https:\\\/\\\/www.immobilienbusiness.ch\\\/\"},{\"@type\":\"ListItem\",\"position\":2,\"name\":\"Immofonds: Dominik Weber scheidet aus\"}]},{\"@type\":\"WebSite\",\"@id\":\"https:\\\/\\\/www.immobilienbusiness.ch\\\/#website\",\"url\":\"https:\\\/\\\/www.immobilienbusiness.ch\\\/\",\"name\":\"IMMOBILIEN Business\",\"description\":\"Unabh\u00e4ngiges Schweizer Wirtschaftsmagazin mit Fokus auf Immobilien, Architektur- und Bau sowie Investment- und Finanzierung.\",\"publisher\":{\"@id\":\"https:\\\/\\\/www.immobilienbusiness.ch\\\/#organization\"},\"potentialAction\":[{\"@type\":\"SearchAction\",\"target\":{\"@type\":\"EntryPoint\",\"urlTemplate\":\"https:\\\/\\\/www.immobilienbusiness.ch\\\/?s={search_term_string}\"},\"query-input\":{\"@type\":\"PropertyValueSpecification\",\"valueRequired\":true,\"valueName\":\"search_term_string\"}}],\"inLanguage\":\"de\"},{\"@type\":\"Organization\",\"@id\":\"https:\\\/\\\/www.immobilienbusiness.ch\\\/#organization\",\"name\":\"IMMOBILIEN Business\",\"url\":\"https:\\\/\\\/www.immobilienbusiness.ch\\\/\",\"logo\":{\"@type\":\"ImageObject\",\"inLanguage\":\"de\",\"@id\":\"https:\\\/\\\/www.immobilienbusiness.ch\\\/#\\\/schema\\\/logo\\\/image\\\/\",\"url\":\"https:\\\/\\\/www.immobilienbusiness.ch\\\/wp-content\\\/uploads\\\/2021\\\/07\\\/logo_ib.png\",\"contentUrl\":\"https:\\\/\\\/www.immobilienbusiness.ch\\\/wp-content\\\/uploads\\\/2021\\\/07\\\/logo_ib.png\",\"width\":800,\"height\":181,\"caption\":\"IMMOBILIEN Business\"},\"image\":{\"@id\":\"https:\\\/\\\/www.immobilienbusiness.ch\\\/#\\\/schema\\\/logo\\\/image\\\/\"},\"sameAs\":[\"https:\\\/\\\/www.facebook.com\\\/immobilienbusiness\\\/\"]},{\"@type\":\"Person\",\"@id\":\"https:\\\/\\\/www.immobilienbusiness.ch\\\/#\\\/schema\\\/person\\\/3fc036297b10b9f42d6db5ee932af8c8\",\"name\":\"anja.hall\",\"image\":{\"@type\":\"ImageObject\",\"inLanguage\":\"de\",\"@id\":\"https:\\\/\\\/secure.gravatar.com\\\/avatar\\\/066b5a0d447013502c71a5782f4f3469f03cfe595cc2329fb94652fe47511bfb?s=96&d=mm&r=g\",\"url\":\"https:\\\/\\\/secure.gravatar.com\\\/avatar\\\/066b5a0d447013502c71a5782f4f3469f03cfe595cc2329fb94652fe47511bfb?s=96&d=mm&r=g\",\"contentUrl\":\"https:\\\/\\\/secure.gravatar.com\\\/avatar\\\/066b5a0d447013502c71a5782f4f3469f03cfe595cc2329fb94652fe47511bfb?s=96&d=mm&r=g\",\"caption\":\"anja.hall\"},\"url\":\"https:\\\/\\\/www.immobilienbusiness.ch\\\/de\\\/author\\\/anja-hall\\\/\"}]}<\/script>\n<!-- \/ Yoast SEO plugin. -->","yoast_head_json":{"title":"Immofonds: Dominik Weber scheidet aus - IMMOBILIEN Business","description":"Dominik Weber tritt per 30. September als Vorsitzender der Gesch\u00e4ftsleitung der AG f\u00fcr Fondverwaltung AGFO zur\u00fcck.","robots":{"index":"index","follow":"follow","max-snippet":"max-snippet:-1","max-image-preview":"max-image-preview:large","max-video-preview":"max-video-preview:-1"},"canonical":"https:\/\/www.immobilienbusiness.ch\/de\/unternehmen\/2017-03-08\/immofonds-dominik-weber-scheidet-aus\/","og_locale":"de_DE","og_type":"article","og_title":"Immofonds: Dominik Weber scheidet aus","og_description":"Dominik Weber tritt per 30. September als Vorsitzender der Gesch\u00e4ftsleitung der AG f\u00fcr Fondverwaltung AGFO zur\u00fcck. Die AGFO ist die Fondsleitungsgesellschaft des Immofonds.","og_url":"https:\/\/www.immobilienbusiness.ch\/de\/unternehmen\/2017-03-08\/immofonds-dominik-weber-scheidet-aus\/","og_site_name":"IMMOBILIEN Business","article_publisher":"https:\/\/www.facebook.com\/immobilienbusiness\/","article_published_time":"2017-03-08T07:49:54+00:00","og_image":[{"width":320,"height":320,"url":"https:\/\/www.immobilienbusiness.ch\/wp-content\/uploads\/2017\/03\/Dominik-Weber.jpg","type":"image\/jpeg"}],"author":"anja.hall","twitter_card":"summary_large_image","twitter_title":"Dominik Weber tritt per 30. September als Vorsitzender der Gesch\u00e4ftsleitung der AG f\u00fcr Fondverwaltung AGFO zur\u00fcck. Die AGFO ist die Fondsleitungsgesellschaft des Immofonds.","twitter_description":"Dominik Weber tritt per 30. September als Vorsitzender der Gesch\u00e4ftsleitung der AG f\u00fcr Fondverwaltung AGFO zur\u00fcck. Die AGFO ist die Fondsleitungsgesellschaft des Immofonds.","twitter_image":"https:\/\/www.immobilienbusiness.ch\/wp-content\/uploads\/2017\/03\/Dominik-Weber.jpg","schema":{"@context":"https:\/\/schema.org","@graph":[{"@type":"Article","@id":"https:\/\/www.immobilienbusiness.ch\/unternehmen\/2017-03-08\/immofonds-dominik-weber-scheidet-aus\/#article","isPartOf":{"@id":"https:\/\/www.immobilienbusiness.ch\/unternehmen\/2017-03-08\/immofonds-dominik-weber-scheidet-aus\/"},"author":{"name":"anja.hall","@id":"https:\/\/www.immobilienbusiness.ch\/#\/schema\/person\/3fc036297b10b9f42d6db5ee932af8c8"},"headline":"Immofonds: Dominik Weber scheidet aus","datePublished":"2017-03-08T07:49:54+00:00","mainEntityOfPage":{"@id":"https:\/\/www.immobilienbusiness.ch\/unternehmen\/2017-03-08\/immofonds-dominik-weber-scheidet-aus\/"},"wordCount":244,"commentCount":0,"publisher":{"@id":"https:\/\/www.immobilienbusiness.ch\/#organization"},"image":{"@id":"https:\/\/www.immobilienbusiness.ch\/unternehmen\/2017-03-08\/immofonds-dominik-weber-scheidet-aus\/#primaryimage"},"thumbnailUrl":"https:\/\/www.immobilienbusiness.ch\/wp-content\/uploads\/2017\/03\/Dominik-Weber-Immofonds-AGFO_Immobilien-Business_News.jpg","keywords":["Immobilienfonds","Personalia"],"articleSection":["UNTERNEHMEN"],"inLanguage":"de"},{"@type":"WebPage","@id":"https:\/\/www.immobilienbusiness.ch\/unternehmen\/2017-03-08\/immofonds-dominik-weber-scheidet-aus\/","url":"https:\/\/www.immobilienbusiness.ch\/unternehmen\/2017-03-08\/immofonds-dominik-weber-scheidet-aus\/","name":"Immofonds: Dominik Weber scheidet aus - IMMOBILIEN Business","isPartOf":{"@id":"https:\/\/www.immobilienbusiness.ch\/#website"},"primaryImageOfPage":{"@id":"https:\/\/www.immobilienbusiness.ch\/unternehmen\/2017-03-08\/immofonds-dominik-weber-scheidet-aus\/#primaryimage"},"image":{"@id":"https:\/\/www.immobilienbusiness.ch\/unternehmen\/2017-03-08\/immofonds-dominik-weber-scheidet-aus\/#primaryimage"},"thumbnailUrl":"https:\/\/www.immobilienbusiness.ch\/wp-content\/uploads\/2017\/03\/Dominik-Weber-Immofonds-AGFO_Immobilien-Business_News.jpg","datePublished":"2017-03-08T07:49:54+00:00","description":"Dominik Weber tritt per 30. September als Vorsitzender der Gesch\u00e4ftsleitung der AG f\u00fcr Fondverwaltung AGFO zur\u00fcck.","breadcrumb":{"@id":"https:\/\/www.immobilienbusiness.ch\/unternehmen\/2017-03-08\/immofonds-dominik-weber-scheidet-aus\/#breadcrumb"},"inLanguage":"de","potentialAction":[{"@type":"ReadAction","target":["https:\/\/www.immobilienbusiness.ch\/unternehmen\/2017-03-08\/immofonds-dominik-weber-scheidet-aus\/"]}]},{"@type":"ImageObject","inLanguage":"de","@id":"https:\/\/www.immobilienbusiness.ch\/unternehmen\/2017-03-08\/immofonds-dominik-weber-scheidet-aus\/#primaryimage","url":"https:\/\/www.immobilienbusiness.ch\/wp-content\/uploads\/2017\/03\/Dominik-Weber-Immofonds-AGFO_Immobilien-Business_News.jpg","contentUrl":"https:\/\/www.immobilienbusiness.ch\/wp-content\/uploads\/2017\/03\/Dominik-Weber-Immofonds-AGFO_Immobilien-Business_News.jpg","width":320,"height":218,"caption":"Dominik Weber verl\u00e4sst die AGFO-Gesch\u00e4ftsleitung auf Ende September (Bild: PD)"},{"@type":"BreadcrumbList","@id":"https:\/\/www.immobilienbusiness.ch\/unternehmen\/2017-03-08\/immofonds-dominik-weber-scheidet-aus\/#breadcrumb","itemListElement":[{"@type":"ListItem","position":1,"name":"Home","item":"https:\/\/www.immobilienbusiness.ch\/"},{"@type":"ListItem","position":2,"name":"Immofonds: Dominik Weber scheidet aus"}]},{"@type":"WebSite","@id":"https:\/\/www.immobilienbusiness.ch\/#website","url":"https:\/\/www.immobilienbusiness.ch\/","name":"IMMOBILIEN Business","description":"Unabh\u00e4ngiges Schweizer Wirtschaftsmagazin mit Fokus auf Immobilien, Architektur- und Bau sowie Investment- und Finanzierung.","publisher":{"@id":"https:\/\/www.immobilienbusiness.ch\/#organization"},"potentialAction":[{"@type":"SearchAction","target":{"@type":"EntryPoint","urlTemplate":"https:\/\/www.immobilienbusiness.ch\/?s={search_term_string}"},"query-input":{"@type":"PropertyValueSpecification","valueRequired":true,"valueName":"search_term_string"}}],"inLanguage":"de"},{"@type":"Organization","@id":"https:\/\/www.immobilienbusiness.ch\/#organization","name":"IMMOBILIEN Business","url":"https:\/\/www.immobilienbusiness.ch\/","logo":{"@type":"ImageObject","inLanguage":"de","@id":"https:\/\/www.immobilienbusiness.ch\/#\/schema\/logo\/image\/","url":"https:\/\/www.immobilienbusiness.ch\/wp-content\/uploads\/2021\/07\/logo_ib.png","contentUrl":"https:\/\/www.immobilienbusiness.ch\/wp-content\/uploads\/2021\/07\/logo_ib.png","width":800,"height":181,"caption":"IMMOBILIEN Business"},"image":{"@id":"https:\/\/www.immobilienbusiness.ch\/#\/schema\/logo\/image\/"},"sameAs":["https:\/\/www.facebook.com\/immobilienbusiness\/"]},{"@type":"Person","@id":"https:\/\/www.immobilienbusiness.ch\/#\/schema\/person\/3fc036297b10b9f42d6db5ee932af8c8","name":"anja.hall","image":{"@type":"ImageObject","inLanguage":"de","@id":"https:\/\/secure.gravatar.com\/avatar\/066b5a0d447013502c71a5782f4f3469f03cfe595cc2329fb94652fe47511bfb?s=96&d=mm&r=g","url":"https:\/\/secure.gravatar.com\/avatar\/066b5a0d447013502c71a5782f4f3469f03cfe595cc2329fb94652fe47511bfb?s=96&d=mm&r=g","contentUrl":"https:\/\/secure.gravatar.com\/avatar\/066b5a0d447013502c71a5782f4f3469f03cfe595cc2329fb94652fe47511bfb?s=96&d=mm&r=g","caption":"anja.hall"},"url":"https:\/\/www.immobilienbusiness.ch\/de\/author\/anja-hall\/"}]}},"_links":{"self":[{"href":"https:\/\/www.immobilienbusiness.ch\/de\/wp-json\/wp\/v2\/posts\/6599","targetHints":{"allow":["GET"]}}],"collection":[{"href":"https:\/\/www.immobilienbusiness.ch\/de\/wp-json\/wp\/v2\/posts"}],"about":[{"href":"https:\/\/www.immobilienbusiness.ch\/de\/wp-json\/wp\/v2\/types\/post"}],"author":[{"embeddable":true,"href":"https:\/\/www.immobilienbusiness.ch\/de\/wp-json\/wp\/v2\/users\/3"}],"replies":[{"embeddable":true,"href":"https:\/\/www.immobilienbusiness.ch\/de\/wp-json\/wp\/v2\/comments?post=6599"}],"version-history":[{"count":0,"href":"https:\/\/www.immobilienbusiness.ch\/de\/wp-json\/wp\/v2\/posts\/6599\/revisions"}],"wp:featuredmedia":[{"embeddable":true,"href":"https:\/\/www.immobilienbusiness.ch\/de\/wp-json\/wp\/v2\/media\/6660"}],"wp:attachment":[{"href":"https:\/\/www.immobilienbusiness.ch\/de\/wp-json\/wp\/v2\/media?parent=6599"}],"wp:term":[{"taxonomy":"category","embeddable":true,"href":"https:\/\/www.immobilienbusiness.ch\/de\/wp-json\/wp\/v2\/categories?post=6599"},{"taxonomy":"post_tag","embeddable":true,"href":"https:\/\/www.immobilienbusiness.ch\/de\/wp-json\/wp\/v2\/tags?post=6599"}],"curies":[{"name":"wp","href":"https:\/\/api.w.org\/{rel}","templated":true}]}}