{"id":65814,"date":"2025-10-17T07:41:35","date_gmt":"2025-10-17T05:41:35","guid":{"rendered":"https:\/\/www.immobilienbusiness.ch\/?p=65814"},"modified":"2025-10-23T10:35:11","modified_gmt":"2025-10-23T08:35:11","slug":"basel-baustart-fuer-forschungszentrum","status":"publish","type":"post","link":"https:\/\/www.immobilienbusiness.ch\/de\/regionen\/2025-10-17\/basel-baustart-fuer-forschungszentrum\/","title":{"rendered":"Basel: Baustart f\u00fcr Forschungszentrum"},"content":{"rendered":"<figure id=\"attachment_65815\" aria-describedby=\"caption-attachment-65815\" style=\"width: 768px\" class=\"wp-caption alignnone\"><a href=\"https:\/\/www.immobilienbusiness.ch\/wp-content\/uploads\/2025\/10\/BRCCH-Visualisierung-zVg.png\"><img loading=\"lazy\" decoding=\"async\" class=\"size-large wp-image-65815\" src=\"https:\/\/www.immobilienbusiness.ch\/wp-content\/uploads\/2025\/10\/BRCCH-Visualisierung-zVg-1024x802.png\" alt=\"\" width=\"768\" height=\"602\" srcset=\"https:\/\/www.immobilienbusiness.ch\/wp-content\/uploads\/2025\/10\/BRCCH-Visualisierung-zVg-1024x802.png 1024w, https:\/\/www.immobilienbusiness.ch\/wp-content\/uploads\/2025\/10\/BRCCH-Visualisierung-zVg-300x235.png 300w, https:\/\/www.immobilienbusiness.ch\/wp-content\/uploads\/2025\/10\/BRCCH-Visualisierung-zVg-768x602.png 768w, https:\/\/www.immobilienbusiness.ch\/wp-content\/uploads\/2025\/10\/BRCCH-Visualisierung-zVg-15x12.png 15w, https:\/\/www.immobilienbusiness.ch\/wp-content\/uploads\/2025\/10\/BRCCH-Visualisierung-zVg-375x294.png 375w, https:\/\/www.immobilienbusiness.ch\/wp-content\/uploads\/2025\/10\/BRCCH-Visualisierung-zVg-447x350.png 447w, https:\/\/www.immobilienbusiness.ch\/wp-content\/uploads\/2025\/10\/BRCCH-Visualisierung-zVg-1000x784.png 1000w, https:\/\/www.immobilienbusiness.ch\/wp-content\/uploads\/2025\/10\/BRCCH-Visualisierung-zVg.png 1104w\" sizes=\"auto, (max-width: 768px) 100vw, 768px\" \/><\/a><figcaption id=\"caption-attachment-65815\" class=\"wp-caption-text\">Das Siegerprojekt \u00abR2-D2\u00bb (Visualisierung: \u00a9 Guerra Clauss Architekt:innen)<\/figcaption><\/figure>\n<p>Am 30. Oktober startet in Basel der Bau eines B\u00fcroneubaus an der Ecke Schanzenstrasse\/Spitalstrasse. Einziehen wird das Basel Research Centre for Child Health (BRCCH), ein Forschungsinstitut f\u00fcr Kinder- und Jugendgesundheit. In unmittelbarer Nachbarschaft zu den beiden Universit\u00e4tsspit\u00e4lern UKBB und USB sowie dem Life-Sciences-Campus Sch\u00e4llem\u00e4tteli der Universit\u00e4t Basel erstellt der Kanton ein B\u00fcrogeb\u00e4ude, das als Forschungszentrum f\u00fcr Kinder- und Jugendmedizin konzipiert ist. Getragen wird das 2019 ins Leben gerufene und von der Fondation Botnar finanzierte BRCCH von der Universit\u00e4t Basel und der ETH Z\u00fcrich.<\/p>\n<p>In dem achtgeschossigen B\u00fcroneubau von Guerra Clauss Architekten sind rund 90 Arbeitspl\u00e4tze vorgesehen. Bis Fr\u00fchjahr 2026 wird das bestehende Geb\u00e4ude r\u00fcckgebaut, im Anschluss daran wird bis Ende 2027 das neue Geb\u00e4ude erstellt. <em>(aw)<\/em><\/p>\n","protected":false},"excerpt":{"rendered":"<p>F\u00fcr ein Institut, das von Uni Basel und die ETH Z\u00fcrich getragen wird, entsteht ein achtgeschossiger B\u00fcroneubau nach Pl\u00e4nen von Guerra Claus Architekten.<\/p>\n","protected":false},"author":102,"featured_media":0,"comment_status":"closed","ping_status":"closed","sticky":false,"template":"","format":"standard","meta":{"_acf_changed":false,"_yoast_wpseo_focuskw":"","_yoast_wpseo_title":"","_yoast_wpseo_metadesc":"","_yoast_wpseo_linkdex":0,"pgc_sgb_lightbox_settings":"","footnotes":""},"categories":[985],"tags":[],"class_list":["post-65814","post","type-post","status-publish","format-standard","hentry","category-regionen"],"acf":[],"yoast_head":"<!-- This site is optimized with the Yoast SEO plugin v27.4 - https:\/\/yoast.com\/product\/yoast-seo-wordpress\/ -->\n<title>Basel: Baustart f\u00fcr Forschungszentrum - IMMOBILIEN Business<\/title>\n<meta name=\"robots\" content=\"index, follow, max-snippet:-1, max-image-preview:large, max-video-preview:-1\" \/>\n<link rel=\"canonical\" href=\"https:\/\/www.immobilienbusiness.ch\/de\/regionen\/2025-10-17\/basel-baustart-fuer-forschungszentrum\/\" \/>\n<meta property=\"og:locale\" content=\"de_DE\" \/>\n<meta property=\"og:type\" content=\"article\" \/>\n<meta property=\"og:title\" content=\"Basel: Baustart f\u00fcr Forschungszentrum - IMMOBILIEN Business\" \/>\n<meta property=\"og:description\" content=\"F\u00fcr ein Institut, das von Uni Basel und die ETH Z\u00fcrich getragen wird, entsteht ein achtgeschossiger B\u00fcroneubau nach Pl\u00e4nen von Guerra Claus Architekten.\" \/>\n<meta property=\"og:url\" content=\"https:\/\/www.immobilienbusiness.ch\/de\/regionen\/2025-10-17\/basel-baustart-fuer-forschungszentrum\/\" \/>\n<meta property=\"og:site_name\" content=\"IMMOBILIEN Business\" \/>\n<meta property=\"article:publisher\" content=\"https:\/\/www.facebook.com\/immobilienbusiness\/\" \/>\n<meta property=\"article:published_time\" content=\"2025-10-17T05:41:35+00:00\" \/>\n<meta property=\"article:modified_time\" content=\"2025-10-23T08:35:11+00:00\" \/>\n<meta property=\"og:image\" content=\"https:\/\/www.immobilienbusiness.ch\/wp-content\/uploads\/2025\/10\/BRCCH-Visualisierung-zVg.png\" \/>\n\t<meta property=\"og:image:width\" content=\"1104\" \/>\n\t<meta property=\"og:image:height\" content=\"865\" \/>\n\t<meta property=\"og:image:type\" content=\"image\/png\" \/>\n<meta name=\"author\" content=\"Alexander Wachter\" \/>\n<meta name=\"twitter:card\" content=\"summary_large_image\" \/>\n<script type=\"application\/ld+json\" class=\"yoast-schema-graph\">{\"@context\":\"https:\\\/\\\/schema.org\",\"@graph\":[{\"@type\":\"Article\",\"@id\":\"https:\\\/\\\/www.immobilienbusiness.ch\\\/fr\\\/regionen\\\/2025-10-17\\\/basel-baustart-fuer-forschungszentrum\\\/#article\",\"isPartOf\":{\"@id\":\"https:\\\/\\\/www.immobilienbusiness.ch\\\/fr\\\/regionen\\\/2025-10-17\\\/basel-baustart-fuer-forschungszentrum\\\/\"},\"author\":{\"name\":\"Alexander Wachter\",\"@id\":\"https:\\\/\\\/www.immobilienbusiness.ch\\\/#\\\/schema\\\/person\\\/aba8bea2db926aa0c24c08c43fe1fcd5\"},\"headline\":\"Basel: Baustart f\u00fcr Forschungszentrum\",\"datePublished\":\"2025-10-17T05:41:35+00:00\",\"dateModified\":\"2025-10-23T08:35:11+00:00\",\"mainEntityOfPage\":{\"@id\":\"https:\\\/\\\/www.immobilienbusiness.ch\\\/fr\\\/regionen\\\/2025-10-17\\\/basel-baustart-fuer-forschungszentrum\\\/\"},\"wordCount\":151,\"publisher\":{\"@id\":\"https:\\\/\\\/www.immobilienbusiness.ch\\\/#organization\"},\"image\":{\"@id\":\"https:\\\/\\\/www.immobilienbusiness.ch\\\/fr\\\/regionen\\\/2025-10-17\\\/basel-baustart-fuer-forschungszentrum\\\/#primaryimage\"},\"thumbnailUrl\":\"https:\\\/\\\/www.immobilienbusiness.ch\\\/wp-content\\\/uploads\\\/2025\\\/10\\\/BRCCH-Visualisierung-zVg-1024x802.png\",\"articleSection\":[\"REGIONEN\"],\"inLanguage\":\"de\"},{\"@type\":\"WebPage\",\"@id\":\"https:\\\/\\\/www.immobilienbusiness.ch\\\/fr\\\/regionen\\\/2025-10-17\\\/basel-baustart-fuer-forschungszentrum\\\/\",\"url\":\"https:\\\/\\\/www.immobilienbusiness.ch\\\/fr\\\/regionen\\\/2025-10-17\\\/basel-baustart-fuer-forschungszentrum\\\/\",\"name\":\"Basel: Baustart f\u00fcr Forschungszentrum - IMMOBILIEN Business\",\"isPartOf\":{\"@id\":\"https:\\\/\\\/www.immobilienbusiness.ch\\\/#website\"},\"primaryImageOfPage\":{\"@id\":\"https:\\\/\\\/www.immobilienbusiness.ch\\\/fr\\\/regionen\\\/2025-10-17\\\/basel-baustart-fuer-forschungszentrum\\\/#primaryimage\"},\"image\":{\"@id\":\"https:\\\/\\\/www.immobilienbusiness.ch\\\/fr\\\/regionen\\\/2025-10-17\\\/basel-baustart-fuer-forschungszentrum\\\/#primaryimage\"},\"thumbnailUrl\":\"https:\\\/\\\/www.immobilienbusiness.ch\\\/wp-content\\\/uploads\\\/2025\\\/10\\\/BRCCH-Visualisierung-zVg-1024x802.png\",\"datePublished\":\"2025-10-17T05:41:35+00:00\",\"dateModified\":\"2025-10-23T08:35:11+00:00\",\"breadcrumb\":{\"@id\":\"https:\\\/\\\/www.immobilienbusiness.ch\\\/fr\\\/regionen\\\/2025-10-17\\\/basel-baustart-fuer-forschungszentrum\\\/#breadcrumb\"},\"inLanguage\":\"de\",\"potentialAction\":[{\"@type\":\"ReadAction\",\"target\":[\"https:\\\/\\\/www.immobilienbusiness.ch\\\/fr\\\/regionen\\\/2025-10-17\\\/basel-baustart-fuer-forschungszentrum\\\/\"]}]},{\"@type\":\"ImageObject\",\"inLanguage\":\"de\",\"@id\":\"https:\\\/\\\/www.immobilienbusiness.ch\\\/fr\\\/regionen\\\/2025-10-17\\\/basel-baustart-fuer-forschungszentrum\\\/#primaryimage\",\"url\":\"https:\\\/\\\/www.immobilienbusiness.ch\\\/wp-content\\\/uploads\\\/2025\\\/10\\\/BRCCH-Visualisierung-zVg-1024x802.png\",\"contentUrl\":\"https:\\\/\\\/www.immobilienbusiness.ch\\\/wp-content\\\/uploads\\\/2025\\\/10\\\/BRCCH-Visualisierung-zVg-1024x802.png\"},{\"@type\":\"BreadcrumbList\",\"@id\":\"https:\\\/\\\/www.immobilienbusiness.ch\\\/fr\\\/regionen\\\/2025-10-17\\\/basel-baustart-fuer-forschungszentrum\\\/#breadcrumb\",\"itemListElement\":[{\"@type\":\"ListItem\",\"position\":1,\"name\":\"Home\",\"item\":\"https:\\\/\\\/www.immobilienbusiness.ch\\\/\"},{\"@type\":\"ListItem\",\"position\":2,\"name\":\"Basel: Baustart f\u00fcr Forschungszentrum\"}]},{\"@type\":\"WebSite\",\"@id\":\"https:\\\/\\\/www.immobilienbusiness.ch\\\/#website\",\"url\":\"https:\\\/\\\/www.immobilienbusiness.ch\\\/\",\"name\":\"IMMOBILIEN Business\",\"description\":\"Unabh\u00e4ngiges Schweizer Wirtschaftsmagazin mit Fokus auf Immobilien, Architektur- und Bau sowie Investment- und Finanzierung.\",\"publisher\":{\"@id\":\"https:\\\/\\\/www.immobilienbusiness.ch\\\/#organization\"},\"potentialAction\":[{\"@type\":\"SearchAction\",\"target\":{\"@type\":\"EntryPoint\",\"urlTemplate\":\"https:\\\/\\\/www.immobilienbusiness.ch\\\/?s={search_term_string}\"},\"query-input\":{\"@type\":\"PropertyValueSpecification\",\"valueRequired\":true,\"valueName\":\"search_term_string\"}}],\"inLanguage\":\"de\"},{\"@type\":\"Organization\",\"@id\":\"https:\\\/\\\/www.immobilienbusiness.ch\\\/#organization\",\"name\":\"IMMOBILIEN Business\",\"url\":\"https:\\\/\\\/www.immobilienbusiness.ch\\\/\",\"logo\":{\"@type\":\"ImageObject\",\"inLanguage\":\"de\",\"@id\":\"https:\\\/\\\/www.immobilienbusiness.ch\\\/#\\\/schema\\\/logo\\\/image\\\/\",\"url\":\"https:\\\/\\\/www.immobilienbusiness.ch\\\/wp-content\\\/uploads\\\/2021\\\/07\\\/logo_ib.png\",\"contentUrl\":\"https:\\\/\\\/www.immobilienbusiness.ch\\\/wp-content\\\/uploads\\\/2021\\\/07\\\/logo_ib.png\",\"width\":800,\"height\":181,\"caption\":\"IMMOBILIEN Business\"},\"image\":{\"@id\":\"https:\\\/\\\/www.immobilienbusiness.ch\\\/#\\\/schema\\\/logo\\\/image\\\/\"},\"sameAs\":[\"https:\\\/\\\/www.facebook.com\\\/immobilienbusiness\\\/\"]},{\"@type\":\"Person\",\"@id\":\"https:\\\/\\\/www.immobilienbusiness.ch\\\/#\\\/schema\\\/person\\\/aba8bea2db926aa0c24c08c43fe1fcd5\",\"name\":\"Alexander Wachter\",\"image\":{\"@type\":\"ImageObject\",\"inLanguage\":\"de\",\"@id\":\"https:\\\/\\\/secure.gravatar.com\\\/avatar\\\/1a09e471f5389b0e0a6416eac287e0927c7c97a7b77f9e787eba3af7aee281dd?s=96&d=mm&r=g\",\"url\":\"https:\\\/\\\/secure.gravatar.com\\\/avatar\\\/1a09e471f5389b0e0a6416eac287e0927c7c97a7b77f9e787eba3af7aee281dd?s=96&d=mm&r=g\",\"contentUrl\":\"https:\\\/\\\/secure.gravatar.com\\\/avatar\\\/1a09e471f5389b0e0a6416eac287e0927c7c97a7b77f9e787eba3af7aee281dd?s=96&d=mm&r=g\",\"caption\":\"Alexander Wachter\"},\"url\":\"https:\\\/\\\/www.immobilienbusiness.ch\\\/de\\\/author\\\/alexander-wachter\\\/\"}]}<\/script>\n<!-- \/ Yoast SEO plugin. -->","yoast_head_json":{"title":"Basel: Baustart f\u00fcr Forschungszentrum - IMMOBILIEN Business","robots":{"index":"index","follow":"follow","max-snippet":"max-snippet:-1","max-image-preview":"max-image-preview:large","max-video-preview":"max-video-preview:-1"},"canonical":"https:\/\/www.immobilienbusiness.ch\/de\/regionen\/2025-10-17\/basel-baustart-fuer-forschungszentrum\/","og_locale":"de_DE","og_type":"article","og_title":"Basel: Baustart f\u00fcr Forschungszentrum - IMMOBILIEN Business","og_description":"F\u00fcr ein Institut, das von Uni Basel und die ETH Z\u00fcrich getragen wird, entsteht ein achtgeschossiger B\u00fcroneubau nach Pl\u00e4nen von Guerra Claus Architekten.","og_url":"https:\/\/www.immobilienbusiness.ch\/de\/regionen\/2025-10-17\/basel-baustart-fuer-forschungszentrum\/","og_site_name":"IMMOBILIEN Business","article_publisher":"https:\/\/www.facebook.com\/immobilienbusiness\/","article_published_time":"2025-10-17T05:41:35+00:00","article_modified_time":"2025-10-23T08:35:11+00:00","og_image":[{"width":1104,"height":865,"url":"https:\/\/www.immobilienbusiness.ch\/wp-content\/uploads\/2025\/10\/BRCCH-Visualisierung-zVg.png","type":"image\/png"}],"author":"Alexander Wachter","twitter_card":"summary_large_image","schema":{"@context":"https:\/\/schema.org","@graph":[{"@type":"Article","@id":"https:\/\/www.immobilienbusiness.ch\/fr\/regionen\/2025-10-17\/basel-baustart-fuer-forschungszentrum\/#article","isPartOf":{"@id":"https:\/\/www.immobilienbusiness.ch\/fr\/regionen\/2025-10-17\/basel-baustart-fuer-forschungszentrum\/"},"author":{"name":"Alexander Wachter","@id":"https:\/\/www.immobilienbusiness.ch\/#\/schema\/person\/aba8bea2db926aa0c24c08c43fe1fcd5"},"headline":"Basel: Baustart f\u00fcr Forschungszentrum","datePublished":"2025-10-17T05:41:35+00:00","dateModified":"2025-10-23T08:35:11+00:00","mainEntityOfPage":{"@id":"https:\/\/www.immobilienbusiness.ch\/fr\/regionen\/2025-10-17\/basel-baustart-fuer-forschungszentrum\/"},"wordCount":151,"publisher":{"@id":"https:\/\/www.immobilienbusiness.ch\/#organization"},"image":{"@id":"https:\/\/www.immobilienbusiness.ch\/fr\/regionen\/2025-10-17\/basel-baustart-fuer-forschungszentrum\/#primaryimage"},"thumbnailUrl":"https:\/\/www.immobilienbusiness.ch\/wp-content\/uploads\/2025\/10\/BRCCH-Visualisierung-zVg-1024x802.png","articleSection":["REGIONEN"],"inLanguage":"de"},{"@type":"WebPage","@id":"https:\/\/www.immobilienbusiness.ch\/fr\/regionen\/2025-10-17\/basel-baustart-fuer-forschungszentrum\/","url":"https:\/\/www.immobilienbusiness.ch\/fr\/regionen\/2025-10-17\/basel-baustart-fuer-forschungszentrum\/","name":"Basel: Baustart f\u00fcr Forschungszentrum - IMMOBILIEN Business","isPartOf":{"@id":"https:\/\/www.immobilienbusiness.ch\/#website"},"primaryImageOfPage":{"@id":"https:\/\/www.immobilienbusiness.ch\/fr\/regionen\/2025-10-17\/basel-baustart-fuer-forschungszentrum\/#primaryimage"},"image":{"@id":"https:\/\/www.immobilienbusiness.ch\/fr\/regionen\/2025-10-17\/basel-baustart-fuer-forschungszentrum\/#primaryimage"},"thumbnailUrl":"https:\/\/www.immobilienbusiness.ch\/wp-content\/uploads\/2025\/10\/BRCCH-Visualisierung-zVg-1024x802.png","datePublished":"2025-10-17T05:41:35+00:00","dateModified":"2025-10-23T08:35:11+00:00","breadcrumb":{"@id":"https:\/\/www.immobilienbusiness.ch\/fr\/regionen\/2025-10-17\/basel-baustart-fuer-forschungszentrum\/#breadcrumb"},"inLanguage":"de","potentialAction":[{"@type":"ReadAction","target":["https:\/\/www.immobilienbusiness.ch\/fr\/regionen\/2025-10-17\/basel-baustart-fuer-forschungszentrum\/"]}]},{"@type":"ImageObject","inLanguage":"de","@id":"https:\/\/www.immobilienbusiness.ch\/fr\/regionen\/2025-10-17\/basel-baustart-fuer-forschungszentrum\/#primaryimage","url":"https:\/\/www.immobilienbusiness.ch\/wp-content\/uploads\/2025\/10\/BRCCH-Visualisierung-zVg-1024x802.png","contentUrl":"https:\/\/www.immobilienbusiness.ch\/wp-content\/uploads\/2025\/10\/BRCCH-Visualisierung-zVg-1024x802.png"},{"@type":"BreadcrumbList","@id":"https:\/\/www.immobilienbusiness.ch\/fr\/regionen\/2025-10-17\/basel-baustart-fuer-forschungszentrum\/#breadcrumb","itemListElement":[{"@type":"ListItem","position":1,"name":"Home","item":"https:\/\/www.immobilienbusiness.ch\/"},{"@type":"ListItem","position":2,"name":"Basel: Baustart f\u00fcr Forschungszentrum"}]},{"@type":"WebSite","@id":"https:\/\/www.immobilienbusiness.ch\/#website","url":"https:\/\/www.immobilienbusiness.ch\/","name":"IMMOBILIEN Business","description":"Unabh\u00e4ngiges Schweizer Wirtschaftsmagazin mit Fokus auf Immobilien, Architektur- und Bau sowie Investment- und Finanzierung.","publisher":{"@id":"https:\/\/www.immobilienbusiness.ch\/#organization"},"potentialAction":[{"@type":"SearchAction","target":{"@type":"EntryPoint","urlTemplate":"https:\/\/www.immobilienbusiness.ch\/?s={search_term_string}"},"query-input":{"@type":"PropertyValueSpecification","valueRequired":true,"valueName":"search_term_string"}}],"inLanguage":"de"},{"@type":"Organization","@id":"https:\/\/www.immobilienbusiness.ch\/#organization","name":"IMMOBILIEN Business","url":"https:\/\/www.immobilienbusiness.ch\/","logo":{"@type":"ImageObject","inLanguage":"de","@id":"https:\/\/www.immobilienbusiness.ch\/#\/schema\/logo\/image\/","url":"https:\/\/www.immobilienbusiness.ch\/wp-content\/uploads\/2021\/07\/logo_ib.png","contentUrl":"https:\/\/www.immobilienbusiness.ch\/wp-content\/uploads\/2021\/07\/logo_ib.png","width":800,"height":181,"caption":"IMMOBILIEN Business"},"image":{"@id":"https:\/\/www.immobilienbusiness.ch\/#\/schema\/logo\/image\/"},"sameAs":["https:\/\/www.facebook.com\/immobilienbusiness\/"]},{"@type":"Person","@id":"https:\/\/www.immobilienbusiness.ch\/#\/schema\/person\/aba8bea2db926aa0c24c08c43fe1fcd5","name":"Alexander Wachter","image":{"@type":"ImageObject","inLanguage":"de","@id":"https:\/\/secure.gravatar.com\/avatar\/1a09e471f5389b0e0a6416eac287e0927c7c97a7b77f9e787eba3af7aee281dd?s=96&d=mm&r=g","url":"https:\/\/secure.gravatar.com\/avatar\/1a09e471f5389b0e0a6416eac287e0927c7c97a7b77f9e787eba3af7aee281dd?s=96&d=mm&r=g","contentUrl":"https:\/\/secure.gravatar.com\/avatar\/1a09e471f5389b0e0a6416eac287e0927c7c97a7b77f9e787eba3af7aee281dd?s=96&d=mm&r=g","caption":"Alexander Wachter"},"url":"https:\/\/www.immobilienbusiness.ch\/de\/author\/alexander-wachter\/"}]}},"_links":{"self":[{"href":"https:\/\/www.immobilienbusiness.ch\/de\/wp-json\/wp\/v2\/posts\/65814","targetHints":{"allow":["GET"]}}],"collection":[{"href":"https:\/\/www.immobilienbusiness.ch\/de\/wp-json\/wp\/v2\/posts"}],"about":[{"href":"https:\/\/www.immobilienbusiness.ch\/de\/wp-json\/wp\/v2\/types\/post"}],"author":[{"embeddable":true,"href":"https:\/\/www.immobilienbusiness.ch\/de\/wp-json\/wp\/v2\/users\/102"}],"replies":[{"embeddable":true,"href":"https:\/\/www.immobilienbusiness.ch\/de\/wp-json\/wp\/v2\/comments?post=65814"}],"version-history":[{"count":2,"href":"https:\/\/www.immobilienbusiness.ch\/de\/wp-json\/wp\/v2\/posts\/65814\/revisions"}],"predecessor-version":[{"id":65928,"href":"https:\/\/www.immobilienbusiness.ch\/de\/wp-json\/wp\/v2\/posts\/65814\/revisions\/65928"}],"wp:attachment":[{"href":"https:\/\/www.immobilienbusiness.ch\/de\/wp-json\/wp\/v2\/media?parent=65814"}],"wp:term":[{"taxonomy":"category","embeddable":true,"href":"https:\/\/www.immobilienbusiness.ch\/de\/wp-json\/wp\/v2\/categories?post=65814"},{"taxonomy":"post_tag","embeddable":true,"href":"https:\/\/www.immobilienbusiness.ch\/de\/wp-json\/wp\/v2\/tags?post=65814"}],"curies":[{"name":"wp","href":"https:\/\/api.w.org\/{rel}","templated":true}]}}