{"id":65607,"date":"2025-10-06T06:58:20","date_gmt":"2025-10-06T04:58:20","guid":{"rendered":"https:\/\/www.immobilienbusiness.ch\/?p=65607"},"modified":"2025-10-06T08:22:59","modified_gmt":"2025-10-06T06:22:59","slug":"procimmo-residential-pk-steigert-ertrag","status":"publish","type":"post","link":"https:\/\/www.immobilienbusiness.ch\/de\/unternehmen\/2025-10-06\/procimmo-residential-pk-steigert-ertrag\/","title":{"rendered":"Procimmo: Residential PK steigert Ertrag"},"content":{"rendered":"<figure id=\"attachment_65673\" aria-describedby=\"caption-attachment-65673\" style=\"width: 768px\" class=\"wp-caption alignnone\"><a href=\"https:\/\/www.immobilienbusiness.ch\/wp-content\/uploads\/2025\/10\/PRES-Residential-PK-Procimmo-zVg-scaled.jpg\"><img loading=\"lazy\" decoding=\"async\" class=\"size-large wp-image-65673\" src=\"https:\/\/www.immobilienbusiness.ch\/wp-content\/uploads\/2025\/10\/PRES-Residential-PK-Procimmo-zVg-1024x683.jpg\" alt=\"\" width=\"768\" height=\"512\" srcset=\"https:\/\/www.immobilienbusiness.ch\/wp-content\/uploads\/2025\/10\/PRES-Residential-PK-Procimmo-zVg-1024x683.jpg 1024w, https:\/\/www.immobilienbusiness.ch\/wp-content\/uploads\/2025\/10\/PRES-Residential-PK-Procimmo-zVg-300x200.jpg 300w, https:\/\/www.immobilienbusiness.ch\/wp-content\/uploads\/2025\/10\/PRES-Residential-PK-Procimmo-zVg-768x512.jpg 768w, https:\/\/www.immobilienbusiness.ch\/wp-content\/uploads\/2025\/10\/PRES-Residential-PK-Procimmo-zVg-1536x1024.jpg 1536w, https:\/\/www.immobilienbusiness.ch\/wp-content\/uploads\/2025\/10\/PRES-Residential-PK-Procimmo-zVg-18x12.jpg 18w, https:\/\/www.immobilienbusiness.ch\/wp-content\/uploads\/2025\/10\/PRES-Residential-PK-Procimmo-zVg-375x250.jpg 375w, https:\/\/www.immobilienbusiness.ch\/wp-content\/uploads\/2025\/10\/PRES-Residential-PK-Procimmo-zVg-525x350.jpg 525w, https:\/\/www.immobilienbusiness.ch\/wp-content\/uploads\/2025\/10\/PRES-Residential-PK-Procimmo-zVg-1000x667.jpg 1000w, https:\/\/www.immobilienbusiness.ch\/wp-content\/uploads\/2025\/10\/PRES-Residential-PK-Procimmo-zVg-scaled.jpg 1200w\" sizes=\"auto, (max-width: 768px) 100vw, 768px\" \/><\/a><figcaption id=\"caption-attachment-65673\" class=\"wp-caption-text\">Zum Portfolio des Teilverm\u00f6gens (Residential PK) geh\u00f6rt die Liegenschaft Avenue de l&#8217;Europe 2 in Monthey (VS) (Bild: Procimmo)<\/figcaption><\/figure>\n<p>Der Procimmo-Immobilienfonds Residential PK (ehemals: Immobilien-CH f\u00fcr Institutionelle 56J) hat seinen ersten Jahresabschluss seit der Umwandlung in ein Teilverm\u00f6gen der Procimmo Real Estate SICAV vorgelegt. In den 15 Monaten des Gesch\u00e4ftsjahres sank die Leerstandsquote von 1,74 auf 1,60%. Die EBIT-Marge verbesserte sich dagegen von 65,4 auf 66,9%, was die Fondsleitung auf striktes Kostenmanagement und durch den R\u00fcckgang des gewichteten durchschnittlichen Hypothekarzinssatzes von 1,57 auf 1,45% zur\u00fcckf\u00fchrt. Die durchschnittliche Laufzeit der Finanzierungen verl\u00e4ngerte sich von 3,8 auf 4,8 Jahre.<\/p>\n<p>Der Gesamterfolg des Fonds legte in der etwas l\u00e4ngeren Berichtsperiode von rd. 3 Mio. auf 13,5 Mio. CHF massiv zu. Ein treibender Faktor war eine hohe Abwertung, die die Vergleichszahl des Vorjahreszeitraums mit 11,3 Mio. CHF belastet hatte (nun: + 1,1 Mio.). Die Mieteinnahmen stiegen von rd. 24 Mio. auf 32,3 Mio. CHF und der Nettoertrag von 11,4 Mio. auf 13,5 Mio. CHF. Der Wert der Liegenschaften erh\u00f6hte sich von 497,9 Mio. auf 553,5 Mio. CHF.<\/p>\n<p>&nbsp;<\/p>\n<h3>K\u00e4ufe<\/h3>\n<p>Monthey (VS), Avenue de l&#8217;Europe 2 (9,1 Mio.)<\/p>\n<h3>Verk\u00e4ufe<\/h3>\n<p>Bex (VD), Centrale 57 (3,4 Mio.)<\/p>\n","protected":false},"excerpt":{"rendered":"<p>Der Fonds Residential PK (ex I56) hat in seinem ersten Jahr als Teilverm\u00f6gen des Procimmo Real Estate SICAV den Nettoertrag gesteigert. Das Gesch\u00e4ftsjahr umfasste allerdings 15 Monate.<\/p>\n","protected":false},"author":102,"featured_media":65673,"comment_status":"closed","ping_status":"closed","sticky":false,"template":"","format":"standard","meta":{"_acf_changed":false,"_yoast_wpseo_focuskw":"Procimmo","_yoast_wpseo_title":"","_yoast_wpseo_metadesc":"Der Fonds Residential PK (ex I56) hat in seinem ersten Jahr als Teilverm\u00f6gen des Procimmo Real Estate SICAV den Nettoertrag gesteigert und bei der letzten Emission 67 Millionen Franken eingeworben.","_yoast_wpseo_linkdex":65,"pgc_sgb_lightbox_settings":"","footnotes":""},"categories":[988],"tags":[4332,1344,3608,1412,1492,3691,4071,1990,1830,1998],"class_list":["post-65607","post","type-post","status-publish","format-standard","has-post-thumbnail","hentry","category-unternehmen","tag-bex","tag-immobilienfonds","tag-jahresbericht","tag-kapitalerhoehung","tag-mietwohnungen","tag-monthey","tag-procimmo-real-estate-sicav","tag-vd","tag-verkauf","tag-vs"],"acf":[],"yoast_head":"<!-- This site is optimized with the Yoast SEO plugin v27.4 - https:\/\/yoast.com\/product\/yoast-seo-wordpress\/ -->\n<title>Procimmo: Residential PK steigert Ertrag - IMMOBILIEN Business<\/title>\n<meta name=\"description\" content=\"Der Fonds Residential PK (ex I56) hat in seinem ersten Jahr als Teilverm\u00f6gen des Procimmo Real Estate SICAV den Nettoertrag gesteigert und bei der letzten Emission 67 Millionen Franken eingeworben.\" \/>\n<meta name=\"robots\" content=\"index, follow, max-snippet:-1, max-image-preview:large, max-video-preview:-1\" \/>\n<link rel=\"canonical\" href=\"https:\/\/www.immobilienbusiness.ch\/de\/unternehmen\/2025-10-06\/procimmo-residential-pk-steigert-ertrag\/\" \/>\n<meta property=\"og:locale\" content=\"de_DE\" \/>\n<meta property=\"og:type\" content=\"article\" \/>\n<meta property=\"og:title\" content=\"Procimmo: Residential PK steigert Ertrag - IMMOBILIEN Business\" \/>\n<meta property=\"og:description\" content=\"Der Fonds Residential PK (ex I56) hat in seinem ersten Jahr als Teilverm\u00f6gen des Procimmo Real Estate SICAV den Nettoertrag gesteigert und bei der letzten Emission 67 Millionen Franken eingeworben.\" \/>\n<meta property=\"og:url\" content=\"https:\/\/www.immobilienbusiness.ch\/de\/unternehmen\/2025-10-06\/procimmo-residential-pk-steigert-ertrag\/\" \/>\n<meta property=\"og:site_name\" content=\"IMMOBILIEN Business\" \/>\n<meta property=\"article:publisher\" content=\"https:\/\/www.facebook.com\/immobilienbusiness\/\" \/>\n<meta property=\"article:published_time\" content=\"2025-10-06T04:58:20+00:00\" \/>\n<meta property=\"article:modified_time\" content=\"2025-10-06T06:22:59+00:00\" \/>\n<meta property=\"og:image\" content=\"https:\/\/www.immobilienbusiness.ch\/wp-content\/uploads\/2025\/10\/PRES-Residential-PK-Procimmo-zVg-scaled.jpg\" \/>\n\t<meta property=\"og:image:width\" content=\"1200\" \/>\n\t<meta property=\"og:image:height\" content=\"800\" \/>\n\t<meta property=\"og:image:type\" content=\"image\/jpeg\" \/>\n<meta name=\"author\" content=\"Alexander Wachter\" \/>\n<meta name=\"twitter:card\" content=\"summary_large_image\" \/>\n<script type=\"application\/ld+json\" class=\"yoast-schema-graph\">{\"@context\":\"https:\\\/\\\/schema.org\",\"@graph\":[{\"@type\":\"Article\",\"@id\":\"https:\\\/\\\/www.immobilienbusiness.ch\\\/en\\\/unternehmen\\\/2025-10-06\\\/procimmo-residential-pk-steigert-ertrag\\\/#article\",\"isPartOf\":{\"@id\":\"https:\\\/\\\/www.immobilienbusiness.ch\\\/en\\\/unternehmen\\\/2025-10-06\\\/procimmo-residential-pk-steigert-ertrag\\\/\"},\"author\":{\"name\":\"Alexander Wachter\",\"@id\":\"https:\\\/\\\/www.immobilienbusiness.ch\\\/#\\\/schema\\\/person\\\/aba8bea2db926aa0c24c08c43fe1fcd5\"},\"headline\":\"Procimmo: Residential PK steigert Ertrag\",\"datePublished\":\"2025-10-06T04:58:20+00:00\",\"dateModified\":\"2025-10-06T06:22:59+00:00\",\"mainEntityOfPage\":{\"@id\":\"https:\\\/\\\/www.immobilienbusiness.ch\\\/en\\\/unternehmen\\\/2025-10-06\\\/procimmo-residential-pk-steigert-ertrag\\\/\"},\"wordCount\":191,\"publisher\":{\"@id\":\"https:\\\/\\\/www.immobilienbusiness.ch\\\/#organization\"},\"image\":{\"@id\":\"https:\\\/\\\/www.immobilienbusiness.ch\\\/en\\\/unternehmen\\\/2025-10-06\\\/procimmo-residential-pk-steigert-ertrag\\\/#primaryimage\"},\"thumbnailUrl\":\"https:\\\/\\\/www.immobilienbusiness.ch\\\/wp-content\\\/uploads\\\/2025\\\/10\\\/PRES-Residential-PK-Procimmo-zVg-scaled.jpg\",\"keywords\":[\"Bex\",\"Immobilienfonds\",\"Jahresbericht\",\"Kapitalerh\u00f6hung\",\"Mietwohnungen\",\"Monthey\",\"Procimmo Real Estate SICAV\",\"VD\",\"Verkauf\",\"VS\"],\"articleSection\":[\"UNTERNEHMEN\"],\"inLanguage\":\"de\"},{\"@type\":\"WebPage\",\"@id\":\"https:\\\/\\\/www.immobilienbusiness.ch\\\/en\\\/unternehmen\\\/2025-10-06\\\/procimmo-residential-pk-steigert-ertrag\\\/\",\"url\":\"https:\\\/\\\/www.immobilienbusiness.ch\\\/en\\\/unternehmen\\\/2025-10-06\\\/procimmo-residential-pk-steigert-ertrag\\\/\",\"name\":\"Procimmo: Residential PK steigert Ertrag - IMMOBILIEN Business\",\"isPartOf\":{\"@id\":\"https:\\\/\\\/www.immobilienbusiness.ch\\\/#website\"},\"primaryImageOfPage\":{\"@id\":\"https:\\\/\\\/www.immobilienbusiness.ch\\\/en\\\/unternehmen\\\/2025-10-06\\\/procimmo-residential-pk-steigert-ertrag\\\/#primaryimage\"},\"image\":{\"@id\":\"https:\\\/\\\/www.immobilienbusiness.ch\\\/en\\\/unternehmen\\\/2025-10-06\\\/procimmo-residential-pk-steigert-ertrag\\\/#primaryimage\"},\"thumbnailUrl\":\"https:\\\/\\\/www.immobilienbusiness.ch\\\/wp-content\\\/uploads\\\/2025\\\/10\\\/PRES-Residential-PK-Procimmo-zVg-scaled.jpg\",\"datePublished\":\"2025-10-06T04:58:20+00:00\",\"dateModified\":\"2025-10-06T06:22:59+00:00\",\"description\":\"Der Fonds Residential PK (ex I56) hat in seinem ersten Jahr als Teilverm\u00f6gen des Procimmo Real Estate SICAV den Nettoertrag gesteigert und bei der letzten Emission 67 Millionen Franken eingeworben.\",\"breadcrumb\":{\"@id\":\"https:\\\/\\\/www.immobilienbusiness.ch\\\/en\\\/unternehmen\\\/2025-10-06\\\/procimmo-residential-pk-steigert-ertrag\\\/#breadcrumb\"},\"inLanguage\":\"de\",\"potentialAction\":[{\"@type\":\"ReadAction\",\"target\":[\"https:\\\/\\\/www.immobilienbusiness.ch\\\/en\\\/unternehmen\\\/2025-10-06\\\/procimmo-residential-pk-steigert-ertrag\\\/\"]}]},{\"@type\":\"ImageObject\",\"inLanguage\":\"de\",\"@id\":\"https:\\\/\\\/www.immobilienbusiness.ch\\\/en\\\/unternehmen\\\/2025-10-06\\\/procimmo-residential-pk-steigert-ertrag\\\/#primaryimage\",\"url\":\"https:\\\/\\\/www.immobilienbusiness.ch\\\/wp-content\\\/uploads\\\/2025\\\/10\\\/PRES-Residential-PK-Procimmo-zVg-scaled.jpg\",\"contentUrl\":\"https:\\\/\\\/www.immobilienbusiness.ch\\\/wp-content\\\/uploads\\\/2025\\\/10\\\/PRES-Residential-PK-Procimmo-zVg-scaled.jpg\",\"width\":1200,\"height\":800,\"caption\":\"Ein Objekt des \u00abResidential PK\u00bb: Die Liegenschaft Avenue de l'Europe 2 in Monthey (VS) (Bild: Procimmo)\"},{\"@type\":\"BreadcrumbList\",\"@id\":\"https:\\\/\\\/www.immobilienbusiness.ch\\\/en\\\/unternehmen\\\/2025-10-06\\\/procimmo-residential-pk-steigert-ertrag\\\/#breadcrumb\",\"itemListElement\":[{\"@type\":\"ListItem\",\"position\":1,\"name\":\"Home\",\"item\":\"https:\\\/\\\/www.immobilienbusiness.ch\\\/\"},{\"@type\":\"ListItem\",\"position\":2,\"name\":\"Procimmo: Residential PK steigert Ertrag\"}]},{\"@type\":\"WebSite\",\"@id\":\"https:\\\/\\\/www.immobilienbusiness.ch\\\/#website\",\"url\":\"https:\\\/\\\/www.immobilienbusiness.ch\\\/\",\"name\":\"IMMOBILIEN Business\",\"description\":\"Unabh\u00e4ngiges Schweizer Wirtschaftsmagazin mit Fokus auf Immobilien, Architektur- und Bau sowie Investment- und Finanzierung.\",\"publisher\":{\"@id\":\"https:\\\/\\\/www.immobilienbusiness.ch\\\/#organization\"},\"potentialAction\":[{\"@type\":\"SearchAction\",\"target\":{\"@type\":\"EntryPoint\",\"urlTemplate\":\"https:\\\/\\\/www.immobilienbusiness.ch\\\/?s={search_term_string}\"},\"query-input\":{\"@type\":\"PropertyValueSpecification\",\"valueRequired\":true,\"valueName\":\"search_term_string\"}}],\"inLanguage\":\"de\"},{\"@type\":\"Organization\",\"@id\":\"https:\\\/\\\/www.immobilienbusiness.ch\\\/#organization\",\"name\":\"IMMOBILIEN Business\",\"url\":\"https:\\\/\\\/www.immobilienbusiness.ch\\\/\",\"logo\":{\"@type\":\"ImageObject\",\"inLanguage\":\"de\",\"@id\":\"https:\\\/\\\/www.immobilienbusiness.ch\\\/#\\\/schema\\\/logo\\\/image\\\/\",\"url\":\"https:\\\/\\\/www.immobilienbusiness.ch\\\/wp-content\\\/uploads\\\/2021\\\/07\\\/logo_ib.png\",\"contentUrl\":\"https:\\\/\\\/www.immobilienbusiness.ch\\\/wp-content\\\/uploads\\\/2021\\\/07\\\/logo_ib.png\",\"width\":800,\"height\":181,\"caption\":\"IMMOBILIEN Business\"},\"image\":{\"@id\":\"https:\\\/\\\/www.immobilienbusiness.ch\\\/#\\\/schema\\\/logo\\\/image\\\/\"},\"sameAs\":[\"https:\\\/\\\/www.facebook.com\\\/immobilienbusiness\\\/\"]},{\"@type\":\"Person\",\"@id\":\"https:\\\/\\\/www.immobilienbusiness.ch\\\/#\\\/schema\\\/person\\\/aba8bea2db926aa0c24c08c43fe1fcd5\",\"name\":\"Alexander Wachter\",\"image\":{\"@type\":\"ImageObject\",\"inLanguage\":\"de\",\"@id\":\"https:\\\/\\\/secure.gravatar.com\\\/avatar\\\/1a09e471f5389b0e0a6416eac287e0927c7c97a7b77f9e787eba3af7aee281dd?s=96&d=mm&r=g\",\"url\":\"https:\\\/\\\/secure.gravatar.com\\\/avatar\\\/1a09e471f5389b0e0a6416eac287e0927c7c97a7b77f9e787eba3af7aee281dd?s=96&d=mm&r=g\",\"contentUrl\":\"https:\\\/\\\/secure.gravatar.com\\\/avatar\\\/1a09e471f5389b0e0a6416eac287e0927c7c97a7b77f9e787eba3af7aee281dd?s=96&d=mm&r=g\",\"caption\":\"Alexander Wachter\"},\"url\":\"https:\\\/\\\/www.immobilienbusiness.ch\\\/de\\\/author\\\/alexander-wachter\\\/\"}]}<\/script>\n<!-- \/ Yoast SEO plugin. -->","yoast_head_json":{"title":"Procimmo: Residential PK steigert Ertrag - IMMOBILIEN Business","description":"Der Fonds Residential PK (ex I56) hat in seinem ersten Jahr als Teilverm\u00f6gen des Procimmo Real Estate SICAV den Nettoertrag gesteigert und bei der letzten Emission 67 Millionen Franken eingeworben.","robots":{"index":"index","follow":"follow","max-snippet":"max-snippet:-1","max-image-preview":"max-image-preview:large","max-video-preview":"max-video-preview:-1"},"canonical":"https:\/\/www.immobilienbusiness.ch\/de\/unternehmen\/2025-10-06\/procimmo-residential-pk-steigert-ertrag\/","og_locale":"de_DE","og_type":"article","og_title":"Procimmo: Residential PK steigert Ertrag - IMMOBILIEN Business","og_description":"Der Fonds Residential PK (ex I56) hat in seinem ersten Jahr als Teilverm\u00f6gen des Procimmo Real Estate SICAV den Nettoertrag gesteigert und bei der letzten Emission 67 Millionen Franken eingeworben.","og_url":"https:\/\/www.immobilienbusiness.ch\/de\/unternehmen\/2025-10-06\/procimmo-residential-pk-steigert-ertrag\/","og_site_name":"IMMOBILIEN Business","article_publisher":"https:\/\/www.facebook.com\/immobilienbusiness\/","article_published_time":"2025-10-06T04:58:20+00:00","article_modified_time":"2025-10-06T06:22:59+00:00","og_image":[{"width":1200,"height":800,"url":"https:\/\/www.immobilienbusiness.ch\/wp-content\/uploads\/2025\/10\/PRES-Residential-PK-Procimmo-zVg-scaled.jpg","type":"image\/jpeg"}],"author":"Alexander Wachter","twitter_card":"summary_large_image","schema":{"@context":"https:\/\/schema.org","@graph":[{"@type":"Article","@id":"https:\/\/www.immobilienbusiness.ch\/en\/unternehmen\/2025-10-06\/procimmo-residential-pk-steigert-ertrag\/#article","isPartOf":{"@id":"https:\/\/www.immobilienbusiness.ch\/en\/unternehmen\/2025-10-06\/procimmo-residential-pk-steigert-ertrag\/"},"author":{"name":"Alexander Wachter","@id":"https:\/\/www.immobilienbusiness.ch\/#\/schema\/person\/aba8bea2db926aa0c24c08c43fe1fcd5"},"headline":"Procimmo: Residential PK steigert Ertrag","datePublished":"2025-10-06T04:58:20+00:00","dateModified":"2025-10-06T06:22:59+00:00","mainEntityOfPage":{"@id":"https:\/\/www.immobilienbusiness.ch\/en\/unternehmen\/2025-10-06\/procimmo-residential-pk-steigert-ertrag\/"},"wordCount":191,"publisher":{"@id":"https:\/\/www.immobilienbusiness.ch\/#organization"},"image":{"@id":"https:\/\/www.immobilienbusiness.ch\/en\/unternehmen\/2025-10-06\/procimmo-residential-pk-steigert-ertrag\/#primaryimage"},"thumbnailUrl":"https:\/\/www.immobilienbusiness.ch\/wp-content\/uploads\/2025\/10\/PRES-Residential-PK-Procimmo-zVg-scaled.jpg","keywords":["Bex","Immobilienfonds","Jahresbericht","Kapitalerh\u00f6hung","Mietwohnungen","Monthey","Procimmo Real Estate SICAV","VD","Verkauf","VS"],"articleSection":["UNTERNEHMEN"],"inLanguage":"de"},{"@type":"WebPage","@id":"https:\/\/www.immobilienbusiness.ch\/en\/unternehmen\/2025-10-06\/procimmo-residential-pk-steigert-ertrag\/","url":"https:\/\/www.immobilienbusiness.ch\/en\/unternehmen\/2025-10-06\/procimmo-residential-pk-steigert-ertrag\/","name":"Procimmo: Residential PK steigert Ertrag - IMMOBILIEN Business","isPartOf":{"@id":"https:\/\/www.immobilienbusiness.ch\/#website"},"primaryImageOfPage":{"@id":"https:\/\/www.immobilienbusiness.ch\/en\/unternehmen\/2025-10-06\/procimmo-residential-pk-steigert-ertrag\/#primaryimage"},"image":{"@id":"https:\/\/www.immobilienbusiness.ch\/en\/unternehmen\/2025-10-06\/procimmo-residential-pk-steigert-ertrag\/#primaryimage"},"thumbnailUrl":"https:\/\/www.immobilienbusiness.ch\/wp-content\/uploads\/2025\/10\/PRES-Residential-PK-Procimmo-zVg-scaled.jpg","datePublished":"2025-10-06T04:58:20+00:00","dateModified":"2025-10-06T06:22:59+00:00","description":"Der Fonds Residential PK (ex I56) hat in seinem ersten Jahr als Teilverm\u00f6gen des Procimmo Real Estate SICAV den Nettoertrag gesteigert und bei der letzten Emission 67 Millionen Franken eingeworben.","breadcrumb":{"@id":"https:\/\/www.immobilienbusiness.ch\/en\/unternehmen\/2025-10-06\/procimmo-residential-pk-steigert-ertrag\/#breadcrumb"},"inLanguage":"de","potentialAction":[{"@type":"ReadAction","target":["https:\/\/www.immobilienbusiness.ch\/en\/unternehmen\/2025-10-06\/procimmo-residential-pk-steigert-ertrag\/"]}]},{"@type":"ImageObject","inLanguage":"de","@id":"https:\/\/www.immobilienbusiness.ch\/en\/unternehmen\/2025-10-06\/procimmo-residential-pk-steigert-ertrag\/#primaryimage","url":"https:\/\/www.immobilienbusiness.ch\/wp-content\/uploads\/2025\/10\/PRES-Residential-PK-Procimmo-zVg-scaled.jpg","contentUrl":"https:\/\/www.immobilienbusiness.ch\/wp-content\/uploads\/2025\/10\/PRES-Residential-PK-Procimmo-zVg-scaled.jpg","width":1200,"height":800,"caption":"Ein Objekt des \u00abResidential PK\u00bb: Die Liegenschaft Avenue de l'Europe 2 in Monthey (VS) (Bild: Procimmo)"},{"@type":"BreadcrumbList","@id":"https:\/\/www.immobilienbusiness.ch\/en\/unternehmen\/2025-10-06\/procimmo-residential-pk-steigert-ertrag\/#breadcrumb","itemListElement":[{"@type":"ListItem","position":1,"name":"Home","item":"https:\/\/www.immobilienbusiness.ch\/"},{"@type":"ListItem","position":2,"name":"Procimmo: Residential PK steigert Ertrag"}]},{"@type":"WebSite","@id":"https:\/\/www.immobilienbusiness.ch\/#website","url":"https:\/\/www.immobilienbusiness.ch\/","name":"IMMOBILIEN Business","description":"Unabh\u00e4ngiges Schweizer Wirtschaftsmagazin mit Fokus auf Immobilien, Architektur- und Bau sowie Investment- und Finanzierung.","publisher":{"@id":"https:\/\/www.immobilienbusiness.ch\/#organization"},"potentialAction":[{"@type":"SearchAction","target":{"@type":"EntryPoint","urlTemplate":"https:\/\/www.immobilienbusiness.ch\/?s={search_term_string}"},"query-input":{"@type":"PropertyValueSpecification","valueRequired":true,"valueName":"search_term_string"}}],"inLanguage":"de"},{"@type":"Organization","@id":"https:\/\/www.immobilienbusiness.ch\/#organization","name":"IMMOBILIEN Business","url":"https:\/\/www.immobilienbusiness.ch\/","logo":{"@type":"ImageObject","inLanguage":"de","@id":"https:\/\/www.immobilienbusiness.ch\/#\/schema\/logo\/image\/","url":"https:\/\/www.immobilienbusiness.ch\/wp-content\/uploads\/2021\/07\/logo_ib.png","contentUrl":"https:\/\/www.immobilienbusiness.ch\/wp-content\/uploads\/2021\/07\/logo_ib.png","width":800,"height":181,"caption":"IMMOBILIEN Business"},"image":{"@id":"https:\/\/www.immobilienbusiness.ch\/#\/schema\/logo\/image\/"},"sameAs":["https:\/\/www.facebook.com\/immobilienbusiness\/"]},{"@type":"Person","@id":"https:\/\/www.immobilienbusiness.ch\/#\/schema\/person\/aba8bea2db926aa0c24c08c43fe1fcd5","name":"Alexander Wachter","image":{"@type":"ImageObject","inLanguage":"de","@id":"https:\/\/secure.gravatar.com\/avatar\/1a09e471f5389b0e0a6416eac287e0927c7c97a7b77f9e787eba3af7aee281dd?s=96&d=mm&r=g","url":"https:\/\/secure.gravatar.com\/avatar\/1a09e471f5389b0e0a6416eac287e0927c7c97a7b77f9e787eba3af7aee281dd?s=96&d=mm&r=g","contentUrl":"https:\/\/secure.gravatar.com\/avatar\/1a09e471f5389b0e0a6416eac287e0927c7c97a7b77f9e787eba3af7aee281dd?s=96&d=mm&r=g","caption":"Alexander Wachter"},"url":"https:\/\/www.immobilienbusiness.ch\/de\/author\/alexander-wachter\/"}]}},"_links":{"self":[{"href":"https:\/\/www.immobilienbusiness.ch\/de\/wp-json\/wp\/v2\/posts\/65607","targetHints":{"allow":["GET"]}}],"collection":[{"href":"https:\/\/www.immobilienbusiness.ch\/de\/wp-json\/wp\/v2\/posts"}],"about":[{"href":"https:\/\/www.immobilienbusiness.ch\/de\/wp-json\/wp\/v2\/types\/post"}],"author":[{"embeddable":true,"href":"https:\/\/www.immobilienbusiness.ch\/de\/wp-json\/wp\/v2\/users\/102"}],"replies":[{"embeddable":true,"href":"https:\/\/www.immobilienbusiness.ch\/de\/wp-json\/wp\/v2\/comments?post=65607"}],"version-history":[{"count":7,"href":"https:\/\/www.immobilienbusiness.ch\/de\/wp-json\/wp\/v2\/posts\/65607\/revisions"}],"predecessor-version":[{"id":65683,"href":"https:\/\/www.immobilienbusiness.ch\/de\/wp-json\/wp\/v2\/posts\/65607\/revisions\/65683"}],"wp:featuredmedia":[{"embeddable":true,"href":"https:\/\/www.immobilienbusiness.ch\/de\/wp-json\/wp\/v2\/media\/65673"}],"wp:attachment":[{"href":"https:\/\/www.immobilienbusiness.ch\/de\/wp-json\/wp\/v2\/media?parent=65607"}],"wp:term":[{"taxonomy":"category","embeddable":true,"href":"https:\/\/www.immobilienbusiness.ch\/de\/wp-json\/wp\/v2\/categories?post=65607"},{"taxonomy":"post_tag","embeddable":true,"href":"https:\/\/www.immobilienbusiness.ch\/de\/wp-json\/wp\/v2\/tags?post=65607"}],"curies":[{"name":"wp","href":"https:\/\/api.w.org\/{rel}","templated":true}]}}