{"id":64912,"date":"2025-08-13T07:42:59","date_gmt":"2025-08-13T05:42:59","guid":{"rendered":"https:\/\/www.immobilienbusiness.ch\/?p=64912"},"modified":"2025-08-14T09:04:25","modified_gmt":"2025-08-14T07:04:25","slug":"helvetica-vermeldet-fuehrungswechsel","status":"publish","type":"post","link":"https:\/\/www.immobilienbusiness.ch\/de\/personalia\/2025-08-13\/helvetica-vermeldet-fuehrungswechsel\/","title":{"rendered":"Helvetica vermeldet F\u00fchrungswechsel"},"content":{"rendered":"<figure id=\"attachment_64913\" aria-describedby=\"caption-attachment-64913\" style=\"width: 610px\" class=\"wp-caption alignnone\"><a href=\"https:\/\/www.immobilienbusiness.ch\/wp-content\/uploads\/2025\/08\/Dominik-Fischer.png\"><img loading=\"lazy\" decoding=\"async\" class=\"size-full wp-image-64913\" src=\"https:\/\/www.immobilienbusiness.ch\/wp-content\/uploads\/2025\/08\/Dominik-Fischer.png\" alt=\"\" width=\"610\" height=\"534\" srcset=\"https:\/\/www.immobilienbusiness.ch\/wp-content\/uploads\/2025\/08\/Dominik-Fischer.png 610w, https:\/\/www.immobilienbusiness.ch\/wp-content\/uploads\/2025\/08\/Dominik-Fischer-300x263.png 300w, https:\/\/www.immobilienbusiness.ch\/wp-content\/uploads\/2025\/08\/Dominik-Fischer-14x12.png 14w, https:\/\/www.immobilienbusiness.ch\/wp-content\/uploads\/2025\/08\/Dominik-Fischer-343x300.png 343w, https:\/\/www.immobilienbusiness.ch\/wp-content\/uploads\/2025\/08\/Dominik-Fischer-400x350.png 400w\" sizes=\"auto, (max-width: 610px) 100vw, 610px\" \/><\/a><figcaption id=\"caption-attachment-64913\" class=\"wp-caption-text\">Dominik Fischer (Bild: \u00a9 Helvetica)<\/figcaption><\/figure>\n<p>Der Verwaltungsrat der Fondsleitung Helvetica Property Investors AG gibt bekannt, dass Marc Giraudon per 1. November die operative Leitung des Unternehmens an Dominik Fischer, den bisherigen CIO, \u00fcbergeben wird. \u00abDer F\u00fchrungswechsel erfolgt im Rahmen einer geplanten Nachfolgeregelung und in enger Abstimmung zwischen dem Verwaltungsrat und dem amtierenden CEO\u00bb, schreibt das Unternehmen in einer Mitteilung. Giraudon ist erst seit April 2024 alleiniger CEO. Er war im Januar 2024 zun\u00e4chst als Co-CEO angetreten, um im darauffolgenden Juli Firmengr\u00fcnder Hans Holdener als Chef abzul\u00f6sen. Der F\u00fchrungswechsel war dann schneller durchgezogen worden.<\/p>\n<p>\u00abMarc Giraudon hat das Unternehmen in einer anspruchsvollen Marktphase mit grossem Engagement und strategischer Klarheit weiterentwickelt\u00bb, heisst es nun. \u00abDer Verwaltungsrat dankt ihm herzlich f\u00fcr seinen wertvollen Beitrag.\u00bb Giraudon bleibe dem Unternehmen als strategischer Berater erhalten.<\/p>\n<h3>\u00abBekenntnis zu lokaler Expertise\u00bb<\/h3>\n<p>Die Ernennung von Fischer als neuem CEO sei als \u00abBekenntnis zu lokaler Expertise und einer nachhaltigen Unternehmensentwicklung\u00bb zu verstehen, teilt Helvetica mit. \u00abDominik kennt unser Unternehmen in- und auswendig und bringt genau die Marktexpertise mit, die wir f\u00fcr die n\u00e4chste Wachstumsphase brauchen\u00bb, sagt Philipp Good, der Pr\u00e4sident des Verwaltungsrats. Fischer war im M\u00e4rz 2022 von Nova Property Fund Management zu Helvetica gestossen und hatte zuvor schon einmal, von 2016 bis 2019, f\u00fcr seinen jetzigen Arbeitgeber gearbeitet.<\/p>\n<p>Bisherige Aufgaben von Dominik Fischer \u00fcbernimmt neu Dirk Adriaenssen, welcher bereits heute das Asset Management verantwortet. <em>(aw)<\/em><\/p>\n<p>&nbsp;<\/p>\n","protected":false},"excerpt":{"rendered":"<p>Nachfolger von CEO Marc Giraudon ist per 1. November Dominik Fischer, der seit Januar letzten Jahres als Chief Investment Officer amtiert.<\/p>\n","protected":false},"author":102,"featured_media":64913,"comment_status":"closed","ping_status":"closed","sticky":false,"template":"","format":"standard","meta":{"_acf_changed":false,"_yoast_wpseo_focuskw":"Helvetica","_yoast_wpseo_title":"","_yoast_wpseo_metadesc":"Nachfolger von CEO Marc Giraudon ist per 1. November Dominik Fischer, der seit Januar letzten Jahres als Chief Investment Officer amtiert.","_yoast_wpseo_linkdex":72,"pgc_sgb_lightbox_settings":"","footnotes":""},"categories":[1912],"tags":[2200,1344,1563],"class_list":["post-64912","post","type-post","status-publish","format-standard","has-post-thumbnail","hentry","category-personalia","tag-helvetica","tag-immobilienfonds","tag-personalia"],"acf":[],"yoast_head":"<!-- This site is optimized with the Yoast SEO plugin v27.5 - https:\/\/yoast.com\/product\/yoast-seo-wordpress\/ -->\n<title>Helvetica vermeldet F\u00fchrungswechsel - IMMOBILIEN Business<\/title>\n<meta name=\"description\" content=\"Nachfolger von CEO Marc Giraudon ist per 1. November Dominik Fischer, der seit Januar letzten Jahres als Chief Investment Officer amtiert.\" \/>\n<meta name=\"robots\" content=\"index, follow, max-snippet:-1, max-image-preview:large, max-video-preview:-1\" \/>\n<link rel=\"canonical\" href=\"https:\/\/www.immobilienbusiness.ch\/de\/personalia\/2025-08-13\/helvetica-vermeldet-fuehrungswechsel\/\" \/>\n<meta property=\"og:locale\" content=\"de_DE\" \/>\n<meta property=\"og:type\" content=\"article\" \/>\n<meta property=\"og:title\" content=\"Helvetica vermeldet F\u00fchrungswechsel - IMMOBILIEN Business\" \/>\n<meta property=\"og:description\" content=\"Nachfolger von CEO Marc Giraudon ist per 1. November Dominik Fischer, der seit Januar letzten Jahres als Chief Investment Officer amtiert.\" \/>\n<meta property=\"og:url\" content=\"https:\/\/www.immobilienbusiness.ch\/de\/personalia\/2025-08-13\/helvetica-vermeldet-fuehrungswechsel\/\" \/>\n<meta property=\"og:site_name\" content=\"IMMOBILIEN Business\" \/>\n<meta property=\"article:publisher\" content=\"https:\/\/www.facebook.com\/immobilienbusiness\/\" \/>\n<meta property=\"article:published_time\" content=\"2025-08-13T05:42:59+00:00\" \/>\n<meta property=\"article:modified_time\" content=\"2025-08-14T07:04:25+00:00\" \/>\n<meta property=\"og:image\" content=\"https:\/\/www.immobilienbusiness.ch\/wp-content\/uploads\/2025\/08\/Dominik-Fischer.png\" \/>\n\t<meta property=\"og:image:width\" content=\"610\" \/>\n\t<meta property=\"og:image:height\" content=\"534\" \/>\n\t<meta property=\"og:image:type\" content=\"image\/png\" \/>\n<meta name=\"author\" content=\"Alexander Wachter\" \/>\n<meta name=\"twitter:card\" content=\"summary_large_image\" \/>\n<script type=\"application\/ld+json\" class=\"yoast-schema-graph\">{\"@context\":\"https:\\\/\\\/schema.org\",\"@graph\":[{\"@type\":\"Article\",\"@id\":\"https:\\\/\\\/www.immobilienbusiness.ch\\\/de\\\/personalia\\\/2025-08-13\\\/helvetica-vermeldet-fuehrungswechsel\\\/#article\",\"isPartOf\":{\"@id\":\"https:\\\/\\\/www.immobilienbusiness.ch\\\/de\\\/personalia\\\/2025-08-13\\\/helvetica-vermeldet-fuehrungswechsel\\\/\"},\"author\":{\"name\":\"Alexander Wachter\",\"@id\":\"https:\\\/\\\/www.immobilienbusiness.ch\\\/#\\\/schema\\\/person\\\/aba8bea2db926aa0c24c08c43fe1fcd5\"},\"headline\":\"Helvetica vermeldet F\u00fchrungswechsel\",\"datePublished\":\"2025-08-13T05:42:59+00:00\",\"dateModified\":\"2025-08-14T07:04:25+00:00\",\"mainEntityOfPage\":{\"@id\":\"https:\\\/\\\/www.immobilienbusiness.ch\\\/de\\\/personalia\\\/2025-08-13\\\/helvetica-vermeldet-fuehrungswechsel\\\/\"},\"wordCount\":242,\"publisher\":{\"@id\":\"https:\\\/\\\/www.immobilienbusiness.ch\\\/#organization\"},\"image\":{\"@id\":\"https:\\\/\\\/www.immobilienbusiness.ch\\\/de\\\/personalia\\\/2025-08-13\\\/helvetica-vermeldet-fuehrungswechsel\\\/#primaryimage\"},\"thumbnailUrl\":\"https:\\\/\\\/www.immobilienbusiness.ch\\\/wp-content\\\/uploads\\\/2025\\\/08\\\/Dominik-Fischer.png\",\"keywords\":[\"Helvetica\",\"Immobilienfonds\",\"Personalia\"],\"articleSection\":[\"PERSONALIA\"],\"inLanguage\":\"de\"},{\"@type\":\"WebPage\",\"@id\":\"https:\\\/\\\/www.immobilienbusiness.ch\\\/de\\\/personalia\\\/2025-08-13\\\/helvetica-vermeldet-fuehrungswechsel\\\/\",\"url\":\"https:\\\/\\\/www.immobilienbusiness.ch\\\/de\\\/personalia\\\/2025-08-13\\\/helvetica-vermeldet-fuehrungswechsel\\\/\",\"name\":\"Helvetica vermeldet F\u00fchrungswechsel - IMMOBILIEN Business\",\"isPartOf\":{\"@id\":\"https:\\\/\\\/www.immobilienbusiness.ch\\\/#website\"},\"primaryImageOfPage\":{\"@id\":\"https:\\\/\\\/www.immobilienbusiness.ch\\\/de\\\/personalia\\\/2025-08-13\\\/helvetica-vermeldet-fuehrungswechsel\\\/#primaryimage\"},\"image\":{\"@id\":\"https:\\\/\\\/www.immobilienbusiness.ch\\\/de\\\/personalia\\\/2025-08-13\\\/helvetica-vermeldet-fuehrungswechsel\\\/#primaryimage\"},\"thumbnailUrl\":\"https:\\\/\\\/www.immobilienbusiness.ch\\\/wp-content\\\/uploads\\\/2025\\\/08\\\/Dominik-Fischer.png\",\"datePublished\":\"2025-08-13T05:42:59+00:00\",\"dateModified\":\"2025-08-14T07:04:25+00:00\",\"description\":\"Nachfolger von CEO Marc Giraudon ist per 1. November Dominik Fischer, der seit Januar letzten Jahres als Chief Investment Officer amtiert.\",\"breadcrumb\":{\"@id\":\"https:\\\/\\\/www.immobilienbusiness.ch\\\/de\\\/personalia\\\/2025-08-13\\\/helvetica-vermeldet-fuehrungswechsel\\\/#breadcrumb\"},\"inLanguage\":\"de\",\"potentialAction\":[{\"@type\":\"ReadAction\",\"target\":[\"https:\\\/\\\/www.immobilienbusiness.ch\\\/de\\\/personalia\\\/2025-08-13\\\/helvetica-vermeldet-fuehrungswechsel\\\/\"]}]},{\"@type\":\"ImageObject\",\"inLanguage\":\"de\",\"@id\":\"https:\\\/\\\/www.immobilienbusiness.ch\\\/de\\\/personalia\\\/2025-08-13\\\/helvetica-vermeldet-fuehrungswechsel\\\/#primaryimage\",\"url\":\"https:\\\/\\\/www.immobilienbusiness.ch\\\/wp-content\\\/uploads\\\/2025\\\/08\\\/Dominik-Fischer.png\",\"contentUrl\":\"https:\\\/\\\/www.immobilienbusiness.ch\\\/wp-content\\\/uploads\\\/2025\\\/08\\\/Dominik-Fischer.png\",\"width\":610,\"height\":534,\"caption\":\"Dominik Fischer, der neue CEO des Fondsunternehmens (Bild: \u00a9 Helvetica)\"},{\"@type\":\"BreadcrumbList\",\"@id\":\"https:\\\/\\\/www.immobilienbusiness.ch\\\/de\\\/personalia\\\/2025-08-13\\\/helvetica-vermeldet-fuehrungswechsel\\\/#breadcrumb\",\"itemListElement\":[{\"@type\":\"ListItem\",\"position\":1,\"name\":\"Home\",\"item\":\"https:\\\/\\\/www.immobilienbusiness.ch\\\/\"},{\"@type\":\"ListItem\",\"position\":2,\"name\":\"Helvetica vermeldet F\u00fchrungswechsel\"}]},{\"@type\":\"WebSite\",\"@id\":\"https:\\\/\\\/www.immobilienbusiness.ch\\\/#website\",\"url\":\"https:\\\/\\\/www.immobilienbusiness.ch\\\/\",\"name\":\"IMMOBILIEN Business\",\"description\":\"Unabh\u00e4ngiges Schweizer Wirtschaftsmagazin mit Fokus auf Immobilien, Architektur- und Bau sowie Investment- und Finanzierung.\",\"publisher\":{\"@id\":\"https:\\\/\\\/www.immobilienbusiness.ch\\\/#organization\"},\"potentialAction\":[{\"@type\":\"SearchAction\",\"target\":{\"@type\":\"EntryPoint\",\"urlTemplate\":\"https:\\\/\\\/www.immobilienbusiness.ch\\\/?s={search_term_string}\"},\"query-input\":{\"@type\":\"PropertyValueSpecification\",\"valueRequired\":true,\"valueName\":\"search_term_string\"}}],\"inLanguage\":\"de\"},{\"@type\":\"Organization\",\"@id\":\"https:\\\/\\\/www.immobilienbusiness.ch\\\/#organization\",\"name\":\"IMMOBILIEN Business\",\"url\":\"https:\\\/\\\/www.immobilienbusiness.ch\\\/\",\"logo\":{\"@type\":\"ImageObject\",\"inLanguage\":\"de\",\"@id\":\"https:\\\/\\\/www.immobilienbusiness.ch\\\/#\\\/schema\\\/logo\\\/image\\\/\",\"url\":\"https:\\\/\\\/www.immobilienbusiness.ch\\\/wp-content\\\/uploads\\\/2021\\\/07\\\/logo_ib.png\",\"contentUrl\":\"https:\\\/\\\/www.immobilienbusiness.ch\\\/wp-content\\\/uploads\\\/2021\\\/07\\\/logo_ib.png\",\"width\":800,\"height\":181,\"caption\":\"IMMOBILIEN Business\"},\"image\":{\"@id\":\"https:\\\/\\\/www.immobilienbusiness.ch\\\/#\\\/schema\\\/logo\\\/image\\\/\"},\"sameAs\":[\"https:\\\/\\\/www.facebook.com\\\/immobilienbusiness\\\/\"]},{\"@type\":\"Person\",\"@id\":\"https:\\\/\\\/www.immobilienbusiness.ch\\\/#\\\/schema\\\/person\\\/aba8bea2db926aa0c24c08c43fe1fcd5\",\"name\":\"Alexander Wachter\",\"image\":{\"@type\":\"ImageObject\",\"inLanguage\":\"de\",\"@id\":\"https:\\\/\\\/secure.gravatar.com\\\/avatar\\\/1a09e471f5389b0e0a6416eac287e0927c7c97a7b77f9e787eba3af7aee281dd?s=96&d=mm&r=g\",\"url\":\"https:\\\/\\\/secure.gravatar.com\\\/avatar\\\/1a09e471f5389b0e0a6416eac287e0927c7c97a7b77f9e787eba3af7aee281dd?s=96&d=mm&r=g\",\"contentUrl\":\"https:\\\/\\\/secure.gravatar.com\\\/avatar\\\/1a09e471f5389b0e0a6416eac287e0927c7c97a7b77f9e787eba3af7aee281dd?s=96&d=mm&r=g\",\"caption\":\"Alexander Wachter\"},\"url\":\"https:\\\/\\\/www.immobilienbusiness.ch\\\/de\\\/author\\\/alexander-wachter\\\/\"}]}<\/script>\n<!-- \/ Yoast SEO plugin. -->","yoast_head_json":{"title":"Helvetica vermeldet F\u00fchrungswechsel - IMMOBILIEN Business","description":"Nachfolger von CEO Marc Giraudon ist per 1. November Dominik Fischer, der seit Januar letzten Jahres als Chief Investment Officer amtiert.","robots":{"index":"index","follow":"follow","max-snippet":"max-snippet:-1","max-image-preview":"max-image-preview:large","max-video-preview":"max-video-preview:-1"},"canonical":"https:\/\/www.immobilienbusiness.ch\/de\/personalia\/2025-08-13\/helvetica-vermeldet-fuehrungswechsel\/","og_locale":"de_DE","og_type":"article","og_title":"Helvetica vermeldet F\u00fchrungswechsel - IMMOBILIEN Business","og_description":"Nachfolger von CEO Marc Giraudon ist per 1. November Dominik Fischer, der seit Januar letzten Jahres als Chief Investment Officer amtiert.","og_url":"https:\/\/www.immobilienbusiness.ch\/de\/personalia\/2025-08-13\/helvetica-vermeldet-fuehrungswechsel\/","og_site_name":"IMMOBILIEN Business","article_publisher":"https:\/\/www.facebook.com\/immobilienbusiness\/","article_published_time":"2025-08-13T05:42:59+00:00","article_modified_time":"2025-08-14T07:04:25+00:00","og_image":[{"width":610,"height":534,"url":"https:\/\/www.immobilienbusiness.ch\/wp-content\/uploads\/2025\/08\/Dominik-Fischer.png","type":"image\/png"}],"author":"Alexander Wachter","twitter_card":"summary_large_image","schema":{"@context":"https:\/\/schema.org","@graph":[{"@type":"Article","@id":"https:\/\/www.immobilienbusiness.ch\/de\/personalia\/2025-08-13\/helvetica-vermeldet-fuehrungswechsel\/#article","isPartOf":{"@id":"https:\/\/www.immobilienbusiness.ch\/de\/personalia\/2025-08-13\/helvetica-vermeldet-fuehrungswechsel\/"},"author":{"name":"Alexander Wachter","@id":"https:\/\/www.immobilienbusiness.ch\/#\/schema\/person\/aba8bea2db926aa0c24c08c43fe1fcd5"},"headline":"Helvetica vermeldet F\u00fchrungswechsel","datePublished":"2025-08-13T05:42:59+00:00","dateModified":"2025-08-14T07:04:25+00:00","mainEntityOfPage":{"@id":"https:\/\/www.immobilienbusiness.ch\/de\/personalia\/2025-08-13\/helvetica-vermeldet-fuehrungswechsel\/"},"wordCount":242,"publisher":{"@id":"https:\/\/www.immobilienbusiness.ch\/#organization"},"image":{"@id":"https:\/\/www.immobilienbusiness.ch\/de\/personalia\/2025-08-13\/helvetica-vermeldet-fuehrungswechsel\/#primaryimage"},"thumbnailUrl":"https:\/\/www.immobilienbusiness.ch\/wp-content\/uploads\/2025\/08\/Dominik-Fischer.png","keywords":["Helvetica","Immobilienfonds","Personalia"],"articleSection":["PERSONALIA"],"inLanguage":"de"},{"@type":"WebPage","@id":"https:\/\/www.immobilienbusiness.ch\/de\/personalia\/2025-08-13\/helvetica-vermeldet-fuehrungswechsel\/","url":"https:\/\/www.immobilienbusiness.ch\/de\/personalia\/2025-08-13\/helvetica-vermeldet-fuehrungswechsel\/","name":"Helvetica vermeldet F\u00fchrungswechsel - IMMOBILIEN Business","isPartOf":{"@id":"https:\/\/www.immobilienbusiness.ch\/#website"},"primaryImageOfPage":{"@id":"https:\/\/www.immobilienbusiness.ch\/de\/personalia\/2025-08-13\/helvetica-vermeldet-fuehrungswechsel\/#primaryimage"},"image":{"@id":"https:\/\/www.immobilienbusiness.ch\/de\/personalia\/2025-08-13\/helvetica-vermeldet-fuehrungswechsel\/#primaryimage"},"thumbnailUrl":"https:\/\/www.immobilienbusiness.ch\/wp-content\/uploads\/2025\/08\/Dominik-Fischer.png","datePublished":"2025-08-13T05:42:59+00:00","dateModified":"2025-08-14T07:04:25+00:00","description":"Nachfolger von CEO Marc Giraudon ist per 1. November Dominik Fischer, der seit Januar letzten Jahres als Chief Investment Officer amtiert.","breadcrumb":{"@id":"https:\/\/www.immobilienbusiness.ch\/de\/personalia\/2025-08-13\/helvetica-vermeldet-fuehrungswechsel\/#breadcrumb"},"inLanguage":"de","potentialAction":[{"@type":"ReadAction","target":["https:\/\/www.immobilienbusiness.ch\/de\/personalia\/2025-08-13\/helvetica-vermeldet-fuehrungswechsel\/"]}]},{"@type":"ImageObject","inLanguage":"de","@id":"https:\/\/www.immobilienbusiness.ch\/de\/personalia\/2025-08-13\/helvetica-vermeldet-fuehrungswechsel\/#primaryimage","url":"https:\/\/www.immobilienbusiness.ch\/wp-content\/uploads\/2025\/08\/Dominik-Fischer.png","contentUrl":"https:\/\/www.immobilienbusiness.ch\/wp-content\/uploads\/2025\/08\/Dominik-Fischer.png","width":610,"height":534,"caption":"Dominik Fischer, der neue CEO des Fondsunternehmens (Bild: \u00a9 Helvetica)"},{"@type":"BreadcrumbList","@id":"https:\/\/www.immobilienbusiness.ch\/de\/personalia\/2025-08-13\/helvetica-vermeldet-fuehrungswechsel\/#breadcrumb","itemListElement":[{"@type":"ListItem","position":1,"name":"Home","item":"https:\/\/www.immobilienbusiness.ch\/"},{"@type":"ListItem","position":2,"name":"Helvetica vermeldet F\u00fchrungswechsel"}]},{"@type":"WebSite","@id":"https:\/\/www.immobilienbusiness.ch\/#website","url":"https:\/\/www.immobilienbusiness.ch\/","name":"IMMOBILIEN Business","description":"Unabh\u00e4ngiges Schweizer Wirtschaftsmagazin mit Fokus auf Immobilien, Architektur- und Bau sowie Investment- und Finanzierung.","publisher":{"@id":"https:\/\/www.immobilienbusiness.ch\/#organization"},"potentialAction":[{"@type":"SearchAction","target":{"@type":"EntryPoint","urlTemplate":"https:\/\/www.immobilienbusiness.ch\/?s={search_term_string}"},"query-input":{"@type":"PropertyValueSpecification","valueRequired":true,"valueName":"search_term_string"}}],"inLanguage":"de"},{"@type":"Organization","@id":"https:\/\/www.immobilienbusiness.ch\/#organization","name":"IMMOBILIEN Business","url":"https:\/\/www.immobilienbusiness.ch\/","logo":{"@type":"ImageObject","inLanguage":"de","@id":"https:\/\/www.immobilienbusiness.ch\/#\/schema\/logo\/image\/","url":"https:\/\/www.immobilienbusiness.ch\/wp-content\/uploads\/2021\/07\/logo_ib.png","contentUrl":"https:\/\/www.immobilienbusiness.ch\/wp-content\/uploads\/2021\/07\/logo_ib.png","width":800,"height":181,"caption":"IMMOBILIEN Business"},"image":{"@id":"https:\/\/www.immobilienbusiness.ch\/#\/schema\/logo\/image\/"},"sameAs":["https:\/\/www.facebook.com\/immobilienbusiness\/"]},{"@type":"Person","@id":"https:\/\/www.immobilienbusiness.ch\/#\/schema\/person\/aba8bea2db926aa0c24c08c43fe1fcd5","name":"Alexander Wachter","image":{"@type":"ImageObject","inLanguage":"de","@id":"https:\/\/secure.gravatar.com\/avatar\/1a09e471f5389b0e0a6416eac287e0927c7c97a7b77f9e787eba3af7aee281dd?s=96&d=mm&r=g","url":"https:\/\/secure.gravatar.com\/avatar\/1a09e471f5389b0e0a6416eac287e0927c7c97a7b77f9e787eba3af7aee281dd?s=96&d=mm&r=g","contentUrl":"https:\/\/secure.gravatar.com\/avatar\/1a09e471f5389b0e0a6416eac287e0927c7c97a7b77f9e787eba3af7aee281dd?s=96&d=mm&r=g","caption":"Alexander Wachter"},"url":"https:\/\/www.immobilienbusiness.ch\/de\/author\/alexander-wachter\/"}]}},"_links":{"self":[{"href":"https:\/\/www.immobilienbusiness.ch\/de\/wp-json\/wp\/v2\/posts\/64912","targetHints":{"allow":["GET"]}}],"collection":[{"href":"https:\/\/www.immobilienbusiness.ch\/de\/wp-json\/wp\/v2\/posts"}],"about":[{"href":"https:\/\/www.immobilienbusiness.ch\/de\/wp-json\/wp\/v2\/types\/post"}],"author":[{"embeddable":true,"href":"https:\/\/www.immobilienbusiness.ch\/de\/wp-json\/wp\/v2\/users\/102"}],"replies":[{"embeddable":true,"href":"https:\/\/www.immobilienbusiness.ch\/de\/wp-json\/wp\/v2\/comments?post=64912"}],"version-history":[{"count":6,"href":"https:\/\/www.immobilienbusiness.ch\/de\/wp-json\/wp\/v2\/posts\/64912\/revisions"}],"predecessor-version":[{"id":64917,"href":"https:\/\/www.immobilienbusiness.ch\/de\/wp-json\/wp\/v2\/posts\/64912\/revisions\/64917"}],"wp:featuredmedia":[{"embeddable":true,"href":"https:\/\/www.immobilienbusiness.ch\/de\/wp-json\/wp\/v2\/media\/64913"}],"wp:attachment":[{"href":"https:\/\/www.immobilienbusiness.ch\/de\/wp-json\/wp\/v2\/media?parent=64912"}],"wp:term":[{"taxonomy":"category","embeddable":true,"href":"https:\/\/www.immobilienbusiness.ch\/de\/wp-json\/wp\/v2\/categories?post=64912"},{"taxonomy":"post_tag","embeddable":true,"href":"https:\/\/www.immobilienbusiness.ch\/de\/wp-json\/wp\/v2\/tags?post=64912"}],"curies":[{"name":"wp","href":"https:\/\/api.w.org\/{rel}","templated":true}]}}