{"id":64892,"date":"2025-08-11T08:34:10","date_gmt":"2025-08-11T06:34:10","guid":{"rendered":"https:\/\/www.immobilienbusiness.ch\/?p=64892"},"modified":"2025-08-14T09:28:11","modified_gmt":"2025-08-14T07:28:11","slug":"mobimo-steigert-das-ergebnis-in-h1","status":"publish","type":"post","link":"https:\/\/www.immobilienbusiness.ch\/de\/unternehmen\/2025-08-11\/mobimo-steigert-das-ergebnis-in-h1\/","title":{"rendered":"Mobimo steigert das Ergebnis in H1"},"content":{"rendered":"<figure id=\"attachment_63710\" aria-describedby=\"caption-attachment-63710\" style=\"width: 471px\" class=\"wp-caption alignnone\"><a href=\"https:\/\/www.immobilienbusiness.ch\/wp-content\/uploads\/2025\/05\/Mobimo-RAD-Areal-zVg.png\"><img loading=\"lazy\" decoding=\"async\" class=\"size-full wp-image-63710\" src=\"https:\/\/www.immobilienbusiness.ch\/wp-content\/uploads\/2025\/05\/Mobimo-RAD-Areal-zVg.png\" alt=\"\" width=\"471\" height=\"469\" srcset=\"https:\/\/www.immobilienbusiness.ch\/wp-content\/uploads\/2025\/05\/Mobimo-RAD-Areal-zVg.png 471w, https:\/\/www.immobilienbusiness.ch\/wp-content\/uploads\/2025\/05\/Mobimo-RAD-Areal-zVg-300x300.png 300w, https:\/\/www.immobilienbusiness.ch\/wp-content\/uploads\/2025\/05\/Mobimo-RAD-Areal-zVg-150x150.png 150w, https:\/\/www.immobilienbusiness.ch\/wp-content\/uploads\/2025\/05\/Mobimo-RAD-Areal-zVg-12x12.png 12w, https:\/\/www.immobilienbusiness.ch\/wp-content\/uploads\/2025\/05\/Mobimo-RAD-Areal-zVg-301x300.png 301w, https:\/\/www.immobilienbusiness.ch\/wp-content\/uploads\/2025\/05\/Mobimo-RAD-Areal-zVg-351x350.png 351w, https:\/\/www.immobilienbusiness.ch\/wp-content\/uploads\/2025\/05\/Mobimo-RAD-Areal-zVg-250x250.png 250w\" sizes=\"auto, (max-width: 471px) 100vw, 471px\" \/><\/a><figcaption id=\"caption-attachment-63710\" class=\"wp-caption-text\">Eines der Projekte von Mobimo: Das RAD-Areal in Z\u00fcrich-Oerlikon (Visualisierung: zVg)<\/figcaption><\/figure>\n<p>Die Immobilien-Aktiengesellschaft Mobimo vermeldet f\u00fcr das erste Halbjahr 2025 einen Gewinn vor Bewertung in H\u00f6he von 51,5 Mio. CHF und steigerte damit die Vergleichszahl aus dem Vorjahreszeitraum (47,8 Mio. CHF). Der Erfolg aus Neubewertungen erh\u00f6hte sich von 22,0 Mio. auf 71,6 Mio. CHF, sodass sich der Unternehmensgewinn inklusive Neubewertung von 65,6 Mio. auf 109,7 Mio. CHF noch deutlich st\u00e4rker verbesserte. Die Gesch\u00e4ftsliegenschaften haben rund ein Viertel zum Bewertungsergebnis beigesteuert. Der weitaus gr\u00f6ssere Anteil entf\u00e4llt aber auf die Wohnimmobilien. Deren Anteil am Portfolio soll sich offenbar erh\u00f6hen: Laut angepasster Anlagerichtlinien k\u00f6nnen nun bis zu 50% der Ertr\u00e4ge aus dem Wohnen stammen.<\/p>\n<h3>Deutlicher Ergebniszuwachs aus Projekten und Verk\u00e4ufen<\/h3>\n<p>Der Ertrag aus Vermietung blieb mit 72,6 Mio. CHF praktisch konstant. Auf Like-for-like-Basis resultierte aber ein Mietertragswachstum von 2,2% (Vj.: 2,0%). \u00abDarin zeigt sich der Effekt der zweiten Referenzzinssatzerh\u00f6hung im Jahr 2023, der im ersten Halbjahr 2025 erstmals voll zum Tragen kam\u00bb, kommentiert Mobimo. Die Leerstandsquote erh\u00f6hte sich von 3,7 auf 3,9%. Der Erfolg aus Entwicklungen und Verkauf Promotion stieg erneut markant um 90,5% auf 24,6 Mio. CHF. Der Gesamtwert des Immobilienportfolios erh\u00f6hte sich im Jahresverlauf von 3,8 Mrd. auf 3,9 Mrd. CHF.<\/p>\n<p>Im Rahmen der Portfoliobereinigung wurde im Januar 2025 die kleine Wohnliegenschaft Genf, Rue de Photographes 12 an einen privaten Investor verkauft. Kurz nach dem Bilanzstichtag wurde zudem das Entwicklungsprojekt Sch\u00f6neggstrasse in Dietikon an einen institutionellen K\u00e4ufer ver\u00e4ussert. Erworben hat Mobimo im Bereich Stockwerkeigentum in Lausanne im Stadtteil Chailly ein Grundst\u00fcck f\u00fcr ein Projekt mit rund zw\u00f6lf Wohnungen. Zudem konnte f\u00fcr das Entwicklungsprojekt Langenthal Mitte der gr\u00f6sste Teilbereich, das ehemalige Industrieareal Geiser, nun erworben werden. Mobimo plant, direkt neben dem Bahnhof in mehreren Etappen ein Quartier zu entwickeln, darunter ein Wohnhochhaus mit 93 Wohnungen. \u00dcber den Kauf der EMWE Immobilien AG mit Immobilien in Stadt und Kanton Z\u00fcrich berichtete IB <a href=\"https:\/\/www.immobilienbusiness.ch\/de\/unternehmen\/2025-08-08\/mobimo-uebernimmt-emwe-immobilien\/\" target=\"_blank\" rel=\"noopener\">hier<\/a>.<\/p>\n<h3>\u00abZuversichtlich, Ziele zu erreichen oder zu \u00fcbertreffen\u00bb<\/h3>\n<p>Zum ersten Mal \u00fcberstieg die Bilanzsumme die Schwelle von 4 Mrd. CHF. Das Wachstum \u00e4usserte sich auch in der Aufnahme von Mobimo in den Index Stoxx Europe 600, der die 600 gr\u00f6ssten europ\u00e4ischen Unternehmen abbildet. Zur Jahresmitte zeigt sich das Unternehmen \u00abzuversichtlich, die zu Beginn des Jahres kommunizierten Ziele f\u00fcr 2025 zu erreichen bzw. aufgrund der erfreulichen Entwicklung des Promotionsgesch\u00e4fts sowie des zus\u00e4tzlichen Mietertrags aus der Akquisition zu \u00fcbertreffen\u00bb. <em>(aw)<\/em><\/p>\n","protected":false},"excerpt":{"rendered":"<p>Das Unternehmen erh\u00f6ht den Erfolg aus Entwicklung und Verkauf deutlich und zeigt sich zuversichtlich, die Jahresziele mindestens zu erreichen.<\/p>\n","protected":false},"author":102,"featured_media":63710,"comment_status":"closed","ping_status":"closed","sticky":false,"template":"","format":"standard","meta":{"_acf_changed":false,"_yoast_wpseo_focuskw":"Mobimo","_yoast_wpseo_title":"","_yoast_wpseo_metadesc":"Das Unternehmen erh\u00f6ht den Erfolg aus Entwicklung und Verkauf deutlich und zeigt sich zuversichtlich, die Jahresziele mindestens zu erreichen.","_yoast_wpseo_linkdex":73,"pgc_sgb_lightbox_settings":"","footnotes":""},"categories":[988],"tags":[1290,1329,1503],"class_list":["post-64892","post","type-post","status-publish","format-standard","has-post-thumbnail","hentry","category-unternehmen","tag-halbjahresergebnis","tag-immobilien-ag","tag-mobimo"],"acf":[],"yoast_head":"<!-- This site is optimized with the Yoast SEO plugin v27.5 - https:\/\/yoast.com\/product\/yoast-seo-wordpress\/ -->\n<title>Mobimo steigert das Ergebnis in H1 - IMMOBILIEN Business<\/title>\n<meta name=\"description\" content=\"Das Unternehmen erh\u00f6ht den Erfolg aus Entwicklung und Verkauf deutlich und zeigt sich zuversichtlich, die Jahresziele mindestens zu erreichen.\" \/>\n<meta name=\"robots\" content=\"index, follow, max-snippet:-1, max-image-preview:large, max-video-preview:-1\" \/>\n<link rel=\"canonical\" href=\"https:\/\/www.immobilienbusiness.ch\/de\/unternehmen\/2025-08-11\/mobimo-steigert-das-ergebnis-in-h1\/\" \/>\n<meta property=\"og:locale\" content=\"de_DE\" \/>\n<meta property=\"og:type\" content=\"article\" \/>\n<meta property=\"og:title\" content=\"Mobimo steigert das Ergebnis in H1 - IMMOBILIEN Business\" \/>\n<meta property=\"og:description\" content=\"Das Unternehmen erh\u00f6ht den Erfolg aus Entwicklung und Verkauf deutlich und zeigt sich zuversichtlich, die Jahresziele mindestens zu erreichen.\" \/>\n<meta property=\"og:url\" content=\"https:\/\/www.immobilienbusiness.ch\/de\/unternehmen\/2025-08-11\/mobimo-steigert-das-ergebnis-in-h1\/\" \/>\n<meta property=\"og:site_name\" content=\"IMMOBILIEN Business\" \/>\n<meta property=\"article:publisher\" content=\"https:\/\/www.facebook.com\/immobilienbusiness\/\" \/>\n<meta property=\"article:published_time\" content=\"2025-08-11T06:34:10+00:00\" \/>\n<meta property=\"article:modified_time\" content=\"2025-08-14T07:28:11+00:00\" \/>\n<meta property=\"og:image\" content=\"https:\/\/www.immobilienbusiness.ch\/wp-content\/uploads\/2025\/05\/Mobimo-RAD-Areal-zVg.png\" \/>\n\t<meta property=\"og:image:width\" content=\"471\" \/>\n\t<meta property=\"og:image:height\" content=\"469\" \/>\n\t<meta property=\"og:image:type\" content=\"image\/png\" \/>\n<meta name=\"author\" content=\"Alexander Wachter\" \/>\n<meta name=\"twitter:card\" content=\"summary_large_image\" \/>\n<script type=\"application\/ld+json\" class=\"yoast-schema-graph\">{\"@context\":\"https:\\\/\\\/schema.org\",\"@graph\":[{\"@type\":\"Article\",\"@id\":\"https:\\\/\\\/www.immobilienbusiness.ch\\\/de\\\/unternehmen\\\/2025-08-11\\\/mobimo-steigert-das-ergebnis-in-h1\\\/#article\",\"isPartOf\":{\"@id\":\"https:\\\/\\\/www.immobilienbusiness.ch\\\/de\\\/unternehmen\\\/2025-08-11\\\/mobimo-steigert-das-ergebnis-in-h1\\\/\"},\"author\":{\"name\":\"Alexander Wachter\",\"@id\":\"https:\\\/\\\/www.immobilienbusiness.ch\\\/#\\\/schema\\\/person\\\/aba8bea2db926aa0c24c08c43fe1fcd5\"},\"headline\":\"Mobimo steigert das Ergebnis in H1\",\"datePublished\":\"2025-08-11T06:34:10+00:00\",\"dateModified\":\"2025-08-14T07:28:11+00:00\",\"mainEntityOfPage\":{\"@id\":\"https:\\\/\\\/www.immobilienbusiness.ch\\\/de\\\/unternehmen\\\/2025-08-11\\\/mobimo-steigert-das-ergebnis-in-h1\\\/\"},\"wordCount\":403,\"publisher\":{\"@id\":\"https:\\\/\\\/www.immobilienbusiness.ch\\\/#organization\"},\"image\":{\"@id\":\"https:\\\/\\\/www.immobilienbusiness.ch\\\/de\\\/unternehmen\\\/2025-08-11\\\/mobimo-steigert-das-ergebnis-in-h1\\\/#primaryimage\"},\"thumbnailUrl\":\"https:\\\/\\\/www.immobilienbusiness.ch\\\/wp-content\\\/uploads\\\/2025\\\/05\\\/Mobimo-RAD-Areal-zVg.png\",\"keywords\":[\"Halbjahresergebnis\",\"Immobilien-AG\",\"Mobimo\"],\"articleSection\":[\"UNTERNEHMEN\"],\"inLanguage\":\"de\"},{\"@type\":\"WebPage\",\"@id\":\"https:\\\/\\\/www.immobilienbusiness.ch\\\/de\\\/unternehmen\\\/2025-08-11\\\/mobimo-steigert-das-ergebnis-in-h1\\\/\",\"url\":\"https:\\\/\\\/www.immobilienbusiness.ch\\\/de\\\/unternehmen\\\/2025-08-11\\\/mobimo-steigert-das-ergebnis-in-h1\\\/\",\"name\":\"Mobimo steigert das Ergebnis in H1 - IMMOBILIEN Business\",\"isPartOf\":{\"@id\":\"https:\\\/\\\/www.immobilienbusiness.ch\\\/#website\"},\"primaryImageOfPage\":{\"@id\":\"https:\\\/\\\/www.immobilienbusiness.ch\\\/de\\\/unternehmen\\\/2025-08-11\\\/mobimo-steigert-das-ergebnis-in-h1\\\/#primaryimage\"},\"image\":{\"@id\":\"https:\\\/\\\/www.immobilienbusiness.ch\\\/de\\\/unternehmen\\\/2025-08-11\\\/mobimo-steigert-das-ergebnis-in-h1\\\/#primaryimage\"},\"thumbnailUrl\":\"https:\\\/\\\/www.immobilienbusiness.ch\\\/wp-content\\\/uploads\\\/2025\\\/05\\\/Mobimo-RAD-Areal-zVg.png\",\"datePublished\":\"2025-08-11T06:34:10+00:00\",\"dateModified\":\"2025-08-14T07:28:11+00:00\",\"description\":\"Das Unternehmen erh\u00f6ht den Erfolg aus Entwicklung und Verkauf deutlich und zeigt sich zuversichtlich, die Jahresziele mindestens zu erreichen.\",\"breadcrumb\":{\"@id\":\"https:\\\/\\\/www.immobilienbusiness.ch\\\/de\\\/unternehmen\\\/2025-08-11\\\/mobimo-steigert-das-ergebnis-in-h1\\\/#breadcrumb\"},\"inLanguage\":\"de\",\"potentialAction\":[{\"@type\":\"ReadAction\",\"target\":[\"https:\\\/\\\/www.immobilienbusiness.ch\\\/de\\\/unternehmen\\\/2025-08-11\\\/mobimo-steigert-das-ergebnis-in-h1\\\/\"]}]},{\"@type\":\"ImageObject\",\"inLanguage\":\"de\",\"@id\":\"https:\\\/\\\/www.immobilienbusiness.ch\\\/de\\\/unternehmen\\\/2025-08-11\\\/mobimo-steigert-das-ergebnis-in-h1\\\/#primaryimage\",\"url\":\"https:\\\/\\\/www.immobilienbusiness.ch\\\/wp-content\\\/uploads\\\/2025\\\/05\\\/Mobimo-RAD-Areal-zVg.png\",\"contentUrl\":\"https:\\\/\\\/www.immobilienbusiness.ch\\\/wp-content\\\/uploads\\\/2025\\\/05\\\/Mobimo-RAD-Areal-zVg.png\",\"width\":471,\"height\":469,\"caption\":\"Eines der Projekte von Mobimo: Das RAD-Areal in Z\u00fcrich-Oerlikon (Visualisierung: zVg)\"},{\"@type\":\"BreadcrumbList\",\"@id\":\"https:\\\/\\\/www.immobilienbusiness.ch\\\/de\\\/unternehmen\\\/2025-08-11\\\/mobimo-steigert-das-ergebnis-in-h1\\\/#breadcrumb\",\"itemListElement\":[{\"@type\":\"ListItem\",\"position\":1,\"name\":\"Home\",\"item\":\"https:\\\/\\\/www.immobilienbusiness.ch\\\/\"},{\"@type\":\"ListItem\",\"position\":2,\"name\":\"Mobimo steigert das Ergebnis in H1\"}]},{\"@type\":\"WebSite\",\"@id\":\"https:\\\/\\\/www.immobilienbusiness.ch\\\/#website\",\"url\":\"https:\\\/\\\/www.immobilienbusiness.ch\\\/\",\"name\":\"IMMOBILIEN Business\",\"description\":\"Unabh\u00e4ngiges Schweizer Wirtschaftsmagazin mit Fokus auf Immobilien, Architektur- und Bau sowie Investment- und Finanzierung.\",\"publisher\":{\"@id\":\"https:\\\/\\\/www.immobilienbusiness.ch\\\/#organization\"},\"potentialAction\":[{\"@type\":\"SearchAction\",\"target\":{\"@type\":\"EntryPoint\",\"urlTemplate\":\"https:\\\/\\\/www.immobilienbusiness.ch\\\/?s={search_term_string}\"},\"query-input\":{\"@type\":\"PropertyValueSpecification\",\"valueRequired\":true,\"valueName\":\"search_term_string\"}}],\"inLanguage\":\"de\"},{\"@type\":\"Organization\",\"@id\":\"https:\\\/\\\/www.immobilienbusiness.ch\\\/#organization\",\"name\":\"IMMOBILIEN Business\",\"url\":\"https:\\\/\\\/www.immobilienbusiness.ch\\\/\",\"logo\":{\"@type\":\"ImageObject\",\"inLanguage\":\"de\",\"@id\":\"https:\\\/\\\/www.immobilienbusiness.ch\\\/#\\\/schema\\\/logo\\\/image\\\/\",\"url\":\"https:\\\/\\\/www.immobilienbusiness.ch\\\/wp-content\\\/uploads\\\/2021\\\/07\\\/logo_ib.png\",\"contentUrl\":\"https:\\\/\\\/www.immobilienbusiness.ch\\\/wp-content\\\/uploads\\\/2021\\\/07\\\/logo_ib.png\",\"width\":800,\"height\":181,\"caption\":\"IMMOBILIEN Business\"},\"image\":{\"@id\":\"https:\\\/\\\/www.immobilienbusiness.ch\\\/#\\\/schema\\\/logo\\\/image\\\/\"},\"sameAs\":[\"https:\\\/\\\/www.facebook.com\\\/immobilienbusiness\\\/\"]},{\"@type\":\"Person\",\"@id\":\"https:\\\/\\\/www.immobilienbusiness.ch\\\/#\\\/schema\\\/person\\\/aba8bea2db926aa0c24c08c43fe1fcd5\",\"name\":\"Alexander Wachter\",\"image\":{\"@type\":\"ImageObject\",\"inLanguage\":\"de\",\"@id\":\"https:\\\/\\\/secure.gravatar.com\\\/avatar\\\/1a09e471f5389b0e0a6416eac287e0927c7c97a7b77f9e787eba3af7aee281dd?s=96&d=mm&r=g\",\"url\":\"https:\\\/\\\/secure.gravatar.com\\\/avatar\\\/1a09e471f5389b0e0a6416eac287e0927c7c97a7b77f9e787eba3af7aee281dd?s=96&d=mm&r=g\",\"contentUrl\":\"https:\\\/\\\/secure.gravatar.com\\\/avatar\\\/1a09e471f5389b0e0a6416eac287e0927c7c97a7b77f9e787eba3af7aee281dd?s=96&d=mm&r=g\",\"caption\":\"Alexander Wachter\"},\"url\":\"https:\\\/\\\/www.immobilienbusiness.ch\\\/de\\\/author\\\/alexander-wachter\\\/\"}]}<\/script>\n<!-- \/ Yoast SEO plugin. -->","yoast_head_json":{"title":"Mobimo steigert das Ergebnis in H1 - IMMOBILIEN Business","description":"Das Unternehmen erh\u00f6ht den Erfolg aus Entwicklung und Verkauf deutlich und zeigt sich zuversichtlich, die Jahresziele mindestens zu erreichen.","robots":{"index":"index","follow":"follow","max-snippet":"max-snippet:-1","max-image-preview":"max-image-preview:large","max-video-preview":"max-video-preview:-1"},"canonical":"https:\/\/www.immobilienbusiness.ch\/de\/unternehmen\/2025-08-11\/mobimo-steigert-das-ergebnis-in-h1\/","og_locale":"de_DE","og_type":"article","og_title":"Mobimo steigert das Ergebnis in H1 - IMMOBILIEN Business","og_description":"Das Unternehmen erh\u00f6ht den Erfolg aus Entwicklung und Verkauf deutlich und zeigt sich zuversichtlich, die Jahresziele mindestens zu erreichen.","og_url":"https:\/\/www.immobilienbusiness.ch\/de\/unternehmen\/2025-08-11\/mobimo-steigert-das-ergebnis-in-h1\/","og_site_name":"IMMOBILIEN Business","article_publisher":"https:\/\/www.facebook.com\/immobilienbusiness\/","article_published_time":"2025-08-11T06:34:10+00:00","article_modified_time":"2025-08-14T07:28:11+00:00","og_image":[{"width":471,"height":469,"url":"https:\/\/www.immobilienbusiness.ch\/wp-content\/uploads\/2025\/05\/Mobimo-RAD-Areal-zVg.png","type":"image\/png"}],"author":"Alexander Wachter","twitter_card":"summary_large_image","schema":{"@context":"https:\/\/schema.org","@graph":[{"@type":"Article","@id":"https:\/\/www.immobilienbusiness.ch\/de\/unternehmen\/2025-08-11\/mobimo-steigert-das-ergebnis-in-h1\/#article","isPartOf":{"@id":"https:\/\/www.immobilienbusiness.ch\/de\/unternehmen\/2025-08-11\/mobimo-steigert-das-ergebnis-in-h1\/"},"author":{"name":"Alexander Wachter","@id":"https:\/\/www.immobilienbusiness.ch\/#\/schema\/person\/aba8bea2db926aa0c24c08c43fe1fcd5"},"headline":"Mobimo steigert das Ergebnis in H1","datePublished":"2025-08-11T06:34:10+00:00","dateModified":"2025-08-14T07:28:11+00:00","mainEntityOfPage":{"@id":"https:\/\/www.immobilienbusiness.ch\/de\/unternehmen\/2025-08-11\/mobimo-steigert-das-ergebnis-in-h1\/"},"wordCount":403,"publisher":{"@id":"https:\/\/www.immobilienbusiness.ch\/#organization"},"image":{"@id":"https:\/\/www.immobilienbusiness.ch\/de\/unternehmen\/2025-08-11\/mobimo-steigert-das-ergebnis-in-h1\/#primaryimage"},"thumbnailUrl":"https:\/\/www.immobilienbusiness.ch\/wp-content\/uploads\/2025\/05\/Mobimo-RAD-Areal-zVg.png","keywords":["Halbjahresergebnis","Immobilien-AG","Mobimo"],"articleSection":["UNTERNEHMEN"],"inLanguage":"de"},{"@type":"WebPage","@id":"https:\/\/www.immobilienbusiness.ch\/de\/unternehmen\/2025-08-11\/mobimo-steigert-das-ergebnis-in-h1\/","url":"https:\/\/www.immobilienbusiness.ch\/de\/unternehmen\/2025-08-11\/mobimo-steigert-das-ergebnis-in-h1\/","name":"Mobimo steigert das Ergebnis in H1 - IMMOBILIEN Business","isPartOf":{"@id":"https:\/\/www.immobilienbusiness.ch\/#website"},"primaryImageOfPage":{"@id":"https:\/\/www.immobilienbusiness.ch\/de\/unternehmen\/2025-08-11\/mobimo-steigert-das-ergebnis-in-h1\/#primaryimage"},"image":{"@id":"https:\/\/www.immobilienbusiness.ch\/de\/unternehmen\/2025-08-11\/mobimo-steigert-das-ergebnis-in-h1\/#primaryimage"},"thumbnailUrl":"https:\/\/www.immobilienbusiness.ch\/wp-content\/uploads\/2025\/05\/Mobimo-RAD-Areal-zVg.png","datePublished":"2025-08-11T06:34:10+00:00","dateModified":"2025-08-14T07:28:11+00:00","description":"Das Unternehmen erh\u00f6ht den Erfolg aus Entwicklung und Verkauf deutlich und zeigt sich zuversichtlich, die Jahresziele mindestens zu erreichen.","breadcrumb":{"@id":"https:\/\/www.immobilienbusiness.ch\/de\/unternehmen\/2025-08-11\/mobimo-steigert-das-ergebnis-in-h1\/#breadcrumb"},"inLanguage":"de","potentialAction":[{"@type":"ReadAction","target":["https:\/\/www.immobilienbusiness.ch\/de\/unternehmen\/2025-08-11\/mobimo-steigert-das-ergebnis-in-h1\/"]}]},{"@type":"ImageObject","inLanguage":"de","@id":"https:\/\/www.immobilienbusiness.ch\/de\/unternehmen\/2025-08-11\/mobimo-steigert-das-ergebnis-in-h1\/#primaryimage","url":"https:\/\/www.immobilienbusiness.ch\/wp-content\/uploads\/2025\/05\/Mobimo-RAD-Areal-zVg.png","contentUrl":"https:\/\/www.immobilienbusiness.ch\/wp-content\/uploads\/2025\/05\/Mobimo-RAD-Areal-zVg.png","width":471,"height":469,"caption":"Eines der Projekte von Mobimo: Das RAD-Areal in Z\u00fcrich-Oerlikon (Visualisierung: zVg)"},{"@type":"BreadcrumbList","@id":"https:\/\/www.immobilienbusiness.ch\/de\/unternehmen\/2025-08-11\/mobimo-steigert-das-ergebnis-in-h1\/#breadcrumb","itemListElement":[{"@type":"ListItem","position":1,"name":"Home","item":"https:\/\/www.immobilienbusiness.ch\/"},{"@type":"ListItem","position":2,"name":"Mobimo steigert das Ergebnis in H1"}]},{"@type":"WebSite","@id":"https:\/\/www.immobilienbusiness.ch\/#website","url":"https:\/\/www.immobilienbusiness.ch\/","name":"IMMOBILIEN Business","description":"Unabh\u00e4ngiges Schweizer Wirtschaftsmagazin mit Fokus auf Immobilien, Architektur- und Bau sowie Investment- und Finanzierung.","publisher":{"@id":"https:\/\/www.immobilienbusiness.ch\/#organization"},"potentialAction":[{"@type":"SearchAction","target":{"@type":"EntryPoint","urlTemplate":"https:\/\/www.immobilienbusiness.ch\/?s={search_term_string}"},"query-input":{"@type":"PropertyValueSpecification","valueRequired":true,"valueName":"search_term_string"}}],"inLanguage":"de"},{"@type":"Organization","@id":"https:\/\/www.immobilienbusiness.ch\/#organization","name":"IMMOBILIEN Business","url":"https:\/\/www.immobilienbusiness.ch\/","logo":{"@type":"ImageObject","inLanguage":"de","@id":"https:\/\/www.immobilienbusiness.ch\/#\/schema\/logo\/image\/","url":"https:\/\/www.immobilienbusiness.ch\/wp-content\/uploads\/2021\/07\/logo_ib.png","contentUrl":"https:\/\/www.immobilienbusiness.ch\/wp-content\/uploads\/2021\/07\/logo_ib.png","width":800,"height":181,"caption":"IMMOBILIEN Business"},"image":{"@id":"https:\/\/www.immobilienbusiness.ch\/#\/schema\/logo\/image\/"},"sameAs":["https:\/\/www.facebook.com\/immobilienbusiness\/"]},{"@type":"Person","@id":"https:\/\/www.immobilienbusiness.ch\/#\/schema\/person\/aba8bea2db926aa0c24c08c43fe1fcd5","name":"Alexander Wachter","image":{"@type":"ImageObject","inLanguage":"de","@id":"https:\/\/secure.gravatar.com\/avatar\/1a09e471f5389b0e0a6416eac287e0927c7c97a7b77f9e787eba3af7aee281dd?s=96&d=mm&r=g","url":"https:\/\/secure.gravatar.com\/avatar\/1a09e471f5389b0e0a6416eac287e0927c7c97a7b77f9e787eba3af7aee281dd?s=96&d=mm&r=g","contentUrl":"https:\/\/secure.gravatar.com\/avatar\/1a09e471f5389b0e0a6416eac287e0927c7c97a7b77f9e787eba3af7aee281dd?s=96&d=mm&r=g","caption":"Alexander Wachter"},"url":"https:\/\/www.immobilienbusiness.ch\/de\/author\/alexander-wachter\/"}]}},"_links":{"self":[{"href":"https:\/\/www.immobilienbusiness.ch\/de\/wp-json\/wp\/v2\/posts\/64892","targetHints":{"allow":["GET"]}}],"collection":[{"href":"https:\/\/www.immobilienbusiness.ch\/de\/wp-json\/wp\/v2\/posts"}],"about":[{"href":"https:\/\/www.immobilienbusiness.ch\/de\/wp-json\/wp\/v2\/types\/post"}],"author":[{"embeddable":true,"href":"https:\/\/www.immobilienbusiness.ch\/de\/wp-json\/wp\/v2\/users\/102"}],"replies":[{"embeddable":true,"href":"https:\/\/www.immobilienbusiness.ch\/de\/wp-json\/wp\/v2\/comments?post=64892"}],"version-history":[{"count":4,"href":"https:\/\/www.immobilienbusiness.ch\/de\/wp-json\/wp\/v2\/posts\/64892\/revisions"}],"predecessor-version":[{"id":64946,"href":"https:\/\/www.immobilienbusiness.ch\/de\/wp-json\/wp\/v2\/posts\/64892\/revisions\/64946"}],"wp:featuredmedia":[{"embeddable":true,"href":"https:\/\/www.immobilienbusiness.ch\/de\/wp-json\/wp\/v2\/media\/63710"}],"wp:attachment":[{"href":"https:\/\/www.immobilienbusiness.ch\/de\/wp-json\/wp\/v2\/media?parent=64892"}],"wp:term":[{"taxonomy":"category","embeddable":true,"href":"https:\/\/www.immobilienbusiness.ch\/de\/wp-json\/wp\/v2\/categories?post=64892"},{"taxonomy":"post_tag","embeddable":true,"href":"https:\/\/www.immobilienbusiness.ch\/de\/wp-json\/wp\/v2\/tags?post=64892"}],"curies":[{"name":"wp","href":"https:\/\/api.w.org\/{rel}","templated":true}]}}