{"id":64789,"date":"2025-07-30T07:23:27","date_gmt":"2025-07-30T05:23:27","guid":{"rendered":"https:\/\/www.immobilienbusiness.ch\/?p=64789"},"modified":"2025-07-31T09:08:55","modified_gmt":"2025-07-31T07:08:55","slug":"procimmo-sicav-drei-teilvermoegen-planen-emission","status":"publish","type":"post","link":"https:\/\/www.immobilienbusiness.ch\/de\/unternehmen\/2025-07-30\/procimmo-sicav-drei-teilvermoegen-planen-emission\/","title":{"rendered":"Procimmo SICAV: Drei Teilverm\u00f6gen planen Emission"},"content":{"rendered":"<figure id=\"attachment_64332\" aria-describedby=\"caption-attachment-64332\" style=\"width: 768px\" class=\"wp-caption alignnone\"><a href=\"https:\/\/www.immobilienbusiness.ch\/wp-content\/uploads\/2025\/07\/Depositphotos_643379662_L-scaled.jpg\"><img loading=\"lazy\" decoding=\"async\" class=\"size-large wp-image-64332\" src=\"https:\/\/www.immobilienbusiness.ch\/wp-content\/uploads\/2025\/07\/Depositphotos_643379662_L-1024x682.jpg\" alt=\"\" width=\"768\" height=\"512\" srcset=\"https:\/\/www.immobilienbusiness.ch\/wp-content\/uploads\/2025\/07\/Depositphotos_643379662_L-1024x682.jpg 1024w, https:\/\/www.immobilienbusiness.ch\/wp-content\/uploads\/2025\/07\/Depositphotos_643379662_L-300x200.jpg 300w, https:\/\/www.immobilienbusiness.ch\/wp-content\/uploads\/2025\/07\/Depositphotos_643379662_L-768x512.jpg 768w, https:\/\/www.immobilienbusiness.ch\/wp-content\/uploads\/2025\/07\/Depositphotos_643379662_L-1536x1024.jpg 1536w, https:\/\/www.immobilienbusiness.ch\/wp-content\/uploads\/2025\/07\/Depositphotos_643379662_L-18x12.jpg 18w, https:\/\/www.immobilienbusiness.ch\/wp-content\/uploads\/2025\/07\/Depositphotos_643379662_L-375x250.jpg 375w, https:\/\/www.immobilienbusiness.ch\/wp-content\/uploads\/2025\/07\/Depositphotos_643379662_L-525x350.jpg 525w, https:\/\/www.immobilienbusiness.ch\/wp-content\/uploads\/2025\/07\/Depositphotos_643379662_L-1000x667.jpg 1000w, https:\/\/www.immobilienbusiness.ch\/wp-content\/uploads\/2025\/07\/Depositphotos_643379662_L-scaled.jpg 1200w\" sizes=\"auto, (max-width: 768px) 100vw, 768px\" \/><\/a><figcaption id=\"caption-attachment-64332\" class=\"wp-caption-text\">Procimmo sucht frisches Kapital f\u00fcr seine SICAV (Bild: \u00a9 Depositphotos)<\/figcaption><\/figure>\n<p>Die Procimmo Real Estate SICAV hat eine Kapitalerh\u00f6hung f\u00fcr die Teilverm\u00f6gen \u00abIndustrial\u00bb, \u00abResidential\u00bb und \u00abResidential PK\u00bb angek\u00fcndigt. Beide Emissionen sollen im vierten Quartal stattfinden. Das Zielvolumen f\u00fcr das Teilverm\u00f6gen \u00abIndustrial\u00bb betr\u00e4gt 100 Mio. CHF, f\u00fcr \u00abResidential\u00bb sind 30 Mio. CHF geplant. Weitere 40 Mio. CHF soll der \u00abResidential PK\u00bb aufnehmen. Details will die Fondsleitung nach Bekanntgabe der Jahresergebnisse per 30. Juni bekannt geben.<\/p>\n<p>Das Bruttoverm\u00f6gen der \u00abProcimmo Real Estate SICAV \u2013 Industrial\u00bb betr\u00e4gt rd. 2 Mrd. CHF und ist laut Angaben von Procimmo der gr\u00f6sste an der SIX Swiss Exchange kotierte Immobilienfonds der Schweiz, der auf Industrie, Gewerbe und Logistik spezialisiert ist. Die Teilverm\u00f6gen \u00abResidential\u00bb und \u00abResidential PK\u00bb kommen jeweils auf gut 500 Mio. CHF. <em>(aw)<\/em><\/p>\n","protected":false},"excerpt":{"rendered":"<p>Die Teilverm\u00f6gen \u00abIndustrial\u00bb, \u00abResidential\u00bb und \u00abResidential PK\u00bb des Procimmo Real Estate SICAV wollen im vierten Quartal zusammen 170 Millionen Franken aufnehmen.<\/p>\n","protected":false},"author":102,"featured_media":64332,"comment_status":"closed","ping_status":"closed","sticky":false,"template":"","format":"standard","meta":{"_acf_changed":false,"_yoast_wpseo_focuskw":"Procimmo","_yoast_wpseo_title":"","_yoast_wpseo_metadesc":"Die Teilverm\u00f6gen \u00abIndustrial\u00bb und \u00abResidential\u00bb des Procimmo Real Estate Sicav wollen im vierten Quartal zusammen 130 Millionen Franken aufnehmen.","_yoast_wpseo_linkdex":55,"pgc_sgb_lightbox_settings":"","footnotes":""},"categories":[988],"tags":[2132,1344,1969,1412,1451,1597,1863],"class_list":["post-64789","post","type-post","status-publish","format-standard","has-post-thumbnail","hentry","category-unternehmen","tag-gewerbe","tag-immobilienfonds","tag-industrie","tag-kapitalerhoehung","tag-logistik","tag-procimmo","tag-wohnimmobilien"],"acf":[],"yoast_head":"<!-- This site is optimized with the Yoast SEO plugin v27.4 - https:\/\/yoast.com\/product\/yoast-seo-wordpress\/ -->\n<title>Procimmo SICAV: Drei Teilverm\u00f6gen planen Emission - IMMOBILIEN Business<\/title>\n<meta name=\"description\" content=\"Die Teilverm\u00f6gen \u00abIndustrial\u00bb und \u00abResidential\u00bb des Procimmo Real Estate Sicav wollen im vierten Quartal zusammen 130 Millionen Franken aufnehmen.\" \/>\n<meta name=\"robots\" content=\"index, follow, max-snippet:-1, max-image-preview:large, max-video-preview:-1\" \/>\n<link rel=\"canonical\" href=\"https:\/\/www.immobilienbusiness.ch\/de\/unternehmen\/2025-07-30\/procimmo-sicav-drei-teilvermoegen-planen-emission\/\" \/>\n<meta property=\"og:locale\" content=\"de_DE\" \/>\n<meta property=\"og:type\" content=\"article\" \/>\n<meta property=\"og:title\" content=\"Procimmo SICAV: Drei Teilverm\u00f6gen planen Emission - IMMOBILIEN Business\" \/>\n<meta property=\"og:description\" content=\"Die Teilverm\u00f6gen \u00abIndustrial\u00bb und \u00abResidential\u00bb des Procimmo Real Estate Sicav wollen im vierten Quartal zusammen 130 Millionen Franken aufnehmen.\" \/>\n<meta property=\"og:url\" content=\"https:\/\/www.immobilienbusiness.ch\/de\/unternehmen\/2025-07-30\/procimmo-sicav-drei-teilvermoegen-planen-emission\/\" \/>\n<meta property=\"og:site_name\" content=\"IMMOBILIEN Business\" \/>\n<meta property=\"article:publisher\" content=\"https:\/\/www.facebook.com\/immobilienbusiness\/\" \/>\n<meta property=\"article:published_time\" content=\"2025-07-30T05:23:27+00:00\" \/>\n<meta property=\"article:modified_time\" content=\"2025-07-31T07:08:55+00:00\" \/>\n<meta property=\"og:image\" content=\"https:\/\/www.immobilienbusiness.ch\/wp-content\/uploads\/2025\/07\/Depositphotos_643379662_L-scaled.jpg\" \/>\n\t<meta property=\"og:image:width\" content=\"1200\" \/>\n\t<meta property=\"og:image:height\" content=\"800\" \/>\n\t<meta property=\"og:image:type\" content=\"image\/jpeg\" \/>\n<meta name=\"author\" content=\"Alexander Wachter\" \/>\n<meta name=\"twitter:card\" content=\"summary_large_image\" \/>\n<script type=\"application\/ld+json\" class=\"yoast-schema-graph\">{\"@context\":\"https:\\\/\\\/schema.org\",\"@graph\":[{\"@type\":\"Article\",\"@id\":\"https:\\\/\\\/www.immobilienbusiness.ch\\\/unternehmen\\\/2025-07-30\\\/procimmo-sicav-drei-teilvermoegen-planen-emission\\\/#article\",\"isPartOf\":{\"@id\":\"https:\\\/\\\/www.immobilienbusiness.ch\\\/unternehmen\\\/2025-07-30\\\/procimmo-sicav-drei-teilvermoegen-planen-emission\\\/\"},\"author\":{\"name\":\"Alexander Wachter\",\"@id\":\"https:\\\/\\\/www.immobilienbusiness.ch\\\/#\\\/schema\\\/person\\\/aba8bea2db926aa0c24c08c43fe1fcd5\"},\"headline\":\"Procimmo SICAV: Drei Teilverm\u00f6gen planen Emission\",\"datePublished\":\"2025-07-30T05:23:27+00:00\",\"dateModified\":\"2025-07-31T07:08:55+00:00\",\"mainEntityOfPage\":{\"@id\":\"https:\\\/\\\/www.immobilienbusiness.ch\\\/unternehmen\\\/2025-07-30\\\/procimmo-sicav-drei-teilvermoegen-planen-emission\\\/\"},\"wordCount\":145,\"publisher\":{\"@id\":\"https:\\\/\\\/www.immobilienbusiness.ch\\\/#organization\"},\"image\":{\"@id\":\"https:\\\/\\\/www.immobilienbusiness.ch\\\/unternehmen\\\/2025-07-30\\\/procimmo-sicav-drei-teilvermoegen-planen-emission\\\/#primaryimage\"},\"thumbnailUrl\":\"https:\\\/\\\/www.immobilienbusiness.ch\\\/wp-content\\\/uploads\\\/2025\\\/07\\\/Depositphotos_643379662_L-scaled.jpg\",\"keywords\":[\"Gewerbe\",\"Immobilienfonds\",\"Industrie\",\"Kapitalerh\u00f6hung\",\"Logistik\",\"Procimmo\",\"Wohnimmobilien\"],\"articleSection\":[\"UNTERNEHMEN\"],\"inLanguage\":\"de\"},{\"@type\":\"WebPage\",\"@id\":\"https:\\\/\\\/www.immobilienbusiness.ch\\\/unternehmen\\\/2025-07-30\\\/procimmo-sicav-drei-teilvermoegen-planen-emission\\\/\",\"url\":\"https:\\\/\\\/www.immobilienbusiness.ch\\\/unternehmen\\\/2025-07-30\\\/procimmo-sicav-drei-teilvermoegen-planen-emission\\\/\",\"name\":\"Procimmo SICAV: Drei Teilverm\u00f6gen planen Emission - IMMOBILIEN Business\",\"isPartOf\":{\"@id\":\"https:\\\/\\\/www.immobilienbusiness.ch\\\/#website\"},\"primaryImageOfPage\":{\"@id\":\"https:\\\/\\\/www.immobilienbusiness.ch\\\/unternehmen\\\/2025-07-30\\\/procimmo-sicav-drei-teilvermoegen-planen-emission\\\/#primaryimage\"},\"image\":{\"@id\":\"https:\\\/\\\/www.immobilienbusiness.ch\\\/unternehmen\\\/2025-07-30\\\/procimmo-sicav-drei-teilvermoegen-planen-emission\\\/#primaryimage\"},\"thumbnailUrl\":\"https:\\\/\\\/www.immobilienbusiness.ch\\\/wp-content\\\/uploads\\\/2025\\\/07\\\/Depositphotos_643379662_L-scaled.jpg\",\"datePublished\":\"2025-07-30T05:23:27+00:00\",\"dateModified\":\"2025-07-31T07:08:55+00:00\",\"description\":\"Die Teilverm\u00f6gen \u00abIndustrial\u00bb und \u00abResidential\u00bb des Procimmo Real Estate Sicav wollen im vierten Quartal zusammen 130 Millionen Franken aufnehmen.\",\"breadcrumb\":{\"@id\":\"https:\\\/\\\/www.immobilienbusiness.ch\\\/unternehmen\\\/2025-07-30\\\/procimmo-sicav-drei-teilvermoegen-planen-emission\\\/#breadcrumb\"},\"inLanguage\":\"de\",\"potentialAction\":[{\"@type\":\"ReadAction\",\"target\":[\"https:\\\/\\\/www.immobilienbusiness.ch\\\/unternehmen\\\/2025-07-30\\\/procimmo-sicav-drei-teilvermoegen-planen-emission\\\/\"]}]},{\"@type\":\"ImageObject\",\"inLanguage\":\"de\",\"@id\":\"https:\\\/\\\/www.immobilienbusiness.ch\\\/unternehmen\\\/2025-07-30\\\/procimmo-sicav-drei-teilvermoegen-planen-emission\\\/#primaryimage\",\"url\":\"https:\\\/\\\/www.immobilienbusiness.ch\\\/wp-content\\\/uploads\\\/2025\\\/07\\\/Depositphotos_643379662_L-scaled.jpg\",\"contentUrl\":\"https:\\\/\\\/www.immobilienbusiness.ch\\\/wp-content\\\/uploads\\\/2025\\\/07\\\/Depositphotos_643379662_L-scaled.jpg\",\"width\":1200,\"height\":800,\"caption\":\"Die Anlagegruppe hat sich frisches Kapital f\u00fcr Investitionen beschafft (Bild: \u00a9 Depositphotos)\"},{\"@type\":\"BreadcrumbList\",\"@id\":\"https:\\\/\\\/www.immobilienbusiness.ch\\\/unternehmen\\\/2025-07-30\\\/procimmo-sicav-drei-teilvermoegen-planen-emission\\\/#breadcrumb\",\"itemListElement\":[{\"@type\":\"ListItem\",\"position\":1,\"name\":\"Home\",\"item\":\"https:\\\/\\\/www.immobilienbusiness.ch\\\/\"},{\"@type\":\"ListItem\",\"position\":2,\"name\":\"Procimmo SICAV: Drei Teilverm\u00f6gen planen Emission\"}]},{\"@type\":\"WebSite\",\"@id\":\"https:\\\/\\\/www.immobilienbusiness.ch\\\/#website\",\"url\":\"https:\\\/\\\/www.immobilienbusiness.ch\\\/\",\"name\":\"IMMOBILIEN Business\",\"description\":\"Unabh\u00e4ngiges Schweizer Wirtschaftsmagazin mit Fokus auf Immobilien, Architektur- und Bau sowie Investment- und Finanzierung.\",\"publisher\":{\"@id\":\"https:\\\/\\\/www.immobilienbusiness.ch\\\/#organization\"},\"potentialAction\":[{\"@type\":\"SearchAction\",\"target\":{\"@type\":\"EntryPoint\",\"urlTemplate\":\"https:\\\/\\\/www.immobilienbusiness.ch\\\/?s={search_term_string}\"},\"query-input\":{\"@type\":\"PropertyValueSpecification\",\"valueRequired\":true,\"valueName\":\"search_term_string\"}}],\"inLanguage\":\"de\"},{\"@type\":\"Organization\",\"@id\":\"https:\\\/\\\/www.immobilienbusiness.ch\\\/#organization\",\"name\":\"IMMOBILIEN Business\",\"url\":\"https:\\\/\\\/www.immobilienbusiness.ch\\\/\",\"logo\":{\"@type\":\"ImageObject\",\"inLanguage\":\"de\",\"@id\":\"https:\\\/\\\/www.immobilienbusiness.ch\\\/#\\\/schema\\\/logo\\\/image\\\/\",\"url\":\"https:\\\/\\\/www.immobilienbusiness.ch\\\/wp-content\\\/uploads\\\/2021\\\/07\\\/logo_ib.png\",\"contentUrl\":\"https:\\\/\\\/www.immobilienbusiness.ch\\\/wp-content\\\/uploads\\\/2021\\\/07\\\/logo_ib.png\",\"width\":800,\"height\":181,\"caption\":\"IMMOBILIEN Business\"},\"image\":{\"@id\":\"https:\\\/\\\/www.immobilienbusiness.ch\\\/#\\\/schema\\\/logo\\\/image\\\/\"},\"sameAs\":[\"https:\\\/\\\/www.facebook.com\\\/immobilienbusiness\\\/\"]},{\"@type\":\"Person\",\"@id\":\"https:\\\/\\\/www.immobilienbusiness.ch\\\/#\\\/schema\\\/person\\\/aba8bea2db926aa0c24c08c43fe1fcd5\",\"name\":\"Alexander Wachter\",\"image\":{\"@type\":\"ImageObject\",\"inLanguage\":\"de\",\"@id\":\"https:\\\/\\\/secure.gravatar.com\\\/avatar\\\/1a09e471f5389b0e0a6416eac287e0927c7c97a7b77f9e787eba3af7aee281dd?s=96&d=mm&r=g\",\"url\":\"https:\\\/\\\/secure.gravatar.com\\\/avatar\\\/1a09e471f5389b0e0a6416eac287e0927c7c97a7b77f9e787eba3af7aee281dd?s=96&d=mm&r=g\",\"contentUrl\":\"https:\\\/\\\/secure.gravatar.com\\\/avatar\\\/1a09e471f5389b0e0a6416eac287e0927c7c97a7b77f9e787eba3af7aee281dd?s=96&d=mm&r=g\",\"caption\":\"Alexander Wachter\"},\"url\":\"https:\\\/\\\/www.immobilienbusiness.ch\\\/de\\\/author\\\/alexander-wachter\\\/\"}]}<\/script>\n<!-- \/ Yoast SEO plugin. -->","yoast_head_json":{"title":"Procimmo SICAV: Drei Teilverm\u00f6gen planen Emission - IMMOBILIEN Business","description":"Die Teilverm\u00f6gen \u00abIndustrial\u00bb und \u00abResidential\u00bb des Procimmo Real Estate Sicav wollen im vierten Quartal zusammen 130 Millionen Franken aufnehmen.","robots":{"index":"index","follow":"follow","max-snippet":"max-snippet:-1","max-image-preview":"max-image-preview:large","max-video-preview":"max-video-preview:-1"},"canonical":"https:\/\/www.immobilienbusiness.ch\/de\/unternehmen\/2025-07-30\/procimmo-sicav-drei-teilvermoegen-planen-emission\/","og_locale":"de_DE","og_type":"article","og_title":"Procimmo SICAV: Drei Teilverm\u00f6gen planen Emission - IMMOBILIEN Business","og_description":"Die Teilverm\u00f6gen \u00abIndustrial\u00bb und \u00abResidential\u00bb des Procimmo Real Estate Sicav wollen im vierten Quartal zusammen 130 Millionen Franken aufnehmen.","og_url":"https:\/\/www.immobilienbusiness.ch\/de\/unternehmen\/2025-07-30\/procimmo-sicav-drei-teilvermoegen-planen-emission\/","og_site_name":"IMMOBILIEN Business","article_publisher":"https:\/\/www.facebook.com\/immobilienbusiness\/","article_published_time":"2025-07-30T05:23:27+00:00","article_modified_time":"2025-07-31T07:08:55+00:00","og_image":[{"width":1200,"height":800,"url":"https:\/\/www.immobilienbusiness.ch\/wp-content\/uploads\/2025\/07\/Depositphotos_643379662_L-scaled.jpg","type":"image\/jpeg"}],"author":"Alexander Wachter","twitter_card":"summary_large_image","schema":{"@context":"https:\/\/schema.org","@graph":[{"@type":"Article","@id":"https:\/\/www.immobilienbusiness.ch\/unternehmen\/2025-07-30\/procimmo-sicav-drei-teilvermoegen-planen-emission\/#article","isPartOf":{"@id":"https:\/\/www.immobilienbusiness.ch\/unternehmen\/2025-07-30\/procimmo-sicav-drei-teilvermoegen-planen-emission\/"},"author":{"name":"Alexander Wachter","@id":"https:\/\/www.immobilienbusiness.ch\/#\/schema\/person\/aba8bea2db926aa0c24c08c43fe1fcd5"},"headline":"Procimmo SICAV: Drei Teilverm\u00f6gen planen Emission","datePublished":"2025-07-30T05:23:27+00:00","dateModified":"2025-07-31T07:08:55+00:00","mainEntityOfPage":{"@id":"https:\/\/www.immobilienbusiness.ch\/unternehmen\/2025-07-30\/procimmo-sicav-drei-teilvermoegen-planen-emission\/"},"wordCount":145,"publisher":{"@id":"https:\/\/www.immobilienbusiness.ch\/#organization"},"image":{"@id":"https:\/\/www.immobilienbusiness.ch\/unternehmen\/2025-07-30\/procimmo-sicav-drei-teilvermoegen-planen-emission\/#primaryimage"},"thumbnailUrl":"https:\/\/www.immobilienbusiness.ch\/wp-content\/uploads\/2025\/07\/Depositphotos_643379662_L-scaled.jpg","keywords":["Gewerbe","Immobilienfonds","Industrie","Kapitalerh\u00f6hung","Logistik","Procimmo","Wohnimmobilien"],"articleSection":["UNTERNEHMEN"],"inLanguage":"de"},{"@type":"WebPage","@id":"https:\/\/www.immobilienbusiness.ch\/unternehmen\/2025-07-30\/procimmo-sicav-drei-teilvermoegen-planen-emission\/","url":"https:\/\/www.immobilienbusiness.ch\/unternehmen\/2025-07-30\/procimmo-sicav-drei-teilvermoegen-planen-emission\/","name":"Procimmo SICAV: Drei Teilverm\u00f6gen planen Emission - IMMOBILIEN Business","isPartOf":{"@id":"https:\/\/www.immobilienbusiness.ch\/#website"},"primaryImageOfPage":{"@id":"https:\/\/www.immobilienbusiness.ch\/unternehmen\/2025-07-30\/procimmo-sicav-drei-teilvermoegen-planen-emission\/#primaryimage"},"image":{"@id":"https:\/\/www.immobilienbusiness.ch\/unternehmen\/2025-07-30\/procimmo-sicav-drei-teilvermoegen-planen-emission\/#primaryimage"},"thumbnailUrl":"https:\/\/www.immobilienbusiness.ch\/wp-content\/uploads\/2025\/07\/Depositphotos_643379662_L-scaled.jpg","datePublished":"2025-07-30T05:23:27+00:00","dateModified":"2025-07-31T07:08:55+00:00","description":"Die Teilverm\u00f6gen \u00abIndustrial\u00bb und \u00abResidential\u00bb des Procimmo Real Estate Sicav wollen im vierten Quartal zusammen 130 Millionen Franken aufnehmen.","breadcrumb":{"@id":"https:\/\/www.immobilienbusiness.ch\/unternehmen\/2025-07-30\/procimmo-sicav-drei-teilvermoegen-planen-emission\/#breadcrumb"},"inLanguage":"de","potentialAction":[{"@type":"ReadAction","target":["https:\/\/www.immobilienbusiness.ch\/unternehmen\/2025-07-30\/procimmo-sicav-drei-teilvermoegen-planen-emission\/"]}]},{"@type":"ImageObject","inLanguage":"de","@id":"https:\/\/www.immobilienbusiness.ch\/unternehmen\/2025-07-30\/procimmo-sicav-drei-teilvermoegen-planen-emission\/#primaryimage","url":"https:\/\/www.immobilienbusiness.ch\/wp-content\/uploads\/2025\/07\/Depositphotos_643379662_L-scaled.jpg","contentUrl":"https:\/\/www.immobilienbusiness.ch\/wp-content\/uploads\/2025\/07\/Depositphotos_643379662_L-scaled.jpg","width":1200,"height":800,"caption":"Die Anlagegruppe hat sich frisches Kapital f\u00fcr Investitionen beschafft (Bild: \u00a9 Depositphotos)"},{"@type":"BreadcrumbList","@id":"https:\/\/www.immobilienbusiness.ch\/unternehmen\/2025-07-30\/procimmo-sicav-drei-teilvermoegen-planen-emission\/#breadcrumb","itemListElement":[{"@type":"ListItem","position":1,"name":"Home","item":"https:\/\/www.immobilienbusiness.ch\/"},{"@type":"ListItem","position":2,"name":"Procimmo SICAV: Drei Teilverm\u00f6gen planen Emission"}]},{"@type":"WebSite","@id":"https:\/\/www.immobilienbusiness.ch\/#website","url":"https:\/\/www.immobilienbusiness.ch\/","name":"IMMOBILIEN Business","description":"Unabh\u00e4ngiges Schweizer Wirtschaftsmagazin mit Fokus auf Immobilien, Architektur- und Bau sowie Investment- und Finanzierung.","publisher":{"@id":"https:\/\/www.immobilienbusiness.ch\/#organization"},"potentialAction":[{"@type":"SearchAction","target":{"@type":"EntryPoint","urlTemplate":"https:\/\/www.immobilienbusiness.ch\/?s={search_term_string}"},"query-input":{"@type":"PropertyValueSpecification","valueRequired":true,"valueName":"search_term_string"}}],"inLanguage":"de"},{"@type":"Organization","@id":"https:\/\/www.immobilienbusiness.ch\/#organization","name":"IMMOBILIEN Business","url":"https:\/\/www.immobilienbusiness.ch\/","logo":{"@type":"ImageObject","inLanguage":"de","@id":"https:\/\/www.immobilienbusiness.ch\/#\/schema\/logo\/image\/","url":"https:\/\/www.immobilienbusiness.ch\/wp-content\/uploads\/2021\/07\/logo_ib.png","contentUrl":"https:\/\/www.immobilienbusiness.ch\/wp-content\/uploads\/2021\/07\/logo_ib.png","width":800,"height":181,"caption":"IMMOBILIEN Business"},"image":{"@id":"https:\/\/www.immobilienbusiness.ch\/#\/schema\/logo\/image\/"},"sameAs":["https:\/\/www.facebook.com\/immobilienbusiness\/"]},{"@type":"Person","@id":"https:\/\/www.immobilienbusiness.ch\/#\/schema\/person\/aba8bea2db926aa0c24c08c43fe1fcd5","name":"Alexander Wachter","image":{"@type":"ImageObject","inLanguage":"de","@id":"https:\/\/secure.gravatar.com\/avatar\/1a09e471f5389b0e0a6416eac287e0927c7c97a7b77f9e787eba3af7aee281dd?s=96&d=mm&r=g","url":"https:\/\/secure.gravatar.com\/avatar\/1a09e471f5389b0e0a6416eac287e0927c7c97a7b77f9e787eba3af7aee281dd?s=96&d=mm&r=g","contentUrl":"https:\/\/secure.gravatar.com\/avatar\/1a09e471f5389b0e0a6416eac287e0927c7c97a7b77f9e787eba3af7aee281dd?s=96&d=mm&r=g","caption":"Alexander Wachter"},"url":"https:\/\/www.immobilienbusiness.ch\/de\/author\/alexander-wachter\/"}]}},"_links":{"self":[{"href":"https:\/\/www.immobilienbusiness.ch\/de\/wp-json\/wp\/v2\/posts\/64789","targetHints":{"allow":["GET"]}}],"collection":[{"href":"https:\/\/www.immobilienbusiness.ch\/de\/wp-json\/wp\/v2\/posts"}],"about":[{"href":"https:\/\/www.immobilienbusiness.ch\/de\/wp-json\/wp\/v2\/types\/post"}],"author":[{"embeddable":true,"href":"https:\/\/www.immobilienbusiness.ch\/de\/wp-json\/wp\/v2\/users\/102"}],"replies":[{"embeddable":true,"href":"https:\/\/www.immobilienbusiness.ch\/de\/wp-json\/wp\/v2\/comments?post=64789"}],"version-history":[{"count":5,"href":"https:\/\/www.immobilienbusiness.ch\/de\/wp-json\/wp\/v2\/posts\/64789\/revisions"}],"predecessor-version":[{"id":64797,"href":"https:\/\/www.immobilienbusiness.ch\/de\/wp-json\/wp\/v2\/posts\/64789\/revisions\/64797"}],"wp:featuredmedia":[{"embeddable":true,"href":"https:\/\/www.immobilienbusiness.ch\/de\/wp-json\/wp\/v2\/media\/64332"}],"wp:attachment":[{"href":"https:\/\/www.immobilienbusiness.ch\/de\/wp-json\/wp\/v2\/media?parent=64789"}],"wp:term":[{"taxonomy":"category","embeddable":true,"href":"https:\/\/www.immobilienbusiness.ch\/de\/wp-json\/wp\/v2\/categories?post=64789"},{"taxonomy":"post_tag","embeddable":true,"href":"https:\/\/www.immobilienbusiness.ch\/de\/wp-json\/wp\/v2\/tags?post=64789"}],"curies":[{"name":"wp","href":"https:\/\/api.w.org\/{rel}","templated":true}]}}