{"id":64736,"date":"2025-07-24T07:55:04","date_gmt":"2025-07-24T05:55:04","guid":{"rendered":"https:\/\/www.immobilienbusiness.ch\/?p=64736"},"modified":"2025-07-24T11:33:52","modified_gmt":"2025-07-24T09:33:52","slug":"retail-harziges-erstes-halbjahr-fuer-stationaeren-handel","status":"publish","type":"post","link":"https:\/\/www.immobilienbusiness.ch\/de\/retail\/2025-07-24\/retail-harziges-erstes-halbjahr-fuer-stationaeren-handel\/","title":{"rendered":"Retail: Harziges erstes Halbjahr f\u00fcr station\u00e4ren Handel"},"content":{"rendered":"<figure id=\"attachment_64737\" aria-describedby=\"caption-attachment-64737\" style=\"width: 768px\" class=\"wp-caption alignnone\"><a href=\"https:\/\/www.immobilienbusiness.ch\/wp-content\/uploads\/2025\/07\/Retail-Schweiz-scaled.jpg\"><img loading=\"lazy\" decoding=\"async\" class=\"size-large wp-image-64737\" src=\"https:\/\/www.immobilienbusiness.ch\/wp-content\/uploads\/2025\/07\/Retail-Schweiz-1024x683.jpg\" alt=\"\" width=\"768\" height=\"512\" srcset=\"https:\/\/www.immobilienbusiness.ch\/wp-content\/uploads\/2025\/07\/Retail-Schweiz-1024x683.jpg 1024w, https:\/\/www.immobilienbusiness.ch\/wp-content\/uploads\/2025\/07\/Retail-Schweiz-300x200.jpg 300w, https:\/\/www.immobilienbusiness.ch\/wp-content\/uploads\/2025\/07\/Retail-Schweiz-768x512.jpg 768w, https:\/\/www.immobilienbusiness.ch\/wp-content\/uploads\/2025\/07\/Retail-Schweiz-1536x1025.jpg 1536w, https:\/\/www.immobilienbusiness.ch\/wp-content\/uploads\/2025\/07\/Retail-Schweiz-18x12.jpg 18w, https:\/\/www.immobilienbusiness.ch\/wp-content\/uploads\/2025\/07\/Retail-Schweiz-375x250.jpg 375w, https:\/\/www.immobilienbusiness.ch\/wp-content\/uploads\/2025\/07\/Retail-Schweiz-525x350.jpg 525w, https:\/\/www.immobilienbusiness.ch\/wp-content\/uploads\/2025\/07\/Retail-Schweiz-1000x667.jpg 1000w, https:\/\/www.immobilienbusiness.ch\/wp-content\/uploads\/2025\/07\/Retail-Schweiz-scaled.jpg 1200w\" sizes=\"auto, (max-width: 768px) 100vw, 768px\" \/><\/a><figcaption id=\"caption-attachment-64737\" class=\"wp-caption-text\">Der Lebensmittelhandel wirkt derzeit eher stabilisierend (Bild: \u00a9 Depositphotos)<\/figcaption><\/figure>\n<p>Die Schweizer Detailhandelsbranche hat im ersten Halbjahr 2025 einen Umsatzr\u00fcckgang von 1,9% hinnehmen m\u00fcssen. Mit einem Minus von 2,2% weist das station\u00e4re Gesch\u00e4ft eine besonders negative Bilanz aus. Diese Zahlen hat die Swiss Retail Federation aufgrund von Debit- und Kreditkartentransaktionen errechnet. Nach Angaben des Verbands zieht der Einkaufstourismus wieder st\u00e4rker an. Vor allem aber wirkten sich die politischen und wirtschaftlichen Unsicherheiten, namentlich aufgrund kriegerischer Auseinandersetzungen und geopolitischer Handelskonflikte, negativ auf die Konsumentenstimmung und damit auf die Binnennachfrage aus.<\/p>\n<p>F\u00fcr den station\u00e4ren Handel verlief vor allem das erste Quartal (-3.4%) unbefriedigend. Die gr\u00f6ssten Sorgenkinder waren die Segmente \u00abFreizeit \/Hobby\/Spielwaren\u00bb, \u00abKleider und Schuhe\u00bb sowie \u00abUhren und Schmuck\u00bb, w\u00e4hrend der Lebensmittelhandel mit einem leichten Plus von +1.4% erneut stabilisierend wirkte. Der Schweizer Onlinehandel konnte hingegen mit einem erwarteten Wachstum von +0,8% leicht positiv abschliessen. \u00abDamit konsolidiert sich die Situation, nachdem der Schweizer Onlinehandel 2024 aufgrund der rasanten Entwicklung chinesischer Online-Marktpl\u00e4tze wie Temu stark unter Druck geraten war\u00bb, so der Retail-Verband. Beim Einkaufstourismus sieht die Swiss Retail Federation eine \u00abneue Dynamik\u00bb und rechnet mit einer Zunahme von 6% gegen\u00fcber dem Vorjahresquartal. <em>(aw)<\/em><\/p>\n","protected":false},"excerpt":{"rendered":"<p>Die Swiss Retail Federation sch\u00e4tzt aufgrund von Kreditkartendaten den R\u00fcckgang im station\u00e4ren Handel auf 2,2%.<\/p>\n","protected":false},"author":102,"featured_media":64737,"comment_status":"closed","ping_status":"closed","sticky":false,"template":"","format":"standard","meta":{"_acf_changed":false,"_yoast_wpseo_focuskw":"Retail","_yoast_wpseo_title":"","_yoast_wpseo_metadesc":"Die Swiss Retail Federation sch\u00e4tzt aufgrund von Kreditkartendaten den R\u00fcckgang im station\u00e4ren Handel auf 2,2%.","_yoast_wpseo_linkdex":69,"pgc_sgb_lightbox_settings":"","footnotes":""},"categories":[987],"tags":[1643,4273],"class_list":["post-64736","post","type-post","status-publish","format-standard","has-post-thumbnail","hentry","category-retail","tag-retail","tag-swiss-retail-federation"],"acf":[],"yoast_head":"<!-- This site is optimized with the Yoast SEO plugin v27.4 - https:\/\/yoast.com\/product\/yoast-seo-wordpress\/ -->\n<title>Retail: Harziges erstes Halbjahr f\u00fcr station\u00e4ren Handel - IMMOBILIEN Business<\/title>\n<meta name=\"description\" content=\"Die Swiss Retail Federation sch\u00e4tzt aufgrund von Kreditkartendaten den R\u00fcckgang im station\u00e4ren Handel auf 2,2%.\" \/>\n<meta name=\"robots\" content=\"index, follow, max-snippet:-1, max-image-preview:large, max-video-preview:-1\" \/>\n<link rel=\"canonical\" href=\"https:\/\/www.immobilienbusiness.ch\/de\/retail\/2025-07-24\/retail-harziges-erstes-halbjahr-fuer-stationaeren-handel\/\" \/>\n<meta property=\"og:locale\" content=\"de_DE\" \/>\n<meta property=\"og:type\" content=\"article\" \/>\n<meta property=\"og:title\" content=\"Retail: Harziges erstes Halbjahr f\u00fcr station\u00e4ren Handel - IMMOBILIEN Business\" \/>\n<meta property=\"og:description\" content=\"Die Swiss Retail Federation sch\u00e4tzt aufgrund von Kreditkartendaten den R\u00fcckgang im station\u00e4ren Handel auf 2,2%.\" \/>\n<meta property=\"og:url\" content=\"https:\/\/www.immobilienbusiness.ch\/de\/retail\/2025-07-24\/retail-harziges-erstes-halbjahr-fuer-stationaeren-handel\/\" \/>\n<meta property=\"og:site_name\" content=\"IMMOBILIEN Business\" \/>\n<meta property=\"article:publisher\" content=\"https:\/\/www.facebook.com\/immobilienbusiness\/\" \/>\n<meta property=\"article:published_time\" content=\"2025-07-24T05:55:04+00:00\" \/>\n<meta property=\"article:modified_time\" content=\"2025-07-24T09:33:52+00:00\" \/>\n<meta property=\"og:image\" content=\"https:\/\/www.immobilienbusiness.ch\/wp-content\/uploads\/2025\/07\/Retail-Schweiz-scaled.jpg\" \/>\n\t<meta property=\"og:image:width\" content=\"1200\" \/>\n\t<meta property=\"og:image:height\" content=\"801\" \/>\n\t<meta property=\"og:image:type\" content=\"image\/jpeg\" \/>\n<meta name=\"author\" content=\"Alexander Wachter\" \/>\n<meta name=\"twitter:card\" content=\"summary_large_image\" \/>\n<script type=\"application\/ld+json\" class=\"yoast-schema-graph\">{\"@context\":\"https:\\\/\\\/schema.org\",\"@graph\":[{\"@type\":\"Article\",\"@id\":\"https:\\\/\\\/www.immobilienbusiness.ch\\\/en\\\/retail\\\/2025-07-24\\\/retail-harziges-erstes-halbjahr-fuer-stationaeren-handel\\\/#article\",\"isPartOf\":{\"@id\":\"https:\\\/\\\/www.immobilienbusiness.ch\\\/en\\\/retail\\\/2025-07-24\\\/retail-harziges-erstes-halbjahr-fuer-stationaeren-handel\\\/\"},\"author\":{\"name\":\"Alexander Wachter\",\"@id\":\"https:\\\/\\\/www.immobilienbusiness.ch\\\/#\\\/schema\\\/person\\\/aba8bea2db926aa0c24c08c43fe1fcd5\"},\"headline\":\"Retail: Harziges erstes Halbjahr f\u00fcr station\u00e4ren Handel\",\"datePublished\":\"2025-07-24T05:55:04+00:00\",\"dateModified\":\"2025-07-24T09:33:52+00:00\",\"mainEntityOfPage\":{\"@id\":\"https:\\\/\\\/www.immobilienbusiness.ch\\\/en\\\/retail\\\/2025-07-24\\\/retail-harziges-erstes-halbjahr-fuer-stationaeren-handel\\\/\"},\"wordCount\":207,\"publisher\":{\"@id\":\"https:\\\/\\\/www.immobilienbusiness.ch\\\/#organization\"},\"image\":{\"@id\":\"https:\\\/\\\/www.immobilienbusiness.ch\\\/en\\\/retail\\\/2025-07-24\\\/retail-harziges-erstes-halbjahr-fuer-stationaeren-handel\\\/#primaryimage\"},\"thumbnailUrl\":\"https:\\\/\\\/www.immobilienbusiness.ch\\\/wp-content\\\/uploads\\\/2025\\\/07\\\/Retail-Schweiz-scaled.jpg\",\"keywords\":[\"Retail\",\"Swiss Retail Federation\"],\"articleSection\":[\"RETAIL\"],\"inLanguage\":\"de\"},{\"@type\":\"WebPage\",\"@id\":\"https:\\\/\\\/www.immobilienbusiness.ch\\\/en\\\/retail\\\/2025-07-24\\\/retail-harziges-erstes-halbjahr-fuer-stationaeren-handel\\\/\",\"url\":\"https:\\\/\\\/www.immobilienbusiness.ch\\\/en\\\/retail\\\/2025-07-24\\\/retail-harziges-erstes-halbjahr-fuer-stationaeren-handel\\\/\",\"name\":\"Retail: Harziges erstes Halbjahr f\u00fcr station\u00e4ren Handel - IMMOBILIEN Business\",\"isPartOf\":{\"@id\":\"https:\\\/\\\/www.immobilienbusiness.ch\\\/#website\"},\"primaryImageOfPage\":{\"@id\":\"https:\\\/\\\/www.immobilienbusiness.ch\\\/en\\\/retail\\\/2025-07-24\\\/retail-harziges-erstes-halbjahr-fuer-stationaeren-handel\\\/#primaryimage\"},\"image\":{\"@id\":\"https:\\\/\\\/www.immobilienbusiness.ch\\\/en\\\/retail\\\/2025-07-24\\\/retail-harziges-erstes-halbjahr-fuer-stationaeren-handel\\\/#primaryimage\"},\"thumbnailUrl\":\"https:\\\/\\\/www.immobilienbusiness.ch\\\/wp-content\\\/uploads\\\/2025\\\/07\\\/Retail-Schweiz-scaled.jpg\",\"datePublished\":\"2025-07-24T05:55:04+00:00\",\"dateModified\":\"2025-07-24T09:33:52+00:00\",\"description\":\"Die Swiss Retail Federation sch\u00e4tzt aufgrund von Kreditkartendaten den R\u00fcckgang im station\u00e4ren Handel auf 2,2%.\",\"breadcrumb\":{\"@id\":\"https:\\\/\\\/www.immobilienbusiness.ch\\\/en\\\/retail\\\/2025-07-24\\\/retail-harziges-erstes-halbjahr-fuer-stationaeren-handel\\\/#breadcrumb\"},\"inLanguage\":\"de\",\"potentialAction\":[{\"@type\":\"ReadAction\",\"target\":[\"https:\\\/\\\/www.immobilienbusiness.ch\\\/en\\\/retail\\\/2025-07-24\\\/retail-harziges-erstes-halbjahr-fuer-stationaeren-handel\\\/\"]}]},{\"@type\":\"ImageObject\",\"inLanguage\":\"de\",\"@id\":\"https:\\\/\\\/www.immobilienbusiness.ch\\\/en\\\/retail\\\/2025-07-24\\\/retail-harziges-erstes-halbjahr-fuer-stationaeren-handel\\\/#primaryimage\",\"url\":\"https:\\\/\\\/www.immobilienbusiness.ch\\\/wp-content\\\/uploads\\\/2025\\\/07\\\/Retail-Schweiz-scaled.jpg\",\"contentUrl\":\"https:\\\/\\\/www.immobilienbusiness.ch\\\/wp-content\\\/uploads\\\/2025\\\/07\\\/Retail-Schweiz-scaled.jpg\",\"width\":1200,\"height\":801,\"caption\":\"Der Lebensmittelhandel wirkt derzeit eher stabilisierend (Bild: \u00a9 Depositphotos)\"},{\"@type\":\"BreadcrumbList\",\"@id\":\"https:\\\/\\\/www.immobilienbusiness.ch\\\/en\\\/retail\\\/2025-07-24\\\/retail-harziges-erstes-halbjahr-fuer-stationaeren-handel\\\/#breadcrumb\",\"itemListElement\":[{\"@type\":\"ListItem\",\"position\":1,\"name\":\"Home\",\"item\":\"https:\\\/\\\/www.immobilienbusiness.ch\\\/\"},{\"@type\":\"ListItem\",\"position\":2,\"name\":\"Retail: Harziges erstes Halbjahr f\u00fcr station\u00e4ren Handel\"}]},{\"@type\":\"WebSite\",\"@id\":\"https:\\\/\\\/www.immobilienbusiness.ch\\\/#website\",\"url\":\"https:\\\/\\\/www.immobilienbusiness.ch\\\/\",\"name\":\"IMMOBILIEN Business\",\"description\":\"Unabh\u00e4ngiges Schweizer Wirtschaftsmagazin mit Fokus auf Immobilien, Architektur- und Bau sowie Investment- und Finanzierung.\",\"publisher\":{\"@id\":\"https:\\\/\\\/www.immobilienbusiness.ch\\\/#organization\"},\"potentialAction\":[{\"@type\":\"SearchAction\",\"target\":{\"@type\":\"EntryPoint\",\"urlTemplate\":\"https:\\\/\\\/www.immobilienbusiness.ch\\\/?s={search_term_string}\"},\"query-input\":{\"@type\":\"PropertyValueSpecification\",\"valueRequired\":true,\"valueName\":\"search_term_string\"}}],\"inLanguage\":\"de\"},{\"@type\":\"Organization\",\"@id\":\"https:\\\/\\\/www.immobilienbusiness.ch\\\/#organization\",\"name\":\"IMMOBILIEN Business\",\"url\":\"https:\\\/\\\/www.immobilienbusiness.ch\\\/\",\"logo\":{\"@type\":\"ImageObject\",\"inLanguage\":\"de\",\"@id\":\"https:\\\/\\\/www.immobilienbusiness.ch\\\/#\\\/schema\\\/logo\\\/image\\\/\",\"url\":\"https:\\\/\\\/www.immobilienbusiness.ch\\\/wp-content\\\/uploads\\\/2021\\\/07\\\/logo_ib.png\",\"contentUrl\":\"https:\\\/\\\/www.immobilienbusiness.ch\\\/wp-content\\\/uploads\\\/2021\\\/07\\\/logo_ib.png\",\"width\":800,\"height\":181,\"caption\":\"IMMOBILIEN Business\"},\"image\":{\"@id\":\"https:\\\/\\\/www.immobilienbusiness.ch\\\/#\\\/schema\\\/logo\\\/image\\\/\"},\"sameAs\":[\"https:\\\/\\\/www.facebook.com\\\/immobilienbusiness\\\/\"]},{\"@type\":\"Person\",\"@id\":\"https:\\\/\\\/www.immobilienbusiness.ch\\\/#\\\/schema\\\/person\\\/aba8bea2db926aa0c24c08c43fe1fcd5\",\"name\":\"Alexander Wachter\",\"image\":{\"@type\":\"ImageObject\",\"inLanguage\":\"de\",\"@id\":\"https:\\\/\\\/secure.gravatar.com\\\/avatar\\\/1a09e471f5389b0e0a6416eac287e0927c7c97a7b77f9e787eba3af7aee281dd?s=96&d=mm&r=g\",\"url\":\"https:\\\/\\\/secure.gravatar.com\\\/avatar\\\/1a09e471f5389b0e0a6416eac287e0927c7c97a7b77f9e787eba3af7aee281dd?s=96&d=mm&r=g\",\"contentUrl\":\"https:\\\/\\\/secure.gravatar.com\\\/avatar\\\/1a09e471f5389b0e0a6416eac287e0927c7c97a7b77f9e787eba3af7aee281dd?s=96&d=mm&r=g\",\"caption\":\"Alexander Wachter\"},\"url\":\"https:\\\/\\\/www.immobilienbusiness.ch\\\/de\\\/author\\\/alexander-wachter\\\/\"}]}<\/script>\n<!-- \/ Yoast SEO plugin. -->","yoast_head_json":{"title":"Retail: Harziges erstes Halbjahr f\u00fcr station\u00e4ren Handel - IMMOBILIEN Business","description":"Die Swiss Retail Federation sch\u00e4tzt aufgrund von Kreditkartendaten den R\u00fcckgang im station\u00e4ren Handel auf 2,2%.","robots":{"index":"index","follow":"follow","max-snippet":"max-snippet:-1","max-image-preview":"max-image-preview:large","max-video-preview":"max-video-preview:-1"},"canonical":"https:\/\/www.immobilienbusiness.ch\/de\/retail\/2025-07-24\/retail-harziges-erstes-halbjahr-fuer-stationaeren-handel\/","og_locale":"de_DE","og_type":"article","og_title":"Retail: Harziges erstes Halbjahr f\u00fcr station\u00e4ren Handel - IMMOBILIEN Business","og_description":"Die Swiss Retail Federation sch\u00e4tzt aufgrund von Kreditkartendaten den R\u00fcckgang im station\u00e4ren Handel auf 2,2%.","og_url":"https:\/\/www.immobilienbusiness.ch\/de\/retail\/2025-07-24\/retail-harziges-erstes-halbjahr-fuer-stationaeren-handel\/","og_site_name":"IMMOBILIEN Business","article_publisher":"https:\/\/www.facebook.com\/immobilienbusiness\/","article_published_time":"2025-07-24T05:55:04+00:00","article_modified_time":"2025-07-24T09:33:52+00:00","og_image":[{"width":1200,"height":801,"url":"https:\/\/www.immobilienbusiness.ch\/wp-content\/uploads\/2025\/07\/Retail-Schweiz-scaled.jpg","type":"image\/jpeg"}],"author":"Alexander Wachter","twitter_card":"summary_large_image","schema":{"@context":"https:\/\/schema.org","@graph":[{"@type":"Article","@id":"https:\/\/www.immobilienbusiness.ch\/en\/retail\/2025-07-24\/retail-harziges-erstes-halbjahr-fuer-stationaeren-handel\/#article","isPartOf":{"@id":"https:\/\/www.immobilienbusiness.ch\/en\/retail\/2025-07-24\/retail-harziges-erstes-halbjahr-fuer-stationaeren-handel\/"},"author":{"name":"Alexander Wachter","@id":"https:\/\/www.immobilienbusiness.ch\/#\/schema\/person\/aba8bea2db926aa0c24c08c43fe1fcd5"},"headline":"Retail: Harziges erstes Halbjahr f\u00fcr station\u00e4ren Handel","datePublished":"2025-07-24T05:55:04+00:00","dateModified":"2025-07-24T09:33:52+00:00","mainEntityOfPage":{"@id":"https:\/\/www.immobilienbusiness.ch\/en\/retail\/2025-07-24\/retail-harziges-erstes-halbjahr-fuer-stationaeren-handel\/"},"wordCount":207,"publisher":{"@id":"https:\/\/www.immobilienbusiness.ch\/#organization"},"image":{"@id":"https:\/\/www.immobilienbusiness.ch\/en\/retail\/2025-07-24\/retail-harziges-erstes-halbjahr-fuer-stationaeren-handel\/#primaryimage"},"thumbnailUrl":"https:\/\/www.immobilienbusiness.ch\/wp-content\/uploads\/2025\/07\/Retail-Schweiz-scaled.jpg","keywords":["Retail","Swiss Retail Federation"],"articleSection":["RETAIL"],"inLanguage":"de"},{"@type":"WebPage","@id":"https:\/\/www.immobilienbusiness.ch\/en\/retail\/2025-07-24\/retail-harziges-erstes-halbjahr-fuer-stationaeren-handel\/","url":"https:\/\/www.immobilienbusiness.ch\/en\/retail\/2025-07-24\/retail-harziges-erstes-halbjahr-fuer-stationaeren-handel\/","name":"Retail: Harziges erstes Halbjahr f\u00fcr station\u00e4ren Handel - IMMOBILIEN Business","isPartOf":{"@id":"https:\/\/www.immobilienbusiness.ch\/#website"},"primaryImageOfPage":{"@id":"https:\/\/www.immobilienbusiness.ch\/en\/retail\/2025-07-24\/retail-harziges-erstes-halbjahr-fuer-stationaeren-handel\/#primaryimage"},"image":{"@id":"https:\/\/www.immobilienbusiness.ch\/en\/retail\/2025-07-24\/retail-harziges-erstes-halbjahr-fuer-stationaeren-handel\/#primaryimage"},"thumbnailUrl":"https:\/\/www.immobilienbusiness.ch\/wp-content\/uploads\/2025\/07\/Retail-Schweiz-scaled.jpg","datePublished":"2025-07-24T05:55:04+00:00","dateModified":"2025-07-24T09:33:52+00:00","description":"Die Swiss Retail Federation sch\u00e4tzt aufgrund von Kreditkartendaten den R\u00fcckgang im station\u00e4ren Handel auf 2,2%.","breadcrumb":{"@id":"https:\/\/www.immobilienbusiness.ch\/en\/retail\/2025-07-24\/retail-harziges-erstes-halbjahr-fuer-stationaeren-handel\/#breadcrumb"},"inLanguage":"de","potentialAction":[{"@type":"ReadAction","target":["https:\/\/www.immobilienbusiness.ch\/en\/retail\/2025-07-24\/retail-harziges-erstes-halbjahr-fuer-stationaeren-handel\/"]}]},{"@type":"ImageObject","inLanguage":"de","@id":"https:\/\/www.immobilienbusiness.ch\/en\/retail\/2025-07-24\/retail-harziges-erstes-halbjahr-fuer-stationaeren-handel\/#primaryimage","url":"https:\/\/www.immobilienbusiness.ch\/wp-content\/uploads\/2025\/07\/Retail-Schweiz-scaled.jpg","contentUrl":"https:\/\/www.immobilienbusiness.ch\/wp-content\/uploads\/2025\/07\/Retail-Schweiz-scaled.jpg","width":1200,"height":801,"caption":"Der Lebensmittelhandel wirkt derzeit eher stabilisierend (Bild: \u00a9 Depositphotos)"},{"@type":"BreadcrumbList","@id":"https:\/\/www.immobilienbusiness.ch\/en\/retail\/2025-07-24\/retail-harziges-erstes-halbjahr-fuer-stationaeren-handel\/#breadcrumb","itemListElement":[{"@type":"ListItem","position":1,"name":"Home","item":"https:\/\/www.immobilienbusiness.ch\/"},{"@type":"ListItem","position":2,"name":"Retail: Harziges erstes Halbjahr f\u00fcr station\u00e4ren Handel"}]},{"@type":"WebSite","@id":"https:\/\/www.immobilienbusiness.ch\/#website","url":"https:\/\/www.immobilienbusiness.ch\/","name":"IMMOBILIEN Business","description":"Unabh\u00e4ngiges Schweizer Wirtschaftsmagazin mit Fokus auf Immobilien, Architektur- und Bau sowie Investment- und Finanzierung.","publisher":{"@id":"https:\/\/www.immobilienbusiness.ch\/#organization"},"potentialAction":[{"@type":"SearchAction","target":{"@type":"EntryPoint","urlTemplate":"https:\/\/www.immobilienbusiness.ch\/?s={search_term_string}"},"query-input":{"@type":"PropertyValueSpecification","valueRequired":true,"valueName":"search_term_string"}}],"inLanguage":"de"},{"@type":"Organization","@id":"https:\/\/www.immobilienbusiness.ch\/#organization","name":"IMMOBILIEN Business","url":"https:\/\/www.immobilienbusiness.ch\/","logo":{"@type":"ImageObject","inLanguage":"de","@id":"https:\/\/www.immobilienbusiness.ch\/#\/schema\/logo\/image\/","url":"https:\/\/www.immobilienbusiness.ch\/wp-content\/uploads\/2021\/07\/logo_ib.png","contentUrl":"https:\/\/www.immobilienbusiness.ch\/wp-content\/uploads\/2021\/07\/logo_ib.png","width":800,"height":181,"caption":"IMMOBILIEN Business"},"image":{"@id":"https:\/\/www.immobilienbusiness.ch\/#\/schema\/logo\/image\/"},"sameAs":["https:\/\/www.facebook.com\/immobilienbusiness\/"]},{"@type":"Person","@id":"https:\/\/www.immobilienbusiness.ch\/#\/schema\/person\/aba8bea2db926aa0c24c08c43fe1fcd5","name":"Alexander Wachter","image":{"@type":"ImageObject","inLanguage":"de","@id":"https:\/\/secure.gravatar.com\/avatar\/1a09e471f5389b0e0a6416eac287e0927c7c97a7b77f9e787eba3af7aee281dd?s=96&d=mm&r=g","url":"https:\/\/secure.gravatar.com\/avatar\/1a09e471f5389b0e0a6416eac287e0927c7c97a7b77f9e787eba3af7aee281dd?s=96&d=mm&r=g","contentUrl":"https:\/\/secure.gravatar.com\/avatar\/1a09e471f5389b0e0a6416eac287e0927c7c97a7b77f9e787eba3af7aee281dd?s=96&d=mm&r=g","caption":"Alexander Wachter"},"url":"https:\/\/www.immobilienbusiness.ch\/de\/author\/alexander-wachter\/"}]}},"_links":{"self":[{"href":"https:\/\/www.immobilienbusiness.ch\/de\/wp-json\/wp\/v2\/posts\/64736","targetHints":{"allow":["GET"]}}],"collection":[{"href":"https:\/\/www.immobilienbusiness.ch\/de\/wp-json\/wp\/v2\/posts"}],"about":[{"href":"https:\/\/www.immobilienbusiness.ch\/de\/wp-json\/wp\/v2\/types\/post"}],"author":[{"embeddable":true,"href":"https:\/\/www.immobilienbusiness.ch\/de\/wp-json\/wp\/v2\/users\/102"}],"replies":[{"embeddable":true,"href":"https:\/\/www.immobilienbusiness.ch\/de\/wp-json\/wp\/v2\/comments?post=64736"}],"version-history":[{"count":3,"href":"https:\/\/www.immobilienbusiness.ch\/de\/wp-json\/wp\/v2\/posts\/64736\/revisions"}],"predecessor-version":[{"id":64746,"href":"https:\/\/www.immobilienbusiness.ch\/de\/wp-json\/wp\/v2\/posts\/64736\/revisions\/64746"}],"wp:featuredmedia":[{"embeddable":true,"href":"https:\/\/www.immobilienbusiness.ch\/de\/wp-json\/wp\/v2\/media\/64737"}],"wp:attachment":[{"href":"https:\/\/www.immobilienbusiness.ch\/de\/wp-json\/wp\/v2\/media?parent=64736"}],"wp:term":[{"taxonomy":"category","embeddable":true,"href":"https:\/\/www.immobilienbusiness.ch\/de\/wp-json\/wp\/v2\/categories?post=64736"},{"taxonomy":"post_tag","embeddable":true,"href":"https:\/\/www.immobilienbusiness.ch\/de\/wp-json\/wp\/v2\/tags?post=64736"}],"curies":[{"name":"wp","href":"https:\/\/api.w.org\/{rel}","templated":true}]}}