{"id":64601,"date":"2025-07-17T07:00:21","date_gmt":"2025-07-17T05:00:21","guid":{"rendered":"https:\/\/www.immobilienbusiness.ch\/?p=64601"},"modified":"2025-07-17T11:26:37","modified_gmt":"2025-07-17T09:26:37","slug":"architektur-galledia-gruppe-uebernimmt-den-marketing-award","status":"publish","type":"post","link":"https:\/\/www.immobilienbusiness.ch\/de\/unternehmen\/2025-07-17\/architektur-galledia-gruppe-uebernimmt-den-marketing-award\/","title":{"rendered":"Architektur: Galledia \u00fcbernimmt den Marketing-Award"},"content":{"rendered":"<figure id=\"attachment_64602\" aria-describedby=\"caption-attachment-64602\" style=\"width: 768px\" class=\"wp-caption alignnone\"><a href=\"https:\/\/www.immobilienbusiness.ch\/wp-content\/uploads\/2025\/07\/Galledia-Marketing-Award-scaled.png\"><img loading=\"lazy\" decoding=\"async\" class=\"size-large wp-image-64602\" src=\"https:\/\/www.immobilienbusiness.ch\/wp-content\/uploads\/2025\/07\/Galledia-Marketing-Award-1024x800.png\" alt=\"\" width=\"768\" height=\"600\" srcset=\"https:\/\/www.immobilienbusiness.ch\/wp-content\/uploads\/2025\/07\/Galledia-Marketing-Award-1024x800.png 1024w, https:\/\/www.immobilienbusiness.ch\/wp-content\/uploads\/2025\/07\/Galledia-Marketing-Award-300x234.png 300w, https:\/\/www.immobilienbusiness.ch\/wp-content\/uploads\/2025\/07\/Galledia-Marketing-Award-768x600.png 768w, https:\/\/www.immobilienbusiness.ch\/wp-content\/uploads\/2025\/07\/Galledia-Marketing-Award-1536x1200.png 1536w, https:\/\/www.immobilienbusiness.ch\/wp-content\/uploads\/2025\/07\/Galledia-Marketing-Award-15x12.png 15w, https:\/\/www.immobilienbusiness.ch\/wp-content\/uploads\/2025\/07\/Galledia-Marketing-Award-375x293.png 375w, https:\/\/www.immobilienbusiness.ch\/wp-content\/uploads\/2025\/07\/Galledia-Marketing-Award-448x350.png 448w, https:\/\/www.immobilienbusiness.ch\/wp-content\/uploads\/2025\/07\/Galledia-Marketing-Award-1000x781.png 1000w, https:\/\/www.immobilienbusiness.ch\/wp-content\/uploads\/2025\/07\/Galledia-Marketing-Award-scaled.png 1200w\" sizes=\"auto, (max-width: 768px) 100vw, 768px\" \/><\/a><figcaption id=\"caption-attachment-64602\" class=\"wp-caption-text\">Der Award f\u00fcr Marketing + Architektur wird nun von der Galledia Gruppe ausgerichtet<\/figcaption><\/figure>\n<p>Die Galledia-Gruppe, das Verlagshaus des Fachmagazins \u00abImmobilien-Business\u00bb, \u00fcbernimmt den renommierten Marketing+Architektur Award von der Baukoma-Marketimpact AG. Der Award wurde bislang achtmal erfolgreich durchgef\u00fchrt und geht nun im Rahmen einer nachhaltigen Nachfolgel\u00f6sung an die Galledia-Gruppe \u00fcber. \u00abMit der \u00dcbernahme wird die kontinuierliche Weiterentwicklung dieses Branchenevents sichergestellt\u00bb, teilt Galledia mit.<\/p>\n<h3>Synergien zwischen Fachmedien und Eventkompetenz<\/h3>\n<p>\u00abDie Galledia-Gruppe bringt mit ihren etablierten Fachmagazinen \u2039Architektur+Technik\u203a und \u2039m&amp;k \u2013Das Dach-Magazin\u203a f\u00fcr Markt und Kommunikation eine fundierte inhaltliche Verankerung in den Themenfeldern Architektur und Marketing mit\u00bb, sagt Daniel Ettlinger, CEO der Galledia-Gruppe. \u00abDank der Kombination unserer Fachmedien mit der Eventkompetenz der Galledia Event AG ergeben sich ideale Synergien \u2013 insbesondere im Zusammenspiel von Fachinhalten, Medienreichweite und Veranstaltungsorganisation\u00bb.<\/p>\n<p>Der Award w\u00fcrdigt Bauprojekte, bei denen Architektur bewusst als Mittel der Kommunikation eingesetzt wird, etwa um die Werte, die Identit\u00e4t oder die Innovationskraft eines Unternehmens r\u00e4umlich erlebbar zu machen. So kann ein Firmenhauptsitz zum Markenbotschafter werden, ein Ladenkonzept gezielt Kundenerlebnisse inszenieren oder ein \u00f6ffentlicher Bau das gesellschaftliche Engagement einer Institution sichtbar machen. Ausgezeichnet werden Firmen, Institutionen, Architekturschaffende und Bauherrschaften, die mit innovativen Konzepten gestalterische Qualit\u00e4t mit unternehmerischer Vision verbinden.<\/p>\n<p>Die Veranstaltung bietet zudem eine hochwertige Networking-Plattform f\u00fcr Entscheidungstr\u00e4gerinnen und Entscheidungstr\u00e4ger aus Architektur, Marketing und Wirtschaft. Die n\u00e4chste Ausgabe des Marketing+Architektur Award findet am 24. September 2026 im JED Events in Schlieren statt. Der Ausschreibungsprozess startet im Herbst 2025 und richtet sich an Architekturschaffende und Bauherrschaften, Firmen und Institutionen. Gesucht werden Bauten, die architektonische Qualit\u00e4t mit kommunikativer Wirkung verbinden. Weitere Informationen zur Projekteinreichung sowie zum Programm werden in den kommenden Wochen ver\u00f6ffentlicht.<\/p>\n<ul>\n<li>www.marketingarchitektur.ch<\/li>\n<\/ul>\n","protected":false},"excerpt":{"rendered":"<p>Der angesehene \u00abAward f\u00fcr Architektur + Marketing\u00bb hat bei der Verlagsgruppe von \u00abImmobilien Business\u00bb eine neue Heimat gefunden<\/p>\n","protected":false},"author":102,"featured_media":64602,"comment_status":"closed","ping_status":"closed","sticky":false,"template":"","format":"standard","meta":{"_acf_changed":false,"_yoast_wpseo_focuskw":"Award","_yoast_wpseo_title":"","_yoast_wpseo_metadesc":"Der angesehene \u00abAward f\u00fcr Architektur + Marketing\u00bb hat bei der Verlagsgruppe von \u00abImmobilien Business\u00bb eine neue Heimat gefunden","_yoast_wpseo_linkdex":80,"pgc_sgb_lightbox_settings":"","footnotes":""},"categories":[988],"tags":[1039,4265,4266],"class_list":["post-64601","post","type-post","status-publish","format-standard","has-post-thumbnail","hentry","category-unternehmen","tag-architektur","tag-award","tag-galledia"],"acf":[],"yoast_head":"<!-- This site is optimized with the Yoast SEO plugin v27.5 - https:\/\/yoast.com\/product\/yoast-seo-wordpress\/ -->\n<title>Architektur: Galledia \u00fcbernimmt den Marketing-Award - IMMOBILIEN Business<\/title>\n<meta name=\"description\" content=\"Der angesehene \u00abAward f\u00fcr Architektur + Marketing\u00bb hat bei der Verlagsgruppe von \u00abImmobilien Business\u00bb eine neue Heimat gefunden\" \/>\n<meta name=\"robots\" content=\"index, follow, max-snippet:-1, max-image-preview:large, max-video-preview:-1\" \/>\n<link rel=\"canonical\" href=\"https:\/\/www.immobilienbusiness.ch\/de\/unternehmen\/2025-07-17\/architektur-galledia-gruppe-uebernimmt-den-marketing-award\/\" \/>\n<meta property=\"og:locale\" content=\"de_DE\" \/>\n<meta property=\"og:type\" content=\"article\" \/>\n<meta property=\"og:title\" content=\"Architektur: Galledia \u00fcbernimmt den Marketing-Award - IMMOBILIEN Business\" \/>\n<meta property=\"og:description\" content=\"Der angesehene \u00abAward f\u00fcr Architektur + Marketing\u00bb hat bei der Verlagsgruppe von \u00abImmobilien Business\u00bb eine neue Heimat gefunden\" \/>\n<meta property=\"og:url\" content=\"https:\/\/www.immobilienbusiness.ch\/de\/unternehmen\/2025-07-17\/architektur-galledia-gruppe-uebernimmt-den-marketing-award\/\" \/>\n<meta property=\"og:site_name\" content=\"IMMOBILIEN Business\" \/>\n<meta property=\"article:publisher\" content=\"https:\/\/www.facebook.com\/immobilienbusiness\/\" \/>\n<meta property=\"article:published_time\" content=\"2025-07-17T05:00:21+00:00\" \/>\n<meta property=\"article:modified_time\" content=\"2025-07-17T09:26:37+00:00\" \/>\n<meta property=\"og:image\" content=\"https:\/\/www.immobilienbusiness.ch\/wp-content\/uploads\/2025\/07\/Galledia-Marketing-Award-scaled.png\" \/>\n\t<meta property=\"og:image:width\" content=\"1200\" \/>\n\t<meta property=\"og:image:height\" content=\"938\" \/>\n\t<meta property=\"og:image:type\" content=\"image\/png\" \/>\n<meta name=\"author\" content=\"Alexander Wachter\" \/>\n<meta name=\"twitter:card\" content=\"summary_large_image\" \/>\n<script type=\"application\/ld+json\" class=\"yoast-schema-graph\">{\"@context\":\"https:\\\/\\\/schema.org\",\"@graph\":[{\"@type\":\"Article\",\"@id\":\"https:\\\/\\\/www.immobilienbusiness.ch\\\/de\\\/unternehmen\\\/2025-07-17\\\/architektur-galledia-gruppe-uebernimmt-den-marketing-award\\\/#article\",\"isPartOf\":{\"@id\":\"https:\\\/\\\/www.immobilienbusiness.ch\\\/de\\\/unternehmen\\\/2025-07-17\\\/architektur-galledia-gruppe-uebernimmt-den-marketing-award\\\/\"},\"author\":{\"name\":\"Alexander Wachter\",\"@id\":\"https:\\\/\\\/www.immobilienbusiness.ch\\\/#\\\/schema\\\/person\\\/aba8bea2db926aa0c24c08c43fe1fcd5\"},\"headline\":\"Architektur: Galledia \u00fcbernimmt den Marketing-Award\",\"datePublished\":\"2025-07-17T05:00:21+00:00\",\"dateModified\":\"2025-07-17T09:26:37+00:00\",\"mainEntityOfPage\":{\"@id\":\"https:\\\/\\\/www.immobilienbusiness.ch\\\/de\\\/unternehmen\\\/2025-07-17\\\/architektur-galledia-gruppe-uebernimmt-den-marketing-award\\\/\"},\"wordCount\":294,\"publisher\":{\"@id\":\"https:\\\/\\\/www.immobilienbusiness.ch\\\/#organization\"},\"image\":{\"@id\":\"https:\\\/\\\/www.immobilienbusiness.ch\\\/de\\\/unternehmen\\\/2025-07-17\\\/architektur-galledia-gruppe-uebernimmt-den-marketing-award\\\/#primaryimage\"},\"thumbnailUrl\":\"https:\\\/\\\/www.immobilienbusiness.ch\\\/wp-content\\\/uploads\\\/2025\\\/07\\\/Galledia-Marketing-Award-scaled.png\",\"keywords\":[\"Architektur\",\"Award\",\"Galledia\"],\"articleSection\":[\"UNTERNEHMEN\"],\"inLanguage\":\"de\"},{\"@type\":\"WebPage\",\"@id\":\"https:\\\/\\\/www.immobilienbusiness.ch\\\/de\\\/unternehmen\\\/2025-07-17\\\/architektur-galledia-gruppe-uebernimmt-den-marketing-award\\\/\",\"url\":\"https:\\\/\\\/www.immobilienbusiness.ch\\\/de\\\/unternehmen\\\/2025-07-17\\\/architektur-galledia-gruppe-uebernimmt-den-marketing-award\\\/\",\"name\":\"Architektur: Galledia \u00fcbernimmt den Marketing-Award - IMMOBILIEN Business\",\"isPartOf\":{\"@id\":\"https:\\\/\\\/www.immobilienbusiness.ch\\\/#website\"},\"primaryImageOfPage\":{\"@id\":\"https:\\\/\\\/www.immobilienbusiness.ch\\\/de\\\/unternehmen\\\/2025-07-17\\\/architektur-galledia-gruppe-uebernimmt-den-marketing-award\\\/#primaryimage\"},\"image\":{\"@id\":\"https:\\\/\\\/www.immobilienbusiness.ch\\\/de\\\/unternehmen\\\/2025-07-17\\\/architektur-galledia-gruppe-uebernimmt-den-marketing-award\\\/#primaryimage\"},\"thumbnailUrl\":\"https:\\\/\\\/www.immobilienbusiness.ch\\\/wp-content\\\/uploads\\\/2025\\\/07\\\/Galledia-Marketing-Award-scaled.png\",\"datePublished\":\"2025-07-17T05:00:21+00:00\",\"dateModified\":\"2025-07-17T09:26:37+00:00\",\"description\":\"Der angesehene \u00abAward f\u00fcr Architektur + Marketing\u00bb hat bei der Verlagsgruppe von \u00abImmobilien Business\u00bb eine neue Heimat gefunden\",\"breadcrumb\":{\"@id\":\"https:\\\/\\\/www.immobilienbusiness.ch\\\/de\\\/unternehmen\\\/2025-07-17\\\/architektur-galledia-gruppe-uebernimmt-den-marketing-award\\\/#breadcrumb\"},\"inLanguage\":\"de\",\"potentialAction\":[{\"@type\":\"ReadAction\",\"target\":[\"https:\\\/\\\/www.immobilienbusiness.ch\\\/de\\\/unternehmen\\\/2025-07-17\\\/architektur-galledia-gruppe-uebernimmt-den-marketing-award\\\/\"]}]},{\"@type\":\"ImageObject\",\"inLanguage\":\"de\",\"@id\":\"https:\\\/\\\/www.immobilienbusiness.ch\\\/de\\\/unternehmen\\\/2025-07-17\\\/architektur-galledia-gruppe-uebernimmt-den-marketing-award\\\/#primaryimage\",\"url\":\"https:\\\/\\\/www.immobilienbusiness.ch\\\/wp-content\\\/uploads\\\/2025\\\/07\\\/Galledia-Marketing-Award-scaled.png\",\"contentUrl\":\"https:\\\/\\\/www.immobilienbusiness.ch\\\/wp-content\\\/uploads\\\/2025\\\/07\\\/Galledia-Marketing-Award-scaled.png\",\"width\":1200,\"height\":938,\"caption\":\"Der Award f\u00fcr Marketing + Architektur wird nun von der Galledia Gruppe ausgerichtet\"},{\"@type\":\"BreadcrumbList\",\"@id\":\"https:\\\/\\\/www.immobilienbusiness.ch\\\/de\\\/unternehmen\\\/2025-07-17\\\/architektur-galledia-gruppe-uebernimmt-den-marketing-award\\\/#breadcrumb\",\"itemListElement\":[{\"@type\":\"ListItem\",\"position\":1,\"name\":\"Home\",\"item\":\"https:\\\/\\\/www.immobilienbusiness.ch\\\/\"},{\"@type\":\"ListItem\",\"position\":2,\"name\":\"Architektur: Galledia \u00fcbernimmt den Marketing-Award\"}]},{\"@type\":\"WebSite\",\"@id\":\"https:\\\/\\\/www.immobilienbusiness.ch\\\/#website\",\"url\":\"https:\\\/\\\/www.immobilienbusiness.ch\\\/\",\"name\":\"IMMOBILIEN Business\",\"description\":\"Unabh\u00e4ngiges Schweizer Wirtschaftsmagazin mit Fokus auf Immobilien, Architektur- und Bau sowie Investment- und Finanzierung.\",\"publisher\":{\"@id\":\"https:\\\/\\\/www.immobilienbusiness.ch\\\/#organization\"},\"potentialAction\":[{\"@type\":\"SearchAction\",\"target\":{\"@type\":\"EntryPoint\",\"urlTemplate\":\"https:\\\/\\\/www.immobilienbusiness.ch\\\/?s={search_term_string}\"},\"query-input\":{\"@type\":\"PropertyValueSpecification\",\"valueRequired\":true,\"valueName\":\"search_term_string\"}}],\"inLanguage\":\"de\"},{\"@type\":\"Organization\",\"@id\":\"https:\\\/\\\/www.immobilienbusiness.ch\\\/#organization\",\"name\":\"IMMOBILIEN Business\",\"url\":\"https:\\\/\\\/www.immobilienbusiness.ch\\\/\",\"logo\":{\"@type\":\"ImageObject\",\"inLanguage\":\"de\",\"@id\":\"https:\\\/\\\/www.immobilienbusiness.ch\\\/#\\\/schema\\\/logo\\\/image\\\/\",\"url\":\"https:\\\/\\\/www.immobilienbusiness.ch\\\/wp-content\\\/uploads\\\/2021\\\/07\\\/logo_ib.png\",\"contentUrl\":\"https:\\\/\\\/www.immobilienbusiness.ch\\\/wp-content\\\/uploads\\\/2021\\\/07\\\/logo_ib.png\",\"width\":800,\"height\":181,\"caption\":\"IMMOBILIEN Business\"},\"image\":{\"@id\":\"https:\\\/\\\/www.immobilienbusiness.ch\\\/#\\\/schema\\\/logo\\\/image\\\/\"},\"sameAs\":[\"https:\\\/\\\/www.facebook.com\\\/immobilienbusiness\\\/\"]},{\"@type\":\"Person\",\"@id\":\"https:\\\/\\\/www.immobilienbusiness.ch\\\/#\\\/schema\\\/person\\\/aba8bea2db926aa0c24c08c43fe1fcd5\",\"name\":\"Alexander Wachter\",\"image\":{\"@type\":\"ImageObject\",\"inLanguage\":\"de\",\"@id\":\"https:\\\/\\\/secure.gravatar.com\\\/avatar\\\/1a09e471f5389b0e0a6416eac287e0927c7c97a7b77f9e787eba3af7aee281dd?s=96&d=mm&r=g\",\"url\":\"https:\\\/\\\/secure.gravatar.com\\\/avatar\\\/1a09e471f5389b0e0a6416eac287e0927c7c97a7b77f9e787eba3af7aee281dd?s=96&d=mm&r=g\",\"contentUrl\":\"https:\\\/\\\/secure.gravatar.com\\\/avatar\\\/1a09e471f5389b0e0a6416eac287e0927c7c97a7b77f9e787eba3af7aee281dd?s=96&d=mm&r=g\",\"caption\":\"Alexander Wachter\"},\"url\":\"https:\\\/\\\/www.immobilienbusiness.ch\\\/de\\\/author\\\/alexander-wachter\\\/\"}]}<\/script>\n<!-- \/ Yoast SEO plugin. -->","yoast_head_json":{"title":"Architektur: Galledia \u00fcbernimmt den Marketing-Award - IMMOBILIEN Business","description":"Der angesehene \u00abAward f\u00fcr Architektur + Marketing\u00bb hat bei der Verlagsgruppe von \u00abImmobilien Business\u00bb eine neue Heimat gefunden","robots":{"index":"index","follow":"follow","max-snippet":"max-snippet:-1","max-image-preview":"max-image-preview:large","max-video-preview":"max-video-preview:-1"},"canonical":"https:\/\/www.immobilienbusiness.ch\/de\/unternehmen\/2025-07-17\/architektur-galledia-gruppe-uebernimmt-den-marketing-award\/","og_locale":"de_DE","og_type":"article","og_title":"Architektur: Galledia \u00fcbernimmt den Marketing-Award - IMMOBILIEN Business","og_description":"Der angesehene \u00abAward f\u00fcr Architektur + Marketing\u00bb hat bei der Verlagsgruppe von \u00abImmobilien Business\u00bb eine neue Heimat gefunden","og_url":"https:\/\/www.immobilienbusiness.ch\/de\/unternehmen\/2025-07-17\/architektur-galledia-gruppe-uebernimmt-den-marketing-award\/","og_site_name":"IMMOBILIEN Business","article_publisher":"https:\/\/www.facebook.com\/immobilienbusiness\/","article_published_time":"2025-07-17T05:00:21+00:00","article_modified_time":"2025-07-17T09:26:37+00:00","og_image":[{"width":1200,"height":938,"url":"https:\/\/www.immobilienbusiness.ch\/wp-content\/uploads\/2025\/07\/Galledia-Marketing-Award-scaled.png","type":"image\/png"}],"author":"Alexander Wachter","twitter_card":"summary_large_image","schema":{"@context":"https:\/\/schema.org","@graph":[{"@type":"Article","@id":"https:\/\/www.immobilienbusiness.ch\/de\/unternehmen\/2025-07-17\/architektur-galledia-gruppe-uebernimmt-den-marketing-award\/#article","isPartOf":{"@id":"https:\/\/www.immobilienbusiness.ch\/de\/unternehmen\/2025-07-17\/architektur-galledia-gruppe-uebernimmt-den-marketing-award\/"},"author":{"name":"Alexander Wachter","@id":"https:\/\/www.immobilienbusiness.ch\/#\/schema\/person\/aba8bea2db926aa0c24c08c43fe1fcd5"},"headline":"Architektur: Galledia \u00fcbernimmt den Marketing-Award","datePublished":"2025-07-17T05:00:21+00:00","dateModified":"2025-07-17T09:26:37+00:00","mainEntityOfPage":{"@id":"https:\/\/www.immobilienbusiness.ch\/de\/unternehmen\/2025-07-17\/architektur-galledia-gruppe-uebernimmt-den-marketing-award\/"},"wordCount":294,"publisher":{"@id":"https:\/\/www.immobilienbusiness.ch\/#organization"},"image":{"@id":"https:\/\/www.immobilienbusiness.ch\/de\/unternehmen\/2025-07-17\/architektur-galledia-gruppe-uebernimmt-den-marketing-award\/#primaryimage"},"thumbnailUrl":"https:\/\/www.immobilienbusiness.ch\/wp-content\/uploads\/2025\/07\/Galledia-Marketing-Award-scaled.png","keywords":["Architektur","Award","Galledia"],"articleSection":["UNTERNEHMEN"],"inLanguage":"de"},{"@type":"WebPage","@id":"https:\/\/www.immobilienbusiness.ch\/de\/unternehmen\/2025-07-17\/architektur-galledia-gruppe-uebernimmt-den-marketing-award\/","url":"https:\/\/www.immobilienbusiness.ch\/de\/unternehmen\/2025-07-17\/architektur-galledia-gruppe-uebernimmt-den-marketing-award\/","name":"Architektur: Galledia \u00fcbernimmt den Marketing-Award - IMMOBILIEN Business","isPartOf":{"@id":"https:\/\/www.immobilienbusiness.ch\/#website"},"primaryImageOfPage":{"@id":"https:\/\/www.immobilienbusiness.ch\/de\/unternehmen\/2025-07-17\/architektur-galledia-gruppe-uebernimmt-den-marketing-award\/#primaryimage"},"image":{"@id":"https:\/\/www.immobilienbusiness.ch\/de\/unternehmen\/2025-07-17\/architektur-galledia-gruppe-uebernimmt-den-marketing-award\/#primaryimage"},"thumbnailUrl":"https:\/\/www.immobilienbusiness.ch\/wp-content\/uploads\/2025\/07\/Galledia-Marketing-Award-scaled.png","datePublished":"2025-07-17T05:00:21+00:00","dateModified":"2025-07-17T09:26:37+00:00","description":"Der angesehene \u00abAward f\u00fcr Architektur + Marketing\u00bb hat bei der Verlagsgruppe von \u00abImmobilien Business\u00bb eine neue Heimat gefunden","breadcrumb":{"@id":"https:\/\/www.immobilienbusiness.ch\/de\/unternehmen\/2025-07-17\/architektur-galledia-gruppe-uebernimmt-den-marketing-award\/#breadcrumb"},"inLanguage":"de","potentialAction":[{"@type":"ReadAction","target":["https:\/\/www.immobilienbusiness.ch\/de\/unternehmen\/2025-07-17\/architektur-galledia-gruppe-uebernimmt-den-marketing-award\/"]}]},{"@type":"ImageObject","inLanguage":"de","@id":"https:\/\/www.immobilienbusiness.ch\/de\/unternehmen\/2025-07-17\/architektur-galledia-gruppe-uebernimmt-den-marketing-award\/#primaryimage","url":"https:\/\/www.immobilienbusiness.ch\/wp-content\/uploads\/2025\/07\/Galledia-Marketing-Award-scaled.png","contentUrl":"https:\/\/www.immobilienbusiness.ch\/wp-content\/uploads\/2025\/07\/Galledia-Marketing-Award-scaled.png","width":1200,"height":938,"caption":"Der Award f\u00fcr Marketing + Architektur wird nun von der Galledia Gruppe ausgerichtet"},{"@type":"BreadcrumbList","@id":"https:\/\/www.immobilienbusiness.ch\/de\/unternehmen\/2025-07-17\/architektur-galledia-gruppe-uebernimmt-den-marketing-award\/#breadcrumb","itemListElement":[{"@type":"ListItem","position":1,"name":"Home","item":"https:\/\/www.immobilienbusiness.ch\/"},{"@type":"ListItem","position":2,"name":"Architektur: Galledia \u00fcbernimmt den Marketing-Award"}]},{"@type":"WebSite","@id":"https:\/\/www.immobilienbusiness.ch\/#website","url":"https:\/\/www.immobilienbusiness.ch\/","name":"IMMOBILIEN Business","description":"Unabh\u00e4ngiges Schweizer Wirtschaftsmagazin mit Fokus auf Immobilien, Architektur- und Bau sowie Investment- und Finanzierung.","publisher":{"@id":"https:\/\/www.immobilienbusiness.ch\/#organization"},"potentialAction":[{"@type":"SearchAction","target":{"@type":"EntryPoint","urlTemplate":"https:\/\/www.immobilienbusiness.ch\/?s={search_term_string}"},"query-input":{"@type":"PropertyValueSpecification","valueRequired":true,"valueName":"search_term_string"}}],"inLanguage":"de"},{"@type":"Organization","@id":"https:\/\/www.immobilienbusiness.ch\/#organization","name":"IMMOBILIEN Business","url":"https:\/\/www.immobilienbusiness.ch\/","logo":{"@type":"ImageObject","inLanguage":"de","@id":"https:\/\/www.immobilienbusiness.ch\/#\/schema\/logo\/image\/","url":"https:\/\/www.immobilienbusiness.ch\/wp-content\/uploads\/2021\/07\/logo_ib.png","contentUrl":"https:\/\/www.immobilienbusiness.ch\/wp-content\/uploads\/2021\/07\/logo_ib.png","width":800,"height":181,"caption":"IMMOBILIEN Business"},"image":{"@id":"https:\/\/www.immobilienbusiness.ch\/#\/schema\/logo\/image\/"},"sameAs":["https:\/\/www.facebook.com\/immobilienbusiness\/"]},{"@type":"Person","@id":"https:\/\/www.immobilienbusiness.ch\/#\/schema\/person\/aba8bea2db926aa0c24c08c43fe1fcd5","name":"Alexander Wachter","image":{"@type":"ImageObject","inLanguage":"de","@id":"https:\/\/secure.gravatar.com\/avatar\/1a09e471f5389b0e0a6416eac287e0927c7c97a7b77f9e787eba3af7aee281dd?s=96&d=mm&r=g","url":"https:\/\/secure.gravatar.com\/avatar\/1a09e471f5389b0e0a6416eac287e0927c7c97a7b77f9e787eba3af7aee281dd?s=96&d=mm&r=g","contentUrl":"https:\/\/secure.gravatar.com\/avatar\/1a09e471f5389b0e0a6416eac287e0927c7c97a7b77f9e787eba3af7aee281dd?s=96&d=mm&r=g","caption":"Alexander Wachter"},"url":"https:\/\/www.immobilienbusiness.ch\/de\/author\/alexander-wachter\/"}]}},"_links":{"self":[{"href":"https:\/\/www.immobilienbusiness.ch\/de\/wp-json\/wp\/v2\/posts\/64601","targetHints":{"allow":["GET"]}}],"collection":[{"href":"https:\/\/www.immobilienbusiness.ch\/de\/wp-json\/wp\/v2\/posts"}],"about":[{"href":"https:\/\/www.immobilienbusiness.ch\/de\/wp-json\/wp\/v2\/types\/post"}],"author":[{"embeddable":true,"href":"https:\/\/www.immobilienbusiness.ch\/de\/wp-json\/wp\/v2\/users\/102"}],"replies":[{"embeddable":true,"href":"https:\/\/www.immobilienbusiness.ch\/de\/wp-json\/wp\/v2\/comments?post=64601"}],"version-history":[{"count":3,"href":"https:\/\/www.immobilienbusiness.ch\/de\/wp-json\/wp\/v2\/posts\/64601\/revisions"}],"predecessor-version":[{"id":64621,"href":"https:\/\/www.immobilienbusiness.ch\/de\/wp-json\/wp\/v2\/posts\/64601\/revisions\/64621"}],"wp:featuredmedia":[{"embeddable":true,"href":"https:\/\/www.immobilienbusiness.ch\/de\/wp-json\/wp\/v2\/media\/64602"}],"wp:attachment":[{"href":"https:\/\/www.immobilienbusiness.ch\/de\/wp-json\/wp\/v2\/media?parent=64601"}],"wp:term":[{"taxonomy":"category","embeddable":true,"href":"https:\/\/www.immobilienbusiness.ch\/de\/wp-json\/wp\/v2\/categories?post=64601"},{"taxonomy":"post_tag","embeddable":true,"href":"https:\/\/www.immobilienbusiness.ch\/de\/wp-json\/wp\/v2\/tags?post=64601"}],"curies":[{"name":"wp","href":"https:\/\/api.w.org\/{rel}","templated":true}]}}