{"id":64488,"date":"2025-06-13T15:33:16","date_gmt":"2025-06-13T13:33:16","guid":{"rendered":"https:\/\/www.immobilienbusiness.ch\/?p=64488"},"modified":"2025-07-09T15:36:59","modified_gmt":"2025-07-09T13:36:59","slug":"ubs-siat-steigert-nettoertrag-im-halbjahr-deutlich","status":"publish","type":"post","link":"https:\/\/www.immobilienbusiness.ch\/de\/unternehmen\/2025-06-13\/ubs-siat-steigert-nettoertrag-im-halbjahr-deutlich\/","title":{"rendered":"UBS: Siat steigert Nettoertrag im Halbjahr deutlich"},"content":{"rendered":"<figure id=\"attachment_3477\" aria-describedby=\"caption-attachment-3477\" style=\"width: 768px\" class=\"wp-caption alignnone\"><a href=\"https:\/\/www.immobilienbusiness.ch\/wp-content\/uploads\/2016\/12\/Kapitalerhoehung-fuer-CS-REF-Siat-immobilien-business.jpg\"><img loading=\"lazy\" decoding=\"async\" class=\"size-large wp-image-3477\" src=\"https:\/\/www.immobilienbusiness.ch\/wp-content\/uploads\/2016\/12\/Kapitalerhoehung-fuer-CS-REF-Siat-immobilien-business-1024x682.jpg\" alt=\"\" width=\"768\" height=\"512\" srcset=\"https:\/\/www.immobilienbusiness.ch\/wp-content\/uploads\/2016\/12\/Kapitalerhoehung-fuer-CS-REF-Siat-immobilien-business-1024x682.jpg 1024w, https:\/\/www.immobilienbusiness.ch\/wp-content\/uploads\/2016\/12\/Kapitalerhoehung-fuer-CS-REF-Siat-immobilien-business-300x200.jpg 300w, https:\/\/www.immobilienbusiness.ch\/wp-content\/uploads\/2016\/12\/Kapitalerhoehung-fuer-CS-REF-Siat-immobilien-business-768x512.jpg 768w, https:\/\/www.immobilienbusiness.ch\/wp-content\/uploads\/2016\/12\/Kapitalerhoehung-fuer-CS-REF-Siat-immobilien-business-16x12.jpg 16w, https:\/\/www.immobilienbusiness.ch\/wp-content\/uploads\/2016\/12\/Kapitalerhoehung-fuer-CS-REF-Siat-immobilien-business-263x175.jpg 263w, https:\/\/www.immobilienbusiness.ch\/wp-content\/uploads\/2016\/12\/Kapitalerhoehung-fuer-CS-REF-Siat-immobilien-business-525x350.jpg 525w, https:\/\/www.immobilienbusiness.ch\/wp-content\/uploads\/2016\/12\/Kapitalerhoehung-fuer-CS-REF-Siat-immobilien-business-1200x800.jpg 1200w, https:\/\/www.immobilienbusiness.ch\/wp-content\/uploads\/2016\/12\/Kapitalerhoehung-fuer-CS-REF-Siat-immobilien-business-920x613.jpg 920w, https:\/\/www.immobilienbusiness.ch\/wp-content\/uploads\/2016\/12\/Kapitalerhoehung-fuer-CS-REF-Siat-immobilien-business.jpg 1280w\" sizes=\"auto, (max-width: 768px) 100vw, 768px\" \/><\/a><figcaption id=\"caption-attachment-3477\" class=\"wp-caption-text\">Der Immobilienfonds Siat der UBS ist im 1. Halbjahr ohne Zuk\u00e4ufe gewachsen (Foto: PIxabay)<\/figcaption><\/figure>\n<p>Der UBS-Immobilienfonds \u00abSiat\u00bb hat im ersten Halbjahr den Nettoertrag im Vorjahresvergleich um 3,9 Mio. auf 43,4 Mio. CHF ausgebaut. F\u00fcr die Entwicklung f\u00fchrt die Fondsleitung Vermietungserfolge sowie eine gute Absorption im Anschluss an durchgef\u00fchrte Sanierungen sowie Projektfertigstellungen ins Feld. Die Mietzinsausfallrate liegt bei\u00a0 3,0% der Sollmietzinseinnahmen.<\/p>\n<p>Der Gesamterfolg verbesserte sich von 39,8 auf 44, 8 Mio. CHF, wozu ein etwas h\u00f6heres Bewertungsergebnis (+1,5 Mio., nach 0,3 Mio. im Vorjahr) beitrug. Das Gesamtfondsverm\u00f6gen erh\u00f6hte sich marginal von 4,14 Mrd. auf 4,18 Mrd. CHF.<br \/>\nK\u00e4ufe oder Verk\u00e4ufe fanden im Halbjahreszeitraum keine statt. <em>(aw)<\/em><\/p>\n","protected":false},"excerpt":{"rendered":"<p>Der Immobilienfonds verzeichnete in der ersten Halbjahresperiode seines Gesch\u00e4ftsjahres einen deutlichen Zuwachs bei Nettoertrag und Gesamterfolg.<\/p>\n","protected":false},"author":102,"featured_media":3477,"comment_status":"closed","ping_status":"closed","sticky":false,"template":"","format":"standard","meta":{"_acf_changed":false,"_yoast_wpseo_focuskw":"UBS","_yoast_wpseo_title":"","_yoast_wpseo_metadesc":"Der Immobilienfonds verzeichnete in der ersten Halbjahresperiode seines Gesch\u00e4ftsjahres einen deutlichen Zuwachs bei Nettoertrag und Gesamterfolg.","_yoast_wpseo_linkdex":63,"pgc_sgb_lightbox_settings":"","footnotes":""},"categories":[988],"tags":[3912,1344,1492,1796],"class_list":["post-64488","post","type-post","status-publish","format-standard","has-post-thumbnail","hentry","category-unternehmen","tag-halbjahreszahlen","tag-immobilienfonds","tag-mietwohnungen","tag-ubs"],"acf":[],"yoast_head":"<!-- This site is optimized with the Yoast SEO plugin v27.4 - https:\/\/yoast.com\/product\/yoast-seo-wordpress\/ -->\n<title>UBS: Siat steigert Nettoertrag im Halbjahr deutlich - IMMOBILIEN Business<\/title>\n<meta name=\"description\" content=\"Der Immobilienfonds verzeichnete in der ersten Halbjahresperiode seines Gesch\u00e4ftsjahres einen deutlichen Zuwachs bei Nettoertrag und Gesamterfolg.\" \/>\n<meta name=\"robots\" content=\"index, follow, max-snippet:-1, max-image-preview:large, max-video-preview:-1\" \/>\n<link rel=\"canonical\" href=\"https:\/\/www.immobilienbusiness.ch\/de\/unternehmen\/2025-06-13\/ubs-siat-steigert-nettoertrag-im-halbjahr-deutlich\/\" \/>\n<meta property=\"og:locale\" content=\"de_DE\" \/>\n<meta property=\"og:type\" content=\"article\" \/>\n<meta property=\"og:title\" content=\"UBS: Siat steigert Nettoertrag im Halbjahr deutlich - IMMOBILIEN Business\" \/>\n<meta property=\"og:description\" content=\"Der Immobilienfonds verzeichnete in der ersten Halbjahresperiode seines Gesch\u00e4ftsjahres einen deutlichen Zuwachs bei Nettoertrag und Gesamterfolg.\" \/>\n<meta property=\"og:url\" content=\"https:\/\/www.immobilienbusiness.ch\/de\/unternehmen\/2025-06-13\/ubs-siat-steigert-nettoertrag-im-halbjahr-deutlich\/\" \/>\n<meta property=\"og:site_name\" content=\"IMMOBILIEN Business\" \/>\n<meta property=\"article:publisher\" content=\"https:\/\/www.facebook.com\/immobilienbusiness\/\" \/>\n<meta property=\"article:published_time\" content=\"2025-06-13T13:33:16+00:00\" \/>\n<meta property=\"article:modified_time\" content=\"2025-07-09T13:36:59+00:00\" \/>\n<meta property=\"og:image\" content=\"https:\/\/www.immobilienbusiness.ch\/wp-content\/uploads\/2016\/12\/Kapitalerhoehung-fuer-CS-REF-Siat-immobilien-business.jpg\" \/>\n\t<meta property=\"og:image:width\" content=\"1280\" \/>\n\t<meta property=\"og:image:height\" content=\"853\" \/>\n\t<meta property=\"og:image:type\" content=\"image\/jpeg\" \/>\n<meta name=\"author\" content=\"Alexander Wachter\" \/>\n<meta name=\"twitter:card\" content=\"summary_large_image\" \/>\n<script type=\"application\/ld+json\" class=\"yoast-schema-graph\">{\"@context\":\"https:\\\/\\\/schema.org\",\"@graph\":[{\"@type\":\"Article\",\"@id\":\"https:\\\/\\\/www.immobilienbusiness.ch\\\/it\\\/unternehmen\\\/2025-06-13\\\/ubs-siat-steigert-nettoertrag-im-halbjahr-deutlich\\\/#article\",\"isPartOf\":{\"@id\":\"https:\\\/\\\/www.immobilienbusiness.ch\\\/it\\\/unternehmen\\\/2025-06-13\\\/ubs-siat-steigert-nettoertrag-im-halbjahr-deutlich\\\/\"},\"author\":{\"name\":\"Alexander Wachter\",\"@id\":\"https:\\\/\\\/www.immobilienbusiness.ch\\\/#\\\/schema\\\/person\\\/aba8bea2db926aa0c24c08c43fe1fcd5\"},\"headline\":\"UBS: Siat steigert Nettoertrag im Halbjahr deutlich\",\"datePublished\":\"2025-06-13T13:33:16+00:00\",\"dateModified\":\"2025-07-09T13:36:59+00:00\",\"mainEntityOfPage\":{\"@id\":\"https:\\\/\\\/www.immobilienbusiness.ch\\\/it\\\/unternehmen\\\/2025-06-13\\\/ubs-siat-steigert-nettoertrag-im-halbjahr-deutlich\\\/\"},\"wordCount\":117,\"publisher\":{\"@id\":\"https:\\\/\\\/www.immobilienbusiness.ch\\\/#organization\"},\"image\":{\"@id\":\"https:\\\/\\\/www.immobilienbusiness.ch\\\/it\\\/unternehmen\\\/2025-06-13\\\/ubs-siat-steigert-nettoertrag-im-halbjahr-deutlich\\\/#primaryimage\"},\"thumbnailUrl\":\"https:\\\/\\\/www.immobilienbusiness.ch\\\/wp-content\\\/uploads\\\/2016\\\/12\\\/Kapitalerhoehung-fuer-CS-REF-Siat-immobilien-business.jpg\",\"keywords\":[\"Halbjahreszahlen\",\"Immobilienfonds\",\"Mietwohnungen\",\"UBS\"],\"articleSection\":[\"UNTERNEHMEN\"],\"inLanguage\":\"de\"},{\"@type\":\"WebPage\",\"@id\":\"https:\\\/\\\/www.immobilienbusiness.ch\\\/it\\\/unternehmen\\\/2025-06-13\\\/ubs-siat-steigert-nettoertrag-im-halbjahr-deutlich\\\/\",\"url\":\"https:\\\/\\\/www.immobilienbusiness.ch\\\/it\\\/unternehmen\\\/2025-06-13\\\/ubs-siat-steigert-nettoertrag-im-halbjahr-deutlich\\\/\",\"name\":\"UBS: Siat steigert Nettoertrag im Halbjahr deutlich - IMMOBILIEN Business\",\"isPartOf\":{\"@id\":\"https:\\\/\\\/www.immobilienbusiness.ch\\\/#website\"},\"primaryImageOfPage\":{\"@id\":\"https:\\\/\\\/www.immobilienbusiness.ch\\\/it\\\/unternehmen\\\/2025-06-13\\\/ubs-siat-steigert-nettoertrag-im-halbjahr-deutlich\\\/#primaryimage\"},\"image\":{\"@id\":\"https:\\\/\\\/www.immobilienbusiness.ch\\\/it\\\/unternehmen\\\/2025-06-13\\\/ubs-siat-steigert-nettoertrag-im-halbjahr-deutlich\\\/#primaryimage\"},\"thumbnailUrl\":\"https:\\\/\\\/www.immobilienbusiness.ch\\\/wp-content\\\/uploads\\\/2016\\\/12\\\/Kapitalerhoehung-fuer-CS-REF-Siat-immobilien-business.jpg\",\"datePublished\":\"2025-06-13T13:33:16+00:00\",\"dateModified\":\"2025-07-09T13:36:59+00:00\",\"description\":\"Der Immobilienfonds verzeichnete in der ersten Halbjahresperiode seines Gesch\u00e4ftsjahres einen deutlichen Zuwachs bei Nettoertrag und Gesamterfolg.\",\"breadcrumb\":{\"@id\":\"https:\\\/\\\/www.immobilienbusiness.ch\\\/it\\\/unternehmen\\\/2025-06-13\\\/ubs-siat-steigert-nettoertrag-im-halbjahr-deutlich\\\/#breadcrumb\"},\"inLanguage\":\"de\",\"potentialAction\":[{\"@type\":\"ReadAction\",\"target\":[\"https:\\\/\\\/www.immobilienbusiness.ch\\\/it\\\/unternehmen\\\/2025-06-13\\\/ubs-siat-steigert-nettoertrag-im-halbjahr-deutlich\\\/\"]}]},{\"@type\":\"ImageObject\",\"inLanguage\":\"de\",\"@id\":\"https:\\\/\\\/www.immobilienbusiness.ch\\\/it\\\/unternehmen\\\/2025-06-13\\\/ubs-siat-steigert-nettoertrag-im-halbjahr-deutlich\\\/#primaryimage\",\"url\":\"https:\\\/\\\/www.immobilienbusiness.ch\\\/wp-content\\\/uploads\\\/2016\\\/12\\\/Kapitalerhoehung-fuer-CS-REF-Siat-immobilien-business.jpg\",\"contentUrl\":\"https:\\\/\\\/www.immobilienbusiness.ch\\\/wp-content\\\/uploads\\\/2016\\\/12\\\/Kapitalerhoehung-fuer-CS-REF-Siat-immobilien-business.jpg\",\"width\":1280,\"height\":853,\"caption\":\"Der Immobilienfonds Siat der UBS ist im 1. Halbjahr ohne Zuk\u00e4ufe gewachsen (Foto: PIxabay)\"},{\"@type\":\"BreadcrumbList\",\"@id\":\"https:\\\/\\\/www.immobilienbusiness.ch\\\/it\\\/unternehmen\\\/2025-06-13\\\/ubs-siat-steigert-nettoertrag-im-halbjahr-deutlich\\\/#breadcrumb\",\"itemListElement\":[{\"@type\":\"ListItem\",\"position\":1,\"name\":\"Home\",\"item\":\"https:\\\/\\\/www.immobilienbusiness.ch\\\/\"},{\"@type\":\"ListItem\",\"position\":2,\"name\":\"UBS: Siat steigert Nettoertrag im Halbjahr deutlich\"}]},{\"@type\":\"WebSite\",\"@id\":\"https:\\\/\\\/www.immobilienbusiness.ch\\\/#website\",\"url\":\"https:\\\/\\\/www.immobilienbusiness.ch\\\/\",\"name\":\"IMMOBILIEN Business\",\"description\":\"Unabh\u00e4ngiges Schweizer Wirtschaftsmagazin mit Fokus auf Immobilien, Architektur- und Bau sowie Investment- und Finanzierung.\",\"publisher\":{\"@id\":\"https:\\\/\\\/www.immobilienbusiness.ch\\\/#organization\"},\"potentialAction\":[{\"@type\":\"SearchAction\",\"target\":{\"@type\":\"EntryPoint\",\"urlTemplate\":\"https:\\\/\\\/www.immobilienbusiness.ch\\\/?s={search_term_string}\"},\"query-input\":{\"@type\":\"PropertyValueSpecification\",\"valueRequired\":true,\"valueName\":\"search_term_string\"}}],\"inLanguage\":\"de\"},{\"@type\":\"Organization\",\"@id\":\"https:\\\/\\\/www.immobilienbusiness.ch\\\/#organization\",\"name\":\"IMMOBILIEN Business\",\"url\":\"https:\\\/\\\/www.immobilienbusiness.ch\\\/\",\"logo\":{\"@type\":\"ImageObject\",\"inLanguage\":\"de\",\"@id\":\"https:\\\/\\\/www.immobilienbusiness.ch\\\/#\\\/schema\\\/logo\\\/image\\\/\",\"url\":\"https:\\\/\\\/www.immobilienbusiness.ch\\\/wp-content\\\/uploads\\\/2021\\\/07\\\/logo_ib.png\",\"contentUrl\":\"https:\\\/\\\/www.immobilienbusiness.ch\\\/wp-content\\\/uploads\\\/2021\\\/07\\\/logo_ib.png\",\"width\":800,\"height\":181,\"caption\":\"IMMOBILIEN Business\"},\"image\":{\"@id\":\"https:\\\/\\\/www.immobilienbusiness.ch\\\/#\\\/schema\\\/logo\\\/image\\\/\"},\"sameAs\":[\"https:\\\/\\\/www.facebook.com\\\/immobilienbusiness\\\/\"]},{\"@type\":\"Person\",\"@id\":\"https:\\\/\\\/www.immobilienbusiness.ch\\\/#\\\/schema\\\/person\\\/aba8bea2db926aa0c24c08c43fe1fcd5\",\"name\":\"Alexander Wachter\",\"image\":{\"@type\":\"ImageObject\",\"inLanguage\":\"de\",\"@id\":\"https:\\\/\\\/secure.gravatar.com\\\/avatar\\\/1a09e471f5389b0e0a6416eac287e0927c7c97a7b77f9e787eba3af7aee281dd?s=96&d=mm&r=g\",\"url\":\"https:\\\/\\\/secure.gravatar.com\\\/avatar\\\/1a09e471f5389b0e0a6416eac287e0927c7c97a7b77f9e787eba3af7aee281dd?s=96&d=mm&r=g\",\"contentUrl\":\"https:\\\/\\\/secure.gravatar.com\\\/avatar\\\/1a09e471f5389b0e0a6416eac287e0927c7c97a7b77f9e787eba3af7aee281dd?s=96&d=mm&r=g\",\"caption\":\"Alexander Wachter\"},\"url\":\"https:\\\/\\\/www.immobilienbusiness.ch\\\/de\\\/author\\\/alexander-wachter\\\/\"}]}<\/script>\n<!-- \/ Yoast SEO plugin. -->","yoast_head_json":{"title":"UBS: Siat steigert Nettoertrag im Halbjahr deutlich - IMMOBILIEN Business","description":"Der Immobilienfonds verzeichnete in der ersten Halbjahresperiode seines Gesch\u00e4ftsjahres einen deutlichen Zuwachs bei Nettoertrag und Gesamterfolg.","robots":{"index":"index","follow":"follow","max-snippet":"max-snippet:-1","max-image-preview":"max-image-preview:large","max-video-preview":"max-video-preview:-1"},"canonical":"https:\/\/www.immobilienbusiness.ch\/de\/unternehmen\/2025-06-13\/ubs-siat-steigert-nettoertrag-im-halbjahr-deutlich\/","og_locale":"de_DE","og_type":"article","og_title":"UBS: Siat steigert Nettoertrag im Halbjahr deutlich - IMMOBILIEN Business","og_description":"Der Immobilienfonds verzeichnete in der ersten Halbjahresperiode seines Gesch\u00e4ftsjahres einen deutlichen Zuwachs bei Nettoertrag und Gesamterfolg.","og_url":"https:\/\/www.immobilienbusiness.ch\/de\/unternehmen\/2025-06-13\/ubs-siat-steigert-nettoertrag-im-halbjahr-deutlich\/","og_site_name":"IMMOBILIEN Business","article_publisher":"https:\/\/www.facebook.com\/immobilienbusiness\/","article_published_time":"2025-06-13T13:33:16+00:00","article_modified_time":"2025-07-09T13:36:59+00:00","og_image":[{"width":1280,"height":853,"url":"https:\/\/www.immobilienbusiness.ch\/wp-content\/uploads\/2016\/12\/Kapitalerhoehung-fuer-CS-REF-Siat-immobilien-business.jpg","type":"image\/jpeg"}],"author":"Alexander Wachter","twitter_card":"summary_large_image","schema":{"@context":"https:\/\/schema.org","@graph":[{"@type":"Article","@id":"https:\/\/www.immobilienbusiness.ch\/it\/unternehmen\/2025-06-13\/ubs-siat-steigert-nettoertrag-im-halbjahr-deutlich\/#article","isPartOf":{"@id":"https:\/\/www.immobilienbusiness.ch\/it\/unternehmen\/2025-06-13\/ubs-siat-steigert-nettoertrag-im-halbjahr-deutlich\/"},"author":{"name":"Alexander Wachter","@id":"https:\/\/www.immobilienbusiness.ch\/#\/schema\/person\/aba8bea2db926aa0c24c08c43fe1fcd5"},"headline":"UBS: Siat steigert Nettoertrag im Halbjahr deutlich","datePublished":"2025-06-13T13:33:16+00:00","dateModified":"2025-07-09T13:36:59+00:00","mainEntityOfPage":{"@id":"https:\/\/www.immobilienbusiness.ch\/it\/unternehmen\/2025-06-13\/ubs-siat-steigert-nettoertrag-im-halbjahr-deutlich\/"},"wordCount":117,"publisher":{"@id":"https:\/\/www.immobilienbusiness.ch\/#organization"},"image":{"@id":"https:\/\/www.immobilienbusiness.ch\/it\/unternehmen\/2025-06-13\/ubs-siat-steigert-nettoertrag-im-halbjahr-deutlich\/#primaryimage"},"thumbnailUrl":"https:\/\/www.immobilienbusiness.ch\/wp-content\/uploads\/2016\/12\/Kapitalerhoehung-fuer-CS-REF-Siat-immobilien-business.jpg","keywords":["Halbjahreszahlen","Immobilienfonds","Mietwohnungen","UBS"],"articleSection":["UNTERNEHMEN"],"inLanguage":"de"},{"@type":"WebPage","@id":"https:\/\/www.immobilienbusiness.ch\/it\/unternehmen\/2025-06-13\/ubs-siat-steigert-nettoertrag-im-halbjahr-deutlich\/","url":"https:\/\/www.immobilienbusiness.ch\/it\/unternehmen\/2025-06-13\/ubs-siat-steigert-nettoertrag-im-halbjahr-deutlich\/","name":"UBS: Siat steigert Nettoertrag im Halbjahr deutlich - IMMOBILIEN Business","isPartOf":{"@id":"https:\/\/www.immobilienbusiness.ch\/#website"},"primaryImageOfPage":{"@id":"https:\/\/www.immobilienbusiness.ch\/it\/unternehmen\/2025-06-13\/ubs-siat-steigert-nettoertrag-im-halbjahr-deutlich\/#primaryimage"},"image":{"@id":"https:\/\/www.immobilienbusiness.ch\/it\/unternehmen\/2025-06-13\/ubs-siat-steigert-nettoertrag-im-halbjahr-deutlich\/#primaryimage"},"thumbnailUrl":"https:\/\/www.immobilienbusiness.ch\/wp-content\/uploads\/2016\/12\/Kapitalerhoehung-fuer-CS-REF-Siat-immobilien-business.jpg","datePublished":"2025-06-13T13:33:16+00:00","dateModified":"2025-07-09T13:36:59+00:00","description":"Der Immobilienfonds verzeichnete in der ersten Halbjahresperiode seines Gesch\u00e4ftsjahres einen deutlichen Zuwachs bei Nettoertrag und Gesamterfolg.","breadcrumb":{"@id":"https:\/\/www.immobilienbusiness.ch\/it\/unternehmen\/2025-06-13\/ubs-siat-steigert-nettoertrag-im-halbjahr-deutlich\/#breadcrumb"},"inLanguage":"de","potentialAction":[{"@type":"ReadAction","target":["https:\/\/www.immobilienbusiness.ch\/it\/unternehmen\/2025-06-13\/ubs-siat-steigert-nettoertrag-im-halbjahr-deutlich\/"]}]},{"@type":"ImageObject","inLanguage":"de","@id":"https:\/\/www.immobilienbusiness.ch\/it\/unternehmen\/2025-06-13\/ubs-siat-steigert-nettoertrag-im-halbjahr-deutlich\/#primaryimage","url":"https:\/\/www.immobilienbusiness.ch\/wp-content\/uploads\/2016\/12\/Kapitalerhoehung-fuer-CS-REF-Siat-immobilien-business.jpg","contentUrl":"https:\/\/www.immobilienbusiness.ch\/wp-content\/uploads\/2016\/12\/Kapitalerhoehung-fuer-CS-REF-Siat-immobilien-business.jpg","width":1280,"height":853,"caption":"Der Immobilienfonds Siat der UBS ist im 1. Halbjahr ohne Zuk\u00e4ufe gewachsen (Foto: PIxabay)"},{"@type":"BreadcrumbList","@id":"https:\/\/www.immobilienbusiness.ch\/it\/unternehmen\/2025-06-13\/ubs-siat-steigert-nettoertrag-im-halbjahr-deutlich\/#breadcrumb","itemListElement":[{"@type":"ListItem","position":1,"name":"Home","item":"https:\/\/www.immobilienbusiness.ch\/"},{"@type":"ListItem","position":2,"name":"UBS: Siat steigert Nettoertrag im Halbjahr deutlich"}]},{"@type":"WebSite","@id":"https:\/\/www.immobilienbusiness.ch\/#website","url":"https:\/\/www.immobilienbusiness.ch\/","name":"IMMOBILIEN Business","description":"Unabh\u00e4ngiges Schweizer Wirtschaftsmagazin mit Fokus auf Immobilien, Architektur- und Bau sowie Investment- und Finanzierung.","publisher":{"@id":"https:\/\/www.immobilienbusiness.ch\/#organization"},"potentialAction":[{"@type":"SearchAction","target":{"@type":"EntryPoint","urlTemplate":"https:\/\/www.immobilienbusiness.ch\/?s={search_term_string}"},"query-input":{"@type":"PropertyValueSpecification","valueRequired":true,"valueName":"search_term_string"}}],"inLanguage":"de"},{"@type":"Organization","@id":"https:\/\/www.immobilienbusiness.ch\/#organization","name":"IMMOBILIEN Business","url":"https:\/\/www.immobilienbusiness.ch\/","logo":{"@type":"ImageObject","inLanguage":"de","@id":"https:\/\/www.immobilienbusiness.ch\/#\/schema\/logo\/image\/","url":"https:\/\/www.immobilienbusiness.ch\/wp-content\/uploads\/2021\/07\/logo_ib.png","contentUrl":"https:\/\/www.immobilienbusiness.ch\/wp-content\/uploads\/2021\/07\/logo_ib.png","width":800,"height":181,"caption":"IMMOBILIEN Business"},"image":{"@id":"https:\/\/www.immobilienbusiness.ch\/#\/schema\/logo\/image\/"},"sameAs":["https:\/\/www.facebook.com\/immobilienbusiness\/"]},{"@type":"Person","@id":"https:\/\/www.immobilienbusiness.ch\/#\/schema\/person\/aba8bea2db926aa0c24c08c43fe1fcd5","name":"Alexander Wachter","image":{"@type":"ImageObject","inLanguage":"de","@id":"https:\/\/secure.gravatar.com\/avatar\/1a09e471f5389b0e0a6416eac287e0927c7c97a7b77f9e787eba3af7aee281dd?s=96&d=mm&r=g","url":"https:\/\/secure.gravatar.com\/avatar\/1a09e471f5389b0e0a6416eac287e0927c7c97a7b77f9e787eba3af7aee281dd?s=96&d=mm&r=g","contentUrl":"https:\/\/secure.gravatar.com\/avatar\/1a09e471f5389b0e0a6416eac287e0927c7c97a7b77f9e787eba3af7aee281dd?s=96&d=mm&r=g","caption":"Alexander Wachter"},"url":"https:\/\/www.immobilienbusiness.ch\/de\/author\/alexander-wachter\/"}]}},"_links":{"self":[{"href":"https:\/\/www.immobilienbusiness.ch\/de\/wp-json\/wp\/v2\/posts\/64488","targetHints":{"allow":["GET"]}}],"collection":[{"href":"https:\/\/www.immobilienbusiness.ch\/de\/wp-json\/wp\/v2\/posts"}],"about":[{"href":"https:\/\/www.immobilienbusiness.ch\/de\/wp-json\/wp\/v2\/types\/post"}],"author":[{"embeddable":true,"href":"https:\/\/www.immobilienbusiness.ch\/de\/wp-json\/wp\/v2\/users\/102"}],"replies":[{"embeddable":true,"href":"https:\/\/www.immobilienbusiness.ch\/de\/wp-json\/wp\/v2\/comments?post=64488"}],"version-history":[{"count":1,"href":"https:\/\/www.immobilienbusiness.ch\/de\/wp-json\/wp\/v2\/posts\/64488\/revisions"}],"predecessor-version":[{"id":64489,"href":"https:\/\/www.immobilienbusiness.ch\/de\/wp-json\/wp\/v2\/posts\/64488\/revisions\/64489"}],"wp:featuredmedia":[{"embeddable":true,"href":"https:\/\/www.immobilienbusiness.ch\/de\/wp-json\/wp\/v2\/media\/3477"}],"wp:attachment":[{"href":"https:\/\/www.immobilienbusiness.ch\/de\/wp-json\/wp\/v2\/media?parent=64488"}],"wp:term":[{"taxonomy":"category","embeddable":true,"href":"https:\/\/www.immobilienbusiness.ch\/de\/wp-json\/wp\/v2\/categories?post=64488"},{"taxonomy":"post_tag","embeddable":true,"href":"https:\/\/www.immobilienbusiness.ch\/de\/wp-json\/wp\/v2\/tags?post=64488"}],"curies":[{"name":"wp","href":"https:\/\/api.w.org\/{rel}","templated":true}]}}