{"id":64280,"date":"2025-07-03T06:00:42","date_gmt":"2025-07-03T04:00:42","guid":{"rendered":"https:\/\/www.immobilienbusiness.ch\/?p=64280"},"modified":"2025-07-03T12:20:30","modified_gmt":"2025-07-03T10:20:30","slug":"assetimmo-beruft-stiftungsraetin-und-ernennt-leiterin-entwicklung","status":"publish","type":"post","link":"https:\/\/www.immobilienbusiness.ch\/de\/personalia\/2025-07-03\/assetimmo-beruft-stiftungsraetin-und-ernennt-leiterin-entwicklung\/","title":{"rendered":"Assetimmo: Neue Stiftungsr\u00e4tin und neue Leiterin Entwicklung"},"content":{"rendered":"<figure id=\"attachment_64282\" aria-describedby=\"caption-attachment-64282\" style=\"width: 925px\" class=\"wp-caption alignnone\"><a href=\"https:\/\/www.immobilienbusiness.ch\/wp-content\/uploads\/2025\/07\/Assetimmo-Claassen-Daettwyler-1.png\"><img loading=\"lazy\" decoding=\"async\" class=\"size-full wp-image-64282\" src=\"https:\/\/www.immobilienbusiness.ch\/wp-content\/uploads\/2025\/07\/Assetimmo-Claassen-Daettwyler-1.png\" alt=\"\" width=\"925\" height=\"632\" srcset=\"https:\/\/www.immobilienbusiness.ch\/wp-content\/uploads\/2025\/07\/Assetimmo-Claassen-Daettwyler-1.png 925w, https:\/\/www.immobilienbusiness.ch\/wp-content\/uploads\/2025\/07\/Assetimmo-Claassen-Daettwyler-1-300x205.png 300w, https:\/\/www.immobilienbusiness.ch\/wp-content\/uploads\/2025\/07\/Assetimmo-Claassen-Daettwyler-1-768x525.png 768w, https:\/\/www.immobilienbusiness.ch\/wp-content\/uploads\/2025\/07\/Assetimmo-Claassen-Daettwyler-1-18x12.png 18w, https:\/\/www.immobilienbusiness.ch\/wp-content\/uploads\/2025\/07\/Assetimmo-Claassen-Daettwyler-1-375x256.png 375w, https:\/\/www.immobilienbusiness.ch\/wp-content\/uploads\/2025\/07\/Assetimmo-Claassen-Daettwyler-1-512x350.png 512w\" sizes=\"auto, (max-width: 925px) 100vw, 925px\" \/><\/a><figcaption id=\"caption-attachment-64282\" class=\"wp-caption-text\">Andrea Claassen und Nicole Dettwyler (Bild: \u00a9 Assetimmo)<\/figcaption><\/figure>\n<p>An der Assetimmo-Anlegerversammlung am 18. Juni 2025 wurde Nicole Dettwyler in den Stiftungsrat der Immobilien-Anlagestiftung gew\u00e4hlt. Sie ist seit Dezember 2024 Vorsitzende der Gesch\u00e4ftsleitung der Sammelstiftung Symova und arbeitete zuvor zw\u00f6lf Jahre f\u00fcr die Swiss Life Pension Services AG, zuletzt als CEO. Erste Erfahrung als Stiftungsr\u00e4tin sammelte sie bei der Pensionskasse Hewitt. Ihre Karriere startete die promovierte Mathematikerin bei der Rhein R\u00fcckversicherung AG.<\/p>\n<p>Per 1. Januar n\u00e4chsten Jahres \u00fcbernimmt Andrea Claassen die neu geschaffene Position der Leiterin Entwicklung &amp; Bau. In dieser Funktion wird sie der Gesch\u00e4ftsleitung von Assetimmo angeh\u00f6ren. Seit 2023 ist sie als Bautreuh\u00e4nderin f\u00fcr Assetimmo t\u00e4tig. Zuvor hatte sie leitende Positionen in der Planung und Bauleitung bei Wintsch &amp; Partner sowie bei Venzin Baumanagement und Zach + Z\u00fcnd Architekten. Claassen verf\u00fcgt \u00fcber einen Masterabschluss in Architektur der TU Delft. \u00abMit der neuen Rolle wird der wachsenden strategischen Bedeutung von Sanierungen, Ersatzneubauten und nachhaltiger Projektumsetzung innerhalb des Portfolios von assetimmo Rechnung getragen\u00bb, schreibt Assetimmo. <em>(aw)<\/em><\/p>\n","protected":false},"excerpt":{"rendered":"<p>Nicole Dettwyler wird neue Stiftungsr\u00e4tin der Immobilien-Anlagestiftung Assetimmo. Per Januar 2026 wird zudem Andrea Claassen Leiterin Entwicklung &#038; Bau und damit Teil der Gesch\u00e4ftsleitung.<\/p>\n","protected":false},"author":102,"featured_media":64282,"comment_status":"closed","ping_status":"closed","sticky":false,"template":"","format":"standard","meta":{"_acf_changed":false,"_yoast_wpseo_focuskw":"Assetimmo","_yoast_wpseo_title":"","_yoast_wpseo_metadesc":"Nicole Dettwyler wird neue Stiftungsr\u00e4tin der Immobilien-Anlagestiftung Assetimmo. Per Januar 2026 wird zudem Andrea Claassen Leiterin Entwicklung & Bau und damit Teil der Gesch\u00e4ftsleitung.","_yoast_wpseo_linkdex":55,"pgc_sgb_lightbox_settings":"","footnotes":""},"categories":[1912],"tags":[2018,1563],"class_list":["post-64280","post","type-post","status-publish","format-standard","has-post-thumbnail","hentry","category-personalia","tag-assetimmo","tag-personalia"],"acf":[],"yoast_head":"<!-- This site is optimized with the Yoast SEO plugin v27.4 - https:\/\/yoast.com\/product\/yoast-seo-wordpress\/ -->\n<title>Assetimmo: Neue Stiftungsr\u00e4tin und neue Leiterin Entwicklung - IMMOBILIEN Business<\/title>\n<meta name=\"description\" content=\"Nicole Dettwyler wird neue Stiftungsr\u00e4tin der Immobilien-Anlagestiftung Assetimmo. Per Januar 2026 wird zudem Andrea Claassen Leiterin Entwicklung &amp; Bau und damit Teil der Gesch\u00e4ftsleitung.\" \/>\n<meta name=\"robots\" content=\"index, follow, max-snippet:-1, max-image-preview:large, max-video-preview:-1\" \/>\n<link rel=\"canonical\" href=\"https:\/\/www.immobilienbusiness.ch\/de\/personalia\/2025-07-03\/assetimmo-beruft-stiftungsraetin-und-ernennt-leiterin-entwicklung\/\" \/>\n<meta property=\"og:locale\" content=\"de_DE\" \/>\n<meta property=\"og:type\" content=\"article\" \/>\n<meta property=\"og:title\" content=\"Assetimmo: Neue Stiftungsr\u00e4tin und neue Leiterin Entwicklung - IMMOBILIEN Business\" \/>\n<meta property=\"og:description\" content=\"Nicole Dettwyler wird neue Stiftungsr\u00e4tin der Immobilien-Anlagestiftung Assetimmo. Per Januar 2026 wird zudem Andrea Claassen Leiterin Entwicklung &amp; Bau und damit Teil der Gesch\u00e4ftsleitung.\" \/>\n<meta property=\"og:url\" content=\"https:\/\/www.immobilienbusiness.ch\/de\/personalia\/2025-07-03\/assetimmo-beruft-stiftungsraetin-und-ernennt-leiterin-entwicklung\/\" \/>\n<meta property=\"og:site_name\" content=\"IMMOBILIEN Business\" \/>\n<meta property=\"article:publisher\" content=\"https:\/\/www.facebook.com\/immobilienbusiness\/\" \/>\n<meta property=\"article:published_time\" content=\"2025-07-03T04:00:42+00:00\" \/>\n<meta property=\"article:modified_time\" content=\"2025-07-03T10:20:30+00:00\" \/>\n<meta property=\"og:image\" content=\"https:\/\/www.immobilienbusiness.ch\/wp-content\/uploads\/2025\/07\/Assetimmo-Claassen-Daettwyler-1.png\" \/>\n\t<meta property=\"og:image:width\" content=\"925\" \/>\n\t<meta property=\"og:image:height\" content=\"632\" \/>\n\t<meta property=\"og:image:type\" content=\"image\/png\" \/>\n<meta name=\"author\" content=\"Alexander Wachter\" \/>\n<meta name=\"twitter:card\" content=\"summary_large_image\" \/>\n<script type=\"application\/ld+json\" class=\"yoast-schema-graph\">{\"@context\":\"https:\\\/\\\/schema.org\",\"@graph\":[{\"@type\":\"Article\",\"@id\":\"https:\\\/\\\/www.immobilienbusiness.ch\\\/en\\\/personalia\\\/2025-07-03\\\/assetimmo-beruft-stiftungsraetin-und-ernennt-leiterin-entwicklung\\\/#article\",\"isPartOf\":{\"@id\":\"https:\\\/\\\/www.immobilienbusiness.ch\\\/en\\\/personalia\\\/2025-07-03\\\/assetimmo-beruft-stiftungsraetin-und-ernennt-leiterin-entwicklung\\\/\"},\"author\":{\"name\":\"Alexander Wachter\",\"@id\":\"https:\\\/\\\/www.immobilienbusiness.ch\\\/#\\\/schema\\\/person\\\/aba8bea2db926aa0c24c08c43fe1fcd5\"},\"headline\":\"Assetimmo: Neue Stiftungsr\u00e4tin und neue Leiterin Entwicklung\",\"datePublished\":\"2025-07-03T04:00:42+00:00\",\"dateModified\":\"2025-07-03T10:20:30+00:00\",\"mainEntityOfPage\":{\"@id\":\"https:\\\/\\\/www.immobilienbusiness.ch\\\/en\\\/personalia\\\/2025-07-03\\\/assetimmo-beruft-stiftungsraetin-und-ernennt-leiterin-entwicklung\\\/\"},\"wordCount\":187,\"publisher\":{\"@id\":\"https:\\\/\\\/www.immobilienbusiness.ch\\\/#organization\"},\"image\":{\"@id\":\"https:\\\/\\\/www.immobilienbusiness.ch\\\/en\\\/personalia\\\/2025-07-03\\\/assetimmo-beruft-stiftungsraetin-und-ernennt-leiterin-entwicklung\\\/#primaryimage\"},\"thumbnailUrl\":\"https:\\\/\\\/www.immobilienbusiness.ch\\\/wp-content\\\/uploads\\\/2025\\\/07\\\/Assetimmo-Claassen-Daettwyler-1.png\",\"keywords\":[\"Assetimmo\",\"Personalia\"],\"articleSection\":[\"PERSONALIA\"],\"inLanguage\":\"de\"},{\"@type\":\"WebPage\",\"@id\":\"https:\\\/\\\/www.immobilienbusiness.ch\\\/en\\\/personalia\\\/2025-07-03\\\/assetimmo-beruft-stiftungsraetin-und-ernennt-leiterin-entwicklung\\\/\",\"url\":\"https:\\\/\\\/www.immobilienbusiness.ch\\\/en\\\/personalia\\\/2025-07-03\\\/assetimmo-beruft-stiftungsraetin-und-ernennt-leiterin-entwicklung\\\/\",\"name\":\"Assetimmo: Neue Stiftungsr\u00e4tin und neue Leiterin Entwicklung - IMMOBILIEN Business\",\"isPartOf\":{\"@id\":\"https:\\\/\\\/www.immobilienbusiness.ch\\\/#website\"},\"primaryImageOfPage\":{\"@id\":\"https:\\\/\\\/www.immobilienbusiness.ch\\\/en\\\/personalia\\\/2025-07-03\\\/assetimmo-beruft-stiftungsraetin-und-ernennt-leiterin-entwicklung\\\/#primaryimage\"},\"image\":{\"@id\":\"https:\\\/\\\/www.immobilienbusiness.ch\\\/en\\\/personalia\\\/2025-07-03\\\/assetimmo-beruft-stiftungsraetin-und-ernennt-leiterin-entwicklung\\\/#primaryimage\"},\"thumbnailUrl\":\"https:\\\/\\\/www.immobilienbusiness.ch\\\/wp-content\\\/uploads\\\/2025\\\/07\\\/Assetimmo-Claassen-Daettwyler-1.png\",\"datePublished\":\"2025-07-03T04:00:42+00:00\",\"dateModified\":\"2025-07-03T10:20:30+00:00\",\"description\":\"Nicole Dettwyler wird neue Stiftungsr\u00e4tin der Immobilien-Anlagestiftung Assetimmo. Per Januar 2026 wird zudem Andrea Claassen Leiterin Entwicklung & Bau und damit Teil der Gesch\u00e4ftsleitung.\",\"breadcrumb\":{\"@id\":\"https:\\\/\\\/www.immobilienbusiness.ch\\\/en\\\/personalia\\\/2025-07-03\\\/assetimmo-beruft-stiftungsraetin-und-ernennt-leiterin-entwicklung\\\/#breadcrumb\"},\"inLanguage\":\"de\",\"potentialAction\":[{\"@type\":\"ReadAction\",\"target\":[\"https:\\\/\\\/www.immobilienbusiness.ch\\\/en\\\/personalia\\\/2025-07-03\\\/assetimmo-beruft-stiftungsraetin-und-ernennt-leiterin-entwicklung\\\/\"]}]},{\"@type\":\"ImageObject\",\"inLanguage\":\"de\",\"@id\":\"https:\\\/\\\/www.immobilienbusiness.ch\\\/en\\\/personalia\\\/2025-07-03\\\/assetimmo-beruft-stiftungsraetin-und-ernennt-leiterin-entwicklung\\\/#primaryimage\",\"url\":\"https:\\\/\\\/www.immobilienbusiness.ch\\\/wp-content\\\/uploads\\\/2025\\\/07\\\/Assetimmo-Claassen-Daettwyler-1.png\",\"contentUrl\":\"https:\\\/\\\/www.immobilienbusiness.ch\\\/wp-content\\\/uploads\\\/2025\\\/07\\\/Assetimmo-Claassen-Daettwyler-1.png\",\"width\":925,\"height\":632,\"caption\":\"Andrea Claassen und Nicole Dettwyler (Bild: \u00a9 Assetimmo)\"},{\"@type\":\"BreadcrumbList\",\"@id\":\"https:\\\/\\\/www.immobilienbusiness.ch\\\/en\\\/personalia\\\/2025-07-03\\\/assetimmo-beruft-stiftungsraetin-und-ernennt-leiterin-entwicklung\\\/#breadcrumb\",\"itemListElement\":[{\"@type\":\"ListItem\",\"position\":1,\"name\":\"Home\",\"item\":\"https:\\\/\\\/www.immobilienbusiness.ch\\\/\"},{\"@type\":\"ListItem\",\"position\":2,\"name\":\"Assetimmo: Neue Stiftungsr\u00e4tin und neue Leiterin Entwicklung\"}]},{\"@type\":\"WebSite\",\"@id\":\"https:\\\/\\\/www.immobilienbusiness.ch\\\/#website\",\"url\":\"https:\\\/\\\/www.immobilienbusiness.ch\\\/\",\"name\":\"IMMOBILIEN Business\",\"description\":\"Unabh\u00e4ngiges Schweizer Wirtschaftsmagazin mit Fokus auf Immobilien, Architektur- und Bau sowie Investment- und Finanzierung.\",\"publisher\":{\"@id\":\"https:\\\/\\\/www.immobilienbusiness.ch\\\/#organization\"},\"potentialAction\":[{\"@type\":\"SearchAction\",\"target\":{\"@type\":\"EntryPoint\",\"urlTemplate\":\"https:\\\/\\\/www.immobilienbusiness.ch\\\/?s={search_term_string}\"},\"query-input\":{\"@type\":\"PropertyValueSpecification\",\"valueRequired\":true,\"valueName\":\"search_term_string\"}}],\"inLanguage\":\"de\"},{\"@type\":\"Organization\",\"@id\":\"https:\\\/\\\/www.immobilienbusiness.ch\\\/#organization\",\"name\":\"IMMOBILIEN Business\",\"url\":\"https:\\\/\\\/www.immobilienbusiness.ch\\\/\",\"logo\":{\"@type\":\"ImageObject\",\"inLanguage\":\"de\",\"@id\":\"https:\\\/\\\/www.immobilienbusiness.ch\\\/#\\\/schema\\\/logo\\\/image\\\/\",\"url\":\"https:\\\/\\\/www.immobilienbusiness.ch\\\/wp-content\\\/uploads\\\/2021\\\/07\\\/logo_ib.png\",\"contentUrl\":\"https:\\\/\\\/www.immobilienbusiness.ch\\\/wp-content\\\/uploads\\\/2021\\\/07\\\/logo_ib.png\",\"width\":800,\"height\":181,\"caption\":\"IMMOBILIEN Business\"},\"image\":{\"@id\":\"https:\\\/\\\/www.immobilienbusiness.ch\\\/#\\\/schema\\\/logo\\\/image\\\/\"},\"sameAs\":[\"https:\\\/\\\/www.facebook.com\\\/immobilienbusiness\\\/\"]},{\"@type\":\"Person\",\"@id\":\"https:\\\/\\\/www.immobilienbusiness.ch\\\/#\\\/schema\\\/person\\\/aba8bea2db926aa0c24c08c43fe1fcd5\",\"name\":\"Alexander Wachter\",\"image\":{\"@type\":\"ImageObject\",\"inLanguage\":\"de\",\"@id\":\"https:\\\/\\\/secure.gravatar.com\\\/avatar\\\/1a09e471f5389b0e0a6416eac287e0927c7c97a7b77f9e787eba3af7aee281dd?s=96&d=mm&r=g\",\"url\":\"https:\\\/\\\/secure.gravatar.com\\\/avatar\\\/1a09e471f5389b0e0a6416eac287e0927c7c97a7b77f9e787eba3af7aee281dd?s=96&d=mm&r=g\",\"contentUrl\":\"https:\\\/\\\/secure.gravatar.com\\\/avatar\\\/1a09e471f5389b0e0a6416eac287e0927c7c97a7b77f9e787eba3af7aee281dd?s=96&d=mm&r=g\",\"caption\":\"Alexander Wachter\"},\"url\":\"https:\\\/\\\/www.immobilienbusiness.ch\\\/de\\\/author\\\/alexander-wachter\\\/\"}]}<\/script>\n<!-- \/ Yoast SEO plugin. -->","yoast_head_json":{"title":"Assetimmo: Neue Stiftungsr\u00e4tin und neue Leiterin Entwicklung - IMMOBILIEN Business","description":"Nicole Dettwyler wird neue Stiftungsr\u00e4tin der Immobilien-Anlagestiftung Assetimmo. Per Januar 2026 wird zudem Andrea Claassen Leiterin Entwicklung & Bau und damit Teil der Gesch\u00e4ftsleitung.","robots":{"index":"index","follow":"follow","max-snippet":"max-snippet:-1","max-image-preview":"max-image-preview:large","max-video-preview":"max-video-preview:-1"},"canonical":"https:\/\/www.immobilienbusiness.ch\/de\/personalia\/2025-07-03\/assetimmo-beruft-stiftungsraetin-und-ernennt-leiterin-entwicklung\/","og_locale":"de_DE","og_type":"article","og_title":"Assetimmo: Neue Stiftungsr\u00e4tin und neue Leiterin Entwicklung - IMMOBILIEN Business","og_description":"Nicole Dettwyler wird neue Stiftungsr\u00e4tin der Immobilien-Anlagestiftung Assetimmo. Per Januar 2026 wird zudem Andrea Claassen Leiterin Entwicklung & Bau und damit Teil der Gesch\u00e4ftsleitung.","og_url":"https:\/\/www.immobilienbusiness.ch\/de\/personalia\/2025-07-03\/assetimmo-beruft-stiftungsraetin-und-ernennt-leiterin-entwicklung\/","og_site_name":"IMMOBILIEN Business","article_publisher":"https:\/\/www.facebook.com\/immobilienbusiness\/","article_published_time":"2025-07-03T04:00:42+00:00","article_modified_time":"2025-07-03T10:20:30+00:00","og_image":[{"width":925,"height":632,"url":"https:\/\/www.immobilienbusiness.ch\/wp-content\/uploads\/2025\/07\/Assetimmo-Claassen-Daettwyler-1.png","type":"image\/png"}],"author":"Alexander Wachter","twitter_card":"summary_large_image","schema":{"@context":"https:\/\/schema.org","@graph":[{"@type":"Article","@id":"https:\/\/www.immobilienbusiness.ch\/en\/personalia\/2025-07-03\/assetimmo-beruft-stiftungsraetin-und-ernennt-leiterin-entwicklung\/#article","isPartOf":{"@id":"https:\/\/www.immobilienbusiness.ch\/en\/personalia\/2025-07-03\/assetimmo-beruft-stiftungsraetin-und-ernennt-leiterin-entwicklung\/"},"author":{"name":"Alexander Wachter","@id":"https:\/\/www.immobilienbusiness.ch\/#\/schema\/person\/aba8bea2db926aa0c24c08c43fe1fcd5"},"headline":"Assetimmo: Neue Stiftungsr\u00e4tin und neue Leiterin Entwicklung","datePublished":"2025-07-03T04:00:42+00:00","dateModified":"2025-07-03T10:20:30+00:00","mainEntityOfPage":{"@id":"https:\/\/www.immobilienbusiness.ch\/en\/personalia\/2025-07-03\/assetimmo-beruft-stiftungsraetin-und-ernennt-leiterin-entwicklung\/"},"wordCount":187,"publisher":{"@id":"https:\/\/www.immobilienbusiness.ch\/#organization"},"image":{"@id":"https:\/\/www.immobilienbusiness.ch\/en\/personalia\/2025-07-03\/assetimmo-beruft-stiftungsraetin-und-ernennt-leiterin-entwicklung\/#primaryimage"},"thumbnailUrl":"https:\/\/www.immobilienbusiness.ch\/wp-content\/uploads\/2025\/07\/Assetimmo-Claassen-Daettwyler-1.png","keywords":["Assetimmo","Personalia"],"articleSection":["PERSONALIA"],"inLanguage":"de"},{"@type":"WebPage","@id":"https:\/\/www.immobilienbusiness.ch\/en\/personalia\/2025-07-03\/assetimmo-beruft-stiftungsraetin-und-ernennt-leiterin-entwicklung\/","url":"https:\/\/www.immobilienbusiness.ch\/en\/personalia\/2025-07-03\/assetimmo-beruft-stiftungsraetin-und-ernennt-leiterin-entwicklung\/","name":"Assetimmo: Neue Stiftungsr\u00e4tin und neue Leiterin Entwicklung - IMMOBILIEN Business","isPartOf":{"@id":"https:\/\/www.immobilienbusiness.ch\/#website"},"primaryImageOfPage":{"@id":"https:\/\/www.immobilienbusiness.ch\/en\/personalia\/2025-07-03\/assetimmo-beruft-stiftungsraetin-und-ernennt-leiterin-entwicklung\/#primaryimage"},"image":{"@id":"https:\/\/www.immobilienbusiness.ch\/en\/personalia\/2025-07-03\/assetimmo-beruft-stiftungsraetin-und-ernennt-leiterin-entwicklung\/#primaryimage"},"thumbnailUrl":"https:\/\/www.immobilienbusiness.ch\/wp-content\/uploads\/2025\/07\/Assetimmo-Claassen-Daettwyler-1.png","datePublished":"2025-07-03T04:00:42+00:00","dateModified":"2025-07-03T10:20:30+00:00","description":"Nicole Dettwyler wird neue Stiftungsr\u00e4tin der Immobilien-Anlagestiftung Assetimmo. Per Januar 2026 wird zudem Andrea Claassen Leiterin Entwicklung & Bau und damit Teil der Gesch\u00e4ftsleitung.","breadcrumb":{"@id":"https:\/\/www.immobilienbusiness.ch\/en\/personalia\/2025-07-03\/assetimmo-beruft-stiftungsraetin-und-ernennt-leiterin-entwicklung\/#breadcrumb"},"inLanguage":"de","potentialAction":[{"@type":"ReadAction","target":["https:\/\/www.immobilienbusiness.ch\/en\/personalia\/2025-07-03\/assetimmo-beruft-stiftungsraetin-und-ernennt-leiterin-entwicklung\/"]}]},{"@type":"ImageObject","inLanguage":"de","@id":"https:\/\/www.immobilienbusiness.ch\/en\/personalia\/2025-07-03\/assetimmo-beruft-stiftungsraetin-und-ernennt-leiterin-entwicklung\/#primaryimage","url":"https:\/\/www.immobilienbusiness.ch\/wp-content\/uploads\/2025\/07\/Assetimmo-Claassen-Daettwyler-1.png","contentUrl":"https:\/\/www.immobilienbusiness.ch\/wp-content\/uploads\/2025\/07\/Assetimmo-Claassen-Daettwyler-1.png","width":925,"height":632,"caption":"Andrea Claassen und Nicole Dettwyler (Bild: \u00a9 Assetimmo)"},{"@type":"BreadcrumbList","@id":"https:\/\/www.immobilienbusiness.ch\/en\/personalia\/2025-07-03\/assetimmo-beruft-stiftungsraetin-und-ernennt-leiterin-entwicklung\/#breadcrumb","itemListElement":[{"@type":"ListItem","position":1,"name":"Home","item":"https:\/\/www.immobilienbusiness.ch\/"},{"@type":"ListItem","position":2,"name":"Assetimmo: Neue Stiftungsr\u00e4tin und neue Leiterin Entwicklung"}]},{"@type":"WebSite","@id":"https:\/\/www.immobilienbusiness.ch\/#website","url":"https:\/\/www.immobilienbusiness.ch\/","name":"IMMOBILIEN Business","description":"Unabh\u00e4ngiges Schweizer Wirtschaftsmagazin mit Fokus auf Immobilien, Architektur- und Bau sowie Investment- und Finanzierung.","publisher":{"@id":"https:\/\/www.immobilienbusiness.ch\/#organization"},"potentialAction":[{"@type":"SearchAction","target":{"@type":"EntryPoint","urlTemplate":"https:\/\/www.immobilienbusiness.ch\/?s={search_term_string}"},"query-input":{"@type":"PropertyValueSpecification","valueRequired":true,"valueName":"search_term_string"}}],"inLanguage":"de"},{"@type":"Organization","@id":"https:\/\/www.immobilienbusiness.ch\/#organization","name":"IMMOBILIEN Business","url":"https:\/\/www.immobilienbusiness.ch\/","logo":{"@type":"ImageObject","inLanguage":"de","@id":"https:\/\/www.immobilienbusiness.ch\/#\/schema\/logo\/image\/","url":"https:\/\/www.immobilienbusiness.ch\/wp-content\/uploads\/2021\/07\/logo_ib.png","contentUrl":"https:\/\/www.immobilienbusiness.ch\/wp-content\/uploads\/2021\/07\/logo_ib.png","width":800,"height":181,"caption":"IMMOBILIEN Business"},"image":{"@id":"https:\/\/www.immobilienbusiness.ch\/#\/schema\/logo\/image\/"},"sameAs":["https:\/\/www.facebook.com\/immobilienbusiness\/"]},{"@type":"Person","@id":"https:\/\/www.immobilienbusiness.ch\/#\/schema\/person\/aba8bea2db926aa0c24c08c43fe1fcd5","name":"Alexander Wachter","image":{"@type":"ImageObject","inLanguage":"de","@id":"https:\/\/secure.gravatar.com\/avatar\/1a09e471f5389b0e0a6416eac287e0927c7c97a7b77f9e787eba3af7aee281dd?s=96&d=mm&r=g","url":"https:\/\/secure.gravatar.com\/avatar\/1a09e471f5389b0e0a6416eac287e0927c7c97a7b77f9e787eba3af7aee281dd?s=96&d=mm&r=g","contentUrl":"https:\/\/secure.gravatar.com\/avatar\/1a09e471f5389b0e0a6416eac287e0927c7c97a7b77f9e787eba3af7aee281dd?s=96&d=mm&r=g","caption":"Alexander Wachter"},"url":"https:\/\/www.immobilienbusiness.ch\/de\/author\/alexander-wachter\/"}]}},"_links":{"self":[{"href":"https:\/\/www.immobilienbusiness.ch\/de\/wp-json\/wp\/v2\/posts\/64280","targetHints":{"allow":["GET"]}}],"collection":[{"href":"https:\/\/www.immobilienbusiness.ch\/de\/wp-json\/wp\/v2\/posts"}],"about":[{"href":"https:\/\/www.immobilienbusiness.ch\/de\/wp-json\/wp\/v2\/types\/post"}],"author":[{"embeddable":true,"href":"https:\/\/www.immobilienbusiness.ch\/de\/wp-json\/wp\/v2\/users\/102"}],"replies":[{"embeddable":true,"href":"https:\/\/www.immobilienbusiness.ch\/de\/wp-json\/wp\/v2\/comments?post=64280"}],"version-history":[{"count":4,"href":"https:\/\/www.immobilienbusiness.ch\/de\/wp-json\/wp\/v2\/posts\/64280\/revisions"}],"predecessor-version":[{"id":64370,"href":"https:\/\/www.immobilienbusiness.ch\/de\/wp-json\/wp\/v2\/posts\/64280\/revisions\/64370"}],"wp:featuredmedia":[{"embeddable":true,"href":"https:\/\/www.immobilienbusiness.ch\/de\/wp-json\/wp\/v2\/media\/64282"}],"wp:attachment":[{"href":"https:\/\/www.immobilienbusiness.ch\/de\/wp-json\/wp\/v2\/media?parent=64280"}],"wp:term":[{"taxonomy":"category","embeddable":true,"href":"https:\/\/www.immobilienbusiness.ch\/de\/wp-json\/wp\/v2\/categories?post=64280"},{"taxonomy":"post_tag","embeddable":true,"href":"https:\/\/www.immobilienbusiness.ch\/de\/wp-json\/wp\/v2\/tags?post=64280"}],"curies":[{"name":"wp","href":"https:\/\/api.w.org\/{rel}","templated":true}]}}