{"id":64193,"date":"2025-06-26T09:12:31","date_gmt":"2025-06-26T07:12:31","guid":{"rendered":"https:\/\/www.immobilienbusiness.ch\/?p=64193"},"modified":"2025-06-26T09:47:53","modified_gmt":"2025-06-26T07:47:53","slug":"afiaa-neuer-head-of-asset-management-transactions","status":"publish","type":"post","link":"https:\/\/www.immobilienbusiness.ch\/de\/personalia\/2025-06-26\/afiaa-neuer-head-of-asset-management-transactions\/","title":{"rendered":"AFIAA: Neuer Head of Asset Management &#038; Transactions"},"content":{"rendered":"<figure id=\"attachment_64194\" aria-describedby=\"caption-attachment-64194\" style=\"width: 768px\" class=\"wp-caption alignnone\"><a href=\"https:\/\/www.immobilienbusiness.ch\/wp-content\/uploads\/2025\/06\/holger-herb-zvg-scaled.jpg\"><img loading=\"lazy\" decoding=\"async\" class=\"size-large wp-image-64194\" src=\"https:\/\/www.immobilienbusiness.ch\/wp-content\/uploads\/2025\/06\/holger-herb-zvg-1024x683.jpg\" alt=\"\" width=\"768\" height=\"512\" srcset=\"https:\/\/www.immobilienbusiness.ch\/wp-content\/uploads\/2025\/06\/holger-herb-zvg-1024x683.jpg 1024w, https:\/\/www.immobilienbusiness.ch\/wp-content\/uploads\/2025\/06\/holger-herb-zvg-300x200.jpg 300w, https:\/\/www.immobilienbusiness.ch\/wp-content\/uploads\/2025\/06\/holger-herb-zvg-768x512.jpg 768w, https:\/\/www.immobilienbusiness.ch\/wp-content\/uploads\/2025\/06\/holger-herb-zvg-1536x1024.jpg 1536w, https:\/\/www.immobilienbusiness.ch\/wp-content\/uploads\/2025\/06\/holger-herb-zvg-2048x1365.jpg 2048w, https:\/\/www.immobilienbusiness.ch\/wp-content\/uploads\/2025\/06\/holger-herb-zvg-18x12.jpg 18w, https:\/\/www.immobilienbusiness.ch\/wp-content\/uploads\/2025\/06\/holger-herb-zvg-375x250.jpg 375w, https:\/\/www.immobilienbusiness.ch\/wp-content\/uploads\/2025\/06\/holger-herb-zvg-525x350.jpg 525w, https:\/\/www.immobilienbusiness.ch\/wp-content\/uploads\/2025\/06\/holger-herb-zvg-1000x667.jpg 1000w, https:\/\/www.immobilienbusiness.ch\/wp-content\/uploads\/2025\/06\/holger-herb-zvg-scaled.jpg 1200w\" sizes=\"auto, (max-width: 768px) 100vw, 768px\" \/><\/a><figcaption id=\"caption-attachment-64194\" class=\"wp-caption-text\">Holger Herb (Bild: \u00a9 AFIAA)<\/figcaption><\/figure>\n<p>Per 1. Juli \u00fcbernimmt Holger Holger Herb die Funktion des Head of Asset Management &amp; Transactions bei der AFIAA Real Estate Investment AG in Z\u00fcrich. In dieser Rolle wird er f\u00fcr das Mandat der AFIAA Anlagestiftung t\u00e4tig sein, die Schweizer Vorsorgeeinrichtungen Investitionen in ausl\u00e4ndische Immobilien erm\u00f6glicht.<\/p>\n<p>Zuletzt war Herb als Head Real Estate EMEA sowie als Global Head Real Estate Investments &amp; Asset Management ex Switzerland bei Credit Suisse Asset Management t\u00e4tig. In dieser Funktion leitete er seit 2017 ein 40-k\u00f6pfiges Team an mehreren Standorten und verantwortete ein Immobilienportfolio im Umfang von rund 7 Mrd. CHF. Davor war Herb unter anderem f\u00fcr s\u00e4mtliche Immobilientransaktionen von Credit Suisse Asset Management in der EMEA-Region zust\u00e4ndig. In seiner fr\u00fcheren beruflichen Laufbahn war er ausserdem bei AXA Investment Managers t\u00e4tig.<\/p>\n","protected":false},"excerpt":{"rendered":"<p>Holger Herb war zuletzt bei der Credit Suisse Asset Management f\u00fcr alle Immobilientransaktionen und das Assetmanagement im Ausland zust\u00e4ndig. Er f\u00e4ngt im Juli bei AFIAA an.<\/p>\n","protected":false},"author":102,"featured_media":64194,"comment_status":"closed","ping_status":"closed","sticky":false,"template":"","format":"standard","meta":{"_acf_changed":false,"_yoast_wpseo_focuskw":"AFIAA","_yoast_wpseo_title":"","_yoast_wpseo_metadesc":"Holger Herb war zuletzt bei der Credit Suisse Asset Management f\u00fcr alle Immobilientransaktionen und das Assetmanagement im Ausland zust\u00e4ndig. Er f\u00e4ngt im Juli bei AFIAA an.","_yoast_wpseo_linkdex":57,"pgc_sgb_lightbox_settings":"","footnotes":""},"categories":[1912],"tags":[1008,1563],"class_list":["post-64193","post","type-post","status-publish","format-standard","has-post-thumbnail","hentry","category-personalia","tag-afiaa","tag-personalia"],"acf":[],"yoast_head":"<!-- This site is optimized with the Yoast SEO plugin v27.4 - https:\/\/yoast.com\/product\/yoast-seo-wordpress\/ -->\n<title>AFIAA: Neuer Head of Asset Management &amp; Transactions - IMMOBILIEN Business<\/title>\n<meta name=\"description\" content=\"Holger Herb war zuletzt bei der Credit Suisse Asset Management f\u00fcr alle Immobilientransaktionen und das Assetmanagement im Ausland zust\u00e4ndig. Er f\u00e4ngt im Juli bei AFIAA an.\" \/>\n<meta name=\"robots\" content=\"index, follow, max-snippet:-1, max-image-preview:large, max-video-preview:-1\" \/>\n<link rel=\"canonical\" href=\"https:\/\/www.immobilienbusiness.ch\/de\/personalia\/2025-06-26\/afiaa-neuer-head-of-asset-management-transactions\/\" \/>\n<meta property=\"og:locale\" content=\"de_DE\" \/>\n<meta property=\"og:type\" content=\"article\" \/>\n<meta property=\"og:title\" content=\"AFIAA: Neuer Head of Asset Management &amp; Transactions - IMMOBILIEN Business\" \/>\n<meta property=\"og:description\" content=\"Holger Herb war zuletzt bei der Credit Suisse Asset Management f\u00fcr alle Immobilientransaktionen und das Assetmanagement im Ausland zust\u00e4ndig. Er f\u00e4ngt im Juli bei AFIAA an.\" \/>\n<meta property=\"og:url\" content=\"https:\/\/www.immobilienbusiness.ch\/de\/personalia\/2025-06-26\/afiaa-neuer-head-of-asset-management-transactions\/\" \/>\n<meta property=\"og:site_name\" content=\"IMMOBILIEN Business\" \/>\n<meta property=\"article:publisher\" content=\"https:\/\/www.facebook.com\/immobilienbusiness\/\" \/>\n<meta property=\"article:published_time\" content=\"2025-06-26T07:12:31+00:00\" \/>\n<meta property=\"article:modified_time\" content=\"2025-06-26T07:47:53+00:00\" \/>\n<meta property=\"og:image\" content=\"https:\/\/www.immobilienbusiness.ch\/wp-content\/uploads\/2025\/06\/holger-herb-zvg-scaled.jpg\" \/>\n\t<meta property=\"og:image:width\" content=\"1200\" \/>\n\t<meta property=\"og:image:height\" content=\"800\" \/>\n\t<meta property=\"og:image:type\" content=\"image\/jpeg\" \/>\n<meta name=\"author\" content=\"Alexander Wachter\" \/>\n<meta name=\"twitter:card\" content=\"summary_large_image\" \/>\n<script type=\"application\/ld+json\" class=\"yoast-schema-graph\">{\"@context\":\"https:\\\/\\\/schema.org\",\"@graph\":[{\"@type\":\"Article\",\"@id\":\"https:\\\/\\\/www.immobilienbusiness.ch\\\/personalia\\\/2025-06-26\\\/afiaa-neuer-head-of-asset-management-transactions\\\/#article\",\"isPartOf\":{\"@id\":\"https:\\\/\\\/www.immobilienbusiness.ch\\\/personalia\\\/2025-06-26\\\/afiaa-neuer-head-of-asset-management-transactions\\\/\"},\"author\":{\"name\":\"Alexander Wachter\",\"@id\":\"https:\\\/\\\/www.immobilienbusiness.ch\\\/#\\\/schema\\\/person\\\/aba8bea2db926aa0c24c08c43fe1fcd5\"},\"headline\":\"AFIAA: Neuer Head of Asset Management &#038; Transactions\",\"datePublished\":\"2025-06-26T07:12:31+00:00\",\"dateModified\":\"2025-06-26T07:47:53+00:00\",\"mainEntityOfPage\":{\"@id\":\"https:\\\/\\\/www.immobilienbusiness.ch\\\/personalia\\\/2025-06-26\\\/afiaa-neuer-head-of-asset-management-transactions\\\/\"},\"wordCount\":153,\"publisher\":{\"@id\":\"https:\\\/\\\/www.immobilienbusiness.ch\\\/#organization\"},\"image\":{\"@id\":\"https:\\\/\\\/www.immobilienbusiness.ch\\\/personalia\\\/2025-06-26\\\/afiaa-neuer-head-of-asset-management-transactions\\\/#primaryimage\"},\"thumbnailUrl\":\"https:\\\/\\\/www.immobilienbusiness.ch\\\/wp-content\\\/uploads\\\/2025\\\/06\\\/holger-herb-zvg-scaled.jpg\",\"keywords\":[\"AFIAA\",\"Personalia\"],\"articleSection\":[\"PERSONALIA\"],\"inLanguage\":\"de\"},{\"@type\":\"WebPage\",\"@id\":\"https:\\\/\\\/www.immobilienbusiness.ch\\\/personalia\\\/2025-06-26\\\/afiaa-neuer-head-of-asset-management-transactions\\\/\",\"url\":\"https:\\\/\\\/www.immobilienbusiness.ch\\\/personalia\\\/2025-06-26\\\/afiaa-neuer-head-of-asset-management-transactions\\\/\",\"name\":\"AFIAA: Neuer Head of Asset Management & Transactions - IMMOBILIEN Business\",\"isPartOf\":{\"@id\":\"https:\\\/\\\/www.immobilienbusiness.ch\\\/#website\"},\"primaryImageOfPage\":{\"@id\":\"https:\\\/\\\/www.immobilienbusiness.ch\\\/personalia\\\/2025-06-26\\\/afiaa-neuer-head-of-asset-management-transactions\\\/#primaryimage\"},\"image\":{\"@id\":\"https:\\\/\\\/www.immobilienbusiness.ch\\\/personalia\\\/2025-06-26\\\/afiaa-neuer-head-of-asset-management-transactions\\\/#primaryimage\"},\"thumbnailUrl\":\"https:\\\/\\\/www.immobilienbusiness.ch\\\/wp-content\\\/uploads\\\/2025\\\/06\\\/holger-herb-zvg-scaled.jpg\",\"datePublished\":\"2025-06-26T07:12:31+00:00\",\"dateModified\":\"2025-06-26T07:47:53+00:00\",\"description\":\"Holger Herb war zuletzt bei der Credit Suisse Asset Management f\u00fcr alle Immobilientransaktionen und das Assetmanagement im Ausland zust\u00e4ndig. Er f\u00e4ngt im Juli bei AFIAA an.\",\"breadcrumb\":{\"@id\":\"https:\\\/\\\/www.immobilienbusiness.ch\\\/personalia\\\/2025-06-26\\\/afiaa-neuer-head-of-asset-management-transactions\\\/#breadcrumb\"},\"inLanguage\":\"de\",\"potentialAction\":[{\"@type\":\"ReadAction\",\"target\":[\"https:\\\/\\\/www.immobilienbusiness.ch\\\/personalia\\\/2025-06-26\\\/afiaa-neuer-head-of-asset-management-transactions\\\/\"]}]},{\"@type\":\"ImageObject\",\"inLanguage\":\"de\",\"@id\":\"https:\\\/\\\/www.immobilienbusiness.ch\\\/personalia\\\/2025-06-26\\\/afiaa-neuer-head-of-asset-management-transactions\\\/#primaryimage\",\"url\":\"https:\\\/\\\/www.immobilienbusiness.ch\\\/wp-content\\\/uploads\\\/2025\\\/06\\\/holger-herb-zvg-scaled.jpg\",\"contentUrl\":\"https:\\\/\\\/www.immobilienbusiness.ch\\\/wp-content\\\/uploads\\\/2025\\\/06\\\/holger-herb-zvg-scaled.jpg\",\"width\":1200,\"height\":800,\"caption\":\"Holger Herb (Bild: \u00a9 AFIAA)\"},{\"@type\":\"BreadcrumbList\",\"@id\":\"https:\\\/\\\/www.immobilienbusiness.ch\\\/personalia\\\/2025-06-26\\\/afiaa-neuer-head-of-asset-management-transactions\\\/#breadcrumb\",\"itemListElement\":[{\"@type\":\"ListItem\",\"position\":1,\"name\":\"Home\",\"item\":\"https:\\\/\\\/www.immobilienbusiness.ch\\\/\"},{\"@type\":\"ListItem\",\"position\":2,\"name\":\"AFIAA: Neuer Head of Asset Management &#038; Transactions\"}]},{\"@type\":\"WebSite\",\"@id\":\"https:\\\/\\\/www.immobilienbusiness.ch\\\/#website\",\"url\":\"https:\\\/\\\/www.immobilienbusiness.ch\\\/\",\"name\":\"IMMOBILIEN Business\",\"description\":\"Unabh\u00e4ngiges Schweizer Wirtschaftsmagazin mit Fokus auf Immobilien, Architektur- und Bau sowie Investment- und Finanzierung.\",\"publisher\":{\"@id\":\"https:\\\/\\\/www.immobilienbusiness.ch\\\/#organization\"},\"potentialAction\":[{\"@type\":\"SearchAction\",\"target\":{\"@type\":\"EntryPoint\",\"urlTemplate\":\"https:\\\/\\\/www.immobilienbusiness.ch\\\/?s={search_term_string}\"},\"query-input\":{\"@type\":\"PropertyValueSpecification\",\"valueRequired\":true,\"valueName\":\"search_term_string\"}}],\"inLanguage\":\"de\"},{\"@type\":\"Organization\",\"@id\":\"https:\\\/\\\/www.immobilienbusiness.ch\\\/#organization\",\"name\":\"IMMOBILIEN Business\",\"url\":\"https:\\\/\\\/www.immobilienbusiness.ch\\\/\",\"logo\":{\"@type\":\"ImageObject\",\"inLanguage\":\"de\",\"@id\":\"https:\\\/\\\/www.immobilienbusiness.ch\\\/#\\\/schema\\\/logo\\\/image\\\/\",\"url\":\"https:\\\/\\\/www.immobilienbusiness.ch\\\/wp-content\\\/uploads\\\/2021\\\/07\\\/logo_ib.png\",\"contentUrl\":\"https:\\\/\\\/www.immobilienbusiness.ch\\\/wp-content\\\/uploads\\\/2021\\\/07\\\/logo_ib.png\",\"width\":800,\"height\":181,\"caption\":\"IMMOBILIEN Business\"},\"image\":{\"@id\":\"https:\\\/\\\/www.immobilienbusiness.ch\\\/#\\\/schema\\\/logo\\\/image\\\/\"},\"sameAs\":[\"https:\\\/\\\/www.facebook.com\\\/immobilienbusiness\\\/\"]},{\"@type\":\"Person\",\"@id\":\"https:\\\/\\\/www.immobilienbusiness.ch\\\/#\\\/schema\\\/person\\\/aba8bea2db926aa0c24c08c43fe1fcd5\",\"name\":\"Alexander Wachter\",\"image\":{\"@type\":\"ImageObject\",\"inLanguage\":\"de\",\"@id\":\"https:\\\/\\\/secure.gravatar.com\\\/avatar\\\/1a09e471f5389b0e0a6416eac287e0927c7c97a7b77f9e787eba3af7aee281dd?s=96&d=mm&r=g\",\"url\":\"https:\\\/\\\/secure.gravatar.com\\\/avatar\\\/1a09e471f5389b0e0a6416eac287e0927c7c97a7b77f9e787eba3af7aee281dd?s=96&d=mm&r=g\",\"contentUrl\":\"https:\\\/\\\/secure.gravatar.com\\\/avatar\\\/1a09e471f5389b0e0a6416eac287e0927c7c97a7b77f9e787eba3af7aee281dd?s=96&d=mm&r=g\",\"caption\":\"Alexander Wachter\"},\"url\":\"https:\\\/\\\/www.immobilienbusiness.ch\\\/de\\\/author\\\/alexander-wachter\\\/\"}]}<\/script>\n<!-- \/ Yoast SEO plugin. -->","yoast_head_json":{"title":"AFIAA: Neuer Head of Asset Management & Transactions - IMMOBILIEN Business","description":"Holger Herb war zuletzt bei der Credit Suisse Asset Management f\u00fcr alle Immobilientransaktionen und das Assetmanagement im Ausland zust\u00e4ndig. Er f\u00e4ngt im Juli bei AFIAA an.","robots":{"index":"index","follow":"follow","max-snippet":"max-snippet:-1","max-image-preview":"max-image-preview:large","max-video-preview":"max-video-preview:-1"},"canonical":"https:\/\/www.immobilienbusiness.ch\/de\/personalia\/2025-06-26\/afiaa-neuer-head-of-asset-management-transactions\/","og_locale":"de_DE","og_type":"article","og_title":"AFIAA: Neuer Head of Asset Management & Transactions - IMMOBILIEN Business","og_description":"Holger Herb war zuletzt bei der Credit Suisse Asset Management f\u00fcr alle Immobilientransaktionen und das Assetmanagement im Ausland zust\u00e4ndig. Er f\u00e4ngt im Juli bei AFIAA an.","og_url":"https:\/\/www.immobilienbusiness.ch\/de\/personalia\/2025-06-26\/afiaa-neuer-head-of-asset-management-transactions\/","og_site_name":"IMMOBILIEN Business","article_publisher":"https:\/\/www.facebook.com\/immobilienbusiness\/","article_published_time":"2025-06-26T07:12:31+00:00","article_modified_time":"2025-06-26T07:47:53+00:00","og_image":[{"width":1200,"height":800,"url":"https:\/\/www.immobilienbusiness.ch\/wp-content\/uploads\/2025\/06\/holger-herb-zvg-scaled.jpg","type":"image\/jpeg"}],"author":"Alexander Wachter","twitter_card":"summary_large_image","schema":{"@context":"https:\/\/schema.org","@graph":[{"@type":"Article","@id":"https:\/\/www.immobilienbusiness.ch\/personalia\/2025-06-26\/afiaa-neuer-head-of-asset-management-transactions\/#article","isPartOf":{"@id":"https:\/\/www.immobilienbusiness.ch\/personalia\/2025-06-26\/afiaa-neuer-head-of-asset-management-transactions\/"},"author":{"name":"Alexander Wachter","@id":"https:\/\/www.immobilienbusiness.ch\/#\/schema\/person\/aba8bea2db926aa0c24c08c43fe1fcd5"},"headline":"AFIAA: Neuer Head of Asset Management &#038; Transactions","datePublished":"2025-06-26T07:12:31+00:00","dateModified":"2025-06-26T07:47:53+00:00","mainEntityOfPage":{"@id":"https:\/\/www.immobilienbusiness.ch\/personalia\/2025-06-26\/afiaa-neuer-head-of-asset-management-transactions\/"},"wordCount":153,"publisher":{"@id":"https:\/\/www.immobilienbusiness.ch\/#organization"},"image":{"@id":"https:\/\/www.immobilienbusiness.ch\/personalia\/2025-06-26\/afiaa-neuer-head-of-asset-management-transactions\/#primaryimage"},"thumbnailUrl":"https:\/\/www.immobilienbusiness.ch\/wp-content\/uploads\/2025\/06\/holger-herb-zvg-scaled.jpg","keywords":["AFIAA","Personalia"],"articleSection":["PERSONALIA"],"inLanguage":"de"},{"@type":"WebPage","@id":"https:\/\/www.immobilienbusiness.ch\/personalia\/2025-06-26\/afiaa-neuer-head-of-asset-management-transactions\/","url":"https:\/\/www.immobilienbusiness.ch\/personalia\/2025-06-26\/afiaa-neuer-head-of-asset-management-transactions\/","name":"AFIAA: Neuer Head of Asset Management & Transactions - IMMOBILIEN Business","isPartOf":{"@id":"https:\/\/www.immobilienbusiness.ch\/#website"},"primaryImageOfPage":{"@id":"https:\/\/www.immobilienbusiness.ch\/personalia\/2025-06-26\/afiaa-neuer-head-of-asset-management-transactions\/#primaryimage"},"image":{"@id":"https:\/\/www.immobilienbusiness.ch\/personalia\/2025-06-26\/afiaa-neuer-head-of-asset-management-transactions\/#primaryimage"},"thumbnailUrl":"https:\/\/www.immobilienbusiness.ch\/wp-content\/uploads\/2025\/06\/holger-herb-zvg-scaled.jpg","datePublished":"2025-06-26T07:12:31+00:00","dateModified":"2025-06-26T07:47:53+00:00","description":"Holger Herb war zuletzt bei der Credit Suisse Asset Management f\u00fcr alle Immobilientransaktionen und das Assetmanagement im Ausland zust\u00e4ndig. Er f\u00e4ngt im Juli bei AFIAA an.","breadcrumb":{"@id":"https:\/\/www.immobilienbusiness.ch\/personalia\/2025-06-26\/afiaa-neuer-head-of-asset-management-transactions\/#breadcrumb"},"inLanguage":"de","potentialAction":[{"@type":"ReadAction","target":["https:\/\/www.immobilienbusiness.ch\/personalia\/2025-06-26\/afiaa-neuer-head-of-asset-management-transactions\/"]}]},{"@type":"ImageObject","inLanguage":"de","@id":"https:\/\/www.immobilienbusiness.ch\/personalia\/2025-06-26\/afiaa-neuer-head-of-asset-management-transactions\/#primaryimage","url":"https:\/\/www.immobilienbusiness.ch\/wp-content\/uploads\/2025\/06\/holger-herb-zvg-scaled.jpg","contentUrl":"https:\/\/www.immobilienbusiness.ch\/wp-content\/uploads\/2025\/06\/holger-herb-zvg-scaled.jpg","width":1200,"height":800,"caption":"Holger Herb (Bild: \u00a9 AFIAA)"},{"@type":"BreadcrumbList","@id":"https:\/\/www.immobilienbusiness.ch\/personalia\/2025-06-26\/afiaa-neuer-head-of-asset-management-transactions\/#breadcrumb","itemListElement":[{"@type":"ListItem","position":1,"name":"Home","item":"https:\/\/www.immobilienbusiness.ch\/"},{"@type":"ListItem","position":2,"name":"AFIAA: Neuer Head of Asset Management &#038; Transactions"}]},{"@type":"WebSite","@id":"https:\/\/www.immobilienbusiness.ch\/#website","url":"https:\/\/www.immobilienbusiness.ch\/","name":"IMMOBILIEN Business","description":"Unabh\u00e4ngiges Schweizer Wirtschaftsmagazin mit Fokus auf Immobilien, Architektur- und Bau sowie Investment- und Finanzierung.","publisher":{"@id":"https:\/\/www.immobilienbusiness.ch\/#organization"},"potentialAction":[{"@type":"SearchAction","target":{"@type":"EntryPoint","urlTemplate":"https:\/\/www.immobilienbusiness.ch\/?s={search_term_string}"},"query-input":{"@type":"PropertyValueSpecification","valueRequired":true,"valueName":"search_term_string"}}],"inLanguage":"de"},{"@type":"Organization","@id":"https:\/\/www.immobilienbusiness.ch\/#organization","name":"IMMOBILIEN Business","url":"https:\/\/www.immobilienbusiness.ch\/","logo":{"@type":"ImageObject","inLanguage":"de","@id":"https:\/\/www.immobilienbusiness.ch\/#\/schema\/logo\/image\/","url":"https:\/\/www.immobilienbusiness.ch\/wp-content\/uploads\/2021\/07\/logo_ib.png","contentUrl":"https:\/\/www.immobilienbusiness.ch\/wp-content\/uploads\/2021\/07\/logo_ib.png","width":800,"height":181,"caption":"IMMOBILIEN Business"},"image":{"@id":"https:\/\/www.immobilienbusiness.ch\/#\/schema\/logo\/image\/"},"sameAs":["https:\/\/www.facebook.com\/immobilienbusiness\/"]},{"@type":"Person","@id":"https:\/\/www.immobilienbusiness.ch\/#\/schema\/person\/aba8bea2db926aa0c24c08c43fe1fcd5","name":"Alexander Wachter","image":{"@type":"ImageObject","inLanguage":"de","@id":"https:\/\/secure.gravatar.com\/avatar\/1a09e471f5389b0e0a6416eac287e0927c7c97a7b77f9e787eba3af7aee281dd?s=96&d=mm&r=g","url":"https:\/\/secure.gravatar.com\/avatar\/1a09e471f5389b0e0a6416eac287e0927c7c97a7b77f9e787eba3af7aee281dd?s=96&d=mm&r=g","contentUrl":"https:\/\/secure.gravatar.com\/avatar\/1a09e471f5389b0e0a6416eac287e0927c7c97a7b77f9e787eba3af7aee281dd?s=96&d=mm&r=g","caption":"Alexander Wachter"},"url":"https:\/\/www.immobilienbusiness.ch\/de\/author\/alexander-wachter\/"}]}},"_links":{"self":[{"href":"https:\/\/www.immobilienbusiness.ch\/de\/wp-json\/wp\/v2\/posts\/64193","targetHints":{"allow":["GET"]}}],"collection":[{"href":"https:\/\/www.immobilienbusiness.ch\/de\/wp-json\/wp\/v2\/posts"}],"about":[{"href":"https:\/\/www.immobilienbusiness.ch\/de\/wp-json\/wp\/v2\/types\/post"}],"author":[{"embeddable":true,"href":"https:\/\/www.immobilienbusiness.ch\/de\/wp-json\/wp\/v2\/users\/102"}],"replies":[{"embeddable":true,"href":"https:\/\/www.immobilienbusiness.ch\/de\/wp-json\/wp\/v2\/comments?post=64193"}],"version-history":[{"count":3,"href":"https:\/\/www.immobilienbusiness.ch\/de\/wp-json\/wp\/v2\/posts\/64193\/revisions"}],"predecessor-version":[{"id":64197,"href":"https:\/\/www.immobilienbusiness.ch\/de\/wp-json\/wp\/v2\/posts\/64193\/revisions\/64197"}],"wp:featuredmedia":[{"embeddable":true,"href":"https:\/\/www.immobilienbusiness.ch\/de\/wp-json\/wp\/v2\/media\/64194"}],"wp:attachment":[{"href":"https:\/\/www.immobilienbusiness.ch\/de\/wp-json\/wp\/v2\/media?parent=64193"}],"wp:term":[{"taxonomy":"category","embeddable":true,"href":"https:\/\/www.immobilienbusiness.ch\/de\/wp-json\/wp\/v2\/categories?post=64193"},{"taxonomy":"post_tag","embeddable":true,"href":"https:\/\/www.immobilienbusiness.ch\/de\/wp-json\/wp\/v2\/tags?post=64193"}],"curies":[{"name":"wp","href":"https:\/\/api.w.org\/{rel}","templated":true}]}}