{"id":6311,"date":"2017-02-16T09:10:54","date_gmt":"2017-02-16T08:10:54","guid":{"rendered":"https:\/\/www.immobilienbusiness.ch\/?p=6311"},"modified":"2017-02-16T09:10:54","modified_gmt":"2017-02-16T08:10:54","slug":"basel-helvetia-firmensitz-erweiterung-helvetia-campus","status":"publish","type":"post","link":"https:\/\/www.immobilienbusiness.ch\/de\/regionen\/2017-02-16\/basel-helvetia-firmensitz-erweiterung-helvetia-campus\/","title":{"rendered":"Helvetia erweitert Firmensitz zum \u00abHelvetia Campus\u00bb"},"content":{"rendered":"<figure id=\"attachment_6312\" aria-describedby=\"caption-attachment-6312\" style=\"width: 680px\" class=\"wp-caption alignnone\"><img loading=\"lazy\" decoding=\"async\" class=\"size-medium wp-image-6312\" src=\"https:\/\/www.immobilienbusiness.ch\/wp-content\/uploads\/2017\/02\/Bild_I_Visualisierung_Helvetia_Campus_Basel.jpg\" alt=\"\" width=\"680\" height=\"377\" srcset=\"https:\/\/www.immobilienbusiness.ch\/wp-content\/uploads\/2017\/02\/Bild_I_Visualisierung_Helvetia_Campus_Basel.jpg 1016w, https:\/\/www.immobilienbusiness.ch\/wp-content\/uploads\/2017\/02\/Bild_I_Visualisierung_Helvetia_Campus_Basel-300x166.jpg 300w, https:\/\/www.immobilienbusiness.ch\/wp-content\/uploads\/2017\/02\/Bild_I_Visualisierung_Helvetia_Campus_Basel-768x426.jpg 768w, https:\/\/www.immobilienbusiness.ch\/wp-content\/uploads\/2017\/02\/Bild_I_Visualisierung_Helvetia_Campus_Basel-16x9.jpg 16w, https:\/\/www.immobilienbusiness.ch\/wp-content\/uploads\/2017\/02\/Bild_I_Visualisierung_Helvetia_Campus_Basel-316x175.jpg 316w, https:\/\/www.immobilienbusiness.ch\/wp-content\/uploads\/2017\/02\/Bild_I_Visualisierung_Helvetia_Campus_Basel-632x350.jpg 632w, https:\/\/www.immobilienbusiness.ch\/wp-content\/uploads\/2017\/02\/Bild_I_Visualisierung_Helvetia_Campus_Basel-920x510.jpg 920w\" sizes=\"auto, (max-width: 680px) 100vw, 680px\" \/><figcaption id=\"caption-attachment-6312\" class=\"wp-caption-text\">Der geplante Helvetia Campus (Visualisierung: Herzog &amp; de Meuron)<\/figcaption><\/figure>\n<p>Mit dem Projekt \u00abHelvetia Campus Basel\u00bb entstehen neben weiteren B\u00fcror\u00e4umlichkeiten f\u00fcr den Versicherungskonzern auch Begegnungsr\u00e4ume f\u00fcr die Bev\u00f6lkerung, teilt Helvetia mit. Die Bauarbeiten sollen dieses Jahr nach den Sommerferien beginnen und Ende 2023 abgeschlossen sein. Das Investitionsvolumen bel\u00e4uft sich auf rund 200 Millionen CHF.<\/p>\n<p>Parallel zum heutigen Hauptgeb\u00e4ude entsteht bis Ende 2020 ein Zwillingsbau als Neuinterpretation des bestehenden Geb\u00e4udes. Die beiden Hochh\u00e4user werden durch einen Zwischenbau verbunden, in dem ein Auditorium, ein Empfangsbereich und Veranstaltungsr\u00e4ume untergebracht sein werden. Diese k\u00f6nnen f\u00fcr interne und \u00f6ffentliche Veranstaltungen genutzt werden. Auf dem neuen B\u00fcrohochhaus ist zudem ein \u00f6ffentliches Dachcaf\u00e9 geplant.<\/p>\n<h2>350 neue B\u00fcroarbeitspl\u00e4tze<\/h2>\n<p>Nach Fertigstellung des neuen B\u00fcrohauses wird das Mitte der 1950er Jahre erbaute, bisherige Hauptgeb\u00e4ude einer umfassenden Erneuerung unterzogen. Insgesamt entstehen rund 350 neue B\u00fcroarbeitspl\u00e4tze. F\u00fcr den Neubau wird die Zertifizierung mit dem Platinstandard des Nachhaltigkeitslabels der DGNB (Deutsche Gesellschaft f\u00fcr nachhaltiges Bauen) angestrebt.<\/p>\n<p>Eine letzte Etappe sieht auf der Nordseite der St.Alban-Anlage den Bau eines Wohnhauses vor. Ebenfalls nach Pl\u00e4nen von Herzog &amp; de Meuron werden dort rund 50 Mietwohnungen und G\u00e4stezimmer gebaut. Die Parkanlage bleibt erhalten.<\/p>\n<p>Die Gesch\u00e4ftsr\u00e4umlichkeiten am Steinengraben, dem ehemaligen Hauptsitz von Nationale Suisse, sind durch den \u00abHelvetia Campus Basel\u00bb nicht betroffen. Der Konzernsitz in St. Gallen wird derzeit ebenfalls erweitert und erneuert. Der letzte Teil der vier neuen, zus\u00e4tzlichen B\u00fcrogeb\u00e4ude wird im Sp\u00e4tsommer 2017 fertig gestellt sein. Auch dieses Projekt wird nach den Pl\u00e4nen von Herzog &amp; de Meuron realisiert.<\/p>\n","protected":false},"excerpt":{"rendered":"<p>Die Helvetia Versicherungen will ihren Hauptsitz an der St.Alban-Anlage in Basel zum \u00abHelvetia Campus Basel\u00bb erweitern. Gebaut wird nach Pl\u00e4nen von Herzog &#038; de Meuron.<\/p>\n","protected":false},"author":3,"featured_media":6312,"comment_status":"open","ping_status":"open","sticky":false,"template":"","format":"standard","meta":{"_acf_changed":false,"_yoast_wpseo_focuskw":"Helvetia Campus","_yoast_wpseo_title":"","_yoast_wpseo_metadesc":"Die Helvetia Versicherungen will ihren Hauptsitz an der St.Alban-Anlage in Basel zum \u00abHelvetia Campus Basel\u00bb erweitern. Investitionsvolumen: 200 Mio. CHF.","_yoast_wpseo_linkdex":81,"pgc_sgb_lightbox_settings":"","footnotes":""},"categories":[985],"tags":[1069,1119,1600],"class_list":["post-6311","post","type-post","status-publish","format-standard","has-post-thumbnail","hentry","category-regionen","tag-basel","tag-bueroimmobilien","tag-projekt-in-planung"],"acf":[],"yoast_head":"<!-- This site is optimized with the Yoast SEO plugin v27.4 - https:\/\/yoast.com\/product\/yoast-seo-wordpress\/ -->\n<title>Helvetia erweitert Firmensitz zum \u00abHelvetia Campus\u00bb - IMMOBILIEN Business<\/title>\n<meta name=\"description\" content=\"Die Helvetia Versicherungen will ihren Hauptsitz an der St.Alban-Anlage in Basel zum \u00abHelvetia Campus Basel\u00bb erweitern. Investitionsvolumen: 200 Mio. CHF.\" \/>\n<meta name=\"robots\" content=\"index, follow, max-snippet:-1, max-image-preview:large, max-video-preview:-1\" \/>\n<link rel=\"canonical\" href=\"https:\/\/www.immobilienbusiness.ch\/de\/regionen\/2017-02-16\/basel-helvetia-firmensitz-erweiterung-helvetia-campus\/\" \/>\n<meta property=\"og:locale\" content=\"de_DE\" \/>\n<meta property=\"og:type\" content=\"article\" \/>\n<meta property=\"og:title\" content=\"Helvetia erweitert Firmensitz zum \u00abHelvetia Campus\u00bb\" \/>\n<meta property=\"og:description\" content=\"Die Helvetia Versicherungen will ihren Hauptsitz an der St.Alban-Anlage in Basel zum \u00abHelvetia Campus Basel\u00bb erweitern.\" \/>\n<meta property=\"og:url\" content=\"https:\/\/www.immobilienbusiness.ch\/de\/regionen\/2017-02-16\/basel-helvetia-firmensitz-erweiterung-helvetia-campus\/\" \/>\n<meta property=\"og:site_name\" content=\"IMMOBILIEN Business\" \/>\n<meta property=\"article:publisher\" content=\"https:\/\/www.facebook.com\/immobilienbusiness\/\" \/>\n<meta property=\"article:published_time\" content=\"2017-02-16T08:10:54+00:00\" \/>\n<meta property=\"og:image\" content=\"https:\/\/www.immobilienbusiness.ch\/wp-content\/uploads\/2017\/02\/Bild_I_Visualisierung_Helvetia_Campus_Basel.jpg\" \/>\n\t<meta property=\"og:image:width\" content=\"1016\" \/>\n\t<meta property=\"og:image:height\" content=\"563\" \/>\n\t<meta property=\"og:image:type\" content=\"image\/jpeg\" \/>\n<meta name=\"author\" content=\"anja.hall\" \/>\n<meta name=\"twitter:card\" content=\"summary_large_image\" \/>\n<meta name=\"twitter:title\" content=\"Die Helvetia Versicherungen will ihren Hauptsitz an der St.Alban-Anlage in Basel zum \u00abHelvetia Campus Basel\u00bb erweitern.\" \/>\n<meta name=\"twitter:description\" content=\"Die Helvetia Versicherungen will ihren Hauptsitz an der St.Alban-Anlage in Basel zum \u00abHelvetia Campus Basel\u00bb erweitern.\" \/>\n<meta name=\"twitter:image\" content=\"https:\/\/www.immobilienbusiness.ch\/wp-content\/uploads\/2017\/02\/Bild_I_Visualisierung_Helvetia_Campus_Basel.jpg\" \/>\n<script type=\"application\/ld+json\" class=\"yoast-schema-graph\">{\"@context\":\"https:\\\/\\\/schema.org\",\"@graph\":[{\"@type\":\"Article\",\"@id\":\"https:\\\/\\\/www.immobilienbusiness.ch\\\/regionen\\\/2017-02-16\\\/basel-helvetia-firmensitz-erweiterung-helvetia-campus\\\/#article\",\"isPartOf\":{\"@id\":\"https:\\\/\\\/www.immobilienbusiness.ch\\\/regionen\\\/2017-02-16\\\/basel-helvetia-firmensitz-erweiterung-helvetia-campus\\\/\"},\"author\":{\"name\":\"anja.hall\",\"@id\":\"https:\\\/\\\/www.immobilienbusiness.ch\\\/#\\\/schema\\\/person\\\/3fc036297b10b9f42d6db5ee932af8c8\"},\"headline\":\"Helvetia erweitert Firmensitz zum \u00abHelvetia Campus\u00bb\",\"datePublished\":\"2017-02-16T08:10:54+00:00\",\"mainEntityOfPage\":{\"@id\":\"https:\\\/\\\/www.immobilienbusiness.ch\\\/regionen\\\/2017-02-16\\\/basel-helvetia-firmensitz-erweiterung-helvetia-campus\\\/\"},\"wordCount\":281,\"commentCount\":0,\"publisher\":{\"@id\":\"https:\\\/\\\/www.immobilienbusiness.ch\\\/#organization\"},\"image\":{\"@id\":\"https:\\\/\\\/www.immobilienbusiness.ch\\\/regionen\\\/2017-02-16\\\/basel-helvetia-firmensitz-erweiterung-helvetia-campus\\\/#primaryimage\"},\"thumbnailUrl\":\"https:\\\/\\\/www.immobilienbusiness.ch\\\/wp-content\\\/uploads\\\/2017\\\/02\\\/Bild_I_Visualisierung_Helvetia_Campus_Basel.jpg\",\"keywords\":[\"Basel\",\"B\u00fcroimmobilien\",\"Projekt in Planung\"],\"articleSection\":[\"REGIONEN\"],\"inLanguage\":\"de\"},{\"@type\":\"WebPage\",\"@id\":\"https:\\\/\\\/www.immobilienbusiness.ch\\\/regionen\\\/2017-02-16\\\/basel-helvetia-firmensitz-erweiterung-helvetia-campus\\\/\",\"url\":\"https:\\\/\\\/www.immobilienbusiness.ch\\\/regionen\\\/2017-02-16\\\/basel-helvetia-firmensitz-erweiterung-helvetia-campus\\\/\",\"name\":\"Helvetia erweitert Firmensitz zum \u00abHelvetia Campus\u00bb - IMMOBILIEN Business\",\"isPartOf\":{\"@id\":\"https:\\\/\\\/www.immobilienbusiness.ch\\\/#website\"},\"primaryImageOfPage\":{\"@id\":\"https:\\\/\\\/www.immobilienbusiness.ch\\\/regionen\\\/2017-02-16\\\/basel-helvetia-firmensitz-erweiterung-helvetia-campus\\\/#primaryimage\"},\"image\":{\"@id\":\"https:\\\/\\\/www.immobilienbusiness.ch\\\/regionen\\\/2017-02-16\\\/basel-helvetia-firmensitz-erweiterung-helvetia-campus\\\/#primaryimage\"},\"thumbnailUrl\":\"https:\\\/\\\/www.immobilienbusiness.ch\\\/wp-content\\\/uploads\\\/2017\\\/02\\\/Bild_I_Visualisierung_Helvetia_Campus_Basel.jpg\",\"datePublished\":\"2017-02-16T08:10:54+00:00\",\"description\":\"Die Helvetia Versicherungen will ihren Hauptsitz an der St.Alban-Anlage in Basel zum \u00abHelvetia Campus Basel\u00bb erweitern. Investitionsvolumen: 200 Mio. CHF.\",\"breadcrumb\":{\"@id\":\"https:\\\/\\\/www.immobilienbusiness.ch\\\/regionen\\\/2017-02-16\\\/basel-helvetia-firmensitz-erweiterung-helvetia-campus\\\/#breadcrumb\"},\"inLanguage\":\"de\",\"potentialAction\":[{\"@type\":\"ReadAction\",\"target\":[\"https:\\\/\\\/www.immobilienbusiness.ch\\\/regionen\\\/2017-02-16\\\/basel-helvetia-firmensitz-erweiterung-helvetia-campus\\\/\"]}]},{\"@type\":\"ImageObject\",\"inLanguage\":\"de\",\"@id\":\"https:\\\/\\\/www.immobilienbusiness.ch\\\/regionen\\\/2017-02-16\\\/basel-helvetia-firmensitz-erweiterung-helvetia-campus\\\/#primaryimage\",\"url\":\"https:\\\/\\\/www.immobilienbusiness.ch\\\/wp-content\\\/uploads\\\/2017\\\/02\\\/Bild_I_Visualisierung_Helvetia_Campus_Basel.jpg\",\"contentUrl\":\"https:\\\/\\\/www.immobilienbusiness.ch\\\/wp-content\\\/uploads\\\/2017\\\/02\\\/Bild_I_Visualisierung_Helvetia_Campus_Basel.jpg\",\"width\":1016,\"height\":563,\"caption\":\"Der geplante Helvetia Campus (Visualisierung: Herzog & de Meuron)\"},{\"@type\":\"BreadcrumbList\",\"@id\":\"https:\\\/\\\/www.immobilienbusiness.ch\\\/regionen\\\/2017-02-16\\\/basel-helvetia-firmensitz-erweiterung-helvetia-campus\\\/#breadcrumb\",\"itemListElement\":[{\"@type\":\"ListItem\",\"position\":1,\"name\":\"Home\",\"item\":\"https:\\\/\\\/www.immobilienbusiness.ch\\\/\"},{\"@type\":\"ListItem\",\"position\":2,\"name\":\"Helvetia erweitert Firmensitz zum \u00abHelvetia Campus\u00bb\"}]},{\"@type\":\"WebSite\",\"@id\":\"https:\\\/\\\/www.immobilienbusiness.ch\\\/#website\",\"url\":\"https:\\\/\\\/www.immobilienbusiness.ch\\\/\",\"name\":\"IMMOBILIEN Business\",\"description\":\"Unabh\u00e4ngiges Schweizer Wirtschaftsmagazin mit Fokus auf Immobilien, Architektur- und Bau sowie Investment- und Finanzierung.\",\"publisher\":{\"@id\":\"https:\\\/\\\/www.immobilienbusiness.ch\\\/#organization\"},\"potentialAction\":[{\"@type\":\"SearchAction\",\"target\":{\"@type\":\"EntryPoint\",\"urlTemplate\":\"https:\\\/\\\/www.immobilienbusiness.ch\\\/?s={search_term_string}\"},\"query-input\":{\"@type\":\"PropertyValueSpecification\",\"valueRequired\":true,\"valueName\":\"search_term_string\"}}],\"inLanguage\":\"de\"},{\"@type\":\"Organization\",\"@id\":\"https:\\\/\\\/www.immobilienbusiness.ch\\\/#organization\",\"name\":\"IMMOBILIEN Business\",\"url\":\"https:\\\/\\\/www.immobilienbusiness.ch\\\/\",\"logo\":{\"@type\":\"ImageObject\",\"inLanguage\":\"de\",\"@id\":\"https:\\\/\\\/www.immobilienbusiness.ch\\\/#\\\/schema\\\/logo\\\/image\\\/\",\"url\":\"https:\\\/\\\/www.immobilienbusiness.ch\\\/wp-content\\\/uploads\\\/2021\\\/07\\\/logo_ib.png\",\"contentUrl\":\"https:\\\/\\\/www.immobilienbusiness.ch\\\/wp-content\\\/uploads\\\/2021\\\/07\\\/logo_ib.png\",\"width\":800,\"height\":181,\"caption\":\"IMMOBILIEN Business\"},\"image\":{\"@id\":\"https:\\\/\\\/www.immobilienbusiness.ch\\\/#\\\/schema\\\/logo\\\/image\\\/\"},\"sameAs\":[\"https:\\\/\\\/www.facebook.com\\\/immobilienbusiness\\\/\"]},{\"@type\":\"Person\",\"@id\":\"https:\\\/\\\/www.immobilienbusiness.ch\\\/#\\\/schema\\\/person\\\/3fc036297b10b9f42d6db5ee932af8c8\",\"name\":\"anja.hall\",\"image\":{\"@type\":\"ImageObject\",\"inLanguage\":\"de\",\"@id\":\"https:\\\/\\\/secure.gravatar.com\\\/avatar\\\/066b5a0d447013502c71a5782f4f3469f03cfe595cc2329fb94652fe47511bfb?s=96&d=mm&r=g\",\"url\":\"https:\\\/\\\/secure.gravatar.com\\\/avatar\\\/066b5a0d447013502c71a5782f4f3469f03cfe595cc2329fb94652fe47511bfb?s=96&d=mm&r=g\",\"contentUrl\":\"https:\\\/\\\/secure.gravatar.com\\\/avatar\\\/066b5a0d447013502c71a5782f4f3469f03cfe595cc2329fb94652fe47511bfb?s=96&d=mm&r=g\",\"caption\":\"anja.hall\"},\"url\":\"https:\\\/\\\/www.immobilienbusiness.ch\\\/de\\\/author\\\/anja-hall\\\/\"}]}<\/script>\n<!-- \/ Yoast SEO plugin. -->","yoast_head_json":{"title":"Helvetia erweitert Firmensitz zum \u00abHelvetia Campus\u00bb - IMMOBILIEN Business","description":"Die Helvetia Versicherungen will ihren Hauptsitz an der St.Alban-Anlage in Basel zum \u00abHelvetia Campus Basel\u00bb erweitern. Investitionsvolumen: 200 Mio. CHF.","robots":{"index":"index","follow":"follow","max-snippet":"max-snippet:-1","max-image-preview":"max-image-preview:large","max-video-preview":"max-video-preview:-1"},"canonical":"https:\/\/www.immobilienbusiness.ch\/de\/regionen\/2017-02-16\/basel-helvetia-firmensitz-erweiterung-helvetia-campus\/","og_locale":"de_DE","og_type":"article","og_title":"Helvetia erweitert Firmensitz zum \u00abHelvetia Campus\u00bb","og_description":"Die Helvetia Versicherungen will ihren Hauptsitz an der St.Alban-Anlage in Basel zum \u00abHelvetia Campus Basel\u00bb erweitern.","og_url":"https:\/\/www.immobilienbusiness.ch\/de\/regionen\/2017-02-16\/basel-helvetia-firmensitz-erweiterung-helvetia-campus\/","og_site_name":"IMMOBILIEN Business","article_publisher":"https:\/\/www.facebook.com\/immobilienbusiness\/","article_published_time":"2017-02-16T08:10:54+00:00","og_image":[{"width":1016,"height":563,"url":"https:\/\/www.immobilienbusiness.ch\/wp-content\/uploads\/2017\/02\/Bild_I_Visualisierung_Helvetia_Campus_Basel.jpg","type":"image\/jpeg"}],"author":"anja.hall","twitter_card":"summary_large_image","twitter_title":"Die Helvetia Versicherungen will ihren Hauptsitz an der St.Alban-Anlage in Basel zum \u00abHelvetia Campus Basel\u00bb erweitern.","twitter_description":"Die Helvetia Versicherungen will ihren Hauptsitz an der St.Alban-Anlage in Basel zum \u00abHelvetia Campus Basel\u00bb erweitern.","twitter_image":"https:\/\/www.immobilienbusiness.ch\/wp-content\/uploads\/2017\/02\/Bild_I_Visualisierung_Helvetia_Campus_Basel.jpg","schema":{"@context":"https:\/\/schema.org","@graph":[{"@type":"Article","@id":"https:\/\/www.immobilienbusiness.ch\/regionen\/2017-02-16\/basel-helvetia-firmensitz-erweiterung-helvetia-campus\/#article","isPartOf":{"@id":"https:\/\/www.immobilienbusiness.ch\/regionen\/2017-02-16\/basel-helvetia-firmensitz-erweiterung-helvetia-campus\/"},"author":{"name":"anja.hall","@id":"https:\/\/www.immobilienbusiness.ch\/#\/schema\/person\/3fc036297b10b9f42d6db5ee932af8c8"},"headline":"Helvetia erweitert Firmensitz zum \u00abHelvetia Campus\u00bb","datePublished":"2017-02-16T08:10:54+00:00","mainEntityOfPage":{"@id":"https:\/\/www.immobilienbusiness.ch\/regionen\/2017-02-16\/basel-helvetia-firmensitz-erweiterung-helvetia-campus\/"},"wordCount":281,"commentCount":0,"publisher":{"@id":"https:\/\/www.immobilienbusiness.ch\/#organization"},"image":{"@id":"https:\/\/www.immobilienbusiness.ch\/regionen\/2017-02-16\/basel-helvetia-firmensitz-erweiterung-helvetia-campus\/#primaryimage"},"thumbnailUrl":"https:\/\/www.immobilienbusiness.ch\/wp-content\/uploads\/2017\/02\/Bild_I_Visualisierung_Helvetia_Campus_Basel.jpg","keywords":["Basel","B\u00fcroimmobilien","Projekt in Planung"],"articleSection":["REGIONEN"],"inLanguage":"de"},{"@type":"WebPage","@id":"https:\/\/www.immobilienbusiness.ch\/regionen\/2017-02-16\/basel-helvetia-firmensitz-erweiterung-helvetia-campus\/","url":"https:\/\/www.immobilienbusiness.ch\/regionen\/2017-02-16\/basel-helvetia-firmensitz-erweiterung-helvetia-campus\/","name":"Helvetia erweitert Firmensitz zum \u00abHelvetia Campus\u00bb - IMMOBILIEN Business","isPartOf":{"@id":"https:\/\/www.immobilienbusiness.ch\/#website"},"primaryImageOfPage":{"@id":"https:\/\/www.immobilienbusiness.ch\/regionen\/2017-02-16\/basel-helvetia-firmensitz-erweiterung-helvetia-campus\/#primaryimage"},"image":{"@id":"https:\/\/www.immobilienbusiness.ch\/regionen\/2017-02-16\/basel-helvetia-firmensitz-erweiterung-helvetia-campus\/#primaryimage"},"thumbnailUrl":"https:\/\/www.immobilienbusiness.ch\/wp-content\/uploads\/2017\/02\/Bild_I_Visualisierung_Helvetia_Campus_Basel.jpg","datePublished":"2017-02-16T08:10:54+00:00","description":"Die Helvetia Versicherungen will ihren Hauptsitz an der St.Alban-Anlage in Basel zum \u00abHelvetia Campus Basel\u00bb erweitern. Investitionsvolumen: 200 Mio. CHF.","breadcrumb":{"@id":"https:\/\/www.immobilienbusiness.ch\/regionen\/2017-02-16\/basel-helvetia-firmensitz-erweiterung-helvetia-campus\/#breadcrumb"},"inLanguage":"de","potentialAction":[{"@type":"ReadAction","target":["https:\/\/www.immobilienbusiness.ch\/regionen\/2017-02-16\/basel-helvetia-firmensitz-erweiterung-helvetia-campus\/"]}]},{"@type":"ImageObject","inLanguage":"de","@id":"https:\/\/www.immobilienbusiness.ch\/regionen\/2017-02-16\/basel-helvetia-firmensitz-erweiterung-helvetia-campus\/#primaryimage","url":"https:\/\/www.immobilienbusiness.ch\/wp-content\/uploads\/2017\/02\/Bild_I_Visualisierung_Helvetia_Campus_Basel.jpg","contentUrl":"https:\/\/www.immobilienbusiness.ch\/wp-content\/uploads\/2017\/02\/Bild_I_Visualisierung_Helvetia_Campus_Basel.jpg","width":1016,"height":563,"caption":"Der geplante Helvetia Campus (Visualisierung: Herzog & de Meuron)"},{"@type":"BreadcrumbList","@id":"https:\/\/www.immobilienbusiness.ch\/regionen\/2017-02-16\/basel-helvetia-firmensitz-erweiterung-helvetia-campus\/#breadcrumb","itemListElement":[{"@type":"ListItem","position":1,"name":"Home","item":"https:\/\/www.immobilienbusiness.ch\/"},{"@type":"ListItem","position":2,"name":"Helvetia erweitert Firmensitz zum \u00abHelvetia Campus\u00bb"}]},{"@type":"WebSite","@id":"https:\/\/www.immobilienbusiness.ch\/#website","url":"https:\/\/www.immobilienbusiness.ch\/","name":"IMMOBILIEN Business","description":"Unabh\u00e4ngiges Schweizer Wirtschaftsmagazin mit Fokus auf Immobilien, Architektur- und Bau sowie Investment- und Finanzierung.","publisher":{"@id":"https:\/\/www.immobilienbusiness.ch\/#organization"},"potentialAction":[{"@type":"SearchAction","target":{"@type":"EntryPoint","urlTemplate":"https:\/\/www.immobilienbusiness.ch\/?s={search_term_string}"},"query-input":{"@type":"PropertyValueSpecification","valueRequired":true,"valueName":"search_term_string"}}],"inLanguage":"de"},{"@type":"Organization","@id":"https:\/\/www.immobilienbusiness.ch\/#organization","name":"IMMOBILIEN Business","url":"https:\/\/www.immobilienbusiness.ch\/","logo":{"@type":"ImageObject","inLanguage":"de","@id":"https:\/\/www.immobilienbusiness.ch\/#\/schema\/logo\/image\/","url":"https:\/\/www.immobilienbusiness.ch\/wp-content\/uploads\/2021\/07\/logo_ib.png","contentUrl":"https:\/\/www.immobilienbusiness.ch\/wp-content\/uploads\/2021\/07\/logo_ib.png","width":800,"height":181,"caption":"IMMOBILIEN Business"},"image":{"@id":"https:\/\/www.immobilienbusiness.ch\/#\/schema\/logo\/image\/"},"sameAs":["https:\/\/www.facebook.com\/immobilienbusiness\/"]},{"@type":"Person","@id":"https:\/\/www.immobilienbusiness.ch\/#\/schema\/person\/3fc036297b10b9f42d6db5ee932af8c8","name":"anja.hall","image":{"@type":"ImageObject","inLanguage":"de","@id":"https:\/\/secure.gravatar.com\/avatar\/066b5a0d447013502c71a5782f4f3469f03cfe595cc2329fb94652fe47511bfb?s=96&d=mm&r=g","url":"https:\/\/secure.gravatar.com\/avatar\/066b5a0d447013502c71a5782f4f3469f03cfe595cc2329fb94652fe47511bfb?s=96&d=mm&r=g","contentUrl":"https:\/\/secure.gravatar.com\/avatar\/066b5a0d447013502c71a5782f4f3469f03cfe595cc2329fb94652fe47511bfb?s=96&d=mm&r=g","caption":"anja.hall"},"url":"https:\/\/www.immobilienbusiness.ch\/de\/author\/anja-hall\/"}]}},"_links":{"self":[{"href":"https:\/\/www.immobilienbusiness.ch\/de\/wp-json\/wp\/v2\/posts\/6311","targetHints":{"allow":["GET"]}}],"collection":[{"href":"https:\/\/www.immobilienbusiness.ch\/de\/wp-json\/wp\/v2\/posts"}],"about":[{"href":"https:\/\/www.immobilienbusiness.ch\/de\/wp-json\/wp\/v2\/types\/post"}],"author":[{"embeddable":true,"href":"https:\/\/www.immobilienbusiness.ch\/de\/wp-json\/wp\/v2\/users\/3"}],"replies":[{"embeddable":true,"href":"https:\/\/www.immobilienbusiness.ch\/de\/wp-json\/wp\/v2\/comments?post=6311"}],"version-history":[{"count":0,"href":"https:\/\/www.immobilienbusiness.ch\/de\/wp-json\/wp\/v2\/posts\/6311\/revisions"}],"wp:featuredmedia":[{"embeddable":true,"href":"https:\/\/www.immobilienbusiness.ch\/de\/wp-json\/wp\/v2\/media\/6312"}],"wp:attachment":[{"href":"https:\/\/www.immobilienbusiness.ch\/de\/wp-json\/wp\/v2\/media?parent=6311"}],"wp:term":[{"taxonomy":"category","embeddable":true,"href":"https:\/\/www.immobilienbusiness.ch\/de\/wp-json\/wp\/v2\/categories?post=6311"},{"taxonomy":"post_tag","embeddable":true,"href":"https:\/\/www.immobilienbusiness.ch\/de\/wp-json\/wp\/v2\/tags?post=6311"}],"curies":[{"name":"wp","href":"https:\/\/api.w.org\/{rel}","templated":true}]}}