{"id":62957,"date":"2025-03-28T07:15:46","date_gmt":"2025-03-28T06:15:46","guid":{"rendered":"https:\/\/www.immobilienbusiness.ch\/?p=62957"},"modified":"2025-04-03T09:44:52","modified_gmt":"2025-04-03T07:44:52","slug":"dominice-fonds-hat-fuer-64-millionen-franken-zugekauft","status":"publish","type":"post","link":"https:\/\/www.immobilienbusiness.ch\/de\/unternehmen\/2025-03-28\/dominice-fonds-hat-fuer-64-millionen-franken-zugekauft\/","title":{"rendered":"Dominic\u00e9-Fonds hat f\u00fcr 64 Millionen Franken zugekauft"},"content":{"rendered":"<figure id=\"attachment_62958\" aria-describedby=\"caption-attachment-62958\" style=\"width: 936px\" class=\"wp-caption alignnone\"><a href=\"https:\/\/www.immobilienbusiness.ch\/wp-content\/uploads\/2025\/03\/Lausanne-Avenue-d-Echallens-40.png\"><img loading=\"lazy\" decoding=\"async\" class=\"size-full wp-image-62958\" src=\"https:\/\/www.immobilienbusiness.ch\/wp-content\/uploads\/2025\/03\/Lausanne-Avenue-d-Echallens-40.png\" alt=\"\" width=\"936\" height=\"618\" srcset=\"https:\/\/www.immobilienbusiness.ch\/wp-content\/uploads\/2025\/03\/Lausanne-Avenue-d-Echallens-40.png 936w, https:\/\/www.immobilienbusiness.ch\/wp-content\/uploads\/2025\/03\/Lausanne-Avenue-d-Echallens-40-300x198.png 300w, https:\/\/www.immobilienbusiness.ch\/wp-content\/uploads\/2025\/03\/Lausanne-Avenue-d-Echallens-40-768x507.png 768w, https:\/\/www.immobilienbusiness.ch\/wp-content\/uploads\/2025\/03\/Lausanne-Avenue-d-Echallens-40-18x12.png 18w, https:\/\/www.immobilienbusiness.ch\/wp-content\/uploads\/2025\/03\/Lausanne-Avenue-d-Echallens-40-375x248.png 375w, https:\/\/www.immobilienbusiness.ch\/wp-content\/uploads\/2025\/03\/Lausanne-Avenue-d-Echallens-40-530x350.png 530w\" sizes=\"auto, (max-width: 936px) 100vw, 936px\" \/><\/a><figcaption id=\"caption-attachment-62958\" class=\"wp-caption-text\">Die Avenue d\u2019Echallens 40 in Lausanne (Bild: \u00a9 Dominic\u00e9)<\/figcaption><\/figure>\n<p>Der Dominic\u00e9 Swiss Property Fund (DSPF) hat seine Kapitalerh\u00f6hung vollst\u00e4ndig abgeschlossen. Durch die Zeichnung von 462.500 neuen Anteilen ist dem Immobilienfonds der Gesamtbetrag von 58,97 Mio. CHF zugeflossen. Mit diesen Mitteln sowie mit dem Erl\u00f6s der letzten Kapitalerh\u00f6hung im November wurden drei Wohnliegenschaften im Kanton Waadt f\u00fcr einen Gesamtkaufpreis von 64 Mio. CHF erworben. Dadurch erh\u00f6ht sich der Portfoliowert auf rd. 774 Mio. CHF.<\/p>\n<p>F\u00fcr 20 Mio. CHF kaufte der Fonds die Immobilie Avenue d\u2019Echallens 40\u201342 in Lausanne. Sie umfasst zwei denkmalgesch\u00fctzte Geb\u00e4ude an zentraler Lage zwischen dem Stadtzentrum und dem Quartier Flon. Es handelt sich um 42 Wohnungen mit zwei bis f\u00fcnf Zimmern. Beide Geb\u00e4ude verf\u00fcgen \u00fcber einen Aufzug und bieten insgesamt zehn Parkpl\u00e4tze. Die Mietreserve betr\u00e4gt laut der Fondsleitung 35 %.<\/p>\n<p>Die Avenue Jean-Daniel-Abram-Davel 19 in Lausanne erwarb der DSPF f\u00fcr 10 Mio. CHF. Dieses Wohngeb\u00e4ude befindet sich in zentraler Lage zwischen dem Bahnhof Lausanne und der Innenstadt. Es umfasst 35 Wohnungen, vom Studio bis zur 4-Zimmer-Wohnung. Zur Ausstattung geh\u00f6ren neun Innenparkpl\u00e4tze sowie Abstellr\u00e4ume f\u00fcr Fahrr\u00e4der und Kinderwagen. In den oberen Etagen bieten die Wohnungen Sicht auf den Genfersee. Die Mietreserve liegt bei 75 %.<\/p>\n<p>F\u00fcr 34 Mio. CHF wechselt die Immobilie Route de Cit\u00e9-Ouest 21\u201329 in Gland in das Verm\u00f6gen des Fonds, dies geschah mit den Mitteln der Kapitalerh\u00f6hung im November. Die Wohnungen umfassen bis zu 6,5 Zimmer, zum Geb\u00e4ude geh\u00f6ren zudem 138 Parkpl\u00e4tze, davon 75 im Untergeschoss. Die Mietreserve betr\u00e4gt laut Dominic\u00e9 63 % und eine geplante \u00dcberarbeitung des Quartierplans biete die Aussicht auf h\u00f6here Verdichtung.<\/p>\n<h3>Drei weitere Liegenschaften gesichert<\/h3>\n<p>Ausserdem teilt der Fonds mit, dass neben den bereits finalisierten Akquisitionen drei weitere Wohnliegenschaften in Clarens, Renens und im Zentrum von Lausanne gesichert worden seien. Der Kaufpreis bel\u00e4uft sich den Angaben zufolge auf insgesamt 42 Mio. CHF. Der Abschluss dieser Transaktionen ist im Fr\u00fchjahr 2025 vorgesehen, es besteht allerdings ein gesetzliches Vorkaufsrechts der Gemeinden. <em>(aw)<\/em><\/p>\n<p>&nbsp;<\/p>\n<p>&nbsp;<\/p>\n","protected":false},"excerpt":{"rendered":"<p>Die letzte Kapitalerh\u00f6hung des Fonds wurde vollst\u00e4ndig gezeichnet. Zugekauft wurden drei Wohnliegenschaften in Lausanne und Umland. Zudem sind drei weitere K\u00e4ufe in der Pipeline.<\/p>\n","protected":false},"author":102,"featured_media":62958,"comment_status":"closed","ping_status":"closed","sticky":false,"template":"","format":"standard","meta":{"_acf_changed":false,"_yoast_wpseo_focuskw":"Dominic\u00e9","_yoast_wpseo_title":"","_yoast_wpseo_metadesc":"Die letzte Kapitalerh\u00f6hung des Fonds wurde vollst\u00e4ndig gezeichnet. Zugekauft wurden drei Wohnliegenschaften in Lausanne und Umland. Zudem sind drei weitere K\u00e4ufe in der Pipeline.","_yoast_wpseo_linkdex":64,"pgc_sgb_lightbox_settings":"","footnotes":""},"categories":[988],"tags":[4150,2159,4145,1344,1412,1414,1438,1492,3228],"class_list":["post-62957","post","type-post","status-publish","format-standard","has-post-thumbnail","hentry","category-unternehmen","tag-clarens","tag-dominice-swiss-property","tag-gland","tag-immobilienfonds","tag-kapitalerhoehung","tag-kauf","tag-lausanne","tag-mietwohnungen","tag-renens"],"acf":[],"yoast_head":"<!-- This site is optimized with the Yoast SEO plugin v27.4 - https:\/\/yoast.com\/product\/yoast-seo-wordpress\/ -->\n<title>Dominic\u00e9-Fonds hat f\u00fcr 64 Millionen Franken zugekauft - IMMOBILIEN Business<\/title>\n<meta name=\"description\" content=\"Die letzte Kapitalerh\u00f6hung des Fonds wurde vollst\u00e4ndig gezeichnet. Zugekauft wurden drei Wohnliegenschaften in Lausanne und Umland. Zudem sind drei weitere K\u00e4ufe in der Pipeline.\" \/>\n<meta name=\"robots\" content=\"index, follow, max-snippet:-1, max-image-preview:large, max-video-preview:-1\" \/>\n<link rel=\"canonical\" href=\"https:\/\/www.immobilienbusiness.ch\/de\/unternehmen\/2025-03-28\/dominice-fonds-hat-fuer-64-millionen-franken-zugekauft\/\" \/>\n<meta property=\"og:locale\" content=\"de_DE\" \/>\n<meta property=\"og:type\" content=\"article\" \/>\n<meta property=\"og:title\" content=\"Dominic\u00e9-Fonds hat f\u00fcr 64 Millionen Franken zugekauft - IMMOBILIEN Business\" \/>\n<meta property=\"og:description\" content=\"Die letzte Kapitalerh\u00f6hung des Fonds wurde vollst\u00e4ndig gezeichnet. Zugekauft wurden drei Wohnliegenschaften in Lausanne und Umland. Zudem sind drei weitere K\u00e4ufe in der Pipeline.\" \/>\n<meta property=\"og:url\" content=\"https:\/\/www.immobilienbusiness.ch\/de\/unternehmen\/2025-03-28\/dominice-fonds-hat-fuer-64-millionen-franken-zugekauft\/\" \/>\n<meta property=\"og:site_name\" content=\"IMMOBILIEN Business\" \/>\n<meta property=\"article:publisher\" content=\"https:\/\/www.facebook.com\/immobilienbusiness\/\" \/>\n<meta property=\"article:published_time\" content=\"2025-03-28T06:15:46+00:00\" \/>\n<meta property=\"article:modified_time\" content=\"2025-04-03T07:44:52+00:00\" \/>\n<meta property=\"og:image\" content=\"https:\/\/www.immobilienbusiness.ch\/wp-content\/uploads\/2025\/03\/Lausanne-Avenue-d-Echallens-40.png\" \/>\n\t<meta property=\"og:image:width\" content=\"936\" \/>\n\t<meta property=\"og:image:height\" content=\"618\" \/>\n\t<meta property=\"og:image:type\" content=\"image\/png\" \/>\n<meta name=\"author\" content=\"Alexander Wachter\" \/>\n<meta name=\"twitter:card\" content=\"summary_large_image\" \/>\n<script type=\"application\/ld+json\" class=\"yoast-schema-graph\">{\"@context\":\"https:\\\/\\\/schema.org\",\"@graph\":[{\"@type\":\"Article\",\"@id\":\"https:\\\/\\\/www.immobilienbusiness.ch\\\/unternehmen\\\/2025-03-28\\\/dominice-fonds-hat-fuer-64-millionen-franken-zugekauft\\\/#article\",\"isPartOf\":{\"@id\":\"https:\\\/\\\/www.immobilienbusiness.ch\\\/unternehmen\\\/2025-03-28\\\/dominice-fonds-hat-fuer-64-millionen-franken-zugekauft\\\/\"},\"author\":{\"name\":\"Alexander Wachter\",\"@id\":\"https:\\\/\\\/www.immobilienbusiness.ch\\\/#\\\/schema\\\/person\\\/aba8bea2db926aa0c24c08c43fe1fcd5\"},\"headline\":\"Dominic\u00e9-Fonds hat f\u00fcr 64 Millionen Franken zugekauft\",\"datePublished\":\"2025-03-28T06:15:46+00:00\",\"dateModified\":\"2025-04-03T07:44:52+00:00\",\"mainEntityOfPage\":{\"@id\":\"https:\\\/\\\/www.immobilienbusiness.ch\\\/unternehmen\\\/2025-03-28\\\/dominice-fonds-hat-fuer-64-millionen-franken-zugekauft\\\/\"},\"wordCount\":344,\"publisher\":{\"@id\":\"https:\\\/\\\/www.immobilienbusiness.ch\\\/#organization\"},\"image\":{\"@id\":\"https:\\\/\\\/www.immobilienbusiness.ch\\\/unternehmen\\\/2025-03-28\\\/dominice-fonds-hat-fuer-64-millionen-franken-zugekauft\\\/#primaryimage\"},\"thumbnailUrl\":\"https:\\\/\\\/www.immobilienbusiness.ch\\\/wp-content\\\/uploads\\\/2025\\\/03\\\/Lausanne-Avenue-d-Echallens-40.png\",\"keywords\":[\"Clarens\",\"Dominic\u00e9 Swiss Property\",\"Gland\",\"Immobilienfonds\",\"Kapitalerh\u00f6hung\",\"Kauf\",\"Lausanne\",\"Mietwohnungen\",\"Renens\"],\"articleSection\":[\"UNTERNEHMEN\"],\"inLanguage\":\"de\"},{\"@type\":\"WebPage\",\"@id\":\"https:\\\/\\\/www.immobilienbusiness.ch\\\/unternehmen\\\/2025-03-28\\\/dominice-fonds-hat-fuer-64-millionen-franken-zugekauft\\\/\",\"url\":\"https:\\\/\\\/www.immobilienbusiness.ch\\\/unternehmen\\\/2025-03-28\\\/dominice-fonds-hat-fuer-64-millionen-franken-zugekauft\\\/\",\"name\":\"Dominic\u00e9-Fonds hat f\u00fcr 64 Millionen Franken zugekauft - IMMOBILIEN Business\",\"isPartOf\":{\"@id\":\"https:\\\/\\\/www.immobilienbusiness.ch\\\/#website\"},\"primaryImageOfPage\":{\"@id\":\"https:\\\/\\\/www.immobilienbusiness.ch\\\/unternehmen\\\/2025-03-28\\\/dominice-fonds-hat-fuer-64-millionen-franken-zugekauft\\\/#primaryimage\"},\"image\":{\"@id\":\"https:\\\/\\\/www.immobilienbusiness.ch\\\/unternehmen\\\/2025-03-28\\\/dominice-fonds-hat-fuer-64-millionen-franken-zugekauft\\\/#primaryimage\"},\"thumbnailUrl\":\"https:\\\/\\\/www.immobilienbusiness.ch\\\/wp-content\\\/uploads\\\/2025\\\/03\\\/Lausanne-Avenue-d-Echallens-40.png\",\"datePublished\":\"2025-03-28T06:15:46+00:00\",\"dateModified\":\"2025-04-03T07:44:52+00:00\",\"description\":\"Die letzte Kapitalerh\u00f6hung des Fonds wurde vollst\u00e4ndig gezeichnet. Zugekauft wurden drei Wohnliegenschaften in Lausanne und Umland. Zudem sind drei weitere K\u00e4ufe in der Pipeline.\",\"breadcrumb\":{\"@id\":\"https:\\\/\\\/www.immobilienbusiness.ch\\\/unternehmen\\\/2025-03-28\\\/dominice-fonds-hat-fuer-64-millionen-franken-zugekauft\\\/#breadcrumb\"},\"inLanguage\":\"de\",\"potentialAction\":[{\"@type\":\"ReadAction\",\"target\":[\"https:\\\/\\\/www.immobilienbusiness.ch\\\/unternehmen\\\/2025-03-28\\\/dominice-fonds-hat-fuer-64-millionen-franken-zugekauft\\\/\"]}]},{\"@type\":\"ImageObject\",\"inLanguage\":\"de\",\"@id\":\"https:\\\/\\\/www.immobilienbusiness.ch\\\/unternehmen\\\/2025-03-28\\\/dominice-fonds-hat-fuer-64-millionen-franken-zugekauft\\\/#primaryimage\",\"url\":\"https:\\\/\\\/www.immobilienbusiness.ch\\\/wp-content\\\/uploads\\\/2025\\\/03\\\/Lausanne-Avenue-d-Echallens-40.png\",\"contentUrl\":\"https:\\\/\\\/www.immobilienbusiness.ch\\\/wp-content\\\/uploads\\\/2025\\\/03\\\/Lausanne-Avenue-d-Echallens-40.png\",\"width\":936,\"height\":618,\"caption\":\"Die Avenue d\u2019Echallens 40 in Lausanne (Bild: \u00a9 Dominic\u00e9)\"},{\"@type\":\"BreadcrumbList\",\"@id\":\"https:\\\/\\\/www.immobilienbusiness.ch\\\/unternehmen\\\/2025-03-28\\\/dominice-fonds-hat-fuer-64-millionen-franken-zugekauft\\\/#breadcrumb\",\"itemListElement\":[{\"@type\":\"ListItem\",\"position\":1,\"name\":\"Home\",\"item\":\"https:\\\/\\\/www.immobilienbusiness.ch\\\/\"},{\"@type\":\"ListItem\",\"position\":2,\"name\":\"Dominic\u00e9-Fonds hat f\u00fcr 64 Millionen Franken zugekauft\"}]},{\"@type\":\"WebSite\",\"@id\":\"https:\\\/\\\/www.immobilienbusiness.ch\\\/#website\",\"url\":\"https:\\\/\\\/www.immobilienbusiness.ch\\\/\",\"name\":\"IMMOBILIEN Business\",\"description\":\"Unabh\u00e4ngiges Schweizer Wirtschaftsmagazin mit Fokus auf Immobilien, Architektur- und Bau sowie Investment- und Finanzierung.\",\"publisher\":{\"@id\":\"https:\\\/\\\/www.immobilienbusiness.ch\\\/#organization\"},\"potentialAction\":[{\"@type\":\"SearchAction\",\"target\":{\"@type\":\"EntryPoint\",\"urlTemplate\":\"https:\\\/\\\/www.immobilienbusiness.ch\\\/?s={search_term_string}\"},\"query-input\":{\"@type\":\"PropertyValueSpecification\",\"valueRequired\":true,\"valueName\":\"search_term_string\"}}],\"inLanguage\":\"de\"},{\"@type\":\"Organization\",\"@id\":\"https:\\\/\\\/www.immobilienbusiness.ch\\\/#organization\",\"name\":\"IMMOBILIEN Business\",\"url\":\"https:\\\/\\\/www.immobilienbusiness.ch\\\/\",\"logo\":{\"@type\":\"ImageObject\",\"inLanguage\":\"de\",\"@id\":\"https:\\\/\\\/www.immobilienbusiness.ch\\\/#\\\/schema\\\/logo\\\/image\\\/\",\"url\":\"https:\\\/\\\/www.immobilienbusiness.ch\\\/wp-content\\\/uploads\\\/2021\\\/07\\\/logo_ib.png\",\"contentUrl\":\"https:\\\/\\\/www.immobilienbusiness.ch\\\/wp-content\\\/uploads\\\/2021\\\/07\\\/logo_ib.png\",\"width\":800,\"height\":181,\"caption\":\"IMMOBILIEN Business\"},\"image\":{\"@id\":\"https:\\\/\\\/www.immobilienbusiness.ch\\\/#\\\/schema\\\/logo\\\/image\\\/\"},\"sameAs\":[\"https:\\\/\\\/www.facebook.com\\\/immobilienbusiness\\\/\"]},{\"@type\":\"Person\",\"@id\":\"https:\\\/\\\/www.immobilienbusiness.ch\\\/#\\\/schema\\\/person\\\/aba8bea2db926aa0c24c08c43fe1fcd5\",\"name\":\"Alexander Wachter\",\"image\":{\"@type\":\"ImageObject\",\"inLanguage\":\"de\",\"@id\":\"https:\\\/\\\/secure.gravatar.com\\\/avatar\\\/1a09e471f5389b0e0a6416eac287e0927c7c97a7b77f9e787eba3af7aee281dd?s=96&d=mm&r=g\",\"url\":\"https:\\\/\\\/secure.gravatar.com\\\/avatar\\\/1a09e471f5389b0e0a6416eac287e0927c7c97a7b77f9e787eba3af7aee281dd?s=96&d=mm&r=g\",\"contentUrl\":\"https:\\\/\\\/secure.gravatar.com\\\/avatar\\\/1a09e471f5389b0e0a6416eac287e0927c7c97a7b77f9e787eba3af7aee281dd?s=96&d=mm&r=g\",\"caption\":\"Alexander Wachter\"},\"url\":\"https:\\\/\\\/www.immobilienbusiness.ch\\\/de\\\/author\\\/alexander-wachter\\\/\"}]}<\/script>\n<!-- \/ Yoast SEO plugin. -->","yoast_head_json":{"title":"Dominic\u00e9-Fonds hat f\u00fcr 64 Millionen Franken zugekauft - IMMOBILIEN Business","description":"Die letzte Kapitalerh\u00f6hung des Fonds wurde vollst\u00e4ndig gezeichnet. Zugekauft wurden drei Wohnliegenschaften in Lausanne und Umland. Zudem sind drei weitere K\u00e4ufe in der Pipeline.","robots":{"index":"index","follow":"follow","max-snippet":"max-snippet:-1","max-image-preview":"max-image-preview:large","max-video-preview":"max-video-preview:-1"},"canonical":"https:\/\/www.immobilienbusiness.ch\/de\/unternehmen\/2025-03-28\/dominice-fonds-hat-fuer-64-millionen-franken-zugekauft\/","og_locale":"de_DE","og_type":"article","og_title":"Dominic\u00e9-Fonds hat f\u00fcr 64 Millionen Franken zugekauft - IMMOBILIEN Business","og_description":"Die letzte Kapitalerh\u00f6hung des Fonds wurde vollst\u00e4ndig gezeichnet. Zugekauft wurden drei Wohnliegenschaften in Lausanne und Umland. Zudem sind drei weitere K\u00e4ufe in der Pipeline.","og_url":"https:\/\/www.immobilienbusiness.ch\/de\/unternehmen\/2025-03-28\/dominice-fonds-hat-fuer-64-millionen-franken-zugekauft\/","og_site_name":"IMMOBILIEN Business","article_publisher":"https:\/\/www.facebook.com\/immobilienbusiness\/","article_published_time":"2025-03-28T06:15:46+00:00","article_modified_time":"2025-04-03T07:44:52+00:00","og_image":[{"width":936,"height":618,"url":"https:\/\/www.immobilienbusiness.ch\/wp-content\/uploads\/2025\/03\/Lausanne-Avenue-d-Echallens-40.png","type":"image\/png"}],"author":"Alexander Wachter","twitter_card":"summary_large_image","schema":{"@context":"https:\/\/schema.org","@graph":[{"@type":"Article","@id":"https:\/\/www.immobilienbusiness.ch\/unternehmen\/2025-03-28\/dominice-fonds-hat-fuer-64-millionen-franken-zugekauft\/#article","isPartOf":{"@id":"https:\/\/www.immobilienbusiness.ch\/unternehmen\/2025-03-28\/dominice-fonds-hat-fuer-64-millionen-franken-zugekauft\/"},"author":{"name":"Alexander Wachter","@id":"https:\/\/www.immobilienbusiness.ch\/#\/schema\/person\/aba8bea2db926aa0c24c08c43fe1fcd5"},"headline":"Dominic\u00e9-Fonds hat f\u00fcr 64 Millionen Franken zugekauft","datePublished":"2025-03-28T06:15:46+00:00","dateModified":"2025-04-03T07:44:52+00:00","mainEntityOfPage":{"@id":"https:\/\/www.immobilienbusiness.ch\/unternehmen\/2025-03-28\/dominice-fonds-hat-fuer-64-millionen-franken-zugekauft\/"},"wordCount":344,"publisher":{"@id":"https:\/\/www.immobilienbusiness.ch\/#organization"},"image":{"@id":"https:\/\/www.immobilienbusiness.ch\/unternehmen\/2025-03-28\/dominice-fonds-hat-fuer-64-millionen-franken-zugekauft\/#primaryimage"},"thumbnailUrl":"https:\/\/www.immobilienbusiness.ch\/wp-content\/uploads\/2025\/03\/Lausanne-Avenue-d-Echallens-40.png","keywords":["Clarens","Dominic\u00e9 Swiss Property","Gland","Immobilienfonds","Kapitalerh\u00f6hung","Kauf","Lausanne","Mietwohnungen","Renens"],"articleSection":["UNTERNEHMEN"],"inLanguage":"de"},{"@type":"WebPage","@id":"https:\/\/www.immobilienbusiness.ch\/unternehmen\/2025-03-28\/dominice-fonds-hat-fuer-64-millionen-franken-zugekauft\/","url":"https:\/\/www.immobilienbusiness.ch\/unternehmen\/2025-03-28\/dominice-fonds-hat-fuer-64-millionen-franken-zugekauft\/","name":"Dominic\u00e9-Fonds hat f\u00fcr 64 Millionen Franken zugekauft - IMMOBILIEN Business","isPartOf":{"@id":"https:\/\/www.immobilienbusiness.ch\/#website"},"primaryImageOfPage":{"@id":"https:\/\/www.immobilienbusiness.ch\/unternehmen\/2025-03-28\/dominice-fonds-hat-fuer-64-millionen-franken-zugekauft\/#primaryimage"},"image":{"@id":"https:\/\/www.immobilienbusiness.ch\/unternehmen\/2025-03-28\/dominice-fonds-hat-fuer-64-millionen-franken-zugekauft\/#primaryimage"},"thumbnailUrl":"https:\/\/www.immobilienbusiness.ch\/wp-content\/uploads\/2025\/03\/Lausanne-Avenue-d-Echallens-40.png","datePublished":"2025-03-28T06:15:46+00:00","dateModified":"2025-04-03T07:44:52+00:00","description":"Die letzte Kapitalerh\u00f6hung des Fonds wurde vollst\u00e4ndig gezeichnet. Zugekauft wurden drei Wohnliegenschaften in Lausanne und Umland. Zudem sind drei weitere K\u00e4ufe in der Pipeline.","breadcrumb":{"@id":"https:\/\/www.immobilienbusiness.ch\/unternehmen\/2025-03-28\/dominice-fonds-hat-fuer-64-millionen-franken-zugekauft\/#breadcrumb"},"inLanguage":"de","potentialAction":[{"@type":"ReadAction","target":["https:\/\/www.immobilienbusiness.ch\/unternehmen\/2025-03-28\/dominice-fonds-hat-fuer-64-millionen-franken-zugekauft\/"]}]},{"@type":"ImageObject","inLanguage":"de","@id":"https:\/\/www.immobilienbusiness.ch\/unternehmen\/2025-03-28\/dominice-fonds-hat-fuer-64-millionen-franken-zugekauft\/#primaryimage","url":"https:\/\/www.immobilienbusiness.ch\/wp-content\/uploads\/2025\/03\/Lausanne-Avenue-d-Echallens-40.png","contentUrl":"https:\/\/www.immobilienbusiness.ch\/wp-content\/uploads\/2025\/03\/Lausanne-Avenue-d-Echallens-40.png","width":936,"height":618,"caption":"Die Avenue d\u2019Echallens 40 in Lausanne (Bild: \u00a9 Dominic\u00e9)"},{"@type":"BreadcrumbList","@id":"https:\/\/www.immobilienbusiness.ch\/unternehmen\/2025-03-28\/dominice-fonds-hat-fuer-64-millionen-franken-zugekauft\/#breadcrumb","itemListElement":[{"@type":"ListItem","position":1,"name":"Home","item":"https:\/\/www.immobilienbusiness.ch\/"},{"@type":"ListItem","position":2,"name":"Dominic\u00e9-Fonds hat f\u00fcr 64 Millionen Franken zugekauft"}]},{"@type":"WebSite","@id":"https:\/\/www.immobilienbusiness.ch\/#website","url":"https:\/\/www.immobilienbusiness.ch\/","name":"IMMOBILIEN Business","description":"Unabh\u00e4ngiges Schweizer Wirtschaftsmagazin mit Fokus auf Immobilien, Architektur- und Bau sowie Investment- und Finanzierung.","publisher":{"@id":"https:\/\/www.immobilienbusiness.ch\/#organization"},"potentialAction":[{"@type":"SearchAction","target":{"@type":"EntryPoint","urlTemplate":"https:\/\/www.immobilienbusiness.ch\/?s={search_term_string}"},"query-input":{"@type":"PropertyValueSpecification","valueRequired":true,"valueName":"search_term_string"}}],"inLanguage":"de"},{"@type":"Organization","@id":"https:\/\/www.immobilienbusiness.ch\/#organization","name":"IMMOBILIEN Business","url":"https:\/\/www.immobilienbusiness.ch\/","logo":{"@type":"ImageObject","inLanguage":"de","@id":"https:\/\/www.immobilienbusiness.ch\/#\/schema\/logo\/image\/","url":"https:\/\/www.immobilienbusiness.ch\/wp-content\/uploads\/2021\/07\/logo_ib.png","contentUrl":"https:\/\/www.immobilienbusiness.ch\/wp-content\/uploads\/2021\/07\/logo_ib.png","width":800,"height":181,"caption":"IMMOBILIEN Business"},"image":{"@id":"https:\/\/www.immobilienbusiness.ch\/#\/schema\/logo\/image\/"},"sameAs":["https:\/\/www.facebook.com\/immobilienbusiness\/"]},{"@type":"Person","@id":"https:\/\/www.immobilienbusiness.ch\/#\/schema\/person\/aba8bea2db926aa0c24c08c43fe1fcd5","name":"Alexander Wachter","image":{"@type":"ImageObject","inLanguage":"de","@id":"https:\/\/secure.gravatar.com\/avatar\/1a09e471f5389b0e0a6416eac287e0927c7c97a7b77f9e787eba3af7aee281dd?s=96&d=mm&r=g","url":"https:\/\/secure.gravatar.com\/avatar\/1a09e471f5389b0e0a6416eac287e0927c7c97a7b77f9e787eba3af7aee281dd?s=96&d=mm&r=g","contentUrl":"https:\/\/secure.gravatar.com\/avatar\/1a09e471f5389b0e0a6416eac287e0927c7c97a7b77f9e787eba3af7aee281dd?s=96&d=mm&r=g","caption":"Alexander Wachter"},"url":"https:\/\/www.immobilienbusiness.ch\/de\/author\/alexander-wachter\/"}]}},"_links":{"self":[{"href":"https:\/\/www.immobilienbusiness.ch\/de\/wp-json\/wp\/v2\/posts\/62957","targetHints":{"allow":["GET"]}}],"collection":[{"href":"https:\/\/www.immobilienbusiness.ch\/de\/wp-json\/wp\/v2\/posts"}],"about":[{"href":"https:\/\/www.immobilienbusiness.ch\/de\/wp-json\/wp\/v2\/types\/post"}],"author":[{"embeddable":true,"href":"https:\/\/www.immobilienbusiness.ch\/de\/wp-json\/wp\/v2\/users\/102"}],"replies":[{"embeddable":true,"href":"https:\/\/www.immobilienbusiness.ch\/de\/wp-json\/wp\/v2\/comments?post=62957"}],"version-history":[{"count":3,"href":"https:\/\/www.immobilienbusiness.ch\/de\/wp-json\/wp\/v2\/posts\/62957\/revisions"}],"predecessor-version":[{"id":63037,"href":"https:\/\/www.immobilienbusiness.ch\/de\/wp-json\/wp\/v2\/posts\/62957\/revisions\/63037"}],"wp:featuredmedia":[{"embeddable":true,"href":"https:\/\/www.immobilienbusiness.ch\/de\/wp-json\/wp\/v2\/media\/62958"}],"wp:attachment":[{"href":"https:\/\/www.immobilienbusiness.ch\/de\/wp-json\/wp\/v2\/media?parent=62957"}],"wp:term":[{"taxonomy":"category","embeddable":true,"href":"https:\/\/www.immobilienbusiness.ch\/de\/wp-json\/wp\/v2\/categories?post=62957"},{"taxonomy":"post_tag","embeddable":true,"href":"https:\/\/www.immobilienbusiness.ch\/de\/wp-json\/wp\/v2\/tags?post=62957"}],"curies":[{"name":"wp","href":"https:\/\/api.w.org\/{rel}","templated":true}]}}