{"id":62623,"date":"2025-03-03T08:33:58","date_gmt":"2025-03-03T07:33:58","guid":{"rendered":"https:\/\/www.immobilienbusiness.ch\/?p=62623"},"modified":"2025-03-06T16:09:55","modified_gmt":"2025-03-06T15:09:55","slug":"sfp-ast-kapitalaufnahme-uebertrifft-das-ziel-bei-weitem","status":"publish","type":"post","link":"https:\/\/www.immobilienbusiness.ch\/de\/unternehmen\/2025-03-03\/sfp-ast-kapitalaufnahme-uebertrifft-das-ziel-bei-weitem\/","title":{"rendered":"SFP AST: Kapitalaufnahme \u00fcbertrifft das Ziel bei weitem"},"content":{"rendered":"<figure id=\"attachment_56981\" aria-describedby=\"caption-attachment-56981\" style=\"width: 830px\" class=\"wp-caption alignnone\"><a href=\"https:\/\/www.immobilienbusiness.ch\/wp-content\/uploads\/2024\/05\/Troinex-SFP.png\"><img loading=\"lazy\" decoding=\"async\" class=\"size-full wp-image-56981\" src=\"https:\/\/www.immobilienbusiness.ch\/wp-content\/uploads\/2024\/05\/Troinex-SFP.png\" alt=\"Swiss Real Estate Troinex\" width=\"830\" height=\"421\" srcset=\"https:\/\/www.immobilienbusiness.ch\/wp-content\/uploads\/2024\/05\/Troinex-SFP.png 830w, https:\/\/www.immobilienbusiness.ch\/wp-content\/uploads\/2024\/05\/Troinex-SFP-300x152.png 300w, https:\/\/www.immobilienbusiness.ch\/wp-content\/uploads\/2024\/05\/Troinex-SFP-768x390.png 768w, https:\/\/www.immobilienbusiness.ch\/wp-content\/uploads\/2024\/05\/Troinex-SFP-18x9.png 18w, https:\/\/www.immobilienbusiness.ch\/wp-content\/uploads\/2024\/05\/Troinex-SFP-375x190.png 375w, https:\/\/www.immobilienbusiness.ch\/wp-content\/uploads\/2024\/05\/Troinex-SFP-690x350.png 690w\" sizes=\"auto, (max-width: 830px) 100vw, 830px\" \/><\/a><figcaption id=\"caption-attachment-56981\" class=\"wp-caption-text\">Mit einer der letzten Kapitalaufnahmen wurde diese Wohn\u00fcberbauung in Troinex finanziert (Bild: SFP AST)<\/figcaption><\/figure>\n<p>Die j\u00fcngste Kapitalaufnahme der SFP Anlagestiftung war deutlich \u00fcberzeichnet und wurde am 28. Februar vorzeitig beendet. Das urspr\u00fcngliche Volumen in H\u00f6he von 80 Mio. CHF sei wegen der hohen Nachfrage auf 200 Mio. CHF erh\u00f6ht worden, wie die Anlagestiftung mitteilt. Sowohl bestehende als auch zahlreiche neue Anleger h\u00e4tten die Anteile gezeichnet. .<\/p>\n<p>Der erste Kapitalabruf soll im Umfang von rund 100 Mio. CHF im April erfolgen. Die Details zum weiteren Kapitalabruf will die SFP AST nach der Liberierung bekanntgeben.<\/p>\n<p>Eigentlich h\u00e4tte die Kapitalaufnahme erst Mitte M\u00e4rz enden sollen <a href=\"https:\/\/www.immobilienbusiness.ch\/de\/unternehmen\/2025-02-05\/sfp-ast-kapitalaufnahme-fuer-anlagegruppe-swiss-real-estate\/\" target=\"_blank\" rel=\"noopener\">(IB berichtete)<\/a>. Das Volumen war Anfang Februar mit 60 Mio. bis 80 Mio. CHF angegeben worden. Laut damaliger Mitteilung waren die Gelder vor allem f\u00fcr den Kauf von Wohnliegenschaften in Genf und St. Gallen mit einem Kaufpreis von 34 Mio. CHF vorgesehen. Weitere Liegenschaften mit einem Volumen von \u00fcber 110 Mio. CHF bef\u00e4nden sich in Pr\u00fcfung, hiess es. <em>(aw)<\/em><\/p>\n<p>&nbsp;<\/p>\n<p>&nbsp;<\/p>\n","protected":false},"excerpt":{"rendered":"<p>Die Kapitalmassnahme wurde vorzeitig beendet und fiel mit 200 Millionen Franken zweieinhalbmal so gross aus wie angek\u00fcndigt.<\/p>\n","protected":false},"author":102,"featured_media":56981,"comment_status":"closed","ping_status":"closed","sticky":false,"template":"","format":"standard","meta":{"_acf_changed":false,"_yoast_wpseo_focuskw":"SFP AST","_yoast_wpseo_title":"","_yoast_wpseo_metadesc":"Die Kapitalmassnahme wurde vorzeitig beendet und fiel mit 200 Millionen Franken zweieinhalbmal so gross aus wie angek\u00fcndigt.","_yoast_wpseo_linkdex":51,"pgc_sgb_lightbox_settings":"","footnotes":""},"categories":[988],"tags":[1412,2161],"class_list":["post-62623","post","type-post","status-publish","format-standard","has-post-thumbnail","hentry","category-unternehmen","tag-kapitalerhoehung","tag-sfp-ast"],"acf":[],"yoast_head":"<!-- This site is optimized with the Yoast SEO plugin v27.5 - https:\/\/yoast.com\/product\/yoast-seo-wordpress\/ -->\n<title>SFP AST: Kapitalaufnahme \u00fcbertrifft das Ziel bei weitem - IMMOBILIEN Business<\/title>\n<meta name=\"description\" content=\"Die Kapitalmassnahme wurde vorzeitig beendet und fiel mit 200 Millionen Franken zweieinhalbmal so gross aus wie angek\u00fcndigt.\" \/>\n<meta name=\"robots\" content=\"index, follow, max-snippet:-1, max-image-preview:large, max-video-preview:-1\" \/>\n<link rel=\"canonical\" href=\"https:\/\/www.immobilienbusiness.ch\/de\/unternehmen\/2025-03-03\/sfp-ast-kapitalaufnahme-uebertrifft-das-ziel-bei-weitem\/\" \/>\n<meta property=\"og:locale\" content=\"de_DE\" \/>\n<meta property=\"og:type\" content=\"article\" \/>\n<meta property=\"og:title\" content=\"SFP AST: Kapitalaufnahme \u00fcbertrifft das Ziel bei weitem - IMMOBILIEN Business\" \/>\n<meta property=\"og:description\" content=\"Die Kapitalmassnahme wurde vorzeitig beendet und fiel mit 200 Millionen Franken zweieinhalbmal so gross aus wie angek\u00fcndigt.\" \/>\n<meta property=\"og:url\" content=\"https:\/\/www.immobilienbusiness.ch\/de\/unternehmen\/2025-03-03\/sfp-ast-kapitalaufnahme-uebertrifft-das-ziel-bei-weitem\/\" \/>\n<meta property=\"og:site_name\" content=\"IMMOBILIEN Business\" \/>\n<meta property=\"article:publisher\" content=\"https:\/\/www.facebook.com\/immobilienbusiness\/\" \/>\n<meta property=\"article:published_time\" content=\"2025-03-03T07:33:58+00:00\" \/>\n<meta property=\"article:modified_time\" content=\"2025-03-06T15:09:55+00:00\" \/>\n<meta property=\"og:image\" content=\"https:\/\/www.immobilienbusiness.ch\/wp-content\/uploads\/2024\/05\/Troinex-SFP.png\" \/>\n\t<meta property=\"og:image:width\" content=\"830\" \/>\n\t<meta property=\"og:image:height\" content=\"421\" \/>\n\t<meta property=\"og:image:type\" content=\"image\/png\" \/>\n<meta name=\"author\" content=\"Alexander Wachter\" \/>\n<meta name=\"twitter:card\" content=\"summary_large_image\" \/>\n<script type=\"application\/ld+json\" class=\"yoast-schema-graph\">{\"@context\":\"https:\\\/\\\/schema.org\",\"@graph\":[{\"@type\":\"Article\",\"@id\":\"https:\\\/\\\/www.immobilienbusiness.ch\\\/de\\\/unternehmen\\\/2025-03-03\\\/sfp-ast-kapitalaufnahme-uebertrifft-das-ziel-bei-weitem\\\/#article\",\"isPartOf\":{\"@id\":\"https:\\\/\\\/www.immobilienbusiness.ch\\\/de\\\/unternehmen\\\/2025-03-03\\\/sfp-ast-kapitalaufnahme-uebertrifft-das-ziel-bei-weitem\\\/\"},\"author\":{\"name\":\"Alexander Wachter\",\"@id\":\"https:\\\/\\\/www.immobilienbusiness.ch\\\/#\\\/schema\\\/person\\\/aba8bea2db926aa0c24c08c43fe1fcd5\"},\"headline\":\"SFP AST: Kapitalaufnahme \u00fcbertrifft das Ziel bei weitem\",\"datePublished\":\"2025-03-03T07:33:58+00:00\",\"dateModified\":\"2025-03-06T15:09:55+00:00\",\"mainEntityOfPage\":{\"@id\":\"https:\\\/\\\/www.immobilienbusiness.ch\\\/de\\\/unternehmen\\\/2025-03-03\\\/sfp-ast-kapitalaufnahme-uebertrifft-das-ziel-bei-weitem\\\/\"},\"wordCount\":180,\"publisher\":{\"@id\":\"https:\\\/\\\/www.immobilienbusiness.ch\\\/#organization\"},\"image\":{\"@id\":\"https:\\\/\\\/www.immobilienbusiness.ch\\\/de\\\/unternehmen\\\/2025-03-03\\\/sfp-ast-kapitalaufnahme-uebertrifft-das-ziel-bei-weitem\\\/#primaryimage\"},\"thumbnailUrl\":\"https:\\\/\\\/www.immobilienbusiness.ch\\\/wp-content\\\/uploads\\\/2024\\\/05\\\/Troinex-SFP.png\",\"keywords\":[\"Kapitalerh\u00f6hung\",\"SFP AST\"],\"articleSection\":[\"UNTERNEHMEN\"],\"inLanguage\":\"de\"},{\"@type\":\"WebPage\",\"@id\":\"https:\\\/\\\/www.immobilienbusiness.ch\\\/de\\\/unternehmen\\\/2025-03-03\\\/sfp-ast-kapitalaufnahme-uebertrifft-das-ziel-bei-weitem\\\/\",\"url\":\"https:\\\/\\\/www.immobilienbusiness.ch\\\/de\\\/unternehmen\\\/2025-03-03\\\/sfp-ast-kapitalaufnahme-uebertrifft-das-ziel-bei-weitem\\\/\",\"name\":\"SFP AST: Kapitalaufnahme \u00fcbertrifft das Ziel bei weitem - IMMOBILIEN Business\",\"isPartOf\":{\"@id\":\"https:\\\/\\\/www.immobilienbusiness.ch\\\/#website\"},\"primaryImageOfPage\":{\"@id\":\"https:\\\/\\\/www.immobilienbusiness.ch\\\/de\\\/unternehmen\\\/2025-03-03\\\/sfp-ast-kapitalaufnahme-uebertrifft-das-ziel-bei-weitem\\\/#primaryimage\"},\"image\":{\"@id\":\"https:\\\/\\\/www.immobilienbusiness.ch\\\/de\\\/unternehmen\\\/2025-03-03\\\/sfp-ast-kapitalaufnahme-uebertrifft-das-ziel-bei-weitem\\\/#primaryimage\"},\"thumbnailUrl\":\"https:\\\/\\\/www.immobilienbusiness.ch\\\/wp-content\\\/uploads\\\/2024\\\/05\\\/Troinex-SFP.png\",\"datePublished\":\"2025-03-03T07:33:58+00:00\",\"dateModified\":\"2025-03-06T15:09:55+00:00\",\"description\":\"Die Kapitalmassnahme wurde vorzeitig beendet und fiel mit 200 Millionen Franken zweieinhalbmal so gross aus wie angek\u00fcndigt.\",\"breadcrumb\":{\"@id\":\"https:\\\/\\\/www.immobilienbusiness.ch\\\/de\\\/unternehmen\\\/2025-03-03\\\/sfp-ast-kapitalaufnahme-uebertrifft-das-ziel-bei-weitem\\\/#breadcrumb\"},\"inLanguage\":\"de\",\"potentialAction\":[{\"@type\":\"ReadAction\",\"target\":[\"https:\\\/\\\/www.immobilienbusiness.ch\\\/de\\\/unternehmen\\\/2025-03-03\\\/sfp-ast-kapitalaufnahme-uebertrifft-das-ziel-bei-weitem\\\/\"]}]},{\"@type\":\"ImageObject\",\"inLanguage\":\"de\",\"@id\":\"https:\\\/\\\/www.immobilienbusiness.ch\\\/de\\\/unternehmen\\\/2025-03-03\\\/sfp-ast-kapitalaufnahme-uebertrifft-das-ziel-bei-weitem\\\/#primaryimage\",\"url\":\"https:\\\/\\\/www.immobilienbusiness.ch\\\/wp-content\\\/uploads\\\/2024\\\/05\\\/Troinex-SFP.png\",\"contentUrl\":\"https:\\\/\\\/www.immobilienbusiness.ch\\\/wp-content\\\/uploads\\\/2024\\\/05\\\/Troinex-SFP.png\",\"width\":830,\"height\":421,\"caption\":\"Mit einer der letzten Kapitalaufnahmen wurde diese Wohn\u00fcberbauung in Troinex finanziert (Bild: SFP AST)\"},{\"@type\":\"BreadcrumbList\",\"@id\":\"https:\\\/\\\/www.immobilienbusiness.ch\\\/de\\\/unternehmen\\\/2025-03-03\\\/sfp-ast-kapitalaufnahme-uebertrifft-das-ziel-bei-weitem\\\/#breadcrumb\",\"itemListElement\":[{\"@type\":\"ListItem\",\"position\":1,\"name\":\"Home\",\"item\":\"https:\\\/\\\/www.immobilienbusiness.ch\\\/\"},{\"@type\":\"ListItem\",\"position\":2,\"name\":\"SFP AST: Kapitalaufnahme \u00fcbertrifft das Ziel bei weitem\"}]},{\"@type\":\"WebSite\",\"@id\":\"https:\\\/\\\/www.immobilienbusiness.ch\\\/#website\",\"url\":\"https:\\\/\\\/www.immobilienbusiness.ch\\\/\",\"name\":\"IMMOBILIEN Business\",\"description\":\"Unabh\u00e4ngiges Schweizer Wirtschaftsmagazin mit Fokus auf Immobilien, Architektur- und Bau sowie Investment- und Finanzierung.\",\"publisher\":{\"@id\":\"https:\\\/\\\/www.immobilienbusiness.ch\\\/#organization\"},\"potentialAction\":[{\"@type\":\"SearchAction\",\"target\":{\"@type\":\"EntryPoint\",\"urlTemplate\":\"https:\\\/\\\/www.immobilienbusiness.ch\\\/?s={search_term_string}\"},\"query-input\":{\"@type\":\"PropertyValueSpecification\",\"valueRequired\":true,\"valueName\":\"search_term_string\"}}],\"inLanguage\":\"de\"},{\"@type\":\"Organization\",\"@id\":\"https:\\\/\\\/www.immobilienbusiness.ch\\\/#organization\",\"name\":\"IMMOBILIEN Business\",\"url\":\"https:\\\/\\\/www.immobilienbusiness.ch\\\/\",\"logo\":{\"@type\":\"ImageObject\",\"inLanguage\":\"de\",\"@id\":\"https:\\\/\\\/www.immobilienbusiness.ch\\\/#\\\/schema\\\/logo\\\/image\\\/\",\"url\":\"https:\\\/\\\/www.immobilienbusiness.ch\\\/wp-content\\\/uploads\\\/2021\\\/07\\\/logo_ib.png\",\"contentUrl\":\"https:\\\/\\\/www.immobilienbusiness.ch\\\/wp-content\\\/uploads\\\/2021\\\/07\\\/logo_ib.png\",\"width\":800,\"height\":181,\"caption\":\"IMMOBILIEN Business\"},\"image\":{\"@id\":\"https:\\\/\\\/www.immobilienbusiness.ch\\\/#\\\/schema\\\/logo\\\/image\\\/\"},\"sameAs\":[\"https:\\\/\\\/www.facebook.com\\\/immobilienbusiness\\\/\"]},{\"@type\":\"Person\",\"@id\":\"https:\\\/\\\/www.immobilienbusiness.ch\\\/#\\\/schema\\\/person\\\/aba8bea2db926aa0c24c08c43fe1fcd5\",\"name\":\"Alexander Wachter\",\"image\":{\"@type\":\"ImageObject\",\"inLanguage\":\"de\",\"@id\":\"https:\\\/\\\/secure.gravatar.com\\\/avatar\\\/1a09e471f5389b0e0a6416eac287e0927c7c97a7b77f9e787eba3af7aee281dd?s=96&d=mm&r=g\",\"url\":\"https:\\\/\\\/secure.gravatar.com\\\/avatar\\\/1a09e471f5389b0e0a6416eac287e0927c7c97a7b77f9e787eba3af7aee281dd?s=96&d=mm&r=g\",\"contentUrl\":\"https:\\\/\\\/secure.gravatar.com\\\/avatar\\\/1a09e471f5389b0e0a6416eac287e0927c7c97a7b77f9e787eba3af7aee281dd?s=96&d=mm&r=g\",\"caption\":\"Alexander Wachter\"},\"url\":\"https:\\\/\\\/www.immobilienbusiness.ch\\\/de\\\/author\\\/alexander-wachter\\\/\"}]}<\/script>\n<!-- \/ Yoast SEO plugin. -->","yoast_head_json":{"title":"SFP AST: Kapitalaufnahme \u00fcbertrifft das Ziel bei weitem - IMMOBILIEN Business","description":"Die Kapitalmassnahme wurde vorzeitig beendet und fiel mit 200 Millionen Franken zweieinhalbmal so gross aus wie angek\u00fcndigt.","robots":{"index":"index","follow":"follow","max-snippet":"max-snippet:-1","max-image-preview":"max-image-preview:large","max-video-preview":"max-video-preview:-1"},"canonical":"https:\/\/www.immobilienbusiness.ch\/de\/unternehmen\/2025-03-03\/sfp-ast-kapitalaufnahme-uebertrifft-das-ziel-bei-weitem\/","og_locale":"de_DE","og_type":"article","og_title":"SFP AST: Kapitalaufnahme \u00fcbertrifft das Ziel bei weitem - IMMOBILIEN Business","og_description":"Die Kapitalmassnahme wurde vorzeitig beendet und fiel mit 200 Millionen Franken zweieinhalbmal so gross aus wie angek\u00fcndigt.","og_url":"https:\/\/www.immobilienbusiness.ch\/de\/unternehmen\/2025-03-03\/sfp-ast-kapitalaufnahme-uebertrifft-das-ziel-bei-weitem\/","og_site_name":"IMMOBILIEN Business","article_publisher":"https:\/\/www.facebook.com\/immobilienbusiness\/","article_published_time":"2025-03-03T07:33:58+00:00","article_modified_time":"2025-03-06T15:09:55+00:00","og_image":[{"width":830,"height":421,"url":"https:\/\/www.immobilienbusiness.ch\/wp-content\/uploads\/2024\/05\/Troinex-SFP.png","type":"image\/png"}],"author":"Alexander Wachter","twitter_card":"summary_large_image","schema":{"@context":"https:\/\/schema.org","@graph":[{"@type":"Article","@id":"https:\/\/www.immobilienbusiness.ch\/de\/unternehmen\/2025-03-03\/sfp-ast-kapitalaufnahme-uebertrifft-das-ziel-bei-weitem\/#article","isPartOf":{"@id":"https:\/\/www.immobilienbusiness.ch\/de\/unternehmen\/2025-03-03\/sfp-ast-kapitalaufnahme-uebertrifft-das-ziel-bei-weitem\/"},"author":{"name":"Alexander Wachter","@id":"https:\/\/www.immobilienbusiness.ch\/#\/schema\/person\/aba8bea2db926aa0c24c08c43fe1fcd5"},"headline":"SFP AST: Kapitalaufnahme \u00fcbertrifft das Ziel bei weitem","datePublished":"2025-03-03T07:33:58+00:00","dateModified":"2025-03-06T15:09:55+00:00","mainEntityOfPage":{"@id":"https:\/\/www.immobilienbusiness.ch\/de\/unternehmen\/2025-03-03\/sfp-ast-kapitalaufnahme-uebertrifft-das-ziel-bei-weitem\/"},"wordCount":180,"publisher":{"@id":"https:\/\/www.immobilienbusiness.ch\/#organization"},"image":{"@id":"https:\/\/www.immobilienbusiness.ch\/de\/unternehmen\/2025-03-03\/sfp-ast-kapitalaufnahme-uebertrifft-das-ziel-bei-weitem\/#primaryimage"},"thumbnailUrl":"https:\/\/www.immobilienbusiness.ch\/wp-content\/uploads\/2024\/05\/Troinex-SFP.png","keywords":["Kapitalerh\u00f6hung","SFP AST"],"articleSection":["UNTERNEHMEN"],"inLanguage":"de"},{"@type":"WebPage","@id":"https:\/\/www.immobilienbusiness.ch\/de\/unternehmen\/2025-03-03\/sfp-ast-kapitalaufnahme-uebertrifft-das-ziel-bei-weitem\/","url":"https:\/\/www.immobilienbusiness.ch\/de\/unternehmen\/2025-03-03\/sfp-ast-kapitalaufnahme-uebertrifft-das-ziel-bei-weitem\/","name":"SFP AST: Kapitalaufnahme \u00fcbertrifft das Ziel bei weitem - IMMOBILIEN Business","isPartOf":{"@id":"https:\/\/www.immobilienbusiness.ch\/#website"},"primaryImageOfPage":{"@id":"https:\/\/www.immobilienbusiness.ch\/de\/unternehmen\/2025-03-03\/sfp-ast-kapitalaufnahme-uebertrifft-das-ziel-bei-weitem\/#primaryimage"},"image":{"@id":"https:\/\/www.immobilienbusiness.ch\/de\/unternehmen\/2025-03-03\/sfp-ast-kapitalaufnahme-uebertrifft-das-ziel-bei-weitem\/#primaryimage"},"thumbnailUrl":"https:\/\/www.immobilienbusiness.ch\/wp-content\/uploads\/2024\/05\/Troinex-SFP.png","datePublished":"2025-03-03T07:33:58+00:00","dateModified":"2025-03-06T15:09:55+00:00","description":"Die Kapitalmassnahme wurde vorzeitig beendet und fiel mit 200 Millionen Franken zweieinhalbmal so gross aus wie angek\u00fcndigt.","breadcrumb":{"@id":"https:\/\/www.immobilienbusiness.ch\/de\/unternehmen\/2025-03-03\/sfp-ast-kapitalaufnahme-uebertrifft-das-ziel-bei-weitem\/#breadcrumb"},"inLanguage":"de","potentialAction":[{"@type":"ReadAction","target":["https:\/\/www.immobilienbusiness.ch\/de\/unternehmen\/2025-03-03\/sfp-ast-kapitalaufnahme-uebertrifft-das-ziel-bei-weitem\/"]}]},{"@type":"ImageObject","inLanguage":"de","@id":"https:\/\/www.immobilienbusiness.ch\/de\/unternehmen\/2025-03-03\/sfp-ast-kapitalaufnahme-uebertrifft-das-ziel-bei-weitem\/#primaryimage","url":"https:\/\/www.immobilienbusiness.ch\/wp-content\/uploads\/2024\/05\/Troinex-SFP.png","contentUrl":"https:\/\/www.immobilienbusiness.ch\/wp-content\/uploads\/2024\/05\/Troinex-SFP.png","width":830,"height":421,"caption":"Mit einer der letzten Kapitalaufnahmen wurde diese Wohn\u00fcberbauung in Troinex finanziert (Bild: SFP AST)"},{"@type":"BreadcrumbList","@id":"https:\/\/www.immobilienbusiness.ch\/de\/unternehmen\/2025-03-03\/sfp-ast-kapitalaufnahme-uebertrifft-das-ziel-bei-weitem\/#breadcrumb","itemListElement":[{"@type":"ListItem","position":1,"name":"Home","item":"https:\/\/www.immobilienbusiness.ch\/"},{"@type":"ListItem","position":2,"name":"SFP AST: Kapitalaufnahme \u00fcbertrifft das Ziel bei weitem"}]},{"@type":"WebSite","@id":"https:\/\/www.immobilienbusiness.ch\/#website","url":"https:\/\/www.immobilienbusiness.ch\/","name":"IMMOBILIEN Business","description":"Unabh\u00e4ngiges Schweizer Wirtschaftsmagazin mit Fokus auf Immobilien, Architektur- und Bau sowie Investment- und Finanzierung.","publisher":{"@id":"https:\/\/www.immobilienbusiness.ch\/#organization"},"potentialAction":[{"@type":"SearchAction","target":{"@type":"EntryPoint","urlTemplate":"https:\/\/www.immobilienbusiness.ch\/?s={search_term_string}"},"query-input":{"@type":"PropertyValueSpecification","valueRequired":true,"valueName":"search_term_string"}}],"inLanguage":"de"},{"@type":"Organization","@id":"https:\/\/www.immobilienbusiness.ch\/#organization","name":"IMMOBILIEN Business","url":"https:\/\/www.immobilienbusiness.ch\/","logo":{"@type":"ImageObject","inLanguage":"de","@id":"https:\/\/www.immobilienbusiness.ch\/#\/schema\/logo\/image\/","url":"https:\/\/www.immobilienbusiness.ch\/wp-content\/uploads\/2021\/07\/logo_ib.png","contentUrl":"https:\/\/www.immobilienbusiness.ch\/wp-content\/uploads\/2021\/07\/logo_ib.png","width":800,"height":181,"caption":"IMMOBILIEN Business"},"image":{"@id":"https:\/\/www.immobilienbusiness.ch\/#\/schema\/logo\/image\/"},"sameAs":["https:\/\/www.facebook.com\/immobilienbusiness\/"]},{"@type":"Person","@id":"https:\/\/www.immobilienbusiness.ch\/#\/schema\/person\/aba8bea2db926aa0c24c08c43fe1fcd5","name":"Alexander Wachter","image":{"@type":"ImageObject","inLanguage":"de","@id":"https:\/\/secure.gravatar.com\/avatar\/1a09e471f5389b0e0a6416eac287e0927c7c97a7b77f9e787eba3af7aee281dd?s=96&d=mm&r=g","url":"https:\/\/secure.gravatar.com\/avatar\/1a09e471f5389b0e0a6416eac287e0927c7c97a7b77f9e787eba3af7aee281dd?s=96&d=mm&r=g","contentUrl":"https:\/\/secure.gravatar.com\/avatar\/1a09e471f5389b0e0a6416eac287e0927c7c97a7b77f9e787eba3af7aee281dd?s=96&d=mm&r=g","caption":"Alexander Wachter"},"url":"https:\/\/www.immobilienbusiness.ch\/de\/author\/alexander-wachter\/"}]}},"_links":{"self":[{"href":"https:\/\/www.immobilienbusiness.ch\/de\/wp-json\/wp\/v2\/posts\/62623","targetHints":{"allow":["GET"]}}],"collection":[{"href":"https:\/\/www.immobilienbusiness.ch\/de\/wp-json\/wp\/v2\/posts"}],"about":[{"href":"https:\/\/www.immobilienbusiness.ch\/de\/wp-json\/wp\/v2\/types\/post"}],"author":[{"embeddable":true,"href":"https:\/\/www.immobilienbusiness.ch\/de\/wp-json\/wp\/v2\/users\/102"}],"replies":[{"embeddable":true,"href":"https:\/\/www.immobilienbusiness.ch\/de\/wp-json\/wp\/v2\/comments?post=62623"}],"version-history":[{"count":1,"href":"https:\/\/www.immobilienbusiness.ch\/de\/wp-json\/wp\/v2\/posts\/62623\/revisions"}],"predecessor-version":[{"id":62624,"href":"https:\/\/www.immobilienbusiness.ch\/de\/wp-json\/wp\/v2\/posts\/62623\/revisions\/62624"}],"wp:featuredmedia":[{"embeddable":true,"href":"https:\/\/www.immobilienbusiness.ch\/de\/wp-json\/wp\/v2\/media\/56981"}],"wp:attachment":[{"href":"https:\/\/www.immobilienbusiness.ch\/de\/wp-json\/wp\/v2\/media?parent=62623"}],"wp:term":[{"taxonomy":"category","embeddable":true,"href":"https:\/\/www.immobilienbusiness.ch\/de\/wp-json\/wp\/v2\/categories?post=62623"},{"taxonomy":"post_tag","embeddable":true,"href":"https:\/\/www.immobilienbusiness.ch\/de\/wp-json\/wp\/v2\/tags?post=62623"}],"curies":[{"name":"wp","href":"https:\/\/api.w.org\/{rel}","templated":true}]}}