{"id":6261,"date":"2017-02-14T07:41:57","date_gmt":"2017-02-14T06:41:57","guid":{"rendered":"https:\/\/www.immobilienbusiness.ch\/?p=6261"},"modified":"2017-02-14T07:41:57","modified_gmt":"2017-02-14T06:41:57","slug":"rolf-schneider-praesident-baugenossenschaft-bruennen-eichholz","status":"publish","type":"post","link":"https:\/\/www.immobilienbusiness.ch\/de\/residential\/2017-02-14\/rolf-schneider-praesident-baugenossenschaft-bruennen-eichholz\/","title":{"rendered":"Rolf Schneider neuer Pr\u00e4sident der BG Br\u00fcnnen-Eichholz"},"content":{"rendered":"<figure id=\"attachment_6291\" aria-describedby=\"caption-attachment-6291\" style=\"width: 473px\" class=\"wp-caption alignnone\"><img loading=\"lazy\" decoding=\"async\" class=\"size-full wp-image-6291\" src=\"https:\/\/www.immobilienbusiness.ch\/wp-content\/uploads\/2017\/02\/Rolf-Schneider_Baugenossenschaft_Br\u00fcnnen-Eichholz_IB-News-14022017.png\" alt=\"\" width=\"473\" height=\"317\" \/><figcaption id=\"caption-attachment-6291\" class=\"wp-caption-text\"><em>Rolf Schneider ist neuer Pr\u00e4sident der Baugenossenschaft Br\u00fcnnen-Eichholz (Bild: BG Br\u00fcnnen-Eichholz)<\/em><\/figcaption><\/figure>\n<p>Rolf Schneider gilt als bestens vernetzt in der Genossenschaftsszene. Er ist Mitglied im Vorstand des Dachverbandes von Wohnbaugenossenschaften Schweiz und Vizepr\u00e4sident des Regionalverbandes Bern-Solothurn.<\/p>\n<p>Die gemeinn\u00fctzige Baugenossenschaft Br\u00fcnnen-Eichholz verf\u00fcgt aktuell \u00fcber rund 1.800 Wohnungen. Sie geh\u00f6rt damit schweizweit zu den zehn gr\u00f6ssten Baugenossenschaften und ist nach eigenen Angaben die zweitgr\u00f6sste im Espace Mittelland. Aktuell realisiert sie\u00a0Wohnungen auf dem Warmb\u00e4chliareal (Baufeld U3) in der Stadt Bern. Zudem hat sie\u00a0k\u00fcrzlich die H\u00fcrde der Pr\u00e4qualifikation f\u00fcr die Arealentwicklung Mutachstrasse\/Stadtteilpark Holligen Nord in Bern genommen.<\/p>\n<p>&nbsp;<\/p>\n","protected":false},"excerpt":{"rendered":"<p>Rolf Schneider wurde zum\u00a0neuen Pr\u00e4sidenten der Baugenossenschaft (BG) Br\u00fcnnen-Eichholz gew\u00e4hlt. Er folgt auf Thomas Balmer, der die Baugenossenschaft elf Jahre lang f\u00fchrte.<\/p>\n","protected":false},"author":3,"featured_media":6291,"comment_status":"open","ping_status":"open","sticky":false,"template":"","format":"standard","meta":{"_acf_changed":false,"_yoast_wpseo_focuskw":"Rolf Schneider","_yoast_wpseo_title":"","_yoast_wpseo_metadesc":"Rolf Schneider wurde zum\u00a0neuen Pr\u00e4sidenten der Baugenossenschaft (BG) Br\u00fcnnen-Eichholz gew\u00e4hlt. Er folgt auf Thomas Balmer.","_yoast_wpseo_linkdex":52,"pgc_sgb_lightbox_settings":"","footnotes":""},"categories":[986],"tags":[1077,1205,1563,1807],"class_list":["post-6261","post","type-post","status-publish","format-standard","has-post-thumbnail","hentry","category-residential","tag-baugenossenschaft","tag-espace-mittelland","tag-personalia","tag-unternehmen"],"acf":[],"yoast_head":"<!-- This site is optimized with the Yoast SEO plugin v27.4 - https:\/\/yoast.com\/product\/yoast-seo-wordpress\/ -->\n<title>Rolf Schneider neuer Pr\u00e4sident der BG Br\u00fcnnen-Eichholz - IMMOBILIEN Business<\/title>\n<meta name=\"description\" content=\"Rolf Schneider wurde zum\u00a0neuen Pr\u00e4sidenten der Baugenossenschaft (BG) Br\u00fcnnen-Eichholz gew\u00e4hlt. Er folgt auf Thomas Balmer.\" \/>\n<meta name=\"robots\" content=\"index, follow, max-snippet:-1, max-image-preview:large, max-video-preview:-1\" \/>\n<link rel=\"canonical\" href=\"https:\/\/www.immobilienbusiness.ch\/de\/residential\/2017-02-14\/rolf-schneider-praesident-baugenossenschaft-bruennen-eichholz\/\" \/>\n<meta property=\"og:locale\" content=\"de_DE\" \/>\n<meta property=\"og:type\" content=\"article\" \/>\n<meta property=\"og:title\" content=\"Rolf Schneider neuer Pr\u00e4sident der BG Br\u00fcnnen-Eichholz\" \/>\n<meta property=\"og:description\" content=\"Rolf Schneider wurde zum\u00a0neuen Pr\u00e4sidenten der Baugenossenschaft (BG) Br\u00fcnnen-Eichholz gew\u00e4hlt. Er folgt auf Thomas Balmer.\" \/>\n<meta property=\"og:url\" content=\"https:\/\/www.immobilienbusiness.ch\/de\/residential\/2017-02-14\/rolf-schneider-praesident-baugenossenschaft-bruennen-eichholz\/\" \/>\n<meta property=\"og:site_name\" content=\"IMMOBILIEN Business\" \/>\n<meta property=\"article:publisher\" content=\"https:\/\/www.facebook.com\/immobilienbusiness\/\" \/>\n<meta property=\"article:published_time\" content=\"2017-02-14T06:41:57+00:00\" \/>\n<meta name=\"author\" content=\"anja.hall\" \/>\n<meta name=\"twitter:card\" content=\"summary_large_image\" \/>\n<meta name=\"twitter:title\" content=\"Rolf Schneider wurde zum\u00a0neuen Pr\u00e4sidenten der Baugenossenschaft (BG) Br\u00fcnnen-Eichholz gew\u00e4hlt. Er folgt auf Thomas Balmer.\" \/>\n<meta name=\"twitter:description\" content=\"Rolf Schneider wurde zum\u00a0neuen Pr\u00e4sidenten der Baugenossenschaft (BG) Br\u00fcnnen-Eichholz gew\u00e4hlt. Er folgt auf Thomas Balmer.\" \/>\n<meta name=\"twitter:image\" content=\"https:\/\/www.immobilienbusiness.ch\/wp-content\/uploads\/2017\/02\/Rolf-Schneider-1.png\" \/>\n<script type=\"application\/ld+json\" class=\"yoast-schema-graph\">{\"@context\":\"https:\\\/\\\/schema.org\",\"@graph\":[{\"@type\":\"Article\",\"@id\":\"https:\\\/\\\/www.immobilienbusiness.ch\\\/it\\\/residential\\\/2017-02-14\\\/rolf-schneider-praesident-baugenossenschaft-bruennen-eichholz\\\/#article\",\"isPartOf\":{\"@id\":\"https:\\\/\\\/www.immobilienbusiness.ch\\\/it\\\/residential\\\/2017-02-14\\\/rolf-schneider-praesident-baugenossenschaft-bruennen-eichholz\\\/\"},\"author\":{\"name\":\"anja.hall\",\"@id\":\"https:\\\/\\\/www.immobilienbusiness.ch\\\/#\\\/schema\\\/person\\\/3fc036297b10b9f42d6db5ee932af8c8\"},\"headline\":\"Rolf Schneider neuer Pr\u00e4sident der BG Br\u00fcnnen-Eichholz\",\"datePublished\":\"2017-02-14T06:41:57+00:00\",\"mainEntityOfPage\":{\"@id\":\"https:\\\/\\\/www.immobilienbusiness.ch\\\/it\\\/residential\\\/2017-02-14\\\/rolf-schneider-praesident-baugenossenschaft-bruennen-eichholz\\\/\"},\"wordCount\":126,\"commentCount\":0,\"publisher\":{\"@id\":\"https:\\\/\\\/www.immobilienbusiness.ch\\\/#organization\"},\"image\":{\"@id\":\"https:\\\/\\\/www.immobilienbusiness.ch\\\/it\\\/residential\\\/2017-02-14\\\/rolf-schneider-praesident-baugenossenschaft-bruennen-eichholz\\\/#primaryimage\"},\"thumbnailUrl\":\"https:\\\/\\\/www.immobilienbusiness.ch\\\/wp-content\\\/uploads\\\/2017\\\/02\\\/Rolf-Schneider_Baugenossenschaft_Bruennen-Eichholz_IB-News-14022017.png\",\"keywords\":[\"Baugenossenschaft\",\"Espace Mittelland\",\"Personalia\",\"Unternehmen\"],\"articleSection\":[\"RESIDENTIAL\"],\"inLanguage\":\"de\"},{\"@type\":\"WebPage\",\"@id\":\"https:\\\/\\\/www.immobilienbusiness.ch\\\/it\\\/residential\\\/2017-02-14\\\/rolf-schneider-praesident-baugenossenschaft-bruennen-eichholz\\\/\",\"url\":\"https:\\\/\\\/www.immobilienbusiness.ch\\\/it\\\/residential\\\/2017-02-14\\\/rolf-schneider-praesident-baugenossenschaft-bruennen-eichholz\\\/\",\"name\":\"Rolf Schneider neuer Pr\u00e4sident der BG Br\u00fcnnen-Eichholz - IMMOBILIEN Business\",\"isPartOf\":{\"@id\":\"https:\\\/\\\/www.immobilienbusiness.ch\\\/#website\"},\"primaryImageOfPage\":{\"@id\":\"https:\\\/\\\/www.immobilienbusiness.ch\\\/it\\\/residential\\\/2017-02-14\\\/rolf-schneider-praesident-baugenossenschaft-bruennen-eichholz\\\/#primaryimage\"},\"image\":{\"@id\":\"https:\\\/\\\/www.immobilienbusiness.ch\\\/it\\\/residential\\\/2017-02-14\\\/rolf-schneider-praesident-baugenossenschaft-bruennen-eichholz\\\/#primaryimage\"},\"thumbnailUrl\":\"https:\\\/\\\/www.immobilienbusiness.ch\\\/wp-content\\\/uploads\\\/2017\\\/02\\\/Rolf-Schneider_Baugenossenschaft_Bruennen-Eichholz_IB-News-14022017.png\",\"datePublished\":\"2017-02-14T06:41:57+00:00\",\"description\":\"Rolf Schneider wurde zum\u00a0neuen Pr\u00e4sidenten der Baugenossenschaft (BG) Br\u00fcnnen-Eichholz gew\u00e4hlt. Er folgt auf Thomas Balmer.\",\"breadcrumb\":{\"@id\":\"https:\\\/\\\/www.immobilienbusiness.ch\\\/it\\\/residential\\\/2017-02-14\\\/rolf-schneider-praesident-baugenossenschaft-bruennen-eichholz\\\/#breadcrumb\"},\"inLanguage\":\"de\",\"potentialAction\":[{\"@type\":\"ReadAction\",\"target\":[\"https:\\\/\\\/www.immobilienbusiness.ch\\\/it\\\/residential\\\/2017-02-14\\\/rolf-schneider-praesident-baugenossenschaft-bruennen-eichholz\\\/\"]}]},{\"@type\":\"ImageObject\",\"inLanguage\":\"de\",\"@id\":\"https:\\\/\\\/www.immobilienbusiness.ch\\\/it\\\/residential\\\/2017-02-14\\\/rolf-schneider-praesident-baugenossenschaft-bruennen-eichholz\\\/#primaryimage\",\"url\":\"https:\\\/\\\/www.immobilienbusiness.ch\\\/wp-content\\\/uploads\\\/2017\\\/02\\\/Rolf-Schneider_Baugenossenschaft_Bruennen-Eichholz_IB-News-14022017.png\",\"contentUrl\":\"https:\\\/\\\/www.immobilienbusiness.ch\\\/wp-content\\\/uploads\\\/2017\\\/02\\\/Rolf-Schneider_Baugenossenschaft_Bruennen-Eichholz_IB-News-14022017.png\",\"width\":473,\"height\":317,\"caption\":\"Rolf Schneider ist neuer Pr\u00e4sident der Baugenossenschaft Br\u00fcnnen-Eichholz (Bild: BG Br\u00fcnnen-Eichholz)\"},{\"@type\":\"BreadcrumbList\",\"@id\":\"https:\\\/\\\/www.immobilienbusiness.ch\\\/it\\\/residential\\\/2017-02-14\\\/rolf-schneider-praesident-baugenossenschaft-bruennen-eichholz\\\/#breadcrumb\",\"itemListElement\":[{\"@type\":\"ListItem\",\"position\":1,\"name\":\"Home\",\"item\":\"https:\\\/\\\/www.immobilienbusiness.ch\\\/\"},{\"@type\":\"ListItem\",\"position\":2,\"name\":\"Rolf Schneider neuer Pr\u00e4sident der BG Br\u00fcnnen-Eichholz\"}]},{\"@type\":\"WebSite\",\"@id\":\"https:\\\/\\\/www.immobilienbusiness.ch\\\/#website\",\"url\":\"https:\\\/\\\/www.immobilienbusiness.ch\\\/\",\"name\":\"IMMOBILIEN Business\",\"description\":\"Unabh\u00e4ngiges Schweizer Wirtschaftsmagazin mit Fokus auf Immobilien, Architektur- und Bau sowie Investment- und Finanzierung.\",\"publisher\":{\"@id\":\"https:\\\/\\\/www.immobilienbusiness.ch\\\/#organization\"},\"potentialAction\":[{\"@type\":\"SearchAction\",\"target\":{\"@type\":\"EntryPoint\",\"urlTemplate\":\"https:\\\/\\\/www.immobilienbusiness.ch\\\/?s={search_term_string}\"},\"query-input\":{\"@type\":\"PropertyValueSpecification\",\"valueRequired\":true,\"valueName\":\"search_term_string\"}}],\"inLanguage\":\"de\"},{\"@type\":\"Organization\",\"@id\":\"https:\\\/\\\/www.immobilienbusiness.ch\\\/#organization\",\"name\":\"IMMOBILIEN Business\",\"url\":\"https:\\\/\\\/www.immobilienbusiness.ch\\\/\",\"logo\":{\"@type\":\"ImageObject\",\"inLanguage\":\"de\",\"@id\":\"https:\\\/\\\/www.immobilienbusiness.ch\\\/#\\\/schema\\\/logo\\\/image\\\/\",\"url\":\"https:\\\/\\\/www.immobilienbusiness.ch\\\/wp-content\\\/uploads\\\/2021\\\/07\\\/logo_ib.png\",\"contentUrl\":\"https:\\\/\\\/www.immobilienbusiness.ch\\\/wp-content\\\/uploads\\\/2021\\\/07\\\/logo_ib.png\",\"width\":800,\"height\":181,\"caption\":\"IMMOBILIEN Business\"},\"image\":{\"@id\":\"https:\\\/\\\/www.immobilienbusiness.ch\\\/#\\\/schema\\\/logo\\\/image\\\/\"},\"sameAs\":[\"https:\\\/\\\/www.facebook.com\\\/immobilienbusiness\\\/\"]},{\"@type\":\"Person\",\"@id\":\"https:\\\/\\\/www.immobilienbusiness.ch\\\/#\\\/schema\\\/person\\\/3fc036297b10b9f42d6db5ee932af8c8\",\"name\":\"anja.hall\",\"image\":{\"@type\":\"ImageObject\",\"inLanguage\":\"de\",\"@id\":\"https:\\\/\\\/secure.gravatar.com\\\/avatar\\\/066b5a0d447013502c71a5782f4f3469f03cfe595cc2329fb94652fe47511bfb?s=96&d=mm&r=g\",\"url\":\"https:\\\/\\\/secure.gravatar.com\\\/avatar\\\/066b5a0d447013502c71a5782f4f3469f03cfe595cc2329fb94652fe47511bfb?s=96&d=mm&r=g\",\"contentUrl\":\"https:\\\/\\\/secure.gravatar.com\\\/avatar\\\/066b5a0d447013502c71a5782f4f3469f03cfe595cc2329fb94652fe47511bfb?s=96&d=mm&r=g\",\"caption\":\"anja.hall\"},\"url\":\"https:\\\/\\\/www.immobilienbusiness.ch\\\/de\\\/author\\\/anja-hall\\\/\"}]}<\/script>\n<!-- \/ Yoast SEO plugin. -->","yoast_head_json":{"title":"Rolf Schneider neuer Pr\u00e4sident der BG Br\u00fcnnen-Eichholz - IMMOBILIEN Business","description":"Rolf Schneider wurde zum\u00a0neuen Pr\u00e4sidenten der Baugenossenschaft (BG) Br\u00fcnnen-Eichholz gew\u00e4hlt. Er folgt auf Thomas Balmer.","robots":{"index":"index","follow":"follow","max-snippet":"max-snippet:-1","max-image-preview":"max-image-preview:large","max-video-preview":"max-video-preview:-1"},"canonical":"https:\/\/www.immobilienbusiness.ch\/de\/residential\/2017-02-14\/rolf-schneider-praesident-baugenossenschaft-bruennen-eichholz\/","og_locale":"de_DE","og_type":"article","og_title":"Rolf Schneider neuer Pr\u00e4sident der BG Br\u00fcnnen-Eichholz","og_description":"Rolf Schneider wurde zum\u00a0neuen Pr\u00e4sidenten der Baugenossenschaft (BG) Br\u00fcnnen-Eichholz gew\u00e4hlt. Er folgt auf Thomas Balmer.","og_url":"https:\/\/www.immobilienbusiness.ch\/de\/residential\/2017-02-14\/rolf-schneider-praesident-baugenossenschaft-bruennen-eichholz\/","og_site_name":"IMMOBILIEN Business","article_publisher":"https:\/\/www.facebook.com\/immobilienbusiness\/","article_published_time":"2017-02-14T06:41:57+00:00","author":"anja.hall","twitter_card":"summary_large_image","twitter_title":"Rolf Schneider wurde zum\u00a0neuen Pr\u00e4sidenten der Baugenossenschaft (BG) Br\u00fcnnen-Eichholz gew\u00e4hlt. Er folgt auf Thomas Balmer.","twitter_description":"Rolf Schneider wurde zum\u00a0neuen Pr\u00e4sidenten der Baugenossenschaft (BG) Br\u00fcnnen-Eichholz gew\u00e4hlt. Er folgt auf Thomas Balmer.","twitter_image":"https:\/\/www.immobilienbusiness.ch\/wp-content\/uploads\/2017\/02\/Rolf-Schneider-1.png","schema":{"@context":"https:\/\/schema.org","@graph":[{"@type":"Article","@id":"https:\/\/www.immobilienbusiness.ch\/it\/residential\/2017-02-14\/rolf-schneider-praesident-baugenossenschaft-bruennen-eichholz\/#article","isPartOf":{"@id":"https:\/\/www.immobilienbusiness.ch\/it\/residential\/2017-02-14\/rolf-schneider-praesident-baugenossenschaft-bruennen-eichholz\/"},"author":{"name":"anja.hall","@id":"https:\/\/www.immobilienbusiness.ch\/#\/schema\/person\/3fc036297b10b9f42d6db5ee932af8c8"},"headline":"Rolf Schneider neuer Pr\u00e4sident der BG Br\u00fcnnen-Eichholz","datePublished":"2017-02-14T06:41:57+00:00","mainEntityOfPage":{"@id":"https:\/\/www.immobilienbusiness.ch\/it\/residential\/2017-02-14\/rolf-schneider-praesident-baugenossenschaft-bruennen-eichholz\/"},"wordCount":126,"commentCount":0,"publisher":{"@id":"https:\/\/www.immobilienbusiness.ch\/#organization"},"image":{"@id":"https:\/\/www.immobilienbusiness.ch\/it\/residential\/2017-02-14\/rolf-schneider-praesident-baugenossenschaft-bruennen-eichholz\/#primaryimage"},"thumbnailUrl":"https:\/\/www.immobilienbusiness.ch\/wp-content\/uploads\/2017\/02\/Rolf-Schneider_Baugenossenschaft_Bruennen-Eichholz_IB-News-14022017.png","keywords":["Baugenossenschaft","Espace Mittelland","Personalia","Unternehmen"],"articleSection":["RESIDENTIAL"],"inLanguage":"de"},{"@type":"WebPage","@id":"https:\/\/www.immobilienbusiness.ch\/it\/residential\/2017-02-14\/rolf-schneider-praesident-baugenossenschaft-bruennen-eichholz\/","url":"https:\/\/www.immobilienbusiness.ch\/it\/residential\/2017-02-14\/rolf-schneider-praesident-baugenossenschaft-bruennen-eichholz\/","name":"Rolf Schneider neuer Pr\u00e4sident der BG Br\u00fcnnen-Eichholz - IMMOBILIEN Business","isPartOf":{"@id":"https:\/\/www.immobilienbusiness.ch\/#website"},"primaryImageOfPage":{"@id":"https:\/\/www.immobilienbusiness.ch\/it\/residential\/2017-02-14\/rolf-schneider-praesident-baugenossenschaft-bruennen-eichholz\/#primaryimage"},"image":{"@id":"https:\/\/www.immobilienbusiness.ch\/it\/residential\/2017-02-14\/rolf-schneider-praesident-baugenossenschaft-bruennen-eichholz\/#primaryimage"},"thumbnailUrl":"https:\/\/www.immobilienbusiness.ch\/wp-content\/uploads\/2017\/02\/Rolf-Schneider_Baugenossenschaft_Bruennen-Eichholz_IB-News-14022017.png","datePublished":"2017-02-14T06:41:57+00:00","description":"Rolf Schneider wurde zum\u00a0neuen Pr\u00e4sidenten der Baugenossenschaft (BG) Br\u00fcnnen-Eichholz gew\u00e4hlt. Er folgt auf Thomas Balmer.","breadcrumb":{"@id":"https:\/\/www.immobilienbusiness.ch\/it\/residential\/2017-02-14\/rolf-schneider-praesident-baugenossenschaft-bruennen-eichholz\/#breadcrumb"},"inLanguage":"de","potentialAction":[{"@type":"ReadAction","target":["https:\/\/www.immobilienbusiness.ch\/it\/residential\/2017-02-14\/rolf-schneider-praesident-baugenossenschaft-bruennen-eichholz\/"]}]},{"@type":"ImageObject","inLanguage":"de","@id":"https:\/\/www.immobilienbusiness.ch\/it\/residential\/2017-02-14\/rolf-schneider-praesident-baugenossenschaft-bruennen-eichholz\/#primaryimage","url":"https:\/\/www.immobilienbusiness.ch\/wp-content\/uploads\/2017\/02\/Rolf-Schneider_Baugenossenschaft_Bruennen-Eichholz_IB-News-14022017.png","contentUrl":"https:\/\/www.immobilienbusiness.ch\/wp-content\/uploads\/2017\/02\/Rolf-Schneider_Baugenossenschaft_Bruennen-Eichholz_IB-News-14022017.png","width":473,"height":317,"caption":"Rolf Schneider ist neuer Pr\u00e4sident der Baugenossenschaft Br\u00fcnnen-Eichholz (Bild: BG Br\u00fcnnen-Eichholz)"},{"@type":"BreadcrumbList","@id":"https:\/\/www.immobilienbusiness.ch\/it\/residential\/2017-02-14\/rolf-schneider-praesident-baugenossenschaft-bruennen-eichholz\/#breadcrumb","itemListElement":[{"@type":"ListItem","position":1,"name":"Home","item":"https:\/\/www.immobilienbusiness.ch\/"},{"@type":"ListItem","position":2,"name":"Rolf Schneider neuer Pr\u00e4sident der BG Br\u00fcnnen-Eichholz"}]},{"@type":"WebSite","@id":"https:\/\/www.immobilienbusiness.ch\/#website","url":"https:\/\/www.immobilienbusiness.ch\/","name":"IMMOBILIEN Business","description":"Unabh\u00e4ngiges Schweizer Wirtschaftsmagazin mit Fokus auf Immobilien, Architektur- und Bau sowie Investment- und Finanzierung.","publisher":{"@id":"https:\/\/www.immobilienbusiness.ch\/#organization"},"potentialAction":[{"@type":"SearchAction","target":{"@type":"EntryPoint","urlTemplate":"https:\/\/www.immobilienbusiness.ch\/?s={search_term_string}"},"query-input":{"@type":"PropertyValueSpecification","valueRequired":true,"valueName":"search_term_string"}}],"inLanguage":"de"},{"@type":"Organization","@id":"https:\/\/www.immobilienbusiness.ch\/#organization","name":"IMMOBILIEN Business","url":"https:\/\/www.immobilienbusiness.ch\/","logo":{"@type":"ImageObject","inLanguage":"de","@id":"https:\/\/www.immobilienbusiness.ch\/#\/schema\/logo\/image\/","url":"https:\/\/www.immobilienbusiness.ch\/wp-content\/uploads\/2021\/07\/logo_ib.png","contentUrl":"https:\/\/www.immobilienbusiness.ch\/wp-content\/uploads\/2021\/07\/logo_ib.png","width":800,"height":181,"caption":"IMMOBILIEN Business"},"image":{"@id":"https:\/\/www.immobilienbusiness.ch\/#\/schema\/logo\/image\/"},"sameAs":["https:\/\/www.facebook.com\/immobilienbusiness\/"]},{"@type":"Person","@id":"https:\/\/www.immobilienbusiness.ch\/#\/schema\/person\/3fc036297b10b9f42d6db5ee932af8c8","name":"anja.hall","image":{"@type":"ImageObject","inLanguage":"de","@id":"https:\/\/secure.gravatar.com\/avatar\/066b5a0d447013502c71a5782f4f3469f03cfe595cc2329fb94652fe47511bfb?s=96&d=mm&r=g","url":"https:\/\/secure.gravatar.com\/avatar\/066b5a0d447013502c71a5782f4f3469f03cfe595cc2329fb94652fe47511bfb?s=96&d=mm&r=g","contentUrl":"https:\/\/secure.gravatar.com\/avatar\/066b5a0d447013502c71a5782f4f3469f03cfe595cc2329fb94652fe47511bfb?s=96&d=mm&r=g","caption":"anja.hall"},"url":"https:\/\/www.immobilienbusiness.ch\/de\/author\/anja-hall\/"}]}},"_links":{"self":[{"href":"https:\/\/www.immobilienbusiness.ch\/de\/wp-json\/wp\/v2\/posts\/6261","targetHints":{"allow":["GET"]}}],"collection":[{"href":"https:\/\/www.immobilienbusiness.ch\/de\/wp-json\/wp\/v2\/posts"}],"about":[{"href":"https:\/\/www.immobilienbusiness.ch\/de\/wp-json\/wp\/v2\/types\/post"}],"author":[{"embeddable":true,"href":"https:\/\/www.immobilienbusiness.ch\/de\/wp-json\/wp\/v2\/users\/3"}],"replies":[{"embeddable":true,"href":"https:\/\/www.immobilienbusiness.ch\/de\/wp-json\/wp\/v2\/comments?post=6261"}],"version-history":[{"count":0,"href":"https:\/\/www.immobilienbusiness.ch\/de\/wp-json\/wp\/v2\/posts\/6261\/revisions"}],"wp:featuredmedia":[{"embeddable":true,"href":"https:\/\/www.immobilienbusiness.ch\/de\/wp-json\/wp\/v2\/media\/6291"}],"wp:attachment":[{"href":"https:\/\/www.immobilienbusiness.ch\/de\/wp-json\/wp\/v2\/media?parent=6261"}],"wp:term":[{"taxonomy":"category","embeddable":true,"href":"https:\/\/www.immobilienbusiness.ch\/de\/wp-json\/wp\/v2\/categories?post=6261"},{"taxonomy":"post_tag","embeddable":true,"href":"https:\/\/www.immobilienbusiness.ch\/de\/wp-json\/wp\/v2\/tags?post=6261"}],"curies":[{"name":"wp","href":"https:\/\/api.w.org\/{rel}","templated":true}]}}