{"id":62592,"date":"2025-02-27T08:08:23","date_gmt":"2025-02-27T07:08:23","guid":{"rendered":"https:\/\/www.immobilienbusiness.ch\/?p=62592"},"modified":"2025-02-27T08:08:23","modified_gmt":"2025-02-27T07:08:23","slug":"allreal-veraenderungen-im-verwaltungsrat","status":"publish","type":"post","link":"https:\/\/www.immobilienbusiness.ch\/de\/unternehmen\/2025-02-27\/allreal-veraenderungen-im-verwaltungsrat\/","title":{"rendered":"Allreal: Ver\u00e4nderungen im Verwaltungsrat"},"content":{"rendered":"<figure id=\"attachment_62593\" aria-describedby=\"caption-attachment-62593\" style=\"width: 768px\" class=\"wp-caption alignnone\"><a href=\"https:\/\/www.immobilienbusiness.ch\/wp-content\/uploads\/2025\/02\/sandra_berberat_kecerski_highres-scaled.jpg\"><img loading=\"lazy\" decoding=\"async\" class=\"size-large wp-image-62593\" src=\"https:\/\/www.immobilienbusiness.ch\/wp-content\/uploads\/2025\/02\/sandra_berberat_kecerski_highres-1024x683.jpg\" alt=\"\" width=\"768\" height=\"512\" srcset=\"https:\/\/www.immobilienbusiness.ch\/wp-content\/uploads\/2025\/02\/sandra_berberat_kecerski_highres-1024x683.jpg 1024w, https:\/\/www.immobilienbusiness.ch\/wp-content\/uploads\/2025\/02\/sandra_berberat_kecerski_highres-300x200.jpg 300w, https:\/\/www.immobilienbusiness.ch\/wp-content\/uploads\/2025\/02\/sandra_berberat_kecerski_highres-768x512.jpg 768w, https:\/\/www.immobilienbusiness.ch\/wp-content\/uploads\/2025\/02\/sandra_berberat_kecerski_highres-1536x1024.jpg 1536w, https:\/\/www.immobilienbusiness.ch\/wp-content\/uploads\/2025\/02\/sandra_berberat_kecerski_highres-2048x1365.jpg 2048w, https:\/\/www.immobilienbusiness.ch\/wp-content\/uploads\/2025\/02\/sandra_berberat_kecerski_highres-18x12.jpg 18w, https:\/\/www.immobilienbusiness.ch\/wp-content\/uploads\/2025\/02\/sandra_berberat_kecerski_highres-375x250.jpg 375w, https:\/\/www.immobilienbusiness.ch\/wp-content\/uploads\/2025\/02\/sandra_berberat_kecerski_highres-525x350.jpg 525w, https:\/\/www.immobilienbusiness.ch\/wp-content\/uploads\/2025\/02\/sandra_berberat_kecerski_highres-1000x667.jpg 1000w, https:\/\/www.immobilienbusiness.ch\/wp-content\/uploads\/2025\/02\/sandra_berberat_kecerski_highres-scaled.jpg 1200w\" sizes=\"auto, (max-width: 768px) 100vw, 768px\" \/><\/a><figcaption id=\"caption-attachment-62593\" class=\"wp-caption-text\">Sandra Berberat Kecerski (Bild: \u00a9 Dominique Meienberg\/ZKB)<\/figcaption><\/figure>\n<p>Im Verwaltungsrat der Allreal stehen einige Ver\u00e4nderungen an. Wie das Unternehmen mitteilt, wird an der kommenden ordentlichen Generalversammlung Olivier Steimer nicht mehr zur Wiederwahl antreten. Der Verwaltungsrat schl\u00e4gt der Generalversammlung Sandra Berberat Kecerski als neues Mitglied zur Wahl vor. Sie ist selbstst\u00e4ndige Unternehmerin und Mitglied in verschiedenen Aufsichtsgremien, unter anderem im Bankrat der Z\u00fcrcher Kantonalbank. Berufliche Stationen waren Deloitte, UBS und die Stadt Winterthur, wo sie die Finanzkontrolle leitete.<\/p>\n<p>Ausserdem informiert Allreal \u00fcber eine Nachfolgeplanung f\u00fcr die Leitung des Gremiums. An der \u00fcbern\u00e4chsten Generalversammlung im Jahr 2026 wird VR-Pr\u00e4sident Ralph-Thomas Honegger n\u00e4mlich wegen Erreichens der statuarischen Altersgrenze nicht mehr zur Wiederwahl antreten. Als neuer Pr\u00e4sident wird Philipp Gm\u00fcr vorgeschlagen. Er ist bereits seit 2019 VR-Mitglied war bis 2023 CEO der Helvetia Gruppe. Die Erneuerung des Verwaltungsrats werde in den darauffolgenden Jahren fortgesetzt, heisst es. <em>(aw)<\/em><\/p>\n","protected":false},"excerpt":{"rendered":"<p>Sandra Berberat Kecerski soll an der n\u00e4chsten Generalversammlung auf Olivier Steimer folgen, und einen designierten neuen VR-Pr\u00e4sidenten gibt es auch bereits.<\/p>\n","protected":false},"author":102,"featured_media":62593,"comment_status":"closed","ping_status":"closed","sticky":false,"template":"","format":"standard","meta":{"_acf_changed":false,"_yoast_wpseo_focuskw":"Allreal","_yoast_wpseo_title":"","_yoast_wpseo_metadesc":"Sandra Berberat Kecerski soll an der n\u00e4chsten Generalversammlung auf Olivier Steimer folgen, und einen designierten neuen VR-Pr\u00e4sidenten gibt es auch bereits.","_yoast_wpseo_linkdex":53,"pgc_sgb_lightbox_settings":"","footnotes":""},"categories":[1912,988],"tags":[1013,1563],"class_list":["post-62592","post","type-post","status-publish","format-standard","has-post-thumbnail","hentry","category-personalia","category-unternehmen","tag-allreal","tag-personalia"],"acf":[],"yoast_head":"<!-- This site is optimized with the Yoast SEO plugin v27.4 - https:\/\/yoast.com\/product\/yoast-seo-wordpress\/ -->\n<title>Allreal: Ver\u00e4nderungen im Verwaltungsrat - IMMOBILIEN Business<\/title>\n<meta name=\"description\" content=\"Sandra Berberat Kecerski soll an der n\u00e4chsten Generalversammlung auf Olivier Steimer folgen, und einen designierten neuen VR-Pr\u00e4sidenten gibt es auch bereits.\" \/>\n<meta name=\"robots\" content=\"index, follow, max-snippet:-1, max-image-preview:large, max-video-preview:-1\" \/>\n<link rel=\"canonical\" href=\"https:\/\/www.immobilienbusiness.ch\/de\/unternehmen\/2025-02-27\/allreal-veraenderungen-im-verwaltungsrat\/\" \/>\n<meta property=\"og:locale\" content=\"de_DE\" \/>\n<meta property=\"og:type\" content=\"article\" \/>\n<meta property=\"og:title\" content=\"Allreal: Ver\u00e4nderungen im Verwaltungsrat - IMMOBILIEN Business\" \/>\n<meta property=\"og:description\" content=\"Sandra Berberat Kecerski soll an der n\u00e4chsten Generalversammlung auf Olivier Steimer folgen, und einen designierten neuen VR-Pr\u00e4sidenten gibt es auch bereits.\" \/>\n<meta property=\"og:url\" content=\"https:\/\/www.immobilienbusiness.ch\/de\/unternehmen\/2025-02-27\/allreal-veraenderungen-im-verwaltungsrat\/\" \/>\n<meta property=\"og:site_name\" content=\"IMMOBILIEN Business\" \/>\n<meta property=\"article:publisher\" content=\"https:\/\/www.facebook.com\/immobilienbusiness\/\" \/>\n<meta property=\"article:published_time\" content=\"2025-02-27T07:08:23+00:00\" \/>\n<meta property=\"og:image\" content=\"https:\/\/www.immobilienbusiness.ch\/wp-content\/uploads\/2025\/02\/sandra_berberat_kecerski_highres-scaled.jpg\" \/>\n\t<meta property=\"og:image:width\" content=\"1200\" \/>\n\t<meta property=\"og:image:height\" content=\"800\" \/>\n\t<meta property=\"og:image:type\" content=\"image\/jpeg\" \/>\n<meta name=\"author\" content=\"Alexander Wachter\" \/>\n<meta name=\"twitter:card\" content=\"summary_large_image\" \/>\n<script type=\"application\/ld+json\" class=\"yoast-schema-graph\">{\"@context\":\"https:\\\/\\\/schema.org\",\"@graph\":[{\"@type\":\"Article\",\"@id\":\"https:\\\/\\\/www.immobilienbusiness.ch\\\/unternehmen\\\/2025-02-27\\\/allreal-veraenderungen-im-verwaltungsrat\\\/#article\",\"isPartOf\":{\"@id\":\"https:\\\/\\\/www.immobilienbusiness.ch\\\/unternehmen\\\/2025-02-27\\\/allreal-veraenderungen-im-verwaltungsrat\\\/\"},\"author\":{\"name\":\"Alexander Wachter\",\"@id\":\"https:\\\/\\\/www.immobilienbusiness.ch\\\/#\\\/schema\\\/person\\\/aba8bea2db926aa0c24c08c43fe1fcd5\"},\"headline\":\"Allreal: Ver\u00e4nderungen im Verwaltungsrat\",\"datePublished\":\"2025-02-27T07:08:23+00:00\",\"mainEntityOfPage\":{\"@id\":\"https:\\\/\\\/www.immobilienbusiness.ch\\\/unternehmen\\\/2025-02-27\\\/allreal-veraenderungen-im-verwaltungsrat\\\/\"},\"wordCount\":161,\"publisher\":{\"@id\":\"https:\\\/\\\/www.immobilienbusiness.ch\\\/#organization\"},\"image\":{\"@id\":\"https:\\\/\\\/www.immobilienbusiness.ch\\\/unternehmen\\\/2025-02-27\\\/allreal-veraenderungen-im-verwaltungsrat\\\/#primaryimage\"},\"thumbnailUrl\":\"https:\\\/\\\/www.immobilienbusiness.ch\\\/wp-content\\\/uploads\\\/2025\\\/02\\\/sandra_berberat_kecerski_highres-scaled.jpg\",\"keywords\":[\"Allreal\",\"Personalia\"],\"articleSection\":[\"PERSONALIA\",\"UNTERNEHMEN\"],\"inLanguage\":\"de\"},{\"@type\":\"WebPage\",\"@id\":\"https:\\\/\\\/www.immobilienbusiness.ch\\\/unternehmen\\\/2025-02-27\\\/allreal-veraenderungen-im-verwaltungsrat\\\/\",\"url\":\"https:\\\/\\\/www.immobilienbusiness.ch\\\/unternehmen\\\/2025-02-27\\\/allreal-veraenderungen-im-verwaltungsrat\\\/\",\"name\":\"Allreal: Ver\u00e4nderungen im Verwaltungsrat - IMMOBILIEN Business\",\"isPartOf\":{\"@id\":\"https:\\\/\\\/www.immobilienbusiness.ch\\\/#website\"},\"primaryImageOfPage\":{\"@id\":\"https:\\\/\\\/www.immobilienbusiness.ch\\\/unternehmen\\\/2025-02-27\\\/allreal-veraenderungen-im-verwaltungsrat\\\/#primaryimage\"},\"image\":{\"@id\":\"https:\\\/\\\/www.immobilienbusiness.ch\\\/unternehmen\\\/2025-02-27\\\/allreal-veraenderungen-im-verwaltungsrat\\\/#primaryimage\"},\"thumbnailUrl\":\"https:\\\/\\\/www.immobilienbusiness.ch\\\/wp-content\\\/uploads\\\/2025\\\/02\\\/sandra_berberat_kecerski_highres-scaled.jpg\",\"datePublished\":\"2025-02-27T07:08:23+00:00\",\"description\":\"Sandra Berberat Kecerski soll an der n\u00e4chsten Generalversammlung auf Olivier Steimer folgen, und einen designierten neuen VR-Pr\u00e4sidenten gibt es auch bereits.\",\"breadcrumb\":{\"@id\":\"https:\\\/\\\/www.immobilienbusiness.ch\\\/unternehmen\\\/2025-02-27\\\/allreal-veraenderungen-im-verwaltungsrat\\\/#breadcrumb\"},\"inLanguage\":\"de\",\"potentialAction\":[{\"@type\":\"ReadAction\",\"target\":[\"https:\\\/\\\/www.immobilienbusiness.ch\\\/unternehmen\\\/2025-02-27\\\/allreal-veraenderungen-im-verwaltungsrat\\\/\"]}]},{\"@type\":\"ImageObject\",\"inLanguage\":\"de\",\"@id\":\"https:\\\/\\\/www.immobilienbusiness.ch\\\/unternehmen\\\/2025-02-27\\\/allreal-veraenderungen-im-verwaltungsrat\\\/#primaryimage\",\"url\":\"https:\\\/\\\/www.immobilienbusiness.ch\\\/wp-content\\\/uploads\\\/2025\\\/02\\\/sandra_berberat_kecerski_highres-scaled.jpg\",\"contentUrl\":\"https:\\\/\\\/www.immobilienbusiness.ch\\\/wp-content\\\/uploads\\\/2025\\\/02\\\/sandra_berberat_kecerski_highres-scaled.jpg\",\"width\":1200,\"height\":800,\"caption\":\"Sandra Berberat Kecerski (Bild: \u00a9 Dominique Meienberg\\\/ZKB)\"},{\"@type\":\"BreadcrumbList\",\"@id\":\"https:\\\/\\\/www.immobilienbusiness.ch\\\/unternehmen\\\/2025-02-27\\\/allreal-veraenderungen-im-verwaltungsrat\\\/#breadcrumb\",\"itemListElement\":[{\"@type\":\"ListItem\",\"position\":1,\"name\":\"Home\",\"item\":\"https:\\\/\\\/www.immobilienbusiness.ch\\\/\"},{\"@type\":\"ListItem\",\"position\":2,\"name\":\"Allreal: Ver\u00e4nderungen im Verwaltungsrat\"}]},{\"@type\":\"WebSite\",\"@id\":\"https:\\\/\\\/www.immobilienbusiness.ch\\\/#website\",\"url\":\"https:\\\/\\\/www.immobilienbusiness.ch\\\/\",\"name\":\"IMMOBILIEN Business\",\"description\":\"Unabh\u00e4ngiges Schweizer Wirtschaftsmagazin mit Fokus auf Immobilien, Architektur- und Bau sowie Investment- und Finanzierung.\",\"publisher\":{\"@id\":\"https:\\\/\\\/www.immobilienbusiness.ch\\\/#organization\"},\"potentialAction\":[{\"@type\":\"SearchAction\",\"target\":{\"@type\":\"EntryPoint\",\"urlTemplate\":\"https:\\\/\\\/www.immobilienbusiness.ch\\\/?s={search_term_string}\"},\"query-input\":{\"@type\":\"PropertyValueSpecification\",\"valueRequired\":true,\"valueName\":\"search_term_string\"}}],\"inLanguage\":\"de\"},{\"@type\":\"Organization\",\"@id\":\"https:\\\/\\\/www.immobilienbusiness.ch\\\/#organization\",\"name\":\"IMMOBILIEN Business\",\"url\":\"https:\\\/\\\/www.immobilienbusiness.ch\\\/\",\"logo\":{\"@type\":\"ImageObject\",\"inLanguage\":\"de\",\"@id\":\"https:\\\/\\\/www.immobilienbusiness.ch\\\/#\\\/schema\\\/logo\\\/image\\\/\",\"url\":\"https:\\\/\\\/www.immobilienbusiness.ch\\\/wp-content\\\/uploads\\\/2021\\\/07\\\/logo_ib.png\",\"contentUrl\":\"https:\\\/\\\/www.immobilienbusiness.ch\\\/wp-content\\\/uploads\\\/2021\\\/07\\\/logo_ib.png\",\"width\":800,\"height\":181,\"caption\":\"IMMOBILIEN Business\"},\"image\":{\"@id\":\"https:\\\/\\\/www.immobilienbusiness.ch\\\/#\\\/schema\\\/logo\\\/image\\\/\"},\"sameAs\":[\"https:\\\/\\\/www.facebook.com\\\/immobilienbusiness\\\/\"]},{\"@type\":\"Person\",\"@id\":\"https:\\\/\\\/www.immobilienbusiness.ch\\\/#\\\/schema\\\/person\\\/aba8bea2db926aa0c24c08c43fe1fcd5\",\"name\":\"Alexander Wachter\",\"image\":{\"@type\":\"ImageObject\",\"inLanguage\":\"de\",\"@id\":\"https:\\\/\\\/secure.gravatar.com\\\/avatar\\\/1a09e471f5389b0e0a6416eac287e0927c7c97a7b77f9e787eba3af7aee281dd?s=96&d=mm&r=g\",\"url\":\"https:\\\/\\\/secure.gravatar.com\\\/avatar\\\/1a09e471f5389b0e0a6416eac287e0927c7c97a7b77f9e787eba3af7aee281dd?s=96&d=mm&r=g\",\"contentUrl\":\"https:\\\/\\\/secure.gravatar.com\\\/avatar\\\/1a09e471f5389b0e0a6416eac287e0927c7c97a7b77f9e787eba3af7aee281dd?s=96&d=mm&r=g\",\"caption\":\"Alexander Wachter\"},\"url\":\"https:\\\/\\\/www.immobilienbusiness.ch\\\/de\\\/author\\\/alexander-wachter\\\/\"}]}<\/script>\n<!-- \/ Yoast SEO plugin. -->","yoast_head_json":{"title":"Allreal: Ver\u00e4nderungen im Verwaltungsrat - IMMOBILIEN Business","description":"Sandra Berberat Kecerski soll an der n\u00e4chsten Generalversammlung auf Olivier Steimer folgen, und einen designierten neuen VR-Pr\u00e4sidenten gibt es auch bereits.","robots":{"index":"index","follow":"follow","max-snippet":"max-snippet:-1","max-image-preview":"max-image-preview:large","max-video-preview":"max-video-preview:-1"},"canonical":"https:\/\/www.immobilienbusiness.ch\/de\/unternehmen\/2025-02-27\/allreal-veraenderungen-im-verwaltungsrat\/","og_locale":"de_DE","og_type":"article","og_title":"Allreal: Ver\u00e4nderungen im Verwaltungsrat - IMMOBILIEN Business","og_description":"Sandra Berberat Kecerski soll an der n\u00e4chsten Generalversammlung auf Olivier Steimer folgen, und einen designierten neuen VR-Pr\u00e4sidenten gibt es auch bereits.","og_url":"https:\/\/www.immobilienbusiness.ch\/de\/unternehmen\/2025-02-27\/allreal-veraenderungen-im-verwaltungsrat\/","og_site_name":"IMMOBILIEN Business","article_publisher":"https:\/\/www.facebook.com\/immobilienbusiness\/","article_published_time":"2025-02-27T07:08:23+00:00","og_image":[{"width":1200,"height":800,"url":"https:\/\/www.immobilienbusiness.ch\/wp-content\/uploads\/2025\/02\/sandra_berberat_kecerski_highres-scaled.jpg","type":"image\/jpeg"}],"author":"Alexander Wachter","twitter_card":"summary_large_image","schema":{"@context":"https:\/\/schema.org","@graph":[{"@type":"Article","@id":"https:\/\/www.immobilienbusiness.ch\/unternehmen\/2025-02-27\/allreal-veraenderungen-im-verwaltungsrat\/#article","isPartOf":{"@id":"https:\/\/www.immobilienbusiness.ch\/unternehmen\/2025-02-27\/allreal-veraenderungen-im-verwaltungsrat\/"},"author":{"name":"Alexander Wachter","@id":"https:\/\/www.immobilienbusiness.ch\/#\/schema\/person\/aba8bea2db926aa0c24c08c43fe1fcd5"},"headline":"Allreal: Ver\u00e4nderungen im Verwaltungsrat","datePublished":"2025-02-27T07:08:23+00:00","mainEntityOfPage":{"@id":"https:\/\/www.immobilienbusiness.ch\/unternehmen\/2025-02-27\/allreal-veraenderungen-im-verwaltungsrat\/"},"wordCount":161,"publisher":{"@id":"https:\/\/www.immobilienbusiness.ch\/#organization"},"image":{"@id":"https:\/\/www.immobilienbusiness.ch\/unternehmen\/2025-02-27\/allreal-veraenderungen-im-verwaltungsrat\/#primaryimage"},"thumbnailUrl":"https:\/\/www.immobilienbusiness.ch\/wp-content\/uploads\/2025\/02\/sandra_berberat_kecerski_highres-scaled.jpg","keywords":["Allreal","Personalia"],"articleSection":["PERSONALIA","UNTERNEHMEN"],"inLanguage":"de"},{"@type":"WebPage","@id":"https:\/\/www.immobilienbusiness.ch\/unternehmen\/2025-02-27\/allreal-veraenderungen-im-verwaltungsrat\/","url":"https:\/\/www.immobilienbusiness.ch\/unternehmen\/2025-02-27\/allreal-veraenderungen-im-verwaltungsrat\/","name":"Allreal: Ver\u00e4nderungen im Verwaltungsrat - IMMOBILIEN Business","isPartOf":{"@id":"https:\/\/www.immobilienbusiness.ch\/#website"},"primaryImageOfPage":{"@id":"https:\/\/www.immobilienbusiness.ch\/unternehmen\/2025-02-27\/allreal-veraenderungen-im-verwaltungsrat\/#primaryimage"},"image":{"@id":"https:\/\/www.immobilienbusiness.ch\/unternehmen\/2025-02-27\/allreal-veraenderungen-im-verwaltungsrat\/#primaryimage"},"thumbnailUrl":"https:\/\/www.immobilienbusiness.ch\/wp-content\/uploads\/2025\/02\/sandra_berberat_kecerski_highres-scaled.jpg","datePublished":"2025-02-27T07:08:23+00:00","description":"Sandra Berberat Kecerski soll an der n\u00e4chsten Generalversammlung auf Olivier Steimer folgen, und einen designierten neuen VR-Pr\u00e4sidenten gibt es auch bereits.","breadcrumb":{"@id":"https:\/\/www.immobilienbusiness.ch\/unternehmen\/2025-02-27\/allreal-veraenderungen-im-verwaltungsrat\/#breadcrumb"},"inLanguage":"de","potentialAction":[{"@type":"ReadAction","target":["https:\/\/www.immobilienbusiness.ch\/unternehmen\/2025-02-27\/allreal-veraenderungen-im-verwaltungsrat\/"]}]},{"@type":"ImageObject","inLanguage":"de","@id":"https:\/\/www.immobilienbusiness.ch\/unternehmen\/2025-02-27\/allreal-veraenderungen-im-verwaltungsrat\/#primaryimage","url":"https:\/\/www.immobilienbusiness.ch\/wp-content\/uploads\/2025\/02\/sandra_berberat_kecerski_highres-scaled.jpg","contentUrl":"https:\/\/www.immobilienbusiness.ch\/wp-content\/uploads\/2025\/02\/sandra_berberat_kecerski_highres-scaled.jpg","width":1200,"height":800,"caption":"Sandra Berberat Kecerski (Bild: \u00a9 Dominique Meienberg\/ZKB)"},{"@type":"BreadcrumbList","@id":"https:\/\/www.immobilienbusiness.ch\/unternehmen\/2025-02-27\/allreal-veraenderungen-im-verwaltungsrat\/#breadcrumb","itemListElement":[{"@type":"ListItem","position":1,"name":"Home","item":"https:\/\/www.immobilienbusiness.ch\/"},{"@type":"ListItem","position":2,"name":"Allreal: Ver\u00e4nderungen im Verwaltungsrat"}]},{"@type":"WebSite","@id":"https:\/\/www.immobilienbusiness.ch\/#website","url":"https:\/\/www.immobilienbusiness.ch\/","name":"IMMOBILIEN Business","description":"Unabh\u00e4ngiges Schweizer Wirtschaftsmagazin mit Fokus auf Immobilien, Architektur- und Bau sowie Investment- und Finanzierung.","publisher":{"@id":"https:\/\/www.immobilienbusiness.ch\/#organization"},"potentialAction":[{"@type":"SearchAction","target":{"@type":"EntryPoint","urlTemplate":"https:\/\/www.immobilienbusiness.ch\/?s={search_term_string}"},"query-input":{"@type":"PropertyValueSpecification","valueRequired":true,"valueName":"search_term_string"}}],"inLanguage":"de"},{"@type":"Organization","@id":"https:\/\/www.immobilienbusiness.ch\/#organization","name":"IMMOBILIEN Business","url":"https:\/\/www.immobilienbusiness.ch\/","logo":{"@type":"ImageObject","inLanguage":"de","@id":"https:\/\/www.immobilienbusiness.ch\/#\/schema\/logo\/image\/","url":"https:\/\/www.immobilienbusiness.ch\/wp-content\/uploads\/2021\/07\/logo_ib.png","contentUrl":"https:\/\/www.immobilienbusiness.ch\/wp-content\/uploads\/2021\/07\/logo_ib.png","width":800,"height":181,"caption":"IMMOBILIEN Business"},"image":{"@id":"https:\/\/www.immobilienbusiness.ch\/#\/schema\/logo\/image\/"},"sameAs":["https:\/\/www.facebook.com\/immobilienbusiness\/"]},{"@type":"Person","@id":"https:\/\/www.immobilienbusiness.ch\/#\/schema\/person\/aba8bea2db926aa0c24c08c43fe1fcd5","name":"Alexander Wachter","image":{"@type":"ImageObject","inLanguage":"de","@id":"https:\/\/secure.gravatar.com\/avatar\/1a09e471f5389b0e0a6416eac287e0927c7c97a7b77f9e787eba3af7aee281dd?s=96&d=mm&r=g","url":"https:\/\/secure.gravatar.com\/avatar\/1a09e471f5389b0e0a6416eac287e0927c7c97a7b77f9e787eba3af7aee281dd?s=96&d=mm&r=g","contentUrl":"https:\/\/secure.gravatar.com\/avatar\/1a09e471f5389b0e0a6416eac287e0927c7c97a7b77f9e787eba3af7aee281dd?s=96&d=mm&r=g","caption":"Alexander Wachter"},"url":"https:\/\/www.immobilienbusiness.ch\/de\/author\/alexander-wachter\/"}]}},"_links":{"self":[{"href":"https:\/\/www.immobilienbusiness.ch\/de\/wp-json\/wp\/v2\/posts\/62592","targetHints":{"allow":["GET"]}}],"collection":[{"href":"https:\/\/www.immobilienbusiness.ch\/de\/wp-json\/wp\/v2\/posts"}],"about":[{"href":"https:\/\/www.immobilienbusiness.ch\/de\/wp-json\/wp\/v2\/types\/post"}],"author":[{"embeddable":true,"href":"https:\/\/www.immobilienbusiness.ch\/de\/wp-json\/wp\/v2\/users\/102"}],"replies":[{"embeddable":true,"href":"https:\/\/www.immobilienbusiness.ch\/de\/wp-json\/wp\/v2\/comments?post=62592"}],"version-history":[{"count":1,"href":"https:\/\/www.immobilienbusiness.ch\/de\/wp-json\/wp\/v2\/posts\/62592\/revisions"}],"predecessor-version":[{"id":62594,"href":"https:\/\/www.immobilienbusiness.ch\/de\/wp-json\/wp\/v2\/posts\/62592\/revisions\/62594"}],"wp:featuredmedia":[{"embeddable":true,"href":"https:\/\/www.immobilienbusiness.ch\/de\/wp-json\/wp\/v2\/media\/62593"}],"wp:attachment":[{"href":"https:\/\/www.immobilienbusiness.ch\/de\/wp-json\/wp\/v2\/media?parent=62592"}],"wp:term":[{"taxonomy":"category","embeddable":true,"href":"https:\/\/www.immobilienbusiness.ch\/de\/wp-json\/wp\/v2\/categories?post=62592"},{"taxonomy":"post_tag","embeddable":true,"href":"https:\/\/www.immobilienbusiness.ch\/de\/wp-json\/wp\/v2\/tags?post=62592"}],"curies":[{"name":"wp","href":"https:\/\/api.w.org\/{rel}","templated":true}]}}