{"id":62573,"date":"2025-02-25T07:05:05","date_gmt":"2025-02-25T06:05:05","guid":{"rendered":"https:\/\/www.immobilienbusiness.ch\/?p=62573"},"modified":"2025-02-26T13:46:13","modified_gmt":"2025-02-26T12:46:13","slug":"patrimonium-ast-sammelt-kapital-fuer-gesundheitsimmobilien","status":"publish","type":"post","link":"https:\/\/www.immobilienbusiness.ch\/de\/unternehmen\/2025-02-25\/patrimonium-ast-sammelt-kapital-fuer-gesundheitsimmobilien\/","title":{"rendered":"Patrimonium AST sammelt Kapital f\u00fcr Gesundheitsimmobilien"},"content":{"rendered":"<figure id=\"attachment_62574\" aria-describedby=\"caption-attachment-62574\" style=\"width: 839px\" class=\"wp-caption alignnone\"><a href=\"https:\/\/www.immobilienbusiness.ch\/wp-content\/uploads\/2025\/02\/Patrimonium-Bild.png\"><img loading=\"lazy\" decoding=\"async\" class=\"size-full wp-image-62574\" src=\"https:\/\/www.immobilienbusiness.ch\/wp-content\/uploads\/2025\/02\/Patrimonium-Bild.png\" alt=\"\" width=\"839\" height=\"364\" srcset=\"https:\/\/www.immobilienbusiness.ch\/wp-content\/uploads\/2025\/02\/Patrimonium-Bild.png 839w, https:\/\/www.immobilienbusiness.ch\/wp-content\/uploads\/2025\/02\/Patrimonium-Bild-300x130.png 300w, https:\/\/www.immobilienbusiness.ch\/wp-content\/uploads\/2025\/02\/Patrimonium-Bild-768x333.png 768w, https:\/\/www.immobilienbusiness.ch\/wp-content\/uploads\/2025\/02\/Patrimonium-Bild-18x8.png 18w, https:\/\/www.immobilienbusiness.ch\/wp-content\/uploads\/2025\/02\/Patrimonium-Bild-375x163.png 375w, https:\/\/www.immobilienbusiness.ch\/wp-content\/uploads\/2025\/02\/Patrimonium-Bild-760x330.png 760w\" sizes=\"auto, (max-width: 839px) 100vw, 839px\" \/><\/a><figcaption id=\"caption-attachment-62574\" class=\"wp-caption-text\">Die Anlagegruppe weist einen hohen Anteil an Immobilien mit medizinischer Nutzung auf (Bild: \u00a9 Patrimonium)<\/figcaption><\/figure>\n<p>Die Anlagegruppe Gesundheitsimmobilien Schweiz der Patrimonium Anlagestiftung f\u00fchrt bis zum 30. April eine Kapitalerh\u00f6hung in H\u00f6he von 50 Mio. CHF durch. Die Kapitalerh\u00f6hung diene \u00abstrategischen Akquisitionen in einem Markt mit starken Wachstumsprognosen\u00bb, schreibt Patrimonium in der Ank\u00fcndigung. Gerechnet wird mit einer Nettocashflowrendite von 4%. Die Strategie der Anlagegruppe setzt auf wachsenden Bedarf an Alters- und Gesundheitsimmobilien mit einem Investitionsbedarf, der bis 2040 auf 2 Mrd. CHF pro Jahr gesch\u00e4tzt werde.<\/p>\n<p>Die Anlagegruppe wurde 2015 lanciert und weist seitdem eine annualisierte Anlagerendite von 5,2% auf. Das Anlageverm\u00f6gen betr\u00e4gt 469 Mio. CHF und der Portfolio-Anteil der Liegenschaften mit medizinischer Nutzung 76%. <em>(aw)<\/em><\/p>\n","protected":false},"excerpt":{"rendered":"<p>Eine Kapitalerh\u00f6hung der Anlagegruppe Gesundheitsimmobilien Schweiz soll 50 Mio. CHF erl\u00f6sen.<\/p>\n","protected":false},"author":102,"featured_media":62574,"comment_status":"closed","ping_status":"closed","sticky":false,"template":"","format":"standard","meta":{"_acf_changed":false,"_yoast_wpseo_focuskw":"Patrimonium","_yoast_wpseo_title":"","_yoast_wpseo_metadesc":"Eine Kapitalerh\u00f6hung der Anlagegruppe Gesundheitsimmobilien Schweiz soll 50 Mio. CHF erl\u00f6sen.","_yoast_wpseo_linkdex":53,"pgc_sgb_lightbox_settings":"","footnotes":""},"categories":[988],"tags":[1030,1269,1412,1556,3785],"class_list":["post-62573","post","type-post","status-publish","format-standard","has-post-thumbnail","hentry","category-unternehmen","tag-anlagestiftung","tag-gesundheitsimmobilien","tag-kapitalerhoehung","tag-patrimonium","tag-potenzieller-kaeufer"],"acf":[],"yoast_head":"<!-- This site is optimized with the Yoast SEO plugin v27.4 - https:\/\/yoast.com\/product\/yoast-seo-wordpress\/ -->\n<title>Patrimonium AST sammelt Kapital f\u00fcr Gesundheitsimmobilien - IMMOBILIEN Business<\/title>\n<meta name=\"description\" content=\"Eine Kapitalerh\u00f6hung der Anlagegruppe Gesundheitsimmobilien Schweiz soll 50 Mio. CHF erl\u00f6sen.\" \/>\n<meta name=\"robots\" content=\"index, follow, max-snippet:-1, max-image-preview:large, max-video-preview:-1\" \/>\n<link rel=\"canonical\" href=\"https:\/\/www.immobilienbusiness.ch\/de\/unternehmen\/2025-02-25\/patrimonium-ast-sammelt-kapital-fuer-gesundheitsimmobilien\/\" \/>\n<meta property=\"og:locale\" content=\"de_DE\" \/>\n<meta property=\"og:type\" content=\"article\" \/>\n<meta property=\"og:title\" content=\"Patrimonium AST sammelt Kapital f\u00fcr Gesundheitsimmobilien - IMMOBILIEN Business\" \/>\n<meta property=\"og:description\" content=\"Eine Kapitalerh\u00f6hung der Anlagegruppe Gesundheitsimmobilien Schweiz soll 50 Mio. CHF erl\u00f6sen.\" \/>\n<meta property=\"og:url\" content=\"https:\/\/www.immobilienbusiness.ch\/de\/unternehmen\/2025-02-25\/patrimonium-ast-sammelt-kapital-fuer-gesundheitsimmobilien\/\" \/>\n<meta property=\"og:site_name\" content=\"IMMOBILIEN Business\" \/>\n<meta property=\"article:publisher\" content=\"https:\/\/www.facebook.com\/immobilienbusiness\/\" \/>\n<meta property=\"article:published_time\" content=\"2025-02-25T06:05:05+00:00\" \/>\n<meta property=\"article:modified_time\" content=\"2025-02-26T12:46:13+00:00\" \/>\n<meta property=\"og:image\" content=\"https:\/\/www.immobilienbusiness.ch\/wp-content\/uploads\/2025\/02\/Patrimonium-Bild.png\" \/>\n\t<meta property=\"og:image:width\" content=\"839\" \/>\n\t<meta property=\"og:image:height\" content=\"364\" \/>\n\t<meta property=\"og:image:type\" content=\"image\/png\" \/>\n<meta name=\"author\" content=\"Alexander Wachter\" \/>\n<meta name=\"twitter:card\" content=\"summary_large_image\" \/>\n<script type=\"application\/ld+json\" class=\"yoast-schema-graph\">{\"@context\":\"https:\\\/\\\/schema.org\",\"@graph\":[{\"@type\":\"Article\",\"@id\":\"https:\\\/\\\/www.immobilienbusiness.ch\\\/unternehmen\\\/2025-02-25\\\/patrimonium-ast-sammelt-kapital-fuer-gesundheitsimmobilien\\\/#article\",\"isPartOf\":{\"@id\":\"https:\\\/\\\/www.immobilienbusiness.ch\\\/unternehmen\\\/2025-02-25\\\/patrimonium-ast-sammelt-kapital-fuer-gesundheitsimmobilien\\\/\"},\"author\":{\"name\":\"Alexander Wachter\",\"@id\":\"https:\\\/\\\/www.immobilienbusiness.ch\\\/#\\\/schema\\\/person\\\/aba8bea2db926aa0c24c08c43fe1fcd5\"},\"headline\":\"Patrimonium AST sammelt Kapital f\u00fcr Gesundheitsimmobilien\",\"datePublished\":\"2025-02-25T06:05:05+00:00\",\"dateModified\":\"2025-02-26T12:46:13+00:00\",\"mainEntityOfPage\":{\"@id\":\"https:\\\/\\\/www.immobilienbusiness.ch\\\/unternehmen\\\/2025-02-25\\\/patrimonium-ast-sammelt-kapital-fuer-gesundheitsimmobilien\\\/\"},\"wordCount\":127,\"publisher\":{\"@id\":\"https:\\\/\\\/www.immobilienbusiness.ch\\\/#organization\"},\"image\":{\"@id\":\"https:\\\/\\\/www.immobilienbusiness.ch\\\/unternehmen\\\/2025-02-25\\\/patrimonium-ast-sammelt-kapital-fuer-gesundheitsimmobilien\\\/#primaryimage\"},\"thumbnailUrl\":\"https:\\\/\\\/www.immobilienbusiness.ch\\\/wp-content\\\/uploads\\\/2025\\\/02\\\/Patrimonium-Bild.png\",\"keywords\":[\"Anlagestiftung\",\"Gesundheitsimmobilien\",\"Kapitalerh\u00f6hung\",\"Patrimonium\",\"potenzieller K\u00e4ufer\"],\"articleSection\":[\"UNTERNEHMEN\"],\"inLanguage\":\"de\"},{\"@type\":\"WebPage\",\"@id\":\"https:\\\/\\\/www.immobilienbusiness.ch\\\/unternehmen\\\/2025-02-25\\\/patrimonium-ast-sammelt-kapital-fuer-gesundheitsimmobilien\\\/\",\"url\":\"https:\\\/\\\/www.immobilienbusiness.ch\\\/unternehmen\\\/2025-02-25\\\/patrimonium-ast-sammelt-kapital-fuer-gesundheitsimmobilien\\\/\",\"name\":\"Patrimonium AST sammelt Kapital f\u00fcr Gesundheitsimmobilien - IMMOBILIEN Business\",\"isPartOf\":{\"@id\":\"https:\\\/\\\/www.immobilienbusiness.ch\\\/#website\"},\"primaryImageOfPage\":{\"@id\":\"https:\\\/\\\/www.immobilienbusiness.ch\\\/unternehmen\\\/2025-02-25\\\/patrimonium-ast-sammelt-kapital-fuer-gesundheitsimmobilien\\\/#primaryimage\"},\"image\":{\"@id\":\"https:\\\/\\\/www.immobilienbusiness.ch\\\/unternehmen\\\/2025-02-25\\\/patrimonium-ast-sammelt-kapital-fuer-gesundheitsimmobilien\\\/#primaryimage\"},\"thumbnailUrl\":\"https:\\\/\\\/www.immobilienbusiness.ch\\\/wp-content\\\/uploads\\\/2025\\\/02\\\/Patrimonium-Bild.png\",\"datePublished\":\"2025-02-25T06:05:05+00:00\",\"dateModified\":\"2025-02-26T12:46:13+00:00\",\"description\":\"Eine Kapitalerh\u00f6hung der Anlagegruppe Gesundheitsimmobilien Schweiz soll 50 Mio. CHF erl\u00f6sen.\",\"breadcrumb\":{\"@id\":\"https:\\\/\\\/www.immobilienbusiness.ch\\\/unternehmen\\\/2025-02-25\\\/patrimonium-ast-sammelt-kapital-fuer-gesundheitsimmobilien\\\/#breadcrumb\"},\"inLanguage\":\"de\",\"potentialAction\":[{\"@type\":\"ReadAction\",\"target\":[\"https:\\\/\\\/www.immobilienbusiness.ch\\\/unternehmen\\\/2025-02-25\\\/patrimonium-ast-sammelt-kapital-fuer-gesundheitsimmobilien\\\/\"]}]},{\"@type\":\"ImageObject\",\"inLanguage\":\"de\",\"@id\":\"https:\\\/\\\/www.immobilienbusiness.ch\\\/unternehmen\\\/2025-02-25\\\/patrimonium-ast-sammelt-kapital-fuer-gesundheitsimmobilien\\\/#primaryimage\",\"url\":\"https:\\\/\\\/www.immobilienbusiness.ch\\\/wp-content\\\/uploads\\\/2025\\\/02\\\/Patrimonium-Bild.png\",\"contentUrl\":\"https:\\\/\\\/www.immobilienbusiness.ch\\\/wp-content\\\/uploads\\\/2025\\\/02\\\/Patrimonium-Bild.png\",\"width\":839,\"height\":364,\"caption\":\"Die Anlagegruppe weist einen hohen Anteil an Immobilien mit medizinischer Nutzung auf (Bild: \u00a9 Patrimonium)\"},{\"@type\":\"BreadcrumbList\",\"@id\":\"https:\\\/\\\/www.immobilienbusiness.ch\\\/unternehmen\\\/2025-02-25\\\/patrimonium-ast-sammelt-kapital-fuer-gesundheitsimmobilien\\\/#breadcrumb\",\"itemListElement\":[{\"@type\":\"ListItem\",\"position\":1,\"name\":\"Home\",\"item\":\"https:\\\/\\\/www.immobilienbusiness.ch\\\/\"},{\"@type\":\"ListItem\",\"position\":2,\"name\":\"Patrimonium AST sammelt Kapital f\u00fcr Gesundheitsimmobilien\"}]},{\"@type\":\"WebSite\",\"@id\":\"https:\\\/\\\/www.immobilienbusiness.ch\\\/#website\",\"url\":\"https:\\\/\\\/www.immobilienbusiness.ch\\\/\",\"name\":\"IMMOBILIEN Business\",\"description\":\"Unabh\u00e4ngiges Schweizer Wirtschaftsmagazin mit Fokus auf Immobilien, Architektur- und Bau sowie Investment- und Finanzierung.\",\"publisher\":{\"@id\":\"https:\\\/\\\/www.immobilienbusiness.ch\\\/#organization\"},\"potentialAction\":[{\"@type\":\"SearchAction\",\"target\":{\"@type\":\"EntryPoint\",\"urlTemplate\":\"https:\\\/\\\/www.immobilienbusiness.ch\\\/?s={search_term_string}\"},\"query-input\":{\"@type\":\"PropertyValueSpecification\",\"valueRequired\":true,\"valueName\":\"search_term_string\"}}],\"inLanguage\":\"de\"},{\"@type\":\"Organization\",\"@id\":\"https:\\\/\\\/www.immobilienbusiness.ch\\\/#organization\",\"name\":\"IMMOBILIEN Business\",\"url\":\"https:\\\/\\\/www.immobilienbusiness.ch\\\/\",\"logo\":{\"@type\":\"ImageObject\",\"inLanguage\":\"de\",\"@id\":\"https:\\\/\\\/www.immobilienbusiness.ch\\\/#\\\/schema\\\/logo\\\/image\\\/\",\"url\":\"https:\\\/\\\/www.immobilienbusiness.ch\\\/wp-content\\\/uploads\\\/2021\\\/07\\\/logo_ib.png\",\"contentUrl\":\"https:\\\/\\\/www.immobilienbusiness.ch\\\/wp-content\\\/uploads\\\/2021\\\/07\\\/logo_ib.png\",\"width\":800,\"height\":181,\"caption\":\"IMMOBILIEN Business\"},\"image\":{\"@id\":\"https:\\\/\\\/www.immobilienbusiness.ch\\\/#\\\/schema\\\/logo\\\/image\\\/\"},\"sameAs\":[\"https:\\\/\\\/www.facebook.com\\\/immobilienbusiness\\\/\"]},{\"@type\":\"Person\",\"@id\":\"https:\\\/\\\/www.immobilienbusiness.ch\\\/#\\\/schema\\\/person\\\/aba8bea2db926aa0c24c08c43fe1fcd5\",\"name\":\"Alexander Wachter\",\"image\":{\"@type\":\"ImageObject\",\"inLanguage\":\"de\",\"@id\":\"https:\\\/\\\/secure.gravatar.com\\\/avatar\\\/1a09e471f5389b0e0a6416eac287e0927c7c97a7b77f9e787eba3af7aee281dd?s=96&d=mm&r=g\",\"url\":\"https:\\\/\\\/secure.gravatar.com\\\/avatar\\\/1a09e471f5389b0e0a6416eac287e0927c7c97a7b77f9e787eba3af7aee281dd?s=96&d=mm&r=g\",\"contentUrl\":\"https:\\\/\\\/secure.gravatar.com\\\/avatar\\\/1a09e471f5389b0e0a6416eac287e0927c7c97a7b77f9e787eba3af7aee281dd?s=96&d=mm&r=g\",\"caption\":\"Alexander Wachter\"},\"url\":\"https:\\\/\\\/www.immobilienbusiness.ch\\\/de\\\/author\\\/alexander-wachter\\\/\"}]}<\/script>\n<!-- \/ Yoast SEO plugin. -->","yoast_head_json":{"title":"Patrimonium AST sammelt Kapital f\u00fcr Gesundheitsimmobilien - IMMOBILIEN Business","description":"Eine Kapitalerh\u00f6hung der Anlagegruppe Gesundheitsimmobilien Schweiz soll 50 Mio. CHF erl\u00f6sen.","robots":{"index":"index","follow":"follow","max-snippet":"max-snippet:-1","max-image-preview":"max-image-preview:large","max-video-preview":"max-video-preview:-1"},"canonical":"https:\/\/www.immobilienbusiness.ch\/de\/unternehmen\/2025-02-25\/patrimonium-ast-sammelt-kapital-fuer-gesundheitsimmobilien\/","og_locale":"de_DE","og_type":"article","og_title":"Patrimonium AST sammelt Kapital f\u00fcr Gesundheitsimmobilien - IMMOBILIEN Business","og_description":"Eine Kapitalerh\u00f6hung der Anlagegruppe Gesundheitsimmobilien Schweiz soll 50 Mio. CHF erl\u00f6sen.","og_url":"https:\/\/www.immobilienbusiness.ch\/de\/unternehmen\/2025-02-25\/patrimonium-ast-sammelt-kapital-fuer-gesundheitsimmobilien\/","og_site_name":"IMMOBILIEN Business","article_publisher":"https:\/\/www.facebook.com\/immobilienbusiness\/","article_published_time":"2025-02-25T06:05:05+00:00","article_modified_time":"2025-02-26T12:46:13+00:00","og_image":[{"width":839,"height":364,"url":"https:\/\/www.immobilienbusiness.ch\/wp-content\/uploads\/2025\/02\/Patrimonium-Bild.png","type":"image\/png"}],"author":"Alexander Wachter","twitter_card":"summary_large_image","schema":{"@context":"https:\/\/schema.org","@graph":[{"@type":"Article","@id":"https:\/\/www.immobilienbusiness.ch\/unternehmen\/2025-02-25\/patrimonium-ast-sammelt-kapital-fuer-gesundheitsimmobilien\/#article","isPartOf":{"@id":"https:\/\/www.immobilienbusiness.ch\/unternehmen\/2025-02-25\/patrimonium-ast-sammelt-kapital-fuer-gesundheitsimmobilien\/"},"author":{"name":"Alexander Wachter","@id":"https:\/\/www.immobilienbusiness.ch\/#\/schema\/person\/aba8bea2db926aa0c24c08c43fe1fcd5"},"headline":"Patrimonium AST sammelt Kapital f\u00fcr Gesundheitsimmobilien","datePublished":"2025-02-25T06:05:05+00:00","dateModified":"2025-02-26T12:46:13+00:00","mainEntityOfPage":{"@id":"https:\/\/www.immobilienbusiness.ch\/unternehmen\/2025-02-25\/patrimonium-ast-sammelt-kapital-fuer-gesundheitsimmobilien\/"},"wordCount":127,"publisher":{"@id":"https:\/\/www.immobilienbusiness.ch\/#organization"},"image":{"@id":"https:\/\/www.immobilienbusiness.ch\/unternehmen\/2025-02-25\/patrimonium-ast-sammelt-kapital-fuer-gesundheitsimmobilien\/#primaryimage"},"thumbnailUrl":"https:\/\/www.immobilienbusiness.ch\/wp-content\/uploads\/2025\/02\/Patrimonium-Bild.png","keywords":["Anlagestiftung","Gesundheitsimmobilien","Kapitalerh\u00f6hung","Patrimonium","potenzieller K\u00e4ufer"],"articleSection":["UNTERNEHMEN"],"inLanguage":"de"},{"@type":"WebPage","@id":"https:\/\/www.immobilienbusiness.ch\/unternehmen\/2025-02-25\/patrimonium-ast-sammelt-kapital-fuer-gesundheitsimmobilien\/","url":"https:\/\/www.immobilienbusiness.ch\/unternehmen\/2025-02-25\/patrimonium-ast-sammelt-kapital-fuer-gesundheitsimmobilien\/","name":"Patrimonium AST sammelt Kapital f\u00fcr Gesundheitsimmobilien - IMMOBILIEN Business","isPartOf":{"@id":"https:\/\/www.immobilienbusiness.ch\/#website"},"primaryImageOfPage":{"@id":"https:\/\/www.immobilienbusiness.ch\/unternehmen\/2025-02-25\/patrimonium-ast-sammelt-kapital-fuer-gesundheitsimmobilien\/#primaryimage"},"image":{"@id":"https:\/\/www.immobilienbusiness.ch\/unternehmen\/2025-02-25\/patrimonium-ast-sammelt-kapital-fuer-gesundheitsimmobilien\/#primaryimage"},"thumbnailUrl":"https:\/\/www.immobilienbusiness.ch\/wp-content\/uploads\/2025\/02\/Patrimonium-Bild.png","datePublished":"2025-02-25T06:05:05+00:00","dateModified":"2025-02-26T12:46:13+00:00","description":"Eine Kapitalerh\u00f6hung der Anlagegruppe Gesundheitsimmobilien Schweiz soll 50 Mio. CHF erl\u00f6sen.","breadcrumb":{"@id":"https:\/\/www.immobilienbusiness.ch\/unternehmen\/2025-02-25\/patrimonium-ast-sammelt-kapital-fuer-gesundheitsimmobilien\/#breadcrumb"},"inLanguage":"de","potentialAction":[{"@type":"ReadAction","target":["https:\/\/www.immobilienbusiness.ch\/unternehmen\/2025-02-25\/patrimonium-ast-sammelt-kapital-fuer-gesundheitsimmobilien\/"]}]},{"@type":"ImageObject","inLanguage":"de","@id":"https:\/\/www.immobilienbusiness.ch\/unternehmen\/2025-02-25\/patrimonium-ast-sammelt-kapital-fuer-gesundheitsimmobilien\/#primaryimage","url":"https:\/\/www.immobilienbusiness.ch\/wp-content\/uploads\/2025\/02\/Patrimonium-Bild.png","contentUrl":"https:\/\/www.immobilienbusiness.ch\/wp-content\/uploads\/2025\/02\/Patrimonium-Bild.png","width":839,"height":364,"caption":"Die Anlagegruppe weist einen hohen Anteil an Immobilien mit medizinischer Nutzung auf (Bild: \u00a9 Patrimonium)"},{"@type":"BreadcrumbList","@id":"https:\/\/www.immobilienbusiness.ch\/unternehmen\/2025-02-25\/patrimonium-ast-sammelt-kapital-fuer-gesundheitsimmobilien\/#breadcrumb","itemListElement":[{"@type":"ListItem","position":1,"name":"Home","item":"https:\/\/www.immobilienbusiness.ch\/"},{"@type":"ListItem","position":2,"name":"Patrimonium AST sammelt Kapital f\u00fcr Gesundheitsimmobilien"}]},{"@type":"WebSite","@id":"https:\/\/www.immobilienbusiness.ch\/#website","url":"https:\/\/www.immobilienbusiness.ch\/","name":"IMMOBILIEN Business","description":"Unabh\u00e4ngiges Schweizer Wirtschaftsmagazin mit Fokus auf Immobilien, Architektur- und Bau sowie Investment- und Finanzierung.","publisher":{"@id":"https:\/\/www.immobilienbusiness.ch\/#organization"},"potentialAction":[{"@type":"SearchAction","target":{"@type":"EntryPoint","urlTemplate":"https:\/\/www.immobilienbusiness.ch\/?s={search_term_string}"},"query-input":{"@type":"PropertyValueSpecification","valueRequired":true,"valueName":"search_term_string"}}],"inLanguage":"de"},{"@type":"Organization","@id":"https:\/\/www.immobilienbusiness.ch\/#organization","name":"IMMOBILIEN Business","url":"https:\/\/www.immobilienbusiness.ch\/","logo":{"@type":"ImageObject","inLanguage":"de","@id":"https:\/\/www.immobilienbusiness.ch\/#\/schema\/logo\/image\/","url":"https:\/\/www.immobilienbusiness.ch\/wp-content\/uploads\/2021\/07\/logo_ib.png","contentUrl":"https:\/\/www.immobilienbusiness.ch\/wp-content\/uploads\/2021\/07\/logo_ib.png","width":800,"height":181,"caption":"IMMOBILIEN Business"},"image":{"@id":"https:\/\/www.immobilienbusiness.ch\/#\/schema\/logo\/image\/"},"sameAs":["https:\/\/www.facebook.com\/immobilienbusiness\/"]},{"@type":"Person","@id":"https:\/\/www.immobilienbusiness.ch\/#\/schema\/person\/aba8bea2db926aa0c24c08c43fe1fcd5","name":"Alexander Wachter","image":{"@type":"ImageObject","inLanguage":"de","@id":"https:\/\/secure.gravatar.com\/avatar\/1a09e471f5389b0e0a6416eac287e0927c7c97a7b77f9e787eba3af7aee281dd?s=96&d=mm&r=g","url":"https:\/\/secure.gravatar.com\/avatar\/1a09e471f5389b0e0a6416eac287e0927c7c97a7b77f9e787eba3af7aee281dd?s=96&d=mm&r=g","contentUrl":"https:\/\/secure.gravatar.com\/avatar\/1a09e471f5389b0e0a6416eac287e0927c7c97a7b77f9e787eba3af7aee281dd?s=96&d=mm&r=g","caption":"Alexander Wachter"},"url":"https:\/\/www.immobilienbusiness.ch\/de\/author\/alexander-wachter\/"}]}},"_links":{"self":[{"href":"https:\/\/www.immobilienbusiness.ch\/de\/wp-json\/wp\/v2\/posts\/62573","targetHints":{"allow":["GET"]}}],"collection":[{"href":"https:\/\/www.immobilienbusiness.ch\/de\/wp-json\/wp\/v2\/posts"}],"about":[{"href":"https:\/\/www.immobilienbusiness.ch\/de\/wp-json\/wp\/v2\/types\/post"}],"author":[{"embeddable":true,"href":"https:\/\/www.immobilienbusiness.ch\/de\/wp-json\/wp\/v2\/users\/102"}],"replies":[{"embeddable":true,"href":"https:\/\/www.immobilienbusiness.ch\/de\/wp-json\/wp\/v2\/comments?post=62573"}],"version-history":[{"count":2,"href":"https:\/\/www.immobilienbusiness.ch\/de\/wp-json\/wp\/v2\/posts\/62573\/revisions"}],"predecessor-version":[{"id":62590,"href":"https:\/\/www.immobilienbusiness.ch\/de\/wp-json\/wp\/v2\/posts\/62573\/revisions\/62590"}],"wp:featuredmedia":[{"embeddable":true,"href":"https:\/\/www.immobilienbusiness.ch\/de\/wp-json\/wp\/v2\/media\/62574"}],"wp:attachment":[{"href":"https:\/\/www.immobilienbusiness.ch\/de\/wp-json\/wp\/v2\/media?parent=62573"}],"wp:term":[{"taxonomy":"category","embeddable":true,"href":"https:\/\/www.immobilienbusiness.ch\/de\/wp-json\/wp\/v2\/categories?post=62573"},{"taxonomy":"post_tag","embeddable":true,"href":"https:\/\/www.immobilienbusiness.ch\/de\/wp-json\/wp\/v2\/tags?post=62573"}],"curies":[{"name":"wp","href":"https:\/\/api.w.org\/{rel}","templated":true}]}}