{"id":6244,"date":"2017-02-13T08:49:11","date_gmt":"2017-02-13T07:49:11","guid":{"rendered":"https:\/\/www.immobilienbusiness.ch\/?p=6244"},"modified":"2017-02-13T08:49:11","modified_gmt":"2017-02-13T07:49:11","slug":"axa-im-real-assets-isabelle-scemama-wird-ceo","status":"publish","type":"post","link":"https:\/\/www.immobilienbusiness.ch\/de\/unternehmen\/2017-02-13\/axa-im-real-assets-isabelle-scemama-wird-ceo\/","title":{"rendered":"AXA IM Real Assets: Isabelle Scemama wird CEO"},"content":{"rendered":"<figure id=\"attachment_6255\" aria-describedby=\"caption-attachment-6255\" style=\"width: 680px\" class=\"wp-caption alignnone\"><img loading=\"lazy\" decoding=\"async\" class=\"size-medium wp-image-6255\" src=\"https:\/\/www.immobilienbusiness.ch\/wp-content\/uploads\/2017\/02\/Depositphotos_5498877_l-2015.jpg\" alt=\"\" width=\"680\" height=\"411\" srcset=\"https:\/\/www.immobilienbusiness.ch\/wp-content\/uploads\/2017\/02\/Depositphotos_5498877_l-2015.jpg 2000w, https:\/\/www.immobilienbusiness.ch\/wp-content\/uploads\/2017\/02\/Depositphotos_5498877_l-2015-300x182.jpg 300w, https:\/\/www.immobilienbusiness.ch\/wp-content\/uploads\/2017\/02\/Depositphotos_5498877_l-2015-1024x620.jpg 1024w, https:\/\/www.immobilienbusiness.ch\/wp-content\/uploads\/2017\/02\/Depositphotos_5498877_l-2015-768x465.jpg 768w, https:\/\/www.immobilienbusiness.ch\/wp-content\/uploads\/2017\/02\/Depositphotos_5498877_l-2015-1536x929.jpg 1536w, https:\/\/www.immobilienbusiness.ch\/wp-content\/uploads\/2017\/02\/Depositphotos_5498877_l-2015-16x10.jpg 16w, https:\/\/www.immobilienbusiness.ch\/wp-content\/uploads\/2017\/02\/Depositphotos_5498877_l-2015-289x175.jpg 289w, https:\/\/www.immobilienbusiness.ch\/wp-content\/uploads\/2017\/02\/Depositphotos_5498877_l-2015-579x350.jpg 579w, https:\/\/www.immobilienbusiness.ch\/wp-content\/uploads\/2017\/02\/Depositphotos_5498877_l-2015-1322x800.jpg 1322w, https:\/\/www.immobilienbusiness.ch\/wp-content\/uploads\/2017\/02\/Depositphotos_5498877_l-2015-920x557.jpg 920w, https:\/\/www.immobilienbusiness.ch\/wp-content\/uploads\/2017\/02\/Depositphotos_5498877_l-2015-1400x847.jpg 1400w\" sizes=\"auto, (max-width: 680px) 100vw, 680px\" \/><figcaption id=\"caption-attachment-6255\" class=\"wp-caption-text\">Neues Management bei AXA IM Real Assets (Foto: depositedhar &#8211; depositphotos)<\/figcaption><\/figure>\n<p>Isabelle Scemama wird auch dem Management Board von AXA Investment Managers angeh\u00f6ren. \u00a0Sie war zuvor CEO der\u00a0AXA REIM SGP, der\u00a0franz\u00f6sischen Gesellschaft von AXA IM Real Assets, und verantwortete das Fondsgesch\u00e4ft, zu dem auch viele Immobilienfonds geh\u00f6ren.<\/p>\n<p>Isabelle Scemama arbeitet seit 15 Jahren\u00a0f\u00fcr AXA IM Real Assets. Sie\u00a0kam 2001 zum Unternehmen und leitete damals die Praxis f\u00fcr Immobilienfonds-Strukturierung und -Finanzierung.\u00a0\u00a02005 lancierte sie die Aktivit\u00e4ten im Bereich\u00a0CRE Loans, und\u00a02013 folgte die\u00a0Plattform f\u00fcr Infrastrukturfinanzierung, in deren Rahmen Ende 2016 ein\u00a0730 Millionen Euro schwerer Infrastrukturfonds aufgelegt wurde. Ihre Karriere startete Scemama bei\u00a0Paribas.<\/p>\n<p>Mit Scemamas Berufung als CEO formierte sich auch ein neues Management Board. Neu geh\u00f6ren dem Board zwei Mitglieder des Executive Committee an:\uf0b7 Timoth\u00e9 Raully, zuvor Leiter\u00a0des Gesch\u00e4ftsbereichs CRE Finance &amp; Core Fund, wird Leiter der Funds Group.\u00a0Andrew Stainer, derzeit Head of Northern Region, Asset Management &amp; Transactions, wurde zum Global Head of Asset Management ernannt.<\/p>\n<p>Ruulke Bagijn bleibt Global Head of Real Assets Private Equity, und auch\uf0b7 S\u00e9bastien Herzog, Global CFO, COO &amp; Corporate Secretary, beh\u00e4lt seine Funktion bei.\u00a0Laurent Lavergne, derzeit\u00a0Head of Separate Accounts, wird zudem die Gesch\u00e4ftsentwicklung in den\u00a0USA und Asien verantworten.\u00a0Dennis Lopez bleibt CIO und Global Head of Sales, zus\u00e4tzlich ist er k\u00fcnftig verantwortlich f\u00fcr globale Transaktionen.<\/p>\n<p>Der scheidende CEO von AXA IM Real Assets, Pierre Vaquier, will neue Herausforderungen ausserhalb des Unternehmens annehmen. Er arbeitete seit\u00a01993 f\u00fcr das Unternehmen, die letzten zehn Jahre als CEO.<\/p>\n<p>&nbsp;<\/p>\n","protected":false},"excerpt":{"rendered":"<p>Isabelle Scemama ist zur CEO der AXA Investment Managers &#8211; Real Assets ernannt worden. Sie folgt auf Pierre Vaquier, der das Unternehmen verl\u00e4sst.<\/p>\n","protected":false},"author":3,"featured_media":6255,"comment_status":"open","ping_status":"open","sticky":false,"template":"","format":"standard","meta":{"_acf_changed":false,"_yoast_wpseo_focuskw":"Isabelle Scemama","_yoast_wpseo_title":"","_yoast_wpseo_metadesc":"Isabelle Scemama ist zur CEO der AXA Investment Managers - Real Assets ernannt worden. Sie folgt auf Pierre Vaquier, der das Unternehmen verl\u00e4sst.","_yoast_wpseo_linkdex":82,"pgc_sgb_lightbox_settings":"","footnotes":""},"categories":[988],"tags":[1563,1807],"class_list":["post-6244","post","type-post","status-publish","format-standard","has-post-thumbnail","hentry","category-unternehmen","tag-personalia","tag-unternehmen"],"acf":[],"yoast_head":"<!-- This site is optimized with the Yoast SEO plugin v27.4 - https:\/\/yoast.com\/product\/yoast-seo-wordpress\/ -->\n<title>AXA IM Real Assets: Isabelle Scemama wird CEO - IMMOBILIEN Business<\/title>\n<meta name=\"description\" content=\"Isabelle Scemama ist zur CEO der AXA Investment Managers - Real Assets ernannt worden. Sie folgt auf Pierre Vaquier, der das Unternehmen verl\u00e4sst.\" \/>\n<meta name=\"robots\" content=\"index, follow, max-snippet:-1, max-image-preview:large, max-video-preview:-1\" \/>\n<link rel=\"canonical\" href=\"https:\/\/www.immobilienbusiness.ch\/de\/unternehmen\/2017-02-13\/axa-im-real-assets-isabelle-scemama-wird-ceo\/\" \/>\n<meta property=\"og:locale\" content=\"de_DE\" \/>\n<meta property=\"og:type\" content=\"article\" \/>\n<meta property=\"og:title\" content=\"AXA IM Real Assets: Isabelle Scemama wird CEO - IMMOBILIEN Business\" \/>\n<meta property=\"og:description\" content=\"Isabelle Scemama ist zur CEO der AXA Investment Managers - Real Assets ernannt worden. Sie folgt auf Pierre Vaquier, der das Unternehmen verl\u00e4sst.\" \/>\n<meta property=\"og:url\" content=\"https:\/\/www.immobilienbusiness.ch\/de\/unternehmen\/2017-02-13\/axa-im-real-assets-isabelle-scemama-wird-ceo\/\" \/>\n<meta property=\"og:site_name\" content=\"IMMOBILIEN Business\" \/>\n<meta property=\"article:publisher\" content=\"https:\/\/www.facebook.com\/immobilienbusiness\/\" \/>\n<meta property=\"article:published_time\" content=\"2017-02-13T07:49:11+00:00\" \/>\n<meta property=\"og:image\" content=\"https:\/\/www.immobilienbusiness.ch\/wp-content\/uploads\/2017\/02\/Depositphotos_5498877_l-2015.jpg\" \/>\n\t<meta property=\"og:image:width\" content=\"2000\" \/>\n\t<meta property=\"og:image:height\" content=\"1210\" \/>\n\t<meta property=\"og:image:type\" content=\"image\/jpeg\" \/>\n<meta name=\"author\" content=\"anja.hall\" \/>\n<meta name=\"twitter:card\" content=\"summary_large_image\" \/>\n<script type=\"application\/ld+json\" class=\"yoast-schema-graph\">{\"@context\":\"https:\\\/\\\/schema.org\",\"@graph\":[{\"@type\":\"Article\",\"@id\":\"https:\\\/\\\/www.immobilienbusiness.ch\\\/unternehmen\\\/2017-02-13\\\/axa-im-real-assets-isabelle-scemama-wird-ceo\\\/#article\",\"isPartOf\":{\"@id\":\"https:\\\/\\\/www.immobilienbusiness.ch\\\/unternehmen\\\/2017-02-13\\\/axa-im-real-assets-isabelle-scemama-wird-ceo\\\/\"},\"author\":{\"name\":\"anja.hall\",\"@id\":\"https:\\\/\\\/www.immobilienbusiness.ch\\\/#\\\/schema\\\/person\\\/3fc036297b10b9f42d6db5ee932af8c8\"},\"headline\":\"AXA IM Real Assets: Isabelle Scemama wird CEO\",\"datePublished\":\"2017-02-13T07:49:11+00:00\",\"mainEntityOfPage\":{\"@id\":\"https:\\\/\\\/www.immobilienbusiness.ch\\\/unternehmen\\\/2017-02-13\\\/axa-im-real-assets-isabelle-scemama-wird-ceo\\\/\"},\"wordCount\":280,\"commentCount\":0,\"publisher\":{\"@id\":\"https:\\\/\\\/www.immobilienbusiness.ch\\\/#organization\"},\"image\":{\"@id\":\"https:\\\/\\\/www.immobilienbusiness.ch\\\/unternehmen\\\/2017-02-13\\\/axa-im-real-assets-isabelle-scemama-wird-ceo\\\/#primaryimage\"},\"thumbnailUrl\":\"https:\\\/\\\/www.immobilienbusiness.ch\\\/wp-content\\\/uploads\\\/2017\\\/02\\\/Depositphotos_5498877_l-2015.jpg\",\"keywords\":[\"Personalia\",\"Unternehmen\"],\"articleSection\":[\"UNTERNEHMEN\"],\"inLanguage\":\"de\"},{\"@type\":\"WebPage\",\"@id\":\"https:\\\/\\\/www.immobilienbusiness.ch\\\/unternehmen\\\/2017-02-13\\\/axa-im-real-assets-isabelle-scemama-wird-ceo\\\/\",\"url\":\"https:\\\/\\\/www.immobilienbusiness.ch\\\/unternehmen\\\/2017-02-13\\\/axa-im-real-assets-isabelle-scemama-wird-ceo\\\/\",\"name\":\"AXA IM Real Assets: Isabelle Scemama wird CEO - IMMOBILIEN Business\",\"isPartOf\":{\"@id\":\"https:\\\/\\\/www.immobilienbusiness.ch\\\/#website\"},\"primaryImageOfPage\":{\"@id\":\"https:\\\/\\\/www.immobilienbusiness.ch\\\/unternehmen\\\/2017-02-13\\\/axa-im-real-assets-isabelle-scemama-wird-ceo\\\/#primaryimage\"},\"image\":{\"@id\":\"https:\\\/\\\/www.immobilienbusiness.ch\\\/unternehmen\\\/2017-02-13\\\/axa-im-real-assets-isabelle-scemama-wird-ceo\\\/#primaryimage\"},\"thumbnailUrl\":\"https:\\\/\\\/www.immobilienbusiness.ch\\\/wp-content\\\/uploads\\\/2017\\\/02\\\/Depositphotos_5498877_l-2015.jpg\",\"datePublished\":\"2017-02-13T07:49:11+00:00\",\"description\":\"Isabelle Scemama ist zur CEO der AXA Investment Managers - Real Assets ernannt worden. Sie folgt auf Pierre Vaquier, der das Unternehmen verl\u00e4sst.\",\"breadcrumb\":{\"@id\":\"https:\\\/\\\/www.immobilienbusiness.ch\\\/unternehmen\\\/2017-02-13\\\/axa-im-real-assets-isabelle-scemama-wird-ceo\\\/#breadcrumb\"},\"inLanguage\":\"de\",\"potentialAction\":[{\"@type\":\"ReadAction\",\"target\":[\"https:\\\/\\\/www.immobilienbusiness.ch\\\/unternehmen\\\/2017-02-13\\\/axa-im-real-assets-isabelle-scemama-wird-ceo\\\/\"]}]},{\"@type\":\"ImageObject\",\"inLanguage\":\"de\",\"@id\":\"https:\\\/\\\/www.immobilienbusiness.ch\\\/unternehmen\\\/2017-02-13\\\/axa-im-real-assets-isabelle-scemama-wird-ceo\\\/#primaryimage\",\"url\":\"https:\\\/\\\/www.immobilienbusiness.ch\\\/wp-content\\\/uploads\\\/2017\\\/02\\\/Depositphotos_5498877_l-2015.jpg\",\"contentUrl\":\"https:\\\/\\\/www.immobilienbusiness.ch\\\/wp-content\\\/uploads\\\/2017\\\/02\\\/Depositphotos_5498877_l-2015.jpg\",\"width\":2000,\"height\":1210,\"caption\":\"Marco Feusi wird neuer Vorsitzender der Gesch\u00e4ftleitung bei W\u00fcest Partner (Foto: depositedhar - depositphotos)\"},{\"@type\":\"BreadcrumbList\",\"@id\":\"https:\\\/\\\/www.immobilienbusiness.ch\\\/unternehmen\\\/2017-02-13\\\/axa-im-real-assets-isabelle-scemama-wird-ceo\\\/#breadcrumb\",\"itemListElement\":[{\"@type\":\"ListItem\",\"position\":1,\"name\":\"Home\",\"item\":\"https:\\\/\\\/www.immobilienbusiness.ch\\\/\"},{\"@type\":\"ListItem\",\"position\":2,\"name\":\"AXA IM Real Assets: Isabelle Scemama wird CEO\"}]},{\"@type\":\"WebSite\",\"@id\":\"https:\\\/\\\/www.immobilienbusiness.ch\\\/#website\",\"url\":\"https:\\\/\\\/www.immobilienbusiness.ch\\\/\",\"name\":\"IMMOBILIEN Business\",\"description\":\"Unabh\u00e4ngiges Schweizer Wirtschaftsmagazin mit Fokus auf Immobilien, Architektur- und Bau sowie Investment- und Finanzierung.\",\"publisher\":{\"@id\":\"https:\\\/\\\/www.immobilienbusiness.ch\\\/#organization\"},\"potentialAction\":[{\"@type\":\"SearchAction\",\"target\":{\"@type\":\"EntryPoint\",\"urlTemplate\":\"https:\\\/\\\/www.immobilienbusiness.ch\\\/?s={search_term_string}\"},\"query-input\":{\"@type\":\"PropertyValueSpecification\",\"valueRequired\":true,\"valueName\":\"search_term_string\"}}],\"inLanguage\":\"de\"},{\"@type\":\"Organization\",\"@id\":\"https:\\\/\\\/www.immobilienbusiness.ch\\\/#organization\",\"name\":\"IMMOBILIEN Business\",\"url\":\"https:\\\/\\\/www.immobilienbusiness.ch\\\/\",\"logo\":{\"@type\":\"ImageObject\",\"inLanguage\":\"de\",\"@id\":\"https:\\\/\\\/www.immobilienbusiness.ch\\\/#\\\/schema\\\/logo\\\/image\\\/\",\"url\":\"https:\\\/\\\/www.immobilienbusiness.ch\\\/wp-content\\\/uploads\\\/2021\\\/07\\\/logo_ib.png\",\"contentUrl\":\"https:\\\/\\\/www.immobilienbusiness.ch\\\/wp-content\\\/uploads\\\/2021\\\/07\\\/logo_ib.png\",\"width\":800,\"height\":181,\"caption\":\"IMMOBILIEN Business\"},\"image\":{\"@id\":\"https:\\\/\\\/www.immobilienbusiness.ch\\\/#\\\/schema\\\/logo\\\/image\\\/\"},\"sameAs\":[\"https:\\\/\\\/www.facebook.com\\\/immobilienbusiness\\\/\"]},{\"@type\":\"Person\",\"@id\":\"https:\\\/\\\/www.immobilienbusiness.ch\\\/#\\\/schema\\\/person\\\/3fc036297b10b9f42d6db5ee932af8c8\",\"name\":\"anja.hall\",\"image\":{\"@type\":\"ImageObject\",\"inLanguage\":\"de\",\"@id\":\"https:\\\/\\\/secure.gravatar.com\\\/avatar\\\/066b5a0d447013502c71a5782f4f3469f03cfe595cc2329fb94652fe47511bfb?s=96&d=mm&r=g\",\"url\":\"https:\\\/\\\/secure.gravatar.com\\\/avatar\\\/066b5a0d447013502c71a5782f4f3469f03cfe595cc2329fb94652fe47511bfb?s=96&d=mm&r=g\",\"contentUrl\":\"https:\\\/\\\/secure.gravatar.com\\\/avatar\\\/066b5a0d447013502c71a5782f4f3469f03cfe595cc2329fb94652fe47511bfb?s=96&d=mm&r=g\",\"caption\":\"anja.hall\"},\"url\":\"https:\\\/\\\/www.immobilienbusiness.ch\\\/de\\\/author\\\/anja-hall\\\/\"}]}<\/script>\n<!-- \/ Yoast SEO plugin. -->","yoast_head_json":{"title":"AXA IM Real Assets: Isabelle Scemama wird CEO - IMMOBILIEN Business","description":"Isabelle Scemama ist zur CEO der AXA Investment Managers - Real Assets ernannt worden. Sie folgt auf Pierre Vaquier, der das Unternehmen verl\u00e4sst.","robots":{"index":"index","follow":"follow","max-snippet":"max-snippet:-1","max-image-preview":"max-image-preview:large","max-video-preview":"max-video-preview:-1"},"canonical":"https:\/\/www.immobilienbusiness.ch\/de\/unternehmen\/2017-02-13\/axa-im-real-assets-isabelle-scemama-wird-ceo\/","og_locale":"de_DE","og_type":"article","og_title":"AXA IM Real Assets: Isabelle Scemama wird CEO - IMMOBILIEN Business","og_description":"Isabelle Scemama ist zur CEO der AXA Investment Managers - Real Assets ernannt worden. Sie folgt auf Pierre Vaquier, der das Unternehmen verl\u00e4sst.","og_url":"https:\/\/www.immobilienbusiness.ch\/de\/unternehmen\/2017-02-13\/axa-im-real-assets-isabelle-scemama-wird-ceo\/","og_site_name":"IMMOBILIEN Business","article_publisher":"https:\/\/www.facebook.com\/immobilienbusiness\/","article_published_time":"2017-02-13T07:49:11+00:00","og_image":[{"width":2000,"height":1210,"url":"https:\/\/www.immobilienbusiness.ch\/wp-content\/uploads\/2017\/02\/Depositphotos_5498877_l-2015.jpg","type":"image\/jpeg"}],"author":"anja.hall","twitter_card":"summary_large_image","schema":{"@context":"https:\/\/schema.org","@graph":[{"@type":"Article","@id":"https:\/\/www.immobilienbusiness.ch\/unternehmen\/2017-02-13\/axa-im-real-assets-isabelle-scemama-wird-ceo\/#article","isPartOf":{"@id":"https:\/\/www.immobilienbusiness.ch\/unternehmen\/2017-02-13\/axa-im-real-assets-isabelle-scemama-wird-ceo\/"},"author":{"name":"anja.hall","@id":"https:\/\/www.immobilienbusiness.ch\/#\/schema\/person\/3fc036297b10b9f42d6db5ee932af8c8"},"headline":"AXA IM Real Assets: Isabelle Scemama wird CEO","datePublished":"2017-02-13T07:49:11+00:00","mainEntityOfPage":{"@id":"https:\/\/www.immobilienbusiness.ch\/unternehmen\/2017-02-13\/axa-im-real-assets-isabelle-scemama-wird-ceo\/"},"wordCount":280,"commentCount":0,"publisher":{"@id":"https:\/\/www.immobilienbusiness.ch\/#organization"},"image":{"@id":"https:\/\/www.immobilienbusiness.ch\/unternehmen\/2017-02-13\/axa-im-real-assets-isabelle-scemama-wird-ceo\/#primaryimage"},"thumbnailUrl":"https:\/\/www.immobilienbusiness.ch\/wp-content\/uploads\/2017\/02\/Depositphotos_5498877_l-2015.jpg","keywords":["Personalia","Unternehmen"],"articleSection":["UNTERNEHMEN"],"inLanguage":"de"},{"@type":"WebPage","@id":"https:\/\/www.immobilienbusiness.ch\/unternehmen\/2017-02-13\/axa-im-real-assets-isabelle-scemama-wird-ceo\/","url":"https:\/\/www.immobilienbusiness.ch\/unternehmen\/2017-02-13\/axa-im-real-assets-isabelle-scemama-wird-ceo\/","name":"AXA IM Real Assets: Isabelle Scemama wird CEO - IMMOBILIEN Business","isPartOf":{"@id":"https:\/\/www.immobilienbusiness.ch\/#website"},"primaryImageOfPage":{"@id":"https:\/\/www.immobilienbusiness.ch\/unternehmen\/2017-02-13\/axa-im-real-assets-isabelle-scemama-wird-ceo\/#primaryimage"},"image":{"@id":"https:\/\/www.immobilienbusiness.ch\/unternehmen\/2017-02-13\/axa-im-real-assets-isabelle-scemama-wird-ceo\/#primaryimage"},"thumbnailUrl":"https:\/\/www.immobilienbusiness.ch\/wp-content\/uploads\/2017\/02\/Depositphotos_5498877_l-2015.jpg","datePublished":"2017-02-13T07:49:11+00:00","description":"Isabelle Scemama ist zur CEO der AXA Investment Managers - Real Assets ernannt worden. Sie folgt auf Pierre Vaquier, der das Unternehmen verl\u00e4sst.","breadcrumb":{"@id":"https:\/\/www.immobilienbusiness.ch\/unternehmen\/2017-02-13\/axa-im-real-assets-isabelle-scemama-wird-ceo\/#breadcrumb"},"inLanguage":"de","potentialAction":[{"@type":"ReadAction","target":["https:\/\/www.immobilienbusiness.ch\/unternehmen\/2017-02-13\/axa-im-real-assets-isabelle-scemama-wird-ceo\/"]}]},{"@type":"ImageObject","inLanguage":"de","@id":"https:\/\/www.immobilienbusiness.ch\/unternehmen\/2017-02-13\/axa-im-real-assets-isabelle-scemama-wird-ceo\/#primaryimage","url":"https:\/\/www.immobilienbusiness.ch\/wp-content\/uploads\/2017\/02\/Depositphotos_5498877_l-2015.jpg","contentUrl":"https:\/\/www.immobilienbusiness.ch\/wp-content\/uploads\/2017\/02\/Depositphotos_5498877_l-2015.jpg","width":2000,"height":1210,"caption":"Marco Feusi wird neuer Vorsitzender der Gesch\u00e4ftleitung bei W\u00fcest Partner (Foto: depositedhar - depositphotos)"},{"@type":"BreadcrumbList","@id":"https:\/\/www.immobilienbusiness.ch\/unternehmen\/2017-02-13\/axa-im-real-assets-isabelle-scemama-wird-ceo\/#breadcrumb","itemListElement":[{"@type":"ListItem","position":1,"name":"Home","item":"https:\/\/www.immobilienbusiness.ch\/"},{"@type":"ListItem","position":2,"name":"AXA IM Real Assets: Isabelle Scemama wird CEO"}]},{"@type":"WebSite","@id":"https:\/\/www.immobilienbusiness.ch\/#website","url":"https:\/\/www.immobilienbusiness.ch\/","name":"IMMOBILIEN Business","description":"Unabh\u00e4ngiges Schweizer Wirtschaftsmagazin mit Fokus auf Immobilien, Architektur- und Bau sowie Investment- und Finanzierung.","publisher":{"@id":"https:\/\/www.immobilienbusiness.ch\/#organization"},"potentialAction":[{"@type":"SearchAction","target":{"@type":"EntryPoint","urlTemplate":"https:\/\/www.immobilienbusiness.ch\/?s={search_term_string}"},"query-input":{"@type":"PropertyValueSpecification","valueRequired":true,"valueName":"search_term_string"}}],"inLanguage":"de"},{"@type":"Organization","@id":"https:\/\/www.immobilienbusiness.ch\/#organization","name":"IMMOBILIEN Business","url":"https:\/\/www.immobilienbusiness.ch\/","logo":{"@type":"ImageObject","inLanguage":"de","@id":"https:\/\/www.immobilienbusiness.ch\/#\/schema\/logo\/image\/","url":"https:\/\/www.immobilienbusiness.ch\/wp-content\/uploads\/2021\/07\/logo_ib.png","contentUrl":"https:\/\/www.immobilienbusiness.ch\/wp-content\/uploads\/2021\/07\/logo_ib.png","width":800,"height":181,"caption":"IMMOBILIEN Business"},"image":{"@id":"https:\/\/www.immobilienbusiness.ch\/#\/schema\/logo\/image\/"},"sameAs":["https:\/\/www.facebook.com\/immobilienbusiness\/"]},{"@type":"Person","@id":"https:\/\/www.immobilienbusiness.ch\/#\/schema\/person\/3fc036297b10b9f42d6db5ee932af8c8","name":"anja.hall","image":{"@type":"ImageObject","inLanguage":"de","@id":"https:\/\/secure.gravatar.com\/avatar\/066b5a0d447013502c71a5782f4f3469f03cfe595cc2329fb94652fe47511bfb?s=96&d=mm&r=g","url":"https:\/\/secure.gravatar.com\/avatar\/066b5a0d447013502c71a5782f4f3469f03cfe595cc2329fb94652fe47511bfb?s=96&d=mm&r=g","contentUrl":"https:\/\/secure.gravatar.com\/avatar\/066b5a0d447013502c71a5782f4f3469f03cfe595cc2329fb94652fe47511bfb?s=96&d=mm&r=g","caption":"anja.hall"},"url":"https:\/\/www.immobilienbusiness.ch\/de\/author\/anja-hall\/"}]}},"_links":{"self":[{"href":"https:\/\/www.immobilienbusiness.ch\/de\/wp-json\/wp\/v2\/posts\/6244","targetHints":{"allow":["GET"]}}],"collection":[{"href":"https:\/\/www.immobilienbusiness.ch\/de\/wp-json\/wp\/v2\/posts"}],"about":[{"href":"https:\/\/www.immobilienbusiness.ch\/de\/wp-json\/wp\/v2\/types\/post"}],"author":[{"embeddable":true,"href":"https:\/\/www.immobilienbusiness.ch\/de\/wp-json\/wp\/v2\/users\/3"}],"replies":[{"embeddable":true,"href":"https:\/\/www.immobilienbusiness.ch\/de\/wp-json\/wp\/v2\/comments?post=6244"}],"version-history":[{"count":0,"href":"https:\/\/www.immobilienbusiness.ch\/de\/wp-json\/wp\/v2\/posts\/6244\/revisions"}],"wp:featuredmedia":[{"embeddable":true,"href":"https:\/\/www.immobilienbusiness.ch\/de\/wp-json\/wp\/v2\/media\/6255"}],"wp:attachment":[{"href":"https:\/\/www.immobilienbusiness.ch\/de\/wp-json\/wp\/v2\/media?parent=6244"}],"wp:term":[{"taxonomy":"category","embeddable":true,"href":"https:\/\/www.immobilienbusiness.ch\/de\/wp-json\/wp\/v2\/categories?post=6244"},{"taxonomy":"post_tag","embeddable":true,"href":"https:\/\/www.immobilienbusiness.ch\/de\/wp-json\/wp\/v2\/tags?post=6244"}],"curies":[{"name":"wp","href":"https:\/\/api.w.org\/{rel}","templated":true}]}}