{"id":62342,"date":"2025-02-07T07:28:35","date_gmt":"2025-02-07T06:28:35","guid":{"rendered":"https:\/\/www.immobilienbusiness.ch\/?p=62342"},"modified":"2025-02-13T11:03:00","modified_gmt":"2025-02-13T10:03:00","slug":"streetbox-finma-genehmigt-umwandlung-zu-teilvermoegen","status":"publish","type":"post","link":"https:\/\/www.immobilienbusiness.ch\/de\/unternehmen\/2025-02-07\/streetbox-finma-genehmigt-umwandlung-zu-teilvermoegen\/","title":{"rendered":"Streetbox: Finma genehmigt Umwandlung zu Teilverm\u00f6gen"},"content":{"rendered":"<figure id=\"attachment_57406\" aria-describedby=\"caption-attachment-57406\" style=\"width: 768px\" class=\"wp-caption alignnone\"><a href=\"https:\/\/www.immobilienbusiness.ch\/wp-content\/uploads\/2024\/06\/Streetbox.jpeg\"><img loading=\"lazy\" decoding=\"async\" class=\"size-large wp-image-57406\" src=\"https:\/\/www.immobilienbusiness.ch\/wp-content\/uploads\/2024\/06\/Streetbox-1024x576.jpeg\" alt=\"Streetbox Real Estate Fund\" width=\"768\" height=\"432\" srcset=\"https:\/\/www.immobilienbusiness.ch\/wp-content\/uploads\/2024\/06\/Streetbox-1024x576.jpeg 1024w, https:\/\/www.immobilienbusiness.ch\/wp-content\/uploads\/2024\/06\/Streetbox-300x169.jpeg 300w, https:\/\/www.immobilienbusiness.ch\/wp-content\/uploads\/2024\/06\/Streetbox-768x432.jpeg 768w, https:\/\/www.immobilienbusiness.ch\/wp-content\/uploads\/2024\/06\/Streetbox-18x10.jpeg 18w, https:\/\/www.immobilienbusiness.ch\/wp-content\/uploads\/2024\/06\/Streetbox-375x211.jpeg 375w, https:\/\/www.immobilienbusiness.ch\/wp-content\/uploads\/2024\/06\/Streetbox-622x350.jpeg 622w, https:\/\/www.immobilienbusiness.ch\/wp-content\/uploads\/2024\/06\/Streetbox-1000x563.jpeg 1000w, https:\/\/www.immobilienbusiness.ch\/wp-content\/uploads\/2024\/06\/Streetbox.jpeg 1280w\" sizes=\"auto, (max-width: 768px) 100vw, 768px\" \/><\/a><figcaption id=\"caption-attachment-57406\" class=\"wp-caption-text\">Streetbox-Liegenschaften bieten modulare Gewerber\u00e4ume (Bild: zVg)<\/figcaption><\/figure>\n<p>Am 30. Januar wurde die Gesellschaft \u00abStreetbox Real Estate SICAV\u00bb ins Handelsregister eingetragen. Das teilt die Procimmo mit. In diesem Zusammenhang genehmigte die Finma die \u00c4nderungen des Fondsvertrags sowie die Umwandlung des bestehenden Streetbox-Fonds in ein Teilverm\u00f6gen der neuen SICAV. Diese \u00c4nderung wird zum 19. Februar wirksam, der Name des Teilverm\u00f6gens lautet \u00abSwiss\u00bb.<\/p>\n<p>Ausserdem teilt Procimmo mit, dass die <a href=\"https:\/\/www.immobilienbusiness.ch\/de\/unternehmen\/2024-12-17\/procimmo-wird-fondsleitung-und-erweitert-die-geschaeftsfuehrung\/\" target=\"_blank\" rel=\"noopener\">bereits angek\u00fcndigte<\/a> \u00c4nderung der Fondsleitung von Solutions &amp; Funds SA zu Procimmo SA voraussichtlich am 1. April in Kraft treten wird. <em>(aw)<\/em><\/p>\n<p>&nbsp;<\/p>\n","protected":false},"excerpt":{"rendered":"<p>Procimmo macht den bisherigen Fonds, der sich auf modular vermietbare Gewerbefl\u00e4chen spezialisiert hat, zum Teilverm\u00f6gen einer neuen SICAV. <\/p>\n","protected":false},"author":102,"featured_media":57406,"comment_status":"closed","ping_status":"closed","sticky":false,"template":"","format":"standard","meta":{"_acf_changed":false,"_yoast_wpseo_focuskw":"Streetbox","_yoast_wpseo_title":"","_yoast_wpseo_metadesc":"Procimmo macht den bisherigen Fonds zum Teilverm\u00f6gen einer neuen SICAV. Die Bezeichnung \u00abSwiss\u00bb deutet darauf hin, dass das Konzept in neue M\u00e4rkte expandiert.","_yoast_wpseo_linkdex":45,"pgc_sgb_lightbox_settings":"","footnotes":""},"categories":[988],"tags":[1344,1597,1738],"class_list":["post-62342","post","type-post","status-publish","format-standard","has-post-thumbnail","hentry","category-unternehmen","tag-immobilienfonds","tag-procimmo","tag-streetbox-real-estate-fund"],"acf":[],"yoast_head":"<!-- This site is optimized with the Yoast SEO plugin v27.4 - https:\/\/yoast.com\/product\/yoast-seo-wordpress\/ -->\n<title>Streetbox: Finma genehmigt Umwandlung zu Teilverm\u00f6gen - IMMOBILIEN Business<\/title>\n<meta name=\"description\" content=\"Procimmo macht den bisherigen Fonds zum Teilverm\u00f6gen einer neuen SICAV. Die Bezeichnung \u00abSwiss\u00bb deutet darauf hin, dass das Konzept in neue M\u00e4rkte expandiert.\" \/>\n<meta name=\"robots\" content=\"index, follow, max-snippet:-1, max-image-preview:large, max-video-preview:-1\" \/>\n<link rel=\"canonical\" href=\"https:\/\/www.immobilienbusiness.ch\/de\/unternehmen\/2025-02-07\/streetbox-finma-genehmigt-umwandlung-zu-teilvermoegen\/\" \/>\n<meta property=\"og:locale\" content=\"de_DE\" \/>\n<meta property=\"og:type\" content=\"article\" \/>\n<meta property=\"og:title\" content=\"Streetbox: Finma genehmigt Umwandlung zu Teilverm\u00f6gen - IMMOBILIEN Business\" \/>\n<meta property=\"og:description\" content=\"Procimmo macht den bisherigen Fonds zum Teilverm\u00f6gen einer neuen SICAV. Die Bezeichnung \u00abSwiss\u00bb deutet darauf hin, dass das Konzept in neue M\u00e4rkte expandiert.\" \/>\n<meta property=\"og:url\" content=\"https:\/\/www.immobilienbusiness.ch\/de\/unternehmen\/2025-02-07\/streetbox-finma-genehmigt-umwandlung-zu-teilvermoegen\/\" \/>\n<meta property=\"og:site_name\" content=\"IMMOBILIEN Business\" \/>\n<meta property=\"article:publisher\" content=\"https:\/\/www.facebook.com\/immobilienbusiness\/\" \/>\n<meta property=\"article:published_time\" content=\"2025-02-07T06:28:35+00:00\" \/>\n<meta property=\"article:modified_time\" content=\"2025-02-13T10:03:00+00:00\" \/>\n<meta property=\"og:image\" content=\"https:\/\/www.immobilienbusiness.ch\/wp-content\/uploads\/2024\/06\/Streetbox.jpeg\" \/>\n\t<meta property=\"og:image:width\" content=\"1280\" \/>\n\t<meta property=\"og:image:height\" content=\"720\" \/>\n\t<meta property=\"og:image:type\" content=\"image\/jpeg\" \/>\n<meta name=\"author\" content=\"Alexander Wachter\" \/>\n<meta name=\"twitter:card\" content=\"summary_large_image\" \/>\n<script type=\"application\/ld+json\" class=\"yoast-schema-graph\">{\"@context\":\"https:\\\/\\\/schema.org\",\"@graph\":[{\"@type\":\"Article\",\"@id\":\"https:\\\/\\\/www.immobilienbusiness.ch\\\/fr\\\/unternehmen\\\/2025-02-07\\\/streetbox-finma-genehmigt-umwandlung-zu-teilvermoegen\\\/#article\",\"isPartOf\":{\"@id\":\"https:\\\/\\\/www.immobilienbusiness.ch\\\/fr\\\/unternehmen\\\/2025-02-07\\\/streetbox-finma-genehmigt-umwandlung-zu-teilvermoegen\\\/\"},\"author\":{\"name\":\"Alexander Wachter\",\"@id\":\"https:\\\/\\\/www.immobilienbusiness.ch\\\/#\\\/schema\\\/person\\\/aba8bea2db926aa0c24c08c43fe1fcd5\"},\"headline\":\"Streetbox: Finma genehmigt Umwandlung zu Teilverm\u00f6gen\",\"datePublished\":\"2025-02-07T06:28:35+00:00\",\"dateModified\":\"2025-02-13T10:03:00+00:00\",\"mainEntityOfPage\":{\"@id\":\"https:\\\/\\\/www.immobilienbusiness.ch\\\/fr\\\/unternehmen\\\/2025-02-07\\\/streetbox-finma-genehmigt-umwandlung-zu-teilvermoegen\\\/\"},\"wordCount\":103,\"publisher\":{\"@id\":\"https:\\\/\\\/www.immobilienbusiness.ch\\\/#organization\"},\"image\":{\"@id\":\"https:\\\/\\\/www.immobilienbusiness.ch\\\/fr\\\/unternehmen\\\/2025-02-07\\\/streetbox-finma-genehmigt-umwandlung-zu-teilvermoegen\\\/#primaryimage\"},\"thumbnailUrl\":\"https:\\\/\\\/www.immobilienbusiness.ch\\\/wp-content\\\/uploads\\\/2024\\\/06\\\/Streetbox.jpeg\",\"keywords\":[\"Immobilienfonds\",\"Procimmo\",\"Streetbox Real Estate Fund\"],\"articleSection\":[\"UNTERNEHMEN\"],\"inLanguage\":\"de\"},{\"@type\":\"WebPage\",\"@id\":\"https:\\\/\\\/www.immobilienbusiness.ch\\\/fr\\\/unternehmen\\\/2025-02-07\\\/streetbox-finma-genehmigt-umwandlung-zu-teilvermoegen\\\/\",\"url\":\"https:\\\/\\\/www.immobilienbusiness.ch\\\/fr\\\/unternehmen\\\/2025-02-07\\\/streetbox-finma-genehmigt-umwandlung-zu-teilvermoegen\\\/\",\"name\":\"Streetbox: Finma genehmigt Umwandlung zu Teilverm\u00f6gen - IMMOBILIEN Business\",\"isPartOf\":{\"@id\":\"https:\\\/\\\/www.immobilienbusiness.ch\\\/#website\"},\"primaryImageOfPage\":{\"@id\":\"https:\\\/\\\/www.immobilienbusiness.ch\\\/fr\\\/unternehmen\\\/2025-02-07\\\/streetbox-finma-genehmigt-umwandlung-zu-teilvermoegen\\\/#primaryimage\"},\"image\":{\"@id\":\"https:\\\/\\\/www.immobilienbusiness.ch\\\/fr\\\/unternehmen\\\/2025-02-07\\\/streetbox-finma-genehmigt-umwandlung-zu-teilvermoegen\\\/#primaryimage\"},\"thumbnailUrl\":\"https:\\\/\\\/www.immobilienbusiness.ch\\\/wp-content\\\/uploads\\\/2024\\\/06\\\/Streetbox.jpeg\",\"datePublished\":\"2025-02-07T06:28:35+00:00\",\"dateModified\":\"2025-02-13T10:03:00+00:00\",\"description\":\"Procimmo macht den bisherigen Fonds zum Teilverm\u00f6gen einer neuen SICAV. Die Bezeichnung \u00abSwiss\u00bb deutet darauf hin, dass das Konzept in neue M\u00e4rkte expandiert.\",\"breadcrumb\":{\"@id\":\"https:\\\/\\\/www.immobilienbusiness.ch\\\/fr\\\/unternehmen\\\/2025-02-07\\\/streetbox-finma-genehmigt-umwandlung-zu-teilvermoegen\\\/#breadcrumb\"},\"inLanguage\":\"de\",\"potentialAction\":[{\"@type\":\"ReadAction\",\"target\":[\"https:\\\/\\\/www.immobilienbusiness.ch\\\/fr\\\/unternehmen\\\/2025-02-07\\\/streetbox-finma-genehmigt-umwandlung-zu-teilvermoegen\\\/\"]}]},{\"@type\":\"ImageObject\",\"inLanguage\":\"de\",\"@id\":\"https:\\\/\\\/www.immobilienbusiness.ch\\\/fr\\\/unternehmen\\\/2025-02-07\\\/streetbox-finma-genehmigt-umwandlung-zu-teilvermoegen\\\/#primaryimage\",\"url\":\"https:\\\/\\\/www.immobilienbusiness.ch\\\/wp-content\\\/uploads\\\/2024\\\/06\\\/Streetbox.jpeg\",\"contentUrl\":\"https:\\\/\\\/www.immobilienbusiness.ch\\\/wp-content\\\/uploads\\\/2024\\\/06\\\/Streetbox.jpeg\",\"width\":1280,\"height\":720,\"caption\":\"Streetbox setzt auf modular vermietbare Gewerber\u00e4ume (Bild: \u00a9 Procimmo)\"},{\"@type\":\"BreadcrumbList\",\"@id\":\"https:\\\/\\\/www.immobilienbusiness.ch\\\/fr\\\/unternehmen\\\/2025-02-07\\\/streetbox-finma-genehmigt-umwandlung-zu-teilvermoegen\\\/#breadcrumb\",\"itemListElement\":[{\"@type\":\"ListItem\",\"position\":1,\"name\":\"Home\",\"item\":\"https:\\\/\\\/www.immobilienbusiness.ch\\\/\"},{\"@type\":\"ListItem\",\"position\":2,\"name\":\"Streetbox: Finma genehmigt Umwandlung zu Teilverm\u00f6gen\"}]},{\"@type\":\"WebSite\",\"@id\":\"https:\\\/\\\/www.immobilienbusiness.ch\\\/#website\",\"url\":\"https:\\\/\\\/www.immobilienbusiness.ch\\\/\",\"name\":\"IMMOBILIEN Business\",\"description\":\"Unabh\u00e4ngiges Schweizer Wirtschaftsmagazin mit Fokus auf Immobilien, Architektur- und Bau sowie Investment- und Finanzierung.\",\"publisher\":{\"@id\":\"https:\\\/\\\/www.immobilienbusiness.ch\\\/#organization\"},\"potentialAction\":[{\"@type\":\"SearchAction\",\"target\":{\"@type\":\"EntryPoint\",\"urlTemplate\":\"https:\\\/\\\/www.immobilienbusiness.ch\\\/?s={search_term_string}\"},\"query-input\":{\"@type\":\"PropertyValueSpecification\",\"valueRequired\":true,\"valueName\":\"search_term_string\"}}],\"inLanguage\":\"de\"},{\"@type\":\"Organization\",\"@id\":\"https:\\\/\\\/www.immobilienbusiness.ch\\\/#organization\",\"name\":\"IMMOBILIEN Business\",\"url\":\"https:\\\/\\\/www.immobilienbusiness.ch\\\/\",\"logo\":{\"@type\":\"ImageObject\",\"inLanguage\":\"de\",\"@id\":\"https:\\\/\\\/www.immobilienbusiness.ch\\\/#\\\/schema\\\/logo\\\/image\\\/\",\"url\":\"https:\\\/\\\/www.immobilienbusiness.ch\\\/wp-content\\\/uploads\\\/2021\\\/07\\\/logo_ib.png\",\"contentUrl\":\"https:\\\/\\\/www.immobilienbusiness.ch\\\/wp-content\\\/uploads\\\/2021\\\/07\\\/logo_ib.png\",\"width\":800,\"height\":181,\"caption\":\"IMMOBILIEN Business\"},\"image\":{\"@id\":\"https:\\\/\\\/www.immobilienbusiness.ch\\\/#\\\/schema\\\/logo\\\/image\\\/\"},\"sameAs\":[\"https:\\\/\\\/www.facebook.com\\\/immobilienbusiness\\\/\"]},{\"@type\":\"Person\",\"@id\":\"https:\\\/\\\/www.immobilienbusiness.ch\\\/#\\\/schema\\\/person\\\/aba8bea2db926aa0c24c08c43fe1fcd5\",\"name\":\"Alexander Wachter\",\"image\":{\"@type\":\"ImageObject\",\"inLanguage\":\"de\",\"@id\":\"https:\\\/\\\/secure.gravatar.com\\\/avatar\\\/1a09e471f5389b0e0a6416eac287e0927c7c97a7b77f9e787eba3af7aee281dd?s=96&d=mm&r=g\",\"url\":\"https:\\\/\\\/secure.gravatar.com\\\/avatar\\\/1a09e471f5389b0e0a6416eac287e0927c7c97a7b77f9e787eba3af7aee281dd?s=96&d=mm&r=g\",\"contentUrl\":\"https:\\\/\\\/secure.gravatar.com\\\/avatar\\\/1a09e471f5389b0e0a6416eac287e0927c7c97a7b77f9e787eba3af7aee281dd?s=96&d=mm&r=g\",\"caption\":\"Alexander Wachter\"},\"url\":\"https:\\\/\\\/www.immobilienbusiness.ch\\\/de\\\/author\\\/alexander-wachter\\\/\"}]}<\/script>\n<!-- \/ Yoast SEO plugin. -->","yoast_head_json":{"title":"Streetbox: Finma genehmigt Umwandlung zu Teilverm\u00f6gen - IMMOBILIEN Business","description":"Procimmo macht den bisherigen Fonds zum Teilverm\u00f6gen einer neuen SICAV. Die Bezeichnung \u00abSwiss\u00bb deutet darauf hin, dass das Konzept in neue M\u00e4rkte expandiert.","robots":{"index":"index","follow":"follow","max-snippet":"max-snippet:-1","max-image-preview":"max-image-preview:large","max-video-preview":"max-video-preview:-1"},"canonical":"https:\/\/www.immobilienbusiness.ch\/de\/unternehmen\/2025-02-07\/streetbox-finma-genehmigt-umwandlung-zu-teilvermoegen\/","og_locale":"de_DE","og_type":"article","og_title":"Streetbox: Finma genehmigt Umwandlung zu Teilverm\u00f6gen - IMMOBILIEN Business","og_description":"Procimmo macht den bisherigen Fonds zum Teilverm\u00f6gen einer neuen SICAV. Die Bezeichnung \u00abSwiss\u00bb deutet darauf hin, dass das Konzept in neue M\u00e4rkte expandiert.","og_url":"https:\/\/www.immobilienbusiness.ch\/de\/unternehmen\/2025-02-07\/streetbox-finma-genehmigt-umwandlung-zu-teilvermoegen\/","og_site_name":"IMMOBILIEN Business","article_publisher":"https:\/\/www.facebook.com\/immobilienbusiness\/","article_published_time":"2025-02-07T06:28:35+00:00","article_modified_time":"2025-02-13T10:03:00+00:00","og_image":[{"width":1280,"height":720,"url":"https:\/\/www.immobilienbusiness.ch\/wp-content\/uploads\/2024\/06\/Streetbox.jpeg","type":"image\/jpeg"}],"author":"Alexander Wachter","twitter_card":"summary_large_image","schema":{"@context":"https:\/\/schema.org","@graph":[{"@type":"Article","@id":"https:\/\/www.immobilienbusiness.ch\/fr\/unternehmen\/2025-02-07\/streetbox-finma-genehmigt-umwandlung-zu-teilvermoegen\/#article","isPartOf":{"@id":"https:\/\/www.immobilienbusiness.ch\/fr\/unternehmen\/2025-02-07\/streetbox-finma-genehmigt-umwandlung-zu-teilvermoegen\/"},"author":{"name":"Alexander Wachter","@id":"https:\/\/www.immobilienbusiness.ch\/#\/schema\/person\/aba8bea2db926aa0c24c08c43fe1fcd5"},"headline":"Streetbox: Finma genehmigt Umwandlung zu Teilverm\u00f6gen","datePublished":"2025-02-07T06:28:35+00:00","dateModified":"2025-02-13T10:03:00+00:00","mainEntityOfPage":{"@id":"https:\/\/www.immobilienbusiness.ch\/fr\/unternehmen\/2025-02-07\/streetbox-finma-genehmigt-umwandlung-zu-teilvermoegen\/"},"wordCount":103,"publisher":{"@id":"https:\/\/www.immobilienbusiness.ch\/#organization"},"image":{"@id":"https:\/\/www.immobilienbusiness.ch\/fr\/unternehmen\/2025-02-07\/streetbox-finma-genehmigt-umwandlung-zu-teilvermoegen\/#primaryimage"},"thumbnailUrl":"https:\/\/www.immobilienbusiness.ch\/wp-content\/uploads\/2024\/06\/Streetbox.jpeg","keywords":["Immobilienfonds","Procimmo","Streetbox Real Estate Fund"],"articleSection":["UNTERNEHMEN"],"inLanguage":"de"},{"@type":"WebPage","@id":"https:\/\/www.immobilienbusiness.ch\/fr\/unternehmen\/2025-02-07\/streetbox-finma-genehmigt-umwandlung-zu-teilvermoegen\/","url":"https:\/\/www.immobilienbusiness.ch\/fr\/unternehmen\/2025-02-07\/streetbox-finma-genehmigt-umwandlung-zu-teilvermoegen\/","name":"Streetbox: Finma genehmigt Umwandlung zu Teilverm\u00f6gen - IMMOBILIEN Business","isPartOf":{"@id":"https:\/\/www.immobilienbusiness.ch\/#website"},"primaryImageOfPage":{"@id":"https:\/\/www.immobilienbusiness.ch\/fr\/unternehmen\/2025-02-07\/streetbox-finma-genehmigt-umwandlung-zu-teilvermoegen\/#primaryimage"},"image":{"@id":"https:\/\/www.immobilienbusiness.ch\/fr\/unternehmen\/2025-02-07\/streetbox-finma-genehmigt-umwandlung-zu-teilvermoegen\/#primaryimage"},"thumbnailUrl":"https:\/\/www.immobilienbusiness.ch\/wp-content\/uploads\/2024\/06\/Streetbox.jpeg","datePublished":"2025-02-07T06:28:35+00:00","dateModified":"2025-02-13T10:03:00+00:00","description":"Procimmo macht den bisherigen Fonds zum Teilverm\u00f6gen einer neuen SICAV. Die Bezeichnung \u00abSwiss\u00bb deutet darauf hin, dass das Konzept in neue M\u00e4rkte expandiert.","breadcrumb":{"@id":"https:\/\/www.immobilienbusiness.ch\/fr\/unternehmen\/2025-02-07\/streetbox-finma-genehmigt-umwandlung-zu-teilvermoegen\/#breadcrumb"},"inLanguage":"de","potentialAction":[{"@type":"ReadAction","target":["https:\/\/www.immobilienbusiness.ch\/fr\/unternehmen\/2025-02-07\/streetbox-finma-genehmigt-umwandlung-zu-teilvermoegen\/"]}]},{"@type":"ImageObject","inLanguage":"de","@id":"https:\/\/www.immobilienbusiness.ch\/fr\/unternehmen\/2025-02-07\/streetbox-finma-genehmigt-umwandlung-zu-teilvermoegen\/#primaryimage","url":"https:\/\/www.immobilienbusiness.ch\/wp-content\/uploads\/2024\/06\/Streetbox.jpeg","contentUrl":"https:\/\/www.immobilienbusiness.ch\/wp-content\/uploads\/2024\/06\/Streetbox.jpeg","width":1280,"height":720,"caption":"Streetbox setzt auf modular vermietbare Gewerber\u00e4ume (Bild: \u00a9 Procimmo)"},{"@type":"BreadcrumbList","@id":"https:\/\/www.immobilienbusiness.ch\/fr\/unternehmen\/2025-02-07\/streetbox-finma-genehmigt-umwandlung-zu-teilvermoegen\/#breadcrumb","itemListElement":[{"@type":"ListItem","position":1,"name":"Home","item":"https:\/\/www.immobilienbusiness.ch\/"},{"@type":"ListItem","position":2,"name":"Streetbox: Finma genehmigt Umwandlung zu Teilverm\u00f6gen"}]},{"@type":"WebSite","@id":"https:\/\/www.immobilienbusiness.ch\/#website","url":"https:\/\/www.immobilienbusiness.ch\/","name":"IMMOBILIEN Business","description":"Unabh\u00e4ngiges Schweizer Wirtschaftsmagazin mit Fokus auf Immobilien, Architektur- und Bau sowie Investment- und Finanzierung.","publisher":{"@id":"https:\/\/www.immobilienbusiness.ch\/#organization"},"potentialAction":[{"@type":"SearchAction","target":{"@type":"EntryPoint","urlTemplate":"https:\/\/www.immobilienbusiness.ch\/?s={search_term_string}"},"query-input":{"@type":"PropertyValueSpecification","valueRequired":true,"valueName":"search_term_string"}}],"inLanguage":"de"},{"@type":"Organization","@id":"https:\/\/www.immobilienbusiness.ch\/#organization","name":"IMMOBILIEN Business","url":"https:\/\/www.immobilienbusiness.ch\/","logo":{"@type":"ImageObject","inLanguage":"de","@id":"https:\/\/www.immobilienbusiness.ch\/#\/schema\/logo\/image\/","url":"https:\/\/www.immobilienbusiness.ch\/wp-content\/uploads\/2021\/07\/logo_ib.png","contentUrl":"https:\/\/www.immobilienbusiness.ch\/wp-content\/uploads\/2021\/07\/logo_ib.png","width":800,"height":181,"caption":"IMMOBILIEN Business"},"image":{"@id":"https:\/\/www.immobilienbusiness.ch\/#\/schema\/logo\/image\/"},"sameAs":["https:\/\/www.facebook.com\/immobilienbusiness\/"]},{"@type":"Person","@id":"https:\/\/www.immobilienbusiness.ch\/#\/schema\/person\/aba8bea2db926aa0c24c08c43fe1fcd5","name":"Alexander Wachter","image":{"@type":"ImageObject","inLanguage":"de","@id":"https:\/\/secure.gravatar.com\/avatar\/1a09e471f5389b0e0a6416eac287e0927c7c97a7b77f9e787eba3af7aee281dd?s=96&d=mm&r=g","url":"https:\/\/secure.gravatar.com\/avatar\/1a09e471f5389b0e0a6416eac287e0927c7c97a7b77f9e787eba3af7aee281dd?s=96&d=mm&r=g","contentUrl":"https:\/\/secure.gravatar.com\/avatar\/1a09e471f5389b0e0a6416eac287e0927c7c97a7b77f9e787eba3af7aee281dd?s=96&d=mm&r=g","caption":"Alexander Wachter"},"url":"https:\/\/www.immobilienbusiness.ch\/de\/author\/alexander-wachter\/"}]}},"_links":{"self":[{"href":"https:\/\/www.immobilienbusiness.ch\/de\/wp-json\/wp\/v2\/posts\/62342","targetHints":{"allow":["GET"]}}],"collection":[{"href":"https:\/\/www.immobilienbusiness.ch\/de\/wp-json\/wp\/v2\/posts"}],"about":[{"href":"https:\/\/www.immobilienbusiness.ch\/de\/wp-json\/wp\/v2\/types\/post"}],"author":[{"embeddable":true,"href":"https:\/\/www.immobilienbusiness.ch\/de\/wp-json\/wp\/v2\/users\/102"}],"replies":[{"embeddable":true,"href":"https:\/\/www.immobilienbusiness.ch\/de\/wp-json\/wp\/v2\/comments?post=62342"}],"version-history":[{"count":4,"href":"https:\/\/www.immobilienbusiness.ch\/de\/wp-json\/wp\/v2\/posts\/62342\/revisions"}],"predecessor-version":[{"id":62392,"href":"https:\/\/www.immobilienbusiness.ch\/de\/wp-json\/wp\/v2\/posts\/62342\/revisions\/62392"}],"wp:featuredmedia":[{"embeddable":true,"href":"https:\/\/www.immobilienbusiness.ch\/de\/wp-json\/wp\/v2\/media\/57406"}],"wp:attachment":[{"href":"https:\/\/www.immobilienbusiness.ch\/de\/wp-json\/wp\/v2\/media?parent=62342"}],"wp:term":[{"taxonomy":"category","embeddable":true,"href":"https:\/\/www.immobilienbusiness.ch\/de\/wp-json\/wp\/v2\/categories?post=62342"},{"taxonomy":"post_tag","embeddable":true,"href":"https:\/\/www.immobilienbusiness.ch\/de\/wp-json\/wp\/v2\/tags?post=62342"}],"curies":[{"name":"wp","href":"https:\/\/api.w.org\/{rel}","templated":true}]}}