{"id":62104,"date":"2025-01-17T07:57:10","date_gmt":"2025-01-17T06:57:10","guid":{"rendered":"https:\/\/www.immobilienbusiness.ch\/?p=62104"},"modified":"2025-01-23T13:34:15","modified_gmt":"2025-01-23T12:34:15","slug":"halter-verstaerkt-sich-in-der-westschweiz","status":"publish","type":"post","link":"https:\/\/www.immobilienbusiness.ch\/de\/personalia\/2025-01-17\/halter-verstaerkt-sich-in-der-westschweiz\/","title":{"rendered":"Halter verst\u00e4rkt sich in der Westschweiz"},"content":{"rendered":"<figure id=\"attachment_62105\" aria-describedby=\"caption-attachment-62105\" style=\"width: 650px\" class=\"wp-caption alignnone\"><a href=\"https:\/\/www.immobilienbusiness.ch\/wp-content\/uploads\/2025\/01\/Renaud_Vincendon_Halter.png\"><img loading=\"lazy\" decoding=\"async\" class=\"size-full wp-image-62105\" src=\"https:\/\/www.immobilienbusiness.ch\/wp-content\/uploads\/2025\/01\/Renaud_Vincendon_Halter.png\" alt=\"\" width=\"650\" height=\"560\" srcset=\"https:\/\/www.immobilienbusiness.ch\/wp-content\/uploads\/2025\/01\/Renaud_Vincendon_Halter.png 650w, https:\/\/www.immobilienbusiness.ch\/wp-content\/uploads\/2025\/01\/Renaud_Vincendon_Halter-300x258.png 300w, https:\/\/www.immobilienbusiness.ch\/wp-content\/uploads\/2025\/01\/Renaud_Vincendon_Halter-14x12.png 14w, https:\/\/www.immobilienbusiness.ch\/wp-content\/uploads\/2025\/01\/Renaud_Vincendon_Halter-348x300.png 348w, https:\/\/www.immobilienbusiness.ch\/wp-content\/uploads\/2025\/01\/Renaud_Vincendon_Halter-406x350.png 406w\" sizes=\"auto, (max-width: 650px) 100vw, 650px\" \/><\/a><figcaption id=\"caption-attachment-62105\" class=\"wp-caption-text\">Renaud Vincendon (Bild: \u00a9 Halter AG)<\/figcaption><\/figure>\n<p>Die Halter AG verst\u00e4rkt ihre T\u00e4tigkeiten in Genf. Der Bau- und Immobiliendienstleister stellt zum 1. Februar Renaud Vincendon ein, der dort das Entwicklungsgesch\u00e4ft vorantreiben soll. Vincendon war bis November 2024 COO und Partner bei M3 Immobilier, welche k\u00fcrzlich mit dem Erwerb des Entwicklungsgesch\u00e4fts von Steiner <a href=\"https:\/\/www.immobilienbusiness.ch\/de\/unternehmen\/2024-12-20\/genfer-immobilienentwickler-uebernimmt-steiner-development-ag\/\" target=\"_blank\" rel=\"noopener\">f\u00fcr Schlagzeilen gesorgt hat<\/a>. Vor seiner sechsj\u00e4hrigen T\u00e4tigkeit f\u00fcr M3 arbeitete Vincencon acht Jahre in Genf f\u00fcr CBRE Switzerland.<\/p>\n<p>Halter ist seit 2017 in der Romandie aktiv und will mit Vincendon seine Position dort festigen. Vincendon sei ein \u00aballseits anerkannter und gesch\u00e4tzter Immobilienspezialist\u00bb, schreibt das Unternehmen in einer Mitteilung. Er engagiert sich in Verb\u00e4nden wie Design Build Switzerland, Horizon L\u00e9man und RICS. Mit der Personalie unterstreiche Halter sein Bestreben, sich als Gesamtdienstleister und Entwickler auf einheitliche Weise in der ganzen Schweiz einzubringen, heisst es. <em>(aw)<\/em><\/p>\n<p>&nbsp;<\/p>\n","protected":false},"excerpt":{"rendered":"<p>Der Gesamtdienstleister und Entwickler holt den ehemaligen COO von M3 Immobilier in Genf ins Unternehmen.<\/p>\n","protected":false},"author":102,"featured_media":62105,"comment_status":"closed","ping_status":"closed","sticky":false,"template":"","format":"standard","meta":{"_acf_changed":false,"_yoast_wpseo_focuskw":"Halter","_yoast_wpseo_title":"","_yoast_wpseo_metadesc":"Der Gesamtdienstleister und Entwickler holt den ehemaligen COO von M3 Immobilier in Genf ins Unternehmen.","_yoast_wpseo_linkdex":42,"pgc_sgb_lightbox_settings":"","footnotes":""},"categories":[1912],"tags":[1260,2211,4063,1563],"class_list":["post-62104","post","type-post","status-publish","format-standard","has-post-thumbnail","hentry","category-personalia","tag-genf","tag-halter","tag-m3-immobilier","tag-personalia"],"acf":[],"yoast_head":"<!-- This site is optimized with the Yoast SEO plugin v27.4 - https:\/\/yoast.com\/product\/yoast-seo-wordpress\/ -->\n<title>Halter verst\u00e4rkt sich in der Westschweiz - IMMOBILIEN Business<\/title>\n<meta name=\"description\" content=\"Der Gesamtdienstleister und Entwickler holt den ehemaligen COO von M3 Immobilier in Genf ins Unternehmen.\" \/>\n<meta name=\"robots\" content=\"index, follow, max-snippet:-1, max-image-preview:large, max-video-preview:-1\" \/>\n<link rel=\"canonical\" href=\"https:\/\/www.immobilienbusiness.ch\/de\/personalia\/2025-01-17\/halter-verstaerkt-sich-in-der-westschweiz\/\" \/>\n<meta property=\"og:locale\" content=\"de_DE\" \/>\n<meta property=\"og:type\" content=\"article\" \/>\n<meta property=\"og:title\" content=\"Halter verst\u00e4rkt sich in der Westschweiz - IMMOBILIEN Business\" \/>\n<meta property=\"og:description\" content=\"Der Gesamtdienstleister und Entwickler holt den ehemaligen COO von M3 Immobilier in Genf ins Unternehmen.\" \/>\n<meta property=\"og:url\" content=\"https:\/\/www.immobilienbusiness.ch\/de\/personalia\/2025-01-17\/halter-verstaerkt-sich-in-der-westschweiz\/\" \/>\n<meta property=\"og:site_name\" content=\"IMMOBILIEN Business\" \/>\n<meta property=\"article:publisher\" content=\"https:\/\/www.facebook.com\/immobilienbusiness\/\" \/>\n<meta property=\"article:published_time\" content=\"2025-01-17T06:57:10+00:00\" \/>\n<meta property=\"article:modified_time\" content=\"2025-01-23T12:34:15+00:00\" \/>\n<meta property=\"og:image\" content=\"https:\/\/www.immobilienbusiness.ch\/wp-content\/uploads\/2025\/01\/Renaud_Vincendon_Halter.png\" \/>\n\t<meta property=\"og:image:width\" content=\"650\" \/>\n\t<meta property=\"og:image:height\" content=\"560\" \/>\n\t<meta property=\"og:image:type\" content=\"image\/png\" \/>\n<meta name=\"author\" content=\"Alexander Wachter\" \/>\n<meta name=\"twitter:card\" content=\"summary_large_image\" \/>\n<script type=\"application\/ld+json\" class=\"yoast-schema-graph\">{\"@context\":\"https:\\\/\\\/schema.org\",\"@graph\":[{\"@type\":\"Article\",\"@id\":\"https:\\\/\\\/www.immobilienbusiness.ch\\\/fr\\\/personalia\\\/2025-01-17\\\/halter-verstaerkt-sich-in-der-westschweiz\\\/#article\",\"isPartOf\":{\"@id\":\"https:\\\/\\\/www.immobilienbusiness.ch\\\/fr\\\/personalia\\\/2025-01-17\\\/halter-verstaerkt-sich-in-der-westschweiz\\\/\"},\"author\":{\"name\":\"Alexander Wachter\",\"@id\":\"https:\\\/\\\/www.immobilienbusiness.ch\\\/#\\\/schema\\\/person\\\/aba8bea2db926aa0c24c08c43fe1fcd5\"},\"headline\":\"Halter verst\u00e4rkt sich in der Westschweiz\",\"datePublished\":\"2025-01-17T06:57:10+00:00\",\"dateModified\":\"2025-01-23T12:34:15+00:00\",\"mainEntityOfPage\":{\"@id\":\"https:\\\/\\\/www.immobilienbusiness.ch\\\/fr\\\/personalia\\\/2025-01-17\\\/halter-verstaerkt-sich-in-der-westschweiz\\\/\"},\"wordCount\":160,\"publisher\":{\"@id\":\"https:\\\/\\\/www.immobilienbusiness.ch\\\/#organization\"},\"image\":{\"@id\":\"https:\\\/\\\/www.immobilienbusiness.ch\\\/fr\\\/personalia\\\/2025-01-17\\\/halter-verstaerkt-sich-in-der-westschweiz\\\/#primaryimage\"},\"thumbnailUrl\":\"https:\\\/\\\/www.immobilienbusiness.ch\\\/wp-content\\\/uploads\\\/2025\\\/01\\\/Renaud_Vincendon_Halter.png\",\"keywords\":[\"Genf\",\"Halter\",\"M3 Immobilier\",\"Personalia\"],\"articleSection\":[\"PERSONALIA\"],\"inLanguage\":\"de\"},{\"@type\":\"WebPage\",\"@id\":\"https:\\\/\\\/www.immobilienbusiness.ch\\\/fr\\\/personalia\\\/2025-01-17\\\/halter-verstaerkt-sich-in-der-westschweiz\\\/\",\"url\":\"https:\\\/\\\/www.immobilienbusiness.ch\\\/fr\\\/personalia\\\/2025-01-17\\\/halter-verstaerkt-sich-in-der-westschweiz\\\/\",\"name\":\"Halter verst\u00e4rkt sich in der Westschweiz - IMMOBILIEN Business\",\"isPartOf\":{\"@id\":\"https:\\\/\\\/www.immobilienbusiness.ch\\\/#website\"},\"primaryImageOfPage\":{\"@id\":\"https:\\\/\\\/www.immobilienbusiness.ch\\\/fr\\\/personalia\\\/2025-01-17\\\/halter-verstaerkt-sich-in-der-westschweiz\\\/#primaryimage\"},\"image\":{\"@id\":\"https:\\\/\\\/www.immobilienbusiness.ch\\\/fr\\\/personalia\\\/2025-01-17\\\/halter-verstaerkt-sich-in-der-westschweiz\\\/#primaryimage\"},\"thumbnailUrl\":\"https:\\\/\\\/www.immobilienbusiness.ch\\\/wp-content\\\/uploads\\\/2025\\\/01\\\/Renaud_Vincendon_Halter.png\",\"datePublished\":\"2025-01-17T06:57:10+00:00\",\"dateModified\":\"2025-01-23T12:34:15+00:00\",\"description\":\"Der Gesamtdienstleister und Entwickler holt den ehemaligen COO von M3 Immobilier in Genf ins Unternehmen.\",\"breadcrumb\":{\"@id\":\"https:\\\/\\\/www.immobilienbusiness.ch\\\/fr\\\/personalia\\\/2025-01-17\\\/halter-verstaerkt-sich-in-der-westschweiz\\\/#breadcrumb\"},\"inLanguage\":\"de\",\"potentialAction\":[{\"@type\":\"ReadAction\",\"target\":[\"https:\\\/\\\/www.immobilienbusiness.ch\\\/fr\\\/personalia\\\/2025-01-17\\\/halter-verstaerkt-sich-in-der-westschweiz\\\/\"]}]},{\"@type\":\"ImageObject\",\"inLanguage\":\"de\",\"@id\":\"https:\\\/\\\/www.immobilienbusiness.ch\\\/fr\\\/personalia\\\/2025-01-17\\\/halter-verstaerkt-sich-in-der-westschweiz\\\/#primaryimage\",\"url\":\"https:\\\/\\\/www.immobilienbusiness.ch\\\/wp-content\\\/uploads\\\/2025\\\/01\\\/Renaud_Vincendon_Halter.png\",\"contentUrl\":\"https:\\\/\\\/www.immobilienbusiness.ch\\\/wp-content\\\/uploads\\\/2025\\\/01\\\/Renaud_Vincendon_Halter.png\",\"width\":650,\"height\":560,\"caption\":\"Renaud Vincendon (Bild: \u00a9 Halter AG)\"},{\"@type\":\"BreadcrumbList\",\"@id\":\"https:\\\/\\\/www.immobilienbusiness.ch\\\/fr\\\/personalia\\\/2025-01-17\\\/halter-verstaerkt-sich-in-der-westschweiz\\\/#breadcrumb\",\"itemListElement\":[{\"@type\":\"ListItem\",\"position\":1,\"name\":\"Home\",\"item\":\"https:\\\/\\\/www.immobilienbusiness.ch\\\/\"},{\"@type\":\"ListItem\",\"position\":2,\"name\":\"Halter verst\u00e4rkt sich in der Westschweiz\"}]},{\"@type\":\"WebSite\",\"@id\":\"https:\\\/\\\/www.immobilienbusiness.ch\\\/#website\",\"url\":\"https:\\\/\\\/www.immobilienbusiness.ch\\\/\",\"name\":\"IMMOBILIEN Business\",\"description\":\"Unabh\u00e4ngiges Schweizer Wirtschaftsmagazin mit Fokus auf Immobilien, Architektur- und Bau sowie Investment- und Finanzierung.\",\"publisher\":{\"@id\":\"https:\\\/\\\/www.immobilienbusiness.ch\\\/#organization\"},\"potentialAction\":[{\"@type\":\"SearchAction\",\"target\":{\"@type\":\"EntryPoint\",\"urlTemplate\":\"https:\\\/\\\/www.immobilienbusiness.ch\\\/?s={search_term_string}\"},\"query-input\":{\"@type\":\"PropertyValueSpecification\",\"valueRequired\":true,\"valueName\":\"search_term_string\"}}],\"inLanguage\":\"de\"},{\"@type\":\"Organization\",\"@id\":\"https:\\\/\\\/www.immobilienbusiness.ch\\\/#organization\",\"name\":\"IMMOBILIEN Business\",\"url\":\"https:\\\/\\\/www.immobilienbusiness.ch\\\/\",\"logo\":{\"@type\":\"ImageObject\",\"inLanguage\":\"de\",\"@id\":\"https:\\\/\\\/www.immobilienbusiness.ch\\\/#\\\/schema\\\/logo\\\/image\\\/\",\"url\":\"https:\\\/\\\/www.immobilienbusiness.ch\\\/wp-content\\\/uploads\\\/2021\\\/07\\\/logo_ib.png\",\"contentUrl\":\"https:\\\/\\\/www.immobilienbusiness.ch\\\/wp-content\\\/uploads\\\/2021\\\/07\\\/logo_ib.png\",\"width\":800,\"height\":181,\"caption\":\"IMMOBILIEN Business\"},\"image\":{\"@id\":\"https:\\\/\\\/www.immobilienbusiness.ch\\\/#\\\/schema\\\/logo\\\/image\\\/\"},\"sameAs\":[\"https:\\\/\\\/www.facebook.com\\\/immobilienbusiness\\\/\"]},{\"@type\":\"Person\",\"@id\":\"https:\\\/\\\/www.immobilienbusiness.ch\\\/#\\\/schema\\\/person\\\/aba8bea2db926aa0c24c08c43fe1fcd5\",\"name\":\"Alexander Wachter\",\"image\":{\"@type\":\"ImageObject\",\"inLanguage\":\"de\",\"@id\":\"https:\\\/\\\/secure.gravatar.com\\\/avatar\\\/1a09e471f5389b0e0a6416eac287e0927c7c97a7b77f9e787eba3af7aee281dd?s=96&d=mm&r=g\",\"url\":\"https:\\\/\\\/secure.gravatar.com\\\/avatar\\\/1a09e471f5389b0e0a6416eac287e0927c7c97a7b77f9e787eba3af7aee281dd?s=96&d=mm&r=g\",\"contentUrl\":\"https:\\\/\\\/secure.gravatar.com\\\/avatar\\\/1a09e471f5389b0e0a6416eac287e0927c7c97a7b77f9e787eba3af7aee281dd?s=96&d=mm&r=g\",\"caption\":\"Alexander Wachter\"},\"url\":\"https:\\\/\\\/www.immobilienbusiness.ch\\\/de\\\/author\\\/alexander-wachter\\\/\"}]}<\/script>\n<!-- \/ Yoast SEO plugin. -->","yoast_head_json":{"title":"Halter verst\u00e4rkt sich in der Westschweiz - IMMOBILIEN Business","description":"Der Gesamtdienstleister und Entwickler holt den ehemaligen COO von M3 Immobilier in Genf ins Unternehmen.","robots":{"index":"index","follow":"follow","max-snippet":"max-snippet:-1","max-image-preview":"max-image-preview:large","max-video-preview":"max-video-preview:-1"},"canonical":"https:\/\/www.immobilienbusiness.ch\/de\/personalia\/2025-01-17\/halter-verstaerkt-sich-in-der-westschweiz\/","og_locale":"de_DE","og_type":"article","og_title":"Halter verst\u00e4rkt sich in der Westschweiz - IMMOBILIEN Business","og_description":"Der Gesamtdienstleister und Entwickler holt den ehemaligen COO von M3 Immobilier in Genf ins Unternehmen.","og_url":"https:\/\/www.immobilienbusiness.ch\/de\/personalia\/2025-01-17\/halter-verstaerkt-sich-in-der-westschweiz\/","og_site_name":"IMMOBILIEN Business","article_publisher":"https:\/\/www.facebook.com\/immobilienbusiness\/","article_published_time":"2025-01-17T06:57:10+00:00","article_modified_time":"2025-01-23T12:34:15+00:00","og_image":[{"width":650,"height":560,"url":"https:\/\/www.immobilienbusiness.ch\/wp-content\/uploads\/2025\/01\/Renaud_Vincendon_Halter.png","type":"image\/png"}],"author":"Alexander Wachter","twitter_card":"summary_large_image","schema":{"@context":"https:\/\/schema.org","@graph":[{"@type":"Article","@id":"https:\/\/www.immobilienbusiness.ch\/fr\/personalia\/2025-01-17\/halter-verstaerkt-sich-in-der-westschweiz\/#article","isPartOf":{"@id":"https:\/\/www.immobilienbusiness.ch\/fr\/personalia\/2025-01-17\/halter-verstaerkt-sich-in-der-westschweiz\/"},"author":{"name":"Alexander Wachter","@id":"https:\/\/www.immobilienbusiness.ch\/#\/schema\/person\/aba8bea2db926aa0c24c08c43fe1fcd5"},"headline":"Halter verst\u00e4rkt sich in der Westschweiz","datePublished":"2025-01-17T06:57:10+00:00","dateModified":"2025-01-23T12:34:15+00:00","mainEntityOfPage":{"@id":"https:\/\/www.immobilienbusiness.ch\/fr\/personalia\/2025-01-17\/halter-verstaerkt-sich-in-der-westschweiz\/"},"wordCount":160,"publisher":{"@id":"https:\/\/www.immobilienbusiness.ch\/#organization"},"image":{"@id":"https:\/\/www.immobilienbusiness.ch\/fr\/personalia\/2025-01-17\/halter-verstaerkt-sich-in-der-westschweiz\/#primaryimage"},"thumbnailUrl":"https:\/\/www.immobilienbusiness.ch\/wp-content\/uploads\/2025\/01\/Renaud_Vincendon_Halter.png","keywords":["Genf","Halter","M3 Immobilier","Personalia"],"articleSection":["PERSONALIA"],"inLanguage":"de"},{"@type":"WebPage","@id":"https:\/\/www.immobilienbusiness.ch\/fr\/personalia\/2025-01-17\/halter-verstaerkt-sich-in-der-westschweiz\/","url":"https:\/\/www.immobilienbusiness.ch\/fr\/personalia\/2025-01-17\/halter-verstaerkt-sich-in-der-westschweiz\/","name":"Halter verst\u00e4rkt sich in der Westschweiz - IMMOBILIEN Business","isPartOf":{"@id":"https:\/\/www.immobilienbusiness.ch\/#website"},"primaryImageOfPage":{"@id":"https:\/\/www.immobilienbusiness.ch\/fr\/personalia\/2025-01-17\/halter-verstaerkt-sich-in-der-westschweiz\/#primaryimage"},"image":{"@id":"https:\/\/www.immobilienbusiness.ch\/fr\/personalia\/2025-01-17\/halter-verstaerkt-sich-in-der-westschweiz\/#primaryimage"},"thumbnailUrl":"https:\/\/www.immobilienbusiness.ch\/wp-content\/uploads\/2025\/01\/Renaud_Vincendon_Halter.png","datePublished":"2025-01-17T06:57:10+00:00","dateModified":"2025-01-23T12:34:15+00:00","description":"Der Gesamtdienstleister und Entwickler holt den ehemaligen COO von M3 Immobilier in Genf ins Unternehmen.","breadcrumb":{"@id":"https:\/\/www.immobilienbusiness.ch\/fr\/personalia\/2025-01-17\/halter-verstaerkt-sich-in-der-westschweiz\/#breadcrumb"},"inLanguage":"de","potentialAction":[{"@type":"ReadAction","target":["https:\/\/www.immobilienbusiness.ch\/fr\/personalia\/2025-01-17\/halter-verstaerkt-sich-in-der-westschweiz\/"]}]},{"@type":"ImageObject","inLanguage":"de","@id":"https:\/\/www.immobilienbusiness.ch\/fr\/personalia\/2025-01-17\/halter-verstaerkt-sich-in-der-westschweiz\/#primaryimage","url":"https:\/\/www.immobilienbusiness.ch\/wp-content\/uploads\/2025\/01\/Renaud_Vincendon_Halter.png","contentUrl":"https:\/\/www.immobilienbusiness.ch\/wp-content\/uploads\/2025\/01\/Renaud_Vincendon_Halter.png","width":650,"height":560,"caption":"Renaud Vincendon (Bild: \u00a9 Halter AG)"},{"@type":"BreadcrumbList","@id":"https:\/\/www.immobilienbusiness.ch\/fr\/personalia\/2025-01-17\/halter-verstaerkt-sich-in-der-westschweiz\/#breadcrumb","itemListElement":[{"@type":"ListItem","position":1,"name":"Home","item":"https:\/\/www.immobilienbusiness.ch\/"},{"@type":"ListItem","position":2,"name":"Halter verst\u00e4rkt sich in der Westschweiz"}]},{"@type":"WebSite","@id":"https:\/\/www.immobilienbusiness.ch\/#website","url":"https:\/\/www.immobilienbusiness.ch\/","name":"IMMOBILIEN Business","description":"Unabh\u00e4ngiges Schweizer Wirtschaftsmagazin mit Fokus auf Immobilien, Architektur- und Bau sowie Investment- und Finanzierung.","publisher":{"@id":"https:\/\/www.immobilienbusiness.ch\/#organization"},"potentialAction":[{"@type":"SearchAction","target":{"@type":"EntryPoint","urlTemplate":"https:\/\/www.immobilienbusiness.ch\/?s={search_term_string}"},"query-input":{"@type":"PropertyValueSpecification","valueRequired":true,"valueName":"search_term_string"}}],"inLanguage":"de"},{"@type":"Organization","@id":"https:\/\/www.immobilienbusiness.ch\/#organization","name":"IMMOBILIEN Business","url":"https:\/\/www.immobilienbusiness.ch\/","logo":{"@type":"ImageObject","inLanguage":"de","@id":"https:\/\/www.immobilienbusiness.ch\/#\/schema\/logo\/image\/","url":"https:\/\/www.immobilienbusiness.ch\/wp-content\/uploads\/2021\/07\/logo_ib.png","contentUrl":"https:\/\/www.immobilienbusiness.ch\/wp-content\/uploads\/2021\/07\/logo_ib.png","width":800,"height":181,"caption":"IMMOBILIEN Business"},"image":{"@id":"https:\/\/www.immobilienbusiness.ch\/#\/schema\/logo\/image\/"},"sameAs":["https:\/\/www.facebook.com\/immobilienbusiness\/"]},{"@type":"Person","@id":"https:\/\/www.immobilienbusiness.ch\/#\/schema\/person\/aba8bea2db926aa0c24c08c43fe1fcd5","name":"Alexander Wachter","image":{"@type":"ImageObject","inLanguage":"de","@id":"https:\/\/secure.gravatar.com\/avatar\/1a09e471f5389b0e0a6416eac287e0927c7c97a7b77f9e787eba3af7aee281dd?s=96&d=mm&r=g","url":"https:\/\/secure.gravatar.com\/avatar\/1a09e471f5389b0e0a6416eac287e0927c7c97a7b77f9e787eba3af7aee281dd?s=96&d=mm&r=g","contentUrl":"https:\/\/secure.gravatar.com\/avatar\/1a09e471f5389b0e0a6416eac287e0927c7c97a7b77f9e787eba3af7aee281dd?s=96&d=mm&r=g","caption":"Alexander Wachter"},"url":"https:\/\/www.immobilienbusiness.ch\/de\/author\/alexander-wachter\/"}]}},"_links":{"self":[{"href":"https:\/\/www.immobilienbusiness.ch\/de\/wp-json\/wp\/v2\/posts\/62104","targetHints":{"allow":["GET"]}}],"collection":[{"href":"https:\/\/www.immobilienbusiness.ch\/de\/wp-json\/wp\/v2\/posts"}],"about":[{"href":"https:\/\/www.immobilienbusiness.ch\/de\/wp-json\/wp\/v2\/types\/post"}],"author":[{"embeddable":true,"href":"https:\/\/www.immobilienbusiness.ch\/de\/wp-json\/wp\/v2\/users\/102"}],"replies":[{"embeddable":true,"href":"https:\/\/www.immobilienbusiness.ch\/de\/wp-json\/wp\/v2\/comments?post=62104"}],"version-history":[{"count":1,"href":"https:\/\/www.immobilienbusiness.ch\/de\/wp-json\/wp\/v2\/posts\/62104\/revisions"}],"predecessor-version":[{"id":62106,"href":"https:\/\/www.immobilienbusiness.ch\/de\/wp-json\/wp\/v2\/posts\/62104\/revisions\/62106"}],"wp:featuredmedia":[{"embeddable":true,"href":"https:\/\/www.immobilienbusiness.ch\/de\/wp-json\/wp\/v2\/media\/62105"}],"wp:attachment":[{"href":"https:\/\/www.immobilienbusiness.ch\/de\/wp-json\/wp\/v2\/media?parent=62104"}],"wp:term":[{"taxonomy":"category","embeddable":true,"href":"https:\/\/www.immobilienbusiness.ch\/de\/wp-json\/wp\/v2\/categories?post=62104"},{"taxonomy":"post_tag","embeddable":true,"href":"https:\/\/www.immobilienbusiness.ch\/de\/wp-json\/wp\/v2\/tags?post=62104"}],"curies":[{"name":"wp","href":"https:\/\/api.w.org\/{rel}","templated":true}]}}