{"id":6192,"date":"2017-04-10T10:17:19","date_gmt":"2017-04-10T08:17:19","guid":{"rendered":"https:\/\/www.immobilienbusiness.ch\/?p=6192"},"modified":"2017-04-10T10:17:19","modified_gmt":"2017-04-10T08:17:19","slug":"immobiliengespraech-68","status":"publish","type":"post","link":"https:\/\/www.immobilienbusiness.ch\/de\/allgemein\/2017-04-10\/immobiliengespraech-68\/","title":{"rendered":"68. Immobiliengespr\u00e4ch: Die ersten Referenten sind bekannt"},"content":{"rendered":"<figure id=\"attachment_7120\" aria-describedby=\"caption-attachment-7120\" style=\"width: 598px\" class=\"wp-caption alignnone\"><img loading=\"lazy\" decoding=\"async\" class=\"size-full wp-image-7120\" src=\"https:\/\/www.immobilienbusiness.ch\/wp-content\/uploads\/2017\/02\/Das-68.-Immobiliengespraech-Die-Referenten-sind-bekannt.jpg\" alt=\"Das 68. Immobiliengespr\u00e4ch Die Referenten sind bekannt\" width=\"598\" height=\"299\" srcset=\"https:\/\/www.immobilienbusiness.ch\/wp-content\/uploads\/2017\/02\/Das-68.-Immobiliengespraech-Die-Referenten-sind-bekannt.jpg 598w, https:\/\/www.immobilienbusiness.ch\/wp-content\/uploads\/2017\/02\/Das-68.-Immobiliengespraech-Die-Referenten-sind-bekannt-300x150.jpg 300w, https:\/\/www.immobilienbusiness.ch\/wp-content\/uploads\/2017\/02\/Das-68.-Immobiliengespraech-Die-Referenten-sind-bekannt-16x8.jpg 16w, https:\/\/www.immobilienbusiness.ch\/wp-content\/uploads\/2017\/02\/Das-68.-Immobiliengespraech-Die-Referenten-sind-bekannt-350x175.jpg 350w\" sizes=\"auto, (max-width: 598px) 100vw, 598px\" \/><figcaption id=\"caption-attachment-7120\" class=\"wp-caption-text\">68. Schweizer Immobiliengespr\u00e4ch: Die ersten Referenten sind bekannt &#8211; Peter Lehmann (links) und Robert van der Graaf (rechts)<\/figcaption><\/figure>\n<p><strong>Dienstag, 2. Mai 2017, 17.30 Uhr, Restaurant Metropol in Z\u00fcrich<\/strong><\/p>\n<p>Die B\u00fcroleerst\u00e4nde in den Schweizer Zentren nehmen zu. Vor allem \u00e4ltere Liegenschaften lassen sich teilweise kaum mehr vermieten. Die Umnutzung in Wohnungen, Hotels oder andere Konzepte k\u00f6nnten Alternativen sein. Unter welchen Umst\u00e4nden machen diese Sinn? Und wann ist doch eher ein Abbruch und Neubau angezeigt?<\/p>\n<p>Als Referenten konnten Robert van der Graaf, Senior Director Business Development bei der Carlson Rezidor Hotel Group, sowie Peter Lehmann, CEO Swiss Prime Site Immobilien AG, gewonnen werden. Weitere Referenten werden bald bekannt gegeben.<\/p>\n<p>Der Anlass wird von Prof. Dr. Markus Schmidiger moderiert.<\/p>\n<p>Tickets und weitere Infos zum Event finden Sie <a href=\"http:\/\/www.immobiliengespraeche.ch\/68\/\" target=\"_blank\" rel=\"noopener noreferrer\">hier<\/a>.<\/p>\n","protected":false},"excerpt":{"rendered":"<p>Am 2. Mai findet das 68. Schweizer Immobiliengespr\u00e4ch im Restaurant Metropol in Z\u00fcrich statt und die ersten Referenten stehen jetzt fest.<\/p>\n","protected":false},"author":102,"featured_media":7120,"comment_status":"open","ping_status":"open","sticky":false,"template":"","format":"standard","meta":{"_acf_changed":false,"_yoast_wpseo_focuskw":"Immobiliengespr\u00e4ch","_yoast_wpseo_title":"Das 68. Immobiliengespr\u00e4ch findet am 2. Mai 2017 statt: Die Referenten","_yoast_wpseo_metadesc":"Robert van der Graaf (Carlson Rezidor Hotel Group) und Peter Lehmann (SPS Immobilien AG) werden am 68. Immobiliengespr\u00e4ch als Referenten auftreten.","_yoast_wpseo_linkdex":66,"pgc_sgb_lightbox_settings":"","footnotes":""},"categories":[1],"tags":[],"class_list":["post-6192","post","type-post","status-publish","format-standard","has-post-thumbnail","hentry","category-allgemein"],"acf":[],"yoast_head":"<!-- This site is optimized with the Yoast SEO plugin v27.5 - https:\/\/yoast.com\/product\/yoast-seo-wordpress\/ -->\n<title>Das 68. Immobiliengespr\u00e4ch findet am 2. Mai 2017 statt: Die Referenten<\/title>\n<meta name=\"description\" content=\"Robert van der Graaf (Carlson Rezidor Hotel Group) und Peter Lehmann (SPS Immobilien AG) werden am 68. Immobiliengespr\u00e4ch als Referenten auftreten.\" \/>\n<meta name=\"robots\" content=\"index, follow, max-snippet:-1, max-image-preview:large, max-video-preview:-1\" \/>\n<link rel=\"canonical\" href=\"https:\/\/www.immobilienbusiness.ch\/de\/allgemein\/2017-04-10\/immobiliengespraech-68\/\" \/>\n<meta property=\"og:locale\" content=\"de_DE\" \/>\n<meta property=\"og:type\" content=\"article\" \/>\n<meta property=\"og:title\" content=\"Das 68. Immobiliengespr\u00e4ch findet am 2. Mai 2017 statt: Die Referenten\" \/>\n<meta property=\"og:description\" content=\"Robert van der Graaf (Carlson Rezidor Hotel Group) und Peter Lehmann (SPS Immobilien AG) werden am 68. Immobiliengespr\u00e4ch als Referenten auftreten.\" \/>\n<meta property=\"og:url\" content=\"https:\/\/www.immobilienbusiness.ch\/de\/allgemein\/2017-04-10\/immobiliengespraech-68\/\" \/>\n<meta property=\"og:site_name\" content=\"IMMOBILIEN Business\" \/>\n<meta property=\"article:publisher\" content=\"https:\/\/www.facebook.com\/immobilienbusiness\/\" \/>\n<meta property=\"article:published_time\" content=\"2017-04-10T08:17:19+00:00\" \/>\n<meta property=\"og:image\" content=\"https:\/\/www.immobilienbusiness.ch\/wp-content\/uploads\/2017\/02\/Das-68.-Immobiliengespraech-Die-Referenten-sind-bekannt.jpg\" \/>\n\t<meta property=\"og:image:width\" content=\"598\" \/>\n\t<meta property=\"og:image:height\" content=\"299\" \/>\n\t<meta property=\"og:image:type\" content=\"image\/jpeg\" \/>\n<meta name=\"author\" content=\"Alexander Wachter\" \/>\n<meta name=\"twitter:card\" content=\"summary_large_image\" \/>\n<script type=\"application\/ld+json\" class=\"yoast-schema-graph\">{\"@context\":\"https:\\\/\\\/schema.org\",\"@graph\":[{\"@type\":\"Article\",\"@id\":\"https:\\\/\\\/www.immobilienbusiness.ch\\\/de\\\/allgemein\\\/2017-04-10\\\/immobiliengespraech-68\\\/#article\",\"isPartOf\":{\"@id\":\"https:\\\/\\\/www.immobilienbusiness.ch\\\/de\\\/allgemein\\\/2017-04-10\\\/immobiliengespraech-68\\\/\"},\"author\":{\"name\":\"Alexander Wachter\",\"@id\":\"https:\\\/\\\/www.immobilienbusiness.ch\\\/#\\\/schema\\\/person\\\/aba8bea2db926aa0c24c08c43fe1fcd5\"},\"headline\":\"68. Immobiliengespr\u00e4ch: Die ersten Referenten sind bekannt\",\"datePublished\":\"2017-04-10T08:17:19+00:00\",\"mainEntityOfPage\":{\"@id\":\"https:\\\/\\\/www.immobilienbusiness.ch\\\/de\\\/allgemein\\\/2017-04-10\\\/immobiliengespraech-68\\\/\"},\"wordCount\":141,\"commentCount\":0,\"publisher\":{\"@id\":\"https:\\\/\\\/www.immobilienbusiness.ch\\\/#organization\"},\"image\":{\"@id\":\"https:\\\/\\\/www.immobilienbusiness.ch\\\/de\\\/allgemein\\\/2017-04-10\\\/immobiliengespraech-68\\\/#primaryimage\"},\"thumbnailUrl\":\"https:\\\/\\\/www.immobilienbusiness.ch\\\/wp-content\\\/uploads\\\/2017\\\/02\\\/Das-68.-Immobiliengespraech-Die-Referenten-sind-bekannt.jpg\",\"inLanguage\":\"de\"},{\"@type\":\"WebPage\",\"@id\":\"https:\\\/\\\/www.immobilienbusiness.ch\\\/de\\\/allgemein\\\/2017-04-10\\\/immobiliengespraech-68\\\/\",\"url\":\"https:\\\/\\\/www.immobilienbusiness.ch\\\/de\\\/allgemein\\\/2017-04-10\\\/immobiliengespraech-68\\\/\",\"name\":\"Das 68. Immobiliengespr\u00e4ch findet am 2. Mai 2017 statt: Die Referenten\",\"isPartOf\":{\"@id\":\"https:\\\/\\\/www.immobilienbusiness.ch\\\/#website\"},\"primaryImageOfPage\":{\"@id\":\"https:\\\/\\\/www.immobilienbusiness.ch\\\/de\\\/allgemein\\\/2017-04-10\\\/immobiliengespraech-68\\\/#primaryimage\"},\"image\":{\"@id\":\"https:\\\/\\\/www.immobilienbusiness.ch\\\/de\\\/allgemein\\\/2017-04-10\\\/immobiliengespraech-68\\\/#primaryimage\"},\"thumbnailUrl\":\"https:\\\/\\\/www.immobilienbusiness.ch\\\/wp-content\\\/uploads\\\/2017\\\/02\\\/Das-68.-Immobiliengespraech-Die-Referenten-sind-bekannt.jpg\",\"datePublished\":\"2017-04-10T08:17:19+00:00\",\"description\":\"Robert van der Graaf (Carlson Rezidor Hotel Group) und Peter Lehmann (SPS Immobilien AG) werden am 68. Immobiliengespr\u00e4ch als Referenten auftreten.\",\"breadcrumb\":{\"@id\":\"https:\\\/\\\/www.immobilienbusiness.ch\\\/de\\\/allgemein\\\/2017-04-10\\\/immobiliengespraech-68\\\/#breadcrumb\"},\"inLanguage\":\"de\",\"potentialAction\":[{\"@type\":\"ReadAction\",\"target\":[\"https:\\\/\\\/www.immobilienbusiness.ch\\\/de\\\/allgemein\\\/2017-04-10\\\/immobiliengespraech-68\\\/\"]}]},{\"@type\":\"ImageObject\",\"inLanguage\":\"de\",\"@id\":\"https:\\\/\\\/www.immobilienbusiness.ch\\\/de\\\/allgemein\\\/2017-04-10\\\/immobiliengespraech-68\\\/#primaryimage\",\"url\":\"https:\\\/\\\/www.immobilienbusiness.ch\\\/wp-content\\\/uploads\\\/2017\\\/02\\\/Das-68.-Immobiliengespraech-Die-Referenten-sind-bekannt.jpg\",\"contentUrl\":\"https:\\\/\\\/www.immobilienbusiness.ch\\\/wp-content\\\/uploads\\\/2017\\\/02\\\/Das-68.-Immobiliengespraech-Die-Referenten-sind-bekannt.jpg\",\"width\":598,\"height\":299,\"caption\":\"Das 68. Immobiliengespr\u00e4ch Die Referenten sind bekannt\"},{\"@type\":\"BreadcrumbList\",\"@id\":\"https:\\\/\\\/www.immobilienbusiness.ch\\\/de\\\/allgemein\\\/2017-04-10\\\/immobiliengespraech-68\\\/#breadcrumb\",\"itemListElement\":[{\"@type\":\"ListItem\",\"position\":1,\"name\":\"Home\",\"item\":\"https:\\\/\\\/www.immobilienbusiness.ch\\\/\"},{\"@type\":\"ListItem\",\"position\":2,\"name\":\"68. Immobiliengespr\u00e4ch: Die ersten Referenten sind bekannt\"}]},{\"@type\":\"WebSite\",\"@id\":\"https:\\\/\\\/www.immobilienbusiness.ch\\\/#website\",\"url\":\"https:\\\/\\\/www.immobilienbusiness.ch\\\/\",\"name\":\"IMMOBILIEN Business\",\"description\":\"Unabh\u00e4ngiges Schweizer Wirtschaftsmagazin mit Fokus auf Immobilien, Architektur- und Bau sowie Investment- und Finanzierung.\",\"publisher\":{\"@id\":\"https:\\\/\\\/www.immobilienbusiness.ch\\\/#organization\"},\"potentialAction\":[{\"@type\":\"SearchAction\",\"target\":{\"@type\":\"EntryPoint\",\"urlTemplate\":\"https:\\\/\\\/www.immobilienbusiness.ch\\\/?s={search_term_string}\"},\"query-input\":{\"@type\":\"PropertyValueSpecification\",\"valueRequired\":true,\"valueName\":\"search_term_string\"}}],\"inLanguage\":\"de\"},{\"@type\":\"Organization\",\"@id\":\"https:\\\/\\\/www.immobilienbusiness.ch\\\/#organization\",\"name\":\"IMMOBILIEN Business\",\"url\":\"https:\\\/\\\/www.immobilienbusiness.ch\\\/\",\"logo\":{\"@type\":\"ImageObject\",\"inLanguage\":\"de\",\"@id\":\"https:\\\/\\\/www.immobilienbusiness.ch\\\/#\\\/schema\\\/logo\\\/image\\\/\",\"url\":\"https:\\\/\\\/www.immobilienbusiness.ch\\\/wp-content\\\/uploads\\\/2021\\\/07\\\/logo_ib.png\",\"contentUrl\":\"https:\\\/\\\/www.immobilienbusiness.ch\\\/wp-content\\\/uploads\\\/2021\\\/07\\\/logo_ib.png\",\"width\":800,\"height\":181,\"caption\":\"IMMOBILIEN Business\"},\"image\":{\"@id\":\"https:\\\/\\\/www.immobilienbusiness.ch\\\/#\\\/schema\\\/logo\\\/image\\\/\"},\"sameAs\":[\"https:\\\/\\\/www.facebook.com\\\/immobilienbusiness\\\/\"]},{\"@type\":\"Person\",\"@id\":\"https:\\\/\\\/www.immobilienbusiness.ch\\\/#\\\/schema\\\/person\\\/aba8bea2db926aa0c24c08c43fe1fcd5\",\"name\":\"Alexander Wachter\",\"image\":{\"@type\":\"ImageObject\",\"inLanguage\":\"de\",\"@id\":\"https:\\\/\\\/secure.gravatar.com\\\/avatar\\\/1a09e471f5389b0e0a6416eac287e0927c7c97a7b77f9e787eba3af7aee281dd?s=96&d=mm&r=g\",\"url\":\"https:\\\/\\\/secure.gravatar.com\\\/avatar\\\/1a09e471f5389b0e0a6416eac287e0927c7c97a7b77f9e787eba3af7aee281dd?s=96&d=mm&r=g\",\"contentUrl\":\"https:\\\/\\\/secure.gravatar.com\\\/avatar\\\/1a09e471f5389b0e0a6416eac287e0927c7c97a7b77f9e787eba3af7aee281dd?s=96&d=mm&r=g\",\"caption\":\"Alexander Wachter\"},\"url\":\"https:\\\/\\\/www.immobilienbusiness.ch\\\/de\\\/author\\\/alexander-wachter\\\/\"}]}<\/script>\n<!-- \/ Yoast SEO plugin. -->","yoast_head_json":{"title":"Das 68. Immobiliengespr\u00e4ch findet am 2. Mai 2017 statt: Die Referenten","description":"Robert van der Graaf (Carlson Rezidor Hotel Group) und Peter Lehmann (SPS Immobilien AG) werden am 68. Immobiliengespr\u00e4ch als Referenten auftreten.","robots":{"index":"index","follow":"follow","max-snippet":"max-snippet:-1","max-image-preview":"max-image-preview:large","max-video-preview":"max-video-preview:-1"},"canonical":"https:\/\/www.immobilienbusiness.ch\/de\/allgemein\/2017-04-10\/immobiliengespraech-68\/","og_locale":"de_DE","og_type":"article","og_title":"Das 68. Immobiliengespr\u00e4ch findet am 2. Mai 2017 statt: Die Referenten","og_description":"Robert van der Graaf (Carlson Rezidor Hotel Group) und Peter Lehmann (SPS Immobilien AG) werden am 68. Immobiliengespr\u00e4ch als Referenten auftreten.","og_url":"https:\/\/www.immobilienbusiness.ch\/de\/allgemein\/2017-04-10\/immobiliengespraech-68\/","og_site_name":"IMMOBILIEN Business","article_publisher":"https:\/\/www.facebook.com\/immobilienbusiness\/","article_published_time":"2017-04-10T08:17:19+00:00","og_image":[{"width":598,"height":299,"url":"https:\/\/www.immobilienbusiness.ch\/wp-content\/uploads\/2017\/02\/Das-68.-Immobiliengespraech-Die-Referenten-sind-bekannt.jpg","type":"image\/jpeg"}],"author":"Alexander Wachter","twitter_card":"summary_large_image","schema":{"@context":"https:\/\/schema.org","@graph":[{"@type":"Article","@id":"https:\/\/www.immobilienbusiness.ch\/de\/allgemein\/2017-04-10\/immobiliengespraech-68\/#article","isPartOf":{"@id":"https:\/\/www.immobilienbusiness.ch\/de\/allgemein\/2017-04-10\/immobiliengespraech-68\/"},"author":{"name":"Alexander Wachter","@id":"https:\/\/www.immobilienbusiness.ch\/#\/schema\/person\/aba8bea2db926aa0c24c08c43fe1fcd5"},"headline":"68. Immobiliengespr\u00e4ch: Die ersten Referenten sind bekannt","datePublished":"2017-04-10T08:17:19+00:00","mainEntityOfPage":{"@id":"https:\/\/www.immobilienbusiness.ch\/de\/allgemein\/2017-04-10\/immobiliengespraech-68\/"},"wordCount":141,"commentCount":0,"publisher":{"@id":"https:\/\/www.immobilienbusiness.ch\/#organization"},"image":{"@id":"https:\/\/www.immobilienbusiness.ch\/de\/allgemein\/2017-04-10\/immobiliengespraech-68\/#primaryimage"},"thumbnailUrl":"https:\/\/www.immobilienbusiness.ch\/wp-content\/uploads\/2017\/02\/Das-68.-Immobiliengespraech-Die-Referenten-sind-bekannt.jpg","inLanguage":"de"},{"@type":"WebPage","@id":"https:\/\/www.immobilienbusiness.ch\/de\/allgemein\/2017-04-10\/immobiliengespraech-68\/","url":"https:\/\/www.immobilienbusiness.ch\/de\/allgemein\/2017-04-10\/immobiliengespraech-68\/","name":"Das 68. Immobiliengespr\u00e4ch findet am 2. Mai 2017 statt: Die Referenten","isPartOf":{"@id":"https:\/\/www.immobilienbusiness.ch\/#website"},"primaryImageOfPage":{"@id":"https:\/\/www.immobilienbusiness.ch\/de\/allgemein\/2017-04-10\/immobiliengespraech-68\/#primaryimage"},"image":{"@id":"https:\/\/www.immobilienbusiness.ch\/de\/allgemein\/2017-04-10\/immobiliengespraech-68\/#primaryimage"},"thumbnailUrl":"https:\/\/www.immobilienbusiness.ch\/wp-content\/uploads\/2017\/02\/Das-68.-Immobiliengespraech-Die-Referenten-sind-bekannt.jpg","datePublished":"2017-04-10T08:17:19+00:00","description":"Robert van der Graaf (Carlson Rezidor Hotel Group) und Peter Lehmann (SPS Immobilien AG) werden am 68. Immobiliengespr\u00e4ch als Referenten auftreten.","breadcrumb":{"@id":"https:\/\/www.immobilienbusiness.ch\/de\/allgemein\/2017-04-10\/immobiliengespraech-68\/#breadcrumb"},"inLanguage":"de","potentialAction":[{"@type":"ReadAction","target":["https:\/\/www.immobilienbusiness.ch\/de\/allgemein\/2017-04-10\/immobiliengespraech-68\/"]}]},{"@type":"ImageObject","inLanguage":"de","@id":"https:\/\/www.immobilienbusiness.ch\/de\/allgemein\/2017-04-10\/immobiliengespraech-68\/#primaryimage","url":"https:\/\/www.immobilienbusiness.ch\/wp-content\/uploads\/2017\/02\/Das-68.-Immobiliengespraech-Die-Referenten-sind-bekannt.jpg","contentUrl":"https:\/\/www.immobilienbusiness.ch\/wp-content\/uploads\/2017\/02\/Das-68.-Immobiliengespraech-Die-Referenten-sind-bekannt.jpg","width":598,"height":299,"caption":"Das 68. Immobiliengespr\u00e4ch Die Referenten sind bekannt"},{"@type":"BreadcrumbList","@id":"https:\/\/www.immobilienbusiness.ch\/de\/allgemein\/2017-04-10\/immobiliengespraech-68\/#breadcrumb","itemListElement":[{"@type":"ListItem","position":1,"name":"Home","item":"https:\/\/www.immobilienbusiness.ch\/"},{"@type":"ListItem","position":2,"name":"68. Immobiliengespr\u00e4ch: Die ersten Referenten sind bekannt"}]},{"@type":"WebSite","@id":"https:\/\/www.immobilienbusiness.ch\/#website","url":"https:\/\/www.immobilienbusiness.ch\/","name":"IMMOBILIEN Business","description":"Unabh\u00e4ngiges Schweizer Wirtschaftsmagazin mit Fokus auf Immobilien, Architektur- und Bau sowie Investment- und Finanzierung.","publisher":{"@id":"https:\/\/www.immobilienbusiness.ch\/#organization"},"potentialAction":[{"@type":"SearchAction","target":{"@type":"EntryPoint","urlTemplate":"https:\/\/www.immobilienbusiness.ch\/?s={search_term_string}"},"query-input":{"@type":"PropertyValueSpecification","valueRequired":true,"valueName":"search_term_string"}}],"inLanguage":"de"},{"@type":"Organization","@id":"https:\/\/www.immobilienbusiness.ch\/#organization","name":"IMMOBILIEN Business","url":"https:\/\/www.immobilienbusiness.ch\/","logo":{"@type":"ImageObject","inLanguage":"de","@id":"https:\/\/www.immobilienbusiness.ch\/#\/schema\/logo\/image\/","url":"https:\/\/www.immobilienbusiness.ch\/wp-content\/uploads\/2021\/07\/logo_ib.png","contentUrl":"https:\/\/www.immobilienbusiness.ch\/wp-content\/uploads\/2021\/07\/logo_ib.png","width":800,"height":181,"caption":"IMMOBILIEN Business"},"image":{"@id":"https:\/\/www.immobilienbusiness.ch\/#\/schema\/logo\/image\/"},"sameAs":["https:\/\/www.facebook.com\/immobilienbusiness\/"]},{"@type":"Person","@id":"https:\/\/www.immobilienbusiness.ch\/#\/schema\/person\/aba8bea2db926aa0c24c08c43fe1fcd5","name":"Alexander Wachter","image":{"@type":"ImageObject","inLanguage":"de","@id":"https:\/\/secure.gravatar.com\/avatar\/1a09e471f5389b0e0a6416eac287e0927c7c97a7b77f9e787eba3af7aee281dd?s=96&d=mm&r=g","url":"https:\/\/secure.gravatar.com\/avatar\/1a09e471f5389b0e0a6416eac287e0927c7c97a7b77f9e787eba3af7aee281dd?s=96&d=mm&r=g","contentUrl":"https:\/\/secure.gravatar.com\/avatar\/1a09e471f5389b0e0a6416eac287e0927c7c97a7b77f9e787eba3af7aee281dd?s=96&d=mm&r=g","caption":"Alexander Wachter"},"url":"https:\/\/www.immobilienbusiness.ch\/de\/author\/alexander-wachter\/"}]}},"_links":{"self":[{"href":"https:\/\/www.immobilienbusiness.ch\/de\/wp-json\/wp\/v2\/posts\/6192","targetHints":{"allow":["GET"]}}],"collection":[{"href":"https:\/\/www.immobilienbusiness.ch\/de\/wp-json\/wp\/v2\/posts"}],"about":[{"href":"https:\/\/www.immobilienbusiness.ch\/de\/wp-json\/wp\/v2\/types\/post"}],"author":[{"embeddable":true,"href":"https:\/\/www.immobilienbusiness.ch\/de\/wp-json\/wp\/v2\/users\/102"}],"replies":[{"embeddable":true,"href":"https:\/\/www.immobilienbusiness.ch\/de\/wp-json\/wp\/v2\/comments?post=6192"}],"version-history":[{"count":0,"href":"https:\/\/www.immobilienbusiness.ch\/de\/wp-json\/wp\/v2\/posts\/6192\/revisions"}],"wp:featuredmedia":[{"embeddable":true,"href":"https:\/\/www.immobilienbusiness.ch\/de\/wp-json\/wp\/v2\/media\/7120"}],"wp:attachment":[{"href":"https:\/\/www.immobilienbusiness.ch\/de\/wp-json\/wp\/v2\/media?parent=6192"}],"wp:term":[{"taxonomy":"category","embeddable":true,"href":"https:\/\/www.immobilienbusiness.ch\/de\/wp-json\/wp\/v2\/categories?post=6192"},{"taxonomy":"post_tag","embeddable":true,"href":"https:\/\/www.immobilienbusiness.ch\/de\/wp-json\/wp\/v2\/tags?post=6192"}],"curies":[{"name":"wp","href":"https:\/\/api.w.org\/{rel}","templated":true}]}}