{"id":61662,"date":"2024-12-06T07:35:55","date_gmt":"2024-12-06T06:35:55","guid":{"rendered":"https:\/\/www.immobilienbusiness.ch\/?p=61662"},"modified":"2025-03-05T09:44:29","modified_gmt":"2025-03-05T08:44:29","slug":"helvetica-commercial-fund-verkauft-und-erhoeht-liquditaet","status":"publish","type":"post","link":"https:\/\/www.immobilienbusiness.ch\/de\/unternehmen\/2024-12-06\/helvetica-commercial-fund-verkauft-und-erhoeht-liquditaet\/","title":{"rendered":"Helvetica: Commercial-Fund verkauft und erh\u00f6ht Liqudit\u00e4t"},"content":{"rendered":"<figure id=\"attachment_54900\" aria-describedby=\"caption-attachment-54900\" style=\"width: 768px\" class=\"wp-caption alignnone\"><a href=\"https:\/\/www.immobilienbusiness.ch\/wp-content\/uploads\/2023\/12\/Portrait_Marc_Giraudon-scaled.jpg\"><img loading=\"lazy\" decoding=\"async\" class=\"size-large wp-image-54900\" src=\"https:\/\/www.immobilienbusiness.ch\/wp-content\/uploads\/2023\/12\/Portrait_Marc_Giraudon-1024x683.jpg\" alt=\"Helvetica Swiss Commercial Fund Geb\u00fchren\" width=\"768\" height=\"512\" srcset=\"https:\/\/www.immobilienbusiness.ch\/wp-content\/uploads\/2023\/12\/Portrait_Marc_Giraudon-1024x683.jpg 1024w, https:\/\/www.immobilienbusiness.ch\/wp-content\/uploads\/2023\/12\/Portrait_Marc_Giraudon-300x200.jpg 300w, https:\/\/www.immobilienbusiness.ch\/wp-content\/uploads\/2023\/12\/Portrait_Marc_Giraudon-768x512.jpg 768w, https:\/\/www.immobilienbusiness.ch\/wp-content\/uploads\/2023\/12\/Portrait_Marc_Giraudon-1536x1025.jpg 1536w, https:\/\/www.immobilienbusiness.ch\/wp-content\/uploads\/2023\/12\/Portrait_Marc_Giraudon-2048x1366.jpg 2048w, https:\/\/www.immobilienbusiness.ch\/wp-content\/uploads\/2023\/12\/Portrait_Marc_Giraudon-18x12.jpg 18w, https:\/\/www.immobilienbusiness.ch\/wp-content\/uploads\/2023\/12\/Portrait_Marc_Giraudon-375x250.jpg 375w, https:\/\/www.immobilienbusiness.ch\/wp-content\/uploads\/2023\/12\/Portrait_Marc_Giraudon-525x350.jpg 525w, https:\/\/www.immobilienbusiness.ch\/wp-content\/uploads\/2023\/12\/Portrait_Marc_Giraudon-1000x667.jpg 1000w, https:\/\/www.immobilienbusiness.ch\/wp-content\/uploads\/2023\/12\/Portrait_Marc_Giraudon-scaled.jpg 1200w\" sizes=\"auto, (max-width: 768px) 100vw, 768px\" \/><\/a><figcaption id=\"caption-attachment-54900\" class=\"wp-caption-text\">Marc Giraudon, seit Fr\u00fchling CEO des Fonds-Hauses (Quelle: Helvetica)<\/figcaption><\/figure>\n<p>Der Helvetica Swiss Commercial Fund hat nach eigenen Angaben im November Liegenschaften im Wert von insgesamt 133 Mio. CHF verkauft. \u00abMit dem fokussierten und ertragsstarken Portfolio ist der Fonds auf Kurs, die Aussch\u00fcttung f\u00fcr 2024 auf dem Niveau der Vorjahre von 5,35 CHF pro Anteil zu halten\u00bb, schreibt Helvetica in einer Mitteilung. Diesen Betrag erachte die Fondsleitung \u00abals langfristig realisierbar\u00bb. Die Fremdfinanzierungsquote des HSC Fund sinkt durch die Verk\u00e4ufe deutlich unter den Zielkorridor von 25 bis 28%. Durch die bessere Liquidit\u00e4t k\u00f6nne der Fonds die per Ende 2023 erhaltenen R\u00fccknahmen im M\u00e4rz 2025 bedienen. Zudem sei der Fonds nun in der Lage, \u00abper sofort wieder strategische Ankaufsgelegenheiten wahrzunehmen\u00bb.<\/p>\n<p>Von den f\u00fcnf Verk\u00e4ufen seien drei im Umfang von 83 Mio. CHF direkt vollzogen worden. Die zwei verbleibenden \u00fcber 51 Mio. CHF w\u00fcrden wegen einer Aus\u00fcbungsfrist aufgrund bestehender Vorkaufsrechte zugunsten Dritter sp\u00e4testens per Februar 2025 vollzogen. Die Transaktionssicherheit sei aber in jedem Fall gegeben. Bei den Verkaufsobjekten handelt es sich laut Helvetica um ein Einkaufscenter, zwei B\u00fcroliegenschaften, sowie zwei Industrieliegenschaften.<\/p>\n<p>Der Nutzungsmix im Fonds ver\u00e4ndert sich durch die Verk\u00e4ufe nur unwesentlich. Die Transaktionen betr\u00e4fen \u00fcberwiegend sanierungsbed\u00fcrftige Liegenschaften, wodurch der Capex-Bedarf f\u00fcr die kommenden Jahre deutlich um rund 30 Mio. CHF reduziert werde, heisst es. Allerdings wurde mit Verlust auf den Buchwert verkauft: \u00abAngesichts des Marktumfelds und der Verknappung der Bankfinanzierungen f\u00fcr kommerzielle Liegenschaften resultierte ein Preisabschlag gegen\u00fcber dem Sch\u00e4tzwert von total rund 5%\u00bb, schreibt Helvetica in einer Mitteilung. Im Gegenzug k\u00f6nne aber die Bruttorendite bei 6,1 %, die Wault bei 4,2 Jahren und der stichtagsbezogene Leerstand bei 4,9 % stabil gehalten werden.<\/p>\n<h3>Geb\u00fchrenabsenkung auf 0,55%<\/h3>\n<p>Ausserdem teilt Helvetica mit, dass die Verwaltungsgeb\u00fchr ab dem 1. Januar auf 0,55 % gesenkt wird. Dies ist eine weitere Absenkung gegen\u00fcber der Ank\u00fcndigung im Fr\u00fchjahr, als Helvetica eine Verringerung der Geb\u00fchr auf 0,60% <a href=\"https:\/\/www.immobilienbusiness.ch\/de\/personalia\/2024-04-22\/helvetica-senkt-gebuehren-fu%cc%88r-alle-fonds\/\" target=\"_blank\" rel=\"noopener\">angek\u00fcndigt hatte<\/a>. <em>(aw)<\/em><\/p>\n<p>&nbsp;<\/p>\n","protected":false},"excerpt":{"rendered":"<p>Der Helvetica Swiss Commercial Fund hat f\u00fcr 133 Millionen Franken Immobilien abgegeben und dabei einen leichten Abschlag auf den Buchwert in Kauf genommen. Ausserdem k\u00fcndigt die Fondsleitung eine weitere Absenkung der Verwaltungsgeb\u00fchr an.<\/p>\n","protected":false},"author":102,"featured_media":54900,"comment_status":"closed","ping_status":"closed","sticky":false,"template":"","format":"standard","meta":{"_acf_changed":false,"_yoast_wpseo_focuskw":"Helvetica","_yoast_wpseo_title":"","_yoast_wpseo_metadesc":"Der Fonds hat f\u00fcr 133 Millionen Franken Immobilien abgegeben und dabei einen Abschlag von 5% auf den Buchwert in Kauf genommen. Ausserdem k\u00fcndigt die Fondsleitung eine weitere Absenkung der Verwaltungsgeb\u00fchr an.","_yoast_wpseo_linkdex":65,"pgc_sgb_lightbox_settings":"","footnotes":""},"categories":[988],"tags":[],"class_list":["post-61662","post","type-post","status-publish","format-standard","has-post-thumbnail","hentry","category-unternehmen"],"acf":[],"yoast_head":"<!-- This site is optimized with the Yoast SEO plugin v27.4 - https:\/\/yoast.com\/product\/yoast-seo-wordpress\/ -->\n<title>Helvetica: Commercial-Fund verkauft und erh\u00f6ht Liqudit\u00e4t - IMMOBILIEN Business<\/title>\n<meta name=\"description\" content=\"Der Fonds hat f\u00fcr 133 Millionen Franken Immobilien abgegeben und dabei einen Abschlag von 5% auf den Buchwert in Kauf genommen. Ausserdem k\u00fcndigt die Fondsleitung eine weitere Absenkung der Verwaltungsgeb\u00fchr an.\" \/>\n<meta name=\"robots\" content=\"index, follow, max-snippet:-1, max-image-preview:large, max-video-preview:-1\" \/>\n<link rel=\"canonical\" href=\"https:\/\/www.immobilienbusiness.ch\/de\/unternehmen\/2024-12-06\/helvetica-commercial-fund-verkauft-und-erhoeht-liquditaet\/\" \/>\n<meta property=\"og:locale\" content=\"de_DE\" \/>\n<meta property=\"og:type\" content=\"article\" \/>\n<meta property=\"og:title\" content=\"Helvetica: Commercial-Fund verkauft und erh\u00f6ht Liqudit\u00e4t - IMMOBILIEN Business\" \/>\n<meta property=\"og:description\" content=\"Der Fonds hat f\u00fcr 133 Millionen Franken Immobilien abgegeben und dabei einen Abschlag von 5% auf den Buchwert in Kauf genommen. Ausserdem k\u00fcndigt die Fondsleitung eine weitere Absenkung der Verwaltungsgeb\u00fchr an.\" \/>\n<meta property=\"og:url\" content=\"https:\/\/www.immobilienbusiness.ch\/de\/unternehmen\/2024-12-06\/helvetica-commercial-fund-verkauft-und-erhoeht-liquditaet\/\" \/>\n<meta property=\"og:site_name\" content=\"IMMOBILIEN Business\" \/>\n<meta property=\"article:publisher\" content=\"https:\/\/www.facebook.com\/immobilienbusiness\/\" \/>\n<meta property=\"article:published_time\" content=\"2024-12-06T06:35:55+00:00\" \/>\n<meta property=\"article:modified_time\" content=\"2025-03-05T08:44:29+00:00\" \/>\n<meta property=\"og:image\" content=\"https:\/\/www.immobilienbusiness.ch\/wp-content\/uploads\/2023\/12\/Portrait_Marc_Giraudon-scaled.jpg\" \/>\n\t<meta property=\"og:image:width\" content=\"1200\" \/>\n\t<meta property=\"og:image:height\" content=\"801\" \/>\n\t<meta property=\"og:image:type\" content=\"image\/jpeg\" \/>\n<meta name=\"author\" content=\"Alexander Wachter\" \/>\n<meta name=\"twitter:card\" content=\"summary_large_image\" \/>\n<script type=\"application\/ld+json\" class=\"yoast-schema-graph\">{\"@context\":\"https:\\\/\\\/schema.org\",\"@graph\":[{\"@type\":\"Article\",\"@id\":\"https:\\\/\\\/www.immobilienbusiness.ch\\\/it\\\/unternehmen\\\/2024-12-06\\\/helvetica-commercial-fund-verkauft-und-erhoeht-liquditaet\\\/#article\",\"isPartOf\":{\"@id\":\"https:\\\/\\\/www.immobilienbusiness.ch\\\/it\\\/unternehmen\\\/2024-12-06\\\/helvetica-commercial-fund-verkauft-und-erhoeht-liquditaet\\\/\"},\"author\":{\"name\":\"Alexander Wachter\",\"@id\":\"https:\\\/\\\/www.immobilienbusiness.ch\\\/#\\\/schema\\\/person\\\/aba8bea2db926aa0c24c08c43fe1fcd5\"},\"headline\":\"Helvetica: Commercial-Fund verkauft und erh\u00f6ht Liqudit\u00e4t\",\"datePublished\":\"2024-12-06T06:35:55+00:00\",\"dateModified\":\"2025-03-05T08:44:29+00:00\",\"mainEntityOfPage\":{\"@id\":\"https:\\\/\\\/www.immobilienbusiness.ch\\\/it\\\/unternehmen\\\/2024-12-06\\\/helvetica-commercial-fund-verkauft-und-erhoeht-liquditaet\\\/\"},\"wordCount\":333,\"publisher\":{\"@id\":\"https:\\\/\\\/www.immobilienbusiness.ch\\\/#organization\"},\"image\":{\"@id\":\"https:\\\/\\\/www.immobilienbusiness.ch\\\/it\\\/unternehmen\\\/2024-12-06\\\/helvetica-commercial-fund-verkauft-und-erhoeht-liquditaet\\\/#primaryimage\"},\"thumbnailUrl\":\"https:\\\/\\\/www.immobilienbusiness.ch\\\/wp-content\\\/uploads\\\/2023\\\/12\\\/Portrait_Marc_Giraudon-scaled.jpg\",\"articleSection\":[\"UNTERNEHMEN\"],\"inLanguage\":\"de\"},{\"@type\":\"WebPage\",\"@id\":\"https:\\\/\\\/www.immobilienbusiness.ch\\\/it\\\/unternehmen\\\/2024-12-06\\\/helvetica-commercial-fund-verkauft-und-erhoeht-liquditaet\\\/\",\"url\":\"https:\\\/\\\/www.immobilienbusiness.ch\\\/it\\\/unternehmen\\\/2024-12-06\\\/helvetica-commercial-fund-verkauft-und-erhoeht-liquditaet\\\/\",\"name\":\"Helvetica: Commercial-Fund verkauft und erh\u00f6ht Liqudit\u00e4t - IMMOBILIEN Business\",\"isPartOf\":{\"@id\":\"https:\\\/\\\/www.immobilienbusiness.ch\\\/#website\"},\"primaryImageOfPage\":{\"@id\":\"https:\\\/\\\/www.immobilienbusiness.ch\\\/it\\\/unternehmen\\\/2024-12-06\\\/helvetica-commercial-fund-verkauft-und-erhoeht-liquditaet\\\/#primaryimage\"},\"image\":{\"@id\":\"https:\\\/\\\/www.immobilienbusiness.ch\\\/it\\\/unternehmen\\\/2024-12-06\\\/helvetica-commercial-fund-verkauft-und-erhoeht-liquditaet\\\/#primaryimage\"},\"thumbnailUrl\":\"https:\\\/\\\/www.immobilienbusiness.ch\\\/wp-content\\\/uploads\\\/2023\\\/12\\\/Portrait_Marc_Giraudon-scaled.jpg\",\"datePublished\":\"2024-12-06T06:35:55+00:00\",\"dateModified\":\"2025-03-05T08:44:29+00:00\",\"description\":\"Der Fonds hat f\u00fcr 133 Millionen Franken Immobilien abgegeben und dabei einen Abschlag von 5% auf den Buchwert in Kauf genommen. Ausserdem k\u00fcndigt die Fondsleitung eine weitere Absenkung der Verwaltungsgeb\u00fchr an.\",\"breadcrumb\":{\"@id\":\"https:\\\/\\\/www.immobilienbusiness.ch\\\/it\\\/unternehmen\\\/2024-12-06\\\/helvetica-commercial-fund-verkauft-und-erhoeht-liquditaet\\\/#breadcrumb\"},\"inLanguage\":\"de\",\"potentialAction\":[{\"@type\":\"ReadAction\",\"target\":[\"https:\\\/\\\/www.immobilienbusiness.ch\\\/it\\\/unternehmen\\\/2024-12-06\\\/helvetica-commercial-fund-verkauft-und-erhoeht-liquditaet\\\/\"]}]},{\"@type\":\"ImageObject\",\"inLanguage\":\"de\",\"@id\":\"https:\\\/\\\/www.immobilienbusiness.ch\\\/it\\\/unternehmen\\\/2024-12-06\\\/helvetica-commercial-fund-verkauft-und-erhoeht-liquditaet\\\/#primaryimage\",\"url\":\"https:\\\/\\\/www.immobilienbusiness.ch\\\/wp-content\\\/uploads\\\/2023\\\/12\\\/Portrait_Marc_Giraudon-scaled.jpg\",\"contentUrl\":\"https:\\\/\\\/www.immobilienbusiness.ch\\\/wp-content\\\/uploads\\\/2023\\\/12\\\/Portrait_Marc_Giraudon-scaled.jpg\",\"width\":1200,\"height\":801,\"caption\":\"Helvetica-CEO Marc Giraudon (Quelle: Helvetica)\"},{\"@type\":\"BreadcrumbList\",\"@id\":\"https:\\\/\\\/www.immobilienbusiness.ch\\\/it\\\/unternehmen\\\/2024-12-06\\\/helvetica-commercial-fund-verkauft-und-erhoeht-liquditaet\\\/#breadcrumb\",\"itemListElement\":[{\"@type\":\"ListItem\",\"position\":1,\"name\":\"Home\",\"item\":\"https:\\\/\\\/www.immobilienbusiness.ch\\\/\"},{\"@type\":\"ListItem\",\"position\":2,\"name\":\"Helvetica: Commercial-Fund verkauft und erh\u00f6ht Liqudit\u00e4t\"}]},{\"@type\":\"WebSite\",\"@id\":\"https:\\\/\\\/www.immobilienbusiness.ch\\\/#website\",\"url\":\"https:\\\/\\\/www.immobilienbusiness.ch\\\/\",\"name\":\"IMMOBILIEN Business\",\"description\":\"Unabh\u00e4ngiges Schweizer Wirtschaftsmagazin mit Fokus auf Immobilien, Architektur- und Bau sowie Investment- und Finanzierung.\",\"publisher\":{\"@id\":\"https:\\\/\\\/www.immobilienbusiness.ch\\\/#organization\"},\"potentialAction\":[{\"@type\":\"SearchAction\",\"target\":{\"@type\":\"EntryPoint\",\"urlTemplate\":\"https:\\\/\\\/www.immobilienbusiness.ch\\\/?s={search_term_string}\"},\"query-input\":{\"@type\":\"PropertyValueSpecification\",\"valueRequired\":true,\"valueName\":\"search_term_string\"}}],\"inLanguage\":\"de\"},{\"@type\":\"Organization\",\"@id\":\"https:\\\/\\\/www.immobilienbusiness.ch\\\/#organization\",\"name\":\"IMMOBILIEN Business\",\"url\":\"https:\\\/\\\/www.immobilienbusiness.ch\\\/\",\"logo\":{\"@type\":\"ImageObject\",\"inLanguage\":\"de\",\"@id\":\"https:\\\/\\\/www.immobilienbusiness.ch\\\/#\\\/schema\\\/logo\\\/image\\\/\",\"url\":\"https:\\\/\\\/www.immobilienbusiness.ch\\\/wp-content\\\/uploads\\\/2021\\\/07\\\/logo_ib.png\",\"contentUrl\":\"https:\\\/\\\/www.immobilienbusiness.ch\\\/wp-content\\\/uploads\\\/2021\\\/07\\\/logo_ib.png\",\"width\":800,\"height\":181,\"caption\":\"IMMOBILIEN Business\"},\"image\":{\"@id\":\"https:\\\/\\\/www.immobilienbusiness.ch\\\/#\\\/schema\\\/logo\\\/image\\\/\"},\"sameAs\":[\"https:\\\/\\\/www.facebook.com\\\/immobilienbusiness\\\/\"]},{\"@type\":\"Person\",\"@id\":\"https:\\\/\\\/www.immobilienbusiness.ch\\\/#\\\/schema\\\/person\\\/aba8bea2db926aa0c24c08c43fe1fcd5\",\"name\":\"Alexander Wachter\",\"image\":{\"@type\":\"ImageObject\",\"inLanguage\":\"de\",\"@id\":\"https:\\\/\\\/secure.gravatar.com\\\/avatar\\\/1a09e471f5389b0e0a6416eac287e0927c7c97a7b77f9e787eba3af7aee281dd?s=96&d=mm&r=g\",\"url\":\"https:\\\/\\\/secure.gravatar.com\\\/avatar\\\/1a09e471f5389b0e0a6416eac287e0927c7c97a7b77f9e787eba3af7aee281dd?s=96&d=mm&r=g\",\"contentUrl\":\"https:\\\/\\\/secure.gravatar.com\\\/avatar\\\/1a09e471f5389b0e0a6416eac287e0927c7c97a7b77f9e787eba3af7aee281dd?s=96&d=mm&r=g\",\"caption\":\"Alexander Wachter\"},\"url\":\"https:\\\/\\\/www.immobilienbusiness.ch\\\/de\\\/author\\\/alexander-wachter\\\/\"}]}<\/script>\n<!-- \/ Yoast SEO plugin. -->","yoast_head_json":{"title":"Helvetica: Commercial-Fund verkauft und erh\u00f6ht Liqudit\u00e4t - IMMOBILIEN Business","description":"Der Fonds hat f\u00fcr 133 Millionen Franken Immobilien abgegeben und dabei einen Abschlag von 5% auf den Buchwert in Kauf genommen. Ausserdem k\u00fcndigt die Fondsleitung eine weitere Absenkung der Verwaltungsgeb\u00fchr an.","robots":{"index":"index","follow":"follow","max-snippet":"max-snippet:-1","max-image-preview":"max-image-preview:large","max-video-preview":"max-video-preview:-1"},"canonical":"https:\/\/www.immobilienbusiness.ch\/de\/unternehmen\/2024-12-06\/helvetica-commercial-fund-verkauft-und-erhoeht-liquditaet\/","og_locale":"de_DE","og_type":"article","og_title":"Helvetica: Commercial-Fund verkauft und erh\u00f6ht Liqudit\u00e4t - IMMOBILIEN Business","og_description":"Der Fonds hat f\u00fcr 133 Millionen Franken Immobilien abgegeben und dabei einen Abschlag von 5% auf den Buchwert in Kauf genommen. Ausserdem k\u00fcndigt die Fondsleitung eine weitere Absenkung der Verwaltungsgeb\u00fchr an.","og_url":"https:\/\/www.immobilienbusiness.ch\/de\/unternehmen\/2024-12-06\/helvetica-commercial-fund-verkauft-und-erhoeht-liquditaet\/","og_site_name":"IMMOBILIEN Business","article_publisher":"https:\/\/www.facebook.com\/immobilienbusiness\/","article_published_time":"2024-12-06T06:35:55+00:00","article_modified_time":"2025-03-05T08:44:29+00:00","og_image":[{"width":1200,"height":801,"url":"https:\/\/www.immobilienbusiness.ch\/wp-content\/uploads\/2023\/12\/Portrait_Marc_Giraudon-scaled.jpg","type":"image\/jpeg"}],"author":"Alexander Wachter","twitter_card":"summary_large_image","schema":{"@context":"https:\/\/schema.org","@graph":[{"@type":"Article","@id":"https:\/\/www.immobilienbusiness.ch\/it\/unternehmen\/2024-12-06\/helvetica-commercial-fund-verkauft-und-erhoeht-liquditaet\/#article","isPartOf":{"@id":"https:\/\/www.immobilienbusiness.ch\/it\/unternehmen\/2024-12-06\/helvetica-commercial-fund-verkauft-und-erhoeht-liquditaet\/"},"author":{"name":"Alexander Wachter","@id":"https:\/\/www.immobilienbusiness.ch\/#\/schema\/person\/aba8bea2db926aa0c24c08c43fe1fcd5"},"headline":"Helvetica: Commercial-Fund verkauft und erh\u00f6ht Liqudit\u00e4t","datePublished":"2024-12-06T06:35:55+00:00","dateModified":"2025-03-05T08:44:29+00:00","mainEntityOfPage":{"@id":"https:\/\/www.immobilienbusiness.ch\/it\/unternehmen\/2024-12-06\/helvetica-commercial-fund-verkauft-und-erhoeht-liquditaet\/"},"wordCount":333,"publisher":{"@id":"https:\/\/www.immobilienbusiness.ch\/#organization"},"image":{"@id":"https:\/\/www.immobilienbusiness.ch\/it\/unternehmen\/2024-12-06\/helvetica-commercial-fund-verkauft-und-erhoeht-liquditaet\/#primaryimage"},"thumbnailUrl":"https:\/\/www.immobilienbusiness.ch\/wp-content\/uploads\/2023\/12\/Portrait_Marc_Giraudon-scaled.jpg","articleSection":["UNTERNEHMEN"],"inLanguage":"de"},{"@type":"WebPage","@id":"https:\/\/www.immobilienbusiness.ch\/it\/unternehmen\/2024-12-06\/helvetica-commercial-fund-verkauft-und-erhoeht-liquditaet\/","url":"https:\/\/www.immobilienbusiness.ch\/it\/unternehmen\/2024-12-06\/helvetica-commercial-fund-verkauft-und-erhoeht-liquditaet\/","name":"Helvetica: Commercial-Fund verkauft und erh\u00f6ht Liqudit\u00e4t - IMMOBILIEN Business","isPartOf":{"@id":"https:\/\/www.immobilienbusiness.ch\/#website"},"primaryImageOfPage":{"@id":"https:\/\/www.immobilienbusiness.ch\/it\/unternehmen\/2024-12-06\/helvetica-commercial-fund-verkauft-und-erhoeht-liquditaet\/#primaryimage"},"image":{"@id":"https:\/\/www.immobilienbusiness.ch\/it\/unternehmen\/2024-12-06\/helvetica-commercial-fund-verkauft-und-erhoeht-liquditaet\/#primaryimage"},"thumbnailUrl":"https:\/\/www.immobilienbusiness.ch\/wp-content\/uploads\/2023\/12\/Portrait_Marc_Giraudon-scaled.jpg","datePublished":"2024-12-06T06:35:55+00:00","dateModified":"2025-03-05T08:44:29+00:00","description":"Der Fonds hat f\u00fcr 133 Millionen Franken Immobilien abgegeben und dabei einen Abschlag von 5% auf den Buchwert in Kauf genommen. Ausserdem k\u00fcndigt die Fondsleitung eine weitere Absenkung der Verwaltungsgeb\u00fchr an.","breadcrumb":{"@id":"https:\/\/www.immobilienbusiness.ch\/it\/unternehmen\/2024-12-06\/helvetica-commercial-fund-verkauft-und-erhoeht-liquditaet\/#breadcrumb"},"inLanguage":"de","potentialAction":[{"@type":"ReadAction","target":["https:\/\/www.immobilienbusiness.ch\/it\/unternehmen\/2024-12-06\/helvetica-commercial-fund-verkauft-und-erhoeht-liquditaet\/"]}]},{"@type":"ImageObject","inLanguage":"de","@id":"https:\/\/www.immobilienbusiness.ch\/it\/unternehmen\/2024-12-06\/helvetica-commercial-fund-verkauft-und-erhoeht-liquditaet\/#primaryimage","url":"https:\/\/www.immobilienbusiness.ch\/wp-content\/uploads\/2023\/12\/Portrait_Marc_Giraudon-scaled.jpg","contentUrl":"https:\/\/www.immobilienbusiness.ch\/wp-content\/uploads\/2023\/12\/Portrait_Marc_Giraudon-scaled.jpg","width":1200,"height":801,"caption":"Helvetica-CEO Marc Giraudon (Quelle: Helvetica)"},{"@type":"BreadcrumbList","@id":"https:\/\/www.immobilienbusiness.ch\/it\/unternehmen\/2024-12-06\/helvetica-commercial-fund-verkauft-und-erhoeht-liquditaet\/#breadcrumb","itemListElement":[{"@type":"ListItem","position":1,"name":"Home","item":"https:\/\/www.immobilienbusiness.ch\/"},{"@type":"ListItem","position":2,"name":"Helvetica: Commercial-Fund verkauft und erh\u00f6ht Liqudit\u00e4t"}]},{"@type":"WebSite","@id":"https:\/\/www.immobilienbusiness.ch\/#website","url":"https:\/\/www.immobilienbusiness.ch\/","name":"IMMOBILIEN Business","description":"Unabh\u00e4ngiges Schweizer Wirtschaftsmagazin mit Fokus auf Immobilien, Architektur- und Bau sowie Investment- und Finanzierung.","publisher":{"@id":"https:\/\/www.immobilienbusiness.ch\/#organization"},"potentialAction":[{"@type":"SearchAction","target":{"@type":"EntryPoint","urlTemplate":"https:\/\/www.immobilienbusiness.ch\/?s={search_term_string}"},"query-input":{"@type":"PropertyValueSpecification","valueRequired":true,"valueName":"search_term_string"}}],"inLanguage":"de"},{"@type":"Organization","@id":"https:\/\/www.immobilienbusiness.ch\/#organization","name":"IMMOBILIEN Business","url":"https:\/\/www.immobilienbusiness.ch\/","logo":{"@type":"ImageObject","inLanguage":"de","@id":"https:\/\/www.immobilienbusiness.ch\/#\/schema\/logo\/image\/","url":"https:\/\/www.immobilienbusiness.ch\/wp-content\/uploads\/2021\/07\/logo_ib.png","contentUrl":"https:\/\/www.immobilienbusiness.ch\/wp-content\/uploads\/2021\/07\/logo_ib.png","width":800,"height":181,"caption":"IMMOBILIEN Business"},"image":{"@id":"https:\/\/www.immobilienbusiness.ch\/#\/schema\/logo\/image\/"},"sameAs":["https:\/\/www.facebook.com\/immobilienbusiness\/"]},{"@type":"Person","@id":"https:\/\/www.immobilienbusiness.ch\/#\/schema\/person\/aba8bea2db926aa0c24c08c43fe1fcd5","name":"Alexander Wachter","image":{"@type":"ImageObject","inLanguage":"de","@id":"https:\/\/secure.gravatar.com\/avatar\/1a09e471f5389b0e0a6416eac287e0927c7c97a7b77f9e787eba3af7aee281dd?s=96&d=mm&r=g","url":"https:\/\/secure.gravatar.com\/avatar\/1a09e471f5389b0e0a6416eac287e0927c7c97a7b77f9e787eba3af7aee281dd?s=96&d=mm&r=g","contentUrl":"https:\/\/secure.gravatar.com\/avatar\/1a09e471f5389b0e0a6416eac287e0927c7c97a7b77f9e787eba3af7aee281dd?s=96&d=mm&r=g","caption":"Alexander Wachter"},"url":"https:\/\/www.immobilienbusiness.ch\/de\/author\/alexander-wachter\/"}]}},"_links":{"self":[{"href":"https:\/\/www.immobilienbusiness.ch\/de\/wp-json\/wp\/v2\/posts\/61662","targetHints":{"allow":["GET"]}}],"collection":[{"href":"https:\/\/www.immobilienbusiness.ch\/de\/wp-json\/wp\/v2\/posts"}],"about":[{"href":"https:\/\/www.immobilienbusiness.ch\/de\/wp-json\/wp\/v2\/types\/post"}],"author":[{"embeddable":true,"href":"https:\/\/www.immobilienbusiness.ch\/de\/wp-json\/wp\/v2\/users\/102"}],"replies":[{"embeddable":true,"href":"https:\/\/www.immobilienbusiness.ch\/de\/wp-json\/wp\/v2\/comments?post=61662"}],"version-history":[{"count":6,"href":"https:\/\/www.immobilienbusiness.ch\/de\/wp-json\/wp\/v2\/posts\/61662\/revisions"}],"predecessor-version":[{"id":61669,"href":"https:\/\/www.immobilienbusiness.ch\/de\/wp-json\/wp\/v2\/posts\/61662\/revisions\/61669"}],"wp:featuredmedia":[{"embeddable":true,"href":"https:\/\/www.immobilienbusiness.ch\/de\/wp-json\/wp\/v2\/media\/54900"}],"wp:attachment":[{"href":"https:\/\/www.immobilienbusiness.ch\/de\/wp-json\/wp\/v2\/media?parent=61662"}],"wp:term":[{"taxonomy":"category","embeddable":true,"href":"https:\/\/www.immobilienbusiness.ch\/de\/wp-json\/wp\/v2\/categories?post=61662"},{"taxonomy":"post_tag","embeddable":true,"href":"https:\/\/www.immobilienbusiness.ch\/de\/wp-json\/wp\/v2\/tags?post=61662"}],"curies":[{"name":"wp","href":"https:\/\/api.w.org\/{rel}","templated":true}]}}