{"id":61514,"date":"2024-11-25T08:01:36","date_gmt":"2024-11-25T07:01:36","guid":{"rendered":"https:\/\/www.immobilienbusiness.ch\/?p=61514"},"modified":"2024-11-28T11:48:59","modified_gmt":"2024-11-28T10:48:59","slug":"st-gallen-hochhaus-projekt-nimmt-erste-huerde","status":"publish","type":"post","link":"https:\/\/www.immobilienbusiness.ch\/de\/regionen\/2024-11-25\/st-gallen-hochhaus-projekt-nimmt-erste-huerde\/","title":{"rendered":"St. Gallen: Hochhaus-Projekt nimmt erste H\u00fcrde"},"content":{"rendered":"<figure id=\"attachment_61515\" aria-describedby=\"caption-attachment-61515\" style=\"width: 768px\" class=\"wp-caption alignnone\"><a href=\"https:\/\/www.immobilienbusiness.ch\/wp-content\/uploads\/2024\/11\/241121_Medienmitteilung-Bogenstrasse_Modell_1-scaled.jpg\"><img loading=\"lazy\" decoding=\"async\" class=\"size-large wp-image-61515\" src=\"https:\/\/www.immobilienbusiness.ch\/wp-content\/uploads\/2024\/11\/241121_Medienmitteilung-Bogenstrasse_Modell_1-1024x683.jpg\" alt=\"\" width=\"768\" height=\"512\" srcset=\"https:\/\/www.immobilienbusiness.ch\/wp-content\/uploads\/2024\/11\/241121_Medienmitteilung-Bogenstrasse_Modell_1-1024x683.jpg 1024w, https:\/\/www.immobilienbusiness.ch\/wp-content\/uploads\/2024\/11\/241121_Medienmitteilung-Bogenstrasse_Modell_1-300x200.jpg 300w, https:\/\/www.immobilienbusiness.ch\/wp-content\/uploads\/2024\/11\/241121_Medienmitteilung-Bogenstrasse_Modell_1-768x512.jpg 768w, https:\/\/www.immobilienbusiness.ch\/wp-content\/uploads\/2024\/11\/241121_Medienmitteilung-Bogenstrasse_Modell_1-1536x1024.jpg 1536w, https:\/\/www.immobilienbusiness.ch\/wp-content\/uploads\/2024\/11\/241121_Medienmitteilung-Bogenstrasse_Modell_1-2048x1365.jpg 2048w, https:\/\/www.immobilienbusiness.ch\/wp-content\/uploads\/2024\/11\/241121_Medienmitteilung-Bogenstrasse_Modell_1-18x12.jpg 18w, https:\/\/www.immobilienbusiness.ch\/wp-content\/uploads\/2024\/11\/241121_Medienmitteilung-Bogenstrasse_Modell_1-375x250.jpg 375w, https:\/\/www.immobilienbusiness.ch\/wp-content\/uploads\/2024\/11\/241121_Medienmitteilung-Bogenstrasse_Modell_1-525x350.jpg 525w, https:\/\/www.immobilienbusiness.ch\/wp-content\/uploads\/2024\/11\/241121_Medienmitteilung-Bogenstrasse_Modell_1-1000x667.jpg 1000w, https:\/\/www.immobilienbusiness.ch\/wp-content\/uploads\/2024\/11\/241121_Medienmitteilung-Bogenstrasse_Modell_1-scaled.jpg 1200w\" sizes=\"auto, (max-width: 768px) 100vw, 768px\" \/><\/a><figcaption id=\"caption-attachment-61515\" class=\"wp-caption-text\">In St. Gallen haben die Pl\u00e4ne f\u00fcr das Areal Bogenstrasse eine wichtige H\u00fcrde genommen (Modellbild: Die Modellbauer, Gn\u00e4dinger Architektur-Modellbau GmbH)<\/figcaption><\/figure>\n<p>Das Bauvorhaben auf dem Areal Bogenstrasse in St. Gallen hat einen ersten Meilenstein erreicht. Das von der Halter AG in Zusammenarbeit mit den Architekten Herzog &amp; de Meuron und den Landschaftsarchitekten Westpol erstellte Projekt f\u00fcr ein neues Hochhaus wurde f\u00fcr die Sondernutzungsplanung freigegeben. Auf dem Areal in Bahnhofsn\u00e4he ist ein Nutzungsmix aus Wohnen und Arbeiten sowie Gewerbe und Gastronomie vorgesehen. Der Projektentwurf f\u00fcr das neue Hochhaus wurde vom Sachverst\u00e4ndigenrat f\u00fcr St\u00e4dtebau und Architektur der Stadt St. Gallen zur planungsrechtlichen Umsetzung in einen Sondernutzungsplan freigegeben.<\/p>\n<p>Derzeit bestehen auf dem Areal ein Hochhaus, Shedhallen, ein Wohn- und Gewerbegeb\u00e4ude mit dem Restaurant \u00abCastello\u00bb sowie eine Tankstelle mit Garage. Das bestehende Hochhaus und die Shedhallen, die sich im Eigentum der Firma Bischoff Textil AG befinden, sind im Inventar der sch\u00fctzenswerten Bauten mit kantonaler Bedeutung aufgenommen. Das Hochhaus verbleibt weiterhin als B\u00fcronutzung, die Shedhallen werden unterdessen umgenutzt. Die n\u00f6rdliche Shedhalle ist als Gastronomiefl\u00e4che vorgesehen und f\u00fcr die s\u00fcdliche Halle wird eine weitere publikumsorientierte Nutzung angestrebt. Laut dem Entwickler Halter soll das Geb\u00e4ude als Quartiertreffpunkt und Anziehungsort dienen. Das Eckgeb\u00e4ude \u00abCastello\u00bb an der Kreuzung Bogen- und Burgstrasse soll ebenfalls erhalten bleiben. Hier sind nach der Sanierung ein Quartierversorger im Erdgeschoss und Kleinwohnungen in den Obergeschossen geplant. Die Tankstelle ist stark in die Jahre gekommen und soll inklusive der anliegenden Garagengeb\u00e4ude zur\u00fcckgebaut werden.<\/p>\n<h3>Ensemble mit Hochhaus und Quartiergarten<\/h3>\n<p>Auf dem Grundst\u00fcck der Tankstelle soll ein neuer Hochpunkt entstehen, der die umliegenden R\u00e4ume gliedert und das Ensemble komplettiert. \u00abEin einger\u00fcckter Sockelbereich, in welchem publikumsorientierte Nutzungen angedacht sind, verringert den Fussabdruck am Boden und erm\u00f6glicht gedeckte Aussenr\u00e4ume, welche die jeweils angrenzenden Bereiche erweitern\u00bb, schreibt Halter in einer Mitteilung. In den oberen Geschossen sind rund 80 neue Wohnungen in unterschiedlichen Gr\u00f6ssen geplant. Den Bewohnern werden im obersten Stockwerk Fl\u00e4chen zur gemeinschaftlichen Nutzung zur Verf\u00fcgung gestellt. <em>(aw)<\/em><\/p>\n","protected":false},"excerpt":{"rendered":"<p>Das Projekt auf dem Areal Bogenstrasse, bei dem auch das Architekturb\u00fcro Herzog &#038; de Meuron an Bord ist, wurde f\u00fcr das Sondernutzungsplanverfahren freigegeben.<\/p>\n","protected":false},"author":102,"featured_media":61515,"comment_status":"closed","ping_status":"closed","sticky":false,"template":"","format":"standard","meta":{"_acf_changed":false,"_yoast_wpseo_focuskw":"St. Gallen","_yoast_wpseo_title":"","_yoast_wpseo_metadesc":"Das Projekt auf dem Areal Bogenstrasse, bei dem auch das Architekturb\u00fcro Herzog & de Meuron an Bord ist, wurde f\u00fcr das Sondernutzungsplanverfahren freigegeben.","_yoast_wpseo_linkdex":64,"pgc_sgb_lightbox_settings":"","footnotes":""},"categories":[985],"tags":[1039,1118,1254,1300,1492,1600,2521,1643,1722,4039],"class_list":["post-61514","post","type-post","status-publish","format-standard","has-post-thumbnail","hentry","category-regionen","tag-architektur","tag-buero","tag-gastronomie","tag-herzog-de-meuron","tag-mietwohnungen","tag-projekt-in-planung","tag-quartier","tag-retail","tag-st-gallen","tag-westpol"],"acf":[],"yoast_head":"<!-- This site is optimized with the Yoast SEO plugin v27.4 - https:\/\/yoast.com\/product\/yoast-seo-wordpress\/ -->\n<title>St. Gallen: Hochhaus-Projekt nimmt erste H\u00fcrde - IMMOBILIEN Business<\/title>\n<meta name=\"description\" content=\"Das Projekt auf dem Areal Bogenstrasse, bei dem auch das Architekturb\u00fcro Herzog &amp; de Meuron an Bord ist, wurde f\u00fcr das Sondernutzungsplanverfahren freigegeben.\" \/>\n<meta name=\"robots\" content=\"index, follow, max-snippet:-1, max-image-preview:large, max-video-preview:-1\" \/>\n<link rel=\"canonical\" href=\"https:\/\/www.immobilienbusiness.ch\/de\/regionen\/2024-11-25\/st-gallen-hochhaus-projekt-nimmt-erste-huerde\/\" \/>\n<meta property=\"og:locale\" content=\"de_DE\" \/>\n<meta property=\"og:type\" content=\"article\" \/>\n<meta property=\"og:title\" content=\"St. Gallen: Hochhaus-Projekt nimmt erste H\u00fcrde - IMMOBILIEN Business\" \/>\n<meta property=\"og:description\" content=\"Das Projekt auf dem Areal Bogenstrasse, bei dem auch das Architekturb\u00fcro Herzog &amp; de Meuron an Bord ist, wurde f\u00fcr das Sondernutzungsplanverfahren freigegeben.\" \/>\n<meta property=\"og:url\" content=\"https:\/\/www.immobilienbusiness.ch\/de\/regionen\/2024-11-25\/st-gallen-hochhaus-projekt-nimmt-erste-huerde\/\" \/>\n<meta property=\"og:site_name\" content=\"IMMOBILIEN Business\" \/>\n<meta property=\"article:publisher\" content=\"https:\/\/www.facebook.com\/immobilienbusiness\/\" \/>\n<meta property=\"article:published_time\" content=\"2024-11-25T07:01:36+00:00\" \/>\n<meta property=\"article:modified_time\" content=\"2024-11-28T10:48:59+00:00\" \/>\n<meta property=\"og:image\" content=\"https:\/\/www.immobilienbusiness.ch\/wp-content\/uploads\/2024\/11\/241121_Medienmitteilung-Bogenstrasse_Modell_1-scaled.jpg\" \/>\n\t<meta property=\"og:image:width\" content=\"1200\" \/>\n\t<meta property=\"og:image:height\" content=\"800\" \/>\n\t<meta property=\"og:image:type\" content=\"image\/jpeg\" \/>\n<meta name=\"author\" content=\"Alexander Wachter\" \/>\n<meta name=\"twitter:card\" content=\"summary_large_image\" \/>\n<script type=\"application\/ld+json\" class=\"yoast-schema-graph\">{\"@context\":\"https:\\\/\\\/schema.org\",\"@graph\":[{\"@type\":\"Article\",\"@id\":\"https:\\\/\\\/www.immobilienbusiness.ch\\\/it\\\/regionen\\\/2024-11-25\\\/st-gallen-hochhaus-projekt-nimmt-erste-huerde\\\/#article\",\"isPartOf\":{\"@id\":\"https:\\\/\\\/www.immobilienbusiness.ch\\\/it\\\/regionen\\\/2024-11-25\\\/st-gallen-hochhaus-projekt-nimmt-erste-huerde\\\/\"},\"author\":{\"name\":\"Alexander Wachter\",\"@id\":\"https:\\\/\\\/www.immobilienbusiness.ch\\\/#\\\/schema\\\/person\\\/aba8bea2db926aa0c24c08c43fe1fcd5\"},\"headline\":\"St. Gallen: Hochhaus-Projekt nimmt erste H\u00fcrde\",\"datePublished\":\"2024-11-25T07:01:36+00:00\",\"dateModified\":\"2024-11-28T10:48:59+00:00\",\"mainEntityOfPage\":{\"@id\":\"https:\\\/\\\/www.immobilienbusiness.ch\\\/it\\\/regionen\\\/2024-11-25\\\/st-gallen-hochhaus-projekt-nimmt-erste-huerde\\\/\"},\"wordCount\":359,\"publisher\":{\"@id\":\"https:\\\/\\\/www.immobilienbusiness.ch\\\/#organization\"},\"image\":{\"@id\":\"https:\\\/\\\/www.immobilienbusiness.ch\\\/it\\\/regionen\\\/2024-11-25\\\/st-gallen-hochhaus-projekt-nimmt-erste-huerde\\\/#primaryimage\"},\"thumbnailUrl\":\"https:\\\/\\\/www.immobilienbusiness.ch\\\/wp-content\\\/uploads\\\/2024\\\/11\\\/241121_Medienmitteilung-Bogenstrasse_Modell_1-scaled.jpg\",\"keywords\":[\"Architektur\",\"B\u00fcro\",\"Gastronomie\",\"Herzog &amp; de Meuron\",\"Mietwohnungen\",\"Projekt in Planung\",\"Quartier\",\"Retail\",\"St. Gallen\",\"Westpol\"],\"articleSection\":[\"REGIONEN\"],\"inLanguage\":\"de\"},{\"@type\":\"WebPage\",\"@id\":\"https:\\\/\\\/www.immobilienbusiness.ch\\\/it\\\/regionen\\\/2024-11-25\\\/st-gallen-hochhaus-projekt-nimmt-erste-huerde\\\/\",\"url\":\"https:\\\/\\\/www.immobilienbusiness.ch\\\/it\\\/regionen\\\/2024-11-25\\\/st-gallen-hochhaus-projekt-nimmt-erste-huerde\\\/\",\"name\":\"St. Gallen: Hochhaus-Projekt nimmt erste H\u00fcrde - IMMOBILIEN Business\",\"isPartOf\":{\"@id\":\"https:\\\/\\\/www.immobilienbusiness.ch\\\/#website\"},\"primaryImageOfPage\":{\"@id\":\"https:\\\/\\\/www.immobilienbusiness.ch\\\/it\\\/regionen\\\/2024-11-25\\\/st-gallen-hochhaus-projekt-nimmt-erste-huerde\\\/#primaryimage\"},\"image\":{\"@id\":\"https:\\\/\\\/www.immobilienbusiness.ch\\\/it\\\/regionen\\\/2024-11-25\\\/st-gallen-hochhaus-projekt-nimmt-erste-huerde\\\/#primaryimage\"},\"thumbnailUrl\":\"https:\\\/\\\/www.immobilienbusiness.ch\\\/wp-content\\\/uploads\\\/2024\\\/11\\\/241121_Medienmitteilung-Bogenstrasse_Modell_1-scaled.jpg\",\"datePublished\":\"2024-11-25T07:01:36+00:00\",\"dateModified\":\"2024-11-28T10:48:59+00:00\",\"description\":\"Das Projekt auf dem Areal Bogenstrasse, bei dem auch das Architekturb\u00fcro Herzog & de Meuron an Bord ist, wurde f\u00fcr das Sondernutzungsplanverfahren freigegeben.\",\"breadcrumb\":{\"@id\":\"https:\\\/\\\/www.immobilienbusiness.ch\\\/it\\\/regionen\\\/2024-11-25\\\/st-gallen-hochhaus-projekt-nimmt-erste-huerde\\\/#breadcrumb\"},\"inLanguage\":\"de\",\"potentialAction\":[{\"@type\":\"ReadAction\",\"target\":[\"https:\\\/\\\/www.immobilienbusiness.ch\\\/it\\\/regionen\\\/2024-11-25\\\/st-gallen-hochhaus-projekt-nimmt-erste-huerde\\\/\"]}]},{\"@type\":\"ImageObject\",\"inLanguage\":\"de\",\"@id\":\"https:\\\/\\\/www.immobilienbusiness.ch\\\/it\\\/regionen\\\/2024-11-25\\\/st-gallen-hochhaus-projekt-nimmt-erste-huerde\\\/#primaryimage\",\"url\":\"https:\\\/\\\/www.immobilienbusiness.ch\\\/wp-content\\\/uploads\\\/2024\\\/11\\\/241121_Medienmitteilung-Bogenstrasse_Modell_1-scaled.jpg\",\"contentUrl\":\"https:\\\/\\\/www.immobilienbusiness.ch\\\/wp-content\\\/uploads\\\/2024\\\/11\\\/241121_Medienmitteilung-Bogenstrasse_Modell_1-scaled.jpg\",\"width\":1200,\"height\":800,\"caption\":\"In St. Gallen haben die Pl\u00e4ne f\u00fcr das Areal Bogenstrasse eine wichtige H\u00fcrde genommen (Modellbild: Die Modellbauer, Gn\u00e4dinger Architektur-Modellbau GmbH)\"},{\"@type\":\"BreadcrumbList\",\"@id\":\"https:\\\/\\\/www.immobilienbusiness.ch\\\/it\\\/regionen\\\/2024-11-25\\\/st-gallen-hochhaus-projekt-nimmt-erste-huerde\\\/#breadcrumb\",\"itemListElement\":[{\"@type\":\"ListItem\",\"position\":1,\"name\":\"Home\",\"item\":\"https:\\\/\\\/www.immobilienbusiness.ch\\\/\"},{\"@type\":\"ListItem\",\"position\":2,\"name\":\"St. Gallen: Hochhaus-Projekt nimmt erste H\u00fcrde\"}]},{\"@type\":\"WebSite\",\"@id\":\"https:\\\/\\\/www.immobilienbusiness.ch\\\/#website\",\"url\":\"https:\\\/\\\/www.immobilienbusiness.ch\\\/\",\"name\":\"IMMOBILIEN Business\",\"description\":\"Unabh\u00e4ngiges Schweizer Wirtschaftsmagazin mit Fokus auf Immobilien, Architektur- und Bau sowie Investment- und Finanzierung.\",\"publisher\":{\"@id\":\"https:\\\/\\\/www.immobilienbusiness.ch\\\/#organization\"},\"potentialAction\":[{\"@type\":\"SearchAction\",\"target\":{\"@type\":\"EntryPoint\",\"urlTemplate\":\"https:\\\/\\\/www.immobilienbusiness.ch\\\/?s={search_term_string}\"},\"query-input\":{\"@type\":\"PropertyValueSpecification\",\"valueRequired\":true,\"valueName\":\"search_term_string\"}}],\"inLanguage\":\"de\"},{\"@type\":\"Organization\",\"@id\":\"https:\\\/\\\/www.immobilienbusiness.ch\\\/#organization\",\"name\":\"IMMOBILIEN Business\",\"url\":\"https:\\\/\\\/www.immobilienbusiness.ch\\\/\",\"logo\":{\"@type\":\"ImageObject\",\"inLanguage\":\"de\",\"@id\":\"https:\\\/\\\/www.immobilienbusiness.ch\\\/#\\\/schema\\\/logo\\\/image\\\/\",\"url\":\"https:\\\/\\\/www.immobilienbusiness.ch\\\/wp-content\\\/uploads\\\/2021\\\/07\\\/logo_ib.png\",\"contentUrl\":\"https:\\\/\\\/www.immobilienbusiness.ch\\\/wp-content\\\/uploads\\\/2021\\\/07\\\/logo_ib.png\",\"width\":800,\"height\":181,\"caption\":\"IMMOBILIEN Business\"},\"image\":{\"@id\":\"https:\\\/\\\/www.immobilienbusiness.ch\\\/#\\\/schema\\\/logo\\\/image\\\/\"},\"sameAs\":[\"https:\\\/\\\/www.facebook.com\\\/immobilienbusiness\\\/\"]},{\"@type\":\"Person\",\"@id\":\"https:\\\/\\\/www.immobilienbusiness.ch\\\/#\\\/schema\\\/person\\\/aba8bea2db926aa0c24c08c43fe1fcd5\",\"name\":\"Alexander Wachter\",\"image\":{\"@type\":\"ImageObject\",\"inLanguage\":\"de\",\"@id\":\"https:\\\/\\\/secure.gravatar.com\\\/avatar\\\/1a09e471f5389b0e0a6416eac287e0927c7c97a7b77f9e787eba3af7aee281dd?s=96&d=mm&r=g\",\"url\":\"https:\\\/\\\/secure.gravatar.com\\\/avatar\\\/1a09e471f5389b0e0a6416eac287e0927c7c97a7b77f9e787eba3af7aee281dd?s=96&d=mm&r=g\",\"contentUrl\":\"https:\\\/\\\/secure.gravatar.com\\\/avatar\\\/1a09e471f5389b0e0a6416eac287e0927c7c97a7b77f9e787eba3af7aee281dd?s=96&d=mm&r=g\",\"caption\":\"Alexander Wachter\"},\"url\":\"https:\\\/\\\/www.immobilienbusiness.ch\\\/de\\\/author\\\/alexander-wachter\\\/\"}]}<\/script>\n<!-- \/ Yoast SEO plugin. -->","yoast_head_json":{"title":"St. Gallen: Hochhaus-Projekt nimmt erste H\u00fcrde - IMMOBILIEN Business","description":"Das Projekt auf dem Areal Bogenstrasse, bei dem auch das Architekturb\u00fcro Herzog & de Meuron an Bord ist, wurde f\u00fcr das Sondernutzungsplanverfahren freigegeben.","robots":{"index":"index","follow":"follow","max-snippet":"max-snippet:-1","max-image-preview":"max-image-preview:large","max-video-preview":"max-video-preview:-1"},"canonical":"https:\/\/www.immobilienbusiness.ch\/de\/regionen\/2024-11-25\/st-gallen-hochhaus-projekt-nimmt-erste-huerde\/","og_locale":"de_DE","og_type":"article","og_title":"St. Gallen: Hochhaus-Projekt nimmt erste H\u00fcrde - IMMOBILIEN Business","og_description":"Das Projekt auf dem Areal Bogenstrasse, bei dem auch das Architekturb\u00fcro Herzog & de Meuron an Bord ist, wurde f\u00fcr das Sondernutzungsplanverfahren freigegeben.","og_url":"https:\/\/www.immobilienbusiness.ch\/de\/regionen\/2024-11-25\/st-gallen-hochhaus-projekt-nimmt-erste-huerde\/","og_site_name":"IMMOBILIEN Business","article_publisher":"https:\/\/www.facebook.com\/immobilienbusiness\/","article_published_time":"2024-11-25T07:01:36+00:00","article_modified_time":"2024-11-28T10:48:59+00:00","og_image":[{"width":1200,"height":800,"url":"https:\/\/www.immobilienbusiness.ch\/wp-content\/uploads\/2024\/11\/241121_Medienmitteilung-Bogenstrasse_Modell_1-scaled.jpg","type":"image\/jpeg"}],"author":"Alexander Wachter","twitter_card":"summary_large_image","schema":{"@context":"https:\/\/schema.org","@graph":[{"@type":"Article","@id":"https:\/\/www.immobilienbusiness.ch\/it\/regionen\/2024-11-25\/st-gallen-hochhaus-projekt-nimmt-erste-huerde\/#article","isPartOf":{"@id":"https:\/\/www.immobilienbusiness.ch\/it\/regionen\/2024-11-25\/st-gallen-hochhaus-projekt-nimmt-erste-huerde\/"},"author":{"name":"Alexander Wachter","@id":"https:\/\/www.immobilienbusiness.ch\/#\/schema\/person\/aba8bea2db926aa0c24c08c43fe1fcd5"},"headline":"St. Gallen: Hochhaus-Projekt nimmt erste H\u00fcrde","datePublished":"2024-11-25T07:01:36+00:00","dateModified":"2024-11-28T10:48:59+00:00","mainEntityOfPage":{"@id":"https:\/\/www.immobilienbusiness.ch\/it\/regionen\/2024-11-25\/st-gallen-hochhaus-projekt-nimmt-erste-huerde\/"},"wordCount":359,"publisher":{"@id":"https:\/\/www.immobilienbusiness.ch\/#organization"},"image":{"@id":"https:\/\/www.immobilienbusiness.ch\/it\/regionen\/2024-11-25\/st-gallen-hochhaus-projekt-nimmt-erste-huerde\/#primaryimage"},"thumbnailUrl":"https:\/\/www.immobilienbusiness.ch\/wp-content\/uploads\/2024\/11\/241121_Medienmitteilung-Bogenstrasse_Modell_1-scaled.jpg","keywords":["Architektur","B\u00fcro","Gastronomie","Herzog &amp; de Meuron","Mietwohnungen","Projekt in Planung","Quartier","Retail","St. Gallen","Westpol"],"articleSection":["REGIONEN"],"inLanguage":"de"},{"@type":"WebPage","@id":"https:\/\/www.immobilienbusiness.ch\/it\/regionen\/2024-11-25\/st-gallen-hochhaus-projekt-nimmt-erste-huerde\/","url":"https:\/\/www.immobilienbusiness.ch\/it\/regionen\/2024-11-25\/st-gallen-hochhaus-projekt-nimmt-erste-huerde\/","name":"St. Gallen: Hochhaus-Projekt nimmt erste H\u00fcrde - IMMOBILIEN Business","isPartOf":{"@id":"https:\/\/www.immobilienbusiness.ch\/#website"},"primaryImageOfPage":{"@id":"https:\/\/www.immobilienbusiness.ch\/it\/regionen\/2024-11-25\/st-gallen-hochhaus-projekt-nimmt-erste-huerde\/#primaryimage"},"image":{"@id":"https:\/\/www.immobilienbusiness.ch\/it\/regionen\/2024-11-25\/st-gallen-hochhaus-projekt-nimmt-erste-huerde\/#primaryimage"},"thumbnailUrl":"https:\/\/www.immobilienbusiness.ch\/wp-content\/uploads\/2024\/11\/241121_Medienmitteilung-Bogenstrasse_Modell_1-scaled.jpg","datePublished":"2024-11-25T07:01:36+00:00","dateModified":"2024-11-28T10:48:59+00:00","description":"Das Projekt auf dem Areal Bogenstrasse, bei dem auch das Architekturb\u00fcro Herzog & de Meuron an Bord ist, wurde f\u00fcr das Sondernutzungsplanverfahren freigegeben.","breadcrumb":{"@id":"https:\/\/www.immobilienbusiness.ch\/it\/regionen\/2024-11-25\/st-gallen-hochhaus-projekt-nimmt-erste-huerde\/#breadcrumb"},"inLanguage":"de","potentialAction":[{"@type":"ReadAction","target":["https:\/\/www.immobilienbusiness.ch\/it\/regionen\/2024-11-25\/st-gallen-hochhaus-projekt-nimmt-erste-huerde\/"]}]},{"@type":"ImageObject","inLanguage":"de","@id":"https:\/\/www.immobilienbusiness.ch\/it\/regionen\/2024-11-25\/st-gallen-hochhaus-projekt-nimmt-erste-huerde\/#primaryimage","url":"https:\/\/www.immobilienbusiness.ch\/wp-content\/uploads\/2024\/11\/241121_Medienmitteilung-Bogenstrasse_Modell_1-scaled.jpg","contentUrl":"https:\/\/www.immobilienbusiness.ch\/wp-content\/uploads\/2024\/11\/241121_Medienmitteilung-Bogenstrasse_Modell_1-scaled.jpg","width":1200,"height":800,"caption":"In St. Gallen haben die Pl\u00e4ne f\u00fcr das Areal Bogenstrasse eine wichtige H\u00fcrde genommen (Modellbild: Die Modellbauer, Gn\u00e4dinger Architektur-Modellbau GmbH)"},{"@type":"BreadcrumbList","@id":"https:\/\/www.immobilienbusiness.ch\/it\/regionen\/2024-11-25\/st-gallen-hochhaus-projekt-nimmt-erste-huerde\/#breadcrumb","itemListElement":[{"@type":"ListItem","position":1,"name":"Home","item":"https:\/\/www.immobilienbusiness.ch\/"},{"@type":"ListItem","position":2,"name":"St. Gallen: Hochhaus-Projekt nimmt erste H\u00fcrde"}]},{"@type":"WebSite","@id":"https:\/\/www.immobilienbusiness.ch\/#website","url":"https:\/\/www.immobilienbusiness.ch\/","name":"IMMOBILIEN Business","description":"Unabh\u00e4ngiges Schweizer Wirtschaftsmagazin mit Fokus auf Immobilien, Architektur- und Bau sowie Investment- und Finanzierung.","publisher":{"@id":"https:\/\/www.immobilienbusiness.ch\/#organization"},"potentialAction":[{"@type":"SearchAction","target":{"@type":"EntryPoint","urlTemplate":"https:\/\/www.immobilienbusiness.ch\/?s={search_term_string}"},"query-input":{"@type":"PropertyValueSpecification","valueRequired":true,"valueName":"search_term_string"}}],"inLanguage":"de"},{"@type":"Organization","@id":"https:\/\/www.immobilienbusiness.ch\/#organization","name":"IMMOBILIEN Business","url":"https:\/\/www.immobilienbusiness.ch\/","logo":{"@type":"ImageObject","inLanguage":"de","@id":"https:\/\/www.immobilienbusiness.ch\/#\/schema\/logo\/image\/","url":"https:\/\/www.immobilienbusiness.ch\/wp-content\/uploads\/2021\/07\/logo_ib.png","contentUrl":"https:\/\/www.immobilienbusiness.ch\/wp-content\/uploads\/2021\/07\/logo_ib.png","width":800,"height":181,"caption":"IMMOBILIEN Business"},"image":{"@id":"https:\/\/www.immobilienbusiness.ch\/#\/schema\/logo\/image\/"},"sameAs":["https:\/\/www.facebook.com\/immobilienbusiness\/"]},{"@type":"Person","@id":"https:\/\/www.immobilienbusiness.ch\/#\/schema\/person\/aba8bea2db926aa0c24c08c43fe1fcd5","name":"Alexander Wachter","image":{"@type":"ImageObject","inLanguage":"de","@id":"https:\/\/secure.gravatar.com\/avatar\/1a09e471f5389b0e0a6416eac287e0927c7c97a7b77f9e787eba3af7aee281dd?s=96&d=mm&r=g","url":"https:\/\/secure.gravatar.com\/avatar\/1a09e471f5389b0e0a6416eac287e0927c7c97a7b77f9e787eba3af7aee281dd?s=96&d=mm&r=g","contentUrl":"https:\/\/secure.gravatar.com\/avatar\/1a09e471f5389b0e0a6416eac287e0927c7c97a7b77f9e787eba3af7aee281dd?s=96&d=mm&r=g","caption":"Alexander Wachter"},"url":"https:\/\/www.immobilienbusiness.ch\/de\/author\/alexander-wachter\/"}]}},"_links":{"self":[{"href":"https:\/\/www.immobilienbusiness.ch\/de\/wp-json\/wp\/v2\/posts\/61514","targetHints":{"allow":["GET"]}}],"collection":[{"href":"https:\/\/www.immobilienbusiness.ch\/de\/wp-json\/wp\/v2\/posts"}],"about":[{"href":"https:\/\/www.immobilienbusiness.ch\/de\/wp-json\/wp\/v2\/types\/post"}],"author":[{"embeddable":true,"href":"https:\/\/www.immobilienbusiness.ch\/de\/wp-json\/wp\/v2\/users\/102"}],"replies":[{"embeddable":true,"href":"https:\/\/www.immobilienbusiness.ch\/de\/wp-json\/wp\/v2\/comments?post=61514"}],"version-history":[{"count":4,"href":"https:\/\/www.immobilienbusiness.ch\/de\/wp-json\/wp\/v2\/posts\/61514\/revisions"}],"predecessor-version":[{"id":61579,"href":"https:\/\/www.immobilienbusiness.ch\/de\/wp-json\/wp\/v2\/posts\/61514\/revisions\/61579"}],"wp:featuredmedia":[{"embeddable":true,"href":"https:\/\/www.immobilienbusiness.ch\/de\/wp-json\/wp\/v2\/media\/61515"}],"wp:attachment":[{"href":"https:\/\/www.immobilienbusiness.ch\/de\/wp-json\/wp\/v2\/media?parent=61514"}],"wp:term":[{"taxonomy":"category","embeddable":true,"href":"https:\/\/www.immobilienbusiness.ch\/de\/wp-json\/wp\/v2\/categories?post=61514"},{"taxonomy":"post_tag","embeddable":true,"href":"https:\/\/www.immobilienbusiness.ch\/de\/wp-json\/wp\/v2\/tags?post=61514"}],"curies":[{"name":"wp","href":"https:\/\/api.w.org\/{rel}","templated":true}]}}