{"id":61500,"date":"2024-11-22T08:16:18","date_gmt":"2024-11-22T07:16:18","guid":{"rendered":"https:\/\/www.immobilienbusiness.ch\/?p=61500"},"modified":"2024-11-28T13:28:10","modified_gmt":"2024-11-28T12:28:10","slug":"kohlberg-partner-ernennt-neuen-ceo","status":"publish","type":"post","link":"https:\/\/www.immobilienbusiness.ch\/de\/personalia\/2024-11-22\/kohlberg-partner-ernennt-neuen-ceo\/","title":{"rendered":"Kohlberg &#038; Partner ernennt neuen CEO"},"content":{"rendered":"<figure id=\"attachment_61501\" aria-describedby=\"caption-attachment-61501\" style=\"width: 768px\" class=\"wp-caption alignnone\"><a href=\"https:\/\/www.immobilienbusiness.ch\/wp-content\/uploads\/2024\/11\/Portrait_Foto_Michael_Greuter-scaled.jpg\"><img loading=\"lazy\" decoding=\"async\" class=\"size-large wp-image-61501\" src=\"https:\/\/www.immobilienbusiness.ch\/wp-content\/uploads\/2024\/11\/Portrait_Foto_Michael_Greuter-1019x1024.jpg\" alt=\"\" width=\"768\" height=\"772\" srcset=\"https:\/\/www.immobilienbusiness.ch\/wp-content\/uploads\/2024\/11\/Portrait_Foto_Michael_Greuter-1019x1024.jpg 1019w, https:\/\/www.immobilienbusiness.ch\/wp-content\/uploads\/2024\/11\/Portrait_Foto_Michael_Greuter-150x150.jpg 150w, https:\/\/www.immobilienbusiness.ch\/wp-content\/uploads\/2024\/11\/Portrait_Foto_Michael_Greuter-768x772.jpg 768w, https:\/\/www.immobilienbusiness.ch\/wp-content\/uploads\/2024\/11\/Portrait_Foto_Michael_Greuter-1528x1536.jpg 1528w, https:\/\/www.immobilienbusiness.ch\/wp-content\/uploads\/2024\/11\/Portrait_Foto_Michael_Greuter-2038x2048.jpg 2038w, https:\/\/www.immobilienbusiness.ch\/wp-content\/uploads\/2024\/11\/Portrait_Foto_Michael_Greuter-12x12.jpg 12w, https:\/\/www.immobilienbusiness.ch\/wp-content\/uploads\/2024\/11\/Portrait_Foto_Michael_Greuter-299x300.jpg 299w, https:\/\/www.immobilienbusiness.ch\/wp-content\/uploads\/2024\/11\/Portrait_Foto_Michael_Greuter-348x350.jpg 348w, https:\/\/www.immobilienbusiness.ch\/wp-content\/uploads\/2024\/11\/Portrait_Foto_Michael_Greuter-796x800.jpg 796w, https:\/\/www.immobilienbusiness.ch\/wp-content\/uploads\/2024\/11\/Portrait_Foto_Michael_Greuter-250x250.jpg 250w, https:\/\/www.immobilienbusiness.ch\/wp-content\/uploads\/2024\/11\/Portrait_Foto_Michael_Greuter-scaled.jpg 1194w\" sizes=\"auto, (max-width: 768px) 100vw, 768px\" \/><\/a><figcaption id=\"caption-attachment-61501\" class=\"wp-caption-text\">Michael Greuter (Bild: Kohlberg &amp; Partner)<\/figcaption><\/figure>\n<p>Kohlberg &amp; Partner Human Resources Services, ein Schweizer Personaldienstleister mit Schwerpunkt im Immobilienbereich, ernennt Michael Greuter zum CEO. Greuter arbeitete zuletzt \u00fcber sechs Jahre f\u00fcr den IT-Dienstleister Vitodata AG als Bereichsleiter Marketing &amp; Kommunikation. Interim-CEO Tino K\u00e4ser wird laut einer Mitteilung weiterhin als Senior Advisor f\u00fcr Kohlberg &amp; Partner t\u00e4tig sein und nebst seiner Funktion als Mitglied der Gesch\u00e4ftsleitung bei der Schwestergesellschaft Brainforce AG wirken.<\/p>\n<p>Wie das Unternehmen weiter mitteilt, soll mit Greuter die geografische Pr\u00e4senz ausgebaut und das Angebot \u00fcber die Schwerpunkte Immobilien und Industrie auf weitere Sektoren ausgebaut werden. Bei der St\u00e4rkung der Marktposition soll sich weiterhin auch Exekutiv-Verwaltungsr\u00e4tin Christa Kohlberg einbringen, u.a. mit ihrer Expertise im Bereich Immobilien- und Baumanagement. Eigent\u00fcmer und VR-Pr\u00e4sident des Unternehmens ist Martin Schneider. <em>(aw)<\/em><\/p>\n","protected":false},"excerpt":{"rendered":"<p>Der unter anderem auf Immobilien fokussierte Personaldienstleister hat mit Michael Greuter einen neuen CEO und will geografisch sowie sektoral wachsen.<\/p>\n","protected":false},"author":102,"featured_media":61501,"comment_status":"closed","ping_status":"closed","sticky":false,"template":"","format":"standard","meta":{"_acf_changed":false,"_yoast_wpseo_focuskw":"Kohlberg","_yoast_wpseo_title":"","_yoast_wpseo_metadesc":"Der unter anderem auf Immobilien fokussierte Personaldienstleister hat mit Michael Greuter einen neuen CEO und will geografisch sowie sektoral wachsen.","_yoast_wpseo_linkdex":44,"pgc_sgb_lightbox_settings":"","footnotes":""},"categories":[1912],"tags":[4037,1563],"class_list":["post-61500","post","type-post","status-publish","format-standard","has-post-thumbnail","hentry","category-personalia","tag-kohlberg-partner","tag-personalia"],"acf":[],"yoast_head":"<!-- This site is optimized with the Yoast SEO plugin v27.4 - https:\/\/yoast.com\/product\/yoast-seo-wordpress\/ -->\n<title>Kohlberg &amp; Partner ernennt neuen CEO - IMMOBILIEN Business<\/title>\n<meta name=\"description\" content=\"Der unter anderem auf Immobilien fokussierte Personaldienstleister hat mit Michael Greuter einen neuen CEO und will geografisch sowie sektoral wachsen.\" \/>\n<meta name=\"robots\" content=\"index, follow, max-snippet:-1, max-image-preview:large, max-video-preview:-1\" \/>\n<link rel=\"canonical\" href=\"https:\/\/www.immobilienbusiness.ch\/de\/personalia\/2024-11-22\/kohlberg-partner-ernennt-neuen-ceo\/\" \/>\n<meta property=\"og:locale\" content=\"de_DE\" \/>\n<meta property=\"og:type\" content=\"article\" \/>\n<meta property=\"og:title\" content=\"Kohlberg &amp; Partner ernennt neuen CEO - IMMOBILIEN Business\" \/>\n<meta property=\"og:description\" content=\"Der unter anderem auf Immobilien fokussierte Personaldienstleister hat mit Michael Greuter einen neuen CEO und will geografisch sowie sektoral wachsen.\" \/>\n<meta property=\"og:url\" content=\"https:\/\/www.immobilienbusiness.ch\/de\/personalia\/2024-11-22\/kohlberg-partner-ernennt-neuen-ceo\/\" \/>\n<meta property=\"og:site_name\" content=\"IMMOBILIEN Business\" \/>\n<meta property=\"article:publisher\" content=\"https:\/\/www.facebook.com\/immobilienbusiness\/\" \/>\n<meta property=\"article:published_time\" content=\"2024-11-22T07:16:18+00:00\" \/>\n<meta property=\"article:modified_time\" content=\"2024-11-28T12:28:10+00:00\" \/>\n<meta property=\"og:image\" content=\"https:\/\/www.immobilienbusiness.ch\/wp-content\/uploads\/2024\/11\/Portrait_Foto_Michael_Greuter-scaled.jpg\" \/>\n\t<meta property=\"og:image:width\" content=\"1194\" \/>\n\t<meta property=\"og:image:height\" content=\"1200\" \/>\n\t<meta property=\"og:image:type\" content=\"image\/jpeg\" \/>\n<meta name=\"author\" content=\"Alexander Wachter\" \/>\n<meta name=\"twitter:card\" content=\"summary_large_image\" \/>\n<script type=\"application\/ld+json\" class=\"yoast-schema-graph\">{\"@context\":\"https:\\\/\\\/schema.org\",\"@graph\":[{\"@type\":\"Article\",\"@id\":\"https:\\\/\\\/www.immobilienbusiness.ch\\\/de\\\/personalia\\\/2024-11-22\\\/kohlberg-partner-ernennt-neuen-ceo\\\/#article\",\"isPartOf\":{\"@id\":\"https:\\\/\\\/www.immobilienbusiness.ch\\\/de\\\/personalia\\\/2024-11-22\\\/kohlberg-partner-ernennt-neuen-ceo\\\/\"},\"author\":{\"name\":\"Alexander Wachter\",\"@id\":\"https:\\\/\\\/www.immobilienbusiness.ch\\\/#\\\/schema\\\/person\\\/aba8bea2db926aa0c24c08c43fe1fcd5\"},\"headline\":\"Kohlberg &#038; Partner ernennt neuen CEO\",\"datePublished\":\"2024-11-22T07:16:18+00:00\",\"dateModified\":\"2024-11-28T12:28:10+00:00\",\"mainEntityOfPage\":{\"@id\":\"https:\\\/\\\/www.immobilienbusiness.ch\\\/de\\\/personalia\\\/2024-11-22\\\/kohlberg-partner-ernennt-neuen-ceo\\\/\"},\"wordCount\":151,\"publisher\":{\"@id\":\"https:\\\/\\\/www.immobilienbusiness.ch\\\/#organization\"},\"image\":{\"@id\":\"https:\\\/\\\/www.immobilienbusiness.ch\\\/de\\\/personalia\\\/2024-11-22\\\/kohlberg-partner-ernennt-neuen-ceo\\\/#primaryimage\"},\"thumbnailUrl\":\"https:\\\/\\\/www.immobilienbusiness.ch\\\/wp-content\\\/uploads\\\/2024\\\/11\\\/Portrait_Foto_Michael_Greuter-scaled.jpg\",\"keywords\":[\"Kohlberg &amp; Partner\",\"Personalia\"],\"articleSection\":[\"PERSONALIA\"],\"inLanguage\":\"de\"},{\"@type\":\"WebPage\",\"@id\":\"https:\\\/\\\/www.immobilienbusiness.ch\\\/de\\\/personalia\\\/2024-11-22\\\/kohlberg-partner-ernennt-neuen-ceo\\\/\",\"url\":\"https:\\\/\\\/www.immobilienbusiness.ch\\\/de\\\/personalia\\\/2024-11-22\\\/kohlberg-partner-ernennt-neuen-ceo\\\/\",\"name\":\"Kohlberg & Partner ernennt neuen CEO - IMMOBILIEN Business\",\"isPartOf\":{\"@id\":\"https:\\\/\\\/www.immobilienbusiness.ch\\\/#website\"},\"primaryImageOfPage\":{\"@id\":\"https:\\\/\\\/www.immobilienbusiness.ch\\\/de\\\/personalia\\\/2024-11-22\\\/kohlberg-partner-ernennt-neuen-ceo\\\/#primaryimage\"},\"image\":{\"@id\":\"https:\\\/\\\/www.immobilienbusiness.ch\\\/de\\\/personalia\\\/2024-11-22\\\/kohlberg-partner-ernennt-neuen-ceo\\\/#primaryimage\"},\"thumbnailUrl\":\"https:\\\/\\\/www.immobilienbusiness.ch\\\/wp-content\\\/uploads\\\/2024\\\/11\\\/Portrait_Foto_Michael_Greuter-scaled.jpg\",\"datePublished\":\"2024-11-22T07:16:18+00:00\",\"dateModified\":\"2024-11-28T12:28:10+00:00\",\"description\":\"Der unter anderem auf Immobilien fokussierte Personaldienstleister hat mit Michael Greuter einen neuen CEO und will geografisch sowie sektoral wachsen.\",\"breadcrumb\":{\"@id\":\"https:\\\/\\\/www.immobilienbusiness.ch\\\/de\\\/personalia\\\/2024-11-22\\\/kohlberg-partner-ernennt-neuen-ceo\\\/#breadcrumb\"},\"inLanguage\":\"de\",\"potentialAction\":[{\"@type\":\"ReadAction\",\"target\":[\"https:\\\/\\\/www.immobilienbusiness.ch\\\/de\\\/personalia\\\/2024-11-22\\\/kohlberg-partner-ernennt-neuen-ceo\\\/\"]}]},{\"@type\":\"ImageObject\",\"inLanguage\":\"de\",\"@id\":\"https:\\\/\\\/www.immobilienbusiness.ch\\\/de\\\/personalia\\\/2024-11-22\\\/kohlberg-partner-ernennt-neuen-ceo\\\/#primaryimage\",\"url\":\"https:\\\/\\\/www.immobilienbusiness.ch\\\/wp-content\\\/uploads\\\/2024\\\/11\\\/Portrait_Foto_Michael_Greuter-scaled.jpg\",\"contentUrl\":\"https:\\\/\\\/www.immobilienbusiness.ch\\\/wp-content\\\/uploads\\\/2024\\\/11\\\/Portrait_Foto_Michael_Greuter-scaled.jpg\",\"width\":1194,\"height\":1200,\"caption\":\"Michael Greuter (Bild: Kohlberg & Partner)\"},{\"@type\":\"BreadcrumbList\",\"@id\":\"https:\\\/\\\/www.immobilienbusiness.ch\\\/de\\\/personalia\\\/2024-11-22\\\/kohlberg-partner-ernennt-neuen-ceo\\\/#breadcrumb\",\"itemListElement\":[{\"@type\":\"ListItem\",\"position\":1,\"name\":\"Home\",\"item\":\"https:\\\/\\\/www.immobilienbusiness.ch\\\/\"},{\"@type\":\"ListItem\",\"position\":2,\"name\":\"Kohlberg &#038; Partner ernennt neuen CEO\"}]},{\"@type\":\"WebSite\",\"@id\":\"https:\\\/\\\/www.immobilienbusiness.ch\\\/#website\",\"url\":\"https:\\\/\\\/www.immobilienbusiness.ch\\\/\",\"name\":\"IMMOBILIEN Business\",\"description\":\"Unabh\u00e4ngiges Schweizer Wirtschaftsmagazin mit Fokus auf Immobilien, Architektur- und Bau sowie Investment- und Finanzierung.\",\"publisher\":{\"@id\":\"https:\\\/\\\/www.immobilienbusiness.ch\\\/#organization\"},\"potentialAction\":[{\"@type\":\"SearchAction\",\"target\":{\"@type\":\"EntryPoint\",\"urlTemplate\":\"https:\\\/\\\/www.immobilienbusiness.ch\\\/?s={search_term_string}\"},\"query-input\":{\"@type\":\"PropertyValueSpecification\",\"valueRequired\":true,\"valueName\":\"search_term_string\"}}],\"inLanguage\":\"de\"},{\"@type\":\"Organization\",\"@id\":\"https:\\\/\\\/www.immobilienbusiness.ch\\\/#organization\",\"name\":\"IMMOBILIEN Business\",\"url\":\"https:\\\/\\\/www.immobilienbusiness.ch\\\/\",\"logo\":{\"@type\":\"ImageObject\",\"inLanguage\":\"de\",\"@id\":\"https:\\\/\\\/www.immobilienbusiness.ch\\\/#\\\/schema\\\/logo\\\/image\\\/\",\"url\":\"https:\\\/\\\/www.immobilienbusiness.ch\\\/wp-content\\\/uploads\\\/2021\\\/07\\\/logo_ib.png\",\"contentUrl\":\"https:\\\/\\\/www.immobilienbusiness.ch\\\/wp-content\\\/uploads\\\/2021\\\/07\\\/logo_ib.png\",\"width\":800,\"height\":181,\"caption\":\"IMMOBILIEN Business\"},\"image\":{\"@id\":\"https:\\\/\\\/www.immobilienbusiness.ch\\\/#\\\/schema\\\/logo\\\/image\\\/\"},\"sameAs\":[\"https:\\\/\\\/www.facebook.com\\\/immobilienbusiness\\\/\"]},{\"@type\":\"Person\",\"@id\":\"https:\\\/\\\/www.immobilienbusiness.ch\\\/#\\\/schema\\\/person\\\/aba8bea2db926aa0c24c08c43fe1fcd5\",\"name\":\"Alexander Wachter\",\"image\":{\"@type\":\"ImageObject\",\"inLanguage\":\"de\",\"@id\":\"https:\\\/\\\/secure.gravatar.com\\\/avatar\\\/1a09e471f5389b0e0a6416eac287e0927c7c97a7b77f9e787eba3af7aee281dd?s=96&d=mm&r=g\",\"url\":\"https:\\\/\\\/secure.gravatar.com\\\/avatar\\\/1a09e471f5389b0e0a6416eac287e0927c7c97a7b77f9e787eba3af7aee281dd?s=96&d=mm&r=g\",\"contentUrl\":\"https:\\\/\\\/secure.gravatar.com\\\/avatar\\\/1a09e471f5389b0e0a6416eac287e0927c7c97a7b77f9e787eba3af7aee281dd?s=96&d=mm&r=g\",\"caption\":\"Alexander Wachter\"},\"url\":\"https:\\\/\\\/www.immobilienbusiness.ch\\\/de\\\/author\\\/alexander-wachter\\\/\"}]}<\/script>\n<!-- \/ Yoast SEO plugin. -->","yoast_head_json":{"title":"Kohlberg & Partner ernennt neuen CEO - IMMOBILIEN Business","description":"Der unter anderem auf Immobilien fokussierte Personaldienstleister hat mit Michael Greuter einen neuen CEO und will geografisch sowie sektoral wachsen.","robots":{"index":"index","follow":"follow","max-snippet":"max-snippet:-1","max-image-preview":"max-image-preview:large","max-video-preview":"max-video-preview:-1"},"canonical":"https:\/\/www.immobilienbusiness.ch\/de\/personalia\/2024-11-22\/kohlberg-partner-ernennt-neuen-ceo\/","og_locale":"de_DE","og_type":"article","og_title":"Kohlberg & Partner ernennt neuen CEO - IMMOBILIEN Business","og_description":"Der unter anderem auf Immobilien fokussierte Personaldienstleister hat mit Michael Greuter einen neuen CEO und will geografisch sowie sektoral wachsen.","og_url":"https:\/\/www.immobilienbusiness.ch\/de\/personalia\/2024-11-22\/kohlberg-partner-ernennt-neuen-ceo\/","og_site_name":"IMMOBILIEN Business","article_publisher":"https:\/\/www.facebook.com\/immobilienbusiness\/","article_published_time":"2024-11-22T07:16:18+00:00","article_modified_time":"2024-11-28T12:28:10+00:00","og_image":[{"width":1194,"height":1200,"url":"https:\/\/www.immobilienbusiness.ch\/wp-content\/uploads\/2024\/11\/Portrait_Foto_Michael_Greuter-scaled.jpg","type":"image\/jpeg"}],"author":"Alexander Wachter","twitter_card":"summary_large_image","schema":{"@context":"https:\/\/schema.org","@graph":[{"@type":"Article","@id":"https:\/\/www.immobilienbusiness.ch\/de\/personalia\/2024-11-22\/kohlberg-partner-ernennt-neuen-ceo\/#article","isPartOf":{"@id":"https:\/\/www.immobilienbusiness.ch\/de\/personalia\/2024-11-22\/kohlberg-partner-ernennt-neuen-ceo\/"},"author":{"name":"Alexander Wachter","@id":"https:\/\/www.immobilienbusiness.ch\/#\/schema\/person\/aba8bea2db926aa0c24c08c43fe1fcd5"},"headline":"Kohlberg &#038; Partner ernennt neuen CEO","datePublished":"2024-11-22T07:16:18+00:00","dateModified":"2024-11-28T12:28:10+00:00","mainEntityOfPage":{"@id":"https:\/\/www.immobilienbusiness.ch\/de\/personalia\/2024-11-22\/kohlberg-partner-ernennt-neuen-ceo\/"},"wordCount":151,"publisher":{"@id":"https:\/\/www.immobilienbusiness.ch\/#organization"},"image":{"@id":"https:\/\/www.immobilienbusiness.ch\/de\/personalia\/2024-11-22\/kohlberg-partner-ernennt-neuen-ceo\/#primaryimage"},"thumbnailUrl":"https:\/\/www.immobilienbusiness.ch\/wp-content\/uploads\/2024\/11\/Portrait_Foto_Michael_Greuter-scaled.jpg","keywords":["Kohlberg &amp; Partner","Personalia"],"articleSection":["PERSONALIA"],"inLanguage":"de"},{"@type":"WebPage","@id":"https:\/\/www.immobilienbusiness.ch\/de\/personalia\/2024-11-22\/kohlberg-partner-ernennt-neuen-ceo\/","url":"https:\/\/www.immobilienbusiness.ch\/de\/personalia\/2024-11-22\/kohlberg-partner-ernennt-neuen-ceo\/","name":"Kohlberg & Partner ernennt neuen CEO - IMMOBILIEN Business","isPartOf":{"@id":"https:\/\/www.immobilienbusiness.ch\/#website"},"primaryImageOfPage":{"@id":"https:\/\/www.immobilienbusiness.ch\/de\/personalia\/2024-11-22\/kohlberg-partner-ernennt-neuen-ceo\/#primaryimage"},"image":{"@id":"https:\/\/www.immobilienbusiness.ch\/de\/personalia\/2024-11-22\/kohlberg-partner-ernennt-neuen-ceo\/#primaryimage"},"thumbnailUrl":"https:\/\/www.immobilienbusiness.ch\/wp-content\/uploads\/2024\/11\/Portrait_Foto_Michael_Greuter-scaled.jpg","datePublished":"2024-11-22T07:16:18+00:00","dateModified":"2024-11-28T12:28:10+00:00","description":"Der unter anderem auf Immobilien fokussierte Personaldienstleister hat mit Michael Greuter einen neuen CEO und will geografisch sowie sektoral wachsen.","breadcrumb":{"@id":"https:\/\/www.immobilienbusiness.ch\/de\/personalia\/2024-11-22\/kohlberg-partner-ernennt-neuen-ceo\/#breadcrumb"},"inLanguage":"de","potentialAction":[{"@type":"ReadAction","target":["https:\/\/www.immobilienbusiness.ch\/de\/personalia\/2024-11-22\/kohlberg-partner-ernennt-neuen-ceo\/"]}]},{"@type":"ImageObject","inLanguage":"de","@id":"https:\/\/www.immobilienbusiness.ch\/de\/personalia\/2024-11-22\/kohlberg-partner-ernennt-neuen-ceo\/#primaryimage","url":"https:\/\/www.immobilienbusiness.ch\/wp-content\/uploads\/2024\/11\/Portrait_Foto_Michael_Greuter-scaled.jpg","contentUrl":"https:\/\/www.immobilienbusiness.ch\/wp-content\/uploads\/2024\/11\/Portrait_Foto_Michael_Greuter-scaled.jpg","width":1194,"height":1200,"caption":"Michael Greuter (Bild: Kohlberg & Partner)"},{"@type":"BreadcrumbList","@id":"https:\/\/www.immobilienbusiness.ch\/de\/personalia\/2024-11-22\/kohlberg-partner-ernennt-neuen-ceo\/#breadcrumb","itemListElement":[{"@type":"ListItem","position":1,"name":"Home","item":"https:\/\/www.immobilienbusiness.ch\/"},{"@type":"ListItem","position":2,"name":"Kohlberg &#038; Partner ernennt neuen CEO"}]},{"@type":"WebSite","@id":"https:\/\/www.immobilienbusiness.ch\/#website","url":"https:\/\/www.immobilienbusiness.ch\/","name":"IMMOBILIEN Business","description":"Unabh\u00e4ngiges Schweizer Wirtschaftsmagazin mit Fokus auf Immobilien, Architektur- und Bau sowie Investment- und Finanzierung.","publisher":{"@id":"https:\/\/www.immobilienbusiness.ch\/#organization"},"potentialAction":[{"@type":"SearchAction","target":{"@type":"EntryPoint","urlTemplate":"https:\/\/www.immobilienbusiness.ch\/?s={search_term_string}"},"query-input":{"@type":"PropertyValueSpecification","valueRequired":true,"valueName":"search_term_string"}}],"inLanguage":"de"},{"@type":"Organization","@id":"https:\/\/www.immobilienbusiness.ch\/#organization","name":"IMMOBILIEN Business","url":"https:\/\/www.immobilienbusiness.ch\/","logo":{"@type":"ImageObject","inLanguage":"de","@id":"https:\/\/www.immobilienbusiness.ch\/#\/schema\/logo\/image\/","url":"https:\/\/www.immobilienbusiness.ch\/wp-content\/uploads\/2021\/07\/logo_ib.png","contentUrl":"https:\/\/www.immobilienbusiness.ch\/wp-content\/uploads\/2021\/07\/logo_ib.png","width":800,"height":181,"caption":"IMMOBILIEN Business"},"image":{"@id":"https:\/\/www.immobilienbusiness.ch\/#\/schema\/logo\/image\/"},"sameAs":["https:\/\/www.facebook.com\/immobilienbusiness\/"]},{"@type":"Person","@id":"https:\/\/www.immobilienbusiness.ch\/#\/schema\/person\/aba8bea2db926aa0c24c08c43fe1fcd5","name":"Alexander Wachter","image":{"@type":"ImageObject","inLanguage":"de","@id":"https:\/\/secure.gravatar.com\/avatar\/1a09e471f5389b0e0a6416eac287e0927c7c97a7b77f9e787eba3af7aee281dd?s=96&d=mm&r=g","url":"https:\/\/secure.gravatar.com\/avatar\/1a09e471f5389b0e0a6416eac287e0927c7c97a7b77f9e787eba3af7aee281dd?s=96&d=mm&r=g","contentUrl":"https:\/\/secure.gravatar.com\/avatar\/1a09e471f5389b0e0a6416eac287e0927c7c97a7b77f9e787eba3af7aee281dd?s=96&d=mm&r=g","caption":"Alexander Wachter"},"url":"https:\/\/www.immobilienbusiness.ch\/de\/author\/alexander-wachter\/"}]}},"_links":{"self":[{"href":"https:\/\/www.immobilienbusiness.ch\/de\/wp-json\/wp\/v2\/posts\/61500","targetHints":{"allow":["GET"]}}],"collection":[{"href":"https:\/\/www.immobilienbusiness.ch\/de\/wp-json\/wp\/v2\/posts"}],"about":[{"href":"https:\/\/www.immobilienbusiness.ch\/de\/wp-json\/wp\/v2\/types\/post"}],"author":[{"embeddable":true,"href":"https:\/\/www.immobilienbusiness.ch\/de\/wp-json\/wp\/v2\/users\/102"}],"replies":[{"embeddable":true,"href":"https:\/\/www.immobilienbusiness.ch\/de\/wp-json\/wp\/v2\/comments?post=61500"}],"version-history":[{"count":1,"href":"https:\/\/www.immobilienbusiness.ch\/de\/wp-json\/wp\/v2\/posts\/61500\/revisions"}],"predecessor-version":[{"id":61502,"href":"https:\/\/www.immobilienbusiness.ch\/de\/wp-json\/wp\/v2\/posts\/61500\/revisions\/61502"}],"wp:featuredmedia":[{"embeddable":true,"href":"https:\/\/www.immobilienbusiness.ch\/de\/wp-json\/wp\/v2\/media\/61501"}],"wp:attachment":[{"href":"https:\/\/www.immobilienbusiness.ch\/de\/wp-json\/wp\/v2\/media?parent=61500"}],"wp:term":[{"taxonomy":"category","embeddable":true,"href":"https:\/\/www.immobilienbusiness.ch\/de\/wp-json\/wp\/v2\/categories?post=61500"},{"taxonomy":"post_tag","embeddable":true,"href":"https:\/\/www.immobilienbusiness.ch\/de\/wp-json\/wp\/v2\/tags?post=61500"}],"curies":[{"name":"wp","href":"https:\/\/api.w.org\/{rel}","templated":true}]}}