{"id":615,"date":"2016-11-15T08:55:17","date_gmt":"2016-11-15T07:55:17","guid":{"rendered":"http:\/\/dev.immobilienbusiness.ch\/?p=615"},"modified":"2016-11-15T08:55:17","modified_gmt":"2016-11-15T07:55:17","slug":"baden-wohnprojekt-auf-brisgi-areal","status":"publish","type":"post","link":"https:\/\/www.immobilienbusiness.ch\/de\/residential\/2016-11-15\/baden-wohnprojekt-auf-brisgi-areal\/","title":{"rendered":"Baden: Wohnprojekt auf Brisgi-Areal"},"content":{"rendered":"<figure id=\"attachment_5116\" aria-describedby=\"caption-attachment-5116\" style=\"width: 680px\" class=\"wp-caption alignnone\"><img loading=\"lazy\" decoding=\"async\" class=\"wp-image-5116 size-medium\" src=\"https:\/\/immobilienbusiness.ch\/wp-content\/uploads\/2016\/11\/Baden-Wohnprojekt-auf-Brisgi-Areal-immobilien-business.jpg\" width=\"680\" height=\"481\" srcset=\"https:\/\/www.immobilienbusiness.ch\/wp-content\/uploads\/2016\/11\/Baden-Wohnprojekt-auf-Brisgi-Areal-immobilien-business.jpg 2560w, https:\/\/www.immobilienbusiness.ch\/wp-content\/uploads\/2016\/11\/Baden-Wohnprojekt-auf-Brisgi-Areal-immobilien-business-300x212.jpg 300w, https:\/\/www.immobilienbusiness.ch\/wp-content\/uploads\/2016\/11\/Baden-Wohnprojekt-auf-Brisgi-Areal-immobilien-business-1024x724.jpg 1024w, https:\/\/www.immobilienbusiness.ch\/wp-content\/uploads\/2016\/11\/Baden-Wohnprojekt-auf-Brisgi-Areal-immobilien-business-768x543.jpg 768w, https:\/\/www.immobilienbusiness.ch\/wp-content\/uploads\/2016\/11\/Baden-Wohnprojekt-auf-Brisgi-Areal-immobilien-business-1536x1086.jpg 1536w, https:\/\/www.immobilienbusiness.ch\/wp-content\/uploads\/2016\/11\/Baden-Wohnprojekt-auf-Brisgi-Areal-immobilien-business-2048x1448.jpg 2048w, https:\/\/www.immobilienbusiness.ch\/wp-content\/uploads\/2016\/11\/Baden-Wohnprojekt-auf-Brisgi-Areal-immobilien-business-16x12.jpg 16w, https:\/\/www.immobilienbusiness.ch\/wp-content\/uploads\/2016\/11\/Baden-Wohnprojekt-auf-Brisgi-Areal-immobilien-business-248x175.jpg 248w, https:\/\/www.immobilienbusiness.ch\/wp-content\/uploads\/2016\/11\/Baden-Wohnprojekt-auf-Brisgi-Areal-immobilien-business-495x350.jpg 495w, https:\/\/www.immobilienbusiness.ch\/wp-content\/uploads\/2016\/11\/Baden-Wohnprojekt-auf-Brisgi-Areal-immobilien-business-1131x800.jpg 1131w, https:\/\/www.immobilienbusiness.ch\/wp-content\/uploads\/2016\/11\/Baden-Wohnprojekt-auf-Brisgi-Areal-immobilien-business-920x650.jpg 920w, https:\/\/www.immobilienbusiness.ch\/wp-content\/uploads\/2016\/11\/Baden-Wohnprojekt-auf-Brisgi-Areal-immobilien-business-1400x990.jpg 1400w, https:\/\/www.immobilienbusiness.ch\/wp-content\/uploads\/2016\/11\/Baden-Wohnprojekt-auf-Brisgi-Areal-immobilien-business-1980x1400.jpg 1980w\" sizes=\"auto, (max-width: 680px) 100vw, 680px\" \/><figcaption id=\"caption-attachment-5116\" class=\"wp-caption-text\">Das Brisgi-Areal in Baden soll \u00fcberbaut werden (Visualisierung: Wohnbaustiftung Baden)<\/figcaption><\/figure>\n<p>Das Brisgi-Areal z\u00e4hlt mit 6,5 Hektaren zu den letzten grossen Baulandreserven Badens. Nun soll es mit dem Projekt \u00abKandalama\u00bb von Meier Leder Architekten aus Baden gemeinsam mit dem Team M\u00fcller Sigrist \u00fcberbaut werden.<\/p>\n<p>Im Wettbewerb wurden Konzepte verlangt, die eine breite Mieterschaft ansprechen und die unterschiedliche Wohnformen m\u00f6glich machen. Kleinere Wohneinheiten f\u00fcr Singles und Rentner sowie spezielle Angebote f\u00fcr Wohngemeinschaften sollen den Schwerpunkt \u00abFamilienwohnen mit Kindern\u00bb bedarfsgerecht und mieterfreundlich erg\u00e4nzen.<\/p>\n<p>Die Geb\u00e4ude des ausgew\u00e4hlten Projekts \u00abKandalama\u00bb gliedern den Hang von der Brisgistrasse bis zur Ebene des Flussraumes in drei Stufen. Damit werde ein r\u00e4umlicher Bezug vom Kappelerquartier bis zur Ebene am Flussraum geschaffen, heisst es im Bericht der Jury. Zwischen den Geb\u00e4uden entstehen Begegnungszonen und Aufenthaltsbereiche.<\/p>\n<p>Die Bauherrin, die 2012 gegr\u00fcndete Wohnbaustiftung Baden, f\u00f6rdert gem\u00e4ss der von der Stadt Baden 2010 verabschiedeten Wohnbaustrategie den Wohnbau und damit das Angebot an kosteng\u00fcnstigen Wohnungen. Die Wohnbaustiftung verf\u00fcgt \u00fcber ein Eigenkapital von zehn Millionen CHF. Die Wohn\u00fcberbauung auf dem Brisgi-Areal ist das erste Projekt der Wohnbaustiftung Baden, weitere sollen folgen.<\/p>\n<p>Mit einem Baustart auf dem Brisgi-Areal ist fr\u00fchestens im Jahr 2020 zu rechnen. (ah)<\/p>\n","protected":false},"excerpt":{"rendered":"<p>Der Projektwettbewerb der Wohnbaustiftung Baden f\u00fcr das Brisgi-Areal ist entschieden: Die Jury hat das Projekt des Teams M\u00fcller Sigrist aus Z\u00fcrich und Meier Leder Architekten aus Baden zur Realisierung ausgew\u00e4hlt.<\/p>\n","protected":false},"author":1,"featured_media":5116,"comment_status":"open","ping_status":"open","sticky":false,"template":"","format":"standard","meta":{"_acf_changed":false,"_yoast_wpseo_focuskw":"Brisgi-Areal","_yoast_wpseo_title":"","_yoast_wpseo_metadesc":"Wettbewerbsgewinner f\u00fcr Brisgi-Areal: Die Jury hat das Projekt des Teams M\u00fcller Sigrist aus Z\u00fcrich und Meier Leder Architekten aus Baden ausgew\u00e4hlt.","_yoast_wpseo_linkdex":71,"pgc_sgb_lightbox_settings":"","footnotes":""},"categories":[986],"tags":[1529,1639,1862],"class_list":["post-615","post","type-post","status-publish","format-standard","has-post-thumbnail","hentry","category-residential","tag-nord-west-schweiz","tag-residential","tag-wohnen"],"acf":[],"yoast_head":"<!-- This site is optimized with the Yoast SEO plugin v27.4 - https:\/\/yoast.com\/product\/yoast-seo-wordpress\/ -->\n<title>Baden: Wohnprojekt auf Brisgi-Areal - IMMOBILIEN Business<\/title>\n<meta name=\"description\" content=\"Wettbewerbsgewinner f\u00fcr Brisgi-Areal: Die Jury hat das Projekt des Teams M\u00fcller Sigrist aus Z\u00fcrich und Meier Leder Architekten aus Baden ausgew\u00e4hlt.\" \/>\n<meta name=\"robots\" content=\"index, follow, max-snippet:-1, max-image-preview:large, max-video-preview:-1\" \/>\n<link rel=\"canonical\" href=\"https:\/\/www.immobilienbusiness.ch\/de\/residential\/2016-11-15\/baden-wohnprojekt-auf-brisgi-areal\/\" \/>\n<meta property=\"og:locale\" content=\"de_DE\" \/>\n<meta property=\"og:type\" content=\"article\" \/>\n<meta property=\"og:title\" content=\"Baden: Wohnprojekt auf Brisgi-Areal\" \/>\n<meta property=\"og:description\" content=\"Der Projektwettbewerb der Wohnbaustiftung Baden f\u00fcr das Brisgi-Areal ist entschieden: Die Jury hat das Projekt des Teams M\u00fcller Sigrist aus Z\u00fcrich und Meier Leder Architekten aus Baden zur Realisierung ausgew\u00e4hlt.\" \/>\n<meta property=\"og:url\" content=\"https:\/\/www.immobilienbusiness.ch\/de\/residential\/2016-11-15\/baden-wohnprojekt-auf-brisgi-areal\/\" \/>\n<meta property=\"og:site_name\" content=\"IMMOBILIEN Business\" \/>\n<meta property=\"article:publisher\" content=\"https:\/\/www.facebook.com\/immobilienbusiness\/\" \/>\n<meta property=\"article:published_time\" content=\"2016-11-15T07:55:17+00:00\" \/>\n<meta name=\"author\" content=\"Redaktion\" \/>\n<meta name=\"twitter:card\" content=\"summary_large_image\" \/>\n<meta name=\"twitter:image\" content=\"https:\/\/www.immobilienbusiness.ch\/wp-content\/uploads\/2016\/11\/Baden-Wohnprojekt-auf-Brisgi-Areal-immobilien-business.jpg\" \/>\n<script type=\"application\/ld+json\" class=\"yoast-schema-graph\">{\"@context\":\"https:\\\/\\\/schema.org\",\"@graph\":[{\"@type\":\"Article\",\"@id\":\"https:\\\/\\\/www.immobilienbusiness.ch\\\/residential\\\/2016-11-15\\\/baden-wohnprojekt-auf-brisgi-areal\\\/#article\",\"isPartOf\":{\"@id\":\"https:\\\/\\\/www.immobilienbusiness.ch\\\/residential\\\/2016-11-15\\\/baden-wohnprojekt-auf-brisgi-areal\\\/\"},\"author\":{\"name\":\"Redaktion\",\"@id\":\"https:\\\/\\\/www.immobilienbusiness.ch\\\/#\\\/schema\\\/person\\\/aa2bace6c5c5aad60102004a50c4eb1c\"},\"headline\":\"Baden: Wohnprojekt auf Brisgi-Areal\",\"datePublished\":\"2016-11-15T07:55:17+00:00\",\"mainEntityOfPage\":{\"@id\":\"https:\\\/\\\/www.immobilienbusiness.ch\\\/residential\\\/2016-11-15\\\/baden-wohnprojekt-auf-brisgi-areal\\\/\"},\"wordCount\":215,\"commentCount\":0,\"publisher\":{\"@id\":\"https:\\\/\\\/www.immobilienbusiness.ch\\\/#organization\"},\"image\":{\"@id\":\"https:\\\/\\\/www.immobilienbusiness.ch\\\/residential\\\/2016-11-15\\\/baden-wohnprojekt-auf-brisgi-areal\\\/#primaryimage\"},\"thumbnailUrl\":\"https:\\\/\\\/www.immobilienbusiness.ch\\\/wp-content\\\/uploads\\\/2016\\\/11\\\/Baden-Wohnprojekt-auf-Brisgi-Areal-immobilien-business.jpg\",\"keywords\":[\"Nord-West-Schweiz\",\"Residential\",\"Wohnen\"],\"articleSection\":[\"RESIDENTIAL\"],\"inLanguage\":\"de\"},{\"@type\":\"WebPage\",\"@id\":\"https:\\\/\\\/www.immobilienbusiness.ch\\\/residential\\\/2016-11-15\\\/baden-wohnprojekt-auf-brisgi-areal\\\/\",\"url\":\"https:\\\/\\\/www.immobilienbusiness.ch\\\/residential\\\/2016-11-15\\\/baden-wohnprojekt-auf-brisgi-areal\\\/\",\"name\":\"Baden: Wohnprojekt auf Brisgi-Areal - IMMOBILIEN Business\",\"isPartOf\":{\"@id\":\"https:\\\/\\\/www.immobilienbusiness.ch\\\/#website\"},\"primaryImageOfPage\":{\"@id\":\"https:\\\/\\\/www.immobilienbusiness.ch\\\/residential\\\/2016-11-15\\\/baden-wohnprojekt-auf-brisgi-areal\\\/#primaryimage\"},\"image\":{\"@id\":\"https:\\\/\\\/www.immobilienbusiness.ch\\\/residential\\\/2016-11-15\\\/baden-wohnprojekt-auf-brisgi-areal\\\/#primaryimage\"},\"thumbnailUrl\":\"https:\\\/\\\/www.immobilienbusiness.ch\\\/wp-content\\\/uploads\\\/2016\\\/11\\\/Baden-Wohnprojekt-auf-Brisgi-Areal-immobilien-business.jpg\",\"datePublished\":\"2016-11-15T07:55:17+00:00\",\"description\":\"Wettbewerbsgewinner f\u00fcr Brisgi-Areal: Die Jury hat das Projekt des Teams M\u00fcller Sigrist aus Z\u00fcrich und Meier Leder Architekten aus Baden ausgew\u00e4hlt.\",\"breadcrumb\":{\"@id\":\"https:\\\/\\\/www.immobilienbusiness.ch\\\/residential\\\/2016-11-15\\\/baden-wohnprojekt-auf-brisgi-areal\\\/#breadcrumb\"},\"inLanguage\":\"de\",\"potentialAction\":[{\"@type\":\"ReadAction\",\"target\":[\"https:\\\/\\\/www.immobilienbusiness.ch\\\/residential\\\/2016-11-15\\\/baden-wohnprojekt-auf-brisgi-areal\\\/\"]}]},{\"@type\":\"ImageObject\",\"inLanguage\":\"de\",\"@id\":\"https:\\\/\\\/www.immobilienbusiness.ch\\\/residential\\\/2016-11-15\\\/baden-wohnprojekt-auf-brisgi-areal\\\/#primaryimage\",\"url\":\"https:\\\/\\\/www.immobilienbusiness.ch\\\/wp-content\\\/uploads\\\/2016\\\/11\\\/Baden-Wohnprojekt-auf-Brisgi-Areal-immobilien-business.jpg\",\"contentUrl\":\"https:\\\/\\\/www.immobilienbusiness.ch\\\/wp-content\\\/uploads\\\/2016\\\/11\\\/Baden-Wohnprojekt-auf-Brisgi-Areal-immobilien-business.jpg\",\"width\":2560,\"height\":1810,\"caption\":\"Das Brisgi-Areal in Baden soll \u00fcberbaut werden (Visualisierung: Wohnbaustiftung Baden)\"},{\"@type\":\"BreadcrumbList\",\"@id\":\"https:\\\/\\\/www.immobilienbusiness.ch\\\/residential\\\/2016-11-15\\\/baden-wohnprojekt-auf-brisgi-areal\\\/#breadcrumb\",\"itemListElement\":[{\"@type\":\"ListItem\",\"position\":1,\"name\":\"Home\",\"item\":\"https:\\\/\\\/www.immobilienbusiness.ch\\\/\"},{\"@type\":\"ListItem\",\"position\":2,\"name\":\"Baden: Wohnprojekt auf Brisgi-Areal\"}]},{\"@type\":\"WebSite\",\"@id\":\"https:\\\/\\\/www.immobilienbusiness.ch\\\/#website\",\"url\":\"https:\\\/\\\/www.immobilienbusiness.ch\\\/\",\"name\":\"IMMOBILIEN Business\",\"description\":\"Unabh\u00e4ngiges Schweizer Wirtschaftsmagazin mit Fokus auf Immobilien, Architektur- und Bau sowie Investment- und Finanzierung.\",\"publisher\":{\"@id\":\"https:\\\/\\\/www.immobilienbusiness.ch\\\/#organization\"},\"potentialAction\":[{\"@type\":\"SearchAction\",\"target\":{\"@type\":\"EntryPoint\",\"urlTemplate\":\"https:\\\/\\\/www.immobilienbusiness.ch\\\/?s={search_term_string}\"},\"query-input\":{\"@type\":\"PropertyValueSpecification\",\"valueRequired\":true,\"valueName\":\"search_term_string\"}}],\"inLanguage\":\"de\"},{\"@type\":\"Organization\",\"@id\":\"https:\\\/\\\/www.immobilienbusiness.ch\\\/#organization\",\"name\":\"IMMOBILIEN Business\",\"url\":\"https:\\\/\\\/www.immobilienbusiness.ch\\\/\",\"logo\":{\"@type\":\"ImageObject\",\"inLanguage\":\"de\",\"@id\":\"https:\\\/\\\/www.immobilienbusiness.ch\\\/#\\\/schema\\\/logo\\\/image\\\/\",\"url\":\"https:\\\/\\\/www.immobilienbusiness.ch\\\/wp-content\\\/uploads\\\/2021\\\/07\\\/logo_ib.png\",\"contentUrl\":\"https:\\\/\\\/www.immobilienbusiness.ch\\\/wp-content\\\/uploads\\\/2021\\\/07\\\/logo_ib.png\",\"width\":800,\"height\":181,\"caption\":\"IMMOBILIEN Business\"},\"image\":{\"@id\":\"https:\\\/\\\/www.immobilienbusiness.ch\\\/#\\\/schema\\\/logo\\\/image\\\/\"},\"sameAs\":[\"https:\\\/\\\/www.facebook.com\\\/immobilienbusiness\\\/\"]},{\"@type\":\"Person\",\"@id\":\"https:\\\/\\\/www.immobilienbusiness.ch\\\/#\\\/schema\\\/person\\\/aa2bace6c5c5aad60102004a50c4eb1c\",\"name\":\"Redaktion\",\"image\":{\"@type\":\"ImageObject\",\"inLanguage\":\"de\",\"@id\":\"https:\\\/\\\/secure.gravatar.com\\\/avatar\\\/ae2f4d718e6c49043e314ce431e7e645d646302a24a5ef5a8bc8e3f5a032e319?s=96&d=mm&r=g\",\"url\":\"https:\\\/\\\/secure.gravatar.com\\\/avatar\\\/ae2f4d718e6c49043e314ce431e7e645d646302a24a5ef5a8bc8e3f5a032e319?s=96&d=mm&r=g\",\"contentUrl\":\"https:\\\/\\\/secure.gravatar.com\\\/avatar\\\/ae2f4d718e6c49043e314ce431e7e645d646302a24a5ef5a8bc8e3f5a032e319?s=96&d=mm&r=g\",\"caption\":\"Redaktion\"},\"sameAs\":[\"http:\\\/\\\/develop.organisator.galledia.ch\"],\"url\":\"https:\\\/\\\/www.immobilienbusiness.ch\\\/de\\\/author\\\/admin\\\/\"}]}<\/script>\n<!-- \/ Yoast SEO plugin. -->","yoast_head_json":{"title":"Baden: Wohnprojekt auf Brisgi-Areal - IMMOBILIEN Business","description":"Wettbewerbsgewinner f\u00fcr Brisgi-Areal: Die Jury hat das Projekt des Teams M\u00fcller Sigrist aus Z\u00fcrich und Meier Leder Architekten aus Baden ausgew\u00e4hlt.","robots":{"index":"index","follow":"follow","max-snippet":"max-snippet:-1","max-image-preview":"max-image-preview:large","max-video-preview":"max-video-preview:-1"},"canonical":"https:\/\/www.immobilienbusiness.ch\/de\/residential\/2016-11-15\/baden-wohnprojekt-auf-brisgi-areal\/","og_locale":"de_DE","og_type":"article","og_title":"Baden: Wohnprojekt auf Brisgi-Areal","og_description":"Der Projektwettbewerb der Wohnbaustiftung Baden f\u00fcr das Brisgi-Areal ist entschieden: Die Jury hat das Projekt des Teams M\u00fcller Sigrist aus Z\u00fcrich und Meier Leder Architekten aus Baden zur Realisierung ausgew\u00e4hlt.","og_url":"https:\/\/www.immobilienbusiness.ch\/de\/residential\/2016-11-15\/baden-wohnprojekt-auf-brisgi-areal\/","og_site_name":"IMMOBILIEN Business","article_publisher":"https:\/\/www.facebook.com\/immobilienbusiness\/","article_published_time":"2016-11-15T07:55:17+00:00","author":"Redaktion","twitter_card":"summary_large_image","twitter_image":"https:\/\/www.immobilienbusiness.ch\/wp-content\/uploads\/2016\/11\/Baden-Wohnprojekt-auf-Brisgi-Areal-immobilien-business.jpg","schema":{"@context":"https:\/\/schema.org","@graph":[{"@type":"Article","@id":"https:\/\/www.immobilienbusiness.ch\/residential\/2016-11-15\/baden-wohnprojekt-auf-brisgi-areal\/#article","isPartOf":{"@id":"https:\/\/www.immobilienbusiness.ch\/residential\/2016-11-15\/baden-wohnprojekt-auf-brisgi-areal\/"},"author":{"name":"Redaktion","@id":"https:\/\/www.immobilienbusiness.ch\/#\/schema\/person\/aa2bace6c5c5aad60102004a50c4eb1c"},"headline":"Baden: Wohnprojekt auf Brisgi-Areal","datePublished":"2016-11-15T07:55:17+00:00","mainEntityOfPage":{"@id":"https:\/\/www.immobilienbusiness.ch\/residential\/2016-11-15\/baden-wohnprojekt-auf-brisgi-areal\/"},"wordCount":215,"commentCount":0,"publisher":{"@id":"https:\/\/www.immobilienbusiness.ch\/#organization"},"image":{"@id":"https:\/\/www.immobilienbusiness.ch\/residential\/2016-11-15\/baden-wohnprojekt-auf-brisgi-areal\/#primaryimage"},"thumbnailUrl":"https:\/\/www.immobilienbusiness.ch\/wp-content\/uploads\/2016\/11\/Baden-Wohnprojekt-auf-Brisgi-Areal-immobilien-business.jpg","keywords":["Nord-West-Schweiz","Residential","Wohnen"],"articleSection":["RESIDENTIAL"],"inLanguage":"de"},{"@type":"WebPage","@id":"https:\/\/www.immobilienbusiness.ch\/residential\/2016-11-15\/baden-wohnprojekt-auf-brisgi-areal\/","url":"https:\/\/www.immobilienbusiness.ch\/residential\/2016-11-15\/baden-wohnprojekt-auf-brisgi-areal\/","name":"Baden: Wohnprojekt auf Brisgi-Areal - IMMOBILIEN Business","isPartOf":{"@id":"https:\/\/www.immobilienbusiness.ch\/#website"},"primaryImageOfPage":{"@id":"https:\/\/www.immobilienbusiness.ch\/residential\/2016-11-15\/baden-wohnprojekt-auf-brisgi-areal\/#primaryimage"},"image":{"@id":"https:\/\/www.immobilienbusiness.ch\/residential\/2016-11-15\/baden-wohnprojekt-auf-brisgi-areal\/#primaryimage"},"thumbnailUrl":"https:\/\/www.immobilienbusiness.ch\/wp-content\/uploads\/2016\/11\/Baden-Wohnprojekt-auf-Brisgi-Areal-immobilien-business.jpg","datePublished":"2016-11-15T07:55:17+00:00","description":"Wettbewerbsgewinner f\u00fcr Brisgi-Areal: Die Jury hat das Projekt des Teams M\u00fcller Sigrist aus Z\u00fcrich und Meier Leder Architekten aus Baden ausgew\u00e4hlt.","breadcrumb":{"@id":"https:\/\/www.immobilienbusiness.ch\/residential\/2016-11-15\/baden-wohnprojekt-auf-brisgi-areal\/#breadcrumb"},"inLanguage":"de","potentialAction":[{"@type":"ReadAction","target":["https:\/\/www.immobilienbusiness.ch\/residential\/2016-11-15\/baden-wohnprojekt-auf-brisgi-areal\/"]}]},{"@type":"ImageObject","inLanguage":"de","@id":"https:\/\/www.immobilienbusiness.ch\/residential\/2016-11-15\/baden-wohnprojekt-auf-brisgi-areal\/#primaryimage","url":"https:\/\/www.immobilienbusiness.ch\/wp-content\/uploads\/2016\/11\/Baden-Wohnprojekt-auf-Brisgi-Areal-immobilien-business.jpg","contentUrl":"https:\/\/www.immobilienbusiness.ch\/wp-content\/uploads\/2016\/11\/Baden-Wohnprojekt-auf-Brisgi-Areal-immobilien-business.jpg","width":2560,"height":1810,"caption":"Das Brisgi-Areal in Baden soll \u00fcberbaut werden (Visualisierung: Wohnbaustiftung Baden)"},{"@type":"BreadcrumbList","@id":"https:\/\/www.immobilienbusiness.ch\/residential\/2016-11-15\/baden-wohnprojekt-auf-brisgi-areal\/#breadcrumb","itemListElement":[{"@type":"ListItem","position":1,"name":"Home","item":"https:\/\/www.immobilienbusiness.ch\/"},{"@type":"ListItem","position":2,"name":"Baden: Wohnprojekt auf Brisgi-Areal"}]},{"@type":"WebSite","@id":"https:\/\/www.immobilienbusiness.ch\/#website","url":"https:\/\/www.immobilienbusiness.ch\/","name":"IMMOBILIEN Business","description":"Unabh\u00e4ngiges Schweizer Wirtschaftsmagazin mit Fokus auf Immobilien, Architektur- und Bau sowie Investment- und Finanzierung.","publisher":{"@id":"https:\/\/www.immobilienbusiness.ch\/#organization"},"potentialAction":[{"@type":"SearchAction","target":{"@type":"EntryPoint","urlTemplate":"https:\/\/www.immobilienbusiness.ch\/?s={search_term_string}"},"query-input":{"@type":"PropertyValueSpecification","valueRequired":true,"valueName":"search_term_string"}}],"inLanguage":"de"},{"@type":"Organization","@id":"https:\/\/www.immobilienbusiness.ch\/#organization","name":"IMMOBILIEN Business","url":"https:\/\/www.immobilienbusiness.ch\/","logo":{"@type":"ImageObject","inLanguage":"de","@id":"https:\/\/www.immobilienbusiness.ch\/#\/schema\/logo\/image\/","url":"https:\/\/www.immobilienbusiness.ch\/wp-content\/uploads\/2021\/07\/logo_ib.png","contentUrl":"https:\/\/www.immobilienbusiness.ch\/wp-content\/uploads\/2021\/07\/logo_ib.png","width":800,"height":181,"caption":"IMMOBILIEN Business"},"image":{"@id":"https:\/\/www.immobilienbusiness.ch\/#\/schema\/logo\/image\/"},"sameAs":["https:\/\/www.facebook.com\/immobilienbusiness\/"]},{"@type":"Person","@id":"https:\/\/www.immobilienbusiness.ch\/#\/schema\/person\/aa2bace6c5c5aad60102004a50c4eb1c","name":"Redaktion","image":{"@type":"ImageObject","inLanguage":"de","@id":"https:\/\/secure.gravatar.com\/avatar\/ae2f4d718e6c49043e314ce431e7e645d646302a24a5ef5a8bc8e3f5a032e319?s=96&d=mm&r=g","url":"https:\/\/secure.gravatar.com\/avatar\/ae2f4d718e6c49043e314ce431e7e645d646302a24a5ef5a8bc8e3f5a032e319?s=96&d=mm&r=g","contentUrl":"https:\/\/secure.gravatar.com\/avatar\/ae2f4d718e6c49043e314ce431e7e645d646302a24a5ef5a8bc8e3f5a032e319?s=96&d=mm&r=g","caption":"Redaktion"},"sameAs":["http:\/\/develop.organisator.galledia.ch"],"url":"https:\/\/www.immobilienbusiness.ch\/de\/author\/admin\/"}]}},"_links":{"self":[{"href":"https:\/\/www.immobilienbusiness.ch\/de\/wp-json\/wp\/v2\/posts\/615","targetHints":{"allow":["GET"]}}],"collection":[{"href":"https:\/\/www.immobilienbusiness.ch\/de\/wp-json\/wp\/v2\/posts"}],"about":[{"href":"https:\/\/www.immobilienbusiness.ch\/de\/wp-json\/wp\/v2\/types\/post"}],"author":[{"embeddable":true,"href":"https:\/\/www.immobilienbusiness.ch\/de\/wp-json\/wp\/v2\/users\/1"}],"replies":[{"embeddable":true,"href":"https:\/\/www.immobilienbusiness.ch\/de\/wp-json\/wp\/v2\/comments?post=615"}],"version-history":[{"count":0,"href":"https:\/\/www.immobilienbusiness.ch\/de\/wp-json\/wp\/v2\/posts\/615\/revisions"}],"wp:featuredmedia":[{"embeddable":true,"href":"https:\/\/www.immobilienbusiness.ch\/de\/wp-json\/wp\/v2\/media\/5116"}],"wp:attachment":[{"href":"https:\/\/www.immobilienbusiness.ch\/de\/wp-json\/wp\/v2\/media?parent=615"}],"wp:term":[{"taxonomy":"category","embeddable":true,"href":"https:\/\/www.immobilienbusiness.ch\/de\/wp-json\/wp\/v2\/categories?post=615"},{"taxonomy":"post_tag","embeddable":true,"href":"https:\/\/www.immobilienbusiness.ch\/de\/wp-json\/wp\/v2\/tags?post=615"}],"curies":[{"name":"wp","href":"https:\/\/api.w.org\/{rel}","templated":true}]}}