{"id":61401,"date":"2024-11-15T08:33:36","date_gmt":"2024-11-15T07:33:36","guid":{"rendered":"https:\/\/www.immobilienbusiness.ch\/?p=61401"},"modified":"2024-11-20T11:36:05","modified_gmt":"2024-11-20T10:36:05","slug":"basel-2027-koennte-bau-des-lindenhofareals-starten","status":"publish","type":"post","link":"https:\/\/www.immobilienbusiness.ch\/de\/regionen\/2024-11-15\/basel-2027-koennte-bau-des-lindenhofareals-starten\/","title":{"rendered":"Basel: 2027 k\u00f6nnte Bau auf Lindenhofareal starten"},"content":{"rendered":"<figure id=\"attachment_61402\" aria-describedby=\"caption-attachment-61402\" style=\"width: 1010px\" class=\"wp-caption alignnone\"><a href=\"https:\/\/www.immobilienbusiness.ch\/wp-content\/uploads\/2024\/11\/lindenhofareal_visualisierung_miller-maranta_2_lowres.jpeg\"><img loading=\"lazy\" decoding=\"async\" class=\"size-full wp-image-61402\" src=\"https:\/\/www.immobilienbusiness.ch\/wp-content\/uploads\/2024\/11\/lindenhofareal_visualisierung_miller-maranta_2_lowres.jpeg\" alt=\"\" width=\"1010\" height=\"960\" srcset=\"https:\/\/www.immobilienbusiness.ch\/wp-content\/uploads\/2024\/11\/lindenhofareal_visualisierung_miller-maranta_2_lowres.jpeg 1010w, https:\/\/www.immobilienbusiness.ch\/wp-content\/uploads\/2024\/11\/lindenhofareal_visualisierung_miller-maranta_2_lowres-300x285.jpeg 300w, https:\/\/www.immobilienbusiness.ch\/wp-content\/uploads\/2024\/11\/lindenhofareal_visualisierung_miller-maranta_2_lowres-768x730.jpeg 768w, https:\/\/www.immobilienbusiness.ch\/wp-content\/uploads\/2024\/11\/lindenhofareal_visualisierung_miller-maranta_2_lowres-13x12.jpeg 13w, https:\/\/www.immobilienbusiness.ch\/wp-content\/uploads\/2024\/11\/lindenhofareal_visualisierung_miller-maranta_2_lowres-316x300.jpeg 316w, https:\/\/www.immobilienbusiness.ch\/wp-content\/uploads\/2024\/11\/lindenhofareal_visualisierung_miller-maranta_2_lowres-368x350.jpeg 368w, https:\/\/www.immobilienbusiness.ch\/wp-content\/uploads\/2024\/11\/lindenhofareal_visualisierung_miller-maranta_2_lowres-842x800.jpeg 842w\" sizes=\"auto, (max-width: 1010px) 100vw, 1010px\" \/><\/a><figcaption id=\"caption-attachment-61402\" class=\"wp-caption-text\">So soll das Lindenhofareal in Basel in einigen Jahren aussehen (Bild: zVg)<\/figcaption><\/figure>\n<p>Die Projektstudie \u00abLindenhof\u00bb vom Architekturb\u00fcro Miller &amp; Maranta ging als Siegerin aus einem Studienauftrag mit sieben eingeladenen Teams f\u00fcr die Planung des Basler Lonza-Areals hervor. Die Architekten lehnen die Gestaltung der zwei neuen Hochh\u00e4user eng an das denkmalgesch\u00fctzte Lonza-Hochhaus an. Die Projekttr\u00e4gerschaft, bestehend aus Lonza und Swiss Life, schliesst sich der Einsch\u00e4tzung der Jury an und k\u00fcndigt nun an, in den kommenden Monaten das Siegerprojekt im Rahmen einer Vorprojektierung gestalterisch und planerisch zu verfeinern. Eine Baueingabe k\u00f6nnte Anfang 2026 erfolgen und ein m\u00f6glicher Baustart im Fr\u00fchling 2027.<\/p>\n<p>Grundlage f\u00fcr das neue Lindenhofareal bildet der Erhalt des Parkrands und der B\u00f6schung gegen die Nauenstrasse. Der bisher versiegelte Kern soll \u00abim Sinne der Biodiversit\u00e4t und Klimavertr\u00e4glichkeit nachhaltig umgestaltet\u00bb werden, heisst es. Das Herzst\u00fcck des Areals bildet eine platz\u00e4hnliche Gestaltung mit verschiedenen Lindengruppen. Dadurch soll die Arealmitte mit den \u00f6ffentlichen Erdgeschoss-Nutzungen zum belebten Zentrum werden. Vom Bahnhof SBB her soll ein attraktiver Zugang geschaffen werden.<\/p>\n<p>Das die Umgebung pr\u00e4gende Lonza-Hochhaus wird durch die beiden zus\u00e4tzlichen Hochh\u00e4user laut Mitteilung \u00abzeitgem\u00e4ss und respektvoll\u00bb erweitert. Die beiden Neubauten sollen die gleiche H\u00f6he und einen f\u00fcnfeckigen Grundriss erhalten und die Farbt\u00f6ne und architektonischen Grundmotive des Baudenkmals aufnehmen. <em>(aw)<\/em><\/p>\n<p>&nbsp;<\/p>\n","protected":false},"excerpt":{"rendered":"<p>Die Investoren Lonza und Swiss Life wollen den Siegerentwurf f\u00fcr das Lindenhofareal in zentraler Basler Lage weiterentwickeln und rechnen mit einer Baueingabe im \u00fcbern\u00e4chsten Jahr.<\/p>\n","protected":false},"author":102,"featured_media":61402,"comment_status":"closed","ping_status":"closed","sticky":false,"template":"","format":"standard","meta":{"_acf_changed":false,"_yoast_wpseo_focuskw":"Basel Lindenhofareal","_yoast_wpseo_title":"","_yoast_wpseo_metadesc":"Die Investoren Lonza und Swiss Life wollen den Siegerentwurf f\u00fcr das Lindenhofareal in zentraler Basler Lage weiterentwickeln und rechnen mit einer Baueingabe im \u00fcbern\u00e4chsten Jahr.","_yoast_wpseo_linkdex":56,"pgc_sgb_lightbox_settings":"","footnotes":""},"categories":[985],"tags":[1069,1118,1254,2327,1492,3820,1600,1627,1643,1756],"class_list":["post-61401","post","type-post","status-publish","format-standard","has-post-thumbnail","hentry","category-regionen","tag-basel","tag-buero","tag-gastronomie","tag-lonza","tag-mietwohnungen","tag-miller-maranta","tag-projekt-in-planung","tag-refurbishment","tag-retail","tag-swiss-life"],"acf":[],"yoast_head":"<!-- This site is optimized with the Yoast SEO plugin v27.4 - https:\/\/yoast.com\/product\/yoast-seo-wordpress\/ -->\n<title>Basel: 2027 k\u00f6nnte Bau auf Lindenhofareal starten - IMMOBILIEN Business<\/title>\n<meta name=\"description\" content=\"Die Investoren Lonza und Swiss Life wollen den Siegerentwurf f\u00fcr das Lindenhofareal in zentraler Basler Lage weiterentwickeln und rechnen mit einer Baueingabe im \u00fcbern\u00e4chsten Jahr.\" \/>\n<meta name=\"robots\" content=\"index, follow, max-snippet:-1, max-image-preview:large, max-video-preview:-1\" \/>\n<link rel=\"canonical\" href=\"https:\/\/www.immobilienbusiness.ch\/de\/regionen\/2024-11-15\/basel-2027-koennte-bau-des-lindenhofareals-starten\/\" \/>\n<meta property=\"og:locale\" content=\"de_DE\" \/>\n<meta property=\"og:type\" content=\"article\" \/>\n<meta property=\"og:title\" content=\"Basel: 2027 k\u00f6nnte Bau auf Lindenhofareal starten - IMMOBILIEN Business\" \/>\n<meta property=\"og:description\" content=\"Die Investoren Lonza und Swiss Life wollen den Siegerentwurf f\u00fcr das Lindenhofareal in zentraler Basler Lage weiterentwickeln und rechnen mit einer Baueingabe im \u00fcbern\u00e4chsten Jahr.\" \/>\n<meta property=\"og:url\" content=\"https:\/\/www.immobilienbusiness.ch\/de\/regionen\/2024-11-15\/basel-2027-koennte-bau-des-lindenhofareals-starten\/\" \/>\n<meta property=\"og:site_name\" content=\"IMMOBILIEN Business\" \/>\n<meta property=\"article:publisher\" content=\"https:\/\/www.facebook.com\/immobilienbusiness\/\" \/>\n<meta property=\"article:published_time\" content=\"2024-11-15T07:33:36+00:00\" \/>\n<meta property=\"article:modified_time\" content=\"2024-11-20T10:36:05+00:00\" \/>\n<meta property=\"og:image\" content=\"https:\/\/www.immobilienbusiness.ch\/wp-content\/uploads\/2024\/11\/lindenhofareal_visualisierung_miller-maranta_2_lowres.jpeg\" \/>\n\t<meta property=\"og:image:width\" content=\"1010\" \/>\n\t<meta property=\"og:image:height\" content=\"960\" \/>\n\t<meta property=\"og:image:type\" content=\"image\/jpeg\" \/>\n<meta name=\"author\" content=\"Alexander Wachter\" \/>\n<meta name=\"twitter:card\" content=\"summary_large_image\" \/>\n<script type=\"application\/ld+json\" class=\"yoast-schema-graph\">{\"@context\":\"https:\\\/\\\/schema.org\",\"@graph\":[{\"@type\":\"Article\",\"@id\":\"https:\\\/\\\/www.immobilienbusiness.ch\\\/de\\\/regionen\\\/2024-11-15\\\/basel-2027-koennte-bau-des-lindenhofareals-starten\\\/#article\",\"isPartOf\":{\"@id\":\"https:\\\/\\\/www.immobilienbusiness.ch\\\/de\\\/regionen\\\/2024-11-15\\\/basel-2027-koennte-bau-des-lindenhofareals-starten\\\/\"},\"author\":{\"name\":\"Alexander Wachter\",\"@id\":\"https:\\\/\\\/www.immobilienbusiness.ch\\\/#\\\/schema\\\/person\\\/aba8bea2db926aa0c24c08c43fe1fcd5\"},\"headline\":\"Basel: 2027 k\u00f6nnte Bau auf Lindenhofareal starten\",\"datePublished\":\"2024-11-15T07:33:36+00:00\",\"dateModified\":\"2024-11-20T10:36:05+00:00\",\"mainEntityOfPage\":{\"@id\":\"https:\\\/\\\/www.immobilienbusiness.ch\\\/de\\\/regionen\\\/2024-11-15\\\/basel-2027-koennte-bau-des-lindenhofareals-starten\\\/\"},\"wordCount\":239,\"publisher\":{\"@id\":\"https:\\\/\\\/www.immobilienbusiness.ch\\\/#organization\"},\"image\":{\"@id\":\"https:\\\/\\\/www.immobilienbusiness.ch\\\/de\\\/regionen\\\/2024-11-15\\\/basel-2027-koennte-bau-des-lindenhofareals-starten\\\/#primaryimage\"},\"thumbnailUrl\":\"https:\\\/\\\/www.immobilienbusiness.ch\\\/wp-content\\\/uploads\\\/2024\\\/11\\\/lindenhofareal_visualisierung_miller-maranta_2_lowres.jpeg\",\"keywords\":[\"Basel\",\"B\u00fcro\",\"Gastronomie\",\"Lonza\",\"Mietwohnungen\",\"Miller &amp; Maranta\",\"Projekt in Planung\",\"Refurbishment\",\"Retail\",\"Swiss Life\"],\"articleSection\":[\"REGIONEN\"],\"inLanguage\":\"de\"},{\"@type\":\"WebPage\",\"@id\":\"https:\\\/\\\/www.immobilienbusiness.ch\\\/de\\\/regionen\\\/2024-11-15\\\/basel-2027-koennte-bau-des-lindenhofareals-starten\\\/\",\"url\":\"https:\\\/\\\/www.immobilienbusiness.ch\\\/de\\\/regionen\\\/2024-11-15\\\/basel-2027-koennte-bau-des-lindenhofareals-starten\\\/\",\"name\":\"Basel: 2027 k\u00f6nnte Bau auf Lindenhofareal starten - IMMOBILIEN Business\",\"isPartOf\":{\"@id\":\"https:\\\/\\\/www.immobilienbusiness.ch\\\/#website\"},\"primaryImageOfPage\":{\"@id\":\"https:\\\/\\\/www.immobilienbusiness.ch\\\/de\\\/regionen\\\/2024-11-15\\\/basel-2027-koennte-bau-des-lindenhofareals-starten\\\/#primaryimage\"},\"image\":{\"@id\":\"https:\\\/\\\/www.immobilienbusiness.ch\\\/de\\\/regionen\\\/2024-11-15\\\/basel-2027-koennte-bau-des-lindenhofareals-starten\\\/#primaryimage\"},\"thumbnailUrl\":\"https:\\\/\\\/www.immobilienbusiness.ch\\\/wp-content\\\/uploads\\\/2024\\\/11\\\/lindenhofareal_visualisierung_miller-maranta_2_lowres.jpeg\",\"datePublished\":\"2024-11-15T07:33:36+00:00\",\"dateModified\":\"2024-11-20T10:36:05+00:00\",\"description\":\"Die Investoren Lonza und Swiss Life wollen den Siegerentwurf f\u00fcr das Lindenhofareal in zentraler Basler Lage weiterentwickeln und rechnen mit einer Baueingabe im \u00fcbern\u00e4chsten Jahr.\",\"breadcrumb\":{\"@id\":\"https:\\\/\\\/www.immobilienbusiness.ch\\\/de\\\/regionen\\\/2024-11-15\\\/basel-2027-koennte-bau-des-lindenhofareals-starten\\\/#breadcrumb\"},\"inLanguage\":\"de\",\"potentialAction\":[{\"@type\":\"ReadAction\",\"target\":[\"https:\\\/\\\/www.immobilienbusiness.ch\\\/de\\\/regionen\\\/2024-11-15\\\/basel-2027-koennte-bau-des-lindenhofareals-starten\\\/\"]}]},{\"@type\":\"ImageObject\",\"inLanguage\":\"de\",\"@id\":\"https:\\\/\\\/www.immobilienbusiness.ch\\\/de\\\/regionen\\\/2024-11-15\\\/basel-2027-koennte-bau-des-lindenhofareals-starten\\\/#primaryimage\",\"url\":\"https:\\\/\\\/www.immobilienbusiness.ch\\\/wp-content\\\/uploads\\\/2024\\\/11\\\/lindenhofareal_visualisierung_miller-maranta_2_lowres.jpeg\",\"contentUrl\":\"https:\\\/\\\/www.immobilienbusiness.ch\\\/wp-content\\\/uploads\\\/2024\\\/11\\\/lindenhofareal_visualisierung_miller-maranta_2_lowres.jpeg\",\"width\":1010,\"height\":960,\"caption\":\"So soll das Lindenhofareal in Basel in einigen Jahren aussehen (Bild: zVg)\"},{\"@type\":\"BreadcrumbList\",\"@id\":\"https:\\\/\\\/www.immobilienbusiness.ch\\\/de\\\/regionen\\\/2024-11-15\\\/basel-2027-koennte-bau-des-lindenhofareals-starten\\\/#breadcrumb\",\"itemListElement\":[{\"@type\":\"ListItem\",\"position\":1,\"name\":\"Home\",\"item\":\"https:\\\/\\\/www.immobilienbusiness.ch\\\/\"},{\"@type\":\"ListItem\",\"position\":2,\"name\":\"Basel: 2027 k\u00f6nnte Bau auf Lindenhofareal starten\"}]},{\"@type\":\"WebSite\",\"@id\":\"https:\\\/\\\/www.immobilienbusiness.ch\\\/#website\",\"url\":\"https:\\\/\\\/www.immobilienbusiness.ch\\\/\",\"name\":\"IMMOBILIEN Business\",\"description\":\"Unabh\u00e4ngiges Schweizer Wirtschaftsmagazin mit Fokus auf Immobilien, Architektur- und Bau sowie Investment- und Finanzierung.\",\"publisher\":{\"@id\":\"https:\\\/\\\/www.immobilienbusiness.ch\\\/#organization\"},\"potentialAction\":[{\"@type\":\"SearchAction\",\"target\":{\"@type\":\"EntryPoint\",\"urlTemplate\":\"https:\\\/\\\/www.immobilienbusiness.ch\\\/?s={search_term_string}\"},\"query-input\":{\"@type\":\"PropertyValueSpecification\",\"valueRequired\":true,\"valueName\":\"search_term_string\"}}],\"inLanguage\":\"de\"},{\"@type\":\"Organization\",\"@id\":\"https:\\\/\\\/www.immobilienbusiness.ch\\\/#organization\",\"name\":\"IMMOBILIEN Business\",\"url\":\"https:\\\/\\\/www.immobilienbusiness.ch\\\/\",\"logo\":{\"@type\":\"ImageObject\",\"inLanguage\":\"de\",\"@id\":\"https:\\\/\\\/www.immobilienbusiness.ch\\\/#\\\/schema\\\/logo\\\/image\\\/\",\"url\":\"https:\\\/\\\/www.immobilienbusiness.ch\\\/wp-content\\\/uploads\\\/2021\\\/07\\\/logo_ib.png\",\"contentUrl\":\"https:\\\/\\\/www.immobilienbusiness.ch\\\/wp-content\\\/uploads\\\/2021\\\/07\\\/logo_ib.png\",\"width\":800,\"height\":181,\"caption\":\"IMMOBILIEN Business\"},\"image\":{\"@id\":\"https:\\\/\\\/www.immobilienbusiness.ch\\\/#\\\/schema\\\/logo\\\/image\\\/\"},\"sameAs\":[\"https:\\\/\\\/www.facebook.com\\\/immobilienbusiness\\\/\"]},{\"@type\":\"Person\",\"@id\":\"https:\\\/\\\/www.immobilienbusiness.ch\\\/#\\\/schema\\\/person\\\/aba8bea2db926aa0c24c08c43fe1fcd5\",\"name\":\"Alexander Wachter\",\"image\":{\"@type\":\"ImageObject\",\"inLanguage\":\"de\",\"@id\":\"https:\\\/\\\/secure.gravatar.com\\\/avatar\\\/1a09e471f5389b0e0a6416eac287e0927c7c97a7b77f9e787eba3af7aee281dd?s=96&d=mm&r=g\",\"url\":\"https:\\\/\\\/secure.gravatar.com\\\/avatar\\\/1a09e471f5389b0e0a6416eac287e0927c7c97a7b77f9e787eba3af7aee281dd?s=96&d=mm&r=g\",\"contentUrl\":\"https:\\\/\\\/secure.gravatar.com\\\/avatar\\\/1a09e471f5389b0e0a6416eac287e0927c7c97a7b77f9e787eba3af7aee281dd?s=96&d=mm&r=g\",\"caption\":\"Alexander Wachter\"},\"url\":\"https:\\\/\\\/www.immobilienbusiness.ch\\\/de\\\/author\\\/alexander-wachter\\\/\"}]}<\/script>\n<!-- \/ Yoast SEO plugin. -->","yoast_head_json":{"title":"Basel: 2027 k\u00f6nnte Bau auf Lindenhofareal starten - IMMOBILIEN Business","description":"Die Investoren Lonza und Swiss Life wollen den Siegerentwurf f\u00fcr das Lindenhofareal in zentraler Basler Lage weiterentwickeln und rechnen mit einer Baueingabe im \u00fcbern\u00e4chsten Jahr.","robots":{"index":"index","follow":"follow","max-snippet":"max-snippet:-1","max-image-preview":"max-image-preview:large","max-video-preview":"max-video-preview:-1"},"canonical":"https:\/\/www.immobilienbusiness.ch\/de\/regionen\/2024-11-15\/basel-2027-koennte-bau-des-lindenhofareals-starten\/","og_locale":"de_DE","og_type":"article","og_title":"Basel: 2027 k\u00f6nnte Bau auf Lindenhofareal starten - IMMOBILIEN Business","og_description":"Die Investoren Lonza und Swiss Life wollen den Siegerentwurf f\u00fcr das Lindenhofareal in zentraler Basler Lage weiterentwickeln und rechnen mit einer Baueingabe im \u00fcbern\u00e4chsten Jahr.","og_url":"https:\/\/www.immobilienbusiness.ch\/de\/regionen\/2024-11-15\/basel-2027-koennte-bau-des-lindenhofareals-starten\/","og_site_name":"IMMOBILIEN Business","article_publisher":"https:\/\/www.facebook.com\/immobilienbusiness\/","article_published_time":"2024-11-15T07:33:36+00:00","article_modified_time":"2024-11-20T10:36:05+00:00","og_image":[{"width":1010,"height":960,"url":"https:\/\/www.immobilienbusiness.ch\/wp-content\/uploads\/2024\/11\/lindenhofareal_visualisierung_miller-maranta_2_lowres.jpeg","type":"image\/jpeg"}],"author":"Alexander Wachter","twitter_card":"summary_large_image","schema":{"@context":"https:\/\/schema.org","@graph":[{"@type":"Article","@id":"https:\/\/www.immobilienbusiness.ch\/de\/regionen\/2024-11-15\/basel-2027-koennte-bau-des-lindenhofareals-starten\/#article","isPartOf":{"@id":"https:\/\/www.immobilienbusiness.ch\/de\/regionen\/2024-11-15\/basel-2027-koennte-bau-des-lindenhofareals-starten\/"},"author":{"name":"Alexander Wachter","@id":"https:\/\/www.immobilienbusiness.ch\/#\/schema\/person\/aba8bea2db926aa0c24c08c43fe1fcd5"},"headline":"Basel: 2027 k\u00f6nnte Bau auf Lindenhofareal starten","datePublished":"2024-11-15T07:33:36+00:00","dateModified":"2024-11-20T10:36:05+00:00","mainEntityOfPage":{"@id":"https:\/\/www.immobilienbusiness.ch\/de\/regionen\/2024-11-15\/basel-2027-koennte-bau-des-lindenhofareals-starten\/"},"wordCount":239,"publisher":{"@id":"https:\/\/www.immobilienbusiness.ch\/#organization"},"image":{"@id":"https:\/\/www.immobilienbusiness.ch\/de\/regionen\/2024-11-15\/basel-2027-koennte-bau-des-lindenhofareals-starten\/#primaryimage"},"thumbnailUrl":"https:\/\/www.immobilienbusiness.ch\/wp-content\/uploads\/2024\/11\/lindenhofareal_visualisierung_miller-maranta_2_lowres.jpeg","keywords":["Basel","B\u00fcro","Gastronomie","Lonza","Mietwohnungen","Miller &amp; Maranta","Projekt in Planung","Refurbishment","Retail","Swiss Life"],"articleSection":["REGIONEN"],"inLanguage":"de"},{"@type":"WebPage","@id":"https:\/\/www.immobilienbusiness.ch\/de\/regionen\/2024-11-15\/basel-2027-koennte-bau-des-lindenhofareals-starten\/","url":"https:\/\/www.immobilienbusiness.ch\/de\/regionen\/2024-11-15\/basel-2027-koennte-bau-des-lindenhofareals-starten\/","name":"Basel: 2027 k\u00f6nnte Bau auf Lindenhofareal starten - IMMOBILIEN Business","isPartOf":{"@id":"https:\/\/www.immobilienbusiness.ch\/#website"},"primaryImageOfPage":{"@id":"https:\/\/www.immobilienbusiness.ch\/de\/regionen\/2024-11-15\/basel-2027-koennte-bau-des-lindenhofareals-starten\/#primaryimage"},"image":{"@id":"https:\/\/www.immobilienbusiness.ch\/de\/regionen\/2024-11-15\/basel-2027-koennte-bau-des-lindenhofareals-starten\/#primaryimage"},"thumbnailUrl":"https:\/\/www.immobilienbusiness.ch\/wp-content\/uploads\/2024\/11\/lindenhofareal_visualisierung_miller-maranta_2_lowres.jpeg","datePublished":"2024-11-15T07:33:36+00:00","dateModified":"2024-11-20T10:36:05+00:00","description":"Die Investoren Lonza und Swiss Life wollen den Siegerentwurf f\u00fcr das Lindenhofareal in zentraler Basler Lage weiterentwickeln und rechnen mit einer Baueingabe im \u00fcbern\u00e4chsten Jahr.","breadcrumb":{"@id":"https:\/\/www.immobilienbusiness.ch\/de\/regionen\/2024-11-15\/basel-2027-koennte-bau-des-lindenhofareals-starten\/#breadcrumb"},"inLanguage":"de","potentialAction":[{"@type":"ReadAction","target":["https:\/\/www.immobilienbusiness.ch\/de\/regionen\/2024-11-15\/basel-2027-koennte-bau-des-lindenhofareals-starten\/"]}]},{"@type":"ImageObject","inLanguage":"de","@id":"https:\/\/www.immobilienbusiness.ch\/de\/regionen\/2024-11-15\/basel-2027-koennte-bau-des-lindenhofareals-starten\/#primaryimage","url":"https:\/\/www.immobilienbusiness.ch\/wp-content\/uploads\/2024\/11\/lindenhofareal_visualisierung_miller-maranta_2_lowres.jpeg","contentUrl":"https:\/\/www.immobilienbusiness.ch\/wp-content\/uploads\/2024\/11\/lindenhofareal_visualisierung_miller-maranta_2_lowres.jpeg","width":1010,"height":960,"caption":"So soll das Lindenhofareal in Basel in einigen Jahren aussehen (Bild: zVg)"},{"@type":"BreadcrumbList","@id":"https:\/\/www.immobilienbusiness.ch\/de\/regionen\/2024-11-15\/basel-2027-koennte-bau-des-lindenhofareals-starten\/#breadcrumb","itemListElement":[{"@type":"ListItem","position":1,"name":"Home","item":"https:\/\/www.immobilienbusiness.ch\/"},{"@type":"ListItem","position":2,"name":"Basel: 2027 k\u00f6nnte Bau auf Lindenhofareal starten"}]},{"@type":"WebSite","@id":"https:\/\/www.immobilienbusiness.ch\/#website","url":"https:\/\/www.immobilienbusiness.ch\/","name":"IMMOBILIEN Business","description":"Unabh\u00e4ngiges Schweizer Wirtschaftsmagazin mit Fokus auf Immobilien, Architektur- und Bau sowie Investment- und Finanzierung.","publisher":{"@id":"https:\/\/www.immobilienbusiness.ch\/#organization"},"potentialAction":[{"@type":"SearchAction","target":{"@type":"EntryPoint","urlTemplate":"https:\/\/www.immobilienbusiness.ch\/?s={search_term_string}"},"query-input":{"@type":"PropertyValueSpecification","valueRequired":true,"valueName":"search_term_string"}}],"inLanguage":"de"},{"@type":"Organization","@id":"https:\/\/www.immobilienbusiness.ch\/#organization","name":"IMMOBILIEN Business","url":"https:\/\/www.immobilienbusiness.ch\/","logo":{"@type":"ImageObject","inLanguage":"de","@id":"https:\/\/www.immobilienbusiness.ch\/#\/schema\/logo\/image\/","url":"https:\/\/www.immobilienbusiness.ch\/wp-content\/uploads\/2021\/07\/logo_ib.png","contentUrl":"https:\/\/www.immobilienbusiness.ch\/wp-content\/uploads\/2021\/07\/logo_ib.png","width":800,"height":181,"caption":"IMMOBILIEN Business"},"image":{"@id":"https:\/\/www.immobilienbusiness.ch\/#\/schema\/logo\/image\/"},"sameAs":["https:\/\/www.facebook.com\/immobilienbusiness\/"]},{"@type":"Person","@id":"https:\/\/www.immobilienbusiness.ch\/#\/schema\/person\/aba8bea2db926aa0c24c08c43fe1fcd5","name":"Alexander Wachter","image":{"@type":"ImageObject","inLanguage":"de","@id":"https:\/\/secure.gravatar.com\/avatar\/1a09e471f5389b0e0a6416eac287e0927c7c97a7b77f9e787eba3af7aee281dd?s=96&d=mm&r=g","url":"https:\/\/secure.gravatar.com\/avatar\/1a09e471f5389b0e0a6416eac287e0927c7c97a7b77f9e787eba3af7aee281dd?s=96&d=mm&r=g","contentUrl":"https:\/\/secure.gravatar.com\/avatar\/1a09e471f5389b0e0a6416eac287e0927c7c97a7b77f9e787eba3af7aee281dd?s=96&d=mm&r=g","caption":"Alexander Wachter"},"url":"https:\/\/www.immobilienbusiness.ch\/de\/author\/alexander-wachter\/"}]}},"_links":{"self":[{"href":"https:\/\/www.immobilienbusiness.ch\/de\/wp-json\/wp\/v2\/posts\/61401","targetHints":{"allow":["GET"]}}],"collection":[{"href":"https:\/\/www.immobilienbusiness.ch\/de\/wp-json\/wp\/v2\/posts"}],"about":[{"href":"https:\/\/www.immobilienbusiness.ch\/de\/wp-json\/wp\/v2\/types\/post"}],"author":[{"embeddable":true,"href":"https:\/\/www.immobilienbusiness.ch\/de\/wp-json\/wp\/v2\/users\/102"}],"replies":[{"embeddable":true,"href":"https:\/\/www.immobilienbusiness.ch\/de\/wp-json\/wp\/v2\/comments?post=61401"}],"version-history":[{"count":3,"href":"https:\/\/www.immobilienbusiness.ch\/de\/wp-json\/wp\/v2\/posts\/61401\/revisions"}],"predecessor-version":[{"id":61480,"href":"https:\/\/www.immobilienbusiness.ch\/de\/wp-json\/wp\/v2\/posts\/61401\/revisions\/61480"}],"wp:featuredmedia":[{"embeddable":true,"href":"https:\/\/www.immobilienbusiness.ch\/de\/wp-json\/wp\/v2\/media\/61402"}],"wp:attachment":[{"href":"https:\/\/www.immobilienbusiness.ch\/de\/wp-json\/wp\/v2\/media?parent=61401"}],"wp:term":[{"taxonomy":"category","embeddable":true,"href":"https:\/\/www.immobilienbusiness.ch\/de\/wp-json\/wp\/v2\/categories?post=61401"},{"taxonomy":"post_tag","embeddable":true,"href":"https:\/\/www.immobilienbusiness.ch\/de\/wp-json\/wp\/v2\/tags?post=61401"}],"curies":[{"name":"wp","href":"https:\/\/api.w.org\/{rel}","templated":true}]}}