{"id":61148,"date":"2024-10-24T09:54:16","date_gmt":"2024-10-24T07:54:16","guid":{"rendered":"https:\/\/www.immobilienbusiness.ch\/?p=61148"},"modified":"2024-10-24T09:54:16","modified_gmt":"2024-10-24T07:54:16","slug":"fonds-immobilier-romand-steigert-mieteinnahmen","status":"publish","type":"post","link":"https:\/\/www.immobilienbusiness.ch\/de\/unternehmen\/2024-10-24\/fonds-immobilier-romand-steigert-mieteinnahmen\/","title":{"rendered":"Fonds Immobilier Romand steigert Mieteinnahmen"},"content":{"rendered":"<figure id=\"attachment_10311\" aria-describedby=\"caption-attachment-10311\" style=\"width: 639px\" class=\"wp-caption alignnone\"><a href=\"https:\/\/www.immobilienbusiness.ch\/wp-content\/uploads\/2017\/11\/IB-News-20171128-Anlagefonds-Bonhote-Immobilier-Geschaeftszahlen-2016-2017.png\"><img loading=\"lazy\" decoding=\"async\" class=\"size-full wp-image-10311\" src=\"https:\/\/www.immobilienbusiness.ch\/wp-content\/uploads\/2017\/11\/IB-News-20171128-Anlagefonds-Bonhote-Immobilier-Geschaeftszahlen-2016-2017.png\" alt=\"Zahlen\" width=\"639\" height=\"426\" srcset=\"https:\/\/www.immobilienbusiness.ch\/wp-content\/uploads\/2017\/11\/IB-News-20171128-Anlagefonds-Bonhote-Immobilier-Geschaeftszahlen-2016-2017.png 639w, https:\/\/www.immobilienbusiness.ch\/wp-content\/uploads\/2017\/11\/IB-News-20171128-Anlagefonds-Bonhote-Immobilier-Geschaeftszahlen-2016-2017-300x200.png 300w, https:\/\/www.immobilienbusiness.ch\/wp-content\/uploads\/2017\/11\/IB-News-20171128-Anlagefonds-Bonhote-Immobilier-Geschaeftszahlen-2016-2017-16x12.png 16w, https:\/\/www.immobilienbusiness.ch\/wp-content\/uploads\/2017\/11\/IB-News-20171128-Anlagefonds-Bonhote-Immobilier-Geschaeftszahlen-2016-2017-263x175.png 263w, https:\/\/www.immobilienbusiness.ch\/wp-content\/uploads\/2017\/11\/IB-News-20171128-Anlagefonds-Bonhote-Immobilier-Geschaeftszahlen-2016-2017-525x350.png 525w\" sizes=\"auto, (max-width: 639px) 100vw, 639px\" \/><\/a><figcaption id=\"caption-attachment-10311\" class=\"wp-caption-text\">Der Fonds Immobilier Romand hat im letzten Gesch\u00e4ftsjahr die Mieterl\u00f6se und das Portfolio ausgebaut (Bild: Pixabay)<\/figcaption><\/figure>\n<p>Der Fonds Immobilier Romand hat im abgelaufenen Gesch\u00e4ftsjahr (Stichtag: 30. Juni) die Mieteinnahmen um 4,6% auf 80,4 Mio. CHF und das Gesamtverm\u00f6gen um 5,5 % auf 1,65 Mrd. CHF gesteigert. Allerdings stieg auch die Mietausfallrate (von 1,8% auf 2,4%), was die Fondsleitung durch Leerst\u00e4nde im Zusammenhang mit der Vermarktung des Projekts \u00abOsiris\u00bb in Echallens erkl\u00e4rt. Auch die Fremdfinanzierungsquote erh\u00f6hte sich leicht von 12,52% auf 13,71%. Der realisierte Erfolg verbesserte sich von 34,1 Mio. auf 34,3 Mio. CHF und der Gesamterfolg stieg deutlich von 64,2 Mio. auf 82,7 Mio. CHF. Letzteres ist auf das deutlich bessere Bewertungsergebnis (+48,4 Mio., nach 30,1 Mio.) zur\u00fcckzuf\u00fchren. Die Gesamtperformance lag mit +13,55% \u00fcber dem Referenzindex (+10,65%).<\/p>\n<p>Der Fonds hat sich zum Ziel gesetzt, bis zum Jahr 2030 einen Wert des Immobilienportfolios von 2 Mrd. CHF zu erreichen. <em>(aw)<\/em><\/p>\n<p>&nbsp;<\/p>\n","protected":false},"excerpt":{"rendered":"<p>F\u00fcr das Gesch\u00e4ftsjahr 2023\/24 berichtet der Fonds deutlich h\u00f6here Mietertr\u00e4ge, einen leicht verbesserten realisierten Erfolg und einen erheblichen Zuwachs beim Gesamterfolg.<\/p>\n","protected":false},"author":102,"featured_media":10311,"comment_status":"closed","ping_status":"closed","sticky":false,"template":"","format":"standard","meta":{"_acf_changed":false,"_yoast_wpseo_focuskw":"Fonds","_yoast_wpseo_title":"","_yoast_wpseo_metadesc":"F\u00fcr das Gesch\u00e4ftsjahr 2023\/24 berichtet der Fonds deutlich h\u00f6here Mietertr\u00e4ge, einen leicht verbesserten realisierten Erfolg und einen erheblichen Zuwachs beim Gesamterfolg.","_yoast_wpseo_linkdex":57,"pgc_sgb_lightbox_settings":"","footnotes":""},"categories":[988],"tags":[3341,1344,3608],"class_list":["post-61148","post","type-post","status-publish","format-standard","has-post-thumbnail","hentry","category-unternehmen","tag-fonds-immobilier-romand","tag-immobilienfonds","tag-jahresbericht"],"acf":[],"yoast_head":"<!-- This site is optimized with the Yoast SEO plugin v27.4 - https:\/\/yoast.com\/product\/yoast-seo-wordpress\/ -->\n<title>Fonds Immobilier Romand steigert Mieteinnahmen - IMMOBILIEN Business<\/title>\n<meta name=\"description\" content=\"F\u00fcr das Gesch\u00e4ftsjahr 2023\/24 berichtet der Fonds deutlich h\u00f6here Mietertr\u00e4ge, einen leicht verbesserten realisierten Erfolg und einen erheblichen Zuwachs beim Gesamterfolg.\" \/>\n<meta name=\"robots\" content=\"index, follow, max-snippet:-1, max-image-preview:large, max-video-preview:-1\" \/>\n<link rel=\"canonical\" href=\"https:\/\/www.immobilienbusiness.ch\/de\/unternehmen\/2024-10-24\/fonds-immobilier-romand-steigert-mieteinnahmen\/\" \/>\n<meta property=\"og:locale\" content=\"de_DE\" \/>\n<meta property=\"og:type\" content=\"article\" \/>\n<meta property=\"og:title\" content=\"Fonds Immobilier Romand steigert Mieteinnahmen - IMMOBILIEN Business\" \/>\n<meta property=\"og:description\" content=\"F\u00fcr das Gesch\u00e4ftsjahr 2023\/24 berichtet der Fonds deutlich h\u00f6here Mietertr\u00e4ge, einen leicht verbesserten realisierten Erfolg und einen erheblichen Zuwachs beim Gesamterfolg.\" \/>\n<meta property=\"og:url\" content=\"https:\/\/www.immobilienbusiness.ch\/de\/unternehmen\/2024-10-24\/fonds-immobilier-romand-steigert-mieteinnahmen\/\" \/>\n<meta property=\"og:site_name\" content=\"IMMOBILIEN Business\" \/>\n<meta property=\"article:publisher\" content=\"https:\/\/www.facebook.com\/immobilienbusiness\/\" \/>\n<meta property=\"article:published_time\" content=\"2024-10-24T07:54:16+00:00\" \/>\n<meta property=\"og:image\" content=\"https:\/\/www.immobilienbusiness.ch\/wp-content\/uploads\/2017\/11\/IB-News-20171128-Anlagefonds-Bonhote-Immobilier-Geschaeftszahlen-2016-2017.png\" \/>\n\t<meta property=\"og:image:width\" content=\"639\" \/>\n\t<meta property=\"og:image:height\" content=\"426\" \/>\n\t<meta property=\"og:image:type\" content=\"image\/png\" \/>\n<meta name=\"author\" content=\"Alexander Wachter\" \/>\n<meta name=\"twitter:card\" content=\"summary_large_image\" \/>\n<script type=\"application\/ld+json\" class=\"yoast-schema-graph\">{\"@context\":\"https:\\\/\\\/schema.org\",\"@graph\":[{\"@type\":\"Article\",\"@id\":\"https:\\\/\\\/www.immobilienbusiness.ch\\\/it\\\/unternehmen\\\/2024-10-24\\\/fonds-immobilier-romand-steigert-mieteinnahmen\\\/#article\",\"isPartOf\":{\"@id\":\"https:\\\/\\\/www.immobilienbusiness.ch\\\/it\\\/unternehmen\\\/2024-10-24\\\/fonds-immobilier-romand-steigert-mieteinnahmen\\\/\"},\"author\":{\"name\":\"Alexander Wachter\",\"@id\":\"https:\\\/\\\/www.immobilienbusiness.ch\\\/#\\\/schema\\\/person\\\/aba8bea2db926aa0c24c08c43fe1fcd5\"},\"headline\":\"Fonds Immobilier Romand steigert Mieteinnahmen\",\"datePublished\":\"2024-10-24T07:54:16+00:00\",\"mainEntityOfPage\":{\"@id\":\"https:\\\/\\\/www.immobilienbusiness.ch\\\/it\\\/unternehmen\\\/2024-10-24\\\/fonds-immobilier-romand-steigert-mieteinnahmen\\\/\"},\"wordCount\":151,\"publisher\":{\"@id\":\"https:\\\/\\\/www.immobilienbusiness.ch\\\/#organization\"},\"image\":{\"@id\":\"https:\\\/\\\/www.immobilienbusiness.ch\\\/it\\\/unternehmen\\\/2024-10-24\\\/fonds-immobilier-romand-steigert-mieteinnahmen\\\/#primaryimage\"},\"thumbnailUrl\":\"https:\\\/\\\/www.immobilienbusiness.ch\\\/wp-content\\\/uploads\\\/2017\\\/11\\\/IB-News-20171128-Anlagefonds-Bonhote-Immobilier-Geschaeftszahlen-2016-2017.png\",\"keywords\":[\"Fonds Immobilier Romand\",\"Immobilienfonds\",\"Jahresbericht\"],\"articleSection\":[\"UNTERNEHMEN\"],\"inLanguage\":\"de\"},{\"@type\":\"WebPage\",\"@id\":\"https:\\\/\\\/www.immobilienbusiness.ch\\\/it\\\/unternehmen\\\/2024-10-24\\\/fonds-immobilier-romand-steigert-mieteinnahmen\\\/\",\"url\":\"https:\\\/\\\/www.immobilienbusiness.ch\\\/it\\\/unternehmen\\\/2024-10-24\\\/fonds-immobilier-romand-steigert-mieteinnahmen\\\/\",\"name\":\"Fonds Immobilier Romand steigert Mieteinnahmen - IMMOBILIEN Business\",\"isPartOf\":{\"@id\":\"https:\\\/\\\/www.immobilienbusiness.ch\\\/#website\"},\"primaryImageOfPage\":{\"@id\":\"https:\\\/\\\/www.immobilienbusiness.ch\\\/it\\\/unternehmen\\\/2024-10-24\\\/fonds-immobilier-romand-steigert-mieteinnahmen\\\/#primaryimage\"},\"image\":{\"@id\":\"https:\\\/\\\/www.immobilienbusiness.ch\\\/it\\\/unternehmen\\\/2024-10-24\\\/fonds-immobilier-romand-steigert-mieteinnahmen\\\/#primaryimage\"},\"thumbnailUrl\":\"https:\\\/\\\/www.immobilienbusiness.ch\\\/wp-content\\\/uploads\\\/2017\\\/11\\\/IB-News-20171128-Anlagefonds-Bonhote-Immobilier-Geschaeftszahlen-2016-2017.png\",\"datePublished\":\"2024-10-24T07:54:16+00:00\",\"description\":\"F\u00fcr das Gesch\u00e4ftsjahr 2023\\\/24 berichtet der Fonds deutlich h\u00f6here Mietertr\u00e4ge, einen leicht verbesserten realisierten Erfolg und einen erheblichen Zuwachs beim Gesamterfolg.\",\"breadcrumb\":{\"@id\":\"https:\\\/\\\/www.immobilienbusiness.ch\\\/it\\\/unternehmen\\\/2024-10-24\\\/fonds-immobilier-romand-steigert-mieteinnahmen\\\/#breadcrumb\"},\"inLanguage\":\"de\",\"potentialAction\":[{\"@type\":\"ReadAction\",\"target\":[\"https:\\\/\\\/www.immobilienbusiness.ch\\\/it\\\/unternehmen\\\/2024-10-24\\\/fonds-immobilier-romand-steigert-mieteinnahmen\\\/\"]}]},{\"@type\":\"ImageObject\",\"inLanguage\":\"de\",\"@id\":\"https:\\\/\\\/www.immobilienbusiness.ch\\\/it\\\/unternehmen\\\/2024-10-24\\\/fonds-immobilier-romand-steigert-mieteinnahmen\\\/#primaryimage\",\"url\":\"https:\\\/\\\/www.immobilienbusiness.ch\\\/wp-content\\\/uploads\\\/2017\\\/11\\\/IB-News-20171128-Anlagefonds-Bonhote-Immobilier-Geschaeftszahlen-2016-2017.png\",\"contentUrl\":\"https:\\\/\\\/www.immobilienbusiness.ch\\\/wp-content\\\/uploads\\\/2017\\\/11\\\/IB-News-20171128-Anlagefonds-Bonhote-Immobilier-Geschaeftszahlen-2016-2017.png\",\"width\":639,\"height\":426,\"caption\":\"Der Fonds Immobilier Romand hat im letzten Gesch\u00e4ftsjahr die Mieterl\u00f6se und das Portfolio ausgebaut (Bild: Pixabay)\"},{\"@type\":\"BreadcrumbList\",\"@id\":\"https:\\\/\\\/www.immobilienbusiness.ch\\\/it\\\/unternehmen\\\/2024-10-24\\\/fonds-immobilier-romand-steigert-mieteinnahmen\\\/#breadcrumb\",\"itemListElement\":[{\"@type\":\"ListItem\",\"position\":1,\"name\":\"Home\",\"item\":\"https:\\\/\\\/www.immobilienbusiness.ch\\\/\"},{\"@type\":\"ListItem\",\"position\":2,\"name\":\"Fonds Immobilier Romand steigert Mieteinnahmen\"}]},{\"@type\":\"WebSite\",\"@id\":\"https:\\\/\\\/www.immobilienbusiness.ch\\\/#website\",\"url\":\"https:\\\/\\\/www.immobilienbusiness.ch\\\/\",\"name\":\"IMMOBILIEN Business\",\"description\":\"Unabh\u00e4ngiges Schweizer Wirtschaftsmagazin mit Fokus auf Immobilien, Architektur- und Bau sowie Investment- und Finanzierung.\",\"publisher\":{\"@id\":\"https:\\\/\\\/www.immobilienbusiness.ch\\\/#organization\"},\"potentialAction\":[{\"@type\":\"SearchAction\",\"target\":{\"@type\":\"EntryPoint\",\"urlTemplate\":\"https:\\\/\\\/www.immobilienbusiness.ch\\\/?s={search_term_string}\"},\"query-input\":{\"@type\":\"PropertyValueSpecification\",\"valueRequired\":true,\"valueName\":\"search_term_string\"}}],\"inLanguage\":\"de\"},{\"@type\":\"Organization\",\"@id\":\"https:\\\/\\\/www.immobilienbusiness.ch\\\/#organization\",\"name\":\"IMMOBILIEN Business\",\"url\":\"https:\\\/\\\/www.immobilienbusiness.ch\\\/\",\"logo\":{\"@type\":\"ImageObject\",\"inLanguage\":\"de\",\"@id\":\"https:\\\/\\\/www.immobilienbusiness.ch\\\/#\\\/schema\\\/logo\\\/image\\\/\",\"url\":\"https:\\\/\\\/www.immobilienbusiness.ch\\\/wp-content\\\/uploads\\\/2021\\\/07\\\/logo_ib.png\",\"contentUrl\":\"https:\\\/\\\/www.immobilienbusiness.ch\\\/wp-content\\\/uploads\\\/2021\\\/07\\\/logo_ib.png\",\"width\":800,\"height\":181,\"caption\":\"IMMOBILIEN Business\"},\"image\":{\"@id\":\"https:\\\/\\\/www.immobilienbusiness.ch\\\/#\\\/schema\\\/logo\\\/image\\\/\"},\"sameAs\":[\"https:\\\/\\\/www.facebook.com\\\/immobilienbusiness\\\/\"]},{\"@type\":\"Person\",\"@id\":\"https:\\\/\\\/www.immobilienbusiness.ch\\\/#\\\/schema\\\/person\\\/aba8bea2db926aa0c24c08c43fe1fcd5\",\"name\":\"Alexander Wachter\",\"image\":{\"@type\":\"ImageObject\",\"inLanguage\":\"de\",\"@id\":\"https:\\\/\\\/secure.gravatar.com\\\/avatar\\\/1a09e471f5389b0e0a6416eac287e0927c7c97a7b77f9e787eba3af7aee281dd?s=96&d=mm&r=g\",\"url\":\"https:\\\/\\\/secure.gravatar.com\\\/avatar\\\/1a09e471f5389b0e0a6416eac287e0927c7c97a7b77f9e787eba3af7aee281dd?s=96&d=mm&r=g\",\"contentUrl\":\"https:\\\/\\\/secure.gravatar.com\\\/avatar\\\/1a09e471f5389b0e0a6416eac287e0927c7c97a7b77f9e787eba3af7aee281dd?s=96&d=mm&r=g\",\"caption\":\"Alexander Wachter\"},\"url\":\"https:\\\/\\\/www.immobilienbusiness.ch\\\/de\\\/author\\\/alexander-wachter\\\/\"}]}<\/script>\n<!-- \/ Yoast SEO plugin. -->","yoast_head_json":{"title":"Fonds Immobilier Romand steigert Mieteinnahmen - IMMOBILIEN Business","description":"F\u00fcr das Gesch\u00e4ftsjahr 2023\/24 berichtet der Fonds deutlich h\u00f6here Mietertr\u00e4ge, einen leicht verbesserten realisierten Erfolg und einen erheblichen Zuwachs beim Gesamterfolg.","robots":{"index":"index","follow":"follow","max-snippet":"max-snippet:-1","max-image-preview":"max-image-preview:large","max-video-preview":"max-video-preview:-1"},"canonical":"https:\/\/www.immobilienbusiness.ch\/de\/unternehmen\/2024-10-24\/fonds-immobilier-romand-steigert-mieteinnahmen\/","og_locale":"de_DE","og_type":"article","og_title":"Fonds Immobilier Romand steigert Mieteinnahmen - IMMOBILIEN Business","og_description":"F\u00fcr das Gesch\u00e4ftsjahr 2023\/24 berichtet der Fonds deutlich h\u00f6here Mietertr\u00e4ge, einen leicht verbesserten realisierten Erfolg und einen erheblichen Zuwachs beim Gesamterfolg.","og_url":"https:\/\/www.immobilienbusiness.ch\/de\/unternehmen\/2024-10-24\/fonds-immobilier-romand-steigert-mieteinnahmen\/","og_site_name":"IMMOBILIEN Business","article_publisher":"https:\/\/www.facebook.com\/immobilienbusiness\/","article_published_time":"2024-10-24T07:54:16+00:00","og_image":[{"width":639,"height":426,"url":"https:\/\/www.immobilienbusiness.ch\/wp-content\/uploads\/2017\/11\/IB-News-20171128-Anlagefonds-Bonhote-Immobilier-Geschaeftszahlen-2016-2017.png","type":"image\/png"}],"author":"Alexander Wachter","twitter_card":"summary_large_image","schema":{"@context":"https:\/\/schema.org","@graph":[{"@type":"Article","@id":"https:\/\/www.immobilienbusiness.ch\/it\/unternehmen\/2024-10-24\/fonds-immobilier-romand-steigert-mieteinnahmen\/#article","isPartOf":{"@id":"https:\/\/www.immobilienbusiness.ch\/it\/unternehmen\/2024-10-24\/fonds-immobilier-romand-steigert-mieteinnahmen\/"},"author":{"name":"Alexander Wachter","@id":"https:\/\/www.immobilienbusiness.ch\/#\/schema\/person\/aba8bea2db926aa0c24c08c43fe1fcd5"},"headline":"Fonds Immobilier Romand steigert Mieteinnahmen","datePublished":"2024-10-24T07:54:16+00:00","mainEntityOfPage":{"@id":"https:\/\/www.immobilienbusiness.ch\/it\/unternehmen\/2024-10-24\/fonds-immobilier-romand-steigert-mieteinnahmen\/"},"wordCount":151,"publisher":{"@id":"https:\/\/www.immobilienbusiness.ch\/#organization"},"image":{"@id":"https:\/\/www.immobilienbusiness.ch\/it\/unternehmen\/2024-10-24\/fonds-immobilier-romand-steigert-mieteinnahmen\/#primaryimage"},"thumbnailUrl":"https:\/\/www.immobilienbusiness.ch\/wp-content\/uploads\/2017\/11\/IB-News-20171128-Anlagefonds-Bonhote-Immobilier-Geschaeftszahlen-2016-2017.png","keywords":["Fonds Immobilier Romand","Immobilienfonds","Jahresbericht"],"articleSection":["UNTERNEHMEN"],"inLanguage":"de"},{"@type":"WebPage","@id":"https:\/\/www.immobilienbusiness.ch\/it\/unternehmen\/2024-10-24\/fonds-immobilier-romand-steigert-mieteinnahmen\/","url":"https:\/\/www.immobilienbusiness.ch\/it\/unternehmen\/2024-10-24\/fonds-immobilier-romand-steigert-mieteinnahmen\/","name":"Fonds Immobilier Romand steigert Mieteinnahmen - IMMOBILIEN Business","isPartOf":{"@id":"https:\/\/www.immobilienbusiness.ch\/#website"},"primaryImageOfPage":{"@id":"https:\/\/www.immobilienbusiness.ch\/it\/unternehmen\/2024-10-24\/fonds-immobilier-romand-steigert-mieteinnahmen\/#primaryimage"},"image":{"@id":"https:\/\/www.immobilienbusiness.ch\/it\/unternehmen\/2024-10-24\/fonds-immobilier-romand-steigert-mieteinnahmen\/#primaryimage"},"thumbnailUrl":"https:\/\/www.immobilienbusiness.ch\/wp-content\/uploads\/2017\/11\/IB-News-20171128-Anlagefonds-Bonhote-Immobilier-Geschaeftszahlen-2016-2017.png","datePublished":"2024-10-24T07:54:16+00:00","description":"F\u00fcr das Gesch\u00e4ftsjahr 2023\/24 berichtet der Fonds deutlich h\u00f6here Mietertr\u00e4ge, einen leicht verbesserten realisierten Erfolg und einen erheblichen Zuwachs beim Gesamterfolg.","breadcrumb":{"@id":"https:\/\/www.immobilienbusiness.ch\/it\/unternehmen\/2024-10-24\/fonds-immobilier-romand-steigert-mieteinnahmen\/#breadcrumb"},"inLanguage":"de","potentialAction":[{"@type":"ReadAction","target":["https:\/\/www.immobilienbusiness.ch\/it\/unternehmen\/2024-10-24\/fonds-immobilier-romand-steigert-mieteinnahmen\/"]}]},{"@type":"ImageObject","inLanguage":"de","@id":"https:\/\/www.immobilienbusiness.ch\/it\/unternehmen\/2024-10-24\/fonds-immobilier-romand-steigert-mieteinnahmen\/#primaryimage","url":"https:\/\/www.immobilienbusiness.ch\/wp-content\/uploads\/2017\/11\/IB-News-20171128-Anlagefonds-Bonhote-Immobilier-Geschaeftszahlen-2016-2017.png","contentUrl":"https:\/\/www.immobilienbusiness.ch\/wp-content\/uploads\/2017\/11\/IB-News-20171128-Anlagefonds-Bonhote-Immobilier-Geschaeftszahlen-2016-2017.png","width":639,"height":426,"caption":"Der Fonds Immobilier Romand hat im letzten Gesch\u00e4ftsjahr die Mieterl\u00f6se und das Portfolio ausgebaut (Bild: Pixabay)"},{"@type":"BreadcrumbList","@id":"https:\/\/www.immobilienbusiness.ch\/it\/unternehmen\/2024-10-24\/fonds-immobilier-romand-steigert-mieteinnahmen\/#breadcrumb","itemListElement":[{"@type":"ListItem","position":1,"name":"Home","item":"https:\/\/www.immobilienbusiness.ch\/"},{"@type":"ListItem","position":2,"name":"Fonds Immobilier Romand steigert Mieteinnahmen"}]},{"@type":"WebSite","@id":"https:\/\/www.immobilienbusiness.ch\/#website","url":"https:\/\/www.immobilienbusiness.ch\/","name":"IMMOBILIEN Business","description":"Unabh\u00e4ngiges Schweizer Wirtschaftsmagazin mit Fokus auf Immobilien, Architektur- und Bau sowie Investment- und Finanzierung.","publisher":{"@id":"https:\/\/www.immobilienbusiness.ch\/#organization"},"potentialAction":[{"@type":"SearchAction","target":{"@type":"EntryPoint","urlTemplate":"https:\/\/www.immobilienbusiness.ch\/?s={search_term_string}"},"query-input":{"@type":"PropertyValueSpecification","valueRequired":true,"valueName":"search_term_string"}}],"inLanguage":"de"},{"@type":"Organization","@id":"https:\/\/www.immobilienbusiness.ch\/#organization","name":"IMMOBILIEN Business","url":"https:\/\/www.immobilienbusiness.ch\/","logo":{"@type":"ImageObject","inLanguage":"de","@id":"https:\/\/www.immobilienbusiness.ch\/#\/schema\/logo\/image\/","url":"https:\/\/www.immobilienbusiness.ch\/wp-content\/uploads\/2021\/07\/logo_ib.png","contentUrl":"https:\/\/www.immobilienbusiness.ch\/wp-content\/uploads\/2021\/07\/logo_ib.png","width":800,"height":181,"caption":"IMMOBILIEN Business"},"image":{"@id":"https:\/\/www.immobilienbusiness.ch\/#\/schema\/logo\/image\/"},"sameAs":["https:\/\/www.facebook.com\/immobilienbusiness\/"]},{"@type":"Person","@id":"https:\/\/www.immobilienbusiness.ch\/#\/schema\/person\/aba8bea2db926aa0c24c08c43fe1fcd5","name":"Alexander Wachter","image":{"@type":"ImageObject","inLanguage":"de","@id":"https:\/\/secure.gravatar.com\/avatar\/1a09e471f5389b0e0a6416eac287e0927c7c97a7b77f9e787eba3af7aee281dd?s=96&d=mm&r=g","url":"https:\/\/secure.gravatar.com\/avatar\/1a09e471f5389b0e0a6416eac287e0927c7c97a7b77f9e787eba3af7aee281dd?s=96&d=mm&r=g","contentUrl":"https:\/\/secure.gravatar.com\/avatar\/1a09e471f5389b0e0a6416eac287e0927c7c97a7b77f9e787eba3af7aee281dd?s=96&d=mm&r=g","caption":"Alexander Wachter"},"url":"https:\/\/www.immobilienbusiness.ch\/de\/author\/alexander-wachter\/"}]}},"_links":{"self":[{"href":"https:\/\/www.immobilienbusiness.ch\/de\/wp-json\/wp\/v2\/posts\/61148","targetHints":{"allow":["GET"]}}],"collection":[{"href":"https:\/\/www.immobilienbusiness.ch\/de\/wp-json\/wp\/v2\/posts"}],"about":[{"href":"https:\/\/www.immobilienbusiness.ch\/de\/wp-json\/wp\/v2\/types\/post"}],"author":[{"embeddable":true,"href":"https:\/\/www.immobilienbusiness.ch\/de\/wp-json\/wp\/v2\/users\/102"}],"replies":[{"embeddable":true,"href":"https:\/\/www.immobilienbusiness.ch\/de\/wp-json\/wp\/v2\/comments?post=61148"}],"version-history":[{"count":1,"href":"https:\/\/www.immobilienbusiness.ch\/de\/wp-json\/wp\/v2\/posts\/61148\/revisions"}],"predecessor-version":[{"id":61149,"href":"https:\/\/www.immobilienbusiness.ch\/de\/wp-json\/wp\/v2\/posts\/61148\/revisions\/61149"}],"wp:featuredmedia":[{"embeddable":true,"href":"https:\/\/www.immobilienbusiness.ch\/de\/wp-json\/wp\/v2\/media\/10311"}],"wp:attachment":[{"href":"https:\/\/www.immobilienbusiness.ch\/de\/wp-json\/wp\/v2\/media?parent=61148"}],"wp:term":[{"taxonomy":"category","embeddable":true,"href":"https:\/\/www.immobilienbusiness.ch\/de\/wp-json\/wp\/v2\/categories?post=61148"},{"taxonomy":"post_tag","embeddable":true,"href":"https:\/\/www.immobilienbusiness.ch\/de\/wp-json\/wp\/v2\/tags?post=61148"}],"curies":[{"name":"wp","href":"https:\/\/api.w.org\/{rel}","templated":true}]}}