{"id":61093,"date":"2024-10-17T11:09:53","date_gmt":"2024-10-17T09:09:53","guid":{"rendered":"https:\/\/www.immobilienbusiness.ch\/?p=61093"},"modified":"2024-10-17T11:09:53","modified_gmt":"2024-10-17T09:09:53","slug":"cargo-sous-terrain-mit-neuem-ceo","status":"publish","type":"post","link":"https:\/\/www.immobilienbusiness.ch\/de\/personalia\/2024-10-17\/cargo-sous-terrain-mit-neuem-ceo\/","title":{"rendered":"Cargo sous terrain mit neuem CEO"},"content":{"rendered":"<figure id=\"attachment_61094\" aria-describedby=\"caption-attachment-61094\" style=\"width: 959px\" class=\"wp-caption alignnone\"><a href=\"https:\/\/www.immobilienbusiness.ch\/wp-content\/uploads\/2024\/10\/Trends_Logistik_Nachricht_S_13_csm_Spaeth_Cargo_sous_terrain_ef3cc2de85-Kopie.jpg\"><img loading=\"lazy\" decoding=\"async\" class=\"size-full wp-image-61094\" src=\"https:\/\/www.immobilienbusiness.ch\/wp-content\/uploads\/2024\/10\/Trends_Logistik_Nachricht_S_13_csm_Spaeth_Cargo_sous_terrain_ef3cc2de85-Kopie.jpg\" alt=\"\" width=\"959\" height=\"540\" srcset=\"https:\/\/www.immobilienbusiness.ch\/wp-content\/uploads\/2024\/10\/Trends_Logistik_Nachricht_S_13_csm_Spaeth_Cargo_sous_terrain_ef3cc2de85-Kopie.jpg 959w, https:\/\/www.immobilienbusiness.ch\/wp-content\/uploads\/2024\/10\/Trends_Logistik_Nachricht_S_13_csm_Spaeth_Cargo_sous_terrain_ef3cc2de85-Kopie-300x169.jpg 300w, https:\/\/www.immobilienbusiness.ch\/wp-content\/uploads\/2024\/10\/Trends_Logistik_Nachricht_S_13_csm_Spaeth_Cargo_sous_terrain_ef3cc2de85-Kopie-768x432.jpg 768w, https:\/\/www.immobilienbusiness.ch\/wp-content\/uploads\/2024\/10\/Trends_Logistik_Nachricht_S_13_csm_Spaeth_Cargo_sous_terrain_ef3cc2de85-Kopie-18x10.jpg 18w, https:\/\/www.immobilienbusiness.ch\/wp-content\/uploads\/2024\/10\/Trends_Logistik_Nachricht_S_13_csm_Spaeth_Cargo_sous_terrain_ef3cc2de85-Kopie-375x211.jpg 375w, https:\/\/www.immobilienbusiness.ch\/wp-content\/uploads\/2024\/10\/Trends_Logistik_Nachricht_S_13_csm_Spaeth_Cargo_sous_terrain_ef3cc2de85-Kopie-622x350.jpg 622w\" sizes=\"auto, (max-width: 959px) 100vw, 959px\" \/><\/a><figcaption id=\"caption-attachment-61094\" class=\"wp-caption-text\">Christian Sp\u00e4th (Bild: zVg)<\/figcaption><\/figure>\n<p>Seit Anfang Oktober amtet der Infrastrukturmanager und Bauingenieur Christian Sp\u00e4th als CEO des Logistiksystems Cargo sous terrain (CST). Sp\u00e4th besitzt mehr als 25 Jahre internationale Berufserfahrung in der Tiefbaubranche, davon 15 Jahre in Leitungsfunktionen. Seit 2012 war er beim Bau- und Immobiliendienstleister Implenia t\u00e4tig, bis Ende August 2024 als Head Civil Engineering und als Mitglied des Implenia Executive Committee Teil der Konzernleitung. Seit Ende Juni 2024 habe das CST-Team an einem Projektreview gearbeitet, gest\u00fctzt auf neu definierte Priorit\u00e4ten und Anforderungen, die aus der Sachplananh\u00f6rung hervorgingen, teilt Cargo sous terrain mit. Christian Sp\u00e4th werde diese Arbeiten fortf\u00fchren und das Projekt konsequent auf die Bed\u00fcrfnisse der Kunden, die Nachhaltigkeit und die Anforderungen von St\u00e4dten, Gemeinden und Kantonen ausrichten. Der interimistische CEO Stefan Schraner wechsele in die Funktion des CFO. Die Innovationskraft des \u00abGenerationenprojekts\u00bb Cargo sous terrain fasziniere ihn, sagte Christian Sp\u00e4th anl\u00e4sslich seines Amtsantritts: \u00abIch bin \u00fcberzeugt, dass CST die richtige Antwort auf die He\u00adrausforderungen im Schweizer G\u00fcterverkehr ist.\u00bb <em>(bw)<\/em><\/p>\n","protected":false},"excerpt":{"rendered":"<p>Das Logistiksystem wird seit Oktober von dem Infrastrukturmanager und Bauingenieur Christian Sp\u00e4th geleitet.<\/p>\n","protected":false},"author":102,"featured_media":61094,"comment_status":"closed","ping_status":"closed","sticky":false,"template":"","format":"standard","meta":{"_acf_changed":false,"_yoast_wpseo_focuskw":"Cargo","_yoast_wpseo_title":"","_yoast_wpseo_metadesc":"Das Logistiksystem wird seit Oktober von dem Infrastrukturmanager und Bauingenieur Christian Sp\u00e4th geleitet.","_yoast_wpseo_linkdex":56,"pgc_sgb_lightbox_settings":"","footnotes":""},"categories":[1912],"tags":[3847,1359,1451,1563],"class_list":["post-61093","post","type-post","status-publish","format-standard","has-post-thumbnail","hentry","category-personalia","tag-cargo-sous-terrain","tag-implenia","tag-logistik","tag-personalia"],"acf":[],"yoast_head":"<!-- This site is optimized with the Yoast SEO plugin v27.4 - https:\/\/yoast.com\/product\/yoast-seo-wordpress\/ -->\n<title>Cargo sous terrain mit neuem CEO - IMMOBILIEN Business<\/title>\n<meta name=\"description\" content=\"Das Logistiksystem wird seit Oktober von dem Infrastrukturmanager und Bauingenieur Christian Sp\u00e4th geleitet.\" \/>\n<meta name=\"robots\" content=\"index, follow, max-snippet:-1, max-image-preview:large, max-video-preview:-1\" \/>\n<link rel=\"canonical\" href=\"https:\/\/www.immobilienbusiness.ch\/de\/personalia\/2024-10-17\/cargo-sous-terrain-mit-neuem-ceo\/\" \/>\n<meta property=\"og:locale\" content=\"de_DE\" \/>\n<meta property=\"og:type\" content=\"article\" \/>\n<meta property=\"og:title\" content=\"Cargo sous terrain mit neuem CEO - IMMOBILIEN Business\" \/>\n<meta property=\"og:description\" content=\"Das Logistiksystem wird seit Oktober von dem Infrastrukturmanager und Bauingenieur Christian Sp\u00e4th geleitet.\" \/>\n<meta property=\"og:url\" content=\"https:\/\/www.immobilienbusiness.ch\/de\/personalia\/2024-10-17\/cargo-sous-terrain-mit-neuem-ceo\/\" \/>\n<meta property=\"og:site_name\" content=\"IMMOBILIEN Business\" \/>\n<meta property=\"article:publisher\" content=\"https:\/\/www.facebook.com\/immobilienbusiness\/\" \/>\n<meta property=\"article:published_time\" content=\"2024-10-17T09:09:53+00:00\" \/>\n<meta property=\"og:image\" content=\"https:\/\/www.immobilienbusiness.ch\/wp-content\/uploads\/2024\/10\/Trends_Logistik_Nachricht_S_13_csm_Spaeth_Cargo_sous_terrain_ef3cc2de85-Kopie.jpg\" \/>\n\t<meta property=\"og:image:width\" content=\"959\" \/>\n\t<meta property=\"og:image:height\" content=\"540\" \/>\n\t<meta property=\"og:image:type\" content=\"image\/jpeg\" \/>\n<meta name=\"author\" content=\"Alexander Wachter\" \/>\n<meta name=\"twitter:card\" content=\"summary_large_image\" \/>\n<script type=\"application\/ld+json\" class=\"yoast-schema-graph\">{\"@context\":\"https:\\\/\\\/schema.org\",\"@graph\":[{\"@type\":\"Article\",\"@id\":\"https:\\\/\\\/www.immobilienbusiness.ch\\\/en\\\/personalia\\\/2024-10-17\\\/cargo-sous-terrain-mit-neuem-ceo\\\/#article\",\"isPartOf\":{\"@id\":\"https:\\\/\\\/www.immobilienbusiness.ch\\\/en\\\/personalia\\\/2024-10-17\\\/cargo-sous-terrain-mit-neuem-ceo\\\/\"},\"author\":{\"name\":\"Alexander Wachter\",\"@id\":\"https:\\\/\\\/www.immobilienbusiness.ch\\\/#\\\/schema\\\/person\\\/aba8bea2db926aa0c24c08c43fe1fcd5\"},\"headline\":\"Cargo sous terrain mit neuem CEO\",\"datePublished\":\"2024-10-17T09:09:53+00:00\",\"mainEntityOfPage\":{\"@id\":\"https:\\\/\\\/www.immobilienbusiness.ch\\\/en\\\/personalia\\\/2024-10-17\\\/cargo-sous-terrain-mit-neuem-ceo\\\/\"},\"wordCount\":185,\"publisher\":{\"@id\":\"https:\\\/\\\/www.immobilienbusiness.ch\\\/#organization\"},\"image\":{\"@id\":\"https:\\\/\\\/www.immobilienbusiness.ch\\\/en\\\/personalia\\\/2024-10-17\\\/cargo-sous-terrain-mit-neuem-ceo\\\/#primaryimage\"},\"thumbnailUrl\":\"https:\\\/\\\/www.immobilienbusiness.ch\\\/wp-content\\\/uploads\\\/2024\\\/10\\\/Trends_Logistik_Nachricht_S_13_csm_Spaeth_Cargo_sous_terrain_ef3cc2de85-Kopie.jpg\",\"keywords\":[\"Cargo Sous Terrain\",\"Implenia\",\"Logistik\",\"Personalia\"],\"articleSection\":[\"PERSONALIA\"],\"inLanguage\":\"de\"},{\"@type\":\"WebPage\",\"@id\":\"https:\\\/\\\/www.immobilienbusiness.ch\\\/en\\\/personalia\\\/2024-10-17\\\/cargo-sous-terrain-mit-neuem-ceo\\\/\",\"url\":\"https:\\\/\\\/www.immobilienbusiness.ch\\\/en\\\/personalia\\\/2024-10-17\\\/cargo-sous-terrain-mit-neuem-ceo\\\/\",\"name\":\"Cargo sous terrain mit neuem CEO - IMMOBILIEN Business\",\"isPartOf\":{\"@id\":\"https:\\\/\\\/www.immobilienbusiness.ch\\\/#website\"},\"primaryImageOfPage\":{\"@id\":\"https:\\\/\\\/www.immobilienbusiness.ch\\\/en\\\/personalia\\\/2024-10-17\\\/cargo-sous-terrain-mit-neuem-ceo\\\/#primaryimage\"},\"image\":{\"@id\":\"https:\\\/\\\/www.immobilienbusiness.ch\\\/en\\\/personalia\\\/2024-10-17\\\/cargo-sous-terrain-mit-neuem-ceo\\\/#primaryimage\"},\"thumbnailUrl\":\"https:\\\/\\\/www.immobilienbusiness.ch\\\/wp-content\\\/uploads\\\/2024\\\/10\\\/Trends_Logistik_Nachricht_S_13_csm_Spaeth_Cargo_sous_terrain_ef3cc2de85-Kopie.jpg\",\"datePublished\":\"2024-10-17T09:09:53+00:00\",\"description\":\"Das Logistiksystem wird seit Oktober von dem Infrastrukturmanager und Bauingenieur Christian Sp\u00e4th geleitet.\",\"breadcrumb\":{\"@id\":\"https:\\\/\\\/www.immobilienbusiness.ch\\\/en\\\/personalia\\\/2024-10-17\\\/cargo-sous-terrain-mit-neuem-ceo\\\/#breadcrumb\"},\"inLanguage\":\"de\",\"potentialAction\":[{\"@type\":\"ReadAction\",\"target\":[\"https:\\\/\\\/www.immobilienbusiness.ch\\\/en\\\/personalia\\\/2024-10-17\\\/cargo-sous-terrain-mit-neuem-ceo\\\/\"]}]},{\"@type\":\"ImageObject\",\"inLanguage\":\"de\",\"@id\":\"https:\\\/\\\/www.immobilienbusiness.ch\\\/en\\\/personalia\\\/2024-10-17\\\/cargo-sous-terrain-mit-neuem-ceo\\\/#primaryimage\",\"url\":\"https:\\\/\\\/www.immobilienbusiness.ch\\\/wp-content\\\/uploads\\\/2024\\\/10\\\/Trends_Logistik_Nachricht_S_13_csm_Spaeth_Cargo_sous_terrain_ef3cc2de85-Kopie.jpg\",\"contentUrl\":\"https:\\\/\\\/www.immobilienbusiness.ch\\\/wp-content\\\/uploads\\\/2024\\\/10\\\/Trends_Logistik_Nachricht_S_13_csm_Spaeth_Cargo_sous_terrain_ef3cc2de85-Kopie.jpg\",\"width\":959,\"height\":540,\"caption\":\"Christian Sp\u00e4th (Bild: zVg)\"},{\"@type\":\"BreadcrumbList\",\"@id\":\"https:\\\/\\\/www.immobilienbusiness.ch\\\/en\\\/personalia\\\/2024-10-17\\\/cargo-sous-terrain-mit-neuem-ceo\\\/#breadcrumb\",\"itemListElement\":[{\"@type\":\"ListItem\",\"position\":1,\"name\":\"Home\",\"item\":\"https:\\\/\\\/www.immobilienbusiness.ch\\\/\"},{\"@type\":\"ListItem\",\"position\":2,\"name\":\"Cargo sous terrain mit neuem CEO\"}]},{\"@type\":\"WebSite\",\"@id\":\"https:\\\/\\\/www.immobilienbusiness.ch\\\/#website\",\"url\":\"https:\\\/\\\/www.immobilienbusiness.ch\\\/\",\"name\":\"IMMOBILIEN Business\",\"description\":\"Unabh\u00e4ngiges Schweizer Wirtschaftsmagazin mit Fokus auf Immobilien, Architektur- und Bau sowie Investment- und Finanzierung.\",\"publisher\":{\"@id\":\"https:\\\/\\\/www.immobilienbusiness.ch\\\/#organization\"},\"potentialAction\":[{\"@type\":\"SearchAction\",\"target\":{\"@type\":\"EntryPoint\",\"urlTemplate\":\"https:\\\/\\\/www.immobilienbusiness.ch\\\/?s={search_term_string}\"},\"query-input\":{\"@type\":\"PropertyValueSpecification\",\"valueRequired\":true,\"valueName\":\"search_term_string\"}}],\"inLanguage\":\"de\"},{\"@type\":\"Organization\",\"@id\":\"https:\\\/\\\/www.immobilienbusiness.ch\\\/#organization\",\"name\":\"IMMOBILIEN Business\",\"url\":\"https:\\\/\\\/www.immobilienbusiness.ch\\\/\",\"logo\":{\"@type\":\"ImageObject\",\"inLanguage\":\"de\",\"@id\":\"https:\\\/\\\/www.immobilienbusiness.ch\\\/#\\\/schema\\\/logo\\\/image\\\/\",\"url\":\"https:\\\/\\\/www.immobilienbusiness.ch\\\/wp-content\\\/uploads\\\/2021\\\/07\\\/logo_ib.png\",\"contentUrl\":\"https:\\\/\\\/www.immobilienbusiness.ch\\\/wp-content\\\/uploads\\\/2021\\\/07\\\/logo_ib.png\",\"width\":800,\"height\":181,\"caption\":\"IMMOBILIEN Business\"},\"image\":{\"@id\":\"https:\\\/\\\/www.immobilienbusiness.ch\\\/#\\\/schema\\\/logo\\\/image\\\/\"},\"sameAs\":[\"https:\\\/\\\/www.facebook.com\\\/immobilienbusiness\\\/\"]},{\"@type\":\"Person\",\"@id\":\"https:\\\/\\\/www.immobilienbusiness.ch\\\/#\\\/schema\\\/person\\\/aba8bea2db926aa0c24c08c43fe1fcd5\",\"name\":\"Alexander Wachter\",\"image\":{\"@type\":\"ImageObject\",\"inLanguage\":\"de\",\"@id\":\"https:\\\/\\\/secure.gravatar.com\\\/avatar\\\/1a09e471f5389b0e0a6416eac287e0927c7c97a7b77f9e787eba3af7aee281dd?s=96&d=mm&r=g\",\"url\":\"https:\\\/\\\/secure.gravatar.com\\\/avatar\\\/1a09e471f5389b0e0a6416eac287e0927c7c97a7b77f9e787eba3af7aee281dd?s=96&d=mm&r=g\",\"contentUrl\":\"https:\\\/\\\/secure.gravatar.com\\\/avatar\\\/1a09e471f5389b0e0a6416eac287e0927c7c97a7b77f9e787eba3af7aee281dd?s=96&d=mm&r=g\",\"caption\":\"Alexander Wachter\"},\"url\":\"https:\\\/\\\/www.immobilienbusiness.ch\\\/de\\\/author\\\/alexander-wachter\\\/\"}]}<\/script>\n<!-- \/ Yoast SEO plugin. -->","yoast_head_json":{"title":"Cargo sous terrain mit neuem CEO - IMMOBILIEN Business","description":"Das Logistiksystem wird seit Oktober von dem Infrastrukturmanager und Bauingenieur Christian Sp\u00e4th geleitet.","robots":{"index":"index","follow":"follow","max-snippet":"max-snippet:-1","max-image-preview":"max-image-preview:large","max-video-preview":"max-video-preview:-1"},"canonical":"https:\/\/www.immobilienbusiness.ch\/de\/personalia\/2024-10-17\/cargo-sous-terrain-mit-neuem-ceo\/","og_locale":"de_DE","og_type":"article","og_title":"Cargo sous terrain mit neuem CEO - IMMOBILIEN Business","og_description":"Das Logistiksystem wird seit Oktober von dem Infrastrukturmanager und Bauingenieur Christian Sp\u00e4th geleitet.","og_url":"https:\/\/www.immobilienbusiness.ch\/de\/personalia\/2024-10-17\/cargo-sous-terrain-mit-neuem-ceo\/","og_site_name":"IMMOBILIEN Business","article_publisher":"https:\/\/www.facebook.com\/immobilienbusiness\/","article_published_time":"2024-10-17T09:09:53+00:00","og_image":[{"width":959,"height":540,"url":"https:\/\/www.immobilienbusiness.ch\/wp-content\/uploads\/2024\/10\/Trends_Logistik_Nachricht_S_13_csm_Spaeth_Cargo_sous_terrain_ef3cc2de85-Kopie.jpg","type":"image\/jpeg"}],"author":"Alexander Wachter","twitter_card":"summary_large_image","schema":{"@context":"https:\/\/schema.org","@graph":[{"@type":"Article","@id":"https:\/\/www.immobilienbusiness.ch\/en\/personalia\/2024-10-17\/cargo-sous-terrain-mit-neuem-ceo\/#article","isPartOf":{"@id":"https:\/\/www.immobilienbusiness.ch\/en\/personalia\/2024-10-17\/cargo-sous-terrain-mit-neuem-ceo\/"},"author":{"name":"Alexander Wachter","@id":"https:\/\/www.immobilienbusiness.ch\/#\/schema\/person\/aba8bea2db926aa0c24c08c43fe1fcd5"},"headline":"Cargo sous terrain mit neuem CEO","datePublished":"2024-10-17T09:09:53+00:00","mainEntityOfPage":{"@id":"https:\/\/www.immobilienbusiness.ch\/en\/personalia\/2024-10-17\/cargo-sous-terrain-mit-neuem-ceo\/"},"wordCount":185,"publisher":{"@id":"https:\/\/www.immobilienbusiness.ch\/#organization"},"image":{"@id":"https:\/\/www.immobilienbusiness.ch\/en\/personalia\/2024-10-17\/cargo-sous-terrain-mit-neuem-ceo\/#primaryimage"},"thumbnailUrl":"https:\/\/www.immobilienbusiness.ch\/wp-content\/uploads\/2024\/10\/Trends_Logistik_Nachricht_S_13_csm_Spaeth_Cargo_sous_terrain_ef3cc2de85-Kopie.jpg","keywords":["Cargo Sous Terrain","Implenia","Logistik","Personalia"],"articleSection":["PERSONALIA"],"inLanguage":"de"},{"@type":"WebPage","@id":"https:\/\/www.immobilienbusiness.ch\/en\/personalia\/2024-10-17\/cargo-sous-terrain-mit-neuem-ceo\/","url":"https:\/\/www.immobilienbusiness.ch\/en\/personalia\/2024-10-17\/cargo-sous-terrain-mit-neuem-ceo\/","name":"Cargo sous terrain mit neuem CEO - IMMOBILIEN Business","isPartOf":{"@id":"https:\/\/www.immobilienbusiness.ch\/#website"},"primaryImageOfPage":{"@id":"https:\/\/www.immobilienbusiness.ch\/en\/personalia\/2024-10-17\/cargo-sous-terrain-mit-neuem-ceo\/#primaryimage"},"image":{"@id":"https:\/\/www.immobilienbusiness.ch\/en\/personalia\/2024-10-17\/cargo-sous-terrain-mit-neuem-ceo\/#primaryimage"},"thumbnailUrl":"https:\/\/www.immobilienbusiness.ch\/wp-content\/uploads\/2024\/10\/Trends_Logistik_Nachricht_S_13_csm_Spaeth_Cargo_sous_terrain_ef3cc2de85-Kopie.jpg","datePublished":"2024-10-17T09:09:53+00:00","description":"Das Logistiksystem wird seit Oktober von dem Infrastrukturmanager und Bauingenieur Christian Sp\u00e4th geleitet.","breadcrumb":{"@id":"https:\/\/www.immobilienbusiness.ch\/en\/personalia\/2024-10-17\/cargo-sous-terrain-mit-neuem-ceo\/#breadcrumb"},"inLanguage":"de","potentialAction":[{"@type":"ReadAction","target":["https:\/\/www.immobilienbusiness.ch\/en\/personalia\/2024-10-17\/cargo-sous-terrain-mit-neuem-ceo\/"]}]},{"@type":"ImageObject","inLanguage":"de","@id":"https:\/\/www.immobilienbusiness.ch\/en\/personalia\/2024-10-17\/cargo-sous-terrain-mit-neuem-ceo\/#primaryimage","url":"https:\/\/www.immobilienbusiness.ch\/wp-content\/uploads\/2024\/10\/Trends_Logistik_Nachricht_S_13_csm_Spaeth_Cargo_sous_terrain_ef3cc2de85-Kopie.jpg","contentUrl":"https:\/\/www.immobilienbusiness.ch\/wp-content\/uploads\/2024\/10\/Trends_Logistik_Nachricht_S_13_csm_Spaeth_Cargo_sous_terrain_ef3cc2de85-Kopie.jpg","width":959,"height":540,"caption":"Christian Sp\u00e4th (Bild: zVg)"},{"@type":"BreadcrumbList","@id":"https:\/\/www.immobilienbusiness.ch\/en\/personalia\/2024-10-17\/cargo-sous-terrain-mit-neuem-ceo\/#breadcrumb","itemListElement":[{"@type":"ListItem","position":1,"name":"Home","item":"https:\/\/www.immobilienbusiness.ch\/"},{"@type":"ListItem","position":2,"name":"Cargo sous terrain mit neuem CEO"}]},{"@type":"WebSite","@id":"https:\/\/www.immobilienbusiness.ch\/#website","url":"https:\/\/www.immobilienbusiness.ch\/","name":"IMMOBILIEN Business","description":"Unabh\u00e4ngiges Schweizer Wirtschaftsmagazin mit Fokus auf Immobilien, Architektur- und Bau sowie Investment- und Finanzierung.","publisher":{"@id":"https:\/\/www.immobilienbusiness.ch\/#organization"},"potentialAction":[{"@type":"SearchAction","target":{"@type":"EntryPoint","urlTemplate":"https:\/\/www.immobilienbusiness.ch\/?s={search_term_string}"},"query-input":{"@type":"PropertyValueSpecification","valueRequired":true,"valueName":"search_term_string"}}],"inLanguage":"de"},{"@type":"Organization","@id":"https:\/\/www.immobilienbusiness.ch\/#organization","name":"IMMOBILIEN Business","url":"https:\/\/www.immobilienbusiness.ch\/","logo":{"@type":"ImageObject","inLanguage":"de","@id":"https:\/\/www.immobilienbusiness.ch\/#\/schema\/logo\/image\/","url":"https:\/\/www.immobilienbusiness.ch\/wp-content\/uploads\/2021\/07\/logo_ib.png","contentUrl":"https:\/\/www.immobilienbusiness.ch\/wp-content\/uploads\/2021\/07\/logo_ib.png","width":800,"height":181,"caption":"IMMOBILIEN Business"},"image":{"@id":"https:\/\/www.immobilienbusiness.ch\/#\/schema\/logo\/image\/"},"sameAs":["https:\/\/www.facebook.com\/immobilienbusiness\/"]},{"@type":"Person","@id":"https:\/\/www.immobilienbusiness.ch\/#\/schema\/person\/aba8bea2db926aa0c24c08c43fe1fcd5","name":"Alexander Wachter","image":{"@type":"ImageObject","inLanguage":"de","@id":"https:\/\/secure.gravatar.com\/avatar\/1a09e471f5389b0e0a6416eac287e0927c7c97a7b77f9e787eba3af7aee281dd?s=96&d=mm&r=g","url":"https:\/\/secure.gravatar.com\/avatar\/1a09e471f5389b0e0a6416eac287e0927c7c97a7b77f9e787eba3af7aee281dd?s=96&d=mm&r=g","contentUrl":"https:\/\/secure.gravatar.com\/avatar\/1a09e471f5389b0e0a6416eac287e0927c7c97a7b77f9e787eba3af7aee281dd?s=96&d=mm&r=g","caption":"Alexander Wachter"},"url":"https:\/\/www.immobilienbusiness.ch\/de\/author\/alexander-wachter\/"}]}},"_links":{"self":[{"href":"https:\/\/www.immobilienbusiness.ch\/de\/wp-json\/wp\/v2\/posts\/61093","targetHints":{"allow":["GET"]}}],"collection":[{"href":"https:\/\/www.immobilienbusiness.ch\/de\/wp-json\/wp\/v2\/posts"}],"about":[{"href":"https:\/\/www.immobilienbusiness.ch\/de\/wp-json\/wp\/v2\/types\/post"}],"author":[{"embeddable":true,"href":"https:\/\/www.immobilienbusiness.ch\/de\/wp-json\/wp\/v2\/users\/102"}],"replies":[{"embeddable":true,"href":"https:\/\/www.immobilienbusiness.ch\/de\/wp-json\/wp\/v2\/comments?post=61093"}],"version-history":[{"count":1,"href":"https:\/\/www.immobilienbusiness.ch\/de\/wp-json\/wp\/v2\/posts\/61093\/revisions"}],"predecessor-version":[{"id":61095,"href":"https:\/\/www.immobilienbusiness.ch\/de\/wp-json\/wp\/v2\/posts\/61093\/revisions\/61095"}],"wp:featuredmedia":[{"embeddable":true,"href":"https:\/\/www.immobilienbusiness.ch\/de\/wp-json\/wp\/v2\/media\/61094"}],"wp:attachment":[{"href":"https:\/\/www.immobilienbusiness.ch\/de\/wp-json\/wp\/v2\/media?parent=61093"}],"wp:term":[{"taxonomy":"category","embeddable":true,"href":"https:\/\/www.immobilienbusiness.ch\/de\/wp-json\/wp\/v2\/categories?post=61093"},{"taxonomy":"post_tag","embeddable":true,"href":"https:\/\/www.immobilienbusiness.ch\/de\/wp-json\/wp\/v2\/tags?post=61093"}],"curies":[{"name":"wp","href":"https:\/\/api.w.org\/{rel}","templated":true}]}}