{"id":60835,"date":"2024-09-26T07:45:45","date_gmt":"2024-09-26T05:45:45","guid":{"rendered":"https:\/\/www.immobilienbusiness.ch\/?p=60835"},"modified":"2024-09-26T09:53:55","modified_gmt":"2024-09-26T07:53:55","slug":"zuerich-zukunft-von-gastro-grossflaeche-an-europaallee-geklaert","status":"publish","type":"post","link":"https:\/\/www.immobilienbusiness.ch\/de\/regionen\/2024-09-26\/zuerich-zukunft-von-gastro-grossflaeche-an-europaallee-geklaert\/","title":{"rendered":"Z\u00fcrich: Zukunft von Gastro-Grossfl\u00e4che an Europaallee gekl\u00e4rt"},"content":{"rendered":"<figure id=\"attachment_57704\" aria-describedby=\"caption-attachment-57704\" style=\"width: 900px\" class=\"wp-caption alignnone\"><a href=\"https:\/\/www.immobilienbusiness.ch\/wp-content\/uploads\/2024\/06\/Bridge-Europaallee-scaled.jpg\"><img loading=\"lazy\" decoding=\"async\" class=\"size-full wp-image-57704\" src=\"https:\/\/www.immobilienbusiness.ch\/wp-content\/uploads\/2024\/06\/Bridge-Europaallee-scaled.jpg\" alt=\"Migros Bridge Z\u00fcrich Europaviertel\" width=\"900\" height=\"1200\" srcset=\"https:\/\/www.immobilienbusiness.ch\/wp-content\/uploads\/2024\/06\/Bridge-Europaallee-scaled.jpg 900w, https:\/\/www.immobilienbusiness.ch\/wp-content\/uploads\/2024\/06\/Bridge-Europaallee-225x300.jpg 225w, https:\/\/www.immobilienbusiness.ch\/wp-content\/uploads\/2024\/06\/Bridge-Europaallee-768x1024.jpg 768w, https:\/\/www.immobilienbusiness.ch\/wp-content\/uploads\/2024\/06\/Bridge-Europaallee-1152x1536.jpg 1152w, https:\/\/www.immobilienbusiness.ch\/wp-content\/uploads\/2024\/06\/Bridge-Europaallee-9x12.jpg 9w, https:\/\/www.immobilienbusiness.ch\/wp-content\/uploads\/2024\/06\/Bridge-Europaallee-263x350.jpg 263w, https:\/\/www.immobilienbusiness.ch\/wp-content\/uploads\/2024\/06\/Bridge-Europaallee-600x800.jpg 600w\" sizes=\"auto, (max-width: 900px) 100vw, 900px\" \/><\/a><figcaption id=\"caption-attachment-57704\" class=\"wp-caption-text\">Eingang zum \u00abBridge\u00bb an der Europaallee (Bild: IB)<\/figcaption><\/figure>\n<p>Per 1. Januar \u00fcbernimmt die Pons Culinaris AG das Gastronomie- und Foodretail-konzept \u00abBridge\u00bb von der Genossenschaft Migros Z\u00fcrich. Am Angebotskonzept und Standort an der Europaallee werde festgehalten, teilt Migros in einer Pressemitteilung mit. Hinter Pons Culinaris stehe ein Zusammenschluss von Z\u00fcrcher Gastronomieunternehmern und Food-H\u00e4ndlern. Mit Angeboten wie beispielsweise Pasta Mercato seien die Akteure bereits heute am Standort pr\u00e4sent und auch an anderen Stellen in Z\u00fcrich, wie u.a. bei Lily\u2019s im L\u00f6wenbr\u00e4u-Areal und dem Restaurant Markthalle im Viadukt aktiv.<\/p>\n<p>Das bestehende Konzept von \u00abBridge\u00bb an der Europaallee werde \u00abweiterentwickelt\u00bb, wie es heisst. Die Migros Z\u00fcrich er\u00f6ffnete Bridge im April 2021. Das Problem offenbar: Der Einzelhandelsbereich von Bridge blieb unter den Erwartungen, w\u00e4hrend das Gastronomieangebot stetig beliebter geworden sei. \u00abAngesichts der Entwicklung in Richtung Gastronomie hat sich die Migros Z\u00fcrich dazu entschieden, den beliebten Treffpunkt an der Europaallee in neue H\u00e4nde zu \u00fcbergeben.\u00bb<\/p>\n<p>\u00dcber die Zukunft der 2.000 qm grossen Fl\u00e4che gleich am Hauptbahnhof hatte es schon seit einiger Zeit Spekulationen gegeben. Auf Anfrage wollte sich die Migros bisher nicht eindeutig zur Weiterf\u00fchrung des Konzepts bekennen <a href=\"https:\/\/www.immobilienbusiness.ch\/retail\/2024-06-27\/zuerich-grosse-fragezeichen-hinter-migros-format-bridge-an-europaallee\/\" target=\"_blank\" rel=\"noopener\">(IB berichtete)<\/a>. <em>(aw)<\/em><\/p>\n<p>&nbsp;<\/p>\n","protected":false},"excerpt":{"rendered":"<p>Nun also doch: Die Migros gibt ihr 2.000 qm grosses Prestigeprojekt \u00abBridge\u00bb in prominenter Z\u00fcrcher Lage auf. Der Retail-Bereich blieb unter den Erwartungen.<\/p>\n","protected":false},"author":102,"featured_media":57704,"comment_status":"closed","ping_status":"closed","sticky":false,"template":"","format":"standard","meta":{"_acf_changed":false,"_yoast_wpseo_focuskw":"Z\u00fcrich","_yoast_wpseo_title":"","_yoast_wpseo_metadesc":"Nun also doch: Die Migros gibt ihr 2.000 qm grosses Prestigeprojekt \u00abBridge\u00bb in prominenter Z\u00fcrcher Lage auf. Es wird wohl zu einem reinen Gastronomiekonzept.","_yoast_wpseo_linkdex":55,"pgc_sgb_lightbox_settings":"","footnotes":""},"categories":[985],"tags":[1254,1493,1643,1888],"class_list":["post-60835","post","type-post","status-publish","format-standard","has-post-thumbnail","hentry","category-regionen","tag-gastronomie","tag-migros","tag-retail","tag-zuerich"],"acf":[],"yoast_head":"<!-- This site is optimized with the Yoast SEO plugin v27.4 - https:\/\/yoast.com\/product\/yoast-seo-wordpress\/ -->\n<title>Z\u00fcrich: Zukunft von Gastro-Grossfl\u00e4che an Europaallee gekl\u00e4rt - IMMOBILIEN Business<\/title>\n<meta name=\"description\" content=\"Nun also doch: Die Migros gibt ihr 2.000 qm grosses Prestigeprojekt \u00abBridge\u00bb in prominenter Z\u00fcrcher Lage auf. Es wird wohl zu einem reinen Gastronomiekonzept.\" \/>\n<meta name=\"robots\" content=\"index, follow, max-snippet:-1, max-image-preview:large, max-video-preview:-1\" \/>\n<link rel=\"canonical\" href=\"https:\/\/www.immobilienbusiness.ch\/de\/regionen\/2024-09-26\/zuerich-zukunft-von-gastro-grossflaeche-an-europaallee-geklaert\/\" \/>\n<meta property=\"og:locale\" content=\"de_DE\" \/>\n<meta property=\"og:type\" content=\"article\" \/>\n<meta property=\"og:title\" content=\"Z\u00fcrich: Zukunft von Gastro-Grossfl\u00e4che an Europaallee gekl\u00e4rt - IMMOBILIEN Business\" \/>\n<meta property=\"og:description\" content=\"Nun also doch: Die Migros gibt ihr 2.000 qm grosses Prestigeprojekt \u00abBridge\u00bb in prominenter Z\u00fcrcher Lage auf. Es wird wohl zu einem reinen Gastronomiekonzept.\" \/>\n<meta property=\"og:url\" content=\"https:\/\/www.immobilienbusiness.ch\/de\/regionen\/2024-09-26\/zuerich-zukunft-von-gastro-grossflaeche-an-europaallee-geklaert\/\" \/>\n<meta property=\"og:site_name\" content=\"IMMOBILIEN Business\" \/>\n<meta property=\"article:publisher\" content=\"https:\/\/www.facebook.com\/immobilienbusiness\/\" \/>\n<meta property=\"article:published_time\" content=\"2024-09-26T05:45:45+00:00\" \/>\n<meta property=\"article:modified_time\" content=\"2024-09-26T07:53:55+00:00\" \/>\n<meta property=\"og:image\" content=\"https:\/\/www.immobilienbusiness.ch\/wp-content\/uploads\/2024\/06\/Bridge-Europaallee-scaled.jpg\" \/>\n\t<meta property=\"og:image:width\" content=\"900\" \/>\n\t<meta property=\"og:image:height\" content=\"1200\" \/>\n\t<meta property=\"og:image:type\" content=\"image\/jpeg\" \/>\n<meta name=\"author\" content=\"Alexander Wachter\" \/>\n<meta name=\"twitter:card\" content=\"summary_large_image\" \/>\n<script type=\"application\/ld+json\" class=\"yoast-schema-graph\">{\"@context\":\"https:\\\/\\\/schema.org\",\"@graph\":[{\"@type\":\"Article\",\"@id\":\"https:\\\/\\\/www.immobilienbusiness.ch\\\/en\\\/regionen\\\/2024-09-26\\\/zuerich-zukunft-von-gastro-grossflaeche-an-europaallee-geklaert\\\/#article\",\"isPartOf\":{\"@id\":\"https:\\\/\\\/www.immobilienbusiness.ch\\\/en\\\/regionen\\\/2024-09-26\\\/zuerich-zukunft-von-gastro-grossflaeche-an-europaallee-geklaert\\\/\"},\"author\":{\"name\":\"Alexander Wachter\",\"@id\":\"https:\\\/\\\/www.immobilienbusiness.ch\\\/#\\\/schema\\\/person\\\/aba8bea2db926aa0c24c08c43fe1fcd5\"},\"headline\":\"Z\u00fcrich: Zukunft von Gastro-Grossfl\u00e4che an Europaallee gekl\u00e4rt\",\"datePublished\":\"2024-09-26T05:45:45+00:00\",\"dateModified\":\"2024-09-26T07:53:55+00:00\",\"mainEntityOfPage\":{\"@id\":\"https:\\\/\\\/www.immobilienbusiness.ch\\\/en\\\/regionen\\\/2024-09-26\\\/zuerich-zukunft-von-gastro-grossflaeche-an-europaallee-geklaert\\\/\"},\"wordCount\":216,\"publisher\":{\"@id\":\"https:\\\/\\\/www.immobilienbusiness.ch\\\/#organization\"},\"image\":{\"@id\":\"https:\\\/\\\/www.immobilienbusiness.ch\\\/en\\\/regionen\\\/2024-09-26\\\/zuerich-zukunft-von-gastro-grossflaeche-an-europaallee-geklaert\\\/#primaryimage\"},\"thumbnailUrl\":\"https:\\\/\\\/www.immobilienbusiness.ch\\\/wp-content\\\/uploads\\\/2024\\\/06\\\/Bridge-Europaallee-scaled.jpg\",\"keywords\":[\"Gastronomie\",\"Migros\",\"Retail\",\"Z\u00fcrich\"],\"articleSection\":[\"REGIONEN\"],\"inLanguage\":\"de\"},{\"@type\":\"WebPage\",\"@id\":\"https:\\\/\\\/www.immobilienbusiness.ch\\\/en\\\/regionen\\\/2024-09-26\\\/zuerich-zukunft-von-gastro-grossflaeche-an-europaallee-geklaert\\\/\",\"url\":\"https:\\\/\\\/www.immobilienbusiness.ch\\\/en\\\/regionen\\\/2024-09-26\\\/zuerich-zukunft-von-gastro-grossflaeche-an-europaallee-geklaert\\\/\",\"name\":\"Z\u00fcrich: Zukunft von Gastro-Grossfl\u00e4che an Europaallee gekl\u00e4rt - IMMOBILIEN Business\",\"isPartOf\":{\"@id\":\"https:\\\/\\\/www.immobilienbusiness.ch\\\/#website\"},\"primaryImageOfPage\":{\"@id\":\"https:\\\/\\\/www.immobilienbusiness.ch\\\/en\\\/regionen\\\/2024-09-26\\\/zuerich-zukunft-von-gastro-grossflaeche-an-europaallee-geklaert\\\/#primaryimage\"},\"image\":{\"@id\":\"https:\\\/\\\/www.immobilienbusiness.ch\\\/en\\\/regionen\\\/2024-09-26\\\/zuerich-zukunft-von-gastro-grossflaeche-an-europaallee-geklaert\\\/#primaryimage\"},\"thumbnailUrl\":\"https:\\\/\\\/www.immobilienbusiness.ch\\\/wp-content\\\/uploads\\\/2024\\\/06\\\/Bridge-Europaallee-scaled.jpg\",\"datePublished\":\"2024-09-26T05:45:45+00:00\",\"dateModified\":\"2024-09-26T07:53:55+00:00\",\"description\":\"Nun also doch: Die Migros gibt ihr 2.000 qm grosses Prestigeprojekt \u00abBridge\u00bb in prominenter Z\u00fcrcher Lage auf. Es wird wohl zu einem reinen Gastronomiekonzept.\",\"breadcrumb\":{\"@id\":\"https:\\\/\\\/www.immobilienbusiness.ch\\\/en\\\/regionen\\\/2024-09-26\\\/zuerich-zukunft-von-gastro-grossflaeche-an-europaallee-geklaert\\\/#breadcrumb\"},\"inLanguage\":\"de\",\"potentialAction\":[{\"@type\":\"ReadAction\",\"target\":[\"https:\\\/\\\/www.immobilienbusiness.ch\\\/en\\\/regionen\\\/2024-09-26\\\/zuerich-zukunft-von-gastro-grossflaeche-an-europaallee-geklaert\\\/\"]}]},{\"@type\":\"ImageObject\",\"inLanguage\":\"de\",\"@id\":\"https:\\\/\\\/www.immobilienbusiness.ch\\\/en\\\/regionen\\\/2024-09-26\\\/zuerich-zukunft-von-gastro-grossflaeche-an-europaallee-geklaert\\\/#primaryimage\",\"url\":\"https:\\\/\\\/www.immobilienbusiness.ch\\\/wp-content\\\/uploads\\\/2024\\\/06\\\/Bridge-Europaallee-scaled.jpg\",\"contentUrl\":\"https:\\\/\\\/www.immobilienbusiness.ch\\\/wp-content\\\/uploads\\\/2024\\\/06\\\/Bridge-Europaallee-scaled.jpg\",\"width\":900,\"height\":1200,\"caption\":\"Eingang zum \u00abBridge\u00bb an der Europaallee (Bild: IB)\"},{\"@type\":\"BreadcrumbList\",\"@id\":\"https:\\\/\\\/www.immobilienbusiness.ch\\\/en\\\/regionen\\\/2024-09-26\\\/zuerich-zukunft-von-gastro-grossflaeche-an-europaallee-geklaert\\\/#breadcrumb\",\"itemListElement\":[{\"@type\":\"ListItem\",\"position\":1,\"name\":\"Home\",\"item\":\"https:\\\/\\\/www.immobilienbusiness.ch\\\/\"},{\"@type\":\"ListItem\",\"position\":2,\"name\":\"Z\u00fcrich: Zukunft von Gastro-Grossfl\u00e4che an Europaallee gekl\u00e4rt\"}]},{\"@type\":\"WebSite\",\"@id\":\"https:\\\/\\\/www.immobilienbusiness.ch\\\/#website\",\"url\":\"https:\\\/\\\/www.immobilienbusiness.ch\\\/\",\"name\":\"IMMOBILIEN Business\",\"description\":\"Unabh\u00e4ngiges Schweizer Wirtschaftsmagazin mit Fokus auf Immobilien, Architektur- und Bau sowie Investment- und Finanzierung.\",\"publisher\":{\"@id\":\"https:\\\/\\\/www.immobilienbusiness.ch\\\/#organization\"},\"potentialAction\":[{\"@type\":\"SearchAction\",\"target\":{\"@type\":\"EntryPoint\",\"urlTemplate\":\"https:\\\/\\\/www.immobilienbusiness.ch\\\/?s={search_term_string}\"},\"query-input\":{\"@type\":\"PropertyValueSpecification\",\"valueRequired\":true,\"valueName\":\"search_term_string\"}}],\"inLanguage\":\"de\"},{\"@type\":\"Organization\",\"@id\":\"https:\\\/\\\/www.immobilienbusiness.ch\\\/#organization\",\"name\":\"IMMOBILIEN Business\",\"url\":\"https:\\\/\\\/www.immobilienbusiness.ch\\\/\",\"logo\":{\"@type\":\"ImageObject\",\"inLanguage\":\"de\",\"@id\":\"https:\\\/\\\/www.immobilienbusiness.ch\\\/#\\\/schema\\\/logo\\\/image\\\/\",\"url\":\"https:\\\/\\\/www.immobilienbusiness.ch\\\/wp-content\\\/uploads\\\/2021\\\/07\\\/logo_ib.png\",\"contentUrl\":\"https:\\\/\\\/www.immobilienbusiness.ch\\\/wp-content\\\/uploads\\\/2021\\\/07\\\/logo_ib.png\",\"width\":800,\"height\":181,\"caption\":\"IMMOBILIEN Business\"},\"image\":{\"@id\":\"https:\\\/\\\/www.immobilienbusiness.ch\\\/#\\\/schema\\\/logo\\\/image\\\/\"},\"sameAs\":[\"https:\\\/\\\/www.facebook.com\\\/immobilienbusiness\\\/\"]},{\"@type\":\"Person\",\"@id\":\"https:\\\/\\\/www.immobilienbusiness.ch\\\/#\\\/schema\\\/person\\\/aba8bea2db926aa0c24c08c43fe1fcd5\",\"name\":\"Alexander Wachter\",\"image\":{\"@type\":\"ImageObject\",\"inLanguage\":\"de\",\"@id\":\"https:\\\/\\\/secure.gravatar.com\\\/avatar\\\/1a09e471f5389b0e0a6416eac287e0927c7c97a7b77f9e787eba3af7aee281dd?s=96&d=mm&r=g\",\"url\":\"https:\\\/\\\/secure.gravatar.com\\\/avatar\\\/1a09e471f5389b0e0a6416eac287e0927c7c97a7b77f9e787eba3af7aee281dd?s=96&d=mm&r=g\",\"contentUrl\":\"https:\\\/\\\/secure.gravatar.com\\\/avatar\\\/1a09e471f5389b0e0a6416eac287e0927c7c97a7b77f9e787eba3af7aee281dd?s=96&d=mm&r=g\",\"caption\":\"Alexander Wachter\"},\"url\":\"https:\\\/\\\/www.immobilienbusiness.ch\\\/de\\\/author\\\/alexander-wachter\\\/\"}]}<\/script>\n<!-- \/ Yoast SEO plugin. -->","yoast_head_json":{"title":"Z\u00fcrich: Zukunft von Gastro-Grossfl\u00e4che an Europaallee gekl\u00e4rt - IMMOBILIEN Business","description":"Nun also doch: Die Migros gibt ihr 2.000 qm grosses Prestigeprojekt \u00abBridge\u00bb in prominenter Z\u00fcrcher Lage auf. Es wird wohl zu einem reinen Gastronomiekonzept.","robots":{"index":"index","follow":"follow","max-snippet":"max-snippet:-1","max-image-preview":"max-image-preview:large","max-video-preview":"max-video-preview:-1"},"canonical":"https:\/\/www.immobilienbusiness.ch\/de\/regionen\/2024-09-26\/zuerich-zukunft-von-gastro-grossflaeche-an-europaallee-geklaert\/","og_locale":"de_DE","og_type":"article","og_title":"Z\u00fcrich: Zukunft von Gastro-Grossfl\u00e4che an Europaallee gekl\u00e4rt - IMMOBILIEN Business","og_description":"Nun also doch: Die Migros gibt ihr 2.000 qm grosses Prestigeprojekt \u00abBridge\u00bb in prominenter Z\u00fcrcher Lage auf. Es wird wohl zu einem reinen Gastronomiekonzept.","og_url":"https:\/\/www.immobilienbusiness.ch\/de\/regionen\/2024-09-26\/zuerich-zukunft-von-gastro-grossflaeche-an-europaallee-geklaert\/","og_site_name":"IMMOBILIEN Business","article_publisher":"https:\/\/www.facebook.com\/immobilienbusiness\/","article_published_time":"2024-09-26T05:45:45+00:00","article_modified_time":"2024-09-26T07:53:55+00:00","og_image":[{"width":900,"height":1200,"url":"https:\/\/www.immobilienbusiness.ch\/wp-content\/uploads\/2024\/06\/Bridge-Europaallee-scaled.jpg","type":"image\/jpeg"}],"author":"Alexander Wachter","twitter_card":"summary_large_image","schema":{"@context":"https:\/\/schema.org","@graph":[{"@type":"Article","@id":"https:\/\/www.immobilienbusiness.ch\/en\/regionen\/2024-09-26\/zuerich-zukunft-von-gastro-grossflaeche-an-europaallee-geklaert\/#article","isPartOf":{"@id":"https:\/\/www.immobilienbusiness.ch\/en\/regionen\/2024-09-26\/zuerich-zukunft-von-gastro-grossflaeche-an-europaallee-geklaert\/"},"author":{"name":"Alexander Wachter","@id":"https:\/\/www.immobilienbusiness.ch\/#\/schema\/person\/aba8bea2db926aa0c24c08c43fe1fcd5"},"headline":"Z\u00fcrich: Zukunft von Gastro-Grossfl\u00e4che an Europaallee gekl\u00e4rt","datePublished":"2024-09-26T05:45:45+00:00","dateModified":"2024-09-26T07:53:55+00:00","mainEntityOfPage":{"@id":"https:\/\/www.immobilienbusiness.ch\/en\/regionen\/2024-09-26\/zuerich-zukunft-von-gastro-grossflaeche-an-europaallee-geklaert\/"},"wordCount":216,"publisher":{"@id":"https:\/\/www.immobilienbusiness.ch\/#organization"},"image":{"@id":"https:\/\/www.immobilienbusiness.ch\/en\/regionen\/2024-09-26\/zuerich-zukunft-von-gastro-grossflaeche-an-europaallee-geklaert\/#primaryimage"},"thumbnailUrl":"https:\/\/www.immobilienbusiness.ch\/wp-content\/uploads\/2024\/06\/Bridge-Europaallee-scaled.jpg","keywords":["Gastronomie","Migros","Retail","Z\u00fcrich"],"articleSection":["REGIONEN"],"inLanguage":"de"},{"@type":"WebPage","@id":"https:\/\/www.immobilienbusiness.ch\/en\/regionen\/2024-09-26\/zuerich-zukunft-von-gastro-grossflaeche-an-europaallee-geklaert\/","url":"https:\/\/www.immobilienbusiness.ch\/en\/regionen\/2024-09-26\/zuerich-zukunft-von-gastro-grossflaeche-an-europaallee-geklaert\/","name":"Z\u00fcrich: Zukunft von Gastro-Grossfl\u00e4che an Europaallee gekl\u00e4rt - IMMOBILIEN Business","isPartOf":{"@id":"https:\/\/www.immobilienbusiness.ch\/#website"},"primaryImageOfPage":{"@id":"https:\/\/www.immobilienbusiness.ch\/en\/regionen\/2024-09-26\/zuerich-zukunft-von-gastro-grossflaeche-an-europaallee-geklaert\/#primaryimage"},"image":{"@id":"https:\/\/www.immobilienbusiness.ch\/en\/regionen\/2024-09-26\/zuerich-zukunft-von-gastro-grossflaeche-an-europaallee-geklaert\/#primaryimage"},"thumbnailUrl":"https:\/\/www.immobilienbusiness.ch\/wp-content\/uploads\/2024\/06\/Bridge-Europaallee-scaled.jpg","datePublished":"2024-09-26T05:45:45+00:00","dateModified":"2024-09-26T07:53:55+00:00","description":"Nun also doch: Die Migros gibt ihr 2.000 qm grosses Prestigeprojekt \u00abBridge\u00bb in prominenter Z\u00fcrcher Lage auf. Es wird wohl zu einem reinen Gastronomiekonzept.","breadcrumb":{"@id":"https:\/\/www.immobilienbusiness.ch\/en\/regionen\/2024-09-26\/zuerich-zukunft-von-gastro-grossflaeche-an-europaallee-geklaert\/#breadcrumb"},"inLanguage":"de","potentialAction":[{"@type":"ReadAction","target":["https:\/\/www.immobilienbusiness.ch\/en\/regionen\/2024-09-26\/zuerich-zukunft-von-gastro-grossflaeche-an-europaallee-geklaert\/"]}]},{"@type":"ImageObject","inLanguage":"de","@id":"https:\/\/www.immobilienbusiness.ch\/en\/regionen\/2024-09-26\/zuerich-zukunft-von-gastro-grossflaeche-an-europaallee-geklaert\/#primaryimage","url":"https:\/\/www.immobilienbusiness.ch\/wp-content\/uploads\/2024\/06\/Bridge-Europaallee-scaled.jpg","contentUrl":"https:\/\/www.immobilienbusiness.ch\/wp-content\/uploads\/2024\/06\/Bridge-Europaallee-scaled.jpg","width":900,"height":1200,"caption":"Eingang zum \u00abBridge\u00bb an der Europaallee (Bild: IB)"},{"@type":"BreadcrumbList","@id":"https:\/\/www.immobilienbusiness.ch\/en\/regionen\/2024-09-26\/zuerich-zukunft-von-gastro-grossflaeche-an-europaallee-geklaert\/#breadcrumb","itemListElement":[{"@type":"ListItem","position":1,"name":"Home","item":"https:\/\/www.immobilienbusiness.ch\/"},{"@type":"ListItem","position":2,"name":"Z\u00fcrich: Zukunft von Gastro-Grossfl\u00e4che an Europaallee gekl\u00e4rt"}]},{"@type":"WebSite","@id":"https:\/\/www.immobilienbusiness.ch\/#website","url":"https:\/\/www.immobilienbusiness.ch\/","name":"IMMOBILIEN Business","description":"Unabh\u00e4ngiges Schweizer Wirtschaftsmagazin mit Fokus auf Immobilien, Architektur- und Bau sowie Investment- und Finanzierung.","publisher":{"@id":"https:\/\/www.immobilienbusiness.ch\/#organization"},"potentialAction":[{"@type":"SearchAction","target":{"@type":"EntryPoint","urlTemplate":"https:\/\/www.immobilienbusiness.ch\/?s={search_term_string}"},"query-input":{"@type":"PropertyValueSpecification","valueRequired":true,"valueName":"search_term_string"}}],"inLanguage":"de"},{"@type":"Organization","@id":"https:\/\/www.immobilienbusiness.ch\/#organization","name":"IMMOBILIEN Business","url":"https:\/\/www.immobilienbusiness.ch\/","logo":{"@type":"ImageObject","inLanguage":"de","@id":"https:\/\/www.immobilienbusiness.ch\/#\/schema\/logo\/image\/","url":"https:\/\/www.immobilienbusiness.ch\/wp-content\/uploads\/2021\/07\/logo_ib.png","contentUrl":"https:\/\/www.immobilienbusiness.ch\/wp-content\/uploads\/2021\/07\/logo_ib.png","width":800,"height":181,"caption":"IMMOBILIEN Business"},"image":{"@id":"https:\/\/www.immobilienbusiness.ch\/#\/schema\/logo\/image\/"},"sameAs":["https:\/\/www.facebook.com\/immobilienbusiness\/"]},{"@type":"Person","@id":"https:\/\/www.immobilienbusiness.ch\/#\/schema\/person\/aba8bea2db926aa0c24c08c43fe1fcd5","name":"Alexander Wachter","image":{"@type":"ImageObject","inLanguage":"de","@id":"https:\/\/secure.gravatar.com\/avatar\/1a09e471f5389b0e0a6416eac287e0927c7c97a7b77f9e787eba3af7aee281dd?s=96&d=mm&r=g","url":"https:\/\/secure.gravatar.com\/avatar\/1a09e471f5389b0e0a6416eac287e0927c7c97a7b77f9e787eba3af7aee281dd?s=96&d=mm&r=g","contentUrl":"https:\/\/secure.gravatar.com\/avatar\/1a09e471f5389b0e0a6416eac287e0927c7c97a7b77f9e787eba3af7aee281dd?s=96&d=mm&r=g","caption":"Alexander Wachter"},"url":"https:\/\/www.immobilienbusiness.ch\/de\/author\/alexander-wachter\/"}]}},"_links":{"self":[{"href":"https:\/\/www.immobilienbusiness.ch\/de\/wp-json\/wp\/v2\/posts\/60835","targetHints":{"allow":["GET"]}}],"collection":[{"href":"https:\/\/www.immobilienbusiness.ch\/de\/wp-json\/wp\/v2\/posts"}],"about":[{"href":"https:\/\/www.immobilienbusiness.ch\/de\/wp-json\/wp\/v2\/types\/post"}],"author":[{"embeddable":true,"href":"https:\/\/www.immobilienbusiness.ch\/de\/wp-json\/wp\/v2\/users\/102"}],"replies":[{"embeddable":true,"href":"https:\/\/www.immobilienbusiness.ch\/de\/wp-json\/wp\/v2\/comments?post=60835"}],"version-history":[{"count":3,"href":"https:\/\/www.immobilienbusiness.ch\/de\/wp-json\/wp\/v2\/posts\/60835\/revisions"}],"predecessor-version":[{"id":60840,"href":"https:\/\/www.immobilienbusiness.ch\/de\/wp-json\/wp\/v2\/posts\/60835\/revisions\/60840"}],"wp:featuredmedia":[{"embeddable":true,"href":"https:\/\/www.immobilienbusiness.ch\/de\/wp-json\/wp\/v2\/media\/57704"}],"wp:attachment":[{"href":"https:\/\/www.immobilienbusiness.ch\/de\/wp-json\/wp\/v2\/media?parent=60835"}],"wp:term":[{"taxonomy":"category","embeddable":true,"href":"https:\/\/www.immobilienbusiness.ch\/de\/wp-json\/wp\/v2\/categories?post=60835"},{"taxonomy":"post_tag","embeddable":true,"href":"https:\/\/www.immobilienbusiness.ch\/de\/wp-json\/wp\/v2\/tags?post=60835"}],"curies":[{"name":"wp","href":"https:\/\/api.w.org\/{rel}","templated":true}]}}