{"id":6076,"date":"2017-01-31T09:01:54","date_gmt":"2017-01-31T08:01:54","guid":{"rendered":"https:\/\/www.immobilienbusiness.ch\/?p=6076"},"modified":"2017-01-31T09:01:54","modified_gmt":"2017-01-31T08:01:54","slug":"bundesrat-lehnt-initiative-fuer-bezahlbare-wohnungen-ab","status":"publish","type":"post","link":"https:\/\/www.immobilienbusiness.ch\/de\/residential\/2017-01-31\/bundesrat-lehnt-initiative-fuer-bezahlbare-wohnungen-ab\/","title":{"rendered":"Bundesrat lehnt Initiative f\u00fcr bezahlbaren Wohnraum ab"},"content":{"rendered":"<p>&nbsp;<\/p>\n<figure id=\"attachment_6077\" aria-describedby=\"caption-attachment-6077\" style=\"width: 680px\" class=\"wp-caption alignnone\"><img loading=\"lazy\" decoding=\"async\" class=\"size-medium wp-image-6077\" src=\"https:\/\/www.immobilienbusiness.ch\/wp-content\/uploads\/2017\/01\/windows-1076116_1280.jpg\" alt=\"\" width=\"680\" height=\"622\" srcset=\"https:\/\/www.immobilienbusiness.ch\/wp-content\/uploads\/2017\/01\/windows-1076116_1280.jpg 1280w, https:\/\/www.immobilienbusiness.ch\/wp-content\/uploads\/2017\/01\/windows-1076116_1280-300x274.jpg 300w, https:\/\/www.immobilienbusiness.ch\/wp-content\/uploads\/2017\/01\/windows-1076116_1280-1024x937.jpg 1024w, https:\/\/www.immobilienbusiness.ch\/wp-content\/uploads\/2017\/01\/windows-1076116_1280-768x703.jpg 768w, https:\/\/www.immobilienbusiness.ch\/wp-content\/uploads\/2017\/01\/windows-1076116_1280-13x12.jpg 13w, https:\/\/www.immobilienbusiness.ch\/wp-content\/uploads\/2017\/01\/windows-1076116_1280-191x175.jpg 191w, https:\/\/www.immobilienbusiness.ch\/wp-content\/uploads\/2017\/01\/windows-1076116_1280-383x350.jpg 383w, https:\/\/www.immobilienbusiness.ch\/wp-content\/uploads\/2017\/01\/windows-1076116_1280-874x800.jpg 874w, https:\/\/www.immobilienbusiness.ch\/wp-content\/uploads\/2017\/01\/windows-1076116_1280-920x842.jpg 920w\" sizes=\"auto, (max-width: 680px) 100vw, 680px\" \/><figcaption id=\"caption-attachment-6077\" class=\"wp-caption-text\">Der Bundesrat lehnt die Volksinitiative f\u00fcr bezahlbaren Wohnraum ab (Foto: Pixabay)<\/figcaption><\/figure>\n<p>Die Volksinitiative \u00abMehr bezahlbare Wohnungen\u00bb wurde am 18. Oktober 2016 eingereicht und fordert Erg\u00e4nzungen der Bundesverfassung. <a href=\"https:\/\/www.immobilienbusiness.ch\/wohnen-volksinitiative-fuer-bezahlbare-wohnungen\/\">Ziel ist, das Angebot an preisg\u00fcnstigen Wohnungen auszuweiten.<\/a>\u00a0Die Wohninitiative, welche von Wohnbaugenossenschaften Schweiz, Schweizerischem Gewerkschaftsbund, SP und Gr\u00fcnen mitlanciert wurde, verlangt, dass doppelt so viele gemeinn\u00fctzige Wohnungen wie bisher erstellt werden.<\/p>\n<p>Die Kantone und Gemeinden sollen f\u00fcr sich ein Vorkaufsrecht f\u00fcr geeignete Grundst\u00fccke einf\u00fchren k\u00f6nnen, bei Grundst\u00fccken des Bundes und bundesnaher Betriebe soll ein solches Vorkaufsrecht von Gesetzes wegen bestehen. F\u00f6rdergelder der \u00f6ffentlichen Hand sollen ausserdem nur ausbezahlt werden, wenn sie nicht zum Verlust von preisg\u00fcnstigem Wohnraum f\u00fchren, so die Forderungen der Initiative.<\/p>\n<h2>Ziele &#8222;weder realistisch noch marktkonform&#8220;<\/h2>\n<p>Der Bundesrat h\u00e4lt in einer Stellungnahme an seiner Ansicht fest, dass die Wohnraumversorgung in der Schweiz in erster Linie durch die Privatwirtschaft zu erfolgen hat. Der\u00a0gemeinn\u00fctzige Wohnungsbau\u00a0sei aber ein\u00a0\u00abmarkterg\u00e4nzendes Segment zum Schliessen von Angebotsl\u00fccken\u00bb. Die F\u00f6rderung dieses Anbieterkreises sei\u00a0bereits heute ein Verfassungsauftrag, schreibt der Bundesrat in einer Medienmitteilung. Die mit der Initiative des Schweizerischen Mieterinnen- und Mieterverbandes geforderten Instrumente und Zielgr\u00f6ssen seien\u00a0jedoch weder realistisch noch marktkonform.<\/p>\n<p>Man sei sich aber bewusst, dass das Wohnen in der Bev\u00f6lkerung einen hohen Stellenwert habe und dass es trotz aktueller Marktentspannung regional und f\u00fcr verschiedene Bev\u00f6lkerungsgruppen schwierig bleibe, eine angemessene und finanziell tragbare Wohnung zu finden, heisst es weiter. Der Bundesrat verbindet die\u00a0Ablehnung der Initiative daher mit einem Rahmenkredit. Mit diesem soll in den n\u00e4chsten Jahren der f\u00fcr die Darlehensgew\u00e4hrung an gemeinn\u00fctzige Wohnbautr\u00e4ger bestehende Fonds de Roulement aufgestockt werden k\u00f6nnen.<\/p>\n<p>Die\u00a0H\u00f6he\u00a0des Rahmenkredits will\u00a0der Bundesrat im Zusammenhang mit der Er\u00f6ffnung des Vernehmlassungsverfahrens beschliessen.<\/p>\n","protected":false},"excerpt":{"rendered":"<p>Der Bundesrat lehnt die Volksinitiative \u00abMehr bezahlbare Wohnungen\u00bb ab. Allerdings soll dem Parlament eine Aufstockung der Kredite zugunsten des gemeinn\u00fctzigen Wohnungsbaus unterbreitet werden. <\/p>\n","protected":false},"author":3,"featured_media":6077,"comment_status":"open","ping_status":"open","sticky":false,"template":"","format":"standard","meta":{"_acf_changed":false,"_yoast_wpseo_focuskw":"Bundesrat","_yoast_wpseo_title":"","_yoast_wpseo_metadesc":"Der Bundesrat lehnt die Volksinitiative \u00abMehr bezahlbare Wohnungen\u00bb ab, will aber die Kredite zugunsten des gemeinn\u00fctzigen Wohnungsbaus aufstocken.","_yoast_wpseo_linkdex":78,"pgc_sgb_lightbox_settings":"","footnotes":""},"categories":[986],"tags":[1472,1579,1630,1862,1863],"class_list":["post-6076","post","type-post","status-publish","format-standard","has-post-thumbnail","hentry","category-residential","tag-maerkte","tag-politik","tag-regulierung","tag-wohnen","tag-wohnimmobilien"],"acf":[],"yoast_head":"<!-- This site is optimized with the Yoast SEO plugin v27.4 - https:\/\/yoast.com\/product\/yoast-seo-wordpress\/ -->\n<title>Bundesrat lehnt Initiative f\u00fcr bezahlbaren Wohnraum ab - IMMOBILIEN Business<\/title>\n<meta name=\"description\" content=\"Der Bundesrat lehnt die Volksinitiative \u00abMehr bezahlbare Wohnungen\u00bb ab, will aber die Kredite zugunsten des gemeinn\u00fctzigen Wohnungsbaus aufstocken.\" \/>\n<meta name=\"robots\" content=\"index, follow, max-snippet:-1, max-image-preview:large, max-video-preview:-1\" \/>\n<link rel=\"canonical\" href=\"https:\/\/www.immobilienbusiness.ch\/de\/residential\/2017-01-31\/bundesrat-lehnt-initiative-fuer-bezahlbare-wohnungen-ab\/\" \/>\n<meta property=\"og:locale\" content=\"de_DE\" \/>\n<meta property=\"og:type\" content=\"article\" \/>\n<meta property=\"og:title\" content=\"Bundesrat lehnt Initiative f\u00fcr bezahlbaren Wohnraum ab - IMMOBILIEN Business\" \/>\n<meta property=\"og:description\" content=\"Der Bundesrat lehnt die Volksinitiative \u00abMehr bezahlbare Wohnungen\u00bb ab, will aber die Kredite zugunsten des gemeinn\u00fctzigen Wohnungsbaus aufstocken.\" \/>\n<meta property=\"og:url\" content=\"https:\/\/www.immobilienbusiness.ch\/de\/residential\/2017-01-31\/bundesrat-lehnt-initiative-fuer-bezahlbare-wohnungen-ab\/\" \/>\n<meta property=\"og:site_name\" content=\"IMMOBILIEN Business\" \/>\n<meta property=\"article:publisher\" content=\"https:\/\/www.facebook.com\/immobilienbusiness\/\" \/>\n<meta property=\"article:published_time\" content=\"2017-01-31T08:01:54+00:00\" \/>\n<meta property=\"og:image\" content=\"https:\/\/www.immobilienbusiness.ch\/wp-content\/uploads\/2017\/01\/windows-1076116_1280.jpg\" \/>\n\t<meta property=\"og:image:width\" content=\"1280\" \/>\n\t<meta property=\"og:image:height\" content=\"1171\" \/>\n\t<meta property=\"og:image:type\" content=\"image\/jpeg\" \/>\n<meta name=\"author\" content=\"anja.hall\" \/>\n<meta name=\"twitter:card\" content=\"summary_large_image\" \/>\n<meta name=\"twitter:description\" content=\"Der Bundesrat lehnt die Volksinitiative \u00abMehr bezahlbare Wohnungen\u00bb ab, will aber die Kredite zugunsten des gemeinn\u00fctzigen Wohnungsbaus aufstocken.\" \/>\n<script type=\"application\/ld+json\" class=\"yoast-schema-graph\">{\"@context\":\"https:\\\/\\\/schema.org\",\"@graph\":[{\"@type\":\"Article\",\"@id\":\"https:\\\/\\\/www.immobilienbusiness.ch\\\/de\\\/residential\\\/2017-01-31\\\/bundesrat-lehnt-initiative-fuer-bezahlbare-wohnungen-ab\\\/#article\",\"isPartOf\":{\"@id\":\"https:\\\/\\\/www.immobilienbusiness.ch\\\/de\\\/residential\\\/2017-01-31\\\/bundesrat-lehnt-initiative-fuer-bezahlbare-wohnungen-ab\\\/\"},\"author\":{\"name\":\"anja.hall\",\"@id\":\"https:\\\/\\\/www.immobilienbusiness.ch\\\/#\\\/schema\\\/person\\\/3fc036297b10b9f42d6db5ee932af8c8\"},\"headline\":\"Bundesrat lehnt Initiative f\u00fcr bezahlbaren Wohnraum ab\",\"datePublished\":\"2017-01-31T08:01:54+00:00\",\"mainEntityOfPage\":{\"@id\":\"https:\\\/\\\/www.immobilienbusiness.ch\\\/de\\\/residential\\\/2017-01-31\\\/bundesrat-lehnt-initiative-fuer-bezahlbare-wohnungen-ab\\\/\"},\"wordCount\":318,\"commentCount\":0,\"publisher\":{\"@id\":\"https:\\\/\\\/www.immobilienbusiness.ch\\\/#organization\"},\"image\":{\"@id\":\"https:\\\/\\\/www.immobilienbusiness.ch\\\/de\\\/residential\\\/2017-01-31\\\/bundesrat-lehnt-initiative-fuer-bezahlbare-wohnungen-ab\\\/#primaryimage\"},\"thumbnailUrl\":\"https:\\\/\\\/www.immobilienbusiness.ch\\\/wp-content\\\/uploads\\\/2017\\\/01\\\/windows-1076116_1280.jpg\",\"keywords\":[\"M\u00e4rkte\",\"Politik\",\"Regulierung\",\"Wohnen\",\"Wohnimmobilien\"],\"articleSection\":[\"RESIDENTIAL\"],\"inLanguage\":\"de\"},{\"@type\":\"WebPage\",\"@id\":\"https:\\\/\\\/www.immobilienbusiness.ch\\\/de\\\/residential\\\/2017-01-31\\\/bundesrat-lehnt-initiative-fuer-bezahlbare-wohnungen-ab\\\/\",\"url\":\"https:\\\/\\\/www.immobilienbusiness.ch\\\/de\\\/residential\\\/2017-01-31\\\/bundesrat-lehnt-initiative-fuer-bezahlbare-wohnungen-ab\\\/\",\"name\":\"Bundesrat lehnt Initiative f\u00fcr bezahlbaren Wohnraum ab - IMMOBILIEN Business\",\"isPartOf\":{\"@id\":\"https:\\\/\\\/www.immobilienbusiness.ch\\\/#website\"},\"primaryImageOfPage\":{\"@id\":\"https:\\\/\\\/www.immobilienbusiness.ch\\\/de\\\/residential\\\/2017-01-31\\\/bundesrat-lehnt-initiative-fuer-bezahlbare-wohnungen-ab\\\/#primaryimage\"},\"image\":{\"@id\":\"https:\\\/\\\/www.immobilienbusiness.ch\\\/de\\\/residential\\\/2017-01-31\\\/bundesrat-lehnt-initiative-fuer-bezahlbare-wohnungen-ab\\\/#primaryimage\"},\"thumbnailUrl\":\"https:\\\/\\\/www.immobilienbusiness.ch\\\/wp-content\\\/uploads\\\/2017\\\/01\\\/windows-1076116_1280.jpg\",\"datePublished\":\"2017-01-31T08:01:54+00:00\",\"description\":\"Der Bundesrat lehnt die Volksinitiative \u00abMehr bezahlbare Wohnungen\u00bb ab, will aber die Kredite zugunsten des gemeinn\u00fctzigen Wohnungsbaus aufstocken.\",\"breadcrumb\":{\"@id\":\"https:\\\/\\\/www.immobilienbusiness.ch\\\/de\\\/residential\\\/2017-01-31\\\/bundesrat-lehnt-initiative-fuer-bezahlbare-wohnungen-ab\\\/#breadcrumb\"},\"inLanguage\":\"de\",\"potentialAction\":[{\"@type\":\"ReadAction\",\"target\":[\"https:\\\/\\\/www.immobilienbusiness.ch\\\/de\\\/residential\\\/2017-01-31\\\/bundesrat-lehnt-initiative-fuer-bezahlbare-wohnungen-ab\\\/\"]}]},{\"@type\":\"ImageObject\",\"inLanguage\":\"de\",\"@id\":\"https:\\\/\\\/www.immobilienbusiness.ch\\\/de\\\/residential\\\/2017-01-31\\\/bundesrat-lehnt-initiative-fuer-bezahlbare-wohnungen-ab\\\/#primaryimage\",\"url\":\"https:\\\/\\\/www.immobilienbusiness.ch\\\/wp-content\\\/uploads\\\/2017\\\/01\\\/windows-1076116_1280.jpg\",\"contentUrl\":\"https:\\\/\\\/www.immobilienbusiness.ch\\\/wp-content\\\/uploads\\\/2017\\\/01\\\/windows-1076116_1280.jpg\",\"width\":1280,\"height\":1171,\"caption\":\"Ein auf Wohnimmobilien fokussiertes Teilverm\u00f6gen der Procimmo SICAV sucht frisches Kapital (Symbolbild: Pixabay)\"},{\"@type\":\"BreadcrumbList\",\"@id\":\"https:\\\/\\\/www.immobilienbusiness.ch\\\/de\\\/residential\\\/2017-01-31\\\/bundesrat-lehnt-initiative-fuer-bezahlbare-wohnungen-ab\\\/#breadcrumb\",\"itemListElement\":[{\"@type\":\"ListItem\",\"position\":1,\"name\":\"Home\",\"item\":\"https:\\\/\\\/www.immobilienbusiness.ch\\\/\"},{\"@type\":\"ListItem\",\"position\":2,\"name\":\"Bundesrat lehnt Initiative f\u00fcr bezahlbaren Wohnraum ab\"}]},{\"@type\":\"WebSite\",\"@id\":\"https:\\\/\\\/www.immobilienbusiness.ch\\\/#website\",\"url\":\"https:\\\/\\\/www.immobilienbusiness.ch\\\/\",\"name\":\"IMMOBILIEN Business\",\"description\":\"Unabh\u00e4ngiges Schweizer Wirtschaftsmagazin mit Fokus auf Immobilien, Architektur- und Bau sowie Investment- und Finanzierung.\",\"publisher\":{\"@id\":\"https:\\\/\\\/www.immobilienbusiness.ch\\\/#organization\"},\"potentialAction\":[{\"@type\":\"SearchAction\",\"target\":{\"@type\":\"EntryPoint\",\"urlTemplate\":\"https:\\\/\\\/www.immobilienbusiness.ch\\\/?s={search_term_string}\"},\"query-input\":{\"@type\":\"PropertyValueSpecification\",\"valueRequired\":true,\"valueName\":\"search_term_string\"}}],\"inLanguage\":\"de\"},{\"@type\":\"Organization\",\"@id\":\"https:\\\/\\\/www.immobilienbusiness.ch\\\/#organization\",\"name\":\"IMMOBILIEN Business\",\"url\":\"https:\\\/\\\/www.immobilienbusiness.ch\\\/\",\"logo\":{\"@type\":\"ImageObject\",\"inLanguage\":\"de\",\"@id\":\"https:\\\/\\\/www.immobilienbusiness.ch\\\/#\\\/schema\\\/logo\\\/image\\\/\",\"url\":\"https:\\\/\\\/www.immobilienbusiness.ch\\\/wp-content\\\/uploads\\\/2021\\\/07\\\/logo_ib.png\",\"contentUrl\":\"https:\\\/\\\/www.immobilienbusiness.ch\\\/wp-content\\\/uploads\\\/2021\\\/07\\\/logo_ib.png\",\"width\":800,\"height\":181,\"caption\":\"IMMOBILIEN Business\"},\"image\":{\"@id\":\"https:\\\/\\\/www.immobilienbusiness.ch\\\/#\\\/schema\\\/logo\\\/image\\\/\"},\"sameAs\":[\"https:\\\/\\\/www.facebook.com\\\/immobilienbusiness\\\/\"]},{\"@type\":\"Person\",\"@id\":\"https:\\\/\\\/www.immobilienbusiness.ch\\\/#\\\/schema\\\/person\\\/3fc036297b10b9f42d6db5ee932af8c8\",\"name\":\"anja.hall\",\"image\":{\"@type\":\"ImageObject\",\"inLanguage\":\"de\",\"@id\":\"https:\\\/\\\/secure.gravatar.com\\\/avatar\\\/066b5a0d447013502c71a5782f4f3469f03cfe595cc2329fb94652fe47511bfb?s=96&d=mm&r=g\",\"url\":\"https:\\\/\\\/secure.gravatar.com\\\/avatar\\\/066b5a0d447013502c71a5782f4f3469f03cfe595cc2329fb94652fe47511bfb?s=96&d=mm&r=g\",\"contentUrl\":\"https:\\\/\\\/secure.gravatar.com\\\/avatar\\\/066b5a0d447013502c71a5782f4f3469f03cfe595cc2329fb94652fe47511bfb?s=96&d=mm&r=g\",\"caption\":\"anja.hall\"},\"url\":\"https:\\\/\\\/www.immobilienbusiness.ch\\\/de\\\/author\\\/anja-hall\\\/\"}]}<\/script>\n<!-- \/ Yoast SEO plugin. -->","yoast_head_json":{"title":"Bundesrat lehnt Initiative f\u00fcr bezahlbaren Wohnraum ab - IMMOBILIEN Business","description":"Der Bundesrat lehnt die Volksinitiative \u00abMehr bezahlbare Wohnungen\u00bb ab, will aber die Kredite zugunsten des gemeinn\u00fctzigen Wohnungsbaus aufstocken.","robots":{"index":"index","follow":"follow","max-snippet":"max-snippet:-1","max-image-preview":"max-image-preview:large","max-video-preview":"max-video-preview:-1"},"canonical":"https:\/\/www.immobilienbusiness.ch\/de\/residential\/2017-01-31\/bundesrat-lehnt-initiative-fuer-bezahlbare-wohnungen-ab\/","og_locale":"de_DE","og_type":"article","og_title":"Bundesrat lehnt Initiative f\u00fcr bezahlbaren Wohnraum ab - IMMOBILIEN Business","og_description":"Der Bundesrat lehnt die Volksinitiative \u00abMehr bezahlbare Wohnungen\u00bb ab, will aber die Kredite zugunsten des gemeinn\u00fctzigen Wohnungsbaus aufstocken.","og_url":"https:\/\/www.immobilienbusiness.ch\/de\/residential\/2017-01-31\/bundesrat-lehnt-initiative-fuer-bezahlbare-wohnungen-ab\/","og_site_name":"IMMOBILIEN Business","article_publisher":"https:\/\/www.facebook.com\/immobilienbusiness\/","article_published_time":"2017-01-31T08:01:54+00:00","og_image":[{"width":1280,"height":1171,"url":"https:\/\/www.immobilienbusiness.ch\/wp-content\/uploads\/2017\/01\/windows-1076116_1280.jpg","type":"image\/jpeg"}],"author":"anja.hall","twitter_card":"summary_large_image","twitter_description":"Der Bundesrat lehnt die Volksinitiative \u00abMehr bezahlbare Wohnungen\u00bb ab, will aber die Kredite zugunsten des gemeinn\u00fctzigen Wohnungsbaus aufstocken.","schema":{"@context":"https:\/\/schema.org","@graph":[{"@type":"Article","@id":"https:\/\/www.immobilienbusiness.ch\/de\/residential\/2017-01-31\/bundesrat-lehnt-initiative-fuer-bezahlbare-wohnungen-ab\/#article","isPartOf":{"@id":"https:\/\/www.immobilienbusiness.ch\/de\/residential\/2017-01-31\/bundesrat-lehnt-initiative-fuer-bezahlbare-wohnungen-ab\/"},"author":{"name":"anja.hall","@id":"https:\/\/www.immobilienbusiness.ch\/#\/schema\/person\/3fc036297b10b9f42d6db5ee932af8c8"},"headline":"Bundesrat lehnt Initiative f\u00fcr bezahlbaren Wohnraum ab","datePublished":"2017-01-31T08:01:54+00:00","mainEntityOfPage":{"@id":"https:\/\/www.immobilienbusiness.ch\/de\/residential\/2017-01-31\/bundesrat-lehnt-initiative-fuer-bezahlbare-wohnungen-ab\/"},"wordCount":318,"commentCount":0,"publisher":{"@id":"https:\/\/www.immobilienbusiness.ch\/#organization"},"image":{"@id":"https:\/\/www.immobilienbusiness.ch\/de\/residential\/2017-01-31\/bundesrat-lehnt-initiative-fuer-bezahlbare-wohnungen-ab\/#primaryimage"},"thumbnailUrl":"https:\/\/www.immobilienbusiness.ch\/wp-content\/uploads\/2017\/01\/windows-1076116_1280.jpg","keywords":["M\u00e4rkte","Politik","Regulierung","Wohnen","Wohnimmobilien"],"articleSection":["RESIDENTIAL"],"inLanguage":"de"},{"@type":"WebPage","@id":"https:\/\/www.immobilienbusiness.ch\/de\/residential\/2017-01-31\/bundesrat-lehnt-initiative-fuer-bezahlbare-wohnungen-ab\/","url":"https:\/\/www.immobilienbusiness.ch\/de\/residential\/2017-01-31\/bundesrat-lehnt-initiative-fuer-bezahlbare-wohnungen-ab\/","name":"Bundesrat lehnt Initiative f\u00fcr bezahlbaren Wohnraum ab - IMMOBILIEN Business","isPartOf":{"@id":"https:\/\/www.immobilienbusiness.ch\/#website"},"primaryImageOfPage":{"@id":"https:\/\/www.immobilienbusiness.ch\/de\/residential\/2017-01-31\/bundesrat-lehnt-initiative-fuer-bezahlbare-wohnungen-ab\/#primaryimage"},"image":{"@id":"https:\/\/www.immobilienbusiness.ch\/de\/residential\/2017-01-31\/bundesrat-lehnt-initiative-fuer-bezahlbare-wohnungen-ab\/#primaryimage"},"thumbnailUrl":"https:\/\/www.immobilienbusiness.ch\/wp-content\/uploads\/2017\/01\/windows-1076116_1280.jpg","datePublished":"2017-01-31T08:01:54+00:00","description":"Der Bundesrat lehnt die Volksinitiative \u00abMehr bezahlbare Wohnungen\u00bb ab, will aber die Kredite zugunsten des gemeinn\u00fctzigen Wohnungsbaus aufstocken.","breadcrumb":{"@id":"https:\/\/www.immobilienbusiness.ch\/de\/residential\/2017-01-31\/bundesrat-lehnt-initiative-fuer-bezahlbare-wohnungen-ab\/#breadcrumb"},"inLanguage":"de","potentialAction":[{"@type":"ReadAction","target":["https:\/\/www.immobilienbusiness.ch\/de\/residential\/2017-01-31\/bundesrat-lehnt-initiative-fuer-bezahlbare-wohnungen-ab\/"]}]},{"@type":"ImageObject","inLanguage":"de","@id":"https:\/\/www.immobilienbusiness.ch\/de\/residential\/2017-01-31\/bundesrat-lehnt-initiative-fuer-bezahlbare-wohnungen-ab\/#primaryimage","url":"https:\/\/www.immobilienbusiness.ch\/wp-content\/uploads\/2017\/01\/windows-1076116_1280.jpg","contentUrl":"https:\/\/www.immobilienbusiness.ch\/wp-content\/uploads\/2017\/01\/windows-1076116_1280.jpg","width":1280,"height":1171,"caption":"Ein auf Wohnimmobilien fokussiertes Teilverm\u00f6gen der Procimmo SICAV sucht frisches Kapital (Symbolbild: Pixabay)"},{"@type":"BreadcrumbList","@id":"https:\/\/www.immobilienbusiness.ch\/de\/residential\/2017-01-31\/bundesrat-lehnt-initiative-fuer-bezahlbare-wohnungen-ab\/#breadcrumb","itemListElement":[{"@type":"ListItem","position":1,"name":"Home","item":"https:\/\/www.immobilienbusiness.ch\/"},{"@type":"ListItem","position":2,"name":"Bundesrat lehnt Initiative f\u00fcr bezahlbaren Wohnraum ab"}]},{"@type":"WebSite","@id":"https:\/\/www.immobilienbusiness.ch\/#website","url":"https:\/\/www.immobilienbusiness.ch\/","name":"IMMOBILIEN Business","description":"Unabh\u00e4ngiges Schweizer Wirtschaftsmagazin mit Fokus auf Immobilien, Architektur- und Bau sowie Investment- und Finanzierung.","publisher":{"@id":"https:\/\/www.immobilienbusiness.ch\/#organization"},"potentialAction":[{"@type":"SearchAction","target":{"@type":"EntryPoint","urlTemplate":"https:\/\/www.immobilienbusiness.ch\/?s={search_term_string}"},"query-input":{"@type":"PropertyValueSpecification","valueRequired":true,"valueName":"search_term_string"}}],"inLanguage":"de"},{"@type":"Organization","@id":"https:\/\/www.immobilienbusiness.ch\/#organization","name":"IMMOBILIEN Business","url":"https:\/\/www.immobilienbusiness.ch\/","logo":{"@type":"ImageObject","inLanguage":"de","@id":"https:\/\/www.immobilienbusiness.ch\/#\/schema\/logo\/image\/","url":"https:\/\/www.immobilienbusiness.ch\/wp-content\/uploads\/2021\/07\/logo_ib.png","contentUrl":"https:\/\/www.immobilienbusiness.ch\/wp-content\/uploads\/2021\/07\/logo_ib.png","width":800,"height":181,"caption":"IMMOBILIEN Business"},"image":{"@id":"https:\/\/www.immobilienbusiness.ch\/#\/schema\/logo\/image\/"},"sameAs":["https:\/\/www.facebook.com\/immobilienbusiness\/"]},{"@type":"Person","@id":"https:\/\/www.immobilienbusiness.ch\/#\/schema\/person\/3fc036297b10b9f42d6db5ee932af8c8","name":"anja.hall","image":{"@type":"ImageObject","inLanguage":"de","@id":"https:\/\/secure.gravatar.com\/avatar\/066b5a0d447013502c71a5782f4f3469f03cfe595cc2329fb94652fe47511bfb?s=96&d=mm&r=g","url":"https:\/\/secure.gravatar.com\/avatar\/066b5a0d447013502c71a5782f4f3469f03cfe595cc2329fb94652fe47511bfb?s=96&d=mm&r=g","contentUrl":"https:\/\/secure.gravatar.com\/avatar\/066b5a0d447013502c71a5782f4f3469f03cfe595cc2329fb94652fe47511bfb?s=96&d=mm&r=g","caption":"anja.hall"},"url":"https:\/\/www.immobilienbusiness.ch\/de\/author\/anja-hall\/"}]}},"_links":{"self":[{"href":"https:\/\/www.immobilienbusiness.ch\/de\/wp-json\/wp\/v2\/posts\/6076","targetHints":{"allow":["GET"]}}],"collection":[{"href":"https:\/\/www.immobilienbusiness.ch\/de\/wp-json\/wp\/v2\/posts"}],"about":[{"href":"https:\/\/www.immobilienbusiness.ch\/de\/wp-json\/wp\/v2\/types\/post"}],"author":[{"embeddable":true,"href":"https:\/\/www.immobilienbusiness.ch\/de\/wp-json\/wp\/v2\/users\/3"}],"replies":[{"embeddable":true,"href":"https:\/\/www.immobilienbusiness.ch\/de\/wp-json\/wp\/v2\/comments?post=6076"}],"version-history":[{"count":0,"href":"https:\/\/www.immobilienbusiness.ch\/de\/wp-json\/wp\/v2\/posts\/6076\/revisions"}],"wp:featuredmedia":[{"embeddable":true,"href":"https:\/\/www.immobilienbusiness.ch\/de\/wp-json\/wp\/v2\/media\/6077"}],"wp:attachment":[{"href":"https:\/\/www.immobilienbusiness.ch\/de\/wp-json\/wp\/v2\/media?parent=6076"}],"wp:term":[{"taxonomy":"category","embeddable":true,"href":"https:\/\/www.immobilienbusiness.ch\/de\/wp-json\/wp\/v2\/categories?post=6076"},{"taxonomy":"post_tag","embeddable":true,"href":"https:\/\/www.immobilienbusiness.ch\/de\/wp-json\/wp\/v2\/tags?post=6076"}],"curies":[{"name":"wp","href":"https:\/\/api.w.org\/{rel}","templated":true}]}}