{"id":60656,"date":"2024-09-16T07:33:08","date_gmt":"2024-09-16T05:33:08","guid":{"rendered":"https:\/\/www.immobilienbusiness.ch\/?p=60656"},"modified":"2024-09-19T13:50:13","modified_gmt":"2024-09-19T11:50:13","slug":"sf-retail-properties-fund-prueft-kapitalerhoehung","status":"publish","type":"post","link":"https:\/\/www.immobilienbusiness.ch\/de\/unternehmen\/2024-09-16\/sf-retail-properties-fund-prueft-kapitalerhoehung\/","title":{"rendered":"SF Retail Properties Fund pr\u00fcft Kapitalerh\u00f6hung"},"content":{"rendered":"<figure id=\"attachment_3956\" aria-describedby=\"caption-attachment-3956\" style=\"width: 1280px\" class=\"wp-caption alignnone\"><a href=\"https:\/\/www.immobilienbusiness.ch\/wp-content\/uploads\/2016\/12\/Kapitalerhoehung-fuer-den-SF-Retail-Properties-Fund-immobilien-business.jpg\"><img loading=\"lazy\" decoding=\"async\" class=\"size-full wp-image-3956\" src=\"https:\/\/www.immobilienbusiness.ch\/wp-content\/uploads\/2016\/12\/Kapitalerhoehung-fuer-den-SF-Retail-Properties-Fund-immobilien-business.jpg\" alt=\"\" width=\"1280\" height=\"853\" srcset=\"https:\/\/www.immobilienbusiness.ch\/wp-content\/uploads\/2016\/12\/Kapitalerhoehung-fuer-den-SF-Retail-Properties-Fund-immobilien-business.jpg 1280w, https:\/\/www.immobilienbusiness.ch\/wp-content\/uploads\/2016\/12\/Kapitalerhoehung-fuer-den-SF-Retail-Properties-Fund-immobilien-business-300x200.jpg 300w, https:\/\/www.immobilienbusiness.ch\/wp-content\/uploads\/2016\/12\/Kapitalerhoehung-fuer-den-SF-Retail-Properties-Fund-immobilien-business-1024x682.jpg 1024w, https:\/\/www.immobilienbusiness.ch\/wp-content\/uploads\/2016\/12\/Kapitalerhoehung-fuer-den-SF-Retail-Properties-Fund-immobilien-business-768x512.jpg 768w, https:\/\/www.immobilienbusiness.ch\/wp-content\/uploads\/2016\/12\/Kapitalerhoehung-fuer-den-SF-Retail-Properties-Fund-immobilien-business-16x12.jpg 16w, https:\/\/www.immobilienbusiness.ch\/wp-content\/uploads\/2016\/12\/Kapitalerhoehung-fuer-den-SF-Retail-Properties-Fund-immobilien-business-263x175.jpg 263w, https:\/\/www.immobilienbusiness.ch\/wp-content\/uploads\/2016\/12\/Kapitalerhoehung-fuer-den-SF-Retail-Properties-Fund-immobilien-business-525x350.jpg 525w, https:\/\/www.immobilienbusiness.ch\/wp-content\/uploads\/2016\/12\/Kapitalerhoehung-fuer-den-SF-Retail-Properties-Fund-immobilien-business-1200x800.jpg 1200w, https:\/\/www.immobilienbusiness.ch\/wp-content\/uploads\/2016\/12\/Kapitalerhoehung-fuer-den-SF-Retail-Properties-Fund-immobilien-business-920x613.jpg 920w\" sizes=\"auto, (max-width: 1280px) 100vw, 1280px\" \/><\/a><figcaption id=\"caption-attachment-3956\" class=\"wp-caption-text\">Der SF Retail Properties Fund plant eine weitere Kapitalerh\u00f6hung (Foto: Pixabay)<\/figcaption><\/figure>\n<p>Die Fondsleitung des SF Retail Properties Fund pr\u00fcft eine Kapitalerh\u00f6hung im Umfang von rund 50 Mio. CHF. Die Emission soll laut einer Mitteilung im 4. Quartal \u00fcber die B\u00fchne gehen. Das zus\u00e4tzliche Kapital sei f\u00fcr den Ausbau des Portfolios, f\u00fcr die Potenzialerschliessung bei Bestandesliegenschaften und zur R\u00fcckf\u00fchrung von verzinslichem Fremdkapital vorgesehen. <em>(aw)<\/em><\/p>\n","protected":false},"excerpt":{"rendered":"<p>Die Emission k\u00f6nnte n\u00e4chstes Quartal kommen und ca. 50 Millionen Franken schwer werden.<\/p>\n","protected":false},"author":102,"featured_media":3956,"comment_status":"closed","ping_status":"closed","sticky":false,"template":"","format":"standard","meta":{"_acf_changed":false,"_yoast_wpseo_focuskw":"SF Retail","_yoast_wpseo_title":"","_yoast_wpseo_metadesc":"Die Emission k\u00f6nnte n\u00e4chstes Quartal kommen und ca. 50 Millionen Franken schwer werden.","_yoast_wpseo_linkdex":43,"pgc_sgb_lightbox_settings":"","footnotes":""},"categories":[988],"tags":[1412,2190],"class_list":["post-60656","post","type-post","status-publish","format-standard","has-post-thumbnail","hentry","category-unternehmen","tag-kapitalerhoehung","tag-sf-retail-properties-fund"],"acf":[],"yoast_head":"<!-- This site is optimized with the Yoast SEO plugin v27.4 - https:\/\/yoast.com\/product\/yoast-seo-wordpress\/ -->\n<title>SF Retail Properties Fund pr\u00fcft Kapitalerh\u00f6hung - IMMOBILIEN Business<\/title>\n<meta name=\"description\" content=\"Die Emission k\u00f6nnte n\u00e4chstes Quartal kommen und ca. 50 Millionen Franken schwer werden.\" \/>\n<meta name=\"robots\" content=\"index, follow, max-snippet:-1, max-image-preview:large, max-video-preview:-1\" \/>\n<link rel=\"canonical\" href=\"https:\/\/www.immobilienbusiness.ch\/de\/unternehmen\/2024-09-16\/sf-retail-properties-fund-prueft-kapitalerhoehung\/\" \/>\n<meta property=\"og:locale\" content=\"de_DE\" \/>\n<meta property=\"og:type\" content=\"article\" \/>\n<meta property=\"og:title\" content=\"SF Retail Properties Fund pr\u00fcft Kapitalerh\u00f6hung - IMMOBILIEN Business\" \/>\n<meta property=\"og:description\" content=\"Die Emission k\u00f6nnte n\u00e4chstes Quartal kommen und ca. 50 Millionen Franken schwer werden.\" \/>\n<meta property=\"og:url\" content=\"https:\/\/www.immobilienbusiness.ch\/de\/unternehmen\/2024-09-16\/sf-retail-properties-fund-prueft-kapitalerhoehung\/\" \/>\n<meta property=\"og:site_name\" content=\"IMMOBILIEN Business\" \/>\n<meta property=\"article:publisher\" content=\"https:\/\/www.facebook.com\/immobilienbusiness\/\" \/>\n<meta property=\"article:published_time\" content=\"2024-09-16T05:33:08+00:00\" \/>\n<meta property=\"article:modified_time\" content=\"2024-09-19T11:50:13+00:00\" \/>\n<meta property=\"og:image\" content=\"https:\/\/www.immobilienbusiness.ch\/wp-content\/uploads\/2016\/12\/Kapitalerhoehung-fuer-den-SF-Retail-Properties-Fund-immobilien-business.jpg\" \/>\n\t<meta property=\"og:image:width\" content=\"1280\" \/>\n\t<meta property=\"og:image:height\" content=\"853\" \/>\n\t<meta property=\"og:image:type\" content=\"image\/jpeg\" \/>\n<meta name=\"author\" content=\"Alexander Wachter\" \/>\n<meta name=\"twitter:card\" content=\"summary_large_image\" \/>\n<script type=\"application\/ld+json\" class=\"yoast-schema-graph\">{\"@context\":\"https:\\\/\\\/schema.org\",\"@graph\":[{\"@type\":\"Article\",\"@id\":\"https:\\\/\\\/www.immobilienbusiness.ch\\\/en\\\/unternehmen\\\/2024-09-16\\\/sf-retail-properties-fund-prueft-kapitalerhoehung\\\/#article\",\"isPartOf\":{\"@id\":\"https:\\\/\\\/www.immobilienbusiness.ch\\\/en\\\/unternehmen\\\/2024-09-16\\\/sf-retail-properties-fund-prueft-kapitalerhoehung\\\/\"},\"author\":{\"name\":\"Alexander Wachter\",\"@id\":\"https:\\\/\\\/www.immobilienbusiness.ch\\\/#\\\/schema\\\/person\\\/aba8bea2db926aa0c24c08c43fe1fcd5\"},\"headline\":\"SF Retail Properties Fund pr\u00fcft Kapitalerh\u00f6hung\",\"datePublished\":\"2024-09-16T05:33:08+00:00\",\"dateModified\":\"2024-09-19T11:50:13+00:00\",\"mainEntityOfPage\":{\"@id\":\"https:\\\/\\\/www.immobilienbusiness.ch\\\/en\\\/unternehmen\\\/2024-09-16\\\/sf-retail-properties-fund-prueft-kapitalerhoehung\\\/\"},\"wordCount\":85,\"publisher\":{\"@id\":\"https:\\\/\\\/www.immobilienbusiness.ch\\\/#organization\"},\"image\":{\"@id\":\"https:\\\/\\\/www.immobilienbusiness.ch\\\/en\\\/unternehmen\\\/2024-09-16\\\/sf-retail-properties-fund-prueft-kapitalerhoehung\\\/#primaryimage\"},\"thumbnailUrl\":\"https:\\\/\\\/www.immobilienbusiness.ch\\\/wp-content\\\/uploads\\\/2016\\\/12\\\/Kapitalerhoehung-fuer-den-SF-Retail-Properties-Fund-immobilien-business.jpg\",\"keywords\":[\"Kapitalerh\u00f6hung\",\"SF Retail Properties Fund\"],\"articleSection\":[\"UNTERNEHMEN\"],\"inLanguage\":\"de\"},{\"@type\":\"WebPage\",\"@id\":\"https:\\\/\\\/www.immobilienbusiness.ch\\\/en\\\/unternehmen\\\/2024-09-16\\\/sf-retail-properties-fund-prueft-kapitalerhoehung\\\/\",\"url\":\"https:\\\/\\\/www.immobilienbusiness.ch\\\/en\\\/unternehmen\\\/2024-09-16\\\/sf-retail-properties-fund-prueft-kapitalerhoehung\\\/\",\"name\":\"SF Retail Properties Fund pr\u00fcft Kapitalerh\u00f6hung - IMMOBILIEN Business\",\"isPartOf\":{\"@id\":\"https:\\\/\\\/www.immobilienbusiness.ch\\\/#website\"},\"primaryImageOfPage\":{\"@id\":\"https:\\\/\\\/www.immobilienbusiness.ch\\\/en\\\/unternehmen\\\/2024-09-16\\\/sf-retail-properties-fund-prueft-kapitalerhoehung\\\/#primaryimage\"},\"image\":{\"@id\":\"https:\\\/\\\/www.immobilienbusiness.ch\\\/en\\\/unternehmen\\\/2024-09-16\\\/sf-retail-properties-fund-prueft-kapitalerhoehung\\\/#primaryimage\"},\"thumbnailUrl\":\"https:\\\/\\\/www.immobilienbusiness.ch\\\/wp-content\\\/uploads\\\/2016\\\/12\\\/Kapitalerhoehung-fuer-den-SF-Retail-Properties-Fund-immobilien-business.jpg\",\"datePublished\":\"2024-09-16T05:33:08+00:00\",\"dateModified\":\"2024-09-19T11:50:13+00:00\",\"description\":\"Die Emission k\u00f6nnte n\u00e4chstes Quartal kommen und ca. 50 Millionen Franken schwer werden.\",\"breadcrumb\":{\"@id\":\"https:\\\/\\\/www.immobilienbusiness.ch\\\/en\\\/unternehmen\\\/2024-09-16\\\/sf-retail-properties-fund-prueft-kapitalerhoehung\\\/#breadcrumb\"},\"inLanguage\":\"de\",\"potentialAction\":[{\"@type\":\"ReadAction\",\"target\":[\"https:\\\/\\\/www.immobilienbusiness.ch\\\/en\\\/unternehmen\\\/2024-09-16\\\/sf-retail-properties-fund-prueft-kapitalerhoehung\\\/\"]}]},{\"@type\":\"ImageObject\",\"inLanguage\":\"de\",\"@id\":\"https:\\\/\\\/www.immobilienbusiness.ch\\\/en\\\/unternehmen\\\/2024-09-16\\\/sf-retail-properties-fund-prueft-kapitalerhoehung\\\/#primaryimage\",\"url\":\"https:\\\/\\\/www.immobilienbusiness.ch\\\/wp-content\\\/uploads\\\/2016\\\/12\\\/Kapitalerhoehung-fuer-den-SF-Retail-Properties-Fund-immobilien-business.jpg\",\"contentUrl\":\"https:\\\/\\\/www.immobilienbusiness.ch\\\/wp-content\\\/uploads\\\/2016\\\/12\\\/Kapitalerhoehung-fuer-den-SF-Retail-Properties-Fund-immobilien-business.jpg\",\"width\":1280,\"height\":853,\"caption\":\"Der SF Retail Properties Fund hat frische Mittel f\u00fcr Investitionen gewonnen (Foto: Pixabay)\"},{\"@type\":\"BreadcrumbList\",\"@id\":\"https:\\\/\\\/www.immobilienbusiness.ch\\\/en\\\/unternehmen\\\/2024-09-16\\\/sf-retail-properties-fund-prueft-kapitalerhoehung\\\/#breadcrumb\",\"itemListElement\":[{\"@type\":\"ListItem\",\"position\":1,\"name\":\"Home\",\"item\":\"https:\\\/\\\/www.immobilienbusiness.ch\\\/\"},{\"@type\":\"ListItem\",\"position\":2,\"name\":\"SF Retail Properties Fund pr\u00fcft Kapitalerh\u00f6hung\"}]},{\"@type\":\"WebSite\",\"@id\":\"https:\\\/\\\/www.immobilienbusiness.ch\\\/#website\",\"url\":\"https:\\\/\\\/www.immobilienbusiness.ch\\\/\",\"name\":\"IMMOBILIEN Business\",\"description\":\"Unabh\u00e4ngiges Schweizer Wirtschaftsmagazin mit Fokus auf Immobilien, Architektur- und Bau sowie Investment- und Finanzierung.\",\"publisher\":{\"@id\":\"https:\\\/\\\/www.immobilienbusiness.ch\\\/#organization\"},\"potentialAction\":[{\"@type\":\"SearchAction\",\"target\":{\"@type\":\"EntryPoint\",\"urlTemplate\":\"https:\\\/\\\/www.immobilienbusiness.ch\\\/?s={search_term_string}\"},\"query-input\":{\"@type\":\"PropertyValueSpecification\",\"valueRequired\":true,\"valueName\":\"search_term_string\"}}],\"inLanguage\":\"de\"},{\"@type\":\"Organization\",\"@id\":\"https:\\\/\\\/www.immobilienbusiness.ch\\\/#organization\",\"name\":\"IMMOBILIEN Business\",\"url\":\"https:\\\/\\\/www.immobilienbusiness.ch\\\/\",\"logo\":{\"@type\":\"ImageObject\",\"inLanguage\":\"de\",\"@id\":\"https:\\\/\\\/www.immobilienbusiness.ch\\\/#\\\/schema\\\/logo\\\/image\\\/\",\"url\":\"https:\\\/\\\/www.immobilienbusiness.ch\\\/wp-content\\\/uploads\\\/2021\\\/07\\\/logo_ib.png\",\"contentUrl\":\"https:\\\/\\\/www.immobilienbusiness.ch\\\/wp-content\\\/uploads\\\/2021\\\/07\\\/logo_ib.png\",\"width\":800,\"height\":181,\"caption\":\"IMMOBILIEN Business\"},\"image\":{\"@id\":\"https:\\\/\\\/www.immobilienbusiness.ch\\\/#\\\/schema\\\/logo\\\/image\\\/\"},\"sameAs\":[\"https:\\\/\\\/www.facebook.com\\\/immobilienbusiness\\\/\"]},{\"@type\":\"Person\",\"@id\":\"https:\\\/\\\/www.immobilienbusiness.ch\\\/#\\\/schema\\\/person\\\/aba8bea2db926aa0c24c08c43fe1fcd5\",\"name\":\"Alexander Wachter\",\"image\":{\"@type\":\"ImageObject\",\"inLanguage\":\"de\",\"@id\":\"https:\\\/\\\/secure.gravatar.com\\\/avatar\\\/1a09e471f5389b0e0a6416eac287e0927c7c97a7b77f9e787eba3af7aee281dd?s=96&d=mm&r=g\",\"url\":\"https:\\\/\\\/secure.gravatar.com\\\/avatar\\\/1a09e471f5389b0e0a6416eac287e0927c7c97a7b77f9e787eba3af7aee281dd?s=96&d=mm&r=g\",\"contentUrl\":\"https:\\\/\\\/secure.gravatar.com\\\/avatar\\\/1a09e471f5389b0e0a6416eac287e0927c7c97a7b77f9e787eba3af7aee281dd?s=96&d=mm&r=g\",\"caption\":\"Alexander Wachter\"},\"url\":\"https:\\\/\\\/www.immobilienbusiness.ch\\\/de\\\/author\\\/alexander-wachter\\\/\"}]}<\/script>\n<!-- \/ Yoast SEO plugin. -->","yoast_head_json":{"title":"SF Retail Properties Fund pr\u00fcft Kapitalerh\u00f6hung - IMMOBILIEN Business","description":"Die Emission k\u00f6nnte n\u00e4chstes Quartal kommen und ca. 50 Millionen Franken schwer werden.","robots":{"index":"index","follow":"follow","max-snippet":"max-snippet:-1","max-image-preview":"max-image-preview:large","max-video-preview":"max-video-preview:-1"},"canonical":"https:\/\/www.immobilienbusiness.ch\/de\/unternehmen\/2024-09-16\/sf-retail-properties-fund-prueft-kapitalerhoehung\/","og_locale":"de_DE","og_type":"article","og_title":"SF Retail Properties Fund pr\u00fcft Kapitalerh\u00f6hung - IMMOBILIEN Business","og_description":"Die Emission k\u00f6nnte n\u00e4chstes Quartal kommen und ca. 50 Millionen Franken schwer werden.","og_url":"https:\/\/www.immobilienbusiness.ch\/de\/unternehmen\/2024-09-16\/sf-retail-properties-fund-prueft-kapitalerhoehung\/","og_site_name":"IMMOBILIEN Business","article_publisher":"https:\/\/www.facebook.com\/immobilienbusiness\/","article_published_time":"2024-09-16T05:33:08+00:00","article_modified_time":"2024-09-19T11:50:13+00:00","og_image":[{"width":1280,"height":853,"url":"https:\/\/www.immobilienbusiness.ch\/wp-content\/uploads\/2016\/12\/Kapitalerhoehung-fuer-den-SF-Retail-Properties-Fund-immobilien-business.jpg","type":"image\/jpeg"}],"author":"Alexander Wachter","twitter_card":"summary_large_image","schema":{"@context":"https:\/\/schema.org","@graph":[{"@type":"Article","@id":"https:\/\/www.immobilienbusiness.ch\/en\/unternehmen\/2024-09-16\/sf-retail-properties-fund-prueft-kapitalerhoehung\/#article","isPartOf":{"@id":"https:\/\/www.immobilienbusiness.ch\/en\/unternehmen\/2024-09-16\/sf-retail-properties-fund-prueft-kapitalerhoehung\/"},"author":{"name":"Alexander Wachter","@id":"https:\/\/www.immobilienbusiness.ch\/#\/schema\/person\/aba8bea2db926aa0c24c08c43fe1fcd5"},"headline":"SF Retail Properties Fund pr\u00fcft Kapitalerh\u00f6hung","datePublished":"2024-09-16T05:33:08+00:00","dateModified":"2024-09-19T11:50:13+00:00","mainEntityOfPage":{"@id":"https:\/\/www.immobilienbusiness.ch\/en\/unternehmen\/2024-09-16\/sf-retail-properties-fund-prueft-kapitalerhoehung\/"},"wordCount":85,"publisher":{"@id":"https:\/\/www.immobilienbusiness.ch\/#organization"},"image":{"@id":"https:\/\/www.immobilienbusiness.ch\/en\/unternehmen\/2024-09-16\/sf-retail-properties-fund-prueft-kapitalerhoehung\/#primaryimage"},"thumbnailUrl":"https:\/\/www.immobilienbusiness.ch\/wp-content\/uploads\/2016\/12\/Kapitalerhoehung-fuer-den-SF-Retail-Properties-Fund-immobilien-business.jpg","keywords":["Kapitalerh\u00f6hung","SF Retail Properties Fund"],"articleSection":["UNTERNEHMEN"],"inLanguage":"de"},{"@type":"WebPage","@id":"https:\/\/www.immobilienbusiness.ch\/en\/unternehmen\/2024-09-16\/sf-retail-properties-fund-prueft-kapitalerhoehung\/","url":"https:\/\/www.immobilienbusiness.ch\/en\/unternehmen\/2024-09-16\/sf-retail-properties-fund-prueft-kapitalerhoehung\/","name":"SF Retail Properties Fund pr\u00fcft Kapitalerh\u00f6hung - IMMOBILIEN Business","isPartOf":{"@id":"https:\/\/www.immobilienbusiness.ch\/#website"},"primaryImageOfPage":{"@id":"https:\/\/www.immobilienbusiness.ch\/en\/unternehmen\/2024-09-16\/sf-retail-properties-fund-prueft-kapitalerhoehung\/#primaryimage"},"image":{"@id":"https:\/\/www.immobilienbusiness.ch\/en\/unternehmen\/2024-09-16\/sf-retail-properties-fund-prueft-kapitalerhoehung\/#primaryimage"},"thumbnailUrl":"https:\/\/www.immobilienbusiness.ch\/wp-content\/uploads\/2016\/12\/Kapitalerhoehung-fuer-den-SF-Retail-Properties-Fund-immobilien-business.jpg","datePublished":"2024-09-16T05:33:08+00:00","dateModified":"2024-09-19T11:50:13+00:00","description":"Die Emission k\u00f6nnte n\u00e4chstes Quartal kommen und ca. 50 Millionen Franken schwer werden.","breadcrumb":{"@id":"https:\/\/www.immobilienbusiness.ch\/en\/unternehmen\/2024-09-16\/sf-retail-properties-fund-prueft-kapitalerhoehung\/#breadcrumb"},"inLanguage":"de","potentialAction":[{"@type":"ReadAction","target":["https:\/\/www.immobilienbusiness.ch\/en\/unternehmen\/2024-09-16\/sf-retail-properties-fund-prueft-kapitalerhoehung\/"]}]},{"@type":"ImageObject","inLanguage":"de","@id":"https:\/\/www.immobilienbusiness.ch\/en\/unternehmen\/2024-09-16\/sf-retail-properties-fund-prueft-kapitalerhoehung\/#primaryimage","url":"https:\/\/www.immobilienbusiness.ch\/wp-content\/uploads\/2016\/12\/Kapitalerhoehung-fuer-den-SF-Retail-Properties-Fund-immobilien-business.jpg","contentUrl":"https:\/\/www.immobilienbusiness.ch\/wp-content\/uploads\/2016\/12\/Kapitalerhoehung-fuer-den-SF-Retail-Properties-Fund-immobilien-business.jpg","width":1280,"height":853,"caption":"Der SF Retail Properties Fund hat frische Mittel f\u00fcr Investitionen gewonnen (Foto: Pixabay)"},{"@type":"BreadcrumbList","@id":"https:\/\/www.immobilienbusiness.ch\/en\/unternehmen\/2024-09-16\/sf-retail-properties-fund-prueft-kapitalerhoehung\/#breadcrumb","itemListElement":[{"@type":"ListItem","position":1,"name":"Home","item":"https:\/\/www.immobilienbusiness.ch\/"},{"@type":"ListItem","position":2,"name":"SF Retail Properties Fund pr\u00fcft Kapitalerh\u00f6hung"}]},{"@type":"WebSite","@id":"https:\/\/www.immobilienbusiness.ch\/#website","url":"https:\/\/www.immobilienbusiness.ch\/","name":"IMMOBILIEN Business","description":"Unabh\u00e4ngiges Schweizer Wirtschaftsmagazin mit Fokus auf Immobilien, Architektur- und Bau sowie Investment- und Finanzierung.","publisher":{"@id":"https:\/\/www.immobilienbusiness.ch\/#organization"},"potentialAction":[{"@type":"SearchAction","target":{"@type":"EntryPoint","urlTemplate":"https:\/\/www.immobilienbusiness.ch\/?s={search_term_string}"},"query-input":{"@type":"PropertyValueSpecification","valueRequired":true,"valueName":"search_term_string"}}],"inLanguage":"de"},{"@type":"Organization","@id":"https:\/\/www.immobilienbusiness.ch\/#organization","name":"IMMOBILIEN Business","url":"https:\/\/www.immobilienbusiness.ch\/","logo":{"@type":"ImageObject","inLanguage":"de","@id":"https:\/\/www.immobilienbusiness.ch\/#\/schema\/logo\/image\/","url":"https:\/\/www.immobilienbusiness.ch\/wp-content\/uploads\/2021\/07\/logo_ib.png","contentUrl":"https:\/\/www.immobilienbusiness.ch\/wp-content\/uploads\/2021\/07\/logo_ib.png","width":800,"height":181,"caption":"IMMOBILIEN Business"},"image":{"@id":"https:\/\/www.immobilienbusiness.ch\/#\/schema\/logo\/image\/"},"sameAs":["https:\/\/www.facebook.com\/immobilienbusiness\/"]},{"@type":"Person","@id":"https:\/\/www.immobilienbusiness.ch\/#\/schema\/person\/aba8bea2db926aa0c24c08c43fe1fcd5","name":"Alexander Wachter","image":{"@type":"ImageObject","inLanguage":"de","@id":"https:\/\/secure.gravatar.com\/avatar\/1a09e471f5389b0e0a6416eac287e0927c7c97a7b77f9e787eba3af7aee281dd?s=96&d=mm&r=g","url":"https:\/\/secure.gravatar.com\/avatar\/1a09e471f5389b0e0a6416eac287e0927c7c97a7b77f9e787eba3af7aee281dd?s=96&d=mm&r=g","contentUrl":"https:\/\/secure.gravatar.com\/avatar\/1a09e471f5389b0e0a6416eac287e0927c7c97a7b77f9e787eba3af7aee281dd?s=96&d=mm&r=g","caption":"Alexander Wachter"},"url":"https:\/\/www.immobilienbusiness.ch\/de\/author\/alexander-wachter\/"}]}},"_links":{"self":[{"href":"https:\/\/www.immobilienbusiness.ch\/de\/wp-json\/wp\/v2\/posts\/60656","targetHints":{"allow":["GET"]}}],"collection":[{"href":"https:\/\/www.immobilienbusiness.ch\/de\/wp-json\/wp\/v2\/posts"}],"about":[{"href":"https:\/\/www.immobilienbusiness.ch\/de\/wp-json\/wp\/v2\/types\/post"}],"author":[{"embeddable":true,"href":"https:\/\/www.immobilienbusiness.ch\/de\/wp-json\/wp\/v2\/users\/102"}],"replies":[{"embeddable":true,"href":"https:\/\/www.immobilienbusiness.ch\/de\/wp-json\/wp\/v2\/comments?post=60656"}],"version-history":[{"count":1,"href":"https:\/\/www.immobilienbusiness.ch\/de\/wp-json\/wp\/v2\/posts\/60656\/revisions"}],"predecessor-version":[{"id":60657,"href":"https:\/\/www.immobilienbusiness.ch\/de\/wp-json\/wp\/v2\/posts\/60656\/revisions\/60657"}],"wp:featuredmedia":[{"embeddable":true,"href":"https:\/\/www.immobilienbusiness.ch\/de\/wp-json\/wp\/v2\/media\/3956"}],"wp:attachment":[{"href":"https:\/\/www.immobilienbusiness.ch\/de\/wp-json\/wp\/v2\/media?parent=60656"}],"wp:term":[{"taxonomy":"category","embeddable":true,"href":"https:\/\/www.immobilienbusiness.ch\/de\/wp-json\/wp\/v2\/categories?post=60656"},{"taxonomy":"post_tag","embeddable":true,"href":"https:\/\/www.immobilienbusiness.ch\/de\/wp-json\/wp\/v2\/tags?post=60656"}],"curies":[{"name":"wp","href":"https:\/\/api.w.org\/{rel}","templated":true}]}}