{"id":59399,"date":"2024-08-23T07:44:00","date_gmt":"2024-08-23T05:44:00","guid":{"rendered":"https:\/\/www.immobilienbusiness.ch\/?p=59399"},"modified":"2024-08-23T07:44:00","modified_gmt":"2024-08-23T05:44:00","slug":"equans-esther-denzler-leitet-fm-tochter","status":"publish","type":"post","link":"https:\/\/www.immobilienbusiness.ch\/de\/personalia\/2024-08-23\/equans-esther-denzler-leitet-fm-tochter\/","title":{"rendered":"Equans: Esther Denzler leitet FM-Tochter"},"content":{"rendered":"<figure id=\"attachment_59400\" aria-describedby=\"caption-attachment-59400\" style=\"width: 1200px\" class=\"wp-caption alignnone\"><a href=\"https:\/\/www.immobilienbusiness.ch\/wp-content\/uploads\/2024\/08\/206_Esther-Denzler-scaled.jpg\"><img loading=\"lazy\" decoding=\"async\" class=\"size-full wp-image-59400\" src=\"https:\/\/www.immobilienbusiness.ch\/wp-content\/uploads\/2024\/08\/206_Esther-Denzler-scaled.jpg\" alt=\"\" width=\"1200\" height=\"900\" srcset=\"https:\/\/www.immobilienbusiness.ch\/wp-content\/uploads\/2024\/08\/206_Esther-Denzler-scaled.jpg 1200w, https:\/\/www.immobilienbusiness.ch\/wp-content\/uploads\/2024\/08\/206_Esther-Denzler-300x225.jpg 300w, https:\/\/www.immobilienbusiness.ch\/wp-content\/uploads\/2024\/08\/206_Esther-Denzler-1024x768.jpg 1024w, https:\/\/www.immobilienbusiness.ch\/wp-content\/uploads\/2024\/08\/206_Esther-Denzler-768x576.jpg 768w, https:\/\/www.immobilienbusiness.ch\/wp-content\/uploads\/2024\/08\/206_Esther-Denzler-1536x1152.jpg 1536w, https:\/\/www.immobilienbusiness.ch\/wp-content\/uploads\/2024\/08\/206_Esther-Denzler-2048x1536.jpg 2048w, https:\/\/www.immobilienbusiness.ch\/wp-content\/uploads\/2024\/08\/206_Esther-Denzler-16x12.jpg 16w, https:\/\/www.immobilienbusiness.ch\/wp-content\/uploads\/2024\/08\/206_Esther-Denzler-375x281.jpg 375w, https:\/\/www.immobilienbusiness.ch\/wp-content\/uploads\/2024\/08\/206_Esther-Denzler-467x350.jpg 467w, https:\/\/www.immobilienbusiness.ch\/wp-content\/uploads\/2024\/08\/206_Esther-Denzler-1000x750.jpg 1000w\" sizes=\"auto, (max-width: 1200px) 100vw, 1200px\" \/><\/a><figcaption id=\"caption-attachment-59400\" class=\"wp-caption-text\">Esther Denzler (Bild: Equans Switzerland)<\/figcaption><\/figure>\n<p>Seit Juli 2024 sind Bouygues Energies &amp; Services und Equans unter der neuen Dachmarke Equans Switzerland vereint. Das Unternehmen z\u00e4hlt rund 6.500 Mitarbeiter und \u00fcber 100 Standorte in der Schweiz. Nun vermeldet der Dienstleister eine Personalie f\u00fcr den Immobilien-Bereich: Ab 1. September wird Esther Denzler neue Gesch\u00e4ftsleiterin von Equans Switzerland Facility Management AG sowie neues Mitglied der Gesch\u00e4ftsleitung von Equans Switzerland. Denzler ist diplomierte Ingenieurin ETH und hatte f\u00fchrende Positionen bei der Axpo, der CKW, der Primeo Energie und zuletzt als CEO des Zuger Energieversorgers WWZ Gruppe inne. In ihrer neuen Position untersteht und rapportiert sie direkt Equans-Switzerland-CEO Claudio Picech. Er ist seit der \u00dcbernahme Vorsitzender der Gesch\u00e4ftsleitung des Unternehmens <a href=\"https:\/\/www.immobilienbusiness.ch\/unternehmen\/2024-07-01\/bouygues-fm-tochter-zu-equans-umfirmiert\/\" target=\"_blank\" rel=\"noopener\">(IB berichtete)<\/a>. Der lobt Denzlers \u00abfundierte Fachkenntnisse in Energiefragen\u00bb, die in der \u00abzuk\u00fcnftigen Geb\u00e4udeentwicklung eine besonders wichtige Rolle\u00bb einn\u00e4hmen. <em>(aw)<\/em><\/p>\n<p>&nbsp;<\/p>\n<p>&nbsp;<\/p>\n","protected":false},"excerpt":{"rendered":"<p>Die aus Bougues Energies &#038; Services hervorgegangene Equans Switzerland holt die fr\u00fchere CEO des Energie-Dienstleisters WWZ Gruppe als neue Leiterin ihres Bereichs f\u00fcr Facility-Management-Dienstleistungen.<\/p>\n","protected":false},"author":102,"featured_media":59400,"comment_status":"closed","ping_status":"closed","sticky":false,"template":"","format":"standard","meta":{"_acf_changed":false,"_yoast_wpseo_focuskw":"WWZ","_yoast_wpseo_title":"","_yoast_wpseo_metadesc":"Die aus Bougues Energies & Services hervorgegangene Equans Switzerland holt die fr\u00fchere CEO des Energie-Dienstleisters WWZ Gruppe als neue Leiterin ihres Bereichs f\u00fcr Facility-Management-Dienstleistungen.","_yoast_wpseo_linkdex":52,"pgc_sgb_lightbox_settings":"","footnotes":""},"categories":[1912],"tags":[2343,3677,2096,1563,3551],"class_list":["post-59399","post","type-post","status-publish","format-standard","has-post-thumbnail","hentry","category-personalia","tag-bouygues","tag-equans","tag-fm","tag-personalia","tag-wwz-ag"],"acf":[],"yoast_head":"<!-- This site is optimized with the Yoast SEO plugin v27.4 - https:\/\/yoast.com\/product\/yoast-seo-wordpress\/ -->\n<title>Equans: Esther Denzler leitet FM-Tochter - IMMOBILIEN Business<\/title>\n<meta name=\"description\" content=\"Die aus Bougues Energies &amp; Services hervorgegangene Equans Switzerland holt die fr\u00fchere CEO des Energie-Dienstleisters WWZ Gruppe als neue Leiterin ihres Bereichs f\u00fcr Facility-Management-Dienstleistungen.\" \/>\n<meta name=\"robots\" content=\"index, follow, max-snippet:-1, max-image-preview:large, max-video-preview:-1\" \/>\n<link rel=\"canonical\" href=\"https:\/\/www.immobilienbusiness.ch\/de\/personalia\/2024-08-23\/equans-esther-denzler-leitet-fm-tochter\/\" \/>\n<meta property=\"og:locale\" content=\"de_DE\" \/>\n<meta property=\"og:type\" content=\"article\" \/>\n<meta property=\"og:title\" content=\"Equans: Esther Denzler leitet FM-Tochter - IMMOBILIEN Business\" \/>\n<meta property=\"og:description\" content=\"Die aus Bougues Energies &amp; Services hervorgegangene Equans Switzerland holt die fr\u00fchere CEO des Energie-Dienstleisters WWZ Gruppe als neue Leiterin ihres Bereichs f\u00fcr Facility-Management-Dienstleistungen.\" \/>\n<meta property=\"og:url\" content=\"https:\/\/www.immobilienbusiness.ch\/de\/personalia\/2024-08-23\/equans-esther-denzler-leitet-fm-tochter\/\" \/>\n<meta property=\"og:site_name\" content=\"IMMOBILIEN Business\" \/>\n<meta property=\"article:publisher\" content=\"https:\/\/www.facebook.com\/immobilienbusiness\/\" \/>\n<meta property=\"article:published_time\" content=\"2024-08-23T05:44:00+00:00\" \/>\n<meta property=\"og:image\" content=\"https:\/\/www.immobilienbusiness.ch\/wp-content\/uploads\/2024\/08\/206_Esther-Denzler-scaled.jpg\" \/>\n\t<meta property=\"og:image:width\" content=\"1200\" \/>\n\t<meta property=\"og:image:height\" content=\"900\" \/>\n\t<meta property=\"og:image:type\" content=\"image\/jpeg\" \/>\n<meta name=\"author\" content=\"Alexander Wachter\" \/>\n<meta name=\"twitter:card\" content=\"summary_large_image\" \/>\n<script type=\"application\/ld+json\" class=\"yoast-schema-graph\">{\"@context\":\"https:\\\/\\\/schema.org\",\"@graph\":[{\"@type\":\"Article\",\"@id\":\"https:\\\/\\\/www.immobilienbusiness.ch\\\/de\\\/personalia\\\/2024-08-23\\\/equans-esther-denzler-leitet-fm-tochter\\\/#article\",\"isPartOf\":{\"@id\":\"https:\\\/\\\/www.immobilienbusiness.ch\\\/de\\\/personalia\\\/2024-08-23\\\/equans-esther-denzler-leitet-fm-tochter\\\/\"},\"author\":{\"name\":\"Alexander Wachter\",\"@id\":\"https:\\\/\\\/www.immobilienbusiness.ch\\\/#\\\/schema\\\/person\\\/aba8bea2db926aa0c24c08c43fe1fcd5\"},\"headline\":\"Equans: Esther Denzler leitet FM-Tochter\",\"datePublished\":\"2024-08-23T05:44:00+00:00\",\"mainEntityOfPage\":{\"@id\":\"https:\\\/\\\/www.immobilienbusiness.ch\\\/de\\\/personalia\\\/2024-08-23\\\/equans-esther-denzler-leitet-fm-tochter\\\/\"},\"wordCount\":154,\"publisher\":{\"@id\":\"https:\\\/\\\/www.immobilienbusiness.ch\\\/#organization\"},\"image\":{\"@id\":\"https:\\\/\\\/www.immobilienbusiness.ch\\\/de\\\/personalia\\\/2024-08-23\\\/equans-esther-denzler-leitet-fm-tochter\\\/#primaryimage\"},\"thumbnailUrl\":\"https:\\\/\\\/www.immobilienbusiness.ch\\\/wp-content\\\/uploads\\\/2024\\\/08\\\/206_Esther-Denzler-scaled.jpg\",\"keywords\":[\"Bouygues\",\"Equans\",\"FM\",\"Personalia\",\"WWZ AG\"],\"articleSection\":[\"PERSONALIA\"],\"inLanguage\":\"de\"},{\"@type\":\"WebPage\",\"@id\":\"https:\\\/\\\/www.immobilienbusiness.ch\\\/de\\\/personalia\\\/2024-08-23\\\/equans-esther-denzler-leitet-fm-tochter\\\/\",\"url\":\"https:\\\/\\\/www.immobilienbusiness.ch\\\/de\\\/personalia\\\/2024-08-23\\\/equans-esther-denzler-leitet-fm-tochter\\\/\",\"name\":\"Equans: Esther Denzler leitet FM-Tochter - IMMOBILIEN Business\",\"isPartOf\":{\"@id\":\"https:\\\/\\\/www.immobilienbusiness.ch\\\/#website\"},\"primaryImageOfPage\":{\"@id\":\"https:\\\/\\\/www.immobilienbusiness.ch\\\/de\\\/personalia\\\/2024-08-23\\\/equans-esther-denzler-leitet-fm-tochter\\\/#primaryimage\"},\"image\":{\"@id\":\"https:\\\/\\\/www.immobilienbusiness.ch\\\/de\\\/personalia\\\/2024-08-23\\\/equans-esther-denzler-leitet-fm-tochter\\\/#primaryimage\"},\"thumbnailUrl\":\"https:\\\/\\\/www.immobilienbusiness.ch\\\/wp-content\\\/uploads\\\/2024\\\/08\\\/206_Esther-Denzler-scaled.jpg\",\"datePublished\":\"2024-08-23T05:44:00+00:00\",\"description\":\"Die aus Bougues Energies & Services hervorgegangene Equans Switzerland holt die fr\u00fchere CEO des Energie-Dienstleisters WWZ Gruppe als neue Leiterin ihres Bereichs f\u00fcr Facility-Management-Dienstleistungen.\",\"breadcrumb\":{\"@id\":\"https:\\\/\\\/www.immobilienbusiness.ch\\\/de\\\/personalia\\\/2024-08-23\\\/equans-esther-denzler-leitet-fm-tochter\\\/#breadcrumb\"},\"inLanguage\":\"de\",\"potentialAction\":[{\"@type\":\"ReadAction\",\"target\":[\"https:\\\/\\\/www.immobilienbusiness.ch\\\/de\\\/personalia\\\/2024-08-23\\\/equans-esther-denzler-leitet-fm-tochter\\\/\"]}]},{\"@type\":\"ImageObject\",\"inLanguage\":\"de\",\"@id\":\"https:\\\/\\\/www.immobilienbusiness.ch\\\/de\\\/personalia\\\/2024-08-23\\\/equans-esther-denzler-leitet-fm-tochter\\\/#primaryimage\",\"url\":\"https:\\\/\\\/www.immobilienbusiness.ch\\\/wp-content\\\/uploads\\\/2024\\\/08\\\/206_Esther-Denzler-scaled.jpg\",\"contentUrl\":\"https:\\\/\\\/www.immobilienbusiness.ch\\\/wp-content\\\/uploads\\\/2024\\\/08\\\/206_Esther-Denzler-scaled.jpg\",\"width\":1200,\"height\":900,\"caption\":\"Esther Denzler (Bild: Equans Switzerland)\"},{\"@type\":\"BreadcrumbList\",\"@id\":\"https:\\\/\\\/www.immobilienbusiness.ch\\\/de\\\/personalia\\\/2024-08-23\\\/equans-esther-denzler-leitet-fm-tochter\\\/#breadcrumb\",\"itemListElement\":[{\"@type\":\"ListItem\",\"position\":1,\"name\":\"Home\",\"item\":\"https:\\\/\\\/www.immobilienbusiness.ch\\\/\"},{\"@type\":\"ListItem\",\"position\":2,\"name\":\"Equans: Esther Denzler leitet FM-Tochter\"}]},{\"@type\":\"WebSite\",\"@id\":\"https:\\\/\\\/www.immobilienbusiness.ch\\\/#website\",\"url\":\"https:\\\/\\\/www.immobilienbusiness.ch\\\/\",\"name\":\"IMMOBILIEN Business\",\"description\":\"Unabh\u00e4ngiges Schweizer Wirtschaftsmagazin mit Fokus auf Immobilien, Architektur- und Bau sowie Investment- und Finanzierung.\",\"publisher\":{\"@id\":\"https:\\\/\\\/www.immobilienbusiness.ch\\\/#organization\"},\"potentialAction\":[{\"@type\":\"SearchAction\",\"target\":{\"@type\":\"EntryPoint\",\"urlTemplate\":\"https:\\\/\\\/www.immobilienbusiness.ch\\\/?s={search_term_string}\"},\"query-input\":{\"@type\":\"PropertyValueSpecification\",\"valueRequired\":true,\"valueName\":\"search_term_string\"}}],\"inLanguage\":\"de\"},{\"@type\":\"Organization\",\"@id\":\"https:\\\/\\\/www.immobilienbusiness.ch\\\/#organization\",\"name\":\"IMMOBILIEN Business\",\"url\":\"https:\\\/\\\/www.immobilienbusiness.ch\\\/\",\"logo\":{\"@type\":\"ImageObject\",\"inLanguage\":\"de\",\"@id\":\"https:\\\/\\\/www.immobilienbusiness.ch\\\/#\\\/schema\\\/logo\\\/image\\\/\",\"url\":\"https:\\\/\\\/www.immobilienbusiness.ch\\\/wp-content\\\/uploads\\\/2021\\\/07\\\/logo_ib.png\",\"contentUrl\":\"https:\\\/\\\/www.immobilienbusiness.ch\\\/wp-content\\\/uploads\\\/2021\\\/07\\\/logo_ib.png\",\"width\":800,\"height\":181,\"caption\":\"IMMOBILIEN Business\"},\"image\":{\"@id\":\"https:\\\/\\\/www.immobilienbusiness.ch\\\/#\\\/schema\\\/logo\\\/image\\\/\"},\"sameAs\":[\"https:\\\/\\\/www.facebook.com\\\/immobilienbusiness\\\/\"]},{\"@type\":\"Person\",\"@id\":\"https:\\\/\\\/www.immobilienbusiness.ch\\\/#\\\/schema\\\/person\\\/aba8bea2db926aa0c24c08c43fe1fcd5\",\"name\":\"Alexander Wachter\",\"image\":{\"@type\":\"ImageObject\",\"inLanguage\":\"de\",\"@id\":\"https:\\\/\\\/secure.gravatar.com\\\/avatar\\\/1a09e471f5389b0e0a6416eac287e0927c7c97a7b77f9e787eba3af7aee281dd?s=96&d=mm&r=g\",\"url\":\"https:\\\/\\\/secure.gravatar.com\\\/avatar\\\/1a09e471f5389b0e0a6416eac287e0927c7c97a7b77f9e787eba3af7aee281dd?s=96&d=mm&r=g\",\"contentUrl\":\"https:\\\/\\\/secure.gravatar.com\\\/avatar\\\/1a09e471f5389b0e0a6416eac287e0927c7c97a7b77f9e787eba3af7aee281dd?s=96&d=mm&r=g\",\"caption\":\"Alexander Wachter\"},\"url\":\"https:\\\/\\\/www.immobilienbusiness.ch\\\/de\\\/author\\\/alexander-wachter\\\/\"}]}<\/script>\n<!-- \/ Yoast SEO plugin. -->","yoast_head_json":{"title":"Equans: Esther Denzler leitet FM-Tochter - IMMOBILIEN Business","description":"Die aus Bougues Energies & Services hervorgegangene Equans Switzerland holt die fr\u00fchere CEO des Energie-Dienstleisters WWZ Gruppe als neue Leiterin ihres Bereichs f\u00fcr Facility-Management-Dienstleistungen.","robots":{"index":"index","follow":"follow","max-snippet":"max-snippet:-1","max-image-preview":"max-image-preview:large","max-video-preview":"max-video-preview:-1"},"canonical":"https:\/\/www.immobilienbusiness.ch\/de\/personalia\/2024-08-23\/equans-esther-denzler-leitet-fm-tochter\/","og_locale":"de_DE","og_type":"article","og_title":"Equans: Esther Denzler leitet FM-Tochter - IMMOBILIEN Business","og_description":"Die aus Bougues Energies & Services hervorgegangene Equans Switzerland holt die fr\u00fchere CEO des Energie-Dienstleisters WWZ Gruppe als neue Leiterin ihres Bereichs f\u00fcr Facility-Management-Dienstleistungen.","og_url":"https:\/\/www.immobilienbusiness.ch\/de\/personalia\/2024-08-23\/equans-esther-denzler-leitet-fm-tochter\/","og_site_name":"IMMOBILIEN Business","article_publisher":"https:\/\/www.facebook.com\/immobilienbusiness\/","article_published_time":"2024-08-23T05:44:00+00:00","og_image":[{"width":1200,"height":900,"url":"https:\/\/www.immobilienbusiness.ch\/wp-content\/uploads\/2024\/08\/206_Esther-Denzler-scaled.jpg","type":"image\/jpeg"}],"author":"Alexander Wachter","twitter_card":"summary_large_image","schema":{"@context":"https:\/\/schema.org","@graph":[{"@type":"Article","@id":"https:\/\/www.immobilienbusiness.ch\/de\/personalia\/2024-08-23\/equans-esther-denzler-leitet-fm-tochter\/#article","isPartOf":{"@id":"https:\/\/www.immobilienbusiness.ch\/de\/personalia\/2024-08-23\/equans-esther-denzler-leitet-fm-tochter\/"},"author":{"name":"Alexander Wachter","@id":"https:\/\/www.immobilienbusiness.ch\/#\/schema\/person\/aba8bea2db926aa0c24c08c43fe1fcd5"},"headline":"Equans: Esther Denzler leitet FM-Tochter","datePublished":"2024-08-23T05:44:00+00:00","mainEntityOfPage":{"@id":"https:\/\/www.immobilienbusiness.ch\/de\/personalia\/2024-08-23\/equans-esther-denzler-leitet-fm-tochter\/"},"wordCount":154,"publisher":{"@id":"https:\/\/www.immobilienbusiness.ch\/#organization"},"image":{"@id":"https:\/\/www.immobilienbusiness.ch\/de\/personalia\/2024-08-23\/equans-esther-denzler-leitet-fm-tochter\/#primaryimage"},"thumbnailUrl":"https:\/\/www.immobilienbusiness.ch\/wp-content\/uploads\/2024\/08\/206_Esther-Denzler-scaled.jpg","keywords":["Bouygues","Equans","FM","Personalia","WWZ AG"],"articleSection":["PERSONALIA"],"inLanguage":"de"},{"@type":"WebPage","@id":"https:\/\/www.immobilienbusiness.ch\/de\/personalia\/2024-08-23\/equans-esther-denzler-leitet-fm-tochter\/","url":"https:\/\/www.immobilienbusiness.ch\/de\/personalia\/2024-08-23\/equans-esther-denzler-leitet-fm-tochter\/","name":"Equans: Esther Denzler leitet FM-Tochter - IMMOBILIEN Business","isPartOf":{"@id":"https:\/\/www.immobilienbusiness.ch\/#website"},"primaryImageOfPage":{"@id":"https:\/\/www.immobilienbusiness.ch\/de\/personalia\/2024-08-23\/equans-esther-denzler-leitet-fm-tochter\/#primaryimage"},"image":{"@id":"https:\/\/www.immobilienbusiness.ch\/de\/personalia\/2024-08-23\/equans-esther-denzler-leitet-fm-tochter\/#primaryimage"},"thumbnailUrl":"https:\/\/www.immobilienbusiness.ch\/wp-content\/uploads\/2024\/08\/206_Esther-Denzler-scaled.jpg","datePublished":"2024-08-23T05:44:00+00:00","description":"Die aus Bougues Energies & Services hervorgegangene Equans Switzerland holt die fr\u00fchere CEO des Energie-Dienstleisters WWZ Gruppe als neue Leiterin ihres Bereichs f\u00fcr Facility-Management-Dienstleistungen.","breadcrumb":{"@id":"https:\/\/www.immobilienbusiness.ch\/de\/personalia\/2024-08-23\/equans-esther-denzler-leitet-fm-tochter\/#breadcrumb"},"inLanguage":"de","potentialAction":[{"@type":"ReadAction","target":["https:\/\/www.immobilienbusiness.ch\/de\/personalia\/2024-08-23\/equans-esther-denzler-leitet-fm-tochter\/"]}]},{"@type":"ImageObject","inLanguage":"de","@id":"https:\/\/www.immobilienbusiness.ch\/de\/personalia\/2024-08-23\/equans-esther-denzler-leitet-fm-tochter\/#primaryimage","url":"https:\/\/www.immobilienbusiness.ch\/wp-content\/uploads\/2024\/08\/206_Esther-Denzler-scaled.jpg","contentUrl":"https:\/\/www.immobilienbusiness.ch\/wp-content\/uploads\/2024\/08\/206_Esther-Denzler-scaled.jpg","width":1200,"height":900,"caption":"Esther Denzler (Bild: Equans Switzerland)"},{"@type":"BreadcrumbList","@id":"https:\/\/www.immobilienbusiness.ch\/de\/personalia\/2024-08-23\/equans-esther-denzler-leitet-fm-tochter\/#breadcrumb","itemListElement":[{"@type":"ListItem","position":1,"name":"Home","item":"https:\/\/www.immobilienbusiness.ch\/"},{"@type":"ListItem","position":2,"name":"Equans: Esther Denzler leitet FM-Tochter"}]},{"@type":"WebSite","@id":"https:\/\/www.immobilienbusiness.ch\/#website","url":"https:\/\/www.immobilienbusiness.ch\/","name":"IMMOBILIEN Business","description":"Unabh\u00e4ngiges Schweizer Wirtschaftsmagazin mit Fokus auf Immobilien, Architektur- und Bau sowie Investment- und Finanzierung.","publisher":{"@id":"https:\/\/www.immobilienbusiness.ch\/#organization"},"potentialAction":[{"@type":"SearchAction","target":{"@type":"EntryPoint","urlTemplate":"https:\/\/www.immobilienbusiness.ch\/?s={search_term_string}"},"query-input":{"@type":"PropertyValueSpecification","valueRequired":true,"valueName":"search_term_string"}}],"inLanguage":"de"},{"@type":"Organization","@id":"https:\/\/www.immobilienbusiness.ch\/#organization","name":"IMMOBILIEN Business","url":"https:\/\/www.immobilienbusiness.ch\/","logo":{"@type":"ImageObject","inLanguage":"de","@id":"https:\/\/www.immobilienbusiness.ch\/#\/schema\/logo\/image\/","url":"https:\/\/www.immobilienbusiness.ch\/wp-content\/uploads\/2021\/07\/logo_ib.png","contentUrl":"https:\/\/www.immobilienbusiness.ch\/wp-content\/uploads\/2021\/07\/logo_ib.png","width":800,"height":181,"caption":"IMMOBILIEN Business"},"image":{"@id":"https:\/\/www.immobilienbusiness.ch\/#\/schema\/logo\/image\/"},"sameAs":["https:\/\/www.facebook.com\/immobilienbusiness\/"]},{"@type":"Person","@id":"https:\/\/www.immobilienbusiness.ch\/#\/schema\/person\/aba8bea2db926aa0c24c08c43fe1fcd5","name":"Alexander Wachter","image":{"@type":"ImageObject","inLanguage":"de","@id":"https:\/\/secure.gravatar.com\/avatar\/1a09e471f5389b0e0a6416eac287e0927c7c97a7b77f9e787eba3af7aee281dd?s=96&d=mm&r=g","url":"https:\/\/secure.gravatar.com\/avatar\/1a09e471f5389b0e0a6416eac287e0927c7c97a7b77f9e787eba3af7aee281dd?s=96&d=mm&r=g","contentUrl":"https:\/\/secure.gravatar.com\/avatar\/1a09e471f5389b0e0a6416eac287e0927c7c97a7b77f9e787eba3af7aee281dd?s=96&d=mm&r=g","caption":"Alexander Wachter"},"url":"https:\/\/www.immobilienbusiness.ch\/de\/author\/alexander-wachter\/"}]}},"_links":{"self":[{"href":"https:\/\/www.immobilienbusiness.ch\/de\/wp-json\/wp\/v2\/posts\/59399","targetHints":{"allow":["GET"]}}],"collection":[{"href":"https:\/\/www.immobilienbusiness.ch\/de\/wp-json\/wp\/v2\/posts"}],"about":[{"href":"https:\/\/www.immobilienbusiness.ch\/de\/wp-json\/wp\/v2\/types\/post"}],"author":[{"embeddable":true,"href":"https:\/\/www.immobilienbusiness.ch\/de\/wp-json\/wp\/v2\/users\/102"}],"replies":[{"embeddable":true,"href":"https:\/\/www.immobilienbusiness.ch\/de\/wp-json\/wp\/v2\/comments?post=59399"}],"version-history":[{"count":2,"href":"https:\/\/www.immobilienbusiness.ch\/de\/wp-json\/wp\/v2\/posts\/59399\/revisions"}],"predecessor-version":[{"id":59402,"href":"https:\/\/www.immobilienbusiness.ch\/de\/wp-json\/wp\/v2\/posts\/59399\/revisions\/59402"}],"wp:featuredmedia":[{"embeddable":true,"href":"https:\/\/www.immobilienbusiness.ch\/de\/wp-json\/wp\/v2\/media\/59400"}],"wp:attachment":[{"href":"https:\/\/www.immobilienbusiness.ch\/de\/wp-json\/wp\/v2\/media?parent=59399"}],"wp:term":[{"taxonomy":"category","embeddable":true,"href":"https:\/\/www.immobilienbusiness.ch\/de\/wp-json\/wp\/v2\/categories?post=59399"},{"taxonomy":"post_tag","embeddable":true,"href":"https:\/\/www.immobilienbusiness.ch\/de\/wp-json\/wp\/v2\/tags?post=59399"}],"curies":[{"name":"wp","href":"https:\/\/api.w.org\/{rel}","templated":true}]}}