{"id":58517,"date":"2024-08-19T08:41:47","date_gmt":"2024-08-19T06:41:47","guid":{"rendered":"https:\/\/www.immobilienbusiness.ch\/?p=58517"},"modified":"2024-08-22T14:02:19","modified_gmt":"2024-08-22T12:02:19","slug":"ebikon-zara-eroeffnet-auf-3-600-qm","status":"publish","type":"post","link":"https:\/\/www.immobilienbusiness.ch\/de\/retail\/2024-08-19\/ebikon-zara-eroeffnet-auf-3-600-qm\/","title":{"rendered":"Ebikon: Zara er\u00f6ffnet auf 3.600 qm"},"content":{"rendered":"<figure id=\"attachment_56648\" aria-describedby=\"caption-attachment-56648\" style=\"width: 958px\" class=\"wp-caption alignnone\"><a href=\"https:\/\/www.immobilienbusiness.ch\/wp-content\/uploads\/2024\/04\/Mall-of-Switzerland-2.png\"><img loading=\"lazy\" decoding=\"async\" class=\"size-full wp-image-56648\" src=\"https:\/\/www.immobilienbusiness.ch\/wp-content\/uploads\/2024\/04\/Mall-of-Switzerland-2.png\" alt=\"Neuer\u00f6ffnungen Mall of Switzerland\" width=\"958\" height=\"389\" srcset=\"https:\/\/www.immobilienbusiness.ch\/wp-content\/uploads\/2024\/04\/Mall-of-Switzerland-2.png 958w, https:\/\/www.immobilienbusiness.ch\/wp-content\/uploads\/2024\/04\/Mall-of-Switzerland-2-300x122.png 300w, https:\/\/www.immobilienbusiness.ch\/wp-content\/uploads\/2024\/04\/Mall-of-Switzerland-2-768x312.png 768w, https:\/\/www.immobilienbusiness.ch\/wp-content\/uploads\/2024\/04\/Mall-of-Switzerland-2-18x7.png 18w, https:\/\/www.immobilienbusiness.ch\/wp-content\/uploads\/2024\/04\/Mall-of-Switzerland-2-375x152.png 375w, https:\/\/www.immobilienbusiness.ch\/wp-content\/uploads\/2024\/04\/Mall-of-Switzerland-2-760x309.png 760w\" sizes=\"auto, (max-width: 958px) 100vw, 958px\" \/><\/a><figcaption id=\"caption-attachment-56648\" class=\"wp-caption-text\">Im gr\u00f6ssten Einkaufszentrum der Zentralschweiz ist Inditex zu einem sehr wichtigen Mieter geworden (Bild: Mall of Switzerland)<\/figcaption><\/figure>\n<p>Die Mall of Switzerland in Ebikon (LU) hat die endg\u00fcltigen Details zur Anmietung des Modefilialisten Zara bekanntgegeben. Wie das gr\u00f6sste Shoppingcenter der Zentralschweiz mitteilt, betr\u00e4gt die Fl\u00e4chengr\u00f6sse 3.600 qm. Die Er\u00f6ffnung soll am 22. August \u00fcber die B\u00fchne gehen.<\/p>\n<p>Neben Zara als neuem Zugpferd hat die Mall of Switzerland auch drei weitere Marken der spanischen Inditex-Gruppe unter ihrem Dach. Ebenfalls pr\u00e4sent sind Bershka, Pull &amp; Bear und Stradivarius. \u00dcber die Er\u00f6ffnung von Stradivarius <a href=\"https:\/\/www.immobilienbusiness.ch\/de\/ib\/2024-08-12\/ebikon-drei-neueroeffnungen-in-der-mall-of-switzerland\/\" target=\"_blank\" rel=\"noopener\">hatten wir vor kurzem berichtet<\/a>.<\/p>\n<p>Laut Angaben der Mall of Switzerland sind derzeit 30.000 qm Fl\u00e4che an Modeanbieter vermietet. Damit verf\u00fcge das Einkaufszentrum \u00fcber eine der gr\u00f6ssten Fashion-Retail-Fl\u00e4che der Schweiz insgesamt. Zur aktuellen Leerstandsquote \u00e4usserte sich das Shoppingcenter auf IB-Anfrage unl\u00e4ngst allerdings nicht. <em>(aw)<\/em><\/p>\n<p>&nbsp;<\/p>\n","protected":false},"excerpt":{"rendered":"<p>Es ist der vierte Store, den Inditex in dem zentralschweizer Einkaufszentrum betreibt.<\/p>\n","protected":false},"author":102,"featured_media":56648,"comment_status":"closed","ping_status":"closed","sticky":false,"template":"","format":"standard","meta":{"_acf_changed":false,"_yoast_wpseo_focuskw":"Zara Er\u00f6ffnung Mall of Switzerland","_yoast_wpseo_title":"","_yoast_wpseo_metadesc":"Zara er\u00f6ffnet am 22. August in der Mall of Switzerland, dem gr\u00f6\u00dften Einkaufszentrum der Zentralschweiz. 3.600 qm Modefl\u00e4che.","_yoast_wpseo_linkdex":48,"pgc_sgb_lightbox_settings":"","footnotes":""},"categories":[985,987],"tags":[1181,3249,1643,1832,2776],"class_list":["post-58517","post","type-post","status-publish","format-standard","has-post-thumbnail","hentry","category-regionen","category-retail","tag-ebikon","tag-inditex","tag-retail","tag-vermietung","tag-zara"],"acf":[],"yoast_head":"<!-- This site is optimized with the Yoast SEO plugin v27.5 - https:\/\/yoast.com\/product\/yoast-seo-wordpress\/ -->\n<title>Ebikon: Zara er\u00f6ffnet auf 3.600 qm - IMMOBILIEN Business<\/title>\n<meta name=\"description\" content=\"Zara er\u00f6ffnet am 22. August in der Mall of Switzerland, dem gr\u00f6\u00dften Einkaufszentrum der Zentralschweiz. 3.600 qm Modefl\u00e4che.\" \/>\n<meta name=\"robots\" content=\"index, follow, max-snippet:-1, max-image-preview:large, max-video-preview:-1\" \/>\n<link rel=\"canonical\" href=\"https:\/\/www.immobilienbusiness.ch\/de\/retail\/2024-08-19\/ebikon-zara-eroeffnet-auf-3-600-qm\/\" \/>\n<meta property=\"og:locale\" content=\"de_DE\" \/>\n<meta property=\"og:type\" content=\"article\" \/>\n<meta property=\"og:title\" content=\"Ebikon: Zara er\u00f6ffnet auf 3.600 qm - IMMOBILIEN Business\" \/>\n<meta property=\"og:description\" content=\"Zara er\u00f6ffnet am 22. August in der Mall of Switzerland, dem gr\u00f6\u00dften Einkaufszentrum der Zentralschweiz. 3.600 qm Modefl\u00e4che.\" \/>\n<meta property=\"og:url\" content=\"https:\/\/www.immobilienbusiness.ch\/de\/retail\/2024-08-19\/ebikon-zara-eroeffnet-auf-3-600-qm\/\" \/>\n<meta property=\"og:site_name\" content=\"IMMOBILIEN Business\" \/>\n<meta property=\"article:publisher\" content=\"https:\/\/www.facebook.com\/immobilienbusiness\/\" \/>\n<meta property=\"article:published_time\" content=\"2024-08-19T06:41:47+00:00\" \/>\n<meta property=\"article:modified_time\" content=\"2024-08-22T12:02:19+00:00\" \/>\n<meta property=\"og:image\" content=\"https:\/\/www.immobilienbusiness.ch\/wp-content\/uploads\/2024\/04\/Mall-of-Switzerland-2.png\" \/>\n\t<meta property=\"og:image:width\" content=\"958\" \/>\n\t<meta property=\"og:image:height\" content=\"389\" \/>\n\t<meta property=\"og:image:type\" content=\"image\/png\" \/>\n<meta name=\"author\" content=\"Alexander Wachter\" \/>\n<meta name=\"twitter:card\" content=\"summary_large_image\" \/>\n<script type=\"application\/ld+json\" class=\"yoast-schema-graph\">{\"@context\":\"https:\\\/\\\/schema.org\",\"@graph\":[{\"@type\":\"Article\",\"@id\":\"https:\\\/\\\/www.immobilienbusiness.ch\\\/it\\\/retail\\\/2024-08-19\\\/ebikon-zara-eroeffnet-auf-3-600-qm\\\/#article\",\"isPartOf\":{\"@id\":\"https:\\\/\\\/www.immobilienbusiness.ch\\\/it\\\/retail\\\/2024-08-19\\\/ebikon-zara-eroeffnet-auf-3-600-qm\\\/\"},\"author\":{\"name\":\"Alexander Wachter\",\"@id\":\"https:\\\/\\\/www.immobilienbusiness.ch\\\/#\\\/schema\\\/person\\\/aba8bea2db926aa0c24c08c43fe1fcd5\"},\"headline\":\"Ebikon: Zara er\u00f6ffnet auf 3.600 qm\",\"datePublished\":\"2024-08-19T06:41:47+00:00\",\"dateModified\":\"2024-08-22T12:02:19+00:00\",\"mainEntityOfPage\":{\"@id\":\"https:\\\/\\\/www.immobilienbusiness.ch\\\/it\\\/retail\\\/2024-08-19\\\/ebikon-zara-eroeffnet-auf-3-600-qm\\\/\"},\"wordCount\":160,\"publisher\":{\"@id\":\"https:\\\/\\\/www.immobilienbusiness.ch\\\/#organization\"},\"image\":{\"@id\":\"https:\\\/\\\/www.immobilienbusiness.ch\\\/it\\\/retail\\\/2024-08-19\\\/ebikon-zara-eroeffnet-auf-3-600-qm\\\/#primaryimage\"},\"thumbnailUrl\":\"https:\\\/\\\/www.immobilienbusiness.ch\\\/wp-content\\\/uploads\\\/2024\\\/04\\\/Mall-of-Switzerland-2.png\",\"keywords\":[\"Ebikon\",\"Inditex\",\"Retail\",\"Vermietung\",\"Zara\"],\"articleSection\":[\"REGIONEN\",\"RETAIL\"],\"inLanguage\":\"de\"},{\"@type\":\"WebPage\",\"@id\":\"https:\\\/\\\/www.immobilienbusiness.ch\\\/it\\\/retail\\\/2024-08-19\\\/ebikon-zara-eroeffnet-auf-3-600-qm\\\/\",\"url\":\"https:\\\/\\\/www.immobilienbusiness.ch\\\/it\\\/retail\\\/2024-08-19\\\/ebikon-zara-eroeffnet-auf-3-600-qm\\\/\",\"name\":\"Ebikon: Zara er\u00f6ffnet auf 3.600 qm - IMMOBILIEN Business\",\"isPartOf\":{\"@id\":\"https:\\\/\\\/www.immobilienbusiness.ch\\\/#website\"},\"primaryImageOfPage\":{\"@id\":\"https:\\\/\\\/www.immobilienbusiness.ch\\\/it\\\/retail\\\/2024-08-19\\\/ebikon-zara-eroeffnet-auf-3-600-qm\\\/#primaryimage\"},\"image\":{\"@id\":\"https:\\\/\\\/www.immobilienbusiness.ch\\\/it\\\/retail\\\/2024-08-19\\\/ebikon-zara-eroeffnet-auf-3-600-qm\\\/#primaryimage\"},\"thumbnailUrl\":\"https:\\\/\\\/www.immobilienbusiness.ch\\\/wp-content\\\/uploads\\\/2024\\\/04\\\/Mall-of-Switzerland-2.png\",\"datePublished\":\"2024-08-19T06:41:47+00:00\",\"dateModified\":\"2024-08-22T12:02:19+00:00\",\"description\":\"Zara er\u00f6ffnet am 22. August in der Mall of Switzerland, dem gr\u00f6\u00dften Einkaufszentrum der Zentralschweiz. 3.600 qm Modefl\u00e4che.\",\"breadcrumb\":{\"@id\":\"https:\\\/\\\/www.immobilienbusiness.ch\\\/it\\\/retail\\\/2024-08-19\\\/ebikon-zara-eroeffnet-auf-3-600-qm\\\/#breadcrumb\"},\"inLanguage\":\"de\",\"potentialAction\":[{\"@type\":\"ReadAction\",\"target\":[\"https:\\\/\\\/www.immobilienbusiness.ch\\\/it\\\/retail\\\/2024-08-19\\\/ebikon-zara-eroeffnet-auf-3-600-qm\\\/\"]}]},{\"@type\":\"ImageObject\",\"inLanguage\":\"de\",\"@id\":\"https:\\\/\\\/www.immobilienbusiness.ch\\\/it\\\/retail\\\/2024-08-19\\\/ebikon-zara-eroeffnet-auf-3-600-qm\\\/#primaryimage\",\"url\":\"https:\\\/\\\/www.immobilienbusiness.ch\\\/wp-content\\\/uploads\\\/2024\\\/04\\\/Mall-of-Switzerland-2.png\",\"contentUrl\":\"https:\\\/\\\/www.immobilienbusiness.ch\\\/wp-content\\\/uploads\\\/2024\\\/04\\\/Mall-of-Switzerland-2.png\",\"width\":958,\"height\":389,\"caption\":\"Die Mall of Switzerland (Bild: zVg)\"},{\"@type\":\"BreadcrumbList\",\"@id\":\"https:\\\/\\\/www.immobilienbusiness.ch\\\/it\\\/retail\\\/2024-08-19\\\/ebikon-zara-eroeffnet-auf-3-600-qm\\\/#breadcrumb\",\"itemListElement\":[{\"@type\":\"ListItem\",\"position\":1,\"name\":\"Home\",\"item\":\"https:\\\/\\\/www.immobilienbusiness.ch\\\/\"},{\"@type\":\"ListItem\",\"position\":2,\"name\":\"Ebikon: Zara er\u00f6ffnet auf 3.600 qm\"}]},{\"@type\":\"WebSite\",\"@id\":\"https:\\\/\\\/www.immobilienbusiness.ch\\\/#website\",\"url\":\"https:\\\/\\\/www.immobilienbusiness.ch\\\/\",\"name\":\"IMMOBILIEN Business\",\"description\":\"Unabh\u00e4ngiges Schweizer Wirtschaftsmagazin mit Fokus auf Immobilien, Architektur- und Bau sowie Investment- und Finanzierung.\",\"publisher\":{\"@id\":\"https:\\\/\\\/www.immobilienbusiness.ch\\\/#organization\"},\"potentialAction\":[{\"@type\":\"SearchAction\",\"target\":{\"@type\":\"EntryPoint\",\"urlTemplate\":\"https:\\\/\\\/www.immobilienbusiness.ch\\\/?s={search_term_string}\"},\"query-input\":{\"@type\":\"PropertyValueSpecification\",\"valueRequired\":true,\"valueName\":\"search_term_string\"}}],\"inLanguage\":\"de\"},{\"@type\":\"Organization\",\"@id\":\"https:\\\/\\\/www.immobilienbusiness.ch\\\/#organization\",\"name\":\"IMMOBILIEN Business\",\"url\":\"https:\\\/\\\/www.immobilienbusiness.ch\\\/\",\"logo\":{\"@type\":\"ImageObject\",\"inLanguage\":\"de\",\"@id\":\"https:\\\/\\\/www.immobilienbusiness.ch\\\/#\\\/schema\\\/logo\\\/image\\\/\",\"url\":\"https:\\\/\\\/www.immobilienbusiness.ch\\\/wp-content\\\/uploads\\\/2021\\\/07\\\/logo_ib.png\",\"contentUrl\":\"https:\\\/\\\/www.immobilienbusiness.ch\\\/wp-content\\\/uploads\\\/2021\\\/07\\\/logo_ib.png\",\"width\":800,\"height\":181,\"caption\":\"IMMOBILIEN Business\"},\"image\":{\"@id\":\"https:\\\/\\\/www.immobilienbusiness.ch\\\/#\\\/schema\\\/logo\\\/image\\\/\"},\"sameAs\":[\"https:\\\/\\\/www.facebook.com\\\/immobilienbusiness\\\/\"]},{\"@type\":\"Person\",\"@id\":\"https:\\\/\\\/www.immobilienbusiness.ch\\\/#\\\/schema\\\/person\\\/aba8bea2db926aa0c24c08c43fe1fcd5\",\"name\":\"Alexander Wachter\",\"image\":{\"@type\":\"ImageObject\",\"inLanguage\":\"de\",\"@id\":\"https:\\\/\\\/secure.gravatar.com\\\/avatar\\\/1a09e471f5389b0e0a6416eac287e0927c7c97a7b77f9e787eba3af7aee281dd?s=96&d=mm&r=g\",\"url\":\"https:\\\/\\\/secure.gravatar.com\\\/avatar\\\/1a09e471f5389b0e0a6416eac287e0927c7c97a7b77f9e787eba3af7aee281dd?s=96&d=mm&r=g\",\"contentUrl\":\"https:\\\/\\\/secure.gravatar.com\\\/avatar\\\/1a09e471f5389b0e0a6416eac287e0927c7c97a7b77f9e787eba3af7aee281dd?s=96&d=mm&r=g\",\"caption\":\"Alexander Wachter\"},\"url\":\"https:\\\/\\\/www.immobilienbusiness.ch\\\/de\\\/author\\\/alexander-wachter\\\/\"}]}<\/script>\n<!-- \/ Yoast SEO plugin. -->","yoast_head_json":{"title":"Ebikon: Zara er\u00f6ffnet auf 3.600 qm - IMMOBILIEN Business","description":"Zara er\u00f6ffnet am 22. August in der Mall of Switzerland, dem gr\u00f6\u00dften Einkaufszentrum der Zentralschweiz. 3.600 qm Modefl\u00e4che.","robots":{"index":"index","follow":"follow","max-snippet":"max-snippet:-1","max-image-preview":"max-image-preview:large","max-video-preview":"max-video-preview:-1"},"canonical":"https:\/\/www.immobilienbusiness.ch\/de\/retail\/2024-08-19\/ebikon-zara-eroeffnet-auf-3-600-qm\/","og_locale":"de_DE","og_type":"article","og_title":"Ebikon: Zara er\u00f6ffnet auf 3.600 qm - IMMOBILIEN Business","og_description":"Zara er\u00f6ffnet am 22. August in der Mall of Switzerland, dem gr\u00f6\u00dften Einkaufszentrum der Zentralschweiz. 3.600 qm Modefl\u00e4che.","og_url":"https:\/\/www.immobilienbusiness.ch\/de\/retail\/2024-08-19\/ebikon-zara-eroeffnet-auf-3-600-qm\/","og_site_name":"IMMOBILIEN Business","article_publisher":"https:\/\/www.facebook.com\/immobilienbusiness\/","article_published_time":"2024-08-19T06:41:47+00:00","article_modified_time":"2024-08-22T12:02:19+00:00","og_image":[{"width":958,"height":389,"url":"https:\/\/www.immobilienbusiness.ch\/wp-content\/uploads\/2024\/04\/Mall-of-Switzerland-2.png","type":"image\/png"}],"author":"Alexander Wachter","twitter_card":"summary_large_image","schema":{"@context":"https:\/\/schema.org","@graph":[{"@type":"Article","@id":"https:\/\/www.immobilienbusiness.ch\/it\/retail\/2024-08-19\/ebikon-zara-eroeffnet-auf-3-600-qm\/#article","isPartOf":{"@id":"https:\/\/www.immobilienbusiness.ch\/it\/retail\/2024-08-19\/ebikon-zara-eroeffnet-auf-3-600-qm\/"},"author":{"name":"Alexander Wachter","@id":"https:\/\/www.immobilienbusiness.ch\/#\/schema\/person\/aba8bea2db926aa0c24c08c43fe1fcd5"},"headline":"Ebikon: Zara er\u00f6ffnet auf 3.600 qm","datePublished":"2024-08-19T06:41:47+00:00","dateModified":"2024-08-22T12:02:19+00:00","mainEntityOfPage":{"@id":"https:\/\/www.immobilienbusiness.ch\/it\/retail\/2024-08-19\/ebikon-zara-eroeffnet-auf-3-600-qm\/"},"wordCount":160,"publisher":{"@id":"https:\/\/www.immobilienbusiness.ch\/#organization"},"image":{"@id":"https:\/\/www.immobilienbusiness.ch\/it\/retail\/2024-08-19\/ebikon-zara-eroeffnet-auf-3-600-qm\/#primaryimage"},"thumbnailUrl":"https:\/\/www.immobilienbusiness.ch\/wp-content\/uploads\/2024\/04\/Mall-of-Switzerland-2.png","keywords":["Ebikon","Inditex","Retail","Vermietung","Zara"],"articleSection":["REGIONEN","RETAIL"],"inLanguage":"de"},{"@type":"WebPage","@id":"https:\/\/www.immobilienbusiness.ch\/it\/retail\/2024-08-19\/ebikon-zara-eroeffnet-auf-3-600-qm\/","url":"https:\/\/www.immobilienbusiness.ch\/it\/retail\/2024-08-19\/ebikon-zara-eroeffnet-auf-3-600-qm\/","name":"Ebikon: Zara er\u00f6ffnet auf 3.600 qm - IMMOBILIEN Business","isPartOf":{"@id":"https:\/\/www.immobilienbusiness.ch\/#website"},"primaryImageOfPage":{"@id":"https:\/\/www.immobilienbusiness.ch\/it\/retail\/2024-08-19\/ebikon-zara-eroeffnet-auf-3-600-qm\/#primaryimage"},"image":{"@id":"https:\/\/www.immobilienbusiness.ch\/it\/retail\/2024-08-19\/ebikon-zara-eroeffnet-auf-3-600-qm\/#primaryimage"},"thumbnailUrl":"https:\/\/www.immobilienbusiness.ch\/wp-content\/uploads\/2024\/04\/Mall-of-Switzerland-2.png","datePublished":"2024-08-19T06:41:47+00:00","dateModified":"2024-08-22T12:02:19+00:00","description":"Zara er\u00f6ffnet am 22. August in der Mall of Switzerland, dem gr\u00f6\u00dften Einkaufszentrum der Zentralschweiz. 3.600 qm Modefl\u00e4che.","breadcrumb":{"@id":"https:\/\/www.immobilienbusiness.ch\/it\/retail\/2024-08-19\/ebikon-zara-eroeffnet-auf-3-600-qm\/#breadcrumb"},"inLanguage":"de","potentialAction":[{"@type":"ReadAction","target":["https:\/\/www.immobilienbusiness.ch\/it\/retail\/2024-08-19\/ebikon-zara-eroeffnet-auf-3-600-qm\/"]}]},{"@type":"ImageObject","inLanguage":"de","@id":"https:\/\/www.immobilienbusiness.ch\/it\/retail\/2024-08-19\/ebikon-zara-eroeffnet-auf-3-600-qm\/#primaryimage","url":"https:\/\/www.immobilienbusiness.ch\/wp-content\/uploads\/2024\/04\/Mall-of-Switzerland-2.png","contentUrl":"https:\/\/www.immobilienbusiness.ch\/wp-content\/uploads\/2024\/04\/Mall-of-Switzerland-2.png","width":958,"height":389,"caption":"Die Mall of Switzerland (Bild: zVg)"},{"@type":"BreadcrumbList","@id":"https:\/\/www.immobilienbusiness.ch\/it\/retail\/2024-08-19\/ebikon-zara-eroeffnet-auf-3-600-qm\/#breadcrumb","itemListElement":[{"@type":"ListItem","position":1,"name":"Home","item":"https:\/\/www.immobilienbusiness.ch\/"},{"@type":"ListItem","position":2,"name":"Ebikon: Zara er\u00f6ffnet auf 3.600 qm"}]},{"@type":"WebSite","@id":"https:\/\/www.immobilienbusiness.ch\/#website","url":"https:\/\/www.immobilienbusiness.ch\/","name":"IMMOBILIEN Business","description":"Unabh\u00e4ngiges Schweizer Wirtschaftsmagazin mit Fokus auf Immobilien, Architektur- und Bau sowie Investment- und Finanzierung.","publisher":{"@id":"https:\/\/www.immobilienbusiness.ch\/#organization"},"potentialAction":[{"@type":"SearchAction","target":{"@type":"EntryPoint","urlTemplate":"https:\/\/www.immobilienbusiness.ch\/?s={search_term_string}"},"query-input":{"@type":"PropertyValueSpecification","valueRequired":true,"valueName":"search_term_string"}}],"inLanguage":"de"},{"@type":"Organization","@id":"https:\/\/www.immobilienbusiness.ch\/#organization","name":"IMMOBILIEN Business","url":"https:\/\/www.immobilienbusiness.ch\/","logo":{"@type":"ImageObject","inLanguage":"de","@id":"https:\/\/www.immobilienbusiness.ch\/#\/schema\/logo\/image\/","url":"https:\/\/www.immobilienbusiness.ch\/wp-content\/uploads\/2021\/07\/logo_ib.png","contentUrl":"https:\/\/www.immobilienbusiness.ch\/wp-content\/uploads\/2021\/07\/logo_ib.png","width":800,"height":181,"caption":"IMMOBILIEN Business"},"image":{"@id":"https:\/\/www.immobilienbusiness.ch\/#\/schema\/logo\/image\/"},"sameAs":["https:\/\/www.facebook.com\/immobilienbusiness\/"]},{"@type":"Person","@id":"https:\/\/www.immobilienbusiness.ch\/#\/schema\/person\/aba8bea2db926aa0c24c08c43fe1fcd5","name":"Alexander Wachter","image":{"@type":"ImageObject","inLanguage":"de","@id":"https:\/\/secure.gravatar.com\/avatar\/1a09e471f5389b0e0a6416eac287e0927c7c97a7b77f9e787eba3af7aee281dd?s=96&d=mm&r=g","url":"https:\/\/secure.gravatar.com\/avatar\/1a09e471f5389b0e0a6416eac287e0927c7c97a7b77f9e787eba3af7aee281dd?s=96&d=mm&r=g","contentUrl":"https:\/\/secure.gravatar.com\/avatar\/1a09e471f5389b0e0a6416eac287e0927c7c97a7b77f9e787eba3af7aee281dd?s=96&d=mm&r=g","caption":"Alexander Wachter"},"url":"https:\/\/www.immobilienbusiness.ch\/de\/author\/alexander-wachter\/"}]}},"_links":{"self":[{"href":"https:\/\/www.immobilienbusiness.ch\/de\/wp-json\/wp\/v2\/posts\/58517","targetHints":{"allow":["GET"]}}],"collection":[{"href":"https:\/\/www.immobilienbusiness.ch\/de\/wp-json\/wp\/v2\/posts"}],"about":[{"href":"https:\/\/www.immobilienbusiness.ch\/de\/wp-json\/wp\/v2\/types\/post"}],"author":[{"embeddable":true,"href":"https:\/\/www.immobilienbusiness.ch\/de\/wp-json\/wp\/v2\/users\/102"}],"replies":[{"embeddable":true,"href":"https:\/\/www.immobilienbusiness.ch\/de\/wp-json\/wp\/v2\/comments?post=58517"}],"version-history":[{"count":2,"href":"https:\/\/www.immobilienbusiness.ch\/de\/wp-json\/wp\/v2\/posts\/58517\/revisions"}],"predecessor-version":[{"id":58519,"href":"https:\/\/www.immobilienbusiness.ch\/de\/wp-json\/wp\/v2\/posts\/58517\/revisions\/58519"}],"wp:featuredmedia":[{"embeddable":true,"href":"https:\/\/www.immobilienbusiness.ch\/de\/wp-json\/wp\/v2\/media\/56648"}],"wp:attachment":[{"href":"https:\/\/www.immobilienbusiness.ch\/de\/wp-json\/wp\/v2\/media?parent=58517"}],"wp:term":[{"taxonomy":"category","embeddable":true,"href":"https:\/\/www.immobilienbusiness.ch\/de\/wp-json\/wp\/v2\/categories?post=58517"},{"taxonomy":"post_tag","embeddable":true,"href":"https:\/\/www.immobilienbusiness.ch\/de\/wp-json\/wp\/v2\/tags?post=58517"}],"curies":[{"name":"wp","href":"https:\/\/api.w.org\/{rel}","templated":true}]}}