{"id":5841,"date":"2017-01-17T08:54:42","date_gmt":"2017-01-17T07:54:42","guid":{"rendered":"https:\/\/immobilienbusiness.ch\/?p=5841"},"modified":"2017-01-17T08:54:42","modified_gmt":"2017-01-17T07:54:42","slug":"helvetic-private-investments-rahman-rahmanzadeh-ruhestand","status":"publish","type":"post","link":"https:\/\/www.immobilienbusiness.ch\/de\/unternehmen\/2017-01-17\/helvetic-private-investments-rahman-rahmanzadeh-ruhestand\/","title":{"rendered":"Helvetic Private Investments: Rahmanzadeh im Ruhestand"},"content":{"rendered":"<figure id=\"attachment_5842\" aria-describedby=\"caption-attachment-5842\" style=\"width: 680px\" class=\"wp-caption alignnone\"><img loading=\"lazy\" decoding=\"async\" class=\"size-medium wp-image-5842\" src=\"https:\/\/immobilienbusiness.ch\/wp-content\/uploads\/2017\/01\/bild_hfs_rahmanzadeh_rahmann_201308.jpeg\" alt=\"\" width=\"680\" height=\"453\" \/><figcaption id=\"caption-attachment-5842\" class=\"wp-caption-text\">Rahman Rahmanzadeh (Foto: Helvetic Property Investments)<\/figcaption><\/figure>\n<p>Der 67j\u00e4hrige Rahman Rahmanzadeh war seit 2011\u00a0Mitglied der Gesch\u00e4ftsleitung der Helvetic Private Investments AG mit Sitz in Wollerau, die er nun zum Jahresende 2016 verlassen hat. Er wird dem Unternehmen aber auch\u00a0zuk\u00fcnftig in beratender Funktion zur Seite stehen, teilt Helvetic Private Investments mit.<\/p>\n<p>Rahmanzadeh blickt auf fast 40 Jahre Entwicklung, Realisierung, Vertrieb und Verwaltung von Wohn-, B\u00fcro- und Detailhandelsprojekten sowie eine Vielzahl von\u00a0Projektentwicklungen im deutschsprachigen Raum\u00a0zur\u00fcck.\u00a0In der Schweiz zeichnete Rahman Rahmanzadeh f\u00fcr die Entwicklung und Realisierung von Immobilien der Areale \u00abH\u00fcrlimann\u00bb und \u00abL\u00f6wenbr\u00e4u\u00bb in Z\u00fcrich, \u00abGurten\u00bb\u00a0in Bern sowie \u00abPeninsula\u00bb in W\u00e4denswil verantwortlich.<\/p>\n<p>Sein beruflicher Werdegang f\u00fchrte ihn zu Unternehmen wie der Hochtief AG, Technoteam, Strabag, Herlitz Falkenh\u00f6h und RSE Projektmanagement in Deutschland. In der Schweiz war er f\u00fcr die REG Real Estate Group, PSP Properties und die\u00a0Peach Property Group t\u00e4tig.<\/p>\n<p>&nbsp;<\/p>\n","protected":false},"excerpt":{"rendered":"<p>Ende 2016 ist Rahman Rahmanzadeh, COO der Helvetic Private Investments AG, in den Ruhestand gegangen.<\/p>\n","protected":false},"author":3,"featured_media":5842,"comment_status":"open","ping_status":"open","sticky":false,"template":"","format":"standard","meta":{"_acf_changed":false,"_yoast_wpseo_focuskw":"Rahmanzadeh","_yoast_wpseo_title":"","_yoast_wpseo_metadesc":"Mit Ende 2016 ist Rahman Rahmanzadeh, COO der Helvetic Private Investments AG, in den Ruhestand gegangen.","_yoast_wpseo_linkdex":44,"pgc_sgb_lightbox_settings":"","footnotes":""},"categories":[988],"tags":[1563,1807],"class_list":["post-5841","post","type-post","status-publish","format-standard","has-post-thumbnail","hentry","category-unternehmen","tag-personalia","tag-unternehmen"],"acf":[],"yoast_head":"<!-- This site is optimized with the Yoast SEO plugin v27.4 - https:\/\/yoast.com\/product\/yoast-seo-wordpress\/ -->\n<title>Helvetic Private Investments: Rahmanzadeh im Ruhestand - IMMOBILIEN Business<\/title>\n<meta name=\"description\" content=\"Mit Ende 2016 ist Rahman Rahmanzadeh, COO der Helvetic Private Investments AG, in den Ruhestand gegangen.\" \/>\n<meta name=\"robots\" content=\"index, follow, max-snippet:-1, max-image-preview:large, max-video-preview:-1\" \/>\n<link rel=\"canonical\" href=\"https:\/\/www.immobilienbusiness.ch\/de\/unternehmen\/2017-01-17\/helvetic-private-investments-rahman-rahmanzadeh-ruhestand\/\" \/>\n<meta property=\"og:locale\" content=\"de_DE\" \/>\n<meta property=\"og:type\" content=\"article\" \/>\n<meta property=\"og:title\" content=\"Helvetic Private Investments: Rahmanzadeh im Ruhestand\" \/>\n<meta property=\"og:description\" content=\"Mit Ende 2016 ist Rahman Rahmanzadeh, COO der Helvetic Private Investments AG, in den Ruhestand gegangen.\" \/>\n<meta property=\"og:url\" content=\"https:\/\/www.immobilienbusiness.ch\/de\/unternehmen\/2017-01-17\/helvetic-private-investments-rahman-rahmanzadeh-ruhestand\/\" \/>\n<meta property=\"og:site_name\" content=\"IMMOBILIEN Business\" \/>\n<meta property=\"article:publisher\" content=\"https:\/\/www.facebook.com\/immobilienbusiness\/\" \/>\n<meta property=\"article:published_time\" content=\"2017-01-17T07:54:42+00:00\" \/>\n<meta name=\"author\" content=\"anja.hall\" \/>\n<meta name=\"twitter:card\" content=\"summary_large_image\" \/>\n<meta name=\"twitter:title\" content=\"Helvetic Private Investments: Rahmanzadeh im Ruhestand\" \/>\n<meta name=\"twitter:description\" content=\"Mit Ende 2016 ist Rahman Rahmanzadeh, COO der Helvetic Private Investments AG, in den Ruhestand gegangen.\" \/>\n<meta name=\"twitter:image\" content=\"https:\/\/immobilienbusiness.ch\/wp-content\/uploads\/2017\/01\/bild_hfs_rahmanzadeh_rahmann_201308.jpeg\" \/>\n<script type=\"application\/ld+json\" class=\"yoast-schema-graph\">{\"@context\":\"https:\\\/\\\/schema.org\",\"@graph\":[{\"@type\":\"Article\",\"@id\":\"https:\\\/\\\/www.immobilienbusiness.ch\\\/de\\\/unternehmen\\\/2017-01-17\\\/helvetic-private-investments-rahman-rahmanzadeh-ruhestand\\\/#article\",\"isPartOf\":{\"@id\":\"https:\\\/\\\/www.immobilienbusiness.ch\\\/de\\\/unternehmen\\\/2017-01-17\\\/helvetic-private-investments-rahman-rahmanzadeh-ruhestand\\\/\"},\"author\":{\"name\":\"anja.hall\",\"@id\":\"https:\\\/\\\/www.immobilienbusiness.ch\\\/#\\\/schema\\\/person\\\/3fc036297b10b9f42d6db5ee932af8c8\"},\"headline\":\"Helvetic Private Investments: Rahmanzadeh im Ruhestand\",\"datePublished\":\"2017-01-17T07:54:42+00:00\",\"mainEntityOfPage\":{\"@id\":\"https:\\\/\\\/www.immobilienbusiness.ch\\\/de\\\/unternehmen\\\/2017-01-17\\\/helvetic-private-investments-rahman-rahmanzadeh-ruhestand\\\/\"},\"wordCount\":169,\"commentCount\":0,\"publisher\":{\"@id\":\"https:\\\/\\\/www.immobilienbusiness.ch\\\/#organization\"},\"image\":{\"@id\":\"https:\\\/\\\/www.immobilienbusiness.ch\\\/de\\\/unternehmen\\\/2017-01-17\\\/helvetic-private-investments-rahman-rahmanzadeh-ruhestand\\\/#primaryimage\"},\"thumbnailUrl\":\"https:\\\/\\\/www.immobilienbusiness.ch\\\/wp-content\\\/uploads\\\/2017\\\/01\\\/bild_hfs_rahmanzadeh_rahmann_201308-scaled.jpeg\",\"keywords\":[\"Personalia\",\"Unternehmen\"],\"articleSection\":[\"UNTERNEHMEN\"],\"inLanguage\":\"de\"},{\"@type\":\"WebPage\",\"@id\":\"https:\\\/\\\/www.immobilienbusiness.ch\\\/de\\\/unternehmen\\\/2017-01-17\\\/helvetic-private-investments-rahman-rahmanzadeh-ruhestand\\\/\",\"url\":\"https:\\\/\\\/www.immobilienbusiness.ch\\\/de\\\/unternehmen\\\/2017-01-17\\\/helvetic-private-investments-rahman-rahmanzadeh-ruhestand\\\/\",\"name\":\"Helvetic Private Investments: Rahmanzadeh im Ruhestand - IMMOBILIEN Business\",\"isPartOf\":{\"@id\":\"https:\\\/\\\/www.immobilienbusiness.ch\\\/#website\"},\"primaryImageOfPage\":{\"@id\":\"https:\\\/\\\/www.immobilienbusiness.ch\\\/de\\\/unternehmen\\\/2017-01-17\\\/helvetic-private-investments-rahman-rahmanzadeh-ruhestand\\\/#primaryimage\"},\"image\":{\"@id\":\"https:\\\/\\\/www.immobilienbusiness.ch\\\/de\\\/unternehmen\\\/2017-01-17\\\/helvetic-private-investments-rahman-rahmanzadeh-ruhestand\\\/#primaryimage\"},\"thumbnailUrl\":\"https:\\\/\\\/www.immobilienbusiness.ch\\\/wp-content\\\/uploads\\\/2017\\\/01\\\/bild_hfs_rahmanzadeh_rahmann_201308-scaled.jpeg\",\"datePublished\":\"2017-01-17T07:54:42+00:00\",\"description\":\"Mit Ende 2016 ist Rahman Rahmanzadeh, COO der Helvetic Private Investments AG, in den Ruhestand gegangen.\",\"breadcrumb\":{\"@id\":\"https:\\\/\\\/www.immobilienbusiness.ch\\\/de\\\/unternehmen\\\/2017-01-17\\\/helvetic-private-investments-rahman-rahmanzadeh-ruhestand\\\/#breadcrumb\"},\"inLanguage\":\"de\",\"potentialAction\":[{\"@type\":\"ReadAction\",\"target\":[\"https:\\\/\\\/www.immobilienbusiness.ch\\\/de\\\/unternehmen\\\/2017-01-17\\\/helvetic-private-investments-rahman-rahmanzadeh-ruhestand\\\/\"]}]},{\"@type\":\"ImageObject\",\"inLanguage\":\"de\",\"@id\":\"https:\\\/\\\/www.immobilienbusiness.ch\\\/de\\\/unternehmen\\\/2017-01-17\\\/helvetic-private-investments-rahman-rahmanzadeh-ruhestand\\\/#primaryimage\",\"url\":\"https:\\\/\\\/www.immobilienbusiness.ch\\\/wp-content\\\/uploads\\\/2017\\\/01\\\/bild_hfs_rahmanzadeh_rahmann_201308-scaled.jpeg\",\"contentUrl\":\"https:\\\/\\\/www.immobilienbusiness.ch\\\/wp-content\\\/uploads\\\/2017\\\/01\\\/bild_hfs_rahmanzadeh_rahmann_201308-scaled.jpeg\",\"width\":2560,\"height\":1704,\"caption\":\"Rahman Rahmanzadeh (Foto: Helvetic Property Investments)\"},{\"@type\":\"BreadcrumbList\",\"@id\":\"https:\\\/\\\/www.immobilienbusiness.ch\\\/de\\\/unternehmen\\\/2017-01-17\\\/helvetic-private-investments-rahman-rahmanzadeh-ruhestand\\\/#breadcrumb\",\"itemListElement\":[{\"@type\":\"ListItem\",\"position\":1,\"name\":\"Home\",\"item\":\"https:\\\/\\\/www.immobilienbusiness.ch\\\/\"},{\"@type\":\"ListItem\",\"position\":2,\"name\":\"Helvetic Private Investments: Rahmanzadeh im Ruhestand\"}]},{\"@type\":\"WebSite\",\"@id\":\"https:\\\/\\\/www.immobilienbusiness.ch\\\/#website\",\"url\":\"https:\\\/\\\/www.immobilienbusiness.ch\\\/\",\"name\":\"IMMOBILIEN Business\",\"description\":\"Unabh\u00e4ngiges Schweizer Wirtschaftsmagazin mit Fokus auf Immobilien, Architektur- und Bau sowie Investment- und Finanzierung.\",\"publisher\":{\"@id\":\"https:\\\/\\\/www.immobilienbusiness.ch\\\/#organization\"},\"potentialAction\":[{\"@type\":\"SearchAction\",\"target\":{\"@type\":\"EntryPoint\",\"urlTemplate\":\"https:\\\/\\\/www.immobilienbusiness.ch\\\/?s={search_term_string}\"},\"query-input\":{\"@type\":\"PropertyValueSpecification\",\"valueRequired\":true,\"valueName\":\"search_term_string\"}}],\"inLanguage\":\"de\"},{\"@type\":\"Organization\",\"@id\":\"https:\\\/\\\/www.immobilienbusiness.ch\\\/#organization\",\"name\":\"IMMOBILIEN Business\",\"url\":\"https:\\\/\\\/www.immobilienbusiness.ch\\\/\",\"logo\":{\"@type\":\"ImageObject\",\"inLanguage\":\"de\",\"@id\":\"https:\\\/\\\/www.immobilienbusiness.ch\\\/#\\\/schema\\\/logo\\\/image\\\/\",\"url\":\"https:\\\/\\\/www.immobilienbusiness.ch\\\/wp-content\\\/uploads\\\/2021\\\/07\\\/logo_ib.png\",\"contentUrl\":\"https:\\\/\\\/www.immobilienbusiness.ch\\\/wp-content\\\/uploads\\\/2021\\\/07\\\/logo_ib.png\",\"width\":800,\"height\":181,\"caption\":\"IMMOBILIEN Business\"},\"image\":{\"@id\":\"https:\\\/\\\/www.immobilienbusiness.ch\\\/#\\\/schema\\\/logo\\\/image\\\/\"},\"sameAs\":[\"https:\\\/\\\/www.facebook.com\\\/immobilienbusiness\\\/\"]},{\"@type\":\"Person\",\"@id\":\"https:\\\/\\\/www.immobilienbusiness.ch\\\/#\\\/schema\\\/person\\\/3fc036297b10b9f42d6db5ee932af8c8\",\"name\":\"anja.hall\",\"image\":{\"@type\":\"ImageObject\",\"inLanguage\":\"de\",\"@id\":\"https:\\\/\\\/secure.gravatar.com\\\/avatar\\\/066b5a0d447013502c71a5782f4f3469f03cfe595cc2329fb94652fe47511bfb?s=96&d=mm&r=g\",\"url\":\"https:\\\/\\\/secure.gravatar.com\\\/avatar\\\/066b5a0d447013502c71a5782f4f3469f03cfe595cc2329fb94652fe47511bfb?s=96&d=mm&r=g\",\"contentUrl\":\"https:\\\/\\\/secure.gravatar.com\\\/avatar\\\/066b5a0d447013502c71a5782f4f3469f03cfe595cc2329fb94652fe47511bfb?s=96&d=mm&r=g\",\"caption\":\"anja.hall\"},\"url\":\"https:\\\/\\\/www.immobilienbusiness.ch\\\/de\\\/author\\\/anja-hall\\\/\"}]}<\/script>\n<!-- \/ Yoast SEO plugin. -->","yoast_head_json":{"title":"Helvetic Private Investments: Rahmanzadeh im Ruhestand - IMMOBILIEN Business","description":"Mit Ende 2016 ist Rahman Rahmanzadeh, COO der Helvetic Private Investments AG, in den Ruhestand gegangen.","robots":{"index":"index","follow":"follow","max-snippet":"max-snippet:-1","max-image-preview":"max-image-preview:large","max-video-preview":"max-video-preview:-1"},"canonical":"https:\/\/www.immobilienbusiness.ch\/de\/unternehmen\/2017-01-17\/helvetic-private-investments-rahman-rahmanzadeh-ruhestand\/","og_locale":"de_DE","og_type":"article","og_title":"Helvetic Private Investments: Rahmanzadeh im Ruhestand","og_description":"Mit Ende 2016 ist Rahman Rahmanzadeh, COO der Helvetic Private Investments AG, in den Ruhestand gegangen.","og_url":"https:\/\/www.immobilienbusiness.ch\/de\/unternehmen\/2017-01-17\/helvetic-private-investments-rahman-rahmanzadeh-ruhestand\/","og_site_name":"IMMOBILIEN Business","article_publisher":"https:\/\/www.facebook.com\/immobilienbusiness\/","article_published_time":"2017-01-17T07:54:42+00:00","author":"anja.hall","twitter_card":"summary_large_image","twitter_title":"Helvetic Private Investments: Rahmanzadeh im Ruhestand","twitter_description":"Mit Ende 2016 ist Rahman Rahmanzadeh, COO der Helvetic Private Investments AG, in den Ruhestand gegangen.","twitter_image":"https:\/\/immobilienbusiness.ch\/wp-content\/uploads\/2017\/01\/bild_hfs_rahmanzadeh_rahmann_201308.jpeg","schema":{"@context":"https:\/\/schema.org","@graph":[{"@type":"Article","@id":"https:\/\/www.immobilienbusiness.ch\/de\/unternehmen\/2017-01-17\/helvetic-private-investments-rahman-rahmanzadeh-ruhestand\/#article","isPartOf":{"@id":"https:\/\/www.immobilienbusiness.ch\/de\/unternehmen\/2017-01-17\/helvetic-private-investments-rahman-rahmanzadeh-ruhestand\/"},"author":{"name":"anja.hall","@id":"https:\/\/www.immobilienbusiness.ch\/#\/schema\/person\/3fc036297b10b9f42d6db5ee932af8c8"},"headline":"Helvetic Private Investments: Rahmanzadeh im Ruhestand","datePublished":"2017-01-17T07:54:42+00:00","mainEntityOfPage":{"@id":"https:\/\/www.immobilienbusiness.ch\/de\/unternehmen\/2017-01-17\/helvetic-private-investments-rahman-rahmanzadeh-ruhestand\/"},"wordCount":169,"commentCount":0,"publisher":{"@id":"https:\/\/www.immobilienbusiness.ch\/#organization"},"image":{"@id":"https:\/\/www.immobilienbusiness.ch\/de\/unternehmen\/2017-01-17\/helvetic-private-investments-rahman-rahmanzadeh-ruhestand\/#primaryimage"},"thumbnailUrl":"https:\/\/www.immobilienbusiness.ch\/wp-content\/uploads\/2017\/01\/bild_hfs_rahmanzadeh_rahmann_201308-scaled.jpeg","keywords":["Personalia","Unternehmen"],"articleSection":["UNTERNEHMEN"],"inLanguage":"de"},{"@type":"WebPage","@id":"https:\/\/www.immobilienbusiness.ch\/de\/unternehmen\/2017-01-17\/helvetic-private-investments-rahman-rahmanzadeh-ruhestand\/","url":"https:\/\/www.immobilienbusiness.ch\/de\/unternehmen\/2017-01-17\/helvetic-private-investments-rahman-rahmanzadeh-ruhestand\/","name":"Helvetic Private Investments: Rahmanzadeh im Ruhestand - IMMOBILIEN Business","isPartOf":{"@id":"https:\/\/www.immobilienbusiness.ch\/#website"},"primaryImageOfPage":{"@id":"https:\/\/www.immobilienbusiness.ch\/de\/unternehmen\/2017-01-17\/helvetic-private-investments-rahman-rahmanzadeh-ruhestand\/#primaryimage"},"image":{"@id":"https:\/\/www.immobilienbusiness.ch\/de\/unternehmen\/2017-01-17\/helvetic-private-investments-rahman-rahmanzadeh-ruhestand\/#primaryimage"},"thumbnailUrl":"https:\/\/www.immobilienbusiness.ch\/wp-content\/uploads\/2017\/01\/bild_hfs_rahmanzadeh_rahmann_201308-scaled.jpeg","datePublished":"2017-01-17T07:54:42+00:00","description":"Mit Ende 2016 ist Rahman Rahmanzadeh, COO der Helvetic Private Investments AG, in den Ruhestand gegangen.","breadcrumb":{"@id":"https:\/\/www.immobilienbusiness.ch\/de\/unternehmen\/2017-01-17\/helvetic-private-investments-rahman-rahmanzadeh-ruhestand\/#breadcrumb"},"inLanguage":"de","potentialAction":[{"@type":"ReadAction","target":["https:\/\/www.immobilienbusiness.ch\/de\/unternehmen\/2017-01-17\/helvetic-private-investments-rahman-rahmanzadeh-ruhestand\/"]}]},{"@type":"ImageObject","inLanguage":"de","@id":"https:\/\/www.immobilienbusiness.ch\/de\/unternehmen\/2017-01-17\/helvetic-private-investments-rahman-rahmanzadeh-ruhestand\/#primaryimage","url":"https:\/\/www.immobilienbusiness.ch\/wp-content\/uploads\/2017\/01\/bild_hfs_rahmanzadeh_rahmann_201308-scaled.jpeg","contentUrl":"https:\/\/www.immobilienbusiness.ch\/wp-content\/uploads\/2017\/01\/bild_hfs_rahmanzadeh_rahmann_201308-scaled.jpeg","width":2560,"height":1704,"caption":"Rahman Rahmanzadeh (Foto: Helvetic Property Investments)"},{"@type":"BreadcrumbList","@id":"https:\/\/www.immobilienbusiness.ch\/de\/unternehmen\/2017-01-17\/helvetic-private-investments-rahman-rahmanzadeh-ruhestand\/#breadcrumb","itemListElement":[{"@type":"ListItem","position":1,"name":"Home","item":"https:\/\/www.immobilienbusiness.ch\/"},{"@type":"ListItem","position":2,"name":"Helvetic Private Investments: Rahmanzadeh im Ruhestand"}]},{"@type":"WebSite","@id":"https:\/\/www.immobilienbusiness.ch\/#website","url":"https:\/\/www.immobilienbusiness.ch\/","name":"IMMOBILIEN Business","description":"Unabh\u00e4ngiges Schweizer Wirtschaftsmagazin mit Fokus auf Immobilien, Architektur- und Bau sowie Investment- und Finanzierung.","publisher":{"@id":"https:\/\/www.immobilienbusiness.ch\/#organization"},"potentialAction":[{"@type":"SearchAction","target":{"@type":"EntryPoint","urlTemplate":"https:\/\/www.immobilienbusiness.ch\/?s={search_term_string}"},"query-input":{"@type":"PropertyValueSpecification","valueRequired":true,"valueName":"search_term_string"}}],"inLanguage":"de"},{"@type":"Organization","@id":"https:\/\/www.immobilienbusiness.ch\/#organization","name":"IMMOBILIEN Business","url":"https:\/\/www.immobilienbusiness.ch\/","logo":{"@type":"ImageObject","inLanguage":"de","@id":"https:\/\/www.immobilienbusiness.ch\/#\/schema\/logo\/image\/","url":"https:\/\/www.immobilienbusiness.ch\/wp-content\/uploads\/2021\/07\/logo_ib.png","contentUrl":"https:\/\/www.immobilienbusiness.ch\/wp-content\/uploads\/2021\/07\/logo_ib.png","width":800,"height":181,"caption":"IMMOBILIEN Business"},"image":{"@id":"https:\/\/www.immobilienbusiness.ch\/#\/schema\/logo\/image\/"},"sameAs":["https:\/\/www.facebook.com\/immobilienbusiness\/"]},{"@type":"Person","@id":"https:\/\/www.immobilienbusiness.ch\/#\/schema\/person\/3fc036297b10b9f42d6db5ee932af8c8","name":"anja.hall","image":{"@type":"ImageObject","inLanguage":"de","@id":"https:\/\/secure.gravatar.com\/avatar\/066b5a0d447013502c71a5782f4f3469f03cfe595cc2329fb94652fe47511bfb?s=96&d=mm&r=g","url":"https:\/\/secure.gravatar.com\/avatar\/066b5a0d447013502c71a5782f4f3469f03cfe595cc2329fb94652fe47511bfb?s=96&d=mm&r=g","contentUrl":"https:\/\/secure.gravatar.com\/avatar\/066b5a0d447013502c71a5782f4f3469f03cfe595cc2329fb94652fe47511bfb?s=96&d=mm&r=g","caption":"anja.hall"},"url":"https:\/\/www.immobilienbusiness.ch\/de\/author\/anja-hall\/"}]}},"_links":{"self":[{"href":"https:\/\/www.immobilienbusiness.ch\/de\/wp-json\/wp\/v2\/posts\/5841","targetHints":{"allow":["GET"]}}],"collection":[{"href":"https:\/\/www.immobilienbusiness.ch\/de\/wp-json\/wp\/v2\/posts"}],"about":[{"href":"https:\/\/www.immobilienbusiness.ch\/de\/wp-json\/wp\/v2\/types\/post"}],"author":[{"embeddable":true,"href":"https:\/\/www.immobilienbusiness.ch\/de\/wp-json\/wp\/v2\/users\/3"}],"replies":[{"embeddable":true,"href":"https:\/\/www.immobilienbusiness.ch\/de\/wp-json\/wp\/v2\/comments?post=5841"}],"version-history":[{"count":0,"href":"https:\/\/www.immobilienbusiness.ch\/de\/wp-json\/wp\/v2\/posts\/5841\/revisions"}],"wp:featuredmedia":[{"embeddable":true,"href":"https:\/\/www.immobilienbusiness.ch\/de\/wp-json\/wp\/v2\/media\/5842"}],"wp:attachment":[{"href":"https:\/\/www.immobilienbusiness.ch\/de\/wp-json\/wp\/v2\/media?parent=5841"}],"wp:term":[{"taxonomy":"category","embeddable":true,"href":"https:\/\/www.immobilienbusiness.ch\/de\/wp-json\/wp\/v2\/categories?post=5841"},{"taxonomy":"post_tag","embeddable":true,"href":"https:\/\/www.immobilienbusiness.ch\/de\/wp-json\/wp\/v2\/tags?post=5841"}],"curies":[{"name":"wp","href":"https:\/\/api.w.org\/{rel}","templated":true}]}}