{"id":58314,"date":"2024-08-07T10:12:46","date_gmt":"2024-08-07T08:12:46","guid":{"rendered":"https:\/\/www.immobilienbusiness.ch\/?p=58314"},"modified":"2024-08-19T13:17:36","modified_gmt":"2024-08-19T11:17:36","slug":"qualicasa-gruender-rolf-truninger-ausgeschieden","status":"publish","type":"post","link":"https:\/\/www.immobilienbusiness.ch\/de\/personalia\/2024-08-07\/qualicasa-gruender-rolf-truninger-ausgeschieden\/","title":{"rendered":"Qualicasa: Gr\u00fcnder Rolf Truninger ausgeschieden"},"content":{"rendered":"<figure id=\"attachment_49254\" aria-describedby=\"caption-attachment-49254\" style=\"width: 800px\" class=\"wp-caption alignnone\"><a href=\"https:\/\/www.immobilienbusiness.ch\/wp-content\/uploads\/2023\/07\/qualicasa_mitarbeiter_Rolf_Truninger.png\"><img loading=\"lazy\" decoding=\"async\" class=\"wp-image-49254 size-full\" src=\"https:\/\/www.immobilienbusiness.ch\/wp-content\/uploads\/2023\/07\/qualicasa_mitarbeiter_Rolf_Truninger.png\" alt=\"Rolf Truninger verl\u00e4sst Qualicasa\" width=\"800\" height=\"533\" srcset=\"https:\/\/www.immobilienbusiness.ch\/wp-content\/uploads\/2023\/07\/qualicasa_mitarbeiter_Rolf_Truninger.png 800w, https:\/\/www.immobilienbusiness.ch\/wp-content\/uploads\/2023\/07\/qualicasa_mitarbeiter_Rolf_Truninger-300x200.png 300w, https:\/\/www.immobilienbusiness.ch\/wp-content\/uploads\/2023\/07\/qualicasa_mitarbeiter_Rolf_Truninger-768x512.png 768w, https:\/\/www.immobilienbusiness.ch\/wp-content\/uploads\/2023\/07\/qualicasa_mitarbeiter_Rolf_Truninger-18x12.png 18w, https:\/\/www.immobilienbusiness.ch\/wp-content\/uploads\/2023\/07\/qualicasa_mitarbeiter_Rolf_Truninger-375x250.png 375w, https:\/\/www.immobilienbusiness.ch\/wp-content\/uploads\/2023\/07\/qualicasa_mitarbeiter_Rolf_Truninger-525x350.png 525w\" sizes=\"auto, (max-width: 800px) 100vw, 800px\" \/><\/a><figcaption id=\"caption-attachment-49254\" class=\"wp-caption-text\">Ein Jahr nach der \u00dcbernahme durch W\u00fcest Partner hat Rolf Truninger bei Qualicasa aufgeh\u00f6rt (Bild: Qualicasa AG)<\/figcaption><\/figure>\n<p>Rolf Truninger hat Qualicasa Ende Juli verlassen. Per 1. Mai \u00fcbernahm Nico M\u00fcller die Funktion des CEO. Die neue Position bei Qualicasa nimmt M\u00fcller zus\u00e4tzlich zu seiner Rolle als Partner bei W\u00fcest Partner wahr. \u00abNico M\u00fcller ist seit der Integration von Qualicasa als stellvertretender CEO t\u00e4tig und hat sich erfolgreich in der Unternehmung etabliert\u00bb, sagt Ronny Haase, Verwaltungsratspr\u00e4sident von Qualicasa. Zum Abgang des Firmengr\u00fcnders sagt er: \u00abIm Namen des Verwaltungsrats danke ich Rolf Truninger f\u00fcr seinen unerm\u00fcdlichen Einsatz, mit dem er Qualicasa in den letzten 23 Jahren aufgebaut und gepr\u00e4gt hat, sowie f\u00fcr die gute Zusammenarbeit im vergangenen Jahr\u00bb.<\/p>\n<p>Roland Weber, Head of Asset Controlling und Mitglied der Gesch\u00e4ftsleitung, hat das Unternehmen schon im M\u00e4rz verlassen. Seine Position \u00fcbernahm Micha Noser, bisher Projektleiter und stellvertretender Head of Asset Controlling. Er wird auch Mitglied der Gesch\u00e4ftsleitung von Qualicasa. Noser hat einen Master of Advanced Studies in Real Estate Management und ist seit 2017 im Unternehmen.<\/p>\n<p>W\u00fcest Partner \u00fcbernahm Qualicasa im Sommer 2023, um die neue Tochter als Zentrum f\u00fcr Baukompetenz im Unternehmen aufzubauen <a href=\"https:\/\/www.immobilienbusiness.ch\/de\/unternehmen\/2023-07-03\/wueest-partner-uebernimmt-die-qualicasa-ag\/\" target=\"_blank\" rel=\"noopener\">(IB berichtete)<\/a>.\u202f <em>(aw)<\/em><\/p>\n","protected":false},"excerpt":{"rendered":"<p>Nach 23 Jahren verliess er offiziell Ende Juli das von ihm gegr\u00fcndete Unternehmen. Die neue Tochter von W\u00fcest Partner wird nun von Nico M\u00fcller gef\u00fchrt.<\/p>\n","protected":false},"author":102,"featured_media":49254,"comment_status":"closed","ping_status":"closed","sticky":false,"template":"","format":"standard","meta":{"_acf_changed":false,"_yoast_wpseo_focuskw":"Rolf Truninger verl\u00e4sst Qualicasa","_yoast_wpseo_title":"","_yoast_wpseo_metadesc":"Rolf Truninger verl\u00e4sst Qualicasa nach 23 Jahren. Nico M\u00fcller \u00fcbernimmt als CEO und Partner bei W\u00fcest Partner.","_yoast_wpseo_linkdex":54,"pgc_sgb_lightbox_settings":"","footnotes":""},"categories":[1912],"tags":[1563,2250,1871],"class_list":["post-58314","post","type-post","status-publish","format-standard","has-post-thumbnail","hentry","category-personalia","tag-personalia","tag-qualicasa","tag-wueest-partner"],"acf":[],"yoast_head":"<!-- This site is optimized with the Yoast SEO plugin v27.4 - https:\/\/yoast.com\/product\/yoast-seo-wordpress\/ -->\n<title>Qualicasa: Gr\u00fcnder Rolf Truninger ausgeschieden - IMMOBILIEN Business<\/title>\n<meta name=\"description\" content=\"Rolf Truninger verl\u00e4sst Qualicasa nach 23 Jahren. Nico M\u00fcller \u00fcbernimmt als CEO und Partner bei W\u00fcest Partner.\" \/>\n<meta name=\"robots\" content=\"index, follow, max-snippet:-1, max-image-preview:large, max-video-preview:-1\" \/>\n<link rel=\"canonical\" href=\"https:\/\/www.immobilienbusiness.ch\/de\/personalia\/2024-08-07\/qualicasa-gruender-rolf-truninger-ausgeschieden\/\" \/>\n<meta property=\"og:locale\" content=\"de_DE\" \/>\n<meta property=\"og:type\" content=\"article\" \/>\n<meta property=\"og:title\" content=\"Qualicasa: Gr\u00fcnder Rolf Truninger ausgeschieden - IMMOBILIEN Business\" \/>\n<meta property=\"og:description\" content=\"Rolf Truninger verl\u00e4sst Qualicasa nach 23 Jahren. Nico M\u00fcller \u00fcbernimmt als CEO und Partner bei W\u00fcest Partner.\" \/>\n<meta property=\"og:url\" content=\"https:\/\/www.immobilienbusiness.ch\/de\/personalia\/2024-08-07\/qualicasa-gruender-rolf-truninger-ausgeschieden\/\" \/>\n<meta property=\"og:site_name\" content=\"IMMOBILIEN Business\" \/>\n<meta property=\"article:publisher\" content=\"https:\/\/www.facebook.com\/immobilienbusiness\/\" \/>\n<meta property=\"article:published_time\" content=\"2024-08-07T08:12:46+00:00\" \/>\n<meta property=\"article:modified_time\" content=\"2024-08-19T11:17:36+00:00\" \/>\n<meta property=\"og:image\" content=\"https:\/\/www.immobilienbusiness.ch\/wp-content\/uploads\/2023\/07\/qualicasa_mitarbeiter_Rolf_Truninger.png\" \/>\n\t<meta property=\"og:image:width\" content=\"800\" \/>\n\t<meta property=\"og:image:height\" content=\"533\" \/>\n\t<meta property=\"og:image:type\" content=\"image\/png\" \/>\n<meta name=\"author\" content=\"Alexander Wachter\" \/>\n<meta name=\"twitter:card\" content=\"summary_large_image\" \/>\n<script type=\"application\/ld+json\" class=\"yoast-schema-graph\">{\"@context\":\"https:\\\/\\\/schema.org\",\"@graph\":[{\"@type\":\"Article\",\"@id\":\"https:\\\/\\\/www.immobilienbusiness.ch\\\/de\\\/personalia\\\/2024-08-07\\\/qualicasa-gruender-rolf-truninger-ausgeschieden\\\/#article\",\"isPartOf\":{\"@id\":\"https:\\\/\\\/www.immobilienbusiness.ch\\\/de\\\/personalia\\\/2024-08-07\\\/qualicasa-gruender-rolf-truninger-ausgeschieden\\\/\"},\"author\":{\"name\":\"Alexander Wachter\",\"@id\":\"https:\\\/\\\/www.immobilienbusiness.ch\\\/#\\\/schema\\\/person\\\/aba8bea2db926aa0c24c08c43fe1fcd5\"},\"headline\":\"Qualicasa: Gr\u00fcnder Rolf Truninger ausgeschieden\",\"datePublished\":\"2024-08-07T08:12:46+00:00\",\"dateModified\":\"2024-08-19T11:17:36+00:00\",\"mainEntityOfPage\":{\"@id\":\"https:\\\/\\\/www.immobilienbusiness.ch\\\/de\\\/personalia\\\/2024-08-07\\\/qualicasa-gruender-rolf-truninger-ausgeschieden\\\/\"},\"wordCount\":220,\"publisher\":{\"@id\":\"https:\\\/\\\/www.immobilienbusiness.ch\\\/#organization\"},\"image\":{\"@id\":\"https:\\\/\\\/www.immobilienbusiness.ch\\\/de\\\/personalia\\\/2024-08-07\\\/qualicasa-gruender-rolf-truninger-ausgeschieden\\\/#primaryimage\"},\"thumbnailUrl\":\"https:\\\/\\\/www.immobilienbusiness.ch\\\/wp-content\\\/uploads\\\/2023\\\/07\\\/qualicasa_mitarbeiter_Rolf_Truninger.png\",\"keywords\":[\"Personalia\",\"Qualicasa\",\"W\u00fcest Partner\"],\"articleSection\":[\"PERSONALIA\"],\"inLanguage\":\"de\"},{\"@type\":\"WebPage\",\"@id\":\"https:\\\/\\\/www.immobilienbusiness.ch\\\/de\\\/personalia\\\/2024-08-07\\\/qualicasa-gruender-rolf-truninger-ausgeschieden\\\/\",\"url\":\"https:\\\/\\\/www.immobilienbusiness.ch\\\/de\\\/personalia\\\/2024-08-07\\\/qualicasa-gruender-rolf-truninger-ausgeschieden\\\/\",\"name\":\"Qualicasa: Gr\u00fcnder Rolf Truninger ausgeschieden - IMMOBILIEN Business\",\"isPartOf\":{\"@id\":\"https:\\\/\\\/www.immobilienbusiness.ch\\\/#website\"},\"primaryImageOfPage\":{\"@id\":\"https:\\\/\\\/www.immobilienbusiness.ch\\\/de\\\/personalia\\\/2024-08-07\\\/qualicasa-gruender-rolf-truninger-ausgeschieden\\\/#primaryimage\"},\"image\":{\"@id\":\"https:\\\/\\\/www.immobilienbusiness.ch\\\/de\\\/personalia\\\/2024-08-07\\\/qualicasa-gruender-rolf-truninger-ausgeschieden\\\/#primaryimage\"},\"thumbnailUrl\":\"https:\\\/\\\/www.immobilienbusiness.ch\\\/wp-content\\\/uploads\\\/2023\\\/07\\\/qualicasa_mitarbeiter_Rolf_Truninger.png\",\"datePublished\":\"2024-08-07T08:12:46+00:00\",\"dateModified\":\"2024-08-19T11:17:36+00:00\",\"description\":\"Rolf Truninger verl\u00e4sst Qualicasa nach 23 Jahren. Nico M\u00fcller \u00fcbernimmt als CEO und Partner bei W\u00fcest Partner.\",\"breadcrumb\":{\"@id\":\"https:\\\/\\\/www.immobilienbusiness.ch\\\/de\\\/personalia\\\/2024-08-07\\\/qualicasa-gruender-rolf-truninger-ausgeschieden\\\/#breadcrumb\"},\"inLanguage\":\"de\",\"potentialAction\":[{\"@type\":\"ReadAction\",\"target\":[\"https:\\\/\\\/www.immobilienbusiness.ch\\\/de\\\/personalia\\\/2024-08-07\\\/qualicasa-gruender-rolf-truninger-ausgeschieden\\\/\"]}]},{\"@type\":\"ImageObject\",\"inLanguage\":\"de\",\"@id\":\"https:\\\/\\\/www.immobilienbusiness.ch\\\/de\\\/personalia\\\/2024-08-07\\\/qualicasa-gruender-rolf-truninger-ausgeschieden\\\/#primaryimage\",\"url\":\"https:\\\/\\\/www.immobilienbusiness.ch\\\/wp-content\\\/uploads\\\/2023\\\/07\\\/qualicasa_mitarbeiter_Rolf_Truninger.png\",\"contentUrl\":\"https:\\\/\\\/www.immobilienbusiness.ch\\\/wp-content\\\/uploads\\\/2023\\\/07\\\/qualicasa_mitarbeiter_Rolf_Truninger.png\",\"width\":800,\"height\":533,\"caption\":\"Ein Jahr nach der \u00dcbernahme durch W\u00fcest Partner hat Rolf Truninger bei Qualicasa aufgeh\u00f6rt (Bild: Qualicasa AG)\"},{\"@type\":\"BreadcrumbList\",\"@id\":\"https:\\\/\\\/www.immobilienbusiness.ch\\\/de\\\/personalia\\\/2024-08-07\\\/qualicasa-gruender-rolf-truninger-ausgeschieden\\\/#breadcrumb\",\"itemListElement\":[{\"@type\":\"ListItem\",\"position\":1,\"name\":\"Home\",\"item\":\"https:\\\/\\\/www.immobilienbusiness.ch\\\/\"},{\"@type\":\"ListItem\",\"position\":2,\"name\":\"Qualicasa: Gr\u00fcnder Rolf Truninger ausgeschieden\"}]},{\"@type\":\"WebSite\",\"@id\":\"https:\\\/\\\/www.immobilienbusiness.ch\\\/#website\",\"url\":\"https:\\\/\\\/www.immobilienbusiness.ch\\\/\",\"name\":\"IMMOBILIEN Business\",\"description\":\"Unabh\u00e4ngiges Schweizer Wirtschaftsmagazin mit Fokus auf Immobilien, Architektur- und Bau sowie Investment- und Finanzierung.\",\"publisher\":{\"@id\":\"https:\\\/\\\/www.immobilienbusiness.ch\\\/#organization\"},\"potentialAction\":[{\"@type\":\"SearchAction\",\"target\":{\"@type\":\"EntryPoint\",\"urlTemplate\":\"https:\\\/\\\/www.immobilienbusiness.ch\\\/?s={search_term_string}\"},\"query-input\":{\"@type\":\"PropertyValueSpecification\",\"valueRequired\":true,\"valueName\":\"search_term_string\"}}],\"inLanguage\":\"de\"},{\"@type\":\"Organization\",\"@id\":\"https:\\\/\\\/www.immobilienbusiness.ch\\\/#organization\",\"name\":\"IMMOBILIEN Business\",\"url\":\"https:\\\/\\\/www.immobilienbusiness.ch\\\/\",\"logo\":{\"@type\":\"ImageObject\",\"inLanguage\":\"de\",\"@id\":\"https:\\\/\\\/www.immobilienbusiness.ch\\\/#\\\/schema\\\/logo\\\/image\\\/\",\"url\":\"https:\\\/\\\/www.immobilienbusiness.ch\\\/wp-content\\\/uploads\\\/2021\\\/07\\\/logo_ib.png\",\"contentUrl\":\"https:\\\/\\\/www.immobilienbusiness.ch\\\/wp-content\\\/uploads\\\/2021\\\/07\\\/logo_ib.png\",\"width\":800,\"height\":181,\"caption\":\"IMMOBILIEN Business\"},\"image\":{\"@id\":\"https:\\\/\\\/www.immobilienbusiness.ch\\\/#\\\/schema\\\/logo\\\/image\\\/\"},\"sameAs\":[\"https:\\\/\\\/www.facebook.com\\\/immobilienbusiness\\\/\"]},{\"@type\":\"Person\",\"@id\":\"https:\\\/\\\/www.immobilienbusiness.ch\\\/#\\\/schema\\\/person\\\/aba8bea2db926aa0c24c08c43fe1fcd5\",\"name\":\"Alexander Wachter\",\"image\":{\"@type\":\"ImageObject\",\"inLanguage\":\"de\",\"@id\":\"https:\\\/\\\/secure.gravatar.com\\\/avatar\\\/1a09e471f5389b0e0a6416eac287e0927c7c97a7b77f9e787eba3af7aee281dd?s=96&d=mm&r=g\",\"url\":\"https:\\\/\\\/secure.gravatar.com\\\/avatar\\\/1a09e471f5389b0e0a6416eac287e0927c7c97a7b77f9e787eba3af7aee281dd?s=96&d=mm&r=g\",\"contentUrl\":\"https:\\\/\\\/secure.gravatar.com\\\/avatar\\\/1a09e471f5389b0e0a6416eac287e0927c7c97a7b77f9e787eba3af7aee281dd?s=96&d=mm&r=g\",\"caption\":\"Alexander Wachter\"},\"url\":\"https:\\\/\\\/www.immobilienbusiness.ch\\\/de\\\/author\\\/alexander-wachter\\\/\"}]}<\/script>\n<!-- \/ Yoast SEO plugin. -->","yoast_head_json":{"title":"Qualicasa: Gr\u00fcnder Rolf Truninger ausgeschieden - IMMOBILIEN Business","description":"Rolf Truninger verl\u00e4sst Qualicasa nach 23 Jahren. Nico M\u00fcller \u00fcbernimmt als CEO und Partner bei W\u00fcest Partner.","robots":{"index":"index","follow":"follow","max-snippet":"max-snippet:-1","max-image-preview":"max-image-preview:large","max-video-preview":"max-video-preview:-1"},"canonical":"https:\/\/www.immobilienbusiness.ch\/de\/personalia\/2024-08-07\/qualicasa-gruender-rolf-truninger-ausgeschieden\/","og_locale":"de_DE","og_type":"article","og_title":"Qualicasa: Gr\u00fcnder Rolf Truninger ausgeschieden - IMMOBILIEN Business","og_description":"Rolf Truninger verl\u00e4sst Qualicasa nach 23 Jahren. Nico M\u00fcller \u00fcbernimmt als CEO und Partner bei W\u00fcest Partner.","og_url":"https:\/\/www.immobilienbusiness.ch\/de\/personalia\/2024-08-07\/qualicasa-gruender-rolf-truninger-ausgeschieden\/","og_site_name":"IMMOBILIEN Business","article_publisher":"https:\/\/www.facebook.com\/immobilienbusiness\/","article_published_time":"2024-08-07T08:12:46+00:00","article_modified_time":"2024-08-19T11:17:36+00:00","og_image":[{"width":800,"height":533,"url":"https:\/\/www.immobilienbusiness.ch\/wp-content\/uploads\/2023\/07\/qualicasa_mitarbeiter_Rolf_Truninger.png","type":"image\/png"}],"author":"Alexander Wachter","twitter_card":"summary_large_image","schema":{"@context":"https:\/\/schema.org","@graph":[{"@type":"Article","@id":"https:\/\/www.immobilienbusiness.ch\/de\/personalia\/2024-08-07\/qualicasa-gruender-rolf-truninger-ausgeschieden\/#article","isPartOf":{"@id":"https:\/\/www.immobilienbusiness.ch\/de\/personalia\/2024-08-07\/qualicasa-gruender-rolf-truninger-ausgeschieden\/"},"author":{"name":"Alexander Wachter","@id":"https:\/\/www.immobilienbusiness.ch\/#\/schema\/person\/aba8bea2db926aa0c24c08c43fe1fcd5"},"headline":"Qualicasa: Gr\u00fcnder Rolf Truninger ausgeschieden","datePublished":"2024-08-07T08:12:46+00:00","dateModified":"2024-08-19T11:17:36+00:00","mainEntityOfPage":{"@id":"https:\/\/www.immobilienbusiness.ch\/de\/personalia\/2024-08-07\/qualicasa-gruender-rolf-truninger-ausgeschieden\/"},"wordCount":220,"publisher":{"@id":"https:\/\/www.immobilienbusiness.ch\/#organization"},"image":{"@id":"https:\/\/www.immobilienbusiness.ch\/de\/personalia\/2024-08-07\/qualicasa-gruender-rolf-truninger-ausgeschieden\/#primaryimage"},"thumbnailUrl":"https:\/\/www.immobilienbusiness.ch\/wp-content\/uploads\/2023\/07\/qualicasa_mitarbeiter_Rolf_Truninger.png","keywords":["Personalia","Qualicasa","W\u00fcest Partner"],"articleSection":["PERSONALIA"],"inLanguage":"de"},{"@type":"WebPage","@id":"https:\/\/www.immobilienbusiness.ch\/de\/personalia\/2024-08-07\/qualicasa-gruender-rolf-truninger-ausgeschieden\/","url":"https:\/\/www.immobilienbusiness.ch\/de\/personalia\/2024-08-07\/qualicasa-gruender-rolf-truninger-ausgeschieden\/","name":"Qualicasa: Gr\u00fcnder Rolf Truninger ausgeschieden - IMMOBILIEN Business","isPartOf":{"@id":"https:\/\/www.immobilienbusiness.ch\/#website"},"primaryImageOfPage":{"@id":"https:\/\/www.immobilienbusiness.ch\/de\/personalia\/2024-08-07\/qualicasa-gruender-rolf-truninger-ausgeschieden\/#primaryimage"},"image":{"@id":"https:\/\/www.immobilienbusiness.ch\/de\/personalia\/2024-08-07\/qualicasa-gruender-rolf-truninger-ausgeschieden\/#primaryimage"},"thumbnailUrl":"https:\/\/www.immobilienbusiness.ch\/wp-content\/uploads\/2023\/07\/qualicasa_mitarbeiter_Rolf_Truninger.png","datePublished":"2024-08-07T08:12:46+00:00","dateModified":"2024-08-19T11:17:36+00:00","description":"Rolf Truninger verl\u00e4sst Qualicasa nach 23 Jahren. Nico M\u00fcller \u00fcbernimmt als CEO und Partner bei W\u00fcest Partner.","breadcrumb":{"@id":"https:\/\/www.immobilienbusiness.ch\/de\/personalia\/2024-08-07\/qualicasa-gruender-rolf-truninger-ausgeschieden\/#breadcrumb"},"inLanguage":"de","potentialAction":[{"@type":"ReadAction","target":["https:\/\/www.immobilienbusiness.ch\/de\/personalia\/2024-08-07\/qualicasa-gruender-rolf-truninger-ausgeschieden\/"]}]},{"@type":"ImageObject","inLanguage":"de","@id":"https:\/\/www.immobilienbusiness.ch\/de\/personalia\/2024-08-07\/qualicasa-gruender-rolf-truninger-ausgeschieden\/#primaryimage","url":"https:\/\/www.immobilienbusiness.ch\/wp-content\/uploads\/2023\/07\/qualicasa_mitarbeiter_Rolf_Truninger.png","contentUrl":"https:\/\/www.immobilienbusiness.ch\/wp-content\/uploads\/2023\/07\/qualicasa_mitarbeiter_Rolf_Truninger.png","width":800,"height":533,"caption":"Ein Jahr nach der \u00dcbernahme durch W\u00fcest Partner hat Rolf Truninger bei Qualicasa aufgeh\u00f6rt (Bild: Qualicasa AG)"},{"@type":"BreadcrumbList","@id":"https:\/\/www.immobilienbusiness.ch\/de\/personalia\/2024-08-07\/qualicasa-gruender-rolf-truninger-ausgeschieden\/#breadcrumb","itemListElement":[{"@type":"ListItem","position":1,"name":"Home","item":"https:\/\/www.immobilienbusiness.ch\/"},{"@type":"ListItem","position":2,"name":"Qualicasa: Gr\u00fcnder Rolf Truninger ausgeschieden"}]},{"@type":"WebSite","@id":"https:\/\/www.immobilienbusiness.ch\/#website","url":"https:\/\/www.immobilienbusiness.ch\/","name":"IMMOBILIEN Business","description":"Unabh\u00e4ngiges Schweizer Wirtschaftsmagazin mit Fokus auf Immobilien, Architektur- und Bau sowie Investment- und Finanzierung.","publisher":{"@id":"https:\/\/www.immobilienbusiness.ch\/#organization"},"potentialAction":[{"@type":"SearchAction","target":{"@type":"EntryPoint","urlTemplate":"https:\/\/www.immobilienbusiness.ch\/?s={search_term_string}"},"query-input":{"@type":"PropertyValueSpecification","valueRequired":true,"valueName":"search_term_string"}}],"inLanguage":"de"},{"@type":"Organization","@id":"https:\/\/www.immobilienbusiness.ch\/#organization","name":"IMMOBILIEN Business","url":"https:\/\/www.immobilienbusiness.ch\/","logo":{"@type":"ImageObject","inLanguage":"de","@id":"https:\/\/www.immobilienbusiness.ch\/#\/schema\/logo\/image\/","url":"https:\/\/www.immobilienbusiness.ch\/wp-content\/uploads\/2021\/07\/logo_ib.png","contentUrl":"https:\/\/www.immobilienbusiness.ch\/wp-content\/uploads\/2021\/07\/logo_ib.png","width":800,"height":181,"caption":"IMMOBILIEN Business"},"image":{"@id":"https:\/\/www.immobilienbusiness.ch\/#\/schema\/logo\/image\/"},"sameAs":["https:\/\/www.facebook.com\/immobilienbusiness\/"]},{"@type":"Person","@id":"https:\/\/www.immobilienbusiness.ch\/#\/schema\/person\/aba8bea2db926aa0c24c08c43fe1fcd5","name":"Alexander Wachter","image":{"@type":"ImageObject","inLanguage":"de","@id":"https:\/\/secure.gravatar.com\/avatar\/1a09e471f5389b0e0a6416eac287e0927c7c97a7b77f9e787eba3af7aee281dd?s=96&d=mm&r=g","url":"https:\/\/secure.gravatar.com\/avatar\/1a09e471f5389b0e0a6416eac287e0927c7c97a7b77f9e787eba3af7aee281dd?s=96&d=mm&r=g","contentUrl":"https:\/\/secure.gravatar.com\/avatar\/1a09e471f5389b0e0a6416eac287e0927c7c97a7b77f9e787eba3af7aee281dd?s=96&d=mm&r=g","caption":"Alexander Wachter"},"url":"https:\/\/www.immobilienbusiness.ch\/de\/author\/alexander-wachter\/"}]}},"_links":{"self":[{"href":"https:\/\/www.immobilienbusiness.ch\/de\/wp-json\/wp\/v2\/posts\/58314","targetHints":{"allow":["GET"]}}],"collection":[{"href":"https:\/\/www.immobilienbusiness.ch\/de\/wp-json\/wp\/v2\/posts"}],"about":[{"href":"https:\/\/www.immobilienbusiness.ch\/de\/wp-json\/wp\/v2\/types\/post"}],"author":[{"embeddable":true,"href":"https:\/\/www.immobilienbusiness.ch\/de\/wp-json\/wp\/v2\/users\/102"}],"replies":[{"embeddable":true,"href":"https:\/\/www.immobilienbusiness.ch\/de\/wp-json\/wp\/v2\/comments?post=58314"}],"version-history":[{"count":4,"href":"https:\/\/www.immobilienbusiness.ch\/de\/wp-json\/wp\/v2\/posts\/58314\/revisions"}],"predecessor-version":[{"id":58536,"href":"https:\/\/www.immobilienbusiness.ch\/de\/wp-json\/wp\/v2\/posts\/58314\/revisions\/58536"}],"wp:featuredmedia":[{"embeddable":true,"href":"https:\/\/www.immobilienbusiness.ch\/de\/wp-json\/wp\/v2\/media\/49254"}],"wp:attachment":[{"href":"https:\/\/www.immobilienbusiness.ch\/de\/wp-json\/wp\/v2\/media?parent=58314"}],"wp:term":[{"taxonomy":"category","embeddable":true,"href":"https:\/\/www.immobilienbusiness.ch\/de\/wp-json\/wp\/v2\/categories?post=58314"},{"taxonomy":"post_tag","embeddable":true,"href":"https:\/\/www.immobilienbusiness.ch\/de\/wp-json\/wp\/v2\/tags?post=58314"}],"curies":[{"name":"wp","href":"https:\/\/api.w.org\/{rel}","templated":true}]}}