{"id":58237,"date":"2024-07-30T06:06:51","date_gmt":"2024-07-30T04:06:51","guid":{"rendered":"https:\/\/www.immobilienbusiness.ch\/?p=58237"},"modified":"2024-08-20T06:44:04","modified_gmt":"2024-08-20T04:44:04","slug":"globus-central-group-offenbar-nicht-an-allen-haeusern-interessiert","status":"publish","type":"post","link":"https:\/\/www.immobilienbusiness.ch\/de\/regionen\/2024-07-30\/globus-central-group-offenbar-nicht-an-allen-haeusern-interessiert\/","title":{"rendered":"Globus: Central Group offenbar nicht an allen H\u00e4usern interessiert"},"content":{"rendered":"<figure id=\"attachment_58238\" aria-describedby=\"caption-attachment-58238\" style=\"width: 640px\" class=\"wp-caption alignnone\"><a href=\"https:\/\/www.immobilienbusiness.ch\/wp-content\/uploads\/2024\/07\/Globus.jpg\"><img loading=\"lazy\" decoding=\"async\" class=\"wp-image-58238 size-full\" src=\"https:\/\/www.immobilienbusiness.ch\/wp-content\/uploads\/2024\/07\/Globus.jpg\" alt=\"Globus Warenhaus Z\u00fcrich Verkauf\" width=\"640\" height=\"853\" srcset=\"https:\/\/www.immobilienbusiness.ch\/wp-content\/uploads\/2024\/07\/Globus.jpg 640w, https:\/\/www.immobilienbusiness.ch\/wp-content\/uploads\/2024\/07\/Globus-225x300.jpg 225w, https:\/\/www.immobilienbusiness.ch\/wp-content\/uploads\/2024\/07\/Globus-9x12.jpg 9w, https:\/\/www.immobilienbusiness.ch\/wp-content\/uploads\/2024\/07\/Globus-263x350.jpg 263w, https:\/\/www.immobilienbusiness.ch\/wp-content\/uploads\/2024\/07\/Globus-600x800.jpg 600w\" sizes=\"auto, (max-width: 640px) 100vw, 640px\" \/><\/a><figcaption id=\"caption-attachment-58238\" class=\"wp-caption-text\">Das Globus Warenhaus an der Bahnhofstrasse (Bild: sidonius 06:56, 20 June 2006 (UTC), Pestalozzi Globus, CC BY-SA 2.5)<\/figcaption><\/figure>\n<p>Die thail\u00e4ndische Central Group, Joint-Venture Partner der insolventen Signa-Gruppe bei den Schweizer Globus-Warenh\u00e4usern, interessiert sich offenbar nur f\u00fcr die \u00dcbernahme der Z\u00fcrcher Globus-Liegenschaft an der Bahnhofstrasse. Das berichtet die \u00abSonntagszeitung\u00bb aus dem Sanierungsbericht der Signa Prime Selection von Mitte Juli. Auch laut der \u00abNeuem Z\u00fcrcher Zeitung\u00bb, die inzwischen ebenfalls aus dem Papier zitiert, ist der Verkauf der Immobilien Schweizergasse 11 in Z\u00fcrich an die Thail\u00e4nder recht konkret. Die anderen vier Schweizer Globus-H\u00e4user sollen offenbar anderweitig verkauft werden. F\u00fcr das Globus-Haus in Bern etwa werde ein Verkauf derzeit vorbereitet, schreibt die \u00abSonntagszeitung\u00bb. F\u00fcr die kleineren Liegenschaften gebe es informelle Gespr\u00e4che. Das Globus-Warenhaus in Basel dagegen, das derzeit komplett umgebaut wird, solle erst nach der geplanten Fertigstellung im Jahr 2026 verkauft werden.<\/p>\n<p>Die Globus-Liegenschaften geh\u00f6ren jeweils zur H\u00e4lfte Gesellschaften des Signa-Konzerns sowie der Central Group. Im Rahmen der Verwertung der Signa-Gesellschaften werden nun K\u00e4uferin f\u00fcr deren 50-Prozent-Anteil gesucht.<\/p>\n<h3>Verkauf der Betreibergesellschaft kommende Woche?<\/h3>\n<p>Wie die NZZ heute berichtet, ist die Zukunft des Betriebs von Globus praktisch gekl\u00e4rt. Der Kauf der Warenhausgesellschaft durch die Central Group sei auf der Zielgeraden. Die Zeitung beruft sich auf Insider, die eine Unterschrift bereits f\u00fcr kommende Woche erwarten. Das thail\u00e4ndische Unternehmen ist auch bei der Globus-Betreibergeselschaft mit 50 % engagiert. L\u00e4uft alles wie erwartet, sollen die neun Warenh\u00e4user \u00abim bisherigen Stil\u00bb weitergef\u00fchrt werden. <em>(aw)<\/em><\/p>\n","protected":false},"excerpt":{"rendered":"<p>Die NZZ berichtet heute, dass die operative Zukunft der Globus-Warenh\u00e4user sehr wahrscheinlich gekl\u00e4rt ist. Was die Immobilien angeht, hat es die Central Group laut \u00fcbereinstimmenden Berichten nur aufs Flaggschiff abgesehen.<\/p>\n","protected":false},"author":102,"featured_media":58238,"comment_status":"closed","ping_status":"closed","sticky":false,"template":"","format":"standard","meta":{"_acf_changed":false,"_yoast_wpseo_focuskw":"Globus Warenhaus Z\u00fcrich Verkauf","_yoast_wpseo_title":"","_yoast_wpseo_metadesc":"Central Group plant \u00dcbernahme des Globus Warenhauses an der Bahnhofstrasse in Z\u00fcrich. Verkauf der Betreibergesellschaft erwartet","_yoast_wpseo_linkdex":57,"pgc_sgb_lightbox_settings":"","footnotes":""},"categories":[985],"tags":[1279,1643,3511,1830,1888],"class_list":["post-58237","post","type-post","status-publish","format-standard","has-post-thumbnail","hentry","category-regionen","tag-globus","tag-retail","tag-signa","tag-verkauf","tag-zuerich"],"acf":[],"yoast_head":"<!-- This site is optimized with the Yoast SEO plugin v27.4 - https:\/\/yoast.com\/product\/yoast-seo-wordpress\/ -->\n<title>Globus: Central Group offenbar nicht an allen H\u00e4usern interessiert - IMMOBILIEN Business<\/title>\n<meta name=\"description\" content=\"Central Group plant \u00dcbernahme des Globus Warenhauses an der Bahnhofstrasse in Z\u00fcrich. Verkauf der Betreibergesellschaft erwartet\" \/>\n<meta name=\"robots\" content=\"index, follow, max-snippet:-1, max-image-preview:large, max-video-preview:-1\" \/>\n<link rel=\"canonical\" href=\"https:\/\/www.immobilienbusiness.ch\/de\/regionen\/2024-07-30\/globus-central-group-offenbar-nicht-an-allen-haeusern-interessiert\/\" \/>\n<meta property=\"og:locale\" content=\"de_DE\" \/>\n<meta property=\"og:type\" content=\"article\" \/>\n<meta property=\"og:title\" content=\"Globus: Central Group offenbar nicht an allen H\u00e4usern interessiert - IMMOBILIEN Business\" \/>\n<meta property=\"og:description\" content=\"Central Group plant \u00dcbernahme des Globus Warenhauses an der Bahnhofstrasse in Z\u00fcrich. Verkauf der Betreibergesellschaft erwartet\" \/>\n<meta property=\"og:url\" content=\"https:\/\/www.immobilienbusiness.ch\/de\/regionen\/2024-07-30\/globus-central-group-offenbar-nicht-an-allen-haeusern-interessiert\/\" \/>\n<meta property=\"og:site_name\" content=\"IMMOBILIEN Business\" \/>\n<meta property=\"article:publisher\" content=\"https:\/\/www.facebook.com\/immobilienbusiness\/\" \/>\n<meta property=\"article:published_time\" content=\"2024-07-30T04:06:51+00:00\" \/>\n<meta property=\"article:modified_time\" content=\"2024-08-20T04:44:04+00:00\" \/>\n<meta property=\"og:image\" content=\"https:\/\/www.immobilienbusiness.ch\/wp-content\/uploads\/2024\/07\/Globus.jpg\" \/>\n\t<meta property=\"og:image:width\" content=\"640\" \/>\n\t<meta property=\"og:image:height\" content=\"853\" \/>\n\t<meta property=\"og:image:type\" content=\"image\/jpeg\" \/>\n<meta name=\"author\" content=\"Alexander Wachter\" \/>\n<meta name=\"twitter:card\" content=\"summary_large_image\" \/>\n<script type=\"application\/ld+json\" class=\"yoast-schema-graph\">{\"@context\":\"https:\\\/\\\/schema.org\",\"@graph\":[{\"@type\":\"Article\",\"@id\":\"https:\\\/\\\/www.immobilienbusiness.ch\\\/it\\\/regionen\\\/2024-07-30\\\/globus-central-group-offenbar-nicht-an-allen-haeusern-interessiert\\\/#article\",\"isPartOf\":{\"@id\":\"https:\\\/\\\/www.immobilienbusiness.ch\\\/it\\\/regionen\\\/2024-07-30\\\/globus-central-group-offenbar-nicht-an-allen-haeusern-interessiert\\\/\"},\"author\":{\"name\":\"Alexander Wachter\",\"@id\":\"https:\\\/\\\/www.immobilienbusiness.ch\\\/#\\\/schema\\\/person\\\/aba8bea2db926aa0c24c08c43fe1fcd5\"},\"headline\":\"Globus: Central Group offenbar nicht an allen H\u00e4usern interessiert\",\"datePublished\":\"2024-07-30T04:06:51+00:00\",\"dateModified\":\"2024-08-20T04:44:04+00:00\",\"mainEntityOfPage\":{\"@id\":\"https:\\\/\\\/www.immobilienbusiness.ch\\\/it\\\/regionen\\\/2024-07-30\\\/globus-central-group-offenbar-nicht-an-allen-haeusern-interessiert\\\/\"},\"wordCount\":265,\"publisher\":{\"@id\":\"https:\\\/\\\/www.immobilienbusiness.ch\\\/#organization\"},\"image\":{\"@id\":\"https:\\\/\\\/www.immobilienbusiness.ch\\\/it\\\/regionen\\\/2024-07-30\\\/globus-central-group-offenbar-nicht-an-allen-haeusern-interessiert\\\/#primaryimage\"},\"thumbnailUrl\":\"https:\\\/\\\/www.immobilienbusiness.ch\\\/wp-content\\\/uploads\\\/2024\\\/07\\\/Globus.jpg\",\"keywords\":[\"Globus\",\"Retail\",\"Signa\",\"Verkauf\",\"Z\u00fcrich\"],\"articleSection\":[\"REGIONEN\"],\"inLanguage\":\"de\"},{\"@type\":\"WebPage\",\"@id\":\"https:\\\/\\\/www.immobilienbusiness.ch\\\/it\\\/regionen\\\/2024-07-30\\\/globus-central-group-offenbar-nicht-an-allen-haeusern-interessiert\\\/\",\"url\":\"https:\\\/\\\/www.immobilienbusiness.ch\\\/it\\\/regionen\\\/2024-07-30\\\/globus-central-group-offenbar-nicht-an-allen-haeusern-interessiert\\\/\",\"name\":\"Globus: Central Group offenbar nicht an allen H\u00e4usern interessiert - IMMOBILIEN Business\",\"isPartOf\":{\"@id\":\"https:\\\/\\\/www.immobilienbusiness.ch\\\/#website\"},\"primaryImageOfPage\":{\"@id\":\"https:\\\/\\\/www.immobilienbusiness.ch\\\/it\\\/regionen\\\/2024-07-30\\\/globus-central-group-offenbar-nicht-an-allen-haeusern-interessiert\\\/#primaryimage\"},\"image\":{\"@id\":\"https:\\\/\\\/www.immobilienbusiness.ch\\\/it\\\/regionen\\\/2024-07-30\\\/globus-central-group-offenbar-nicht-an-allen-haeusern-interessiert\\\/#primaryimage\"},\"thumbnailUrl\":\"https:\\\/\\\/www.immobilienbusiness.ch\\\/wp-content\\\/uploads\\\/2024\\\/07\\\/Globus.jpg\",\"datePublished\":\"2024-07-30T04:06:51+00:00\",\"dateModified\":\"2024-08-20T04:44:04+00:00\",\"description\":\"Central Group plant \u00dcbernahme des Globus Warenhauses an der Bahnhofstrasse in Z\u00fcrich. Verkauf der Betreibergesellschaft erwartet\",\"breadcrumb\":{\"@id\":\"https:\\\/\\\/www.immobilienbusiness.ch\\\/it\\\/regionen\\\/2024-07-30\\\/globus-central-group-offenbar-nicht-an-allen-haeusern-interessiert\\\/#breadcrumb\"},\"inLanguage\":\"de\",\"potentialAction\":[{\"@type\":\"ReadAction\",\"target\":[\"https:\\\/\\\/www.immobilienbusiness.ch\\\/it\\\/regionen\\\/2024-07-30\\\/globus-central-group-offenbar-nicht-an-allen-haeusern-interessiert\\\/\"]}]},{\"@type\":\"ImageObject\",\"inLanguage\":\"de\",\"@id\":\"https:\\\/\\\/www.immobilienbusiness.ch\\\/it\\\/regionen\\\/2024-07-30\\\/globus-central-group-offenbar-nicht-an-allen-haeusern-interessiert\\\/#primaryimage\",\"url\":\"https:\\\/\\\/www.immobilienbusiness.ch\\\/wp-content\\\/uploads\\\/2024\\\/07\\\/Globus.jpg\",\"contentUrl\":\"https:\\\/\\\/www.immobilienbusiness.ch\\\/wp-content\\\/uploads\\\/2024\\\/07\\\/Globus.jpg\",\"width\":640,\"height\":853,\"caption\":\"Das Globus Warenhaus an der Z\u00fcrcher Bahnhofstrasse (Bild: sidonius 06:56, 20 June 2006 (UTC), Pestalozzi Globus, CC BY-SA 2.5)\"},{\"@type\":\"BreadcrumbList\",\"@id\":\"https:\\\/\\\/www.immobilienbusiness.ch\\\/it\\\/regionen\\\/2024-07-30\\\/globus-central-group-offenbar-nicht-an-allen-haeusern-interessiert\\\/#breadcrumb\",\"itemListElement\":[{\"@type\":\"ListItem\",\"position\":1,\"name\":\"Home\",\"item\":\"https:\\\/\\\/www.immobilienbusiness.ch\\\/\"},{\"@type\":\"ListItem\",\"position\":2,\"name\":\"Globus: Central Group offenbar nicht an allen H\u00e4usern interessiert\"}]},{\"@type\":\"WebSite\",\"@id\":\"https:\\\/\\\/www.immobilienbusiness.ch\\\/#website\",\"url\":\"https:\\\/\\\/www.immobilienbusiness.ch\\\/\",\"name\":\"IMMOBILIEN Business\",\"description\":\"Unabh\u00e4ngiges Schweizer Wirtschaftsmagazin mit Fokus auf Immobilien, Architektur- und Bau sowie Investment- und Finanzierung.\",\"publisher\":{\"@id\":\"https:\\\/\\\/www.immobilienbusiness.ch\\\/#organization\"},\"potentialAction\":[{\"@type\":\"SearchAction\",\"target\":{\"@type\":\"EntryPoint\",\"urlTemplate\":\"https:\\\/\\\/www.immobilienbusiness.ch\\\/?s={search_term_string}\"},\"query-input\":{\"@type\":\"PropertyValueSpecification\",\"valueRequired\":true,\"valueName\":\"search_term_string\"}}],\"inLanguage\":\"de\"},{\"@type\":\"Organization\",\"@id\":\"https:\\\/\\\/www.immobilienbusiness.ch\\\/#organization\",\"name\":\"IMMOBILIEN Business\",\"url\":\"https:\\\/\\\/www.immobilienbusiness.ch\\\/\",\"logo\":{\"@type\":\"ImageObject\",\"inLanguage\":\"de\",\"@id\":\"https:\\\/\\\/www.immobilienbusiness.ch\\\/#\\\/schema\\\/logo\\\/image\\\/\",\"url\":\"https:\\\/\\\/www.immobilienbusiness.ch\\\/wp-content\\\/uploads\\\/2021\\\/07\\\/logo_ib.png\",\"contentUrl\":\"https:\\\/\\\/www.immobilienbusiness.ch\\\/wp-content\\\/uploads\\\/2021\\\/07\\\/logo_ib.png\",\"width\":800,\"height\":181,\"caption\":\"IMMOBILIEN Business\"},\"image\":{\"@id\":\"https:\\\/\\\/www.immobilienbusiness.ch\\\/#\\\/schema\\\/logo\\\/image\\\/\"},\"sameAs\":[\"https:\\\/\\\/www.facebook.com\\\/immobilienbusiness\\\/\"]},{\"@type\":\"Person\",\"@id\":\"https:\\\/\\\/www.immobilienbusiness.ch\\\/#\\\/schema\\\/person\\\/aba8bea2db926aa0c24c08c43fe1fcd5\",\"name\":\"Alexander Wachter\",\"image\":{\"@type\":\"ImageObject\",\"inLanguage\":\"de\",\"@id\":\"https:\\\/\\\/secure.gravatar.com\\\/avatar\\\/1a09e471f5389b0e0a6416eac287e0927c7c97a7b77f9e787eba3af7aee281dd?s=96&d=mm&r=g\",\"url\":\"https:\\\/\\\/secure.gravatar.com\\\/avatar\\\/1a09e471f5389b0e0a6416eac287e0927c7c97a7b77f9e787eba3af7aee281dd?s=96&d=mm&r=g\",\"contentUrl\":\"https:\\\/\\\/secure.gravatar.com\\\/avatar\\\/1a09e471f5389b0e0a6416eac287e0927c7c97a7b77f9e787eba3af7aee281dd?s=96&d=mm&r=g\",\"caption\":\"Alexander Wachter\"},\"url\":\"https:\\\/\\\/www.immobilienbusiness.ch\\\/de\\\/author\\\/alexander-wachter\\\/\"}]}<\/script>\n<!-- \/ Yoast SEO plugin. -->","yoast_head_json":{"title":"Globus: Central Group offenbar nicht an allen H\u00e4usern interessiert - IMMOBILIEN Business","description":"Central Group plant \u00dcbernahme des Globus Warenhauses an der Bahnhofstrasse in Z\u00fcrich. Verkauf der Betreibergesellschaft erwartet","robots":{"index":"index","follow":"follow","max-snippet":"max-snippet:-1","max-image-preview":"max-image-preview:large","max-video-preview":"max-video-preview:-1"},"canonical":"https:\/\/www.immobilienbusiness.ch\/de\/regionen\/2024-07-30\/globus-central-group-offenbar-nicht-an-allen-haeusern-interessiert\/","og_locale":"de_DE","og_type":"article","og_title":"Globus: Central Group offenbar nicht an allen H\u00e4usern interessiert - IMMOBILIEN Business","og_description":"Central Group plant \u00dcbernahme des Globus Warenhauses an der Bahnhofstrasse in Z\u00fcrich. Verkauf der Betreibergesellschaft erwartet","og_url":"https:\/\/www.immobilienbusiness.ch\/de\/regionen\/2024-07-30\/globus-central-group-offenbar-nicht-an-allen-haeusern-interessiert\/","og_site_name":"IMMOBILIEN Business","article_publisher":"https:\/\/www.facebook.com\/immobilienbusiness\/","article_published_time":"2024-07-30T04:06:51+00:00","article_modified_time":"2024-08-20T04:44:04+00:00","og_image":[{"width":640,"height":853,"url":"https:\/\/www.immobilienbusiness.ch\/wp-content\/uploads\/2024\/07\/Globus.jpg","type":"image\/jpeg"}],"author":"Alexander Wachter","twitter_card":"summary_large_image","schema":{"@context":"https:\/\/schema.org","@graph":[{"@type":"Article","@id":"https:\/\/www.immobilienbusiness.ch\/it\/regionen\/2024-07-30\/globus-central-group-offenbar-nicht-an-allen-haeusern-interessiert\/#article","isPartOf":{"@id":"https:\/\/www.immobilienbusiness.ch\/it\/regionen\/2024-07-30\/globus-central-group-offenbar-nicht-an-allen-haeusern-interessiert\/"},"author":{"name":"Alexander Wachter","@id":"https:\/\/www.immobilienbusiness.ch\/#\/schema\/person\/aba8bea2db926aa0c24c08c43fe1fcd5"},"headline":"Globus: Central Group offenbar nicht an allen H\u00e4usern interessiert","datePublished":"2024-07-30T04:06:51+00:00","dateModified":"2024-08-20T04:44:04+00:00","mainEntityOfPage":{"@id":"https:\/\/www.immobilienbusiness.ch\/it\/regionen\/2024-07-30\/globus-central-group-offenbar-nicht-an-allen-haeusern-interessiert\/"},"wordCount":265,"publisher":{"@id":"https:\/\/www.immobilienbusiness.ch\/#organization"},"image":{"@id":"https:\/\/www.immobilienbusiness.ch\/it\/regionen\/2024-07-30\/globus-central-group-offenbar-nicht-an-allen-haeusern-interessiert\/#primaryimage"},"thumbnailUrl":"https:\/\/www.immobilienbusiness.ch\/wp-content\/uploads\/2024\/07\/Globus.jpg","keywords":["Globus","Retail","Signa","Verkauf","Z\u00fcrich"],"articleSection":["REGIONEN"],"inLanguage":"de"},{"@type":"WebPage","@id":"https:\/\/www.immobilienbusiness.ch\/it\/regionen\/2024-07-30\/globus-central-group-offenbar-nicht-an-allen-haeusern-interessiert\/","url":"https:\/\/www.immobilienbusiness.ch\/it\/regionen\/2024-07-30\/globus-central-group-offenbar-nicht-an-allen-haeusern-interessiert\/","name":"Globus: Central Group offenbar nicht an allen H\u00e4usern interessiert - IMMOBILIEN Business","isPartOf":{"@id":"https:\/\/www.immobilienbusiness.ch\/#website"},"primaryImageOfPage":{"@id":"https:\/\/www.immobilienbusiness.ch\/it\/regionen\/2024-07-30\/globus-central-group-offenbar-nicht-an-allen-haeusern-interessiert\/#primaryimage"},"image":{"@id":"https:\/\/www.immobilienbusiness.ch\/it\/regionen\/2024-07-30\/globus-central-group-offenbar-nicht-an-allen-haeusern-interessiert\/#primaryimage"},"thumbnailUrl":"https:\/\/www.immobilienbusiness.ch\/wp-content\/uploads\/2024\/07\/Globus.jpg","datePublished":"2024-07-30T04:06:51+00:00","dateModified":"2024-08-20T04:44:04+00:00","description":"Central Group plant \u00dcbernahme des Globus Warenhauses an der Bahnhofstrasse in Z\u00fcrich. Verkauf der Betreibergesellschaft erwartet","breadcrumb":{"@id":"https:\/\/www.immobilienbusiness.ch\/it\/regionen\/2024-07-30\/globus-central-group-offenbar-nicht-an-allen-haeusern-interessiert\/#breadcrumb"},"inLanguage":"de","potentialAction":[{"@type":"ReadAction","target":["https:\/\/www.immobilienbusiness.ch\/it\/regionen\/2024-07-30\/globus-central-group-offenbar-nicht-an-allen-haeusern-interessiert\/"]}]},{"@type":"ImageObject","inLanguage":"de","@id":"https:\/\/www.immobilienbusiness.ch\/it\/regionen\/2024-07-30\/globus-central-group-offenbar-nicht-an-allen-haeusern-interessiert\/#primaryimage","url":"https:\/\/www.immobilienbusiness.ch\/wp-content\/uploads\/2024\/07\/Globus.jpg","contentUrl":"https:\/\/www.immobilienbusiness.ch\/wp-content\/uploads\/2024\/07\/Globus.jpg","width":640,"height":853,"caption":"Das Globus Warenhaus an der Z\u00fcrcher Bahnhofstrasse (Bild: sidonius 06:56, 20 June 2006 (UTC), Pestalozzi Globus, CC BY-SA 2.5)"},{"@type":"BreadcrumbList","@id":"https:\/\/www.immobilienbusiness.ch\/it\/regionen\/2024-07-30\/globus-central-group-offenbar-nicht-an-allen-haeusern-interessiert\/#breadcrumb","itemListElement":[{"@type":"ListItem","position":1,"name":"Home","item":"https:\/\/www.immobilienbusiness.ch\/"},{"@type":"ListItem","position":2,"name":"Globus: Central Group offenbar nicht an allen H\u00e4usern interessiert"}]},{"@type":"WebSite","@id":"https:\/\/www.immobilienbusiness.ch\/#website","url":"https:\/\/www.immobilienbusiness.ch\/","name":"IMMOBILIEN Business","description":"Unabh\u00e4ngiges Schweizer Wirtschaftsmagazin mit Fokus auf Immobilien, Architektur- und Bau sowie Investment- und Finanzierung.","publisher":{"@id":"https:\/\/www.immobilienbusiness.ch\/#organization"},"potentialAction":[{"@type":"SearchAction","target":{"@type":"EntryPoint","urlTemplate":"https:\/\/www.immobilienbusiness.ch\/?s={search_term_string}"},"query-input":{"@type":"PropertyValueSpecification","valueRequired":true,"valueName":"search_term_string"}}],"inLanguage":"de"},{"@type":"Organization","@id":"https:\/\/www.immobilienbusiness.ch\/#organization","name":"IMMOBILIEN Business","url":"https:\/\/www.immobilienbusiness.ch\/","logo":{"@type":"ImageObject","inLanguage":"de","@id":"https:\/\/www.immobilienbusiness.ch\/#\/schema\/logo\/image\/","url":"https:\/\/www.immobilienbusiness.ch\/wp-content\/uploads\/2021\/07\/logo_ib.png","contentUrl":"https:\/\/www.immobilienbusiness.ch\/wp-content\/uploads\/2021\/07\/logo_ib.png","width":800,"height":181,"caption":"IMMOBILIEN Business"},"image":{"@id":"https:\/\/www.immobilienbusiness.ch\/#\/schema\/logo\/image\/"},"sameAs":["https:\/\/www.facebook.com\/immobilienbusiness\/"]},{"@type":"Person","@id":"https:\/\/www.immobilienbusiness.ch\/#\/schema\/person\/aba8bea2db926aa0c24c08c43fe1fcd5","name":"Alexander Wachter","image":{"@type":"ImageObject","inLanguage":"de","@id":"https:\/\/secure.gravatar.com\/avatar\/1a09e471f5389b0e0a6416eac287e0927c7c97a7b77f9e787eba3af7aee281dd?s=96&d=mm&r=g","url":"https:\/\/secure.gravatar.com\/avatar\/1a09e471f5389b0e0a6416eac287e0927c7c97a7b77f9e787eba3af7aee281dd?s=96&d=mm&r=g","contentUrl":"https:\/\/secure.gravatar.com\/avatar\/1a09e471f5389b0e0a6416eac287e0927c7c97a7b77f9e787eba3af7aee281dd?s=96&d=mm&r=g","caption":"Alexander Wachter"},"url":"https:\/\/www.immobilienbusiness.ch\/de\/author\/alexander-wachter\/"}]}},"_links":{"self":[{"href":"https:\/\/www.immobilienbusiness.ch\/de\/wp-json\/wp\/v2\/posts\/58237","targetHints":{"allow":["GET"]}}],"collection":[{"href":"https:\/\/www.immobilienbusiness.ch\/de\/wp-json\/wp\/v2\/posts"}],"about":[{"href":"https:\/\/www.immobilienbusiness.ch\/de\/wp-json\/wp\/v2\/types\/post"}],"author":[{"embeddable":true,"href":"https:\/\/www.immobilienbusiness.ch\/de\/wp-json\/wp\/v2\/users\/102"}],"replies":[{"embeddable":true,"href":"https:\/\/www.immobilienbusiness.ch\/de\/wp-json\/wp\/v2\/comments?post=58237"}],"version-history":[{"count":3,"href":"https:\/\/www.immobilienbusiness.ch\/de\/wp-json\/wp\/v2\/posts\/58237\/revisions"}],"predecessor-version":[{"id":58557,"href":"https:\/\/www.immobilienbusiness.ch\/de\/wp-json\/wp\/v2\/posts\/58237\/revisions\/58557"}],"wp:featuredmedia":[{"embeddable":true,"href":"https:\/\/www.immobilienbusiness.ch\/de\/wp-json\/wp\/v2\/media\/58238"}],"wp:attachment":[{"href":"https:\/\/www.immobilienbusiness.ch\/de\/wp-json\/wp\/v2\/media?parent=58237"}],"wp:term":[{"taxonomy":"category","embeddable":true,"href":"https:\/\/www.immobilienbusiness.ch\/de\/wp-json\/wp\/v2\/categories?post=58237"},{"taxonomy":"post_tag","embeddable":true,"href":"https:\/\/www.immobilienbusiness.ch\/de\/wp-json\/wp\/v2\/tags?post=58237"}],"curies":[{"name":"wp","href":"https:\/\/api.w.org\/{rel}","templated":true}]}}