{"id":57459,"date":"2024-06-10T07:28:50","date_gmt":"2024-06-10T05:28:50","guid":{"rendered":"https:\/\/www.immobilienbusiness.ch\/?p=57459"},"modified":"2024-08-20T15:05:26","modified_gmt":"2024-08-20T13:05:26","slug":"immofonds-plant-kapitalerhoehung-im-herbst","status":"publish","type":"post","link":"https:\/\/www.immobilienbusiness.ch\/de\/unternehmen\/2024-06-10\/immofonds-plant-kapitalerhoehung-im-herbst\/","title":{"rendered":"Immofonds plant Kapitalerh\u00f6hung im Herbst"},"content":{"rendered":"<figure id=\"attachment_57460\" aria-describedby=\"caption-attachment-57460\" style=\"width: 8256px\" class=\"wp-caption alignnone\"><a href=\"https:\/\/www.immobilienbusiness.ch\/wp-content\/uploads\/2024\/06\/Wankdorfcity-3_Modell_1.png\"><img loading=\"lazy\" decoding=\"async\" class=\"wp-image-57460 size-full\" src=\"https:\/\/www.immobilienbusiness.ch\/wp-content\/uploads\/2024\/06\/Wankdorfcity-3_Modell_1.png\" alt=\"Wankdorfcity 3 Kapitalerh\u00f6hung\" width=\"8256\" height=\"5504\" srcset=\"https:\/\/www.immobilienbusiness.ch\/wp-content\/uploads\/2024\/06\/Wankdorfcity-3_Modell_1.png 1200w, https:\/\/www.immobilienbusiness.ch\/wp-content\/uploads\/2024\/06\/Wankdorfcity-3_Modell_1-300x200.png 300w, https:\/\/www.immobilienbusiness.ch\/wp-content\/uploads\/2024\/06\/Wankdorfcity-3_Modell_1-1024x683.png 1024w, https:\/\/www.immobilienbusiness.ch\/wp-content\/uploads\/2024\/06\/Wankdorfcity-3_Modell_1-768x512.png 768w, https:\/\/www.immobilienbusiness.ch\/wp-content\/uploads\/2024\/06\/Wankdorfcity-3_Modell_1-1536x1024.png 1536w, https:\/\/www.immobilienbusiness.ch\/wp-content\/uploads\/2024\/06\/Wankdorfcity-3_Modell_1-2048x1365.png 2048w, https:\/\/www.immobilienbusiness.ch\/wp-content\/uploads\/2024\/06\/Wankdorfcity-3_Modell_1-18x12.png 18w, https:\/\/www.immobilienbusiness.ch\/wp-content\/uploads\/2024\/06\/Wankdorfcity-3_Modell_1-375x250.png 375w, https:\/\/www.immobilienbusiness.ch\/wp-content\/uploads\/2024\/06\/Wankdorfcity-3_Modell_1-525x350.png 525w, https:\/\/www.immobilienbusiness.ch\/wp-content\/uploads\/2024\/06\/Wankdorfcity-3_Modell_1-1000x667.png 1000w\" sizes=\"auto, (max-width: 8256px) 100vw, 8256px\" \/><\/a><figcaption id=\"caption-attachment-57460\" class=\"wp-caption-text\">Das Modell f\u00fcr das Quartierprojekt \u00abWankdorfcity 3\u00bb (Bild: Immofonds)<\/figcaption><\/figure>\n<p>Im Herbst soll eine Kapitalerh\u00f6hung des Immofonds von rund 150 Mio. CHF stattfinden. Die Mittel sind mehrheitlich zur Finanzierung der zweiten Bauetappe im Grossprojekt Wankdorfcity 3 in Bern vorgesehen, wie die Fondsleitung Immofonds Asset Management AG kommuniziert.<\/p>\n<p>Mit Wankdorfcity 3 entsteht bis ins Jahr 2029 auf einer Arealfl\u00e4che von rund 34.000 qm ein neuer Quartierteil mit \u00fcber 100.000 qm Geschossfl\u00e4che. Des Weiteren werden die Mittel laut Ad-hoc-Mitteilung zur Umsetzung bereits geplanter ESG-Massnahmen und anderer kleinerer Bauprojekte im Portfolio sowie zum Abbau der Fremdverschuldung eingesetzt.<\/p>\n<p>\u00abDie geplante Emission erlaubt es bestehenden und neuen Anlegern, sich an einem grundsoliden Immobilienportfolio und einem der innovativsten Stadtbauprojekte der Schweiz zu beteiligen\u00bb, sagt Gabriela Theus, Gesch\u00e4ftsf\u00fchrerin der Immofonds Asset Management AG. Urbanes Zusammenleben werde mit Wankdorfcity 3 neu interpretiert. Die geplanten 500 Wohnungen und etwa 3.000 Arbeitspl\u00e4tze sowie Gr\u00fcn- und Freizeitfl\u00e4chen sollen auf unterschiedlichen Ebenen entstehen. <em>(aw)<\/em><\/p>\n","protected":false},"excerpt":{"rendered":"<p>Frisches Kapital von 150 Millionen Franken ist f\u00fcr die zweite Etappe eines Berner Grossprojekts vorgesehen.<\/p>\n","protected":false},"author":102,"featured_media":57460,"comment_status":"closed","ping_status":"closed","sticky":false,"template":"","format":"standard","meta":{"_acf_changed":false,"_yoast_wpseo_focuskw":"Wankdorfcity 3 Kapitalerh\u00f6hung","_yoast_wpseo_title":"","_yoast_wpseo_metadesc":"Kapitalerh\u00f6hung von 150 Mio. CHF f\u00fcr Wankdorfcity 3 in Bern zur Finanzierung der zweiten Bauetappe und ESG-Massnahmen.","_yoast_wpseo_linkdex":50,"pgc_sgb_lightbox_settings":"","footnotes":""},"categories":[988],"tags":[1091,1344,1357,1412],"class_list":["post-57459","post","type-post","status-publish","format-standard","has-post-thumbnail","hentry","category-unternehmen","tag-bern","tag-immobilienfonds","tag-immofonds","tag-kapitalerhoehung"],"acf":[],"yoast_head":"<!-- This site is optimized with the Yoast SEO plugin v27.4 - https:\/\/yoast.com\/product\/yoast-seo-wordpress\/ -->\n<title>Immofonds plant Kapitalerh\u00f6hung im Herbst - IMMOBILIEN Business<\/title>\n<meta name=\"description\" content=\"Kapitalerh\u00f6hung von 150 Mio. CHF f\u00fcr Wankdorfcity 3 in Bern zur Finanzierung der zweiten Bauetappe und ESG-Massnahmen.\" \/>\n<meta name=\"robots\" content=\"index, follow, max-snippet:-1, max-image-preview:large, max-video-preview:-1\" \/>\n<link rel=\"canonical\" href=\"https:\/\/www.immobilienbusiness.ch\/de\/unternehmen\/2024-06-10\/immofonds-plant-kapitalerhoehung-im-herbst\/\" \/>\n<meta property=\"og:locale\" content=\"de_DE\" \/>\n<meta property=\"og:type\" content=\"article\" \/>\n<meta property=\"og:title\" content=\"Immofonds plant Kapitalerh\u00f6hung im Herbst - IMMOBILIEN Business\" \/>\n<meta property=\"og:description\" content=\"Kapitalerh\u00f6hung von 150 Mio. CHF f\u00fcr Wankdorfcity 3 in Bern zur Finanzierung der zweiten Bauetappe und ESG-Massnahmen.\" \/>\n<meta property=\"og:url\" content=\"https:\/\/www.immobilienbusiness.ch\/de\/unternehmen\/2024-06-10\/immofonds-plant-kapitalerhoehung-im-herbst\/\" \/>\n<meta property=\"og:site_name\" content=\"IMMOBILIEN Business\" \/>\n<meta property=\"article:publisher\" content=\"https:\/\/www.facebook.com\/immobilienbusiness\/\" \/>\n<meta property=\"article:published_time\" content=\"2024-06-10T05:28:50+00:00\" \/>\n<meta property=\"article:modified_time\" content=\"2024-08-20T13:05:26+00:00\" \/>\n<meta property=\"og:image\" content=\"https:\/\/www.immobilienbusiness.ch\/wp-content\/uploads\/2024\/06\/Wankdorfcity-3_Modell_1.png\" \/>\n\t<meta property=\"og:image:width\" content=\"1200\" \/>\n\t<meta property=\"og:image:height\" content=\"800\" \/>\n\t<meta property=\"og:image:type\" content=\"image\/png\" \/>\n<meta name=\"author\" content=\"Alexander Wachter\" \/>\n<meta name=\"twitter:card\" content=\"summary_large_image\" \/>\n<script type=\"application\/ld+json\" class=\"yoast-schema-graph\">{\"@context\":\"https:\\\/\\\/schema.org\",\"@graph\":[{\"@type\":\"Article\",\"@id\":\"https:\\\/\\\/www.immobilienbusiness.ch\\\/fr\\\/unternehmen\\\/2024-06-10\\\/immofonds-plant-kapitalerhoehung-im-herbst\\\/#article\",\"isPartOf\":{\"@id\":\"https:\\\/\\\/www.immobilienbusiness.ch\\\/fr\\\/unternehmen\\\/2024-06-10\\\/immofonds-plant-kapitalerhoehung-im-herbst\\\/\"},\"author\":{\"name\":\"Alexander Wachter\",\"@id\":\"https:\\\/\\\/www.immobilienbusiness.ch\\\/#\\\/schema\\\/person\\\/aba8bea2db926aa0c24c08c43fe1fcd5\"},\"headline\":\"Immofonds plant Kapitalerh\u00f6hung im Herbst\",\"datePublished\":\"2024-06-10T05:28:50+00:00\",\"dateModified\":\"2024-08-20T13:05:26+00:00\",\"mainEntityOfPage\":{\"@id\":\"https:\\\/\\\/www.immobilienbusiness.ch\\\/fr\\\/unternehmen\\\/2024-06-10\\\/immofonds-plant-kapitalerhoehung-im-herbst\\\/\"},\"wordCount\":163,\"publisher\":{\"@id\":\"https:\\\/\\\/www.immobilienbusiness.ch\\\/#organization\"},\"image\":{\"@id\":\"https:\\\/\\\/www.immobilienbusiness.ch\\\/fr\\\/unternehmen\\\/2024-06-10\\\/immofonds-plant-kapitalerhoehung-im-herbst\\\/#primaryimage\"},\"thumbnailUrl\":\"https:\\\/\\\/www.immobilienbusiness.ch\\\/wp-content\\\/uploads\\\/2024\\\/06\\\/Wankdorfcity-3_Modell_1.png\",\"keywords\":[\"Bern\",\"Immobilienfonds\",\"Immofonds\",\"Kapitalerh\u00f6hung\"],\"articleSection\":[\"UNTERNEHMEN\"],\"inLanguage\":\"de\"},{\"@type\":\"WebPage\",\"@id\":\"https:\\\/\\\/www.immobilienbusiness.ch\\\/fr\\\/unternehmen\\\/2024-06-10\\\/immofonds-plant-kapitalerhoehung-im-herbst\\\/\",\"url\":\"https:\\\/\\\/www.immobilienbusiness.ch\\\/fr\\\/unternehmen\\\/2024-06-10\\\/immofonds-plant-kapitalerhoehung-im-herbst\\\/\",\"name\":\"Immofonds plant Kapitalerh\u00f6hung im Herbst - IMMOBILIEN Business\",\"isPartOf\":{\"@id\":\"https:\\\/\\\/www.immobilienbusiness.ch\\\/#website\"},\"primaryImageOfPage\":{\"@id\":\"https:\\\/\\\/www.immobilienbusiness.ch\\\/fr\\\/unternehmen\\\/2024-06-10\\\/immofonds-plant-kapitalerhoehung-im-herbst\\\/#primaryimage\"},\"image\":{\"@id\":\"https:\\\/\\\/www.immobilienbusiness.ch\\\/fr\\\/unternehmen\\\/2024-06-10\\\/immofonds-plant-kapitalerhoehung-im-herbst\\\/#primaryimage\"},\"thumbnailUrl\":\"https:\\\/\\\/www.immobilienbusiness.ch\\\/wp-content\\\/uploads\\\/2024\\\/06\\\/Wankdorfcity-3_Modell_1.png\",\"datePublished\":\"2024-06-10T05:28:50+00:00\",\"dateModified\":\"2024-08-20T13:05:26+00:00\",\"description\":\"Kapitalerh\u00f6hung von 150 Mio. CHF f\u00fcr Wankdorfcity 3 in Bern zur Finanzierung der zweiten Bauetappe und ESG-Massnahmen.\",\"breadcrumb\":{\"@id\":\"https:\\\/\\\/www.immobilienbusiness.ch\\\/fr\\\/unternehmen\\\/2024-06-10\\\/immofonds-plant-kapitalerhoehung-im-herbst\\\/#breadcrumb\"},\"inLanguage\":\"de\",\"potentialAction\":[{\"@type\":\"ReadAction\",\"target\":[\"https:\\\/\\\/www.immobilienbusiness.ch\\\/fr\\\/unternehmen\\\/2024-06-10\\\/immofonds-plant-kapitalerhoehung-im-herbst\\\/\"]}]},{\"@type\":\"ImageObject\",\"inLanguage\":\"de\",\"@id\":\"https:\\\/\\\/www.immobilienbusiness.ch\\\/fr\\\/unternehmen\\\/2024-06-10\\\/immofonds-plant-kapitalerhoehung-im-herbst\\\/#primaryimage\",\"url\":\"https:\\\/\\\/www.immobilienbusiness.ch\\\/wp-content\\\/uploads\\\/2024\\\/06\\\/Wankdorfcity-3_Modell_1.png\",\"contentUrl\":\"https:\\\/\\\/www.immobilienbusiness.ch\\\/wp-content\\\/uploads\\\/2024\\\/06\\\/Wankdorfcity-3_Modell_1.png\",\"width\":1200,\"height\":800,\"caption\":\"Dieses Projekt steht im Mittelpunkt der n\u00e4chsten Kapitalerh\u00f6hung: Das Quartier \u00abWankdorfcity 3\u00bb (Bild: Immofonds)\"},{\"@type\":\"BreadcrumbList\",\"@id\":\"https:\\\/\\\/www.immobilienbusiness.ch\\\/fr\\\/unternehmen\\\/2024-06-10\\\/immofonds-plant-kapitalerhoehung-im-herbst\\\/#breadcrumb\",\"itemListElement\":[{\"@type\":\"ListItem\",\"position\":1,\"name\":\"Home\",\"item\":\"https:\\\/\\\/www.immobilienbusiness.ch\\\/\"},{\"@type\":\"ListItem\",\"position\":2,\"name\":\"Immofonds plant Kapitalerh\u00f6hung im Herbst\"}]},{\"@type\":\"WebSite\",\"@id\":\"https:\\\/\\\/www.immobilienbusiness.ch\\\/#website\",\"url\":\"https:\\\/\\\/www.immobilienbusiness.ch\\\/\",\"name\":\"IMMOBILIEN Business\",\"description\":\"Unabh\u00e4ngiges Schweizer Wirtschaftsmagazin mit Fokus auf Immobilien, Architektur- und Bau sowie Investment- und Finanzierung.\",\"publisher\":{\"@id\":\"https:\\\/\\\/www.immobilienbusiness.ch\\\/#organization\"},\"potentialAction\":[{\"@type\":\"SearchAction\",\"target\":{\"@type\":\"EntryPoint\",\"urlTemplate\":\"https:\\\/\\\/www.immobilienbusiness.ch\\\/?s={search_term_string}\"},\"query-input\":{\"@type\":\"PropertyValueSpecification\",\"valueRequired\":true,\"valueName\":\"search_term_string\"}}],\"inLanguage\":\"de\"},{\"@type\":\"Organization\",\"@id\":\"https:\\\/\\\/www.immobilienbusiness.ch\\\/#organization\",\"name\":\"IMMOBILIEN Business\",\"url\":\"https:\\\/\\\/www.immobilienbusiness.ch\\\/\",\"logo\":{\"@type\":\"ImageObject\",\"inLanguage\":\"de\",\"@id\":\"https:\\\/\\\/www.immobilienbusiness.ch\\\/#\\\/schema\\\/logo\\\/image\\\/\",\"url\":\"https:\\\/\\\/www.immobilienbusiness.ch\\\/wp-content\\\/uploads\\\/2021\\\/07\\\/logo_ib.png\",\"contentUrl\":\"https:\\\/\\\/www.immobilienbusiness.ch\\\/wp-content\\\/uploads\\\/2021\\\/07\\\/logo_ib.png\",\"width\":800,\"height\":181,\"caption\":\"IMMOBILIEN Business\"},\"image\":{\"@id\":\"https:\\\/\\\/www.immobilienbusiness.ch\\\/#\\\/schema\\\/logo\\\/image\\\/\"},\"sameAs\":[\"https:\\\/\\\/www.facebook.com\\\/immobilienbusiness\\\/\"]},{\"@type\":\"Person\",\"@id\":\"https:\\\/\\\/www.immobilienbusiness.ch\\\/#\\\/schema\\\/person\\\/aba8bea2db926aa0c24c08c43fe1fcd5\",\"name\":\"Alexander Wachter\",\"image\":{\"@type\":\"ImageObject\",\"inLanguage\":\"de\",\"@id\":\"https:\\\/\\\/secure.gravatar.com\\\/avatar\\\/1a09e471f5389b0e0a6416eac287e0927c7c97a7b77f9e787eba3af7aee281dd?s=96&d=mm&r=g\",\"url\":\"https:\\\/\\\/secure.gravatar.com\\\/avatar\\\/1a09e471f5389b0e0a6416eac287e0927c7c97a7b77f9e787eba3af7aee281dd?s=96&d=mm&r=g\",\"contentUrl\":\"https:\\\/\\\/secure.gravatar.com\\\/avatar\\\/1a09e471f5389b0e0a6416eac287e0927c7c97a7b77f9e787eba3af7aee281dd?s=96&d=mm&r=g\",\"caption\":\"Alexander Wachter\"},\"url\":\"https:\\\/\\\/www.immobilienbusiness.ch\\\/de\\\/author\\\/alexander-wachter\\\/\"}]}<\/script>\n<!-- \/ Yoast SEO plugin. -->","yoast_head_json":{"title":"Immofonds plant Kapitalerh\u00f6hung im Herbst - IMMOBILIEN Business","description":"Kapitalerh\u00f6hung von 150 Mio. CHF f\u00fcr Wankdorfcity 3 in Bern zur Finanzierung der zweiten Bauetappe und ESG-Massnahmen.","robots":{"index":"index","follow":"follow","max-snippet":"max-snippet:-1","max-image-preview":"max-image-preview:large","max-video-preview":"max-video-preview:-1"},"canonical":"https:\/\/www.immobilienbusiness.ch\/de\/unternehmen\/2024-06-10\/immofonds-plant-kapitalerhoehung-im-herbst\/","og_locale":"de_DE","og_type":"article","og_title":"Immofonds plant Kapitalerh\u00f6hung im Herbst - IMMOBILIEN Business","og_description":"Kapitalerh\u00f6hung von 150 Mio. CHF f\u00fcr Wankdorfcity 3 in Bern zur Finanzierung der zweiten Bauetappe und ESG-Massnahmen.","og_url":"https:\/\/www.immobilienbusiness.ch\/de\/unternehmen\/2024-06-10\/immofonds-plant-kapitalerhoehung-im-herbst\/","og_site_name":"IMMOBILIEN Business","article_publisher":"https:\/\/www.facebook.com\/immobilienbusiness\/","article_published_time":"2024-06-10T05:28:50+00:00","article_modified_time":"2024-08-20T13:05:26+00:00","og_image":[{"width":1200,"height":800,"url":"https:\/\/www.immobilienbusiness.ch\/wp-content\/uploads\/2024\/06\/Wankdorfcity-3_Modell_1.png","type":"image\/png"}],"author":"Alexander Wachter","twitter_card":"summary_large_image","schema":{"@context":"https:\/\/schema.org","@graph":[{"@type":"Article","@id":"https:\/\/www.immobilienbusiness.ch\/fr\/unternehmen\/2024-06-10\/immofonds-plant-kapitalerhoehung-im-herbst\/#article","isPartOf":{"@id":"https:\/\/www.immobilienbusiness.ch\/fr\/unternehmen\/2024-06-10\/immofonds-plant-kapitalerhoehung-im-herbst\/"},"author":{"name":"Alexander Wachter","@id":"https:\/\/www.immobilienbusiness.ch\/#\/schema\/person\/aba8bea2db926aa0c24c08c43fe1fcd5"},"headline":"Immofonds plant Kapitalerh\u00f6hung im Herbst","datePublished":"2024-06-10T05:28:50+00:00","dateModified":"2024-08-20T13:05:26+00:00","mainEntityOfPage":{"@id":"https:\/\/www.immobilienbusiness.ch\/fr\/unternehmen\/2024-06-10\/immofonds-plant-kapitalerhoehung-im-herbst\/"},"wordCount":163,"publisher":{"@id":"https:\/\/www.immobilienbusiness.ch\/#organization"},"image":{"@id":"https:\/\/www.immobilienbusiness.ch\/fr\/unternehmen\/2024-06-10\/immofonds-plant-kapitalerhoehung-im-herbst\/#primaryimage"},"thumbnailUrl":"https:\/\/www.immobilienbusiness.ch\/wp-content\/uploads\/2024\/06\/Wankdorfcity-3_Modell_1.png","keywords":["Bern","Immobilienfonds","Immofonds","Kapitalerh\u00f6hung"],"articleSection":["UNTERNEHMEN"],"inLanguage":"de"},{"@type":"WebPage","@id":"https:\/\/www.immobilienbusiness.ch\/fr\/unternehmen\/2024-06-10\/immofonds-plant-kapitalerhoehung-im-herbst\/","url":"https:\/\/www.immobilienbusiness.ch\/fr\/unternehmen\/2024-06-10\/immofonds-plant-kapitalerhoehung-im-herbst\/","name":"Immofonds plant Kapitalerh\u00f6hung im Herbst - IMMOBILIEN Business","isPartOf":{"@id":"https:\/\/www.immobilienbusiness.ch\/#website"},"primaryImageOfPage":{"@id":"https:\/\/www.immobilienbusiness.ch\/fr\/unternehmen\/2024-06-10\/immofonds-plant-kapitalerhoehung-im-herbst\/#primaryimage"},"image":{"@id":"https:\/\/www.immobilienbusiness.ch\/fr\/unternehmen\/2024-06-10\/immofonds-plant-kapitalerhoehung-im-herbst\/#primaryimage"},"thumbnailUrl":"https:\/\/www.immobilienbusiness.ch\/wp-content\/uploads\/2024\/06\/Wankdorfcity-3_Modell_1.png","datePublished":"2024-06-10T05:28:50+00:00","dateModified":"2024-08-20T13:05:26+00:00","description":"Kapitalerh\u00f6hung von 150 Mio. CHF f\u00fcr Wankdorfcity 3 in Bern zur Finanzierung der zweiten Bauetappe und ESG-Massnahmen.","breadcrumb":{"@id":"https:\/\/www.immobilienbusiness.ch\/fr\/unternehmen\/2024-06-10\/immofonds-plant-kapitalerhoehung-im-herbst\/#breadcrumb"},"inLanguage":"de","potentialAction":[{"@type":"ReadAction","target":["https:\/\/www.immobilienbusiness.ch\/fr\/unternehmen\/2024-06-10\/immofonds-plant-kapitalerhoehung-im-herbst\/"]}]},{"@type":"ImageObject","inLanguage":"de","@id":"https:\/\/www.immobilienbusiness.ch\/fr\/unternehmen\/2024-06-10\/immofonds-plant-kapitalerhoehung-im-herbst\/#primaryimage","url":"https:\/\/www.immobilienbusiness.ch\/wp-content\/uploads\/2024\/06\/Wankdorfcity-3_Modell_1.png","contentUrl":"https:\/\/www.immobilienbusiness.ch\/wp-content\/uploads\/2024\/06\/Wankdorfcity-3_Modell_1.png","width":1200,"height":800,"caption":"Dieses Projekt steht im Mittelpunkt der n\u00e4chsten Kapitalerh\u00f6hung: Das Quartier \u00abWankdorfcity 3\u00bb (Bild: Immofonds)"},{"@type":"BreadcrumbList","@id":"https:\/\/www.immobilienbusiness.ch\/fr\/unternehmen\/2024-06-10\/immofonds-plant-kapitalerhoehung-im-herbst\/#breadcrumb","itemListElement":[{"@type":"ListItem","position":1,"name":"Home","item":"https:\/\/www.immobilienbusiness.ch\/"},{"@type":"ListItem","position":2,"name":"Immofonds plant Kapitalerh\u00f6hung im Herbst"}]},{"@type":"WebSite","@id":"https:\/\/www.immobilienbusiness.ch\/#website","url":"https:\/\/www.immobilienbusiness.ch\/","name":"IMMOBILIEN Business","description":"Unabh\u00e4ngiges Schweizer Wirtschaftsmagazin mit Fokus auf Immobilien, Architektur- und Bau sowie Investment- und Finanzierung.","publisher":{"@id":"https:\/\/www.immobilienbusiness.ch\/#organization"},"potentialAction":[{"@type":"SearchAction","target":{"@type":"EntryPoint","urlTemplate":"https:\/\/www.immobilienbusiness.ch\/?s={search_term_string}"},"query-input":{"@type":"PropertyValueSpecification","valueRequired":true,"valueName":"search_term_string"}}],"inLanguage":"de"},{"@type":"Organization","@id":"https:\/\/www.immobilienbusiness.ch\/#organization","name":"IMMOBILIEN Business","url":"https:\/\/www.immobilienbusiness.ch\/","logo":{"@type":"ImageObject","inLanguage":"de","@id":"https:\/\/www.immobilienbusiness.ch\/#\/schema\/logo\/image\/","url":"https:\/\/www.immobilienbusiness.ch\/wp-content\/uploads\/2021\/07\/logo_ib.png","contentUrl":"https:\/\/www.immobilienbusiness.ch\/wp-content\/uploads\/2021\/07\/logo_ib.png","width":800,"height":181,"caption":"IMMOBILIEN Business"},"image":{"@id":"https:\/\/www.immobilienbusiness.ch\/#\/schema\/logo\/image\/"},"sameAs":["https:\/\/www.facebook.com\/immobilienbusiness\/"]},{"@type":"Person","@id":"https:\/\/www.immobilienbusiness.ch\/#\/schema\/person\/aba8bea2db926aa0c24c08c43fe1fcd5","name":"Alexander Wachter","image":{"@type":"ImageObject","inLanguage":"de","@id":"https:\/\/secure.gravatar.com\/avatar\/1a09e471f5389b0e0a6416eac287e0927c7c97a7b77f9e787eba3af7aee281dd?s=96&d=mm&r=g","url":"https:\/\/secure.gravatar.com\/avatar\/1a09e471f5389b0e0a6416eac287e0927c7c97a7b77f9e787eba3af7aee281dd?s=96&d=mm&r=g","contentUrl":"https:\/\/secure.gravatar.com\/avatar\/1a09e471f5389b0e0a6416eac287e0927c7c97a7b77f9e787eba3af7aee281dd?s=96&d=mm&r=g","caption":"Alexander Wachter"},"url":"https:\/\/www.immobilienbusiness.ch\/de\/author\/alexander-wachter\/"}]}},"_links":{"self":[{"href":"https:\/\/www.immobilienbusiness.ch\/de\/wp-json\/wp\/v2\/posts\/57459","targetHints":{"allow":["GET"]}}],"collection":[{"href":"https:\/\/www.immobilienbusiness.ch\/de\/wp-json\/wp\/v2\/posts"}],"about":[{"href":"https:\/\/www.immobilienbusiness.ch\/de\/wp-json\/wp\/v2\/types\/post"}],"author":[{"embeddable":true,"href":"https:\/\/www.immobilienbusiness.ch\/de\/wp-json\/wp\/v2\/users\/102"}],"replies":[{"embeddable":true,"href":"https:\/\/www.immobilienbusiness.ch\/de\/wp-json\/wp\/v2\/comments?post=57459"}],"version-history":[{"count":2,"href":"https:\/\/www.immobilienbusiness.ch\/de\/wp-json\/wp\/v2\/posts\/57459\/revisions"}],"predecessor-version":[{"id":58733,"href":"https:\/\/www.immobilienbusiness.ch\/de\/wp-json\/wp\/v2\/posts\/57459\/revisions\/58733"}],"wp:featuredmedia":[{"embeddable":true,"href":"https:\/\/www.immobilienbusiness.ch\/de\/wp-json\/wp\/v2\/media\/57460"}],"wp:attachment":[{"href":"https:\/\/www.immobilienbusiness.ch\/de\/wp-json\/wp\/v2\/media?parent=57459"}],"wp:term":[{"taxonomy":"category","embeddable":true,"href":"https:\/\/www.immobilienbusiness.ch\/de\/wp-json\/wp\/v2\/categories?post=57459"},{"taxonomy":"post_tag","embeddable":true,"href":"https:\/\/www.immobilienbusiness.ch\/de\/wp-json\/wp\/v2\/tags?post=57459"}],"curies":[{"name":"wp","href":"https:\/\/api.w.org\/{rel}","templated":true}]}}