{"id":57298,"date":"2024-05-28T08:24:19","date_gmt":"2024-05-28T06:24:19","guid":{"rendered":"https:\/\/www.immobilienbusiness.ch\/?p=57298"},"modified":"2024-08-21T06:00:33","modified_gmt":"2024-08-21T04:00:33","slug":"sfp-mit-neuem-vr-mitglied","status":"publish","type":"post","link":"https:\/\/www.immobilienbusiness.ch\/de\/personalia\/2024-05-28\/sfp-mit-neuem-vr-mitglied\/","title":{"rendered":"SFP mit neuem VR-Mitglied"},"content":{"rendered":"<figure id=\"attachment_57315\" aria-describedby=\"caption-attachment-57315\" style=\"width: 555px\" class=\"wp-caption alignnone\"><a href=\"https:\/\/www.immobilienbusiness.ch\/wp-content\/uploads\/2024\/05\/Oegerli.png\"><img loading=\"lazy\" decoding=\"async\" class=\"wp-image-57315 size-full\" src=\"https:\/\/www.immobilienbusiness.ch\/wp-content\/uploads\/2024\/05\/Oegerli.png\" alt=\"Felix Oegerli Verwaltungsrat \" width=\"555\" height=\"327\" srcset=\"https:\/\/www.immobilienbusiness.ch\/wp-content\/uploads\/2024\/05\/Oegerli.png 555w, https:\/\/www.immobilienbusiness.ch\/wp-content\/uploads\/2024\/05\/Oegerli-300x177.png 300w, https:\/\/www.immobilienbusiness.ch\/wp-content\/uploads\/2024\/05\/Oegerli-18x12.png 18w, https:\/\/www.immobilienbusiness.ch\/wp-content\/uploads\/2024\/05\/Oegerli-375x221.png 375w\" sizes=\"auto, (max-width: 555px) 100vw, 555px\" \/><\/a><figcaption id=\"caption-attachment-57315\" class=\"wp-caption-text\">Felix Oegerli (Bild: SFP)<\/figcaption><\/figure>\n<p>An der Generalversammlung vom 7. Mai wurde Felix Oegerli als neues Mitglied des Verwaltungsrats der Swiss Finance &amp; Property Group AG (SFP Group) gew\u00e4hlt. Er folgt auf Thomas E. Kern, der sich nicht mehr zur Wiederwahl gestellt hat. Oegerli ist seit 2014 als Head of Trading, Sales and Capital Markets bei der Z\u00fcrcher Kantonalbank t\u00e4tig. Davor arbeitete er als Head Cash Collateral Trading &amp; Management beim selben Unternehmen. Er begann seine Karriere bei der UBS, wo er \u00fcber 20 Jahre in verschiedenen Funktionen in Z\u00fcrich, New York und London t\u00e4tig war. Zwischen 1999 und 2008 war er Gr\u00fcnder und CEO der IFBS AG, welche in erster Linie auf die Beratung und Entwicklung von Standardsoftwarel\u00f6sungen im Bereich Trading und Treasury weltweit spezialisiert war und 2007 an eine Tochter der Swisscom verkauft wurde. Seit 2020 amtet Oegerli zudem als Verwaltungsratspr\u00e4sident der ZKB Securities (UK) Ltd. und seit 2014 als Verwaltungsratspr\u00e4sident der Z\u00fcrcher Kantonalbank Finance (Guernsey) Ltd. <em>(aw)<\/em><\/p>\n","protected":false},"excerpt":{"rendered":"<p>Felix Oegerli, Head of Trading, Sales und Capital Markets bei der ZKB, nimmt Einsitz in das Gremium.<\/p>\n","protected":false},"author":102,"featured_media":57315,"comment_status":"closed","ping_status":"closed","sticky":false,"template":"","format":"standard","meta":{"_acf_changed":false,"_yoast_wpseo_focuskw":"Felix Oegerli Verwaltungsrat","_yoast_wpseo_title":"","_yoast_wpseo_metadesc":"Felix Oegerli wird neues Verwaltungsratsmitglied der SFP Group. Er folgt auf Thomas E. Kern und bringt umfangreiche Erfahrung aus der Finanzbranche mit.","_yoast_wpseo_linkdex":46,"pgc_sgb_lightbox_settings":"","footnotes":""},"categories":[1912],"tags":[1563,1753,1881],"class_list":["post-57298","post","type-post","status-publish","format-standard","has-post-thumbnail","hentry","category-personalia","tag-personalia","tag-swiss-finance-property","tag-zkb"],"acf":[],"yoast_head":"<!-- This site is optimized with the Yoast SEO plugin v27.5 - https:\/\/yoast.com\/product\/yoast-seo-wordpress\/ -->\n<title>SFP mit neuem VR-Mitglied - IMMOBILIEN Business<\/title>\n<meta name=\"description\" content=\"Felix Oegerli wird neues Verwaltungsratsmitglied der SFP Group. Er folgt auf Thomas E. Kern und bringt umfangreiche Erfahrung aus der Finanzbranche mit.\" \/>\n<meta name=\"robots\" content=\"index, follow, max-snippet:-1, max-image-preview:large, max-video-preview:-1\" \/>\n<link rel=\"canonical\" href=\"https:\/\/www.immobilienbusiness.ch\/de\/personalia\/2024-05-28\/sfp-mit-neuem-vr-mitglied\/\" \/>\n<meta property=\"og:locale\" content=\"de_DE\" \/>\n<meta property=\"og:type\" content=\"article\" \/>\n<meta property=\"og:title\" content=\"SFP mit neuem VR-Mitglied - IMMOBILIEN Business\" \/>\n<meta property=\"og:description\" content=\"Felix Oegerli wird neues Verwaltungsratsmitglied der SFP Group. Er folgt auf Thomas E. Kern und bringt umfangreiche Erfahrung aus der Finanzbranche mit.\" \/>\n<meta property=\"og:url\" content=\"https:\/\/www.immobilienbusiness.ch\/de\/personalia\/2024-05-28\/sfp-mit-neuem-vr-mitglied\/\" \/>\n<meta property=\"og:site_name\" content=\"IMMOBILIEN Business\" \/>\n<meta property=\"article:publisher\" content=\"https:\/\/www.facebook.com\/immobilienbusiness\/\" \/>\n<meta property=\"article:published_time\" content=\"2024-05-28T06:24:19+00:00\" \/>\n<meta property=\"article:modified_time\" content=\"2024-08-21T04:00:33+00:00\" \/>\n<meta property=\"og:image\" content=\"https:\/\/www.immobilienbusiness.ch\/wp-content\/uploads\/2024\/05\/Oegerli.png\" \/>\n\t<meta property=\"og:image:width\" content=\"555\" \/>\n\t<meta property=\"og:image:height\" content=\"327\" \/>\n\t<meta property=\"og:image:type\" content=\"image\/png\" \/>\n<meta name=\"author\" content=\"Alexander Wachter\" \/>\n<meta name=\"twitter:card\" content=\"summary_large_image\" \/>\n<script type=\"application\/ld+json\" class=\"yoast-schema-graph\">{\"@context\":\"https:\\\/\\\/schema.org\",\"@graph\":[{\"@type\":\"Article\",\"@id\":\"https:\\\/\\\/www.immobilienbusiness.ch\\\/de\\\/personalia\\\/2024-05-28\\\/sfp-mit-neuem-vr-mitglied\\\/#article\",\"isPartOf\":{\"@id\":\"https:\\\/\\\/www.immobilienbusiness.ch\\\/de\\\/personalia\\\/2024-05-28\\\/sfp-mit-neuem-vr-mitglied\\\/\"},\"author\":{\"name\":\"Alexander Wachter\",\"@id\":\"https:\\\/\\\/www.immobilienbusiness.ch\\\/#\\\/schema\\\/person\\\/aba8bea2db926aa0c24c08c43fe1fcd5\"},\"headline\":\"SFP mit neuem VR-Mitglied\",\"datePublished\":\"2024-05-28T06:24:19+00:00\",\"dateModified\":\"2024-08-21T04:00:33+00:00\",\"mainEntityOfPage\":{\"@id\":\"https:\\\/\\\/www.immobilienbusiness.ch\\\/de\\\/personalia\\\/2024-05-28\\\/sfp-mit-neuem-vr-mitglied\\\/\"},\"wordCount\":172,\"publisher\":{\"@id\":\"https:\\\/\\\/www.immobilienbusiness.ch\\\/#organization\"},\"image\":{\"@id\":\"https:\\\/\\\/www.immobilienbusiness.ch\\\/de\\\/personalia\\\/2024-05-28\\\/sfp-mit-neuem-vr-mitglied\\\/#primaryimage\"},\"thumbnailUrl\":\"https:\\\/\\\/www.immobilienbusiness.ch\\\/wp-content\\\/uploads\\\/2024\\\/05\\\/Oegerli.png\",\"keywords\":[\"Personalia\",\"Swiss Finance &amp; Property\",\"ZKB\"],\"articleSection\":[\"PERSONALIA\"],\"inLanguage\":\"de\"},{\"@type\":\"WebPage\",\"@id\":\"https:\\\/\\\/www.immobilienbusiness.ch\\\/de\\\/personalia\\\/2024-05-28\\\/sfp-mit-neuem-vr-mitglied\\\/\",\"url\":\"https:\\\/\\\/www.immobilienbusiness.ch\\\/de\\\/personalia\\\/2024-05-28\\\/sfp-mit-neuem-vr-mitglied\\\/\",\"name\":\"SFP mit neuem VR-Mitglied - IMMOBILIEN Business\",\"isPartOf\":{\"@id\":\"https:\\\/\\\/www.immobilienbusiness.ch\\\/#website\"},\"primaryImageOfPage\":{\"@id\":\"https:\\\/\\\/www.immobilienbusiness.ch\\\/de\\\/personalia\\\/2024-05-28\\\/sfp-mit-neuem-vr-mitglied\\\/#primaryimage\"},\"image\":{\"@id\":\"https:\\\/\\\/www.immobilienbusiness.ch\\\/de\\\/personalia\\\/2024-05-28\\\/sfp-mit-neuem-vr-mitglied\\\/#primaryimage\"},\"thumbnailUrl\":\"https:\\\/\\\/www.immobilienbusiness.ch\\\/wp-content\\\/uploads\\\/2024\\\/05\\\/Oegerli.png\",\"datePublished\":\"2024-05-28T06:24:19+00:00\",\"dateModified\":\"2024-08-21T04:00:33+00:00\",\"description\":\"Felix Oegerli wird neues Verwaltungsratsmitglied der SFP Group. Er folgt auf Thomas E. Kern und bringt umfangreiche Erfahrung aus der Finanzbranche mit.\",\"breadcrumb\":{\"@id\":\"https:\\\/\\\/www.immobilienbusiness.ch\\\/de\\\/personalia\\\/2024-05-28\\\/sfp-mit-neuem-vr-mitglied\\\/#breadcrumb\"},\"inLanguage\":\"de\",\"potentialAction\":[{\"@type\":\"ReadAction\",\"target\":[\"https:\\\/\\\/www.immobilienbusiness.ch\\\/de\\\/personalia\\\/2024-05-28\\\/sfp-mit-neuem-vr-mitglied\\\/\"]}]},{\"@type\":\"ImageObject\",\"inLanguage\":\"de\",\"@id\":\"https:\\\/\\\/www.immobilienbusiness.ch\\\/de\\\/personalia\\\/2024-05-28\\\/sfp-mit-neuem-vr-mitglied\\\/#primaryimage\",\"url\":\"https:\\\/\\\/www.immobilienbusiness.ch\\\/wp-content\\\/uploads\\\/2024\\\/05\\\/Oegerli.png\",\"contentUrl\":\"https:\\\/\\\/www.immobilienbusiness.ch\\\/wp-content\\\/uploads\\\/2024\\\/05\\\/Oegerli.png\",\"width\":555,\"height\":327,\"caption\":\"Felix Oegerli (Bild: SFP)\"},{\"@type\":\"BreadcrumbList\",\"@id\":\"https:\\\/\\\/www.immobilienbusiness.ch\\\/de\\\/personalia\\\/2024-05-28\\\/sfp-mit-neuem-vr-mitglied\\\/#breadcrumb\",\"itemListElement\":[{\"@type\":\"ListItem\",\"position\":1,\"name\":\"Home\",\"item\":\"https:\\\/\\\/www.immobilienbusiness.ch\\\/\"},{\"@type\":\"ListItem\",\"position\":2,\"name\":\"SFP mit neuem VR-Mitglied\"}]},{\"@type\":\"WebSite\",\"@id\":\"https:\\\/\\\/www.immobilienbusiness.ch\\\/#website\",\"url\":\"https:\\\/\\\/www.immobilienbusiness.ch\\\/\",\"name\":\"IMMOBILIEN Business\",\"description\":\"Unabh\u00e4ngiges Schweizer Wirtschaftsmagazin mit Fokus auf Immobilien, Architektur- und Bau sowie Investment- und Finanzierung.\",\"publisher\":{\"@id\":\"https:\\\/\\\/www.immobilienbusiness.ch\\\/#organization\"},\"potentialAction\":[{\"@type\":\"SearchAction\",\"target\":{\"@type\":\"EntryPoint\",\"urlTemplate\":\"https:\\\/\\\/www.immobilienbusiness.ch\\\/?s={search_term_string}\"},\"query-input\":{\"@type\":\"PropertyValueSpecification\",\"valueRequired\":true,\"valueName\":\"search_term_string\"}}],\"inLanguage\":\"de\"},{\"@type\":\"Organization\",\"@id\":\"https:\\\/\\\/www.immobilienbusiness.ch\\\/#organization\",\"name\":\"IMMOBILIEN Business\",\"url\":\"https:\\\/\\\/www.immobilienbusiness.ch\\\/\",\"logo\":{\"@type\":\"ImageObject\",\"inLanguage\":\"de\",\"@id\":\"https:\\\/\\\/www.immobilienbusiness.ch\\\/#\\\/schema\\\/logo\\\/image\\\/\",\"url\":\"https:\\\/\\\/www.immobilienbusiness.ch\\\/wp-content\\\/uploads\\\/2021\\\/07\\\/logo_ib.png\",\"contentUrl\":\"https:\\\/\\\/www.immobilienbusiness.ch\\\/wp-content\\\/uploads\\\/2021\\\/07\\\/logo_ib.png\",\"width\":800,\"height\":181,\"caption\":\"IMMOBILIEN Business\"},\"image\":{\"@id\":\"https:\\\/\\\/www.immobilienbusiness.ch\\\/#\\\/schema\\\/logo\\\/image\\\/\"},\"sameAs\":[\"https:\\\/\\\/www.facebook.com\\\/immobilienbusiness\\\/\"]},{\"@type\":\"Person\",\"@id\":\"https:\\\/\\\/www.immobilienbusiness.ch\\\/#\\\/schema\\\/person\\\/aba8bea2db926aa0c24c08c43fe1fcd5\",\"name\":\"Alexander Wachter\",\"image\":{\"@type\":\"ImageObject\",\"inLanguage\":\"de\",\"@id\":\"https:\\\/\\\/secure.gravatar.com\\\/avatar\\\/1a09e471f5389b0e0a6416eac287e0927c7c97a7b77f9e787eba3af7aee281dd?s=96&d=mm&r=g\",\"url\":\"https:\\\/\\\/secure.gravatar.com\\\/avatar\\\/1a09e471f5389b0e0a6416eac287e0927c7c97a7b77f9e787eba3af7aee281dd?s=96&d=mm&r=g\",\"contentUrl\":\"https:\\\/\\\/secure.gravatar.com\\\/avatar\\\/1a09e471f5389b0e0a6416eac287e0927c7c97a7b77f9e787eba3af7aee281dd?s=96&d=mm&r=g\",\"caption\":\"Alexander Wachter\"},\"url\":\"https:\\\/\\\/www.immobilienbusiness.ch\\\/de\\\/author\\\/alexander-wachter\\\/\"}]}<\/script>\n<!-- \/ Yoast SEO plugin. -->","yoast_head_json":{"title":"SFP mit neuem VR-Mitglied - IMMOBILIEN Business","description":"Felix Oegerli wird neues Verwaltungsratsmitglied der SFP Group. Er folgt auf Thomas E. Kern und bringt umfangreiche Erfahrung aus der Finanzbranche mit.","robots":{"index":"index","follow":"follow","max-snippet":"max-snippet:-1","max-image-preview":"max-image-preview:large","max-video-preview":"max-video-preview:-1"},"canonical":"https:\/\/www.immobilienbusiness.ch\/de\/personalia\/2024-05-28\/sfp-mit-neuem-vr-mitglied\/","og_locale":"de_DE","og_type":"article","og_title":"SFP mit neuem VR-Mitglied - IMMOBILIEN Business","og_description":"Felix Oegerli wird neues Verwaltungsratsmitglied der SFP Group. Er folgt auf Thomas E. Kern und bringt umfangreiche Erfahrung aus der Finanzbranche mit.","og_url":"https:\/\/www.immobilienbusiness.ch\/de\/personalia\/2024-05-28\/sfp-mit-neuem-vr-mitglied\/","og_site_name":"IMMOBILIEN Business","article_publisher":"https:\/\/www.facebook.com\/immobilienbusiness\/","article_published_time":"2024-05-28T06:24:19+00:00","article_modified_time":"2024-08-21T04:00:33+00:00","og_image":[{"width":555,"height":327,"url":"https:\/\/www.immobilienbusiness.ch\/wp-content\/uploads\/2024\/05\/Oegerli.png","type":"image\/png"}],"author":"Alexander Wachter","twitter_card":"summary_large_image","schema":{"@context":"https:\/\/schema.org","@graph":[{"@type":"Article","@id":"https:\/\/www.immobilienbusiness.ch\/de\/personalia\/2024-05-28\/sfp-mit-neuem-vr-mitglied\/#article","isPartOf":{"@id":"https:\/\/www.immobilienbusiness.ch\/de\/personalia\/2024-05-28\/sfp-mit-neuem-vr-mitglied\/"},"author":{"name":"Alexander Wachter","@id":"https:\/\/www.immobilienbusiness.ch\/#\/schema\/person\/aba8bea2db926aa0c24c08c43fe1fcd5"},"headline":"SFP mit neuem VR-Mitglied","datePublished":"2024-05-28T06:24:19+00:00","dateModified":"2024-08-21T04:00:33+00:00","mainEntityOfPage":{"@id":"https:\/\/www.immobilienbusiness.ch\/de\/personalia\/2024-05-28\/sfp-mit-neuem-vr-mitglied\/"},"wordCount":172,"publisher":{"@id":"https:\/\/www.immobilienbusiness.ch\/#organization"},"image":{"@id":"https:\/\/www.immobilienbusiness.ch\/de\/personalia\/2024-05-28\/sfp-mit-neuem-vr-mitglied\/#primaryimage"},"thumbnailUrl":"https:\/\/www.immobilienbusiness.ch\/wp-content\/uploads\/2024\/05\/Oegerli.png","keywords":["Personalia","Swiss Finance &amp; Property","ZKB"],"articleSection":["PERSONALIA"],"inLanguage":"de"},{"@type":"WebPage","@id":"https:\/\/www.immobilienbusiness.ch\/de\/personalia\/2024-05-28\/sfp-mit-neuem-vr-mitglied\/","url":"https:\/\/www.immobilienbusiness.ch\/de\/personalia\/2024-05-28\/sfp-mit-neuem-vr-mitglied\/","name":"SFP mit neuem VR-Mitglied - IMMOBILIEN Business","isPartOf":{"@id":"https:\/\/www.immobilienbusiness.ch\/#website"},"primaryImageOfPage":{"@id":"https:\/\/www.immobilienbusiness.ch\/de\/personalia\/2024-05-28\/sfp-mit-neuem-vr-mitglied\/#primaryimage"},"image":{"@id":"https:\/\/www.immobilienbusiness.ch\/de\/personalia\/2024-05-28\/sfp-mit-neuem-vr-mitglied\/#primaryimage"},"thumbnailUrl":"https:\/\/www.immobilienbusiness.ch\/wp-content\/uploads\/2024\/05\/Oegerli.png","datePublished":"2024-05-28T06:24:19+00:00","dateModified":"2024-08-21T04:00:33+00:00","description":"Felix Oegerli wird neues Verwaltungsratsmitglied der SFP Group. Er folgt auf Thomas E. Kern und bringt umfangreiche Erfahrung aus der Finanzbranche mit.","breadcrumb":{"@id":"https:\/\/www.immobilienbusiness.ch\/de\/personalia\/2024-05-28\/sfp-mit-neuem-vr-mitglied\/#breadcrumb"},"inLanguage":"de","potentialAction":[{"@type":"ReadAction","target":["https:\/\/www.immobilienbusiness.ch\/de\/personalia\/2024-05-28\/sfp-mit-neuem-vr-mitglied\/"]}]},{"@type":"ImageObject","inLanguage":"de","@id":"https:\/\/www.immobilienbusiness.ch\/de\/personalia\/2024-05-28\/sfp-mit-neuem-vr-mitglied\/#primaryimage","url":"https:\/\/www.immobilienbusiness.ch\/wp-content\/uploads\/2024\/05\/Oegerli.png","contentUrl":"https:\/\/www.immobilienbusiness.ch\/wp-content\/uploads\/2024\/05\/Oegerli.png","width":555,"height":327,"caption":"Felix Oegerli (Bild: SFP)"},{"@type":"BreadcrumbList","@id":"https:\/\/www.immobilienbusiness.ch\/de\/personalia\/2024-05-28\/sfp-mit-neuem-vr-mitglied\/#breadcrumb","itemListElement":[{"@type":"ListItem","position":1,"name":"Home","item":"https:\/\/www.immobilienbusiness.ch\/"},{"@type":"ListItem","position":2,"name":"SFP mit neuem VR-Mitglied"}]},{"@type":"WebSite","@id":"https:\/\/www.immobilienbusiness.ch\/#website","url":"https:\/\/www.immobilienbusiness.ch\/","name":"IMMOBILIEN Business","description":"Unabh\u00e4ngiges Schweizer Wirtschaftsmagazin mit Fokus auf Immobilien, Architektur- und Bau sowie Investment- und Finanzierung.","publisher":{"@id":"https:\/\/www.immobilienbusiness.ch\/#organization"},"potentialAction":[{"@type":"SearchAction","target":{"@type":"EntryPoint","urlTemplate":"https:\/\/www.immobilienbusiness.ch\/?s={search_term_string}"},"query-input":{"@type":"PropertyValueSpecification","valueRequired":true,"valueName":"search_term_string"}}],"inLanguage":"de"},{"@type":"Organization","@id":"https:\/\/www.immobilienbusiness.ch\/#organization","name":"IMMOBILIEN Business","url":"https:\/\/www.immobilienbusiness.ch\/","logo":{"@type":"ImageObject","inLanguage":"de","@id":"https:\/\/www.immobilienbusiness.ch\/#\/schema\/logo\/image\/","url":"https:\/\/www.immobilienbusiness.ch\/wp-content\/uploads\/2021\/07\/logo_ib.png","contentUrl":"https:\/\/www.immobilienbusiness.ch\/wp-content\/uploads\/2021\/07\/logo_ib.png","width":800,"height":181,"caption":"IMMOBILIEN Business"},"image":{"@id":"https:\/\/www.immobilienbusiness.ch\/#\/schema\/logo\/image\/"},"sameAs":["https:\/\/www.facebook.com\/immobilienbusiness\/"]},{"@type":"Person","@id":"https:\/\/www.immobilienbusiness.ch\/#\/schema\/person\/aba8bea2db926aa0c24c08c43fe1fcd5","name":"Alexander Wachter","image":{"@type":"ImageObject","inLanguage":"de","@id":"https:\/\/secure.gravatar.com\/avatar\/1a09e471f5389b0e0a6416eac287e0927c7c97a7b77f9e787eba3af7aee281dd?s=96&d=mm&r=g","url":"https:\/\/secure.gravatar.com\/avatar\/1a09e471f5389b0e0a6416eac287e0927c7c97a7b77f9e787eba3af7aee281dd?s=96&d=mm&r=g","contentUrl":"https:\/\/secure.gravatar.com\/avatar\/1a09e471f5389b0e0a6416eac287e0927c7c97a7b77f9e787eba3af7aee281dd?s=96&d=mm&r=g","caption":"Alexander Wachter"},"url":"https:\/\/www.immobilienbusiness.ch\/de\/author\/alexander-wachter\/"}]}},"_links":{"self":[{"href":"https:\/\/www.immobilienbusiness.ch\/de\/wp-json\/wp\/v2\/posts\/57298","targetHints":{"allow":["GET"]}}],"collection":[{"href":"https:\/\/www.immobilienbusiness.ch\/de\/wp-json\/wp\/v2\/posts"}],"about":[{"href":"https:\/\/www.immobilienbusiness.ch\/de\/wp-json\/wp\/v2\/types\/post"}],"author":[{"embeddable":true,"href":"https:\/\/www.immobilienbusiness.ch\/de\/wp-json\/wp\/v2\/users\/102"}],"replies":[{"embeddable":true,"href":"https:\/\/www.immobilienbusiness.ch\/de\/wp-json\/wp\/v2\/comments?post=57298"}],"version-history":[{"count":4,"href":"https:\/\/www.immobilienbusiness.ch\/de\/wp-json\/wp\/v2\/posts\/57298\/revisions"}],"predecessor-version":[{"id":58794,"href":"https:\/\/www.immobilienbusiness.ch\/de\/wp-json\/wp\/v2\/posts\/57298\/revisions\/58794"}],"wp:featuredmedia":[{"embeddable":true,"href":"https:\/\/www.immobilienbusiness.ch\/de\/wp-json\/wp\/v2\/media\/57315"}],"wp:attachment":[{"href":"https:\/\/www.immobilienbusiness.ch\/de\/wp-json\/wp\/v2\/media?parent=57298"}],"wp:term":[{"taxonomy":"category","embeddable":true,"href":"https:\/\/www.immobilienbusiness.ch\/de\/wp-json\/wp\/v2\/categories?post=57298"},{"taxonomy":"post_tag","embeddable":true,"href":"https:\/\/www.immobilienbusiness.ch\/de\/wp-json\/wp\/v2\/tags?post=57298"}],"curies":[{"name":"wp","href":"https:\/\/api.w.org\/{rel}","templated":true}]}}