{"id":57203,"date":"2024-05-22T08:10:47","date_gmt":"2024-05-22T06:10:47","guid":{"rendered":"https:\/\/www.immobilienbusiness.ch\/?p=57203"},"modified":"2024-08-21T06:13:00","modified_gmt":"2024-08-21T04:13:00","slug":"wetzikon-erste-bauetappe-des-metropol-abgeschlossen","status":"publish","type":"post","link":"https:\/\/www.immobilienbusiness.ch\/de\/regionen\/2024-05-22\/wetzikon-erste-bauetappe-des-metropol-abgeschlossen\/","title":{"rendered":"Wetzikon: Erste Bauetappe des \u00abMetropol\u00bb abgeschlossen"},"content":{"rendered":"<figure id=\"attachment_39710\" aria-describedby=\"caption-attachment-39710\" style=\"width: 1200px\" class=\"wp-caption alignnone\"><a href=\"https:\/\/www.immobilienbusiness.ch\/wp-content\/uploads\/2022\/01\/metropol-2.jpg\"><img loading=\"lazy\" decoding=\"async\" class=\"wp-image-39710 size-full\" src=\"https:\/\/www.immobilienbusiness.ch\/wp-content\/uploads\/2022\/01\/metropol-2.jpg\" alt=\"Zentrums\u00fcberbauung Metropol Wetzikon\" width=\"1200\" height=\"800\" srcset=\"https:\/\/www.immobilienbusiness.ch\/wp-content\/uploads\/2022\/01\/metropol-2.jpg 1200w, https:\/\/www.immobilienbusiness.ch\/wp-content\/uploads\/2022\/01\/metropol-2-300x200.jpg 300w, https:\/\/www.immobilienbusiness.ch\/wp-content\/uploads\/2022\/01\/metropol-2-1024x683.jpg 1024w, https:\/\/www.immobilienbusiness.ch\/wp-content\/uploads\/2022\/01\/metropol-2-768x512.jpg 768w, https:\/\/www.immobilienbusiness.ch\/wp-content\/uploads\/2022\/01\/metropol-2-1536x1024.jpg 1536w, https:\/\/www.immobilienbusiness.ch\/wp-content\/uploads\/2022\/01\/metropol-2-2048x1366.jpg 2048w, https:\/\/www.immobilienbusiness.ch\/wp-content\/uploads\/2022\/01\/metropol-2-16x12.jpg 16w, https:\/\/www.immobilienbusiness.ch\/wp-content\/uploads\/2022\/01\/metropol-2-262x175.jpg 262w, https:\/\/www.immobilienbusiness.ch\/wp-content\/uploads\/2022\/01\/metropol-2-525x350.jpg 525w, https:\/\/www.immobilienbusiness.ch\/wp-content\/uploads\/2022\/01\/metropol-2-920x614.jpg 920w\" sizes=\"auto, (max-width: 1200px) 100vw, 1200px\" \/><\/a><figcaption id=\"caption-attachment-39710\" class=\"wp-caption-text\">Visualisierung der Zentrums\u00fcberbauung Metropol in Wetzikon (Quelle: Halter AG)<\/figcaption><\/figure>\n<p>Im Herbst 2021 akquirierte UBS \u00abSima\u00bb das \u00abMetropol\u00bb in Wetzikon, mit einem Investitionsvolumen von rund 138 Mio. CHF. Das Neubauprojekt liegt an zentraler Lage zwischen Bahnhof- und T\u00f6distrasse. Wie die UBS nun mitteilt, wurde im Mai die erste Etappe mit 67 Wohnungen sowie rund 2.500 qm Gewerbefl\u00e4che fertiggestellt. S\u00e4mtliche Wohnungen wie auch Gewerbefl\u00e4chen seien bereits vermietet, heisst es. Das Geb\u00e4ude verf\u00fcgt \u00fcber ein Minergie- und auch ein Biodiversit\u00e4ts-Plus-Zertifikat.<\/p>\n<p>Die Arbeiten an der zweiten Etappe sind bereits gestartet und werden voraussichtlich im Herbst 2025 abgeschlossen, teilt der Fonds mit. \u00abAuch hier ist die Nachfrage an den weiteren Mietfl\u00e4chen bereits vorhanden was uns darin best\u00e4rkt, ein der Nachfrage entsprechendes Produkt entwickelt und gut positioniert zu haben.\u00bb <em>(aw)<\/em><\/p>\n","protected":false},"excerpt":{"rendered":"<p>Im UBS-Fonds Sima kommen 67 Wohnungen und 2.500 qm Gewerbefl\u00e4che dazu.<\/p>\n","protected":false},"author":102,"featured_media":39710,"comment_status":"closed","ping_status":"closed","sticky":false,"template":"","format":"standard","meta":{"_acf_changed":false,"_yoast_wpseo_focuskw":"Zentrums\u00fcberbauung Metropol Wetzikon","_yoast_wpseo_title":"","_yoast_wpseo_metadesc":"UBS akquiriert Metropol in Wetzikon. Erste Etappe mit 67 Wohnungen und 2.500 qm Gewerbefl\u00e4che fertiggestellt. Hohe Nachfrage.","_yoast_wpseo_linkdex":50,"pgc_sgb_lightbox_settings":"","footnotes":""},"categories":[985],"tags":[1219,2132,1344,1492,1643,2179,2103,1978],"class_list":["post-57203","post","type-post","status-publish","format-standard","has-post-thumbnail","hentry","category-regionen","tag-fertigstellung","tag-gewerbe","tag-immobilienfonds","tag-mietwohnungen","tag-retail","tag-ubs-sima","tag-wetzikon","tag-zh"],"acf":[],"yoast_head":"<!-- This site is optimized with the Yoast SEO plugin v27.5 - https:\/\/yoast.com\/product\/yoast-seo-wordpress\/ -->\n<title>Wetzikon: Erste Bauetappe des \u00abMetropol\u00bb abgeschlossen - IMMOBILIEN Business<\/title>\n<meta name=\"description\" content=\"UBS akquiriert Metropol in Wetzikon. Erste Etappe mit 67 Wohnungen und 2.500 qm Gewerbefl\u00e4che fertiggestellt. Hohe Nachfrage.\" \/>\n<meta name=\"robots\" content=\"index, follow, max-snippet:-1, max-image-preview:large, max-video-preview:-1\" \/>\n<link rel=\"canonical\" href=\"https:\/\/www.immobilienbusiness.ch\/de\/regionen\/2024-05-22\/wetzikon-erste-bauetappe-des-metropol-abgeschlossen\/\" \/>\n<meta property=\"og:locale\" content=\"de_DE\" \/>\n<meta property=\"og:type\" content=\"article\" \/>\n<meta property=\"og:title\" content=\"Wetzikon: Erste Bauetappe des \u00abMetropol\u00bb abgeschlossen - IMMOBILIEN Business\" \/>\n<meta property=\"og:description\" content=\"UBS akquiriert Metropol in Wetzikon. Erste Etappe mit 67 Wohnungen und 2.500 qm Gewerbefl\u00e4che fertiggestellt. Hohe Nachfrage.\" \/>\n<meta property=\"og:url\" content=\"https:\/\/www.immobilienbusiness.ch\/de\/regionen\/2024-05-22\/wetzikon-erste-bauetappe-des-metropol-abgeschlossen\/\" \/>\n<meta property=\"og:site_name\" content=\"IMMOBILIEN Business\" \/>\n<meta property=\"article:publisher\" content=\"https:\/\/www.facebook.com\/immobilienbusiness\/\" \/>\n<meta property=\"article:published_time\" content=\"2024-05-22T06:10:47+00:00\" \/>\n<meta property=\"article:modified_time\" content=\"2024-08-21T04:13:00+00:00\" \/>\n<meta property=\"og:image\" content=\"https:\/\/www.immobilienbusiness.ch\/wp-content\/uploads\/2022\/01\/metropol-2.jpg\" \/>\n\t<meta property=\"og:image:width\" content=\"1200\" \/>\n\t<meta property=\"og:image:height\" content=\"800\" \/>\n\t<meta property=\"og:image:type\" content=\"image\/jpeg\" \/>\n<meta name=\"author\" content=\"Alexander Wachter\" \/>\n<meta name=\"twitter:card\" content=\"summary_large_image\" \/>\n<script type=\"application\/ld+json\" class=\"yoast-schema-graph\">{\"@context\":\"https:\\\/\\\/schema.org\",\"@graph\":[{\"@type\":\"Article\",\"@id\":\"https:\\\/\\\/www.immobilienbusiness.ch\\\/en\\\/regionen\\\/2024-05-22\\\/wetzikon-erste-bauetappe-des-metropol-abgeschlossen\\\/#article\",\"isPartOf\":{\"@id\":\"https:\\\/\\\/www.immobilienbusiness.ch\\\/en\\\/regionen\\\/2024-05-22\\\/wetzikon-erste-bauetappe-des-metropol-abgeschlossen\\\/\"},\"author\":{\"name\":\"Alexander Wachter\",\"@id\":\"https:\\\/\\\/www.immobilienbusiness.ch\\\/#\\\/schema\\\/person\\\/aba8bea2db926aa0c24c08c43fe1fcd5\"},\"headline\":\"Wetzikon: Erste Bauetappe des \u00abMetropol\u00bb abgeschlossen\",\"datePublished\":\"2024-05-22T06:10:47+00:00\",\"dateModified\":\"2024-08-21T04:13:00+00:00\",\"mainEntityOfPage\":{\"@id\":\"https:\\\/\\\/www.immobilienbusiness.ch\\\/en\\\/regionen\\\/2024-05-22\\\/wetzikon-erste-bauetappe-des-metropol-abgeschlossen\\\/\"},\"wordCount\":142,\"publisher\":{\"@id\":\"https:\\\/\\\/www.immobilienbusiness.ch\\\/#organization\"},\"image\":{\"@id\":\"https:\\\/\\\/www.immobilienbusiness.ch\\\/en\\\/regionen\\\/2024-05-22\\\/wetzikon-erste-bauetappe-des-metropol-abgeschlossen\\\/#primaryimage\"},\"thumbnailUrl\":\"https:\\\/\\\/www.immobilienbusiness.ch\\\/wp-content\\\/uploads\\\/2022\\\/01\\\/metropol-2.jpg\",\"keywords\":[\"Fertigstellung\",\"Gewerbe\",\"Immobilienfonds\",\"Mietwohnungen\",\"Retail\",\"UBS Sima\",\"Wetzikon\",\"ZH\"],\"articleSection\":[\"REGIONEN\"],\"inLanguage\":\"de\"},{\"@type\":\"WebPage\",\"@id\":\"https:\\\/\\\/www.immobilienbusiness.ch\\\/en\\\/regionen\\\/2024-05-22\\\/wetzikon-erste-bauetappe-des-metropol-abgeschlossen\\\/\",\"url\":\"https:\\\/\\\/www.immobilienbusiness.ch\\\/en\\\/regionen\\\/2024-05-22\\\/wetzikon-erste-bauetappe-des-metropol-abgeschlossen\\\/\",\"name\":\"Wetzikon: Erste Bauetappe des \u00abMetropol\u00bb abgeschlossen - IMMOBILIEN Business\",\"isPartOf\":{\"@id\":\"https:\\\/\\\/www.immobilienbusiness.ch\\\/#website\"},\"primaryImageOfPage\":{\"@id\":\"https:\\\/\\\/www.immobilienbusiness.ch\\\/en\\\/regionen\\\/2024-05-22\\\/wetzikon-erste-bauetappe-des-metropol-abgeschlossen\\\/#primaryimage\"},\"image\":{\"@id\":\"https:\\\/\\\/www.immobilienbusiness.ch\\\/en\\\/regionen\\\/2024-05-22\\\/wetzikon-erste-bauetappe-des-metropol-abgeschlossen\\\/#primaryimage\"},\"thumbnailUrl\":\"https:\\\/\\\/www.immobilienbusiness.ch\\\/wp-content\\\/uploads\\\/2022\\\/01\\\/metropol-2.jpg\",\"datePublished\":\"2024-05-22T06:10:47+00:00\",\"dateModified\":\"2024-08-21T04:13:00+00:00\",\"description\":\"UBS akquiriert Metropol in Wetzikon. Erste Etappe mit 67 Wohnungen und 2.500 qm Gewerbefl\u00e4che fertiggestellt. Hohe Nachfrage.\",\"breadcrumb\":{\"@id\":\"https:\\\/\\\/www.immobilienbusiness.ch\\\/en\\\/regionen\\\/2024-05-22\\\/wetzikon-erste-bauetappe-des-metropol-abgeschlossen\\\/#breadcrumb\"},\"inLanguage\":\"de\",\"potentialAction\":[{\"@type\":\"ReadAction\",\"target\":[\"https:\\\/\\\/www.immobilienbusiness.ch\\\/en\\\/regionen\\\/2024-05-22\\\/wetzikon-erste-bauetappe-des-metropol-abgeschlossen\\\/\"]}]},{\"@type\":\"ImageObject\",\"inLanguage\":\"de\",\"@id\":\"https:\\\/\\\/www.immobilienbusiness.ch\\\/en\\\/regionen\\\/2024-05-22\\\/wetzikon-erste-bauetappe-des-metropol-abgeschlossen\\\/#primaryimage\",\"url\":\"https:\\\/\\\/www.immobilienbusiness.ch\\\/wp-content\\\/uploads\\\/2022\\\/01\\\/metropol-2.jpg\",\"contentUrl\":\"https:\\\/\\\/www.immobilienbusiness.ch\\\/wp-content\\\/uploads\\\/2022\\\/01\\\/metropol-2.jpg\",\"width\":1200,\"height\":800,\"caption\":\"Visualisierung der Zentrums\u00fcberbauung Metropol in Wetzikon (Quelle: Halter AG)\"},{\"@type\":\"BreadcrumbList\",\"@id\":\"https:\\\/\\\/www.immobilienbusiness.ch\\\/en\\\/regionen\\\/2024-05-22\\\/wetzikon-erste-bauetappe-des-metropol-abgeschlossen\\\/#breadcrumb\",\"itemListElement\":[{\"@type\":\"ListItem\",\"position\":1,\"name\":\"Home\",\"item\":\"https:\\\/\\\/www.immobilienbusiness.ch\\\/\"},{\"@type\":\"ListItem\",\"position\":2,\"name\":\"Wetzikon: Erste Bauetappe des \u00abMetropol\u00bb abgeschlossen\"}]},{\"@type\":\"WebSite\",\"@id\":\"https:\\\/\\\/www.immobilienbusiness.ch\\\/#website\",\"url\":\"https:\\\/\\\/www.immobilienbusiness.ch\\\/\",\"name\":\"IMMOBILIEN Business\",\"description\":\"Unabh\u00e4ngiges Schweizer Wirtschaftsmagazin mit Fokus auf Immobilien, Architektur- und Bau sowie Investment- und Finanzierung.\",\"publisher\":{\"@id\":\"https:\\\/\\\/www.immobilienbusiness.ch\\\/#organization\"},\"potentialAction\":[{\"@type\":\"SearchAction\",\"target\":{\"@type\":\"EntryPoint\",\"urlTemplate\":\"https:\\\/\\\/www.immobilienbusiness.ch\\\/?s={search_term_string}\"},\"query-input\":{\"@type\":\"PropertyValueSpecification\",\"valueRequired\":true,\"valueName\":\"search_term_string\"}}],\"inLanguage\":\"de\"},{\"@type\":\"Organization\",\"@id\":\"https:\\\/\\\/www.immobilienbusiness.ch\\\/#organization\",\"name\":\"IMMOBILIEN Business\",\"url\":\"https:\\\/\\\/www.immobilienbusiness.ch\\\/\",\"logo\":{\"@type\":\"ImageObject\",\"inLanguage\":\"de\",\"@id\":\"https:\\\/\\\/www.immobilienbusiness.ch\\\/#\\\/schema\\\/logo\\\/image\\\/\",\"url\":\"https:\\\/\\\/www.immobilienbusiness.ch\\\/wp-content\\\/uploads\\\/2021\\\/07\\\/logo_ib.png\",\"contentUrl\":\"https:\\\/\\\/www.immobilienbusiness.ch\\\/wp-content\\\/uploads\\\/2021\\\/07\\\/logo_ib.png\",\"width\":800,\"height\":181,\"caption\":\"IMMOBILIEN Business\"},\"image\":{\"@id\":\"https:\\\/\\\/www.immobilienbusiness.ch\\\/#\\\/schema\\\/logo\\\/image\\\/\"},\"sameAs\":[\"https:\\\/\\\/www.facebook.com\\\/immobilienbusiness\\\/\"]},{\"@type\":\"Person\",\"@id\":\"https:\\\/\\\/www.immobilienbusiness.ch\\\/#\\\/schema\\\/person\\\/aba8bea2db926aa0c24c08c43fe1fcd5\",\"name\":\"Alexander Wachter\",\"image\":{\"@type\":\"ImageObject\",\"inLanguage\":\"de\",\"@id\":\"https:\\\/\\\/secure.gravatar.com\\\/avatar\\\/1a09e471f5389b0e0a6416eac287e0927c7c97a7b77f9e787eba3af7aee281dd?s=96&d=mm&r=g\",\"url\":\"https:\\\/\\\/secure.gravatar.com\\\/avatar\\\/1a09e471f5389b0e0a6416eac287e0927c7c97a7b77f9e787eba3af7aee281dd?s=96&d=mm&r=g\",\"contentUrl\":\"https:\\\/\\\/secure.gravatar.com\\\/avatar\\\/1a09e471f5389b0e0a6416eac287e0927c7c97a7b77f9e787eba3af7aee281dd?s=96&d=mm&r=g\",\"caption\":\"Alexander Wachter\"},\"url\":\"https:\\\/\\\/www.immobilienbusiness.ch\\\/de\\\/author\\\/alexander-wachter\\\/\"}]}<\/script>\n<!-- \/ Yoast SEO plugin. -->","yoast_head_json":{"title":"Wetzikon: Erste Bauetappe des \u00abMetropol\u00bb abgeschlossen - IMMOBILIEN Business","description":"UBS akquiriert Metropol in Wetzikon. Erste Etappe mit 67 Wohnungen und 2.500 qm Gewerbefl\u00e4che fertiggestellt. Hohe Nachfrage.","robots":{"index":"index","follow":"follow","max-snippet":"max-snippet:-1","max-image-preview":"max-image-preview:large","max-video-preview":"max-video-preview:-1"},"canonical":"https:\/\/www.immobilienbusiness.ch\/de\/regionen\/2024-05-22\/wetzikon-erste-bauetappe-des-metropol-abgeschlossen\/","og_locale":"de_DE","og_type":"article","og_title":"Wetzikon: Erste Bauetappe des \u00abMetropol\u00bb abgeschlossen - IMMOBILIEN Business","og_description":"UBS akquiriert Metropol in Wetzikon. Erste Etappe mit 67 Wohnungen und 2.500 qm Gewerbefl\u00e4che fertiggestellt. Hohe Nachfrage.","og_url":"https:\/\/www.immobilienbusiness.ch\/de\/regionen\/2024-05-22\/wetzikon-erste-bauetappe-des-metropol-abgeschlossen\/","og_site_name":"IMMOBILIEN Business","article_publisher":"https:\/\/www.facebook.com\/immobilienbusiness\/","article_published_time":"2024-05-22T06:10:47+00:00","article_modified_time":"2024-08-21T04:13:00+00:00","og_image":[{"width":1200,"height":800,"url":"https:\/\/www.immobilienbusiness.ch\/wp-content\/uploads\/2022\/01\/metropol-2.jpg","type":"image\/jpeg"}],"author":"Alexander Wachter","twitter_card":"summary_large_image","schema":{"@context":"https:\/\/schema.org","@graph":[{"@type":"Article","@id":"https:\/\/www.immobilienbusiness.ch\/en\/regionen\/2024-05-22\/wetzikon-erste-bauetappe-des-metropol-abgeschlossen\/#article","isPartOf":{"@id":"https:\/\/www.immobilienbusiness.ch\/en\/regionen\/2024-05-22\/wetzikon-erste-bauetappe-des-metropol-abgeschlossen\/"},"author":{"name":"Alexander Wachter","@id":"https:\/\/www.immobilienbusiness.ch\/#\/schema\/person\/aba8bea2db926aa0c24c08c43fe1fcd5"},"headline":"Wetzikon: Erste Bauetappe des \u00abMetropol\u00bb abgeschlossen","datePublished":"2024-05-22T06:10:47+00:00","dateModified":"2024-08-21T04:13:00+00:00","mainEntityOfPage":{"@id":"https:\/\/www.immobilienbusiness.ch\/en\/regionen\/2024-05-22\/wetzikon-erste-bauetappe-des-metropol-abgeschlossen\/"},"wordCount":142,"publisher":{"@id":"https:\/\/www.immobilienbusiness.ch\/#organization"},"image":{"@id":"https:\/\/www.immobilienbusiness.ch\/en\/regionen\/2024-05-22\/wetzikon-erste-bauetappe-des-metropol-abgeschlossen\/#primaryimage"},"thumbnailUrl":"https:\/\/www.immobilienbusiness.ch\/wp-content\/uploads\/2022\/01\/metropol-2.jpg","keywords":["Fertigstellung","Gewerbe","Immobilienfonds","Mietwohnungen","Retail","UBS Sima","Wetzikon","ZH"],"articleSection":["REGIONEN"],"inLanguage":"de"},{"@type":"WebPage","@id":"https:\/\/www.immobilienbusiness.ch\/en\/regionen\/2024-05-22\/wetzikon-erste-bauetappe-des-metropol-abgeschlossen\/","url":"https:\/\/www.immobilienbusiness.ch\/en\/regionen\/2024-05-22\/wetzikon-erste-bauetappe-des-metropol-abgeschlossen\/","name":"Wetzikon: Erste Bauetappe des \u00abMetropol\u00bb abgeschlossen - IMMOBILIEN Business","isPartOf":{"@id":"https:\/\/www.immobilienbusiness.ch\/#website"},"primaryImageOfPage":{"@id":"https:\/\/www.immobilienbusiness.ch\/en\/regionen\/2024-05-22\/wetzikon-erste-bauetappe-des-metropol-abgeschlossen\/#primaryimage"},"image":{"@id":"https:\/\/www.immobilienbusiness.ch\/en\/regionen\/2024-05-22\/wetzikon-erste-bauetappe-des-metropol-abgeschlossen\/#primaryimage"},"thumbnailUrl":"https:\/\/www.immobilienbusiness.ch\/wp-content\/uploads\/2022\/01\/metropol-2.jpg","datePublished":"2024-05-22T06:10:47+00:00","dateModified":"2024-08-21T04:13:00+00:00","description":"UBS akquiriert Metropol in Wetzikon. Erste Etappe mit 67 Wohnungen und 2.500 qm Gewerbefl\u00e4che fertiggestellt. Hohe Nachfrage.","breadcrumb":{"@id":"https:\/\/www.immobilienbusiness.ch\/en\/regionen\/2024-05-22\/wetzikon-erste-bauetappe-des-metropol-abgeschlossen\/#breadcrumb"},"inLanguage":"de","potentialAction":[{"@type":"ReadAction","target":["https:\/\/www.immobilienbusiness.ch\/en\/regionen\/2024-05-22\/wetzikon-erste-bauetappe-des-metropol-abgeschlossen\/"]}]},{"@type":"ImageObject","inLanguage":"de","@id":"https:\/\/www.immobilienbusiness.ch\/en\/regionen\/2024-05-22\/wetzikon-erste-bauetappe-des-metropol-abgeschlossen\/#primaryimage","url":"https:\/\/www.immobilienbusiness.ch\/wp-content\/uploads\/2022\/01\/metropol-2.jpg","contentUrl":"https:\/\/www.immobilienbusiness.ch\/wp-content\/uploads\/2022\/01\/metropol-2.jpg","width":1200,"height":800,"caption":"Visualisierung der Zentrums\u00fcberbauung Metropol in Wetzikon (Quelle: Halter AG)"},{"@type":"BreadcrumbList","@id":"https:\/\/www.immobilienbusiness.ch\/en\/regionen\/2024-05-22\/wetzikon-erste-bauetappe-des-metropol-abgeschlossen\/#breadcrumb","itemListElement":[{"@type":"ListItem","position":1,"name":"Home","item":"https:\/\/www.immobilienbusiness.ch\/"},{"@type":"ListItem","position":2,"name":"Wetzikon: Erste Bauetappe des \u00abMetropol\u00bb abgeschlossen"}]},{"@type":"WebSite","@id":"https:\/\/www.immobilienbusiness.ch\/#website","url":"https:\/\/www.immobilienbusiness.ch\/","name":"IMMOBILIEN Business","description":"Unabh\u00e4ngiges Schweizer Wirtschaftsmagazin mit Fokus auf Immobilien, Architektur- und Bau sowie Investment- und Finanzierung.","publisher":{"@id":"https:\/\/www.immobilienbusiness.ch\/#organization"},"potentialAction":[{"@type":"SearchAction","target":{"@type":"EntryPoint","urlTemplate":"https:\/\/www.immobilienbusiness.ch\/?s={search_term_string}"},"query-input":{"@type":"PropertyValueSpecification","valueRequired":true,"valueName":"search_term_string"}}],"inLanguage":"de"},{"@type":"Organization","@id":"https:\/\/www.immobilienbusiness.ch\/#organization","name":"IMMOBILIEN Business","url":"https:\/\/www.immobilienbusiness.ch\/","logo":{"@type":"ImageObject","inLanguage":"de","@id":"https:\/\/www.immobilienbusiness.ch\/#\/schema\/logo\/image\/","url":"https:\/\/www.immobilienbusiness.ch\/wp-content\/uploads\/2021\/07\/logo_ib.png","contentUrl":"https:\/\/www.immobilienbusiness.ch\/wp-content\/uploads\/2021\/07\/logo_ib.png","width":800,"height":181,"caption":"IMMOBILIEN Business"},"image":{"@id":"https:\/\/www.immobilienbusiness.ch\/#\/schema\/logo\/image\/"},"sameAs":["https:\/\/www.facebook.com\/immobilienbusiness\/"]},{"@type":"Person","@id":"https:\/\/www.immobilienbusiness.ch\/#\/schema\/person\/aba8bea2db926aa0c24c08c43fe1fcd5","name":"Alexander Wachter","image":{"@type":"ImageObject","inLanguage":"de","@id":"https:\/\/secure.gravatar.com\/avatar\/1a09e471f5389b0e0a6416eac287e0927c7c97a7b77f9e787eba3af7aee281dd?s=96&d=mm&r=g","url":"https:\/\/secure.gravatar.com\/avatar\/1a09e471f5389b0e0a6416eac287e0927c7c97a7b77f9e787eba3af7aee281dd?s=96&d=mm&r=g","contentUrl":"https:\/\/secure.gravatar.com\/avatar\/1a09e471f5389b0e0a6416eac287e0927c7c97a7b77f9e787eba3af7aee281dd?s=96&d=mm&r=g","caption":"Alexander Wachter"},"url":"https:\/\/www.immobilienbusiness.ch\/de\/author\/alexander-wachter\/"}]}},"_links":{"self":[{"href":"https:\/\/www.immobilienbusiness.ch\/de\/wp-json\/wp\/v2\/posts\/57203","targetHints":{"allow":["GET"]}}],"collection":[{"href":"https:\/\/www.immobilienbusiness.ch\/de\/wp-json\/wp\/v2\/posts"}],"about":[{"href":"https:\/\/www.immobilienbusiness.ch\/de\/wp-json\/wp\/v2\/types\/post"}],"author":[{"embeddable":true,"href":"https:\/\/www.immobilienbusiness.ch\/de\/wp-json\/wp\/v2\/users\/102"}],"replies":[{"embeddable":true,"href":"https:\/\/www.immobilienbusiness.ch\/de\/wp-json\/wp\/v2\/comments?post=57203"}],"version-history":[{"count":3,"href":"https:\/\/www.immobilienbusiness.ch\/de\/wp-json\/wp\/v2\/posts\/57203\/revisions"}],"predecessor-version":[{"id":58817,"href":"https:\/\/www.immobilienbusiness.ch\/de\/wp-json\/wp\/v2\/posts\/57203\/revisions\/58817"}],"wp:featuredmedia":[{"embeddable":true,"href":"https:\/\/www.immobilienbusiness.ch\/de\/wp-json\/wp\/v2\/media\/39710"}],"wp:attachment":[{"href":"https:\/\/www.immobilienbusiness.ch\/de\/wp-json\/wp\/v2\/media?parent=57203"}],"wp:term":[{"taxonomy":"category","embeddable":true,"href":"https:\/\/www.immobilienbusiness.ch\/de\/wp-json\/wp\/v2\/categories?post=57203"},{"taxonomy":"post_tag","embeddable":true,"href":"https:\/\/www.immobilienbusiness.ch\/de\/wp-json\/wp\/v2\/tags?post=57203"}],"curies":[{"name":"wp","href":"https:\/\/api.w.org\/{rel}","templated":true}]}}