{"id":57171,"date":"2024-05-21T08:27:35","date_gmt":"2024-05-21T06:27:35","guid":{"rendered":"https:\/\/www.immobilienbusiness.ch\/?p=57171"},"modified":"2024-08-21T06:16:06","modified_gmt":"2024-08-21T04:16:06","slug":"allschwil-pensionskasse-baut-wohn-ueberbauung","status":"publish","type":"post","link":"https:\/\/www.immobilienbusiness.ch\/de\/regionen\/2024-05-21\/allschwil-pensionskasse-baut-wohn-ueberbauung\/","title":{"rendered":"Allschwil: Pensionskasse plant Wohn-\u00dcberbauung"},"content":{"rendered":"<figure id=\"attachment_57172\" aria-describedby=\"caption-attachment-57172\" style=\"width: 1366px\" class=\"wp-caption alignnone\"><a href=\"https:\/\/www.immobilienbusiness.ch\/wp-content\/uploads\/2024\/05\/Adimmo-Allschwil.jpg\"><img loading=\"lazy\" decoding=\"async\" class=\"wp-image-57172 size-full\" src=\"https:\/\/www.immobilienbusiness.ch\/wp-content\/uploads\/2024\/05\/Adimmo-Allschwil.jpg\" alt=\"Neubauprojekt Baslerstrasse Allschwil\" width=\"1366\" height=\"1024\" srcset=\"https:\/\/www.immobilienbusiness.ch\/wp-content\/uploads\/2024\/05\/Adimmo-Allschwil.jpg 1200w, https:\/\/www.immobilienbusiness.ch\/wp-content\/uploads\/2024\/05\/Adimmo-Allschwil-300x225.jpg 300w, https:\/\/www.immobilienbusiness.ch\/wp-content\/uploads\/2024\/05\/Adimmo-Allschwil-1024x768.jpg 1024w, https:\/\/www.immobilienbusiness.ch\/wp-content\/uploads\/2024\/05\/Adimmo-Allschwil-768x576.jpg 768w, https:\/\/www.immobilienbusiness.ch\/wp-content\/uploads\/2024\/05\/Adimmo-Allschwil-16x12.jpg 16w, https:\/\/www.immobilienbusiness.ch\/wp-content\/uploads\/2024\/05\/Adimmo-Allschwil-375x281.jpg 375w, https:\/\/www.immobilienbusiness.ch\/wp-content\/uploads\/2024\/05\/Adimmo-Allschwil-467x350.jpg 467w, https:\/\/www.immobilienbusiness.ch\/wp-content\/uploads\/2024\/05\/Adimmo-Allschwil-1000x750.jpg 1000w\" sizes=\"auto, (max-width: 1366px) 100vw, 1366px\" \/><\/a><figcaption id=\"caption-attachment-57172\" class=\"wp-caption-text\">So wird die Wohnbebauung aussehen (\u00a9 \u00abBurckhardt Architektur \/ Filippo Bolognese Images\u00bb)<\/figcaption><\/figure>\n<p>An der Baslerstrasse 160 bis 166 in Allschwil entsteht eine neue \u00dcberbauung mit 77 Mietwohnungen und Gesch\u00e4ftsfl\u00e4chen im Erdgeschoss. Laut einer Mitteilung sollen die Arbeiten auf dem Areal 2025 beginnen. Eigent\u00fcmer des Grundst\u00fccks und der dort vorhandenen drei Mehrfamilienh\u00e4usern aus den 1940er Jahren ist die Basellandschaftliche Pensionskasse (BLPK). Diese hat am 24. April 2024 gr\u00fcnes Licht f\u00fcr ein Neubauprojekt gegeben. Dazu werden die bestehenden Geb\u00e4ude zur\u00fcckgebaut und durch zwei neue H\u00e4user ersetzt.<\/p>\n<h3>Entw\u00fcrfe vom B\u00fcro Burckhardt<\/h3>\n<p>Dem Entscheid vorausgegangen war ein Studienauftrag unter f\u00fcnf teilnehmenden Architekten-Teams, in dem der Entwurf des Basler B\u00fcros Burckhardt Architektur einstimmig zum Sieger gew\u00e4hlt wurde. Dieser sieht an der Strassenkreuzung ein Hochhaus mit zehn oberirdischen Stockwerken und daneben ein gestaffeltes Geb\u00e4ude mit f\u00fcnf respektive sechs Etagen vor. Die geplanten 77 Wohnungen sollen den auf dem Areal bereits vorhandenen Wohnungsmix erg\u00e4nzen. \u00abMit den kompakteren Wohnungen im Hochhaus sprechen wir vor allem kleinere, urban ausgerichtete Haushalte an, w\u00e4hrend die gr\u00f6sseren Wohnungen im Zeilenbau familienorientiert konzipiert sind\u00bb, sagt Thomas Haueter, der als Projektverantwortlicher die BLPK vertritt.<\/p>\n<p>Die Familienwohnungen sind zur ruhigen Gartenseite hin ausgerichtet. Zwischen den beiden Geb\u00e4uden bleibt Platz f\u00fcr einen \u00f6ffentlichen Raum, der den hinteren Teil der Arealbebauung mit der Baslerstrasse verbindet. Gartenseitig wird ein Teil der vorhandenen oberirdischen Besucherparkpl\u00e4tze zugunsten einer gr\u00f6sseren Gr\u00fcnflache in eine neue Tiefgarage verlegt. Die strassenseitige Vorzone ist als Zugangsbereich f\u00fcr beide Geb\u00e4ude gedacht. Die Geb\u00e4ude sind nach dem Minergie-P-Standard konzipiert und sollen mittels W\u00e4rmepumpen beheizt und mit einer Photovoltaikanlage mit Strom versorgt werden.<\/p>\n<h3>BLPK kam Allschwil entgegen<\/h3>\n<p>Zur Vorgeschichte des Projekts: Im Rahmen des \u00abR\u00e4umlichen Entwicklungskonzepts Allschwil 2035\u00bb hatte der Gemeinderat eine st\u00e4dtebauliche Aufwertung der Baslerstrasse einschliesslich einer Umgestaltung der Haltestelle Ziegelei und des zugeh\u00f6rigen Verkehrskreisels beschlossen. F\u00fcr dieses Vorhaben wurde ein Teil des Grundst\u00fccks der BLPK ben\u00f6tigt. Die Pensionskasse kam dem Wunsch nach und liess in diesem Zusammenhang die Optionen f\u00fcr die Weiterentwicklung des Areals pr\u00fcfen. Daraus entstand das jetzt geplante Neubauprojekt. Durchgef\u00fchrt wird es von der Adimmo AG, die als hundertprozentige Tochter der BLPK deren gesamtes Immobilienportfolio betreut. <em>(aw)<\/em><\/p>\n","protected":false},"excerpt":{"rendered":"<p>Adimmo, eine Tochter der Basellandischen Pensionskasse, baut vom n\u00e4chsten Jahr an zwei Geb\u00e4ude mit 77 Mietwohnungen und Gesch\u00e4ftsfl\u00e4chen.<\/p>\n","protected":false},"author":102,"featured_media":57172,"comment_status":"closed","ping_status":"closed","sticky":false,"template":"","format":"standard","meta":{"_acf_changed":false,"_yoast_wpseo_focuskw":"Neubauprojekt Baslerstrasse Allschwil","_yoast_wpseo_title":"","_yoast_wpseo_metadesc":"Neue \u00dcberbauung mit 77 Mietwohnungen und Gesch\u00e4ftsfl\u00e4chen an der Baslerstrasse 160-166 in Allschwil. Baubeginn 2025.","_yoast_wpseo_linkdex":61,"pgc_sgb_lightbox_settings":"","footnotes":""},"categories":[985],"tags":[3629,2170,3628,1968,1492,1600,1643],"class_list":["post-57171","post","type-post","status-publish","format-standard","has-post-thumbnail","hentry","category-regionen","tag-adimmo","tag-allschwil","tag-basellandschaftliche-pensionskasse-blpk","tag-bl","tag-mietwohnungen","tag-projekt-in-planung","tag-retail"],"acf":[],"yoast_head":"<!-- This site is optimized with the Yoast SEO plugin v27.4 - https:\/\/yoast.com\/product\/yoast-seo-wordpress\/ -->\n<title>Allschwil: Pensionskasse plant Wohn-\u00dcberbauung - IMMOBILIEN Business<\/title>\n<meta name=\"description\" content=\"Neue \u00dcberbauung mit 77 Mietwohnungen und Gesch\u00e4ftsfl\u00e4chen an der Baslerstrasse 160-166 in Allschwil. Baubeginn 2025.\" \/>\n<meta name=\"robots\" content=\"index, follow, max-snippet:-1, max-image-preview:large, max-video-preview:-1\" \/>\n<link rel=\"canonical\" href=\"https:\/\/www.immobilienbusiness.ch\/de\/regionen\/2024-05-21\/allschwil-pensionskasse-baut-wohn-ueberbauung\/\" \/>\n<meta property=\"og:locale\" content=\"de_DE\" \/>\n<meta property=\"og:type\" content=\"article\" \/>\n<meta property=\"og:title\" content=\"Allschwil: Pensionskasse plant Wohn-\u00dcberbauung - IMMOBILIEN Business\" \/>\n<meta property=\"og:description\" content=\"Neue \u00dcberbauung mit 77 Mietwohnungen und Gesch\u00e4ftsfl\u00e4chen an der Baslerstrasse 160-166 in Allschwil. Baubeginn 2025.\" \/>\n<meta property=\"og:url\" content=\"https:\/\/www.immobilienbusiness.ch\/de\/regionen\/2024-05-21\/allschwil-pensionskasse-baut-wohn-ueberbauung\/\" \/>\n<meta property=\"og:site_name\" content=\"IMMOBILIEN Business\" \/>\n<meta property=\"article:publisher\" content=\"https:\/\/www.facebook.com\/immobilienbusiness\/\" \/>\n<meta property=\"article:published_time\" content=\"2024-05-21T06:27:35+00:00\" \/>\n<meta property=\"article:modified_time\" content=\"2024-08-21T04:16:06+00:00\" \/>\n<meta property=\"og:image\" content=\"https:\/\/www.immobilienbusiness.ch\/wp-content\/uploads\/2024\/05\/Adimmo-Allschwil.jpg\" \/>\n\t<meta property=\"og:image:width\" content=\"1200\" \/>\n\t<meta property=\"og:image:height\" content=\"900\" \/>\n\t<meta property=\"og:image:type\" content=\"image\/jpeg\" \/>\n<meta name=\"author\" content=\"Alexander Wachter\" \/>\n<meta name=\"twitter:card\" content=\"summary_large_image\" \/>\n<script type=\"application\/ld+json\" class=\"yoast-schema-graph\">{\"@context\":\"https:\\\/\\\/schema.org\",\"@graph\":[{\"@type\":\"Article\",\"@id\":\"https:\\\/\\\/www.immobilienbusiness.ch\\\/de\\\/regionen\\\/2024-05-21\\\/allschwil-pensionskasse-baut-wohn-ueberbauung\\\/#article\",\"isPartOf\":{\"@id\":\"https:\\\/\\\/www.immobilienbusiness.ch\\\/de\\\/regionen\\\/2024-05-21\\\/allschwil-pensionskasse-baut-wohn-ueberbauung\\\/\"},\"author\":{\"name\":\"Alexander Wachter\",\"@id\":\"https:\\\/\\\/www.immobilienbusiness.ch\\\/#\\\/schema\\\/person\\\/aba8bea2db926aa0c24c08c43fe1fcd5\"},\"headline\":\"Allschwil: Pensionskasse plant Wohn-\u00dcberbauung\",\"datePublished\":\"2024-05-21T06:27:35+00:00\",\"dateModified\":\"2024-08-21T04:16:06+00:00\",\"mainEntityOfPage\":{\"@id\":\"https:\\\/\\\/www.immobilienbusiness.ch\\\/de\\\/regionen\\\/2024-05-21\\\/allschwil-pensionskasse-baut-wohn-ueberbauung\\\/\"},\"wordCount\":383,\"publisher\":{\"@id\":\"https:\\\/\\\/www.immobilienbusiness.ch\\\/#organization\"},\"image\":{\"@id\":\"https:\\\/\\\/www.immobilienbusiness.ch\\\/de\\\/regionen\\\/2024-05-21\\\/allschwil-pensionskasse-baut-wohn-ueberbauung\\\/#primaryimage\"},\"thumbnailUrl\":\"https:\\\/\\\/www.immobilienbusiness.ch\\\/wp-content\\\/uploads\\\/2024\\\/05\\\/Adimmo-Allschwil.jpg\",\"keywords\":[\"Adimmo\",\"Allschwil\",\"Basellandschaftliche Pensionskasse (BLPK)\",\"BL\",\"Mietwohnungen\",\"Projekt in Planung\",\"Retail\"],\"articleSection\":[\"REGIONEN\"],\"inLanguage\":\"de\"},{\"@type\":\"WebPage\",\"@id\":\"https:\\\/\\\/www.immobilienbusiness.ch\\\/de\\\/regionen\\\/2024-05-21\\\/allschwil-pensionskasse-baut-wohn-ueberbauung\\\/\",\"url\":\"https:\\\/\\\/www.immobilienbusiness.ch\\\/de\\\/regionen\\\/2024-05-21\\\/allschwil-pensionskasse-baut-wohn-ueberbauung\\\/\",\"name\":\"Allschwil: Pensionskasse plant Wohn-\u00dcberbauung - IMMOBILIEN Business\",\"isPartOf\":{\"@id\":\"https:\\\/\\\/www.immobilienbusiness.ch\\\/#website\"},\"primaryImageOfPage\":{\"@id\":\"https:\\\/\\\/www.immobilienbusiness.ch\\\/de\\\/regionen\\\/2024-05-21\\\/allschwil-pensionskasse-baut-wohn-ueberbauung\\\/#primaryimage\"},\"image\":{\"@id\":\"https:\\\/\\\/www.immobilienbusiness.ch\\\/de\\\/regionen\\\/2024-05-21\\\/allschwil-pensionskasse-baut-wohn-ueberbauung\\\/#primaryimage\"},\"thumbnailUrl\":\"https:\\\/\\\/www.immobilienbusiness.ch\\\/wp-content\\\/uploads\\\/2024\\\/05\\\/Adimmo-Allschwil.jpg\",\"datePublished\":\"2024-05-21T06:27:35+00:00\",\"dateModified\":\"2024-08-21T04:16:06+00:00\",\"description\":\"Neue \u00dcberbauung mit 77 Mietwohnungen und Gesch\u00e4ftsfl\u00e4chen an der Baslerstrasse 160-166 in Allschwil. Baubeginn 2025.\",\"breadcrumb\":{\"@id\":\"https:\\\/\\\/www.immobilienbusiness.ch\\\/de\\\/regionen\\\/2024-05-21\\\/allschwil-pensionskasse-baut-wohn-ueberbauung\\\/#breadcrumb\"},\"inLanguage\":\"de\",\"potentialAction\":[{\"@type\":\"ReadAction\",\"target\":[\"https:\\\/\\\/www.immobilienbusiness.ch\\\/de\\\/regionen\\\/2024-05-21\\\/allschwil-pensionskasse-baut-wohn-ueberbauung\\\/\"]}]},{\"@type\":\"ImageObject\",\"inLanguage\":\"de\",\"@id\":\"https:\\\/\\\/www.immobilienbusiness.ch\\\/de\\\/regionen\\\/2024-05-21\\\/allschwil-pensionskasse-baut-wohn-ueberbauung\\\/#primaryimage\",\"url\":\"https:\\\/\\\/www.immobilienbusiness.ch\\\/wp-content\\\/uploads\\\/2024\\\/05\\\/Adimmo-Allschwil.jpg\",\"contentUrl\":\"https:\\\/\\\/www.immobilienbusiness.ch\\\/wp-content\\\/uploads\\\/2024\\\/05\\\/Adimmo-Allschwil.jpg\",\"width\":1200,\"height\":900,\"caption\":\"So wird die Wohnbebauung aussehen (\u00a9 \u00abBurckhardt Architektur \\\/ Filippo Bolognese Images\u00bb)\"},{\"@type\":\"BreadcrumbList\",\"@id\":\"https:\\\/\\\/www.immobilienbusiness.ch\\\/de\\\/regionen\\\/2024-05-21\\\/allschwil-pensionskasse-baut-wohn-ueberbauung\\\/#breadcrumb\",\"itemListElement\":[{\"@type\":\"ListItem\",\"position\":1,\"name\":\"Home\",\"item\":\"https:\\\/\\\/www.immobilienbusiness.ch\\\/\"},{\"@type\":\"ListItem\",\"position\":2,\"name\":\"Allschwil: Pensionskasse plant Wohn-\u00dcberbauung\"}]},{\"@type\":\"WebSite\",\"@id\":\"https:\\\/\\\/www.immobilienbusiness.ch\\\/#website\",\"url\":\"https:\\\/\\\/www.immobilienbusiness.ch\\\/\",\"name\":\"IMMOBILIEN Business\",\"description\":\"Unabh\u00e4ngiges Schweizer Wirtschaftsmagazin mit Fokus auf Immobilien, Architektur- und Bau sowie Investment- und Finanzierung.\",\"publisher\":{\"@id\":\"https:\\\/\\\/www.immobilienbusiness.ch\\\/#organization\"},\"potentialAction\":[{\"@type\":\"SearchAction\",\"target\":{\"@type\":\"EntryPoint\",\"urlTemplate\":\"https:\\\/\\\/www.immobilienbusiness.ch\\\/?s={search_term_string}\"},\"query-input\":{\"@type\":\"PropertyValueSpecification\",\"valueRequired\":true,\"valueName\":\"search_term_string\"}}],\"inLanguage\":\"de\"},{\"@type\":\"Organization\",\"@id\":\"https:\\\/\\\/www.immobilienbusiness.ch\\\/#organization\",\"name\":\"IMMOBILIEN Business\",\"url\":\"https:\\\/\\\/www.immobilienbusiness.ch\\\/\",\"logo\":{\"@type\":\"ImageObject\",\"inLanguage\":\"de\",\"@id\":\"https:\\\/\\\/www.immobilienbusiness.ch\\\/#\\\/schema\\\/logo\\\/image\\\/\",\"url\":\"https:\\\/\\\/www.immobilienbusiness.ch\\\/wp-content\\\/uploads\\\/2021\\\/07\\\/logo_ib.png\",\"contentUrl\":\"https:\\\/\\\/www.immobilienbusiness.ch\\\/wp-content\\\/uploads\\\/2021\\\/07\\\/logo_ib.png\",\"width\":800,\"height\":181,\"caption\":\"IMMOBILIEN Business\"},\"image\":{\"@id\":\"https:\\\/\\\/www.immobilienbusiness.ch\\\/#\\\/schema\\\/logo\\\/image\\\/\"},\"sameAs\":[\"https:\\\/\\\/www.facebook.com\\\/immobilienbusiness\\\/\"]},{\"@type\":\"Person\",\"@id\":\"https:\\\/\\\/www.immobilienbusiness.ch\\\/#\\\/schema\\\/person\\\/aba8bea2db926aa0c24c08c43fe1fcd5\",\"name\":\"Alexander Wachter\",\"image\":{\"@type\":\"ImageObject\",\"inLanguage\":\"de\",\"@id\":\"https:\\\/\\\/secure.gravatar.com\\\/avatar\\\/1a09e471f5389b0e0a6416eac287e0927c7c97a7b77f9e787eba3af7aee281dd?s=96&d=mm&r=g\",\"url\":\"https:\\\/\\\/secure.gravatar.com\\\/avatar\\\/1a09e471f5389b0e0a6416eac287e0927c7c97a7b77f9e787eba3af7aee281dd?s=96&d=mm&r=g\",\"contentUrl\":\"https:\\\/\\\/secure.gravatar.com\\\/avatar\\\/1a09e471f5389b0e0a6416eac287e0927c7c97a7b77f9e787eba3af7aee281dd?s=96&d=mm&r=g\",\"caption\":\"Alexander Wachter\"},\"url\":\"https:\\\/\\\/www.immobilienbusiness.ch\\\/de\\\/author\\\/alexander-wachter\\\/\"}]}<\/script>\n<!-- \/ Yoast SEO plugin. -->","yoast_head_json":{"title":"Allschwil: Pensionskasse plant Wohn-\u00dcberbauung - IMMOBILIEN Business","description":"Neue \u00dcberbauung mit 77 Mietwohnungen und Gesch\u00e4ftsfl\u00e4chen an der Baslerstrasse 160-166 in Allschwil. Baubeginn 2025.","robots":{"index":"index","follow":"follow","max-snippet":"max-snippet:-1","max-image-preview":"max-image-preview:large","max-video-preview":"max-video-preview:-1"},"canonical":"https:\/\/www.immobilienbusiness.ch\/de\/regionen\/2024-05-21\/allschwil-pensionskasse-baut-wohn-ueberbauung\/","og_locale":"de_DE","og_type":"article","og_title":"Allschwil: Pensionskasse plant Wohn-\u00dcberbauung - IMMOBILIEN Business","og_description":"Neue \u00dcberbauung mit 77 Mietwohnungen und Gesch\u00e4ftsfl\u00e4chen an der Baslerstrasse 160-166 in Allschwil. Baubeginn 2025.","og_url":"https:\/\/www.immobilienbusiness.ch\/de\/regionen\/2024-05-21\/allschwil-pensionskasse-baut-wohn-ueberbauung\/","og_site_name":"IMMOBILIEN Business","article_publisher":"https:\/\/www.facebook.com\/immobilienbusiness\/","article_published_time":"2024-05-21T06:27:35+00:00","article_modified_time":"2024-08-21T04:16:06+00:00","og_image":[{"width":1200,"height":900,"url":"https:\/\/www.immobilienbusiness.ch\/wp-content\/uploads\/2024\/05\/Adimmo-Allschwil.jpg","type":"image\/jpeg"}],"author":"Alexander Wachter","twitter_card":"summary_large_image","schema":{"@context":"https:\/\/schema.org","@graph":[{"@type":"Article","@id":"https:\/\/www.immobilienbusiness.ch\/de\/regionen\/2024-05-21\/allschwil-pensionskasse-baut-wohn-ueberbauung\/#article","isPartOf":{"@id":"https:\/\/www.immobilienbusiness.ch\/de\/regionen\/2024-05-21\/allschwil-pensionskasse-baut-wohn-ueberbauung\/"},"author":{"name":"Alexander Wachter","@id":"https:\/\/www.immobilienbusiness.ch\/#\/schema\/person\/aba8bea2db926aa0c24c08c43fe1fcd5"},"headline":"Allschwil: Pensionskasse plant Wohn-\u00dcberbauung","datePublished":"2024-05-21T06:27:35+00:00","dateModified":"2024-08-21T04:16:06+00:00","mainEntityOfPage":{"@id":"https:\/\/www.immobilienbusiness.ch\/de\/regionen\/2024-05-21\/allschwil-pensionskasse-baut-wohn-ueberbauung\/"},"wordCount":383,"publisher":{"@id":"https:\/\/www.immobilienbusiness.ch\/#organization"},"image":{"@id":"https:\/\/www.immobilienbusiness.ch\/de\/regionen\/2024-05-21\/allschwil-pensionskasse-baut-wohn-ueberbauung\/#primaryimage"},"thumbnailUrl":"https:\/\/www.immobilienbusiness.ch\/wp-content\/uploads\/2024\/05\/Adimmo-Allschwil.jpg","keywords":["Adimmo","Allschwil","Basellandschaftliche Pensionskasse (BLPK)","BL","Mietwohnungen","Projekt in Planung","Retail"],"articleSection":["REGIONEN"],"inLanguage":"de"},{"@type":"WebPage","@id":"https:\/\/www.immobilienbusiness.ch\/de\/regionen\/2024-05-21\/allschwil-pensionskasse-baut-wohn-ueberbauung\/","url":"https:\/\/www.immobilienbusiness.ch\/de\/regionen\/2024-05-21\/allschwil-pensionskasse-baut-wohn-ueberbauung\/","name":"Allschwil: Pensionskasse plant Wohn-\u00dcberbauung - IMMOBILIEN Business","isPartOf":{"@id":"https:\/\/www.immobilienbusiness.ch\/#website"},"primaryImageOfPage":{"@id":"https:\/\/www.immobilienbusiness.ch\/de\/regionen\/2024-05-21\/allschwil-pensionskasse-baut-wohn-ueberbauung\/#primaryimage"},"image":{"@id":"https:\/\/www.immobilienbusiness.ch\/de\/regionen\/2024-05-21\/allschwil-pensionskasse-baut-wohn-ueberbauung\/#primaryimage"},"thumbnailUrl":"https:\/\/www.immobilienbusiness.ch\/wp-content\/uploads\/2024\/05\/Adimmo-Allschwil.jpg","datePublished":"2024-05-21T06:27:35+00:00","dateModified":"2024-08-21T04:16:06+00:00","description":"Neue \u00dcberbauung mit 77 Mietwohnungen und Gesch\u00e4ftsfl\u00e4chen an der Baslerstrasse 160-166 in Allschwil. Baubeginn 2025.","breadcrumb":{"@id":"https:\/\/www.immobilienbusiness.ch\/de\/regionen\/2024-05-21\/allschwil-pensionskasse-baut-wohn-ueberbauung\/#breadcrumb"},"inLanguage":"de","potentialAction":[{"@type":"ReadAction","target":["https:\/\/www.immobilienbusiness.ch\/de\/regionen\/2024-05-21\/allschwil-pensionskasse-baut-wohn-ueberbauung\/"]}]},{"@type":"ImageObject","inLanguage":"de","@id":"https:\/\/www.immobilienbusiness.ch\/de\/regionen\/2024-05-21\/allschwil-pensionskasse-baut-wohn-ueberbauung\/#primaryimage","url":"https:\/\/www.immobilienbusiness.ch\/wp-content\/uploads\/2024\/05\/Adimmo-Allschwil.jpg","contentUrl":"https:\/\/www.immobilienbusiness.ch\/wp-content\/uploads\/2024\/05\/Adimmo-Allschwil.jpg","width":1200,"height":900,"caption":"So wird die Wohnbebauung aussehen (\u00a9 \u00abBurckhardt Architektur \/ Filippo Bolognese Images\u00bb)"},{"@type":"BreadcrumbList","@id":"https:\/\/www.immobilienbusiness.ch\/de\/regionen\/2024-05-21\/allschwil-pensionskasse-baut-wohn-ueberbauung\/#breadcrumb","itemListElement":[{"@type":"ListItem","position":1,"name":"Home","item":"https:\/\/www.immobilienbusiness.ch\/"},{"@type":"ListItem","position":2,"name":"Allschwil: Pensionskasse plant Wohn-\u00dcberbauung"}]},{"@type":"WebSite","@id":"https:\/\/www.immobilienbusiness.ch\/#website","url":"https:\/\/www.immobilienbusiness.ch\/","name":"IMMOBILIEN Business","description":"Unabh\u00e4ngiges Schweizer Wirtschaftsmagazin mit Fokus auf Immobilien, Architektur- und Bau sowie Investment- und Finanzierung.","publisher":{"@id":"https:\/\/www.immobilienbusiness.ch\/#organization"},"potentialAction":[{"@type":"SearchAction","target":{"@type":"EntryPoint","urlTemplate":"https:\/\/www.immobilienbusiness.ch\/?s={search_term_string}"},"query-input":{"@type":"PropertyValueSpecification","valueRequired":true,"valueName":"search_term_string"}}],"inLanguage":"de"},{"@type":"Organization","@id":"https:\/\/www.immobilienbusiness.ch\/#organization","name":"IMMOBILIEN Business","url":"https:\/\/www.immobilienbusiness.ch\/","logo":{"@type":"ImageObject","inLanguage":"de","@id":"https:\/\/www.immobilienbusiness.ch\/#\/schema\/logo\/image\/","url":"https:\/\/www.immobilienbusiness.ch\/wp-content\/uploads\/2021\/07\/logo_ib.png","contentUrl":"https:\/\/www.immobilienbusiness.ch\/wp-content\/uploads\/2021\/07\/logo_ib.png","width":800,"height":181,"caption":"IMMOBILIEN Business"},"image":{"@id":"https:\/\/www.immobilienbusiness.ch\/#\/schema\/logo\/image\/"},"sameAs":["https:\/\/www.facebook.com\/immobilienbusiness\/"]},{"@type":"Person","@id":"https:\/\/www.immobilienbusiness.ch\/#\/schema\/person\/aba8bea2db926aa0c24c08c43fe1fcd5","name":"Alexander Wachter","image":{"@type":"ImageObject","inLanguage":"de","@id":"https:\/\/secure.gravatar.com\/avatar\/1a09e471f5389b0e0a6416eac287e0927c7c97a7b77f9e787eba3af7aee281dd?s=96&d=mm&r=g","url":"https:\/\/secure.gravatar.com\/avatar\/1a09e471f5389b0e0a6416eac287e0927c7c97a7b77f9e787eba3af7aee281dd?s=96&d=mm&r=g","contentUrl":"https:\/\/secure.gravatar.com\/avatar\/1a09e471f5389b0e0a6416eac287e0927c7c97a7b77f9e787eba3af7aee281dd?s=96&d=mm&r=g","caption":"Alexander Wachter"},"url":"https:\/\/www.immobilienbusiness.ch\/de\/author\/alexander-wachter\/"}]}},"_links":{"self":[{"href":"https:\/\/www.immobilienbusiness.ch\/de\/wp-json\/wp\/v2\/posts\/57171","targetHints":{"allow":["GET"]}}],"collection":[{"href":"https:\/\/www.immobilienbusiness.ch\/de\/wp-json\/wp\/v2\/posts"}],"about":[{"href":"https:\/\/www.immobilienbusiness.ch\/de\/wp-json\/wp\/v2\/types\/post"}],"author":[{"embeddable":true,"href":"https:\/\/www.immobilienbusiness.ch\/de\/wp-json\/wp\/v2\/users\/102"}],"replies":[{"embeddable":true,"href":"https:\/\/www.immobilienbusiness.ch\/de\/wp-json\/wp\/v2\/comments?post=57171"}],"version-history":[{"count":6,"href":"https:\/\/www.immobilienbusiness.ch\/de\/wp-json\/wp\/v2\/posts\/57171\/revisions"}],"predecessor-version":[{"id":58825,"href":"https:\/\/www.immobilienbusiness.ch\/de\/wp-json\/wp\/v2\/posts\/57171\/revisions\/58825"}],"wp:featuredmedia":[{"embeddable":true,"href":"https:\/\/www.immobilienbusiness.ch\/de\/wp-json\/wp\/v2\/media\/57172"}],"wp:attachment":[{"href":"https:\/\/www.immobilienbusiness.ch\/de\/wp-json\/wp\/v2\/media?parent=57171"}],"wp:term":[{"taxonomy":"category","embeddable":true,"href":"https:\/\/www.immobilienbusiness.ch\/de\/wp-json\/wp\/v2\/categories?post=57171"},{"taxonomy":"post_tag","embeddable":true,"href":"https:\/\/www.immobilienbusiness.ch\/de\/wp-json\/wp\/v2\/tags?post=57171"}],"curies":[{"name":"wp","href":"https:\/\/api.w.org\/{rel}","templated":true}]}}