{"id":5682,"date":"2017-01-06T09:13:49","date_gmt":"2017-01-06T08:13:49","guid":{"rendered":"https:\/\/immobilienbusiness.ch\/?p=5682"},"modified":"2017-01-06T09:13:49","modified_gmt":"2017-01-06T08:13:49","slug":"credit-suisse-retail-outlook-detailhandel-schweiz-stagnation5682-2","status":"publish","type":"post","link":"https:\/\/www.immobilienbusiness.ch\/de\/retail\/2017-01-06\/credit-suisse-retail-outlook-detailhandel-schweiz-stagnation5682-2\/","title":{"rendered":"Credit Suisse Retail Outlook: Stagnation im Detailhandel"},"content":{"rendered":"<figure id=\"attachment_5683\" aria-describedby=\"caption-attachment-5683\" style=\"width: 680px\" class=\"wp-caption alignnone\"><img loading=\"lazy\" decoding=\"async\" class=\"size-medium wp-image-5683\" src=\"https:\/\/immobilienbusiness.ch\/wp-content\/uploads\/2017\/01\/Depositphotos_21825645_l-2015.jpg\" alt=\"\" width=\"680\" height=\"486\" srcset=\"https:\/\/www.immobilienbusiness.ch\/wp-content\/uploads\/2017\/01\/Depositphotos_21825645_l-2015.jpg 2000w, https:\/\/www.immobilienbusiness.ch\/wp-content\/uploads\/2017\/01\/Depositphotos_21825645_l-2015-300x215.jpg 300w, https:\/\/www.immobilienbusiness.ch\/wp-content\/uploads\/2017\/01\/Depositphotos_21825645_l-2015-1024x732.jpg 1024w, https:\/\/www.immobilienbusiness.ch\/wp-content\/uploads\/2017\/01\/Depositphotos_21825645_l-2015-768x549.jpg 768w, https:\/\/www.immobilienbusiness.ch\/wp-content\/uploads\/2017\/01\/Depositphotos_21825645_l-2015-1536x1098.jpg 1536w, https:\/\/www.immobilienbusiness.ch\/wp-content\/uploads\/2017\/01\/Depositphotos_21825645_l-2015-16x12.jpg 16w, https:\/\/www.immobilienbusiness.ch\/wp-content\/uploads\/2017\/01\/Depositphotos_21825645_l-2015-245x175.jpg 245w, https:\/\/www.immobilienbusiness.ch\/wp-content\/uploads\/2017\/01\/Depositphotos_21825645_l-2015-490x350.jpg 490w, https:\/\/www.immobilienbusiness.ch\/wp-content\/uploads\/2017\/01\/Depositphotos_21825645_l-2015-1119x800.jpg 1119w, https:\/\/www.immobilienbusiness.ch\/wp-content\/uploads\/2017\/01\/Depositphotos_21825645_l-2015-920x658.jpg 920w, https:\/\/www.immobilienbusiness.ch\/wp-content\/uploads\/2017\/01\/Depositphotos_21825645_l-2015-1400x1001.jpg 1400w, https:\/\/www.immobilienbusiness.ch\/wp-content\/uploads\/2017\/01\/Depositphotos_21825645_l-2015-1958x1400.jpg 1958w\" sizes=\"auto, (max-width: 680px) 100vw, 680px\" \/><figcaption id=\"caption-attachment-5683\" class=\"wp-caption-text\">2017 werden sich die Ums\u00e4tze im Schweizer Detailhandel stabilisieren (Foto: gpointstudio &#8211; depositphotos)<\/figcaption><\/figure>\n<p>2016 war ein \u00abherausforderndes Jahr\u00bb f\u00fcr den Schweizer Detailhandel, so die Credit Suisse. Die reale Nachfrage sank erneut, was zusammen mit leicht tieferen Preisen auch im zweiten Jahr nach der Aufhebung des Euro\/CHF-Mindestkurses zu r\u00fcckl\u00e4ufigen nominalen Branchenums\u00e4tzen f\u00fchrte (-1,0% gegen\u00fcber 2015). Allerdings habe sich die Abw\u00e4rtsdynamik in gewissen Segmenten merklich verlangsamt.<\/p>\n<p>W\u00e4hrend der Food-Detailhandel wieder ein leichtes nominales Umsatzwachstum verzeichnen konnte, litten die Detailh\u00e4ndler im Non-Food-Segment gem\u00e4ss der Studie immer noch unter einem zum Teil deutlichen Umsatzr\u00fcckgang. Das Umsatzminus schw\u00e4chte sich im Vergleich zu 2015 nur leicht ab. Innerhalb des Non-Food-Detailhandels wiederum gerieten inbesondere die Bekleidungs- und Schuhdetailh\u00e4ndler verst\u00e4rkt in Schieflage. Deren Umsatzminus nahm gegen\u00fcber 2015 nochmals deutlich zu.<\/p>\n<p>Der Einkaufstourismus stabilisierte sich 2016 auf sehr hohem Niveau, vermutet die CS sich aufgrund der Mehrwertsteuereinnahmen an den Schweizer Zoll\u00e4mtern. W\u00e4hrend die Auslandeink\u00e4ufe vor Ort leicht zur\u00fcckgegangen sein d\u00fcrften (-6,2% gegen\u00fcber 2015), profitierte der grenz\u00fcberschreitende Onlinehandel weiterhin von einer starken Wachstumsdynamik. \u00abInsgesamt d\u00fcrfte 2016 jeder zehnte Detailhandels-Franken im Ausland ausgegeben worden sein\u00bb, heisst es im <em>Retail Outlook 2017<\/em>.<\/p>\n<h2>Wachstumsimpulse fehlen<\/h2>\n<p>F\u00fcr 2017 erwartet CS eine Stagnation der nominalen Ums\u00e4tze im gesamten Detailhandel. Dies komme nach den schwachen Vorjahren einer Stabilisierung gleich. F\u00fcr eine dynamischere Erholung fehlen dagegen deutliche Wachstumsimpulse aus der Gesamtwirtschaft. Die Konsumentenstimmung werde sich aufgrund der stagnierenden Arbeitslosenquote 2017 h\u00f6chstens z\u00f6gerlich verbessern, prognostizieren die Studienautoren.<\/p>\n<p>Da 2017 die Inflation in die Schweiz zur\u00fcckkehren d\u00fcrfte, wird die Konsumkaufkraft trotz geringf\u00fcgigen Nominallohnerh\u00f6hungen kaum zunehmen. Sofern der Franken gegen\u00fcber dem Euro nicht nochmals deutlich aufwertet, d\u00fcrften die station\u00e4ren Auslandeink\u00e4ufe der Schweizer Bev\u00f6lkerung 2017 zudem zwar nicht weiter zu-, aber h\u00f6chstens leicht abnehmen. Somit wird die reale Nachfrage in erster Linie dank des Bev\u00f6lkerungswachstums leicht zulegen.<\/p>\n<p>CS geht davon aus, dass die Detailhandelspreise auch 2017 wie in den vergangenen Jahren weiterhin sinken werden. Im Hinblick auf die verhaltenen Branchenaussichten fallen auch die Verkaufsfl\u00e4chen-Expansionspl\u00e4ne f\u00fcr 2017 so defensiv aus wie seit 2009 nicht mehr. Dabei seien die Pl\u00e4ne der Food-Detaillisten offensiver als diejenigen der Non-Food-Detailh\u00e4ndler.<\/p>\n<h2>Versorgungsdichte in Zentren und Agglomerationen am h\u00f6chsten<\/h2>\n<p>Ein besonderes Augenmerk richtet die diesj\u00e4hrige Studie auf die regionale Versorgungsdichte im station\u00e4ren Detailhandel. Diese ist in den Schweizer Zentren und Agglomerationen \u00fcberdurchschnittlich hoch. Dagegen weisen die l\u00e4ndlichen Gebiete &#8211; abgesehen von den touristischen Gemeinden &#8211; eine unterdurchschnittliche Versorgungsdichte auf. In vielen Regionen nahm das Verh\u00e4ltnis von Angebot (gemessen in Vollzeitstellen) und Nachfrage im station\u00e4ren Detailhandel zwischen 2011 und 2013 ab.<\/p>\n<p>Die Besch\u00e4ftigung im Detailhandel nahm in den meisten grossen Innenst\u00e4dten \u2013 mit wenigen Ausnahmen wie etwa Luzern \u2013 ab, w\u00e4hrend in den Aussenquartieren teilweise ein Stellenaufbau zu beobachten war. F\u00fcr den R\u00fcckgang der Besch\u00e4ftigung in den Innenst\u00e4dten war u.a. die Entwicklung der Mieten f\u00fcr Verkaufsfl\u00e4chen an Toplagen verantwortlich.<\/p>\n<p>Die regionale Betrachtung der Versorgungsdichte zeigt auch die Folgen des bereits 2011 stark angestiegenen Einkaufstourismus auf. Detaillisten in Grenzgemeinden von Deutschland und Frankreich verzeichneten 2013 im Vergleich zu 2011 5,4 und 3,4 Prozent weniger Vollzeitstellen \u2013 die Stadt Basel sogar 6,6 Prozent weniger. Schweizweit betrug der R\u00fcckgang 2,1 Prozent. Der Anstieg des Einkaufstourismus im Nachgang zur Frankenaufwertung 2010\/2011 traf die Detailh\u00e4ndler im Raum Basel demnach \u00fcberproportional stark.<\/p>\n","protected":false},"excerpt":{"rendered":"<p>F\u00fcr das neue Jahr rechnet die Credit Suisse (CS) damit, dass die Ums\u00e4tze im Schweizer Detailhandel stagnieren. Das komme nach den schwachen Vorjahren einer Stabilisierung gleich, heisst es im Retail Outlook 2017 von CS und Fuhrer &#038; Hotz. <\/p>\n","protected":false},"author":3,"featured_media":5683,"comment_status":"open","ping_status":"open","sticky":false,"template":"","format":"standard","meta":{"_acf_changed":false,"_yoast_wpseo_focuskw":"Detailhandel","_yoast_wpseo_title":"","_yoast_wpseo_metadesc":"F\u00fcr 2017 rechnet die Credit Suisse damit, dass die Ums\u00e4tze im Schweizer Detailhandel stagnieren. Dies geht aus dem aktuellen Retail Outlook 2017 hervor.","_yoast_wpseo_linkdex":77,"pgc_sgb_lightbox_settings":"","footnotes":""},"categories":[987],"tags":[1165,1472,1643,1740],"class_list":["post-5682","post","type-post","status-publish","format-standard","has-post-thumbnail","hentry","category-retail","tag-detailhandel","tag-maerkte","tag-retail","tag-studie"],"acf":[],"yoast_head":"<!-- This site is optimized with the Yoast SEO plugin v27.4 - https:\/\/yoast.com\/product\/yoast-seo-wordpress\/ -->\n<title>Credit Suisse Retail Outlook: Stagnation im Detailhandel - IMMOBILIEN Business<\/title>\n<meta name=\"description\" content=\"F\u00fcr 2017 rechnet die Credit Suisse damit, dass die Ums\u00e4tze im Schweizer Detailhandel stagnieren. Dies geht aus dem aktuellen Retail Outlook 2017 hervor.\" \/>\n<meta name=\"robots\" content=\"index, follow, max-snippet:-1, max-image-preview:large, max-video-preview:-1\" \/>\n<link rel=\"canonical\" href=\"https:\/\/www.immobilienbusiness.ch\/de\/retail\/2017-01-06\/credit-suisse-retail-outlook-detailhandel-schweiz-stagnation5682-2\/\" \/>\n<meta property=\"og:locale\" content=\"de_DE\" \/>\n<meta property=\"og:type\" content=\"article\" \/>\n<meta property=\"og:title\" content=\"Credit Suisse Retail Outlook: Stagnation im Detailhandel\" \/>\n<meta property=\"og:description\" content=\"F\u00fcr 2017 rechnet die Credit Suisse damit, dass die Ums\u00e4tze im Schweizer Detailhandel stagnieren. Dies geht aus dem aktuellen Retail Outlook 2017 hervor.\" \/>\n<meta property=\"og:url\" content=\"https:\/\/www.immobilienbusiness.ch\/de\/retail\/2017-01-06\/credit-suisse-retail-outlook-detailhandel-schweiz-stagnation5682-2\/\" \/>\n<meta property=\"og:site_name\" content=\"IMMOBILIEN Business\" \/>\n<meta property=\"article:publisher\" content=\"https:\/\/www.facebook.com\/immobilienbusiness\/\" \/>\n<meta property=\"article:published_time\" content=\"2017-01-06T08:13:49+00:00\" \/>\n<meta name=\"author\" content=\"anja.hall\" \/>\n<meta name=\"twitter:card\" content=\"summary_large_image\" \/>\n<meta name=\"twitter:title\" content=\"Credit Suisse Retail Outlook: Stagnation im Detailhandel\" \/>\n<meta name=\"twitter:description\" content=\"F\u00fcr 2017 rechnet die Credit Suisse damit, dass die Ums\u00e4tze im Schweizer Detailhandel stagnieren. Dies geht aus dem aktuellen Retail Outlook 2017 hervor.\" \/>\n<meta name=\"twitter:image\" content=\"https:\/\/immobilienbusiness.ch\/wp-content\/uploads\/2017\/01\/Depositphotos_21825645_l-2015.jpg\" \/>\n<script type=\"application\/ld+json\" class=\"yoast-schema-graph\">{\"@context\":\"https:\\\/\\\/schema.org\",\"@graph\":[{\"@type\":\"Article\",\"@id\":\"https:\\\/\\\/www.immobilienbusiness.ch\\\/fr\\\/retail\\\/2017-01-06\\\/credit-suisse-retail-outlook-detailhandel-schweiz-stagnation5682-2\\\/#article\",\"isPartOf\":{\"@id\":\"https:\\\/\\\/www.immobilienbusiness.ch\\\/fr\\\/retail\\\/2017-01-06\\\/credit-suisse-retail-outlook-detailhandel-schweiz-stagnation5682-2\\\/\"},\"author\":{\"name\":\"anja.hall\",\"@id\":\"https:\\\/\\\/www.immobilienbusiness.ch\\\/#\\\/schema\\\/person\\\/3fc036297b10b9f42d6db5ee932af8c8\"},\"headline\":\"Credit Suisse Retail Outlook: Stagnation im Detailhandel\",\"datePublished\":\"2017-01-06T08:13:49+00:00\",\"mainEntityOfPage\":{\"@id\":\"https:\\\/\\\/www.immobilienbusiness.ch\\\/fr\\\/retail\\\/2017-01-06\\\/credit-suisse-retail-outlook-detailhandel-schweiz-stagnation5682-2\\\/\"},\"wordCount\":566,\"commentCount\":0,\"publisher\":{\"@id\":\"https:\\\/\\\/www.immobilienbusiness.ch\\\/#organization\"},\"image\":{\"@id\":\"https:\\\/\\\/www.immobilienbusiness.ch\\\/fr\\\/retail\\\/2017-01-06\\\/credit-suisse-retail-outlook-detailhandel-schweiz-stagnation5682-2\\\/#primaryimage\"},\"thumbnailUrl\":\"https:\\\/\\\/www.immobilienbusiness.ch\\\/wp-content\\\/uploads\\\/2017\\\/01\\\/Depositphotos_21825645_l-2015.jpg\",\"keywords\":[\"Detailhandel\",\"M\u00e4rkte\",\"Retail\",\"Studie\"],\"articleSection\":[\"RETAIL\"],\"inLanguage\":\"de\"},{\"@type\":\"WebPage\",\"@id\":\"https:\\\/\\\/www.immobilienbusiness.ch\\\/fr\\\/retail\\\/2017-01-06\\\/credit-suisse-retail-outlook-detailhandel-schweiz-stagnation5682-2\\\/\",\"url\":\"https:\\\/\\\/www.immobilienbusiness.ch\\\/fr\\\/retail\\\/2017-01-06\\\/credit-suisse-retail-outlook-detailhandel-schweiz-stagnation5682-2\\\/\",\"name\":\"Credit Suisse Retail Outlook: Stagnation im Detailhandel - IMMOBILIEN Business\",\"isPartOf\":{\"@id\":\"https:\\\/\\\/www.immobilienbusiness.ch\\\/#website\"},\"primaryImageOfPage\":{\"@id\":\"https:\\\/\\\/www.immobilienbusiness.ch\\\/fr\\\/retail\\\/2017-01-06\\\/credit-suisse-retail-outlook-detailhandel-schweiz-stagnation5682-2\\\/#primaryimage\"},\"image\":{\"@id\":\"https:\\\/\\\/www.immobilienbusiness.ch\\\/fr\\\/retail\\\/2017-01-06\\\/credit-suisse-retail-outlook-detailhandel-schweiz-stagnation5682-2\\\/#primaryimage\"},\"thumbnailUrl\":\"https:\\\/\\\/www.immobilienbusiness.ch\\\/wp-content\\\/uploads\\\/2017\\\/01\\\/Depositphotos_21825645_l-2015.jpg\",\"datePublished\":\"2017-01-06T08:13:49+00:00\",\"description\":\"F\u00fcr 2017 rechnet die Credit Suisse damit, dass die Ums\u00e4tze im Schweizer Detailhandel stagnieren. Dies geht aus dem aktuellen Retail Outlook 2017 hervor.\",\"breadcrumb\":{\"@id\":\"https:\\\/\\\/www.immobilienbusiness.ch\\\/fr\\\/retail\\\/2017-01-06\\\/credit-suisse-retail-outlook-detailhandel-schweiz-stagnation5682-2\\\/#breadcrumb\"},\"inLanguage\":\"de\",\"potentialAction\":[{\"@type\":\"ReadAction\",\"target\":[\"https:\\\/\\\/www.immobilienbusiness.ch\\\/fr\\\/retail\\\/2017-01-06\\\/credit-suisse-retail-outlook-detailhandel-schweiz-stagnation5682-2\\\/\"]}]},{\"@type\":\"ImageObject\",\"inLanguage\":\"de\",\"@id\":\"https:\\\/\\\/www.immobilienbusiness.ch\\\/fr\\\/retail\\\/2017-01-06\\\/credit-suisse-retail-outlook-detailhandel-schweiz-stagnation5682-2\\\/#primaryimage\",\"url\":\"https:\\\/\\\/www.immobilienbusiness.ch\\\/wp-content\\\/uploads\\\/2017\\\/01\\\/Depositphotos_21825645_l-2015.jpg\",\"contentUrl\":\"https:\\\/\\\/www.immobilienbusiness.ch\\\/wp-content\\\/uploads\\\/2017\\\/01\\\/Depositphotos_21825645_l-2015.jpg\",\"width\":2000,\"height\":1430,\"caption\":\"Der Fonds hat letztes Jahr kr\u00e4ftig eingekauft (Foto: gpointstudio - depositphotos)\"},{\"@type\":\"BreadcrumbList\",\"@id\":\"https:\\\/\\\/www.immobilienbusiness.ch\\\/fr\\\/retail\\\/2017-01-06\\\/credit-suisse-retail-outlook-detailhandel-schweiz-stagnation5682-2\\\/#breadcrumb\",\"itemListElement\":[{\"@type\":\"ListItem\",\"position\":1,\"name\":\"Home\",\"item\":\"https:\\\/\\\/www.immobilienbusiness.ch\\\/\"},{\"@type\":\"ListItem\",\"position\":2,\"name\":\"Credit Suisse Retail Outlook: Stagnation im Detailhandel\"}]},{\"@type\":\"WebSite\",\"@id\":\"https:\\\/\\\/www.immobilienbusiness.ch\\\/#website\",\"url\":\"https:\\\/\\\/www.immobilienbusiness.ch\\\/\",\"name\":\"IMMOBILIEN Business\",\"description\":\"Unabh\u00e4ngiges Schweizer Wirtschaftsmagazin mit Fokus auf Immobilien, Architektur- und Bau sowie Investment- und Finanzierung.\",\"publisher\":{\"@id\":\"https:\\\/\\\/www.immobilienbusiness.ch\\\/#organization\"},\"potentialAction\":[{\"@type\":\"SearchAction\",\"target\":{\"@type\":\"EntryPoint\",\"urlTemplate\":\"https:\\\/\\\/www.immobilienbusiness.ch\\\/?s={search_term_string}\"},\"query-input\":{\"@type\":\"PropertyValueSpecification\",\"valueRequired\":true,\"valueName\":\"search_term_string\"}}],\"inLanguage\":\"de\"},{\"@type\":\"Organization\",\"@id\":\"https:\\\/\\\/www.immobilienbusiness.ch\\\/#organization\",\"name\":\"IMMOBILIEN Business\",\"url\":\"https:\\\/\\\/www.immobilienbusiness.ch\\\/\",\"logo\":{\"@type\":\"ImageObject\",\"inLanguage\":\"de\",\"@id\":\"https:\\\/\\\/www.immobilienbusiness.ch\\\/#\\\/schema\\\/logo\\\/image\\\/\",\"url\":\"https:\\\/\\\/www.immobilienbusiness.ch\\\/wp-content\\\/uploads\\\/2021\\\/07\\\/logo_ib.png\",\"contentUrl\":\"https:\\\/\\\/www.immobilienbusiness.ch\\\/wp-content\\\/uploads\\\/2021\\\/07\\\/logo_ib.png\",\"width\":800,\"height\":181,\"caption\":\"IMMOBILIEN Business\"},\"image\":{\"@id\":\"https:\\\/\\\/www.immobilienbusiness.ch\\\/#\\\/schema\\\/logo\\\/image\\\/\"},\"sameAs\":[\"https:\\\/\\\/www.facebook.com\\\/immobilienbusiness\\\/\"]},{\"@type\":\"Person\",\"@id\":\"https:\\\/\\\/www.immobilienbusiness.ch\\\/#\\\/schema\\\/person\\\/3fc036297b10b9f42d6db5ee932af8c8\",\"name\":\"anja.hall\",\"image\":{\"@type\":\"ImageObject\",\"inLanguage\":\"de\",\"@id\":\"https:\\\/\\\/secure.gravatar.com\\\/avatar\\\/066b5a0d447013502c71a5782f4f3469f03cfe595cc2329fb94652fe47511bfb?s=96&d=mm&r=g\",\"url\":\"https:\\\/\\\/secure.gravatar.com\\\/avatar\\\/066b5a0d447013502c71a5782f4f3469f03cfe595cc2329fb94652fe47511bfb?s=96&d=mm&r=g\",\"contentUrl\":\"https:\\\/\\\/secure.gravatar.com\\\/avatar\\\/066b5a0d447013502c71a5782f4f3469f03cfe595cc2329fb94652fe47511bfb?s=96&d=mm&r=g\",\"caption\":\"anja.hall\"},\"url\":\"https:\\\/\\\/www.immobilienbusiness.ch\\\/de\\\/author\\\/anja-hall\\\/\"}]}<\/script>\n<!-- \/ Yoast SEO plugin. -->","yoast_head_json":{"title":"Credit Suisse Retail Outlook: Stagnation im Detailhandel - IMMOBILIEN Business","description":"F\u00fcr 2017 rechnet die Credit Suisse damit, dass die Ums\u00e4tze im Schweizer Detailhandel stagnieren. Dies geht aus dem aktuellen Retail Outlook 2017 hervor.","robots":{"index":"index","follow":"follow","max-snippet":"max-snippet:-1","max-image-preview":"max-image-preview:large","max-video-preview":"max-video-preview:-1"},"canonical":"https:\/\/www.immobilienbusiness.ch\/de\/retail\/2017-01-06\/credit-suisse-retail-outlook-detailhandel-schweiz-stagnation5682-2\/","og_locale":"de_DE","og_type":"article","og_title":"Credit Suisse Retail Outlook: Stagnation im Detailhandel","og_description":"F\u00fcr 2017 rechnet die Credit Suisse damit, dass die Ums\u00e4tze im Schweizer Detailhandel stagnieren. Dies geht aus dem aktuellen Retail Outlook 2017 hervor.","og_url":"https:\/\/www.immobilienbusiness.ch\/de\/retail\/2017-01-06\/credit-suisse-retail-outlook-detailhandel-schweiz-stagnation5682-2\/","og_site_name":"IMMOBILIEN Business","article_publisher":"https:\/\/www.facebook.com\/immobilienbusiness\/","article_published_time":"2017-01-06T08:13:49+00:00","author":"anja.hall","twitter_card":"summary_large_image","twitter_title":"Credit Suisse Retail Outlook: Stagnation im Detailhandel","twitter_description":"F\u00fcr 2017 rechnet die Credit Suisse damit, dass die Ums\u00e4tze im Schweizer Detailhandel stagnieren. Dies geht aus dem aktuellen Retail Outlook 2017 hervor.","twitter_image":"https:\/\/immobilienbusiness.ch\/wp-content\/uploads\/2017\/01\/Depositphotos_21825645_l-2015.jpg","schema":{"@context":"https:\/\/schema.org","@graph":[{"@type":"Article","@id":"https:\/\/www.immobilienbusiness.ch\/fr\/retail\/2017-01-06\/credit-suisse-retail-outlook-detailhandel-schweiz-stagnation5682-2\/#article","isPartOf":{"@id":"https:\/\/www.immobilienbusiness.ch\/fr\/retail\/2017-01-06\/credit-suisse-retail-outlook-detailhandel-schweiz-stagnation5682-2\/"},"author":{"name":"anja.hall","@id":"https:\/\/www.immobilienbusiness.ch\/#\/schema\/person\/3fc036297b10b9f42d6db5ee932af8c8"},"headline":"Credit Suisse Retail Outlook: Stagnation im Detailhandel","datePublished":"2017-01-06T08:13:49+00:00","mainEntityOfPage":{"@id":"https:\/\/www.immobilienbusiness.ch\/fr\/retail\/2017-01-06\/credit-suisse-retail-outlook-detailhandel-schweiz-stagnation5682-2\/"},"wordCount":566,"commentCount":0,"publisher":{"@id":"https:\/\/www.immobilienbusiness.ch\/#organization"},"image":{"@id":"https:\/\/www.immobilienbusiness.ch\/fr\/retail\/2017-01-06\/credit-suisse-retail-outlook-detailhandel-schweiz-stagnation5682-2\/#primaryimage"},"thumbnailUrl":"https:\/\/www.immobilienbusiness.ch\/wp-content\/uploads\/2017\/01\/Depositphotos_21825645_l-2015.jpg","keywords":["Detailhandel","M\u00e4rkte","Retail","Studie"],"articleSection":["RETAIL"],"inLanguage":"de"},{"@type":"WebPage","@id":"https:\/\/www.immobilienbusiness.ch\/fr\/retail\/2017-01-06\/credit-suisse-retail-outlook-detailhandel-schweiz-stagnation5682-2\/","url":"https:\/\/www.immobilienbusiness.ch\/fr\/retail\/2017-01-06\/credit-suisse-retail-outlook-detailhandel-schweiz-stagnation5682-2\/","name":"Credit Suisse Retail Outlook: Stagnation im Detailhandel - IMMOBILIEN Business","isPartOf":{"@id":"https:\/\/www.immobilienbusiness.ch\/#website"},"primaryImageOfPage":{"@id":"https:\/\/www.immobilienbusiness.ch\/fr\/retail\/2017-01-06\/credit-suisse-retail-outlook-detailhandel-schweiz-stagnation5682-2\/#primaryimage"},"image":{"@id":"https:\/\/www.immobilienbusiness.ch\/fr\/retail\/2017-01-06\/credit-suisse-retail-outlook-detailhandel-schweiz-stagnation5682-2\/#primaryimage"},"thumbnailUrl":"https:\/\/www.immobilienbusiness.ch\/wp-content\/uploads\/2017\/01\/Depositphotos_21825645_l-2015.jpg","datePublished":"2017-01-06T08:13:49+00:00","description":"F\u00fcr 2017 rechnet die Credit Suisse damit, dass die Ums\u00e4tze im Schweizer Detailhandel stagnieren. Dies geht aus dem aktuellen Retail Outlook 2017 hervor.","breadcrumb":{"@id":"https:\/\/www.immobilienbusiness.ch\/fr\/retail\/2017-01-06\/credit-suisse-retail-outlook-detailhandel-schweiz-stagnation5682-2\/#breadcrumb"},"inLanguage":"de","potentialAction":[{"@type":"ReadAction","target":["https:\/\/www.immobilienbusiness.ch\/fr\/retail\/2017-01-06\/credit-suisse-retail-outlook-detailhandel-schweiz-stagnation5682-2\/"]}]},{"@type":"ImageObject","inLanguage":"de","@id":"https:\/\/www.immobilienbusiness.ch\/fr\/retail\/2017-01-06\/credit-suisse-retail-outlook-detailhandel-schweiz-stagnation5682-2\/#primaryimage","url":"https:\/\/www.immobilienbusiness.ch\/wp-content\/uploads\/2017\/01\/Depositphotos_21825645_l-2015.jpg","contentUrl":"https:\/\/www.immobilienbusiness.ch\/wp-content\/uploads\/2017\/01\/Depositphotos_21825645_l-2015.jpg","width":2000,"height":1430,"caption":"Der Fonds hat letztes Jahr kr\u00e4ftig eingekauft (Foto: gpointstudio - depositphotos)"},{"@type":"BreadcrumbList","@id":"https:\/\/www.immobilienbusiness.ch\/fr\/retail\/2017-01-06\/credit-suisse-retail-outlook-detailhandel-schweiz-stagnation5682-2\/#breadcrumb","itemListElement":[{"@type":"ListItem","position":1,"name":"Home","item":"https:\/\/www.immobilienbusiness.ch\/"},{"@type":"ListItem","position":2,"name":"Credit Suisse Retail Outlook: Stagnation im Detailhandel"}]},{"@type":"WebSite","@id":"https:\/\/www.immobilienbusiness.ch\/#website","url":"https:\/\/www.immobilienbusiness.ch\/","name":"IMMOBILIEN Business","description":"Unabh\u00e4ngiges Schweizer Wirtschaftsmagazin mit Fokus auf Immobilien, Architektur- und Bau sowie Investment- und Finanzierung.","publisher":{"@id":"https:\/\/www.immobilienbusiness.ch\/#organization"},"potentialAction":[{"@type":"SearchAction","target":{"@type":"EntryPoint","urlTemplate":"https:\/\/www.immobilienbusiness.ch\/?s={search_term_string}"},"query-input":{"@type":"PropertyValueSpecification","valueRequired":true,"valueName":"search_term_string"}}],"inLanguage":"de"},{"@type":"Organization","@id":"https:\/\/www.immobilienbusiness.ch\/#organization","name":"IMMOBILIEN Business","url":"https:\/\/www.immobilienbusiness.ch\/","logo":{"@type":"ImageObject","inLanguage":"de","@id":"https:\/\/www.immobilienbusiness.ch\/#\/schema\/logo\/image\/","url":"https:\/\/www.immobilienbusiness.ch\/wp-content\/uploads\/2021\/07\/logo_ib.png","contentUrl":"https:\/\/www.immobilienbusiness.ch\/wp-content\/uploads\/2021\/07\/logo_ib.png","width":800,"height":181,"caption":"IMMOBILIEN Business"},"image":{"@id":"https:\/\/www.immobilienbusiness.ch\/#\/schema\/logo\/image\/"},"sameAs":["https:\/\/www.facebook.com\/immobilienbusiness\/"]},{"@type":"Person","@id":"https:\/\/www.immobilienbusiness.ch\/#\/schema\/person\/3fc036297b10b9f42d6db5ee932af8c8","name":"anja.hall","image":{"@type":"ImageObject","inLanguage":"de","@id":"https:\/\/secure.gravatar.com\/avatar\/066b5a0d447013502c71a5782f4f3469f03cfe595cc2329fb94652fe47511bfb?s=96&d=mm&r=g","url":"https:\/\/secure.gravatar.com\/avatar\/066b5a0d447013502c71a5782f4f3469f03cfe595cc2329fb94652fe47511bfb?s=96&d=mm&r=g","contentUrl":"https:\/\/secure.gravatar.com\/avatar\/066b5a0d447013502c71a5782f4f3469f03cfe595cc2329fb94652fe47511bfb?s=96&d=mm&r=g","caption":"anja.hall"},"url":"https:\/\/www.immobilienbusiness.ch\/de\/author\/anja-hall\/"}]}},"_links":{"self":[{"href":"https:\/\/www.immobilienbusiness.ch\/de\/wp-json\/wp\/v2\/posts\/5682","targetHints":{"allow":["GET"]}}],"collection":[{"href":"https:\/\/www.immobilienbusiness.ch\/de\/wp-json\/wp\/v2\/posts"}],"about":[{"href":"https:\/\/www.immobilienbusiness.ch\/de\/wp-json\/wp\/v2\/types\/post"}],"author":[{"embeddable":true,"href":"https:\/\/www.immobilienbusiness.ch\/de\/wp-json\/wp\/v2\/users\/3"}],"replies":[{"embeddable":true,"href":"https:\/\/www.immobilienbusiness.ch\/de\/wp-json\/wp\/v2\/comments?post=5682"}],"version-history":[{"count":0,"href":"https:\/\/www.immobilienbusiness.ch\/de\/wp-json\/wp\/v2\/posts\/5682\/revisions"}],"wp:featuredmedia":[{"embeddable":true,"href":"https:\/\/www.immobilienbusiness.ch\/de\/wp-json\/wp\/v2\/media\/5683"}],"wp:attachment":[{"href":"https:\/\/www.immobilienbusiness.ch\/de\/wp-json\/wp\/v2\/media?parent=5682"}],"wp:term":[{"taxonomy":"category","embeddable":true,"href":"https:\/\/www.immobilienbusiness.ch\/de\/wp-json\/wp\/v2\/categories?post=5682"},{"taxonomy":"post_tag","embeddable":true,"href":"https:\/\/www.immobilienbusiness.ch\/de\/wp-json\/wp\/v2\/tags?post=5682"}],"curies":[{"name":"wp","href":"https:\/\/api.w.org\/{rel}","templated":true}]}}