{"id":56670,"date":"2024-04-10T08:24:04","date_gmt":"2024-04-10T06:24:04","guid":{"rendered":"https:\/\/www.immobilienbusiness.ch\/?p=56670"},"modified":"2024-08-21T08:06:18","modified_gmt":"2024-08-21T06:06:18","slug":"swisscanto-ast-erhoeht-allokation-in-zuerich","status":"publish","type":"post","link":"https:\/\/www.immobilienbusiness.ch\/de\/unternehmen\/2024-04-10\/swisscanto-ast-erhoeht-allokation-in-zuerich\/","title":{"rendered":"Swisscanto AST erh\u00f6ht Allokation in Z\u00fcrich"},"content":{"rendered":"<figure id=\"attachment_56680\" aria-describedby=\"caption-attachment-56680\" style=\"width: 1400px\" class=\"wp-caption alignnone\"><a href=\"https:\/\/www.immobilienbusiness.ch\/wp-content\/uploads\/2024\/04\/Swisscanto-scaled.jpeg\"><img loading=\"lazy\" decoding=\"async\" class=\"wp-image-56680 size-full\" src=\"https:\/\/www.immobilienbusiness.ch\/wp-content\/uploads\/2024\/04\/Swisscanto-scaled.jpeg\" alt=\"Eschenpark Z\u00fcrich-Oerlikon\" width=\"1400\" height=\"954\" srcset=\"https:\/\/www.immobilienbusiness.ch\/wp-content\/uploads\/2024\/04\/Swisscanto-scaled.jpeg 1200w, https:\/\/www.immobilienbusiness.ch\/wp-content\/uploads\/2024\/04\/Swisscanto-300x204.jpeg 300w, https:\/\/www.immobilienbusiness.ch\/wp-content\/uploads\/2024\/04\/Swisscanto-1024x698.jpeg 1024w, https:\/\/www.immobilienbusiness.ch\/wp-content\/uploads\/2024\/04\/Swisscanto-768x523.jpeg 768w, https:\/\/www.immobilienbusiness.ch\/wp-content\/uploads\/2024\/04\/Swisscanto-18x12.jpeg 18w, https:\/\/www.immobilienbusiness.ch\/wp-content\/uploads\/2024\/04\/Swisscanto-375x256.jpeg 375w, https:\/\/www.immobilienbusiness.ch\/wp-content\/uploads\/2024\/04\/Swisscanto-514x350.jpeg 514w, https:\/\/www.immobilienbusiness.ch\/wp-content\/uploads\/2024\/04\/Swisscanto-1000x681.jpeg 1000w\" sizes=\"auto, (max-width: 1400px) 100vw, 1400px\" \/><\/a><figcaption id=\"caption-attachment-56680\" class=\"wp-caption-text\">Die \u00dcberbauung Am Eschenpark in Z\u00fcrich-Oerlikon (Bild: zVg)<\/figcaption><\/figure>\n<p>Die Anlagegruppe erwarb im August 2023 in Z\u00fcrich die \u00dcberbauungen \u00abHardturmpark\u00bb im Escher-Wyss Quartier in Z\u00fcrich-West (117 Wohnungen, Gewerbefl\u00e4chen im EG) sowie \u00abAm Eschenpark\u00bb in Neu-Oerlikon (94 Mietwohnungen). Gem\u00e4ss Angaben der Swisscanto AST erf\u00fcllen beide Liegenschaften hohe Nachhaltigkeitskriterien (Minergie, Fernw\u00e4rme) und verf\u00fcgen \u00fcber Mietzinspotenzial. Desweiteren hat die Anlagegruppe per M\u00e4rz 2024 in der Stadt Z\u00fcrich das Immobilienportfolio der Vorsorgestiftung Bally im Rahmen einer Sacheinlage \u00fcbernommen: Es besteht aus zwei vollvermietete Wohnliegenschaften (1 Neubau in Hirslanden, 1 \u00e4ltere Liegenschaft in H\u00f6ngg) mit 34 Wohnungen.<\/p>\n<p>Die ertragswirksamen Portfoliozug\u00e4nge im Z\u00fcrcher Wohnsegment erm\u00f6glichten aus Allokationssicht den Verkauf des Wohnbauprojekts Harsplen in Z\u00fcrich-Witikon per Anfang April 2024, teilt der Stiftungsrat mit. Verkauft wurden das Areal Harsplen und auch die Rechte f\u00fcr das bestehende Projekt mit rund 370 geplanten Wohnungen.<br \/>\nDesweiteren verkaufte die Anlagegruppe per Ende Januar 2024 die fr\u00fchere Globus-Liegenschaft an der Via Largo F. Zorzi 4 in Locarno inklusive der dazugeh\u00f6rigen Parking-Einheiten an der Via delle Monache 8 an einen lokalen Immobilienentwickler. Zum 1.4.2024 ver\u00e4usserte die Anlagegruppe zusammen mit dem Miteigent\u00fcmer (je 50%-Miteigentumsanteil) das Einkaufszentrum Maladi\u00e8re in Neuch\u00e2tel an den Hauptnutzer. Den Angaben zufolge erfolgten beide Verk\u00e4ufe nach dem \u00abBest Owner\u00bb-Prinzip. Auf der Akquisitionsseite habe man den Miteigentumsanteil an der Liegenschaft Bahnhofstrasse 71 in Z\u00fcrich im zweiten Halbjahr 2023 von 26 auf 33 Prozent erh\u00f6ht.<\/p>\n<h3>Allokation Wohnen und Z\u00fcrich aufgestockt<\/h3>\n<p>Den gesch\u00e4tzten Marktwert aller Portfoliozug\u00e4nge im laufenden Gesch\u00e4ftsjahr beziffert die Anlagegruppe auf rund 350 Mio. CHF (3,7% des Immobilienverm\u00f6gens per 30.6.23), die erzielten Verkaufserl\u00f6se auf rund 315 Mio. CHF. \u00abInsgesamt konnte durch diese Transaktionen die Portfolioqualit\u00e4t der Anlagegruppe weiter gest\u00e4rkt werden\u00bb, schreibt der Stiftungsrat und verweist darauf, dass sich alle Zuk\u00e4ufe an guten Lagen in Z\u00fcrich befinden und die Mietertr\u00e4ge vornehmlich aus dem Wohnsegment stammen, was eine \u00fcberdurchschnittliche Ertragsstabilit\u00e4t verspreche. Mit den Devestitionen habe man auf der anderen Seite das Exposure im volatileren Retail-Sektor und im Tessin reduziert. <em>(bw)<\/em><\/p>\n","protected":false},"excerpt":{"rendered":"<p>Die Anlagegruppe Swisscanto AST Immobilien Responsible Schweiz hat im laufenden Gesch\u00e4ftsjahr 2023\/24 ihr Portfolio in Z\u00fcrich erweitert; gleichzeitig wurden Retail-Liegenschaften im Tessin und in Neuenburg sowie eine grosse Projektentwicklung in Z\u00fcrich verkauft.<\/p>\n","protected":false},"author":102,"featured_media":56680,"comment_status":"closed","ping_status":"closed","sticky":false,"template":"","format":"standard","meta":{"_acf_changed":false,"_yoast_wpseo_focuskw":"Eschenpark Z\u00fcrich-Oerlikon","_yoast_wpseo_title":"","_yoast_wpseo_metadesc":"\u00dcberbauung Am Eschenpark: Swisscanto AST erwirbt 94 Mietwohnungen, hohe Nachhaltigkeitskriterien, Mietzinspotenzial, Portfolioqualit\u00e4t gest\u00e4rkt.","_yoast_wpseo_linkdex":64,"pgc_sgb_lightbox_settings":"","footnotes":""},"categories":[988],"tags":[1030,1414,1449,1492,1520,1643,1765,1888],"class_list":["post-56670","post","type-post","status-publish","format-standard","has-post-thumbnail","hentry","category-unternehmen","tag-anlagestiftung","tag-kauf","tag-locarno","tag-mietwohnungen","tag-neuenburg","tag-retail","tag-swisscanto","tag-zuerich"],"acf":[],"yoast_head":"<!-- This site is optimized with the Yoast SEO plugin v27.4 - https:\/\/yoast.com\/product\/yoast-seo-wordpress\/ -->\n<title>Swisscanto AST erh\u00f6ht Allokation in Z\u00fcrich - IMMOBILIEN Business<\/title>\n<meta name=\"description\" content=\"\u00dcberbauung Am Eschenpark: Swisscanto AST erwirbt 94 Mietwohnungen, hohe Nachhaltigkeitskriterien, Mietzinspotenzial, Portfolioqualit\u00e4t gest\u00e4rkt.\" \/>\n<meta name=\"robots\" content=\"index, follow, max-snippet:-1, max-image-preview:large, max-video-preview:-1\" \/>\n<link rel=\"canonical\" href=\"https:\/\/www.immobilienbusiness.ch\/de\/unternehmen\/2024-04-10\/swisscanto-ast-erhoeht-allokation-in-zuerich\/\" \/>\n<meta property=\"og:locale\" content=\"de_DE\" \/>\n<meta property=\"og:type\" content=\"article\" \/>\n<meta property=\"og:title\" content=\"Swisscanto AST erh\u00f6ht Allokation in Z\u00fcrich - IMMOBILIEN Business\" \/>\n<meta property=\"og:description\" content=\"\u00dcberbauung Am Eschenpark: Swisscanto AST erwirbt 94 Mietwohnungen, hohe Nachhaltigkeitskriterien, Mietzinspotenzial, Portfolioqualit\u00e4t gest\u00e4rkt.\" \/>\n<meta property=\"og:url\" content=\"https:\/\/www.immobilienbusiness.ch\/de\/unternehmen\/2024-04-10\/swisscanto-ast-erhoeht-allokation-in-zuerich\/\" \/>\n<meta property=\"og:site_name\" content=\"IMMOBILIEN Business\" \/>\n<meta property=\"article:publisher\" content=\"https:\/\/www.facebook.com\/immobilienbusiness\/\" \/>\n<meta property=\"article:published_time\" content=\"2024-04-10T06:24:04+00:00\" \/>\n<meta property=\"article:modified_time\" content=\"2024-08-21T06:06:18+00:00\" \/>\n<meta property=\"og:image\" content=\"https:\/\/www.immobilienbusiness.ch\/wp-content\/uploads\/2024\/04\/Swisscanto-scaled.jpeg\" \/>\n\t<meta property=\"og:image:width\" content=\"1200\" \/>\n\t<meta property=\"og:image:height\" content=\"818\" \/>\n\t<meta property=\"og:image:type\" content=\"image\/jpeg\" \/>\n<meta name=\"author\" content=\"Alexander Wachter\" \/>\n<meta name=\"twitter:card\" content=\"summary_large_image\" \/>\n<script type=\"application\/ld+json\" class=\"yoast-schema-graph\">{\"@context\":\"https:\\\/\\\/schema.org\",\"@graph\":[{\"@type\":\"Article\",\"@id\":\"https:\\\/\\\/www.immobilienbusiness.ch\\\/de\\\/unternehmen\\\/2024-04-10\\\/swisscanto-ast-erhoeht-allokation-in-zuerich\\\/#article\",\"isPartOf\":{\"@id\":\"https:\\\/\\\/www.immobilienbusiness.ch\\\/de\\\/unternehmen\\\/2024-04-10\\\/swisscanto-ast-erhoeht-allokation-in-zuerich\\\/\"},\"author\":{\"name\":\"Alexander Wachter\",\"@id\":\"https:\\\/\\\/www.immobilienbusiness.ch\\\/#\\\/schema\\\/person\\\/aba8bea2db926aa0c24c08c43fe1fcd5\"},\"headline\":\"Swisscanto AST erh\u00f6ht Allokation in Z\u00fcrich\",\"datePublished\":\"2024-04-10T06:24:04+00:00\",\"dateModified\":\"2024-08-21T06:06:18+00:00\",\"mainEntityOfPage\":{\"@id\":\"https:\\\/\\\/www.immobilienbusiness.ch\\\/de\\\/unternehmen\\\/2024-04-10\\\/swisscanto-ast-erhoeht-allokation-in-zuerich\\\/\"},\"wordCount\":346,\"publisher\":{\"@id\":\"https:\\\/\\\/www.immobilienbusiness.ch\\\/#organization\"},\"image\":{\"@id\":\"https:\\\/\\\/www.immobilienbusiness.ch\\\/de\\\/unternehmen\\\/2024-04-10\\\/swisscanto-ast-erhoeht-allokation-in-zuerich\\\/#primaryimage\"},\"thumbnailUrl\":\"https:\\\/\\\/www.immobilienbusiness.ch\\\/wp-content\\\/uploads\\\/2024\\\/04\\\/Swisscanto-scaled.jpeg\",\"keywords\":[\"Anlagestiftung\",\"Kauf\",\"Locarno\",\"Mietwohnungen\",\"Neuenburg\",\"Retail\",\"Swisscanto\",\"Z\u00fcrich\"],\"articleSection\":[\"UNTERNEHMEN\"],\"inLanguage\":\"de\"},{\"@type\":\"WebPage\",\"@id\":\"https:\\\/\\\/www.immobilienbusiness.ch\\\/de\\\/unternehmen\\\/2024-04-10\\\/swisscanto-ast-erhoeht-allokation-in-zuerich\\\/\",\"url\":\"https:\\\/\\\/www.immobilienbusiness.ch\\\/de\\\/unternehmen\\\/2024-04-10\\\/swisscanto-ast-erhoeht-allokation-in-zuerich\\\/\",\"name\":\"Swisscanto AST erh\u00f6ht Allokation in Z\u00fcrich - IMMOBILIEN Business\",\"isPartOf\":{\"@id\":\"https:\\\/\\\/www.immobilienbusiness.ch\\\/#website\"},\"primaryImageOfPage\":{\"@id\":\"https:\\\/\\\/www.immobilienbusiness.ch\\\/de\\\/unternehmen\\\/2024-04-10\\\/swisscanto-ast-erhoeht-allokation-in-zuerich\\\/#primaryimage\"},\"image\":{\"@id\":\"https:\\\/\\\/www.immobilienbusiness.ch\\\/de\\\/unternehmen\\\/2024-04-10\\\/swisscanto-ast-erhoeht-allokation-in-zuerich\\\/#primaryimage\"},\"thumbnailUrl\":\"https:\\\/\\\/www.immobilienbusiness.ch\\\/wp-content\\\/uploads\\\/2024\\\/04\\\/Swisscanto-scaled.jpeg\",\"datePublished\":\"2024-04-10T06:24:04+00:00\",\"dateModified\":\"2024-08-21T06:06:18+00:00\",\"description\":\"\u00dcberbauung Am Eschenpark: Swisscanto AST erwirbt 94 Mietwohnungen, hohe Nachhaltigkeitskriterien, Mietzinspotenzial, Portfolioqualit\u00e4t gest\u00e4rkt.\",\"breadcrumb\":{\"@id\":\"https:\\\/\\\/www.immobilienbusiness.ch\\\/de\\\/unternehmen\\\/2024-04-10\\\/swisscanto-ast-erhoeht-allokation-in-zuerich\\\/#breadcrumb\"},\"inLanguage\":\"de\",\"potentialAction\":[{\"@type\":\"ReadAction\",\"target\":[\"https:\\\/\\\/www.immobilienbusiness.ch\\\/de\\\/unternehmen\\\/2024-04-10\\\/swisscanto-ast-erhoeht-allokation-in-zuerich\\\/\"]}]},{\"@type\":\"ImageObject\",\"inLanguage\":\"de\",\"@id\":\"https:\\\/\\\/www.immobilienbusiness.ch\\\/de\\\/unternehmen\\\/2024-04-10\\\/swisscanto-ast-erhoeht-allokation-in-zuerich\\\/#primaryimage\",\"url\":\"https:\\\/\\\/www.immobilienbusiness.ch\\\/wp-content\\\/uploads\\\/2024\\\/04\\\/Swisscanto-scaled.jpeg\",\"contentUrl\":\"https:\\\/\\\/www.immobilienbusiness.ch\\\/wp-content\\\/uploads\\\/2024\\\/04\\\/Swisscanto-scaled.jpeg\",\"width\":1200,\"height\":818,\"caption\":\"Die \u00dcberbauung Am Eschenpark in Z\u00fcrich-Oerlikon (Bild: zVg)\"},{\"@type\":\"BreadcrumbList\",\"@id\":\"https:\\\/\\\/www.immobilienbusiness.ch\\\/de\\\/unternehmen\\\/2024-04-10\\\/swisscanto-ast-erhoeht-allokation-in-zuerich\\\/#breadcrumb\",\"itemListElement\":[{\"@type\":\"ListItem\",\"position\":1,\"name\":\"Home\",\"item\":\"https:\\\/\\\/www.immobilienbusiness.ch\\\/\"},{\"@type\":\"ListItem\",\"position\":2,\"name\":\"Swisscanto AST erh\u00f6ht Allokation in Z\u00fcrich\"}]},{\"@type\":\"WebSite\",\"@id\":\"https:\\\/\\\/www.immobilienbusiness.ch\\\/#website\",\"url\":\"https:\\\/\\\/www.immobilienbusiness.ch\\\/\",\"name\":\"IMMOBILIEN Business\",\"description\":\"Unabh\u00e4ngiges Schweizer Wirtschaftsmagazin mit Fokus auf Immobilien, Architektur- und Bau sowie Investment- und Finanzierung.\",\"publisher\":{\"@id\":\"https:\\\/\\\/www.immobilienbusiness.ch\\\/#organization\"},\"potentialAction\":[{\"@type\":\"SearchAction\",\"target\":{\"@type\":\"EntryPoint\",\"urlTemplate\":\"https:\\\/\\\/www.immobilienbusiness.ch\\\/?s={search_term_string}\"},\"query-input\":{\"@type\":\"PropertyValueSpecification\",\"valueRequired\":true,\"valueName\":\"search_term_string\"}}],\"inLanguage\":\"de\"},{\"@type\":\"Organization\",\"@id\":\"https:\\\/\\\/www.immobilienbusiness.ch\\\/#organization\",\"name\":\"IMMOBILIEN Business\",\"url\":\"https:\\\/\\\/www.immobilienbusiness.ch\\\/\",\"logo\":{\"@type\":\"ImageObject\",\"inLanguage\":\"de\",\"@id\":\"https:\\\/\\\/www.immobilienbusiness.ch\\\/#\\\/schema\\\/logo\\\/image\\\/\",\"url\":\"https:\\\/\\\/www.immobilienbusiness.ch\\\/wp-content\\\/uploads\\\/2021\\\/07\\\/logo_ib.png\",\"contentUrl\":\"https:\\\/\\\/www.immobilienbusiness.ch\\\/wp-content\\\/uploads\\\/2021\\\/07\\\/logo_ib.png\",\"width\":800,\"height\":181,\"caption\":\"IMMOBILIEN Business\"},\"image\":{\"@id\":\"https:\\\/\\\/www.immobilienbusiness.ch\\\/#\\\/schema\\\/logo\\\/image\\\/\"},\"sameAs\":[\"https:\\\/\\\/www.facebook.com\\\/immobilienbusiness\\\/\"]},{\"@type\":\"Person\",\"@id\":\"https:\\\/\\\/www.immobilienbusiness.ch\\\/#\\\/schema\\\/person\\\/aba8bea2db926aa0c24c08c43fe1fcd5\",\"name\":\"Alexander Wachter\",\"image\":{\"@type\":\"ImageObject\",\"inLanguage\":\"de\",\"@id\":\"https:\\\/\\\/secure.gravatar.com\\\/avatar\\\/1a09e471f5389b0e0a6416eac287e0927c7c97a7b77f9e787eba3af7aee281dd?s=96&d=mm&r=g\",\"url\":\"https:\\\/\\\/secure.gravatar.com\\\/avatar\\\/1a09e471f5389b0e0a6416eac287e0927c7c97a7b77f9e787eba3af7aee281dd?s=96&d=mm&r=g\",\"contentUrl\":\"https:\\\/\\\/secure.gravatar.com\\\/avatar\\\/1a09e471f5389b0e0a6416eac287e0927c7c97a7b77f9e787eba3af7aee281dd?s=96&d=mm&r=g\",\"caption\":\"Alexander Wachter\"},\"url\":\"https:\\\/\\\/www.immobilienbusiness.ch\\\/de\\\/author\\\/alexander-wachter\\\/\"}]}<\/script>\n<!-- \/ Yoast SEO plugin. -->","yoast_head_json":{"title":"Swisscanto AST erh\u00f6ht Allokation in Z\u00fcrich - IMMOBILIEN Business","description":"\u00dcberbauung Am Eschenpark: Swisscanto AST erwirbt 94 Mietwohnungen, hohe Nachhaltigkeitskriterien, Mietzinspotenzial, Portfolioqualit\u00e4t gest\u00e4rkt.","robots":{"index":"index","follow":"follow","max-snippet":"max-snippet:-1","max-image-preview":"max-image-preview:large","max-video-preview":"max-video-preview:-1"},"canonical":"https:\/\/www.immobilienbusiness.ch\/de\/unternehmen\/2024-04-10\/swisscanto-ast-erhoeht-allokation-in-zuerich\/","og_locale":"de_DE","og_type":"article","og_title":"Swisscanto AST erh\u00f6ht Allokation in Z\u00fcrich - IMMOBILIEN Business","og_description":"\u00dcberbauung Am Eschenpark: Swisscanto AST erwirbt 94 Mietwohnungen, hohe Nachhaltigkeitskriterien, Mietzinspotenzial, Portfolioqualit\u00e4t gest\u00e4rkt.","og_url":"https:\/\/www.immobilienbusiness.ch\/de\/unternehmen\/2024-04-10\/swisscanto-ast-erhoeht-allokation-in-zuerich\/","og_site_name":"IMMOBILIEN Business","article_publisher":"https:\/\/www.facebook.com\/immobilienbusiness\/","article_published_time":"2024-04-10T06:24:04+00:00","article_modified_time":"2024-08-21T06:06:18+00:00","og_image":[{"width":1200,"height":818,"url":"https:\/\/www.immobilienbusiness.ch\/wp-content\/uploads\/2024\/04\/Swisscanto-scaled.jpeg","type":"image\/jpeg"}],"author":"Alexander Wachter","twitter_card":"summary_large_image","schema":{"@context":"https:\/\/schema.org","@graph":[{"@type":"Article","@id":"https:\/\/www.immobilienbusiness.ch\/de\/unternehmen\/2024-04-10\/swisscanto-ast-erhoeht-allokation-in-zuerich\/#article","isPartOf":{"@id":"https:\/\/www.immobilienbusiness.ch\/de\/unternehmen\/2024-04-10\/swisscanto-ast-erhoeht-allokation-in-zuerich\/"},"author":{"name":"Alexander Wachter","@id":"https:\/\/www.immobilienbusiness.ch\/#\/schema\/person\/aba8bea2db926aa0c24c08c43fe1fcd5"},"headline":"Swisscanto AST erh\u00f6ht Allokation in Z\u00fcrich","datePublished":"2024-04-10T06:24:04+00:00","dateModified":"2024-08-21T06:06:18+00:00","mainEntityOfPage":{"@id":"https:\/\/www.immobilienbusiness.ch\/de\/unternehmen\/2024-04-10\/swisscanto-ast-erhoeht-allokation-in-zuerich\/"},"wordCount":346,"publisher":{"@id":"https:\/\/www.immobilienbusiness.ch\/#organization"},"image":{"@id":"https:\/\/www.immobilienbusiness.ch\/de\/unternehmen\/2024-04-10\/swisscanto-ast-erhoeht-allokation-in-zuerich\/#primaryimage"},"thumbnailUrl":"https:\/\/www.immobilienbusiness.ch\/wp-content\/uploads\/2024\/04\/Swisscanto-scaled.jpeg","keywords":["Anlagestiftung","Kauf","Locarno","Mietwohnungen","Neuenburg","Retail","Swisscanto","Z\u00fcrich"],"articleSection":["UNTERNEHMEN"],"inLanguage":"de"},{"@type":"WebPage","@id":"https:\/\/www.immobilienbusiness.ch\/de\/unternehmen\/2024-04-10\/swisscanto-ast-erhoeht-allokation-in-zuerich\/","url":"https:\/\/www.immobilienbusiness.ch\/de\/unternehmen\/2024-04-10\/swisscanto-ast-erhoeht-allokation-in-zuerich\/","name":"Swisscanto AST erh\u00f6ht Allokation in Z\u00fcrich - IMMOBILIEN Business","isPartOf":{"@id":"https:\/\/www.immobilienbusiness.ch\/#website"},"primaryImageOfPage":{"@id":"https:\/\/www.immobilienbusiness.ch\/de\/unternehmen\/2024-04-10\/swisscanto-ast-erhoeht-allokation-in-zuerich\/#primaryimage"},"image":{"@id":"https:\/\/www.immobilienbusiness.ch\/de\/unternehmen\/2024-04-10\/swisscanto-ast-erhoeht-allokation-in-zuerich\/#primaryimage"},"thumbnailUrl":"https:\/\/www.immobilienbusiness.ch\/wp-content\/uploads\/2024\/04\/Swisscanto-scaled.jpeg","datePublished":"2024-04-10T06:24:04+00:00","dateModified":"2024-08-21T06:06:18+00:00","description":"\u00dcberbauung Am Eschenpark: Swisscanto AST erwirbt 94 Mietwohnungen, hohe Nachhaltigkeitskriterien, Mietzinspotenzial, Portfolioqualit\u00e4t gest\u00e4rkt.","breadcrumb":{"@id":"https:\/\/www.immobilienbusiness.ch\/de\/unternehmen\/2024-04-10\/swisscanto-ast-erhoeht-allokation-in-zuerich\/#breadcrumb"},"inLanguage":"de","potentialAction":[{"@type":"ReadAction","target":["https:\/\/www.immobilienbusiness.ch\/de\/unternehmen\/2024-04-10\/swisscanto-ast-erhoeht-allokation-in-zuerich\/"]}]},{"@type":"ImageObject","inLanguage":"de","@id":"https:\/\/www.immobilienbusiness.ch\/de\/unternehmen\/2024-04-10\/swisscanto-ast-erhoeht-allokation-in-zuerich\/#primaryimage","url":"https:\/\/www.immobilienbusiness.ch\/wp-content\/uploads\/2024\/04\/Swisscanto-scaled.jpeg","contentUrl":"https:\/\/www.immobilienbusiness.ch\/wp-content\/uploads\/2024\/04\/Swisscanto-scaled.jpeg","width":1200,"height":818,"caption":"Die \u00dcberbauung Am Eschenpark in Z\u00fcrich-Oerlikon (Bild: zVg)"},{"@type":"BreadcrumbList","@id":"https:\/\/www.immobilienbusiness.ch\/de\/unternehmen\/2024-04-10\/swisscanto-ast-erhoeht-allokation-in-zuerich\/#breadcrumb","itemListElement":[{"@type":"ListItem","position":1,"name":"Home","item":"https:\/\/www.immobilienbusiness.ch\/"},{"@type":"ListItem","position":2,"name":"Swisscanto AST erh\u00f6ht Allokation in Z\u00fcrich"}]},{"@type":"WebSite","@id":"https:\/\/www.immobilienbusiness.ch\/#website","url":"https:\/\/www.immobilienbusiness.ch\/","name":"IMMOBILIEN Business","description":"Unabh\u00e4ngiges Schweizer Wirtschaftsmagazin mit Fokus auf Immobilien, Architektur- und Bau sowie Investment- und Finanzierung.","publisher":{"@id":"https:\/\/www.immobilienbusiness.ch\/#organization"},"potentialAction":[{"@type":"SearchAction","target":{"@type":"EntryPoint","urlTemplate":"https:\/\/www.immobilienbusiness.ch\/?s={search_term_string}"},"query-input":{"@type":"PropertyValueSpecification","valueRequired":true,"valueName":"search_term_string"}}],"inLanguage":"de"},{"@type":"Organization","@id":"https:\/\/www.immobilienbusiness.ch\/#organization","name":"IMMOBILIEN Business","url":"https:\/\/www.immobilienbusiness.ch\/","logo":{"@type":"ImageObject","inLanguage":"de","@id":"https:\/\/www.immobilienbusiness.ch\/#\/schema\/logo\/image\/","url":"https:\/\/www.immobilienbusiness.ch\/wp-content\/uploads\/2021\/07\/logo_ib.png","contentUrl":"https:\/\/www.immobilienbusiness.ch\/wp-content\/uploads\/2021\/07\/logo_ib.png","width":800,"height":181,"caption":"IMMOBILIEN Business"},"image":{"@id":"https:\/\/www.immobilienbusiness.ch\/#\/schema\/logo\/image\/"},"sameAs":["https:\/\/www.facebook.com\/immobilienbusiness\/"]},{"@type":"Person","@id":"https:\/\/www.immobilienbusiness.ch\/#\/schema\/person\/aba8bea2db926aa0c24c08c43fe1fcd5","name":"Alexander Wachter","image":{"@type":"ImageObject","inLanguage":"de","@id":"https:\/\/secure.gravatar.com\/avatar\/1a09e471f5389b0e0a6416eac287e0927c7c97a7b77f9e787eba3af7aee281dd?s=96&d=mm&r=g","url":"https:\/\/secure.gravatar.com\/avatar\/1a09e471f5389b0e0a6416eac287e0927c7c97a7b77f9e787eba3af7aee281dd?s=96&d=mm&r=g","contentUrl":"https:\/\/secure.gravatar.com\/avatar\/1a09e471f5389b0e0a6416eac287e0927c7c97a7b77f9e787eba3af7aee281dd?s=96&d=mm&r=g","caption":"Alexander Wachter"},"url":"https:\/\/www.immobilienbusiness.ch\/de\/author\/alexander-wachter\/"}]}},"_links":{"self":[{"href":"https:\/\/www.immobilienbusiness.ch\/de\/wp-json\/wp\/v2\/posts\/56670","targetHints":{"allow":["GET"]}}],"collection":[{"href":"https:\/\/www.immobilienbusiness.ch\/de\/wp-json\/wp\/v2\/posts"}],"about":[{"href":"https:\/\/www.immobilienbusiness.ch\/de\/wp-json\/wp\/v2\/types\/post"}],"author":[{"embeddable":true,"href":"https:\/\/www.immobilienbusiness.ch\/de\/wp-json\/wp\/v2\/users\/102"}],"replies":[{"embeddable":true,"href":"https:\/\/www.immobilienbusiness.ch\/de\/wp-json\/wp\/v2\/comments?post=56670"}],"version-history":[{"count":5,"href":"https:\/\/www.immobilienbusiness.ch\/de\/wp-json\/wp\/v2\/posts\/56670\/revisions"}],"predecessor-version":[{"id":58985,"href":"https:\/\/www.immobilienbusiness.ch\/de\/wp-json\/wp\/v2\/posts\/56670\/revisions\/58985"}],"wp:featuredmedia":[{"embeddable":true,"href":"https:\/\/www.immobilienbusiness.ch\/de\/wp-json\/wp\/v2\/media\/56680"}],"wp:attachment":[{"href":"https:\/\/www.immobilienbusiness.ch\/de\/wp-json\/wp\/v2\/media?parent=56670"}],"wp:term":[{"taxonomy":"category","embeddable":true,"href":"https:\/\/www.immobilienbusiness.ch\/de\/wp-json\/wp\/v2\/categories?post=56670"},{"taxonomy":"post_tag","embeddable":true,"href":"https:\/\/www.immobilienbusiness.ch\/de\/wp-json\/wp\/v2\/tags?post=56670"}],"curies":[{"name":"wp","href":"https:\/\/api.w.org\/{rel}","templated":true}]}}