{"id":56065,"date":"2024-02-19T08:20:54","date_gmt":"2024-02-19T07:20:54","guid":{"rendered":"https:\/\/www.immobilienbusiness.ch\/?p=56065"},"modified":"2024-02-19T08:20:54","modified_gmt":"2024-02-19T07:20:54","slug":"bern-neue-nutzung-fuer-das-ptt-hochhaus","status":"publish","type":"post","link":"https:\/\/www.immobilienbusiness.ch\/de\/regionen\/2024-02-19\/bern-neue-nutzung-fuer-das-ptt-hochhaus\/","title":{"rendered":"Bern: Neue Nutzung f\u00fcr das PTT-Hochhaus"},"content":{"rendered":"<figure id=\"attachment_56066\" aria-describedby=\"caption-attachment-56066\" style=\"width: 1400px\" class=\"wp-caption alignnone\"><a href=\"https:\/\/www.immobilienbusiness.ch\/wp-content\/uploads\/2024\/02\/IB-374_Projekt_Bild_Wohnen_im_PTT-Hochhaus_Bern-scaled.jpg\"><img loading=\"lazy\" decoding=\"async\" class=\"size-full wp-image-56066\" src=\"https:\/\/www.immobilienbusiness.ch\/wp-content\/uploads\/2024\/02\/IB-374_Projekt_Bild_Wohnen_im_PTT-Hochhaus_Bern-scaled.jpg\" alt=\"\" width=\"1400\" height=\"787\" srcset=\"https:\/\/www.immobilienbusiness.ch\/wp-content\/uploads\/2024\/02\/IB-374_Projekt_Bild_Wohnen_im_PTT-Hochhaus_Bern-scaled.jpg 1200w, https:\/\/www.immobilienbusiness.ch\/wp-content\/uploads\/2024\/02\/IB-374_Projekt_Bild_Wohnen_im_PTT-Hochhaus_Bern-300x169.jpg 300w, https:\/\/www.immobilienbusiness.ch\/wp-content\/uploads\/2024\/02\/IB-374_Projekt_Bild_Wohnen_im_PTT-Hochhaus_Bern-1024x576.jpg 1024w, https:\/\/www.immobilienbusiness.ch\/wp-content\/uploads\/2024\/02\/IB-374_Projekt_Bild_Wohnen_im_PTT-Hochhaus_Bern-768x432.jpg 768w, https:\/\/www.immobilienbusiness.ch\/wp-content\/uploads\/2024\/02\/IB-374_Projekt_Bild_Wohnen_im_PTT-Hochhaus_Bern-1536x864.jpg 1536w, https:\/\/www.immobilienbusiness.ch\/wp-content\/uploads\/2024\/02\/IB-374_Projekt_Bild_Wohnen_im_PTT-Hochhaus_Bern-18x10.jpg 18w, https:\/\/www.immobilienbusiness.ch\/wp-content\/uploads\/2024\/02\/IB-374_Projekt_Bild_Wohnen_im_PTT-Hochhaus_Bern-375x211.jpg 375w, https:\/\/www.immobilienbusiness.ch\/wp-content\/uploads\/2024\/02\/IB-374_Projekt_Bild_Wohnen_im_PTT-Hochhaus_Bern-623x350.jpg 623w, https:\/\/www.immobilienbusiness.ch\/wp-content\/uploads\/2024\/02\/IB-374_Projekt_Bild_Wohnen_im_PTT-Hochhaus_Bern-1000x562.jpg 1000w\" sizes=\"auto, (max-width: 1400px) 100vw, 1400px\" \/><\/a><figcaption id=\"caption-attachment-56066\" class=\"wp-caption-text\">Das PTT-Hochhaus in Bern wird umgenutzt (Quelle: HRS Real Estate)<\/figcaption><\/figure>\n<p>Die von Pensimo gef\u00fchrte Anlagestiftung Turidomus und HRS Real Estate werden in den n\u00e4chsten beiden Jahren das Forschungs- und Entwicklungszentrum der ehemaligen PTT revitalisieren. Ab 2026 soll das markante Hochhaus im Osten Berns im Erdgeschoss eine Kindertagesst\u00e4tte und in den 17 Obergeschossen 87 loftartige Mietwohnungen (1,5-5,5 Zimmer) sowie eine gemeinschaftlich nutzbare Dachterrasse in 75 Metern H\u00f6he umfassen. Wie HRS mitteilt, werden die Wohnungen eine \u00fcberdurchschnittliche Raumh\u00f6he und einen soliden Ausbaustandard haben und einen \u00abgrandiosen Blick in die Berner Alpen\u00bb bieten.<\/p>\n<p>In den n\u00e4chsten Jahren wird die Busverbindung \u2013 eine Haltestelle befindet sich direkt vor dem Haus \u2013 durch eine neue Tramlinie ersetzt, mit der\u00a0die Berner Innenstadt innert weniger Minuten zu erreichen sein wird.\u00a0 Durch die Umnutzung der derzeit brachliegenden Gewerbe- und B\u00fcrofl\u00e4chen tr\u00e4gt das Geb\u00e4ude dazu bei, die bauliche Entwicklung nach innen und das Wohnungsangebot innerhalb der Stadtgrenzen zu f\u00f6rdern. Die Nutzung der bestehenden tragenden Strukturen reduziert die CO2-Emissionen f\u00fcr die Erstellung gegen\u00fcber einem Neubau erheblich. Fertigstellung und Bezug sind f\u00fcr Fr\u00fchling 2026 vorgesehen. <em>(bw)<\/em><\/p>\n","protected":false},"excerpt":{"rendered":"<p>Das Entwicklungszentrum der ehemaligen PTT, ein markantes Hochhaus im Osten von Bern, wird revitalisiert und zu einer Wohnliegenschaft umgebaut.<\/p>\n","protected":false},"author":3,"featured_media":56066,"comment_status":"closed","ping_status":"closed","sticky":false,"template":"","format":"standard","meta":{"_acf_changed":false,"_yoast_wpseo_focuskw":"PTT","_yoast_wpseo_title":"","_yoast_wpseo_metadesc":"Das Entwicklungszentrum der ehemaligen PTT, ein markantes Hochhaus im Osten von Bern, wird revitalisiert und zu einer Wohnliegenschaft umgebaut.","_yoast_wpseo_linkdex":60,"pgc_sgb_lightbox_settings":"","footnotes":""},"categories":[985],"tags":[1091,1600,1800,1863],"class_list":["post-56065","post","type-post","status-publish","format-standard","has-post-thumbnail","hentry","category-regionen","tag-bern","tag-projekt-in-planung","tag-umnutzung","tag-wohnimmobilien"],"acf":[],"yoast_head":"<!-- This site is optimized with the Yoast SEO plugin v27.4 - https:\/\/yoast.com\/product\/yoast-seo-wordpress\/ -->\n<title>Bern: Neue Nutzung f\u00fcr das PTT-Hochhaus - IMMOBILIEN Business<\/title>\n<meta name=\"description\" content=\"Das Entwicklungszentrum der ehemaligen PTT, ein markantes Hochhaus im Osten von Bern, wird revitalisiert und zu einer Wohnliegenschaft umgebaut.\" \/>\n<meta name=\"robots\" content=\"index, follow, max-snippet:-1, max-image-preview:large, max-video-preview:-1\" \/>\n<link rel=\"canonical\" href=\"https:\/\/www.immobilienbusiness.ch\/de\/regionen\/2024-02-19\/bern-neue-nutzung-fuer-das-ptt-hochhaus\/\" \/>\n<meta property=\"og:locale\" content=\"de_DE\" \/>\n<meta property=\"og:type\" content=\"article\" \/>\n<meta property=\"og:title\" content=\"Bern: Neue Nutzung f\u00fcr das PTT-Hochhaus - IMMOBILIEN Business\" \/>\n<meta property=\"og:description\" content=\"Das Entwicklungszentrum der ehemaligen PTT, ein markantes Hochhaus im Osten von Bern, wird revitalisiert und zu einer Wohnliegenschaft umgebaut.\" \/>\n<meta property=\"og:url\" content=\"https:\/\/www.immobilienbusiness.ch\/de\/regionen\/2024-02-19\/bern-neue-nutzung-fuer-das-ptt-hochhaus\/\" \/>\n<meta property=\"og:site_name\" content=\"IMMOBILIEN Business\" \/>\n<meta property=\"article:publisher\" content=\"https:\/\/www.facebook.com\/immobilienbusiness\/\" \/>\n<meta property=\"article:published_time\" content=\"2024-02-19T07:20:54+00:00\" \/>\n<meta property=\"og:image\" content=\"https:\/\/www.immobilienbusiness.ch\/wp-content\/uploads\/2024\/02\/IB-374_Projekt_Bild_Wohnen_im_PTT-Hochhaus_Bern-scaled.jpg\" \/>\n\t<meta property=\"og:image:width\" content=\"1200\" \/>\n\t<meta property=\"og:image:height\" content=\"675\" \/>\n\t<meta property=\"og:image:type\" content=\"image\/jpeg\" \/>\n<meta name=\"author\" content=\"anja.hall\" \/>\n<meta name=\"twitter:card\" content=\"summary_large_image\" \/>\n<script type=\"application\/ld+json\" class=\"yoast-schema-graph\">{\"@context\":\"https:\\\/\\\/schema.org\",\"@graph\":[{\"@type\":\"Article\",\"@id\":\"https:\\\/\\\/www.immobilienbusiness.ch\\\/de\\\/regionen\\\/2024-02-19\\\/bern-neue-nutzung-fuer-das-ptt-hochhaus\\\/#article\",\"isPartOf\":{\"@id\":\"https:\\\/\\\/www.immobilienbusiness.ch\\\/de\\\/regionen\\\/2024-02-19\\\/bern-neue-nutzung-fuer-das-ptt-hochhaus\\\/\"},\"author\":{\"name\":\"anja.hall\",\"@id\":\"https:\\\/\\\/www.immobilienbusiness.ch\\\/#\\\/schema\\\/person\\\/3fc036297b10b9f42d6db5ee932af8c8\"},\"headline\":\"Bern: Neue Nutzung f\u00fcr das PTT-Hochhaus\",\"datePublished\":\"2024-02-19T07:20:54+00:00\",\"mainEntityOfPage\":{\"@id\":\"https:\\\/\\\/www.immobilienbusiness.ch\\\/de\\\/regionen\\\/2024-02-19\\\/bern-neue-nutzung-fuer-das-ptt-hochhaus\\\/\"},\"wordCount\":199,\"publisher\":{\"@id\":\"https:\\\/\\\/www.immobilienbusiness.ch\\\/#organization\"},\"image\":{\"@id\":\"https:\\\/\\\/www.immobilienbusiness.ch\\\/de\\\/regionen\\\/2024-02-19\\\/bern-neue-nutzung-fuer-das-ptt-hochhaus\\\/#primaryimage\"},\"thumbnailUrl\":\"https:\\\/\\\/www.immobilienbusiness.ch\\\/wp-content\\\/uploads\\\/2024\\\/02\\\/IB-374_Projekt_Bild_Wohnen_im_PTT-Hochhaus_Bern-scaled.jpg\",\"keywords\":[\"Bern\",\"Projekt in Planung\",\"Umnutzung\",\"Wohnimmobilien\"],\"articleSection\":[\"REGIONEN\"],\"inLanguage\":\"de\"},{\"@type\":\"WebPage\",\"@id\":\"https:\\\/\\\/www.immobilienbusiness.ch\\\/de\\\/regionen\\\/2024-02-19\\\/bern-neue-nutzung-fuer-das-ptt-hochhaus\\\/\",\"url\":\"https:\\\/\\\/www.immobilienbusiness.ch\\\/de\\\/regionen\\\/2024-02-19\\\/bern-neue-nutzung-fuer-das-ptt-hochhaus\\\/\",\"name\":\"Bern: Neue Nutzung f\u00fcr das PTT-Hochhaus - IMMOBILIEN Business\",\"isPartOf\":{\"@id\":\"https:\\\/\\\/www.immobilienbusiness.ch\\\/#website\"},\"primaryImageOfPage\":{\"@id\":\"https:\\\/\\\/www.immobilienbusiness.ch\\\/de\\\/regionen\\\/2024-02-19\\\/bern-neue-nutzung-fuer-das-ptt-hochhaus\\\/#primaryimage\"},\"image\":{\"@id\":\"https:\\\/\\\/www.immobilienbusiness.ch\\\/de\\\/regionen\\\/2024-02-19\\\/bern-neue-nutzung-fuer-das-ptt-hochhaus\\\/#primaryimage\"},\"thumbnailUrl\":\"https:\\\/\\\/www.immobilienbusiness.ch\\\/wp-content\\\/uploads\\\/2024\\\/02\\\/IB-374_Projekt_Bild_Wohnen_im_PTT-Hochhaus_Bern-scaled.jpg\",\"datePublished\":\"2024-02-19T07:20:54+00:00\",\"description\":\"Das Entwicklungszentrum der ehemaligen PTT, ein markantes Hochhaus im Osten von Bern, wird revitalisiert und zu einer Wohnliegenschaft umgebaut.\",\"breadcrumb\":{\"@id\":\"https:\\\/\\\/www.immobilienbusiness.ch\\\/de\\\/regionen\\\/2024-02-19\\\/bern-neue-nutzung-fuer-das-ptt-hochhaus\\\/#breadcrumb\"},\"inLanguage\":\"de\",\"potentialAction\":[{\"@type\":\"ReadAction\",\"target\":[\"https:\\\/\\\/www.immobilienbusiness.ch\\\/de\\\/regionen\\\/2024-02-19\\\/bern-neue-nutzung-fuer-das-ptt-hochhaus\\\/\"]}]},{\"@type\":\"ImageObject\",\"inLanguage\":\"de\",\"@id\":\"https:\\\/\\\/www.immobilienbusiness.ch\\\/de\\\/regionen\\\/2024-02-19\\\/bern-neue-nutzung-fuer-das-ptt-hochhaus\\\/#primaryimage\",\"url\":\"https:\\\/\\\/www.immobilienbusiness.ch\\\/wp-content\\\/uploads\\\/2024\\\/02\\\/IB-374_Projekt_Bild_Wohnen_im_PTT-Hochhaus_Bern-scaled.jpg\",\"contentUrl\":\"https:\\\/\\\/www.immobilienbusiness.ch\\\/wp-content\\\/uploads\\\/2024\\\/02\\\/IB-374_Projekt_Bild_Wohnen_im_PTT-Hochhaus_Bern-scaled.jpg\",\"width\":1200,\"height\":675,\"caption\":\"Das PTT-Hochhaus in Bern wird umgenutzt (Quelle: HRS Real Estate)\"},{\"@type\":\"BreadcrumbList\",\"@id\":\"https:\\\/\\\/www.immobilienbusiness.ch\\\/de\\\/regionen\\\/2024-02-19\\\/bern-neue-nutzung-fuer-das-ptt-hochhaus\\\/#breadcrumb\",\"itemListElement\":[{\"@type\":\"ListItem\",\"position\":1,\"name\":\"Home\",\"item\":\"https:\\\/\\\/www.immobilienbusiness.ch\\\/\"},{\"@type\":\"ListItem\",\"position\":2,\"name\":\"Bern: Neue Nutzung f\u00fcr das PTT-Hochhaus\"}]},{\"@type\":\"WebSite\",\"@id\":\"https:\\\/\\\/www.immobilienbusiness.ch\\\/#website\",\"url\":\"https:\\\/\\\/www.immobilienbusiness.ch\\\/\",\"name\":\"IMMOBILIEN Business\",\"description\":\"Unabh\u00e4ngiges Schweizer Wirtschaftsmagazin mit Fokus auf Immobilien, Architektur- und Bau sowie Investment- und Finanzierung.\",\"publisher\":{\"@id\":\"https:\\\/\\\/www.immobilienbusiness.ch\\\/#organization\"},\"potentialAction\":[{\"@type\":\"SearchAction\",\"target\":{\"@type\":\"EntryPoint\",\"urlTemplate\":\"https:\\\/\\\/www.immobilienbusiness.ch\\\/?s={search_term_string}\"},\"query-input\":{\"@type\":\"PropertyValueSpecification\",\"valueRequired\":true,\"valueName\":\"search_term_string\"}}],\"inLanguage\":\"de\"},{\"@type\":\"Organization\",\"@id\":\"https:\\\/\\\/www.immobilienbusiness.ch\\\/#organization\",\"name\":\"IMMOBILIEN Business\",\"url\":\"https:\\\/\\\/www.immobilienbusiness.ch\\\/\",\"logo\":{\"@type\":\"ImageObject\",\"inLanguage\":\"de\",\"@id\":\"https:\\\/\\\/www.immobilienbusiness.ch\\\/#\\\/schema\\\/logo\\\/image\\\/\",\"url\":\"https:\\\/\\\/www.immobilienbusiness.ch\\\/wp-content\\\/uploads\\\/2021\\\/07\\\/logo_ib.png\",\"contentUrl\":\"https:\\\/\\\/www.immobilienbusiness.ch\\\/wp-content\\\/uploads\\\/2021\\\/07\\\/logo_ib.png\",\"width\":800,\"height\":181,\"caption\":\"IMMOBILIEN Business\"},\"image\":{\"@id\":\"https:\\\/\\\/www.immobilienbusiness.ch\\\/#\\\/schema\\\/logo\\\/image\\\/\"},\"sameAs\":[\"https:\\\/\\\/www.facebook.com\\\/immobilienbusiness\\\/\"]},{\"@type\":\"Person\",\"@id\":\"https:\\\/\\\/www.immobilienbusiness.ch\\\/#\\\/schema\\\/person\\\/3fc036297b10b9f42d6db5ee932af8c8\",\"name\":\"anja.hall\",\"image\":{\"@type\":\"ImageObject\",\"inLanguage\":\"de\",\"@id\":\"https:\\\/\\\/secure.gravatar.com\\\/avatar\\\/066b5a0d447013502c71a5782f4f3469f03cfe595cc2329fb94652fe47511bfb?s=96&d=mm&r=g\",\"url\":\"https:\\\/\\\/secure.gravatar.com\\\/avatar\\\/066b5a0d447013502c71a5782f4f3469f03cfe595cc2329fb94652fe47511bfb?s=96&d=mm&r=g\",\"contentUrl\":\"https:\\\/\\\/secure.gravatar.com\\\/avatar\\\/066b5a0d447013502c71a5782f4f3469f03cfe595cc2329fb94652fe47511bfb?s=96&d=mm&r=g\",\"caption\":\"anja.hall\"},\"url\":\"https:\\\/\\\/www.immobilienbusiness.ch\\\/de\\\/author\\\/anja-hall\\\/\"}]}<\/script>\n<!-- \/ Yoast SEO plugin. -->","yoast_head_json":{"title":"Bern: Neue Nutzung f\u00fcr das PTT-Hochhaus - IMMOBILIEN Business","description":"Das Entwicklungszentrum der ehemaligen PTT, ein markantes Hochhaus im Osten von Bern, wird revitalisiert und zu einer Wohnliegenschaft umgebaut.","robots":{"index":"index","follow":"follow","max-snippet":"max-snippet:-1","max-image-preview":"max-image-preview:large","max-video-preview":"max-video-preview:-1"},"canonical":"https:\/\/www.immobilienbusiness.ch\/de\/regionen\/2024-02-19\/bern-neue-nutzung-fuer-das-ptt-hochhaus\/","og_locale":"de_DE","og_type":"article","og_title":"Bern: Neue Nutzung f\u00fcr das PTT-Hochhaus - IMMOBILIEN Business","og_description":"Das Entwicklungszentrum der ehemaligen PTT, ein markantes Hochhaus im Osten von Bern, wird revitalisiert und zu einer Wohnliegenschaft umgebaut.","og_url":"https:\/\/www.immobilienbusiness.ch\/de\/regionen\/2024-02-19\/bern-neue-nutzung-fuer-das-ptt-hochhaus\/","og_site_name":"IMMOBILIEN Business","article_publisher":"https:\/\/www.facebook.com\/immobilienbusiness\/","article_published_time":"2024-02-19T07:20:54+00:00","og_image":[{"width":1200,"height":675,"url":"https:\/\/www.immobilienbusiness.ch\/wp-content\/uploads\/2024\/02\/IB-374_Projekt_Bild_Wohnen_im_PTT-Hochhaus_Bern-scaled.jpg","type":"image\/jpeg"}],"author":"anja.hall","twitter_card":"summary_large_image","schema":{"@context":"https:\/\/schema.org","@graph":[{"@type":"Article","@id":"https:\/\/www.immobilienbusiness.ch\/de\/regionen\/2024-02-19\/bern-neue-nutzung-fuer-das-ptt-hochhaus\/#article","isPartOf":{"@id":"https:\/\/www.immobilienbusiness.ch\/de\/regionen\/2024-02-19\/bern-neue-nutzung-fuer-das-ptt-hochhaus\/"},"author":{"name":"anja.hall","@id":"https:\/\/www.immobilienbusiness.ch\/#\/schema\/person\/3fc036297b10b9f42d6db5ee932af8c8"},"headline":"Bern: Neue Nutzung f\u00fcr das PTT-Hochhaus","datePublished":"2024-02-19T07:20:54+00:00","mainEntityOfPage":{"@id":"https:\/\/www.immobilienbusiness.ch\/de\/regionen\/2024-02-19\/bern-neue-nutzung-fuer-das-ptt-hochhaus\/"},"wordCount":199,"publisher":{"@id":"https:\/\/www.immobilienbusiness.ch\/#organization"},"image":{"@id":"https:\/\/www.immobilienbusiness.ch\/de\/regionen\/2024-02-19\/bern-neue-nutzung-fuer-das-ptt-hochhaus\/#primaryimage"},"thumbnailUrl":"https:\/\/www.immobilienbusiness.ch\/wp-content\/uploads\/2024\/02\/IB-374_Projekt_Bild_Wohnen_im_PTT-Hochhaus_Bern-scaled.jpg","keywords":["Bern","Projekt in Planung","Umnutzung","Wohnimmobilien"],"articleSection":["REGIONEN"],"inLanguage":"de"},{"@type":"WebPage","@id":"https:\/\/www.immobilienbusiness.ch\/de\/regionen\/2024-02-19\/bern-neue-nutzung-fuer-das-ptt-hochhaus\/","url":"https:\/\/www.immobilienbusiness.ch\/de\/regionen\/2024-02-19\/bern-neue-nutzung-fuer-das-ptt-hochhaus\/","name":"Bern: Neue Nutzung f\u00fcr das PTT-Hochhaus - IMMOBILIEN Business","isPartOf":{"@id":"https:\/\/www.immobilienbusiness.ch\/#website"},"primaryImageOfPage":{"@id":"https:\/\/www.immobilienbusiness.ch\/de\/regionen\/2024-02-19\/bern-neue-nutzung-fuer-das-ptt-hochhaus\/#primaryimage"},"image":{"@id":"https:\/\/www.immobilienbusiness.ch\/de\/regionen\/2024-02-19\/bern-neue-nutzung-fuer-das-ptt-hochhaus\/#primaryimage"},"thumbnailUrl":"https:\/\/www.immobilienbusiness.ch\/wp-content\/uploads\/2024\/02\/IB-374_Projekt_Bild_Wohnen_im_PTT-Hochhaus_Bern-scaled.jpg","datePublished":"2024-02-19T07:20:54+00:00","description":"Das Entwicklungszentrum der ehemaligen PTT, ein markantes Hochhaus im Osten von Bern, wird revitalisiert und zu einer Wohnliegenschaft umgebaut.","breadcrumb":{"@id":"https:\/\/www.immobilienbusiness.ch\/de\/regionen\/2024-02-19\/bern-neue-nutzung-fuer-das-ptt-hochhaus\/#breadcrumb"},"inLanguage":"de","potentialAction":[{"@type":"ReadAction","target":["https:\/\/www.immobilienbusiness.ch\/de\/regionen\/2024-02-19\/bern-neue-nutzung-fuer-das-ptt-hochhaus\/"]}]},{"@type":"ImageObject","inLanguage":"de","@id":"https:\/\/www.immobilienbusiness.ch\/de\/regionen\/2024-02-19\/bern-neue-nutzung-fuer-das-ptt-hochhaus\/#primaryimage","url":"https:\/\/www.immobilienbusiness.ch\/wp-content\/uploads\/2024\/02\/IB-374_Projekt_Bild_Wohnen_im_PTT-Hochhaus_Bern-scaled.jpg","contentUrl":"https:\/\/www.immobilienbusiness.ch\/wp-content\/uploads\/2024\/02\/IB-374_Projekt_Bild_Wohnen_im_PTT-Hochhaus_Bern-scaled.jpg","width":1200,"height":675,"caption":"Das PTT-Hochhaus in Bern wird umgenutzt (Quelle: HRS Real Estate)"},{"@type":"BreadcrumbList","@id":"https:\/\/www.immobilienbusiness.ch\/de\/regionen\/2024-02-19\/bern-neue-nutzung-fuer-das-ptt-hochhaus\/#breadcrumb","itemListElement":[{"@type":"ListItem","position":1,"name":"Home","item":"https:\/\/www.immobilienbusiness.ch\/"},{"@type":"ListItem","position":2,"name":"Bern: Neue Nutzung f\u00fcr das PTT-Hochhaus"}]},{"@type":"WebSite","@id":"https:\/\/www.immobilienbusiness.ch\/#website","url":"https:\/\/www.immobilienbusiness.ch\/","name":"IMMOBILIEN Business","description":"Unabh\u00e4ngiges Schweizer Wirtschaftsmagazin mit Fokus auf Immobilien, Architektur- und Bau sowie Investment- und Finanzierung.","publisher":{"@id":"https:\/\/www.immobilienbusiness.ch\/#organization"},"potentialAction":[{"@type":"SearchAction","target":{"@type":"EntryPoint","urlTemplate":"https:\/\/www.immobilienbusiness.ch\/?s={search_term_string}"},"query-input":{"@type":"PropertyValueSpecification","valueRequired":true,"valueName":"search_term_string"}}],"inLanguage":"de"},{"@type":"Organization","@id":"https:\/\/www.immobilienbusiness.ch\/#organization","name":"IMMOBILIEN Business","url":"https:\/\/www.immobilienbusiness.ch\/","logo":{"@type":"ImageObject","inLanguage":"de","@id":"https:\/\/www.immobilienbusiness.ch\/#\/schema\/logo\/image\/","url":"https:\/\/www.immobilienbusiness.ch\/wp-content\/uploads\/2021\/07\/logo_ib.png","contentUrl":"https:\/\/www.immobilienbusiness.ch\/wp-content\/uploads\/2021\/07\/logo_ib.png","width":800,"height":181,"caption":"IMMOBILIEN Business"},"image":{"@id":"https:\/\/www.immobilienbusiness.ch\/#\/schema\/logo\/image\/"},"sameAs":["https:\/\/www.facebook.com\/immobilienbusiness\/"]},{"@type":"Person","@id":"https:\/\/www.immobilienbusiness.ch\/#\/schema\/person\/3fc036297b10b9f42d6db5ee932af8c8","name":"anja.hall","image":{"@type":"ImageObject","inLanguage":"de","@id":"https:\/\/secure.gravatar.com\/avatar\/066b5a0d447013502c71a5782f4f3469f03cfe595cc2329fb94652fe47511bfb?s=96&d=mm&r=g","url":"https:\/\/secure.gravatar.com\/avatar\/066b5a0d447013502c71a5782f4f3469f03cfe595cc2329fb94652fe47511bfb?s=96&d=mm&r=g","contentUrl":"https:\/\/secure.gravatar.com\/avatar\/066b5a0d447013502c71a5782f4f3469f03cfe595cc2329fb94652fe47511bfb?s=96&d=mm&r=g","caption":"anja.hall"},"url":"https:\/\/www.immobilienbusiness.ch\/de\/author\/anja-hall\/"}]}},"_links":{"self":[{"href":"https:\/\/www.immobilienbusiness.ch\/de\/wp-json\/wp\/v2\/posts\/56065","targetHints":{"allow":["GET"]}}],"collection":[{"href":"https:\/\/www.immobilienbusiness.ch\/de\/wp-json\/wp\/v2\/posts"}],"about":[{"href":"https:\/\/www.immobilienbusiness.ch\/de\/wp-json\/wp\/v2\/types\/post"}],"author":[{"embeddable":true,"href":"https:\/\/www.immobilienbusiness.ch\/de\/wp-json\/wp\/v2\/users\/3"}],"replies":[{"embeddable":true,"href":"https:\/\/www.immobilienbusiness.ch\/de\/wp-json\/wp\/v2\/comments?post=56065"}],"version-history":[{"count":1,"href":"https:\/\/www.immobilienbusiness.ch\/de\/wp-json\/wp\/v2\/posts\/56065\/revisions"}],"predecessor-version":[{"id":56067,"href":"https:\/\/www.immobilienbusiness.ch\/de\/wp-json\/wp\/v2\/posts\/56065\/revisions\/56067"}],"wp:featuredmedia":[{"embeddable":true,"href":"https:\/\/www.immobilienbusiness.ch\/de\/wp-json\/wp\/v2\/media\/56066"}],"wp:attachment":[{"href":"https:\/\/www.immobilienbusiness.ch\/de\/wp-json\/wp\/v2\/media?parent=56065"}],"wp:term":[{"taxonomy":"category","embeddable":true,"href":"https:\/\/www.immobilienbusiness.ch\/de\/wp-json\/wp\/v2\/categories?post=56065"},{"taxonomy":"post_tag","embeddable":true,"href":"https:\/\/www.immobilienbusiness.ch\/de\/wp-json\/wp\/v2\/tags?post=56065"}],"curies":[{"name":"wp","href":"https:\/\/api.w.org\/{rel}","templated":true}]}}