{"id":55505,"date":"2024-01-18T09:29:56","date_gmt":"2024-01-18T08:29:56","guid":{"rendered":"https:\/\/www.immobilienbusiness.ch\/?p=55505"},"modified":"2024-01-18T09:30:44","modified_gmt":"2024-01-18T08:30:44","slug":"walde-immobilien-vollzieht-den-generationenwechsel","status":"publish","type":"post","link":"https:\/\/www.immobilienbusiness.ch\/de\/personalia\/2024-01-18\/walde-immobilien-vollzieht-den-generationenwechsel\/","title":{"rendered":"Walde Immobilien vollzieht den Generationenwechsel"},"content":{"rendered":"<figure id=\"attachment_55506\" aria-describedby=\"caption-attachment-55506\" style=\"width: 1400px\" class=\"wp-caption alignnone\"><a href=\"https:\/\/www.immobilienbusiness.ch\/wp-content\/uploads\/2024\/01\/Claudio-F.-Walde-scaled.jpg\"><img loading=\"lazy\" decoding=\"async\" class=\"size-full wp-image-55506\" src=\"https:\/\/www.immobilienbusiness.ch\/wp-content\/uploads\/2024\/01\/Claudio-F.-Walde-scaled.jpg\" alt=\"\" width=\"1400\" height=\"933\" srcset=\"https:\/\/www.immobilienbusiness.ch\/wp-content\/uploads\/2024\/01\/Claudio-F.-Walde-scaled.jpg 1200w, https:\/\/www.immobilienbusiness.ch\/wp-content\/uploads\/2024\/01\/Claudio-F.-Walde-300x200.jpg 300w, https:\/\/www.immobilienbusiness.ch\/wp-content\/uploads\/2024\/01\/Claudio-F.-Walde-1024x683.jpg 1024w, https:\/\/www.immobilienbusiness.ch\/wp-content\/uploads\/2024\/01\/Claudio-F.-Walde-768x512.jpg 768w, https:\/\/www.immobilienbusiness.ch\/wp-content\/uploads\/2024\/01\/Claudio-F.-Walde-1536x1024.jpg 1536w, https:\/\/www.immobilienbusiness.ch\/wp-content\/uploads\/2024\/01\/Claudio-F.-Walde-2048x1366.jpg 2048w, https:\/\/www.immobilienbusiness.ch\/wp-content\/uploads\/2024\/01\/Claudio-F.-Walde-18x12.jpg 18w, https:\/\/www.immobilienbusiness.ch\/wp-content\/uploads\/2024\/01\/Claudio-F.-Walde-375x250.jpg 375w, https:\/\/www.immobilienbusiness.ch\/wp-content\/uploads\/2024\/01\/Claudio-F.-Walde-525x350.jpg 525w, https:\/\/www.immobilienbusiness.ch\/wp-content\/uploads\/2024\/01\/Claudio-F.-Walde-1000x667.jpg 1000w\" sizes=\"auto, (max-width: 1400px) 100vw, 1400px\" \/><\/a><figcaption id=\"caption-attachment-55506\" class=\"wp-caption-text\">Claudio F. Walde (Quelle: Walde Immobilien AG)<\/figcaption><\/figure>\n<p>Die Walde Immobilien AG hat einen Generationenwechsel vollzogen. Die Gr\u00fcnder Marianne und Gerhard E. Walde haben die Leitung des Unternehmens an ihren Sohn Claudio F. Walde \u00fcbergeben, der nun CEO und Delegierter des Verwaltungsrats ist. Der 31-J\u00e4hrige ist seit 2020 im Unternehmen t\u00e4tig und besitzt einen Master of Science in Management, Technology &amp; Economics der ETH Z\u00fcrich. Er wird das Unternehmen zusammen mit Chief Operating Officer (COO) Jann Felber und Mattia Bonasso leiten, der neu als Chief Sales Officer (CSO) t\u00e4tig ist.<\/p>\n<p>Im Zuge von Bonassos Berufung in die Gesch\u00e4ftsleitung wurden Management-Positionen frei &#8211; diese sind intern neu besetzt worden: Ramona Ruh leitet den Bereich Anlageimmobilien, Sandra Zoppi die Region Graub\u00fcnden. Leslie Schibler, Leiterin Neubau, \u00fcbernimmt zus\u00e4tzlich das Key Account Management f\u00fcr die Pflege und den Ausbau des Netzwerks.<\/p>\n<p>Claudio F. Walde sagt, er plane, das Unternehmen sowohl geografisch als auch technologisch innerhalb der vorgegebenen Strategie weiterzuentwickeln und neue Akzente zu setzen. Walde Immobilien ist mit neun Gesch\u00e4ftsstellen in den Regionen Aargau, Zentralschweiz, Z\u00fcrich und Graub\u00fcnden vertreten und besch\u00e4ftigt 70 Mitarbeitende.<\/p>\n<p>Marianne und Gerhard E. Walde bleiben dem Unternehmen als Eigent\u00fcmer und Verwaltungsr\u00e4tin bzw. Pr\u00e4sident des Verwaltungsrats verbunden. <em>(ah)<\/em><\/p>\n","protected":false},"excerpt":{"rendered":"<p>Zum Jahresanfang hat Claudio F. Walde die Leitung des Familienunternehmens \u00fcbernommen. Neu besetzt wurde die Position des Chief Sales Officer.<\/p>\n","protected":false},"author":3,"featured_media":55506,"comment_status":"closed","ping_status":"closed","sticky":false,"template":"","format":"standard","meta":{"_acf_changed":false,"_yoast_wpseo_focuskw":"walde immobilien","_yoast_wpseo_title":"","_yoast_wpseo_metadesc":"Zum Jahresanfang hat Claudio F. Walde die Leitung des Familienunternehmens \u00fcbernommen. Neu besetzt wurde die Position des Chief Sales Officer.","_yoast_wpseo_linkdex":56,"pgc_sgb_lightbox_settings":"","footnotes":""},"categories":[1912],"tags":[1563,2411],"class_list":["post-55505","post","type-post","status-publish","format-standard","has-post-thumbnail","hentry","category-personalia","tag-personalia","tag-walde-immobilien-ag"],"acf":[],"yoast_head":"<!-- This site is optimized with the Yoast SEO plugin v27.5 - https:\/\/yoast.com\/product\/yoast-seo-wordpress\/ -->\n<title>Walde Immobilien vollzieht den Generationenwechsel - IMMOBILIEN Business<\/title>\n<meta name=\"description\" content=\"Zum Jahresanfang hat Claudio F. Walde die Leitung des Familienunternehmens \u00fcbernommen. Neu besetzt wurde die Position des Chief Sales Officer.\" \/>\n<meta name=\"robots\" content=\"index, follow, max-snippet:-1, max-image-preview:large, max-video-preview:-1\" \/>\n<link rel=\"canonical\" href=\"https:\/\/www.immobilienbusiness.ch\/de\/personalia\/2024-01-18\/walde-immobilien-vollzieht-den-generationenwechsel\/\" \/>\n<meta property=\"og:locale\" content=\"de_DE\" \/>\n<meta property=\"og:type\" content=\"article\" \/>\n<meta property=\"og:title\" content=\"Walde Immobilien vollzieht den Generationenwechsel - IMMOBILIEN Business\" \/>\n<meta property=\"og:description\" content=\"Zum Jahresanfang hat Claudio F. Walde die Leitung des Familienunternehmens \u00fcbernommen. Neu besetzt wurde die Position des Chief Sales Officer.\" \/>\n<meta property=\"og:url\" content=\"https:\/\/www.immobilienbusiness.ch\/de\/personalia\/2024-01-18\/walde-immobilien-vollzieht-den-generationenwechsel\/\" \/>\n<meta property=\"og:site_name\" content=\"IMMOBILIEN Business\" \/>\n<meta property=\"article:publisher\" content=\"https:\/\/www.facebook.com\/immobilienbusiness\/\" \/>\n<meta property=\"article:published_time\" content=\"2024-01-18T08:29:56+00:00\" \/>\n<meta property=\"article:modified_time\" content=\"2024-01-18T08:30:44+00:00\" \/>\n<meta property=\"og:image\" content=\"https:\/\/www.immobilienbusiness.ch\/wp-content\/uploads\/2024\/01\/Claudio-F.-Walde-scaled.jpg\" \/>\n\t<meta property=\"og:image:width\" content=\"1200\" \/>\n\t<meta property=\"og:image:height\" content=\"800\" \/>\n\t<meta property=\"og:image:type\" content=\"image\/jpeg\" \/>\n<meta name=\"author\" content=\"anja.hall\" \/>\n<meta name=\"twitter:card\" content=\"summary_large_image\" \/>\n<script type=\"application\/ld+json\" class=\"yoast-schema-graph\">{\"@context\":\"https:\\\/\\\/schema.org\",\"@graph\":[{\"@type\":\"Article\",\"@id\":\"https:\\\/\\\/www.immobilienbusiness.ch\\\/de\\\/personalia\\\/2024-01-18\\\/walde-immobilien-vollzieht-den-generationenwechsel\\\/#article\",\"isPartOf\":{\"@id\":\"https:\\\/\\\/www.immobilienbusiness.ch\\\/de\\\/personalia\\\/2024-01-18\\\/walde-immobilien-vollzieht-den-generationenwechsel\\\/\"},\"author\":{\"name\":\"anja.hall\",\"@id\":\"https:\\\/\\\/www.immobilienbusiness.ch\\\/#\\\/schema\\\/person\\\/3fc036297b10b9f42d6db5ee932af8c8\"},\"headline\":\"Walde Immobilien vollzieht den Generationenwechsel\",\"datePublished\":\"2024-01-18T08:29:56+00:00\",\"dateModified\":\"2024-01-18T08:30:44+00:00\",\"mainEntityOfPage\":{\"@id\":\"https:\\\/\\\/www.immobilienbusiness.ch\\\/de\\\/personalia\\\/2024-01-18\\\/walde-immobilien-vollzieht-den-generationenwechsel\\\/\"},\"wordCount\":222,\"publisher\":{\"@id\":\"https:\\\/\\\/www.immobilienbusiness.ch\\\/#organization\"},\"image\":{\"@id\":\"https:\\\/\\\/www.immobilienbusiness.ch\\\/de\\\/personalia\\\/2024-01-18\\\/walde-immobilien-vollzieht-den-generationenwechsel\\\/#primaryimage\"},\"thumbnailUrl\":\"https:\\\/\\\/www.immobilienbusiness.ch\\\/wp-content\\\/uploads\\\/2024\\\/01\\\/Claudio-F.-Walde-scaled.jpg\",\"keywords\":[\"Personalia\",\"Walde Immobilien AG\"],\"articleSection\":[\"PERSONALIA\"],\"inLanguage\":\"de\"},{\"@type\":\"WebPage\",\"@id\":\"https:\\\/\\\/www.immobilienbusiness.ch\\\/de\\\/personalia\\\/2024-01-18\\\/walde-immobilien-vollzieht-den-generationenwechsel\\\/\",\"url\":\"https:\\\/\\\/www.immobilienbusiness.ch\\\/de\\\/personalia\\\/2024-01-18\\\/walde-immobilien-vollzieht-den-generationenwechsel\\\/\",\"name\":\"Walde Immobilien vollzieht den Generationenwechsel - IMMOBILIEN Business\",\"isPartOf\":{\"@id\":\"https:\\\/\\\/www.immobilienbusiness.ch\\\/#website\"},\"primaryImageOfPage\":{\"@id\":\"https:\\\/\\\/www.immobilienbusiness.ch\\\/de\\\/personalia\\\/2024-01-18\\\/walde-immobilien-vollzieht-den-generationenwechsel\\\/#primaryimage\"},\"image\":{\"@id\":\"https:\\\/\\\/www.immobilienbusiness.ch\\\/de\\\/personalia\\\/2024-01-18\\\/walde-immobilien-vollzieht-den-generationenwechsel\\\/#primaryimage\"},\"thumbnailUrl\":\"https:\\\/\\\/www.immobilienbusiness.ch\\\/wp-content\\\/uploads\\\/2024\\\/01\\\/Claudio-F.-Walde-scaled.jpg\",\"datePublished\":\"2024-01-18T08:29:56+00:00\",\"dateModified\":\"2024-01-18T08:30:44+00:00\",\"description\":\"Zum Jahresanfang hat Claudio F. Walde die Leitung des Familienunternehmens \u00fcbernommen. Neu besetzt wurde die Position des Chief Sales Officer.\",\"breadcrumb\":{\"@id\":\"https:\\\/\\\/www.immobilienbusiness.ch\\\/de\\\/personalia\\\/2024-01-18\\\/walde-immobilien-vollzieht-den-generationenwechsel\\\/#breadcrumb\"},\"inLanguage\":\"de\",\"potentialAction\":[{\"@type\":\"ReadAction\",\"target\":[\"https:\\\/\\\/www.immobilienbusiness.ch\\\/de\\\/personalia\\\/2024-01-18\\\/walde-immobilien-vollzieht-den-generationenwechsel\\\/\"]}]},{\"@type\":\"ImageObject\",\"inLanguage\":\"de\",\"@id\":\"https:\\\/\\\/www.immobilienbusiness.ch\\\/de\\\/personalia\\\/2024-01-18\\\/walde-immobilien-vollzieht-den-generationenwechsel\\\/#primaryimage\",\"url\":\"https:\\\/\\\/www.immobilienbusiness.ch\\\/wp-content\\\/uploads\\\/2024\\\/01\\\/Claudio-F.-Walde-scaled.jpg\",\"contentUrl\":\"https:\\\/\\\/www.immobilienbusiness.ch\\\/wp-content\\\/uploads\\\/2024\\\/01\\\/Claudio-F.-Walde-scaled.jpg\",\"width\":1200,\"height\":800,\"caption\":\"Claudio F. Walde (Quelle: Walde Immobilien AG)\"},{\"@type\":\"BreadcrumbList\",\"@id\":\"https:\\\/\\\/www.immobilienbusiness.ch\\\/de\\\/personalia\\\/2024-01-18\\\/walde-immobilien-vollzieht-den-generationenwechsel\\\/#breadcrumb\",\"itemListElement\":[{\"@type\":\"ListItem\",\"position\":1,\"name\":\"Home\",\"item\":\"https:\\\/\\\/www.immobilienbusiness.ch\\\/\"},{\"@type\":\"ListItem\",\"position\":2,\"name\":\"Walde Immobilien vollzieht den Generationenwechsel\"}]},{\"@type\":\"WebSite\",\"@id\":\"https:\\\/\\\/www.immobilienbusiness.ch\\\/#website\",\"url\":\"https:\\\/\\\/www.immobilienbusiness.ch\\\/\",\"name\":\"IMMOBILIEN Business\",\"description\":\"Unabh\u00e4ngiges Schweizer Wirtschaftsmagazin mit Fokus auf Immobilien, Architektur- und Bau sowie Investment- und Finanzierung.\",\"publisher\":{\"@id\":\"https:\\\/\\\/www.immobilienbusiness.ch\\\/#organization\"},\"potentialAction\":[{\"@type\":\"SearchAction\",\"target\":{\"@type\":\"EntryPoint\",\"urlTemplate\":\"https:\\\/\\\/www.immobilienbusiness.ch\\\/?s={search_term_string}\"},\"query-input\":{\"@type\":\"PropertyValueSpecification\",\"valueRequired\":true,\"valueName\":\"search_term_string\"}}],\"inLanguage\":\"de\"},{\"@type\":\"Organization\",\"@id\":\"https:\\\/\\\/www.immobilienbusiness.ch\\\/#organization\",\"name\":\"IMMOBILIEN Business\",\"url\":\"https:\\\/\\\/www.immobilienbusiness.ch\\\/\",\"logo\":{\"@type\":\"ImageObject\",\"inLanguage\":\"de\",\"@id\":\"https:\\\/\\\/www.immobilienbusiness.ch\\\/#\\\/schema\\\/logo\\\/image\\\/\",\"url\":\"https:\\\/\\\/www.immobilienbusiness.ch\\\/wp-content\\\/uploads\\\/2021\\\/07\\\/logo_ib.png\",\"contentUrl\":\"https:\\\/\\\/www.immobilienbusiness.ch\\\/wp-content\\\/uploads\\\/2021\\\/07\\\/logo_ib.png\",\"width\":800,\"height\":181,\"caption\":\"IMMOBILIEN Business\"},\"image\":{\"@id\":\"https:\\\/\\\/www.immobilienbusiness.ch\\\/#\\\/schema\\\/logo\\\/image\\\/\"},\"sameAs\":[\"https:\\\/\\\/www.facebook.com\\\/immobilienbusiness\\\/\"]},{\"@type\":\"Person\",\"@id\":\"https:\\\/\\\/www.immobilienbusiness.ch\\\/#\\\/schema\\\/person\\\/3fc036297b10b9f42d6db5ee932af8c8\",\"name\":\"anja.hall\",\"image\":{\"@type\":\"ImageObject\",\"inLanguage\":\"de\",\"@id\":\"https:\\\/\\\/secure.gravatar.com\\\/avatar\\\/066b5a0d447013502c71a5782f4f3469f03cfe595cc2329fb94652fe47511bfb?s=96&d=mm&r=g\",\"url\":\"https:\\\/\\\/secure.gravatar.com\\\/avatar\\\/066b5a0d447013502c71a5782f4f3469f03cfe595cc2329fb94652fe47511bfb?s=96&d=mm&r=g\",\"contentUrl\":\"https:\\\/\\\/secure.gravatar.com\\\/avatar\\\/066b5a0d447013502c71a5782f4f3469f03cfe595cc2329fb94652fe47511bfb?s=96&d=mm&r=g\",\"caption\":\"anja.hall\"},\"url\":\"https:\\\/\\\/www.immobilienbusiness.ch\\\/de\\\/author\\\/anja-hall\\\/\"}]}<\/script>\n<!-- \/ Yoast SEO plugin. -->","yoast_head_json":{"title":"Walde Immobilien vollzieht den Generationenwechsel - IMMOBILIEN Business","description":"Zum Jahresanfang hat Claudio F. Walde die Leitung des Familienunternehmens \u00fcbernommen. Neu besetzt wurde die Position des Chief Sales Officer.","robots":{"index":"index","follow":"follow","max-snippet":"max-snippet:-1","max-image-preview":"max-image-preview:large","max-video-preview":"max-video-preview:-1"},"canonical":"https:\/\/www.immobilienbusiness.ch\/de\/personalia\/2024-01-18\/walde-immobilien-vollzieht-den-generationenwechsel\/","og_locale":"de_DE","og_type":"article","og_title":"Walde Immobilien vollzieht den Generationenwechsel - IMMOBILIEN Business","og_description":"Zum Jahresanfang hat Claudio F. Walde die Leitung des Familienunternehmens \u00fcbernommen. Neu besetzt wurde die Position des Chief Sales Officer.","og_url":"https:\/\/www.immobilienbusiness.ch\/de\/personalia\/2024-01-18\/walde-immobilien-vollzieht-den-generationenwechsel\/","og_site_name":"IMMOBILIEN Business","article_publisher":"https:\/\/www.facebook.com\/immobilienbusiness\/","article_published_time":"2024-01-18T08:29:56+00:00","article_modified_time":"2024-01-18T08:30:44+00:00","og_image":[{"width":1200,"height":800,"url":"https:\/\/www.immobilienbusiness.ch\/wp-content\/uploads\/2024\/01\/Claudio-F.-Walde-scaled.jpg","type":"image\/jpeg"}],"author":"anja.hall","twitter_card":"summary_large_image","schema":{"@context":"https:\/\/schema.org","@graph":[{"@type":"Article","@id":"https:\/\/www.immobilienbusiness.ch\/de\/personalia\/2024-01-18\/walde-immobilien-vollzieht-den-generationenwechsel\/#article","isPartOf":{"@id":"https:\/\/www.immobilienbusiness.ch\/de\/personalia\/2024-01-18\/walde-immobilien-vollzieht-den-generationenwechsel\/"},"author":{"name":"anja.hall","@id":"https:\/\/www.immobilienbusiness.ch\/#\/schema\/person\/3fc036297b10b9f42d6db5ee932af8c8"},"headline":"Walde Immobilien vollzieht den Generationenwechsel","datePublished":"2024-01-18T08:29:56+00:00","dateModified":"2024-01-18T08:30:44+00:00","mainEntityOfPage":{"@id":"https:\/\/www.immobilienbusiness.ch\/de\/personalia\/2024-01-18\/walde-immobilien-vollzieht-den-generationenwechsel\/"},"wordCount":222,"publisher":{"@id":"https:\/\/www.immobilienbusiness.ch\/#organization"},"image":{"@id":"https:\/\/www.immobilienbusiness.ch\/de\/personalia\/2024-01-18\/walde-immobilien-vollzieht-den-generationenwechsel\/#primaryimage"},"thumbnailUrl":"https:\/\/www.immobilienbusiness.ch\/wp-content\/uploads\/2024\/01\/Claudio-F.-Walde-scaled.jpg","keywords":["Personalia","Walde Immobilien AG"],"articleSection":["PERSONALIA"],"inLanguage":"de"},{"@type":"WebPage","@id":"https:\/\/www.immobilienbusiness.ch\/de\/personalia\/2024-01-18\/walde-immobilien-vollzieht-den-generationenwechsel\/","url":"https:\/\/www.immobilienbusiness.ch\/de\/personalia\/2024-01-18\/walde-immobilien-vollzieht-den-generationenwechsel\/","name":"Walde Immobilien vollzieht den Generationenwechsel - IMMOBILIEN Business","isPartOf":{"@id":"https:\/\/www.immobilienbusiness.ch\/#website"},"primaryImageOfPage":{"@id":"https:\/\/www.immobilienbusiness.ch\/de\/personalia\/2024-01-18\/walde-immobilien-vollzieht-den-generationenwechsel\/#primaryimage"},"image":{"@id":"https:\/\/www.immobilienbusiness.ch\/de\/personalia\/2024-01-18\/walde-immobilien-vollzieht-den-generationenwechsel\/#primaryimage"},"thumbnailUrl":"https:\/\/www.immobilienbusiness.ch\/wp-content\/uploads\/2024\/01\/Claudio-F.-Walde-scaled.jpg","datePublished":"2024-01-18T08:29:56+00:00","dateModified":"2024-01-18T08:30:44+00:00","description":"Zum Jahresanfang hat Claudio F. Walde die Leitung des Familienunternehmens \u00fcbernommen. Neu besetzt wurde die Position des Chief Sales Officer.","breadcrumb":{"@id":"https:\/\/www.immobilienbusiness.ch\/de\/personalia\/2024-01-18\/walde-immobilien-vollzieht-den-generationenwechsel\/#breadcrumb"},"inLanguage":"de","potentialAction":[{"@type":"ReadAction","target":["https:\/\/www.immobilienbusiness.ch\/de\/personalia\/2024-01-18\/walde-immobilien-vollzieht-den-generationenwechsel\/"]}]},{"@type":"ImageObject","inLanguage":"de","@id":"https:\/\/www.immobilienbusiness.ch\/de\/personalia\/2024-01-18\/walde-immobilien-vollzieht-den-generationenwechsel\/#primaryimage","url":"https:\/\/www.immobilienbusiness.ch\/wp-content\/uploads\/2024\/01\/Claudio-F.-Walde-scaled.jpg","contentUrl":"https:\/\/www.immobilienbusiness.ch\/wp-content\/uploads\/2024\/01\/Claudio-F.-Walde-scaled.jpg","width":1200,"height":800,"caption":"Claudio F. Walde (Quelle: Walde Immobilien AG)"},{"@type":"BreadcrumbList","@id":"https:\/\/www.immobilienbusiness.ch\/de\/personalia\/2024-01-18\/walde-immobilien-vollzieht-den-generationenwechsel\/#breadcrumb","itemListElement":[{"@type":"ListItem","position":1,"name":"Home","item":"https:\/\/www.immobilienbusiness.ch\/"},{"@type":"ListItem","position":2,"name":"Walde Immobilien vollzieht den Generationenwechsel"}]},{"@type":"WebSite","@id":"https:\/\/www.immobilienbusiness.ch\/#website","url":"https:\/\/www.immobilienbusiness.ch\/","name":"IMMOBILIEN Business","description":"Unabh\u00e4ngiges Schweizer Wirtschaftsmagazin mit Fokus auf Immobilien, Architektur- und Bau sowie Investment- und Finanzierung.","publisher":{"@id":"https:\/\/www.immobilienbusiness.ch\/#organization"},"potentialAction":[{"@type":"SearchAction","target":{"@type":"EntryPoint","urlTemplate":"https:\/\/www.immobilienbusiness.ch\/?s={search_term_string}"},"query-input":{"@type":"PropertyValueSpecification","valueRequired":true,"valueName":"search_term_string"}}],"inLanguage":"de"},{"@type":"Organization","@id":"https:\/\/www.immobilienbusiness.ch\/#organization","name":"IMMOBILIEN Business","url":"https:\/\/www.immobilienbusiness.ch\/","logo":{"@type":"ImageObject","inLanguage":"de","@id":"https:\/\/www.immobilienbusiness.ch\/#\/schema\/logo\/image\/","url":"https:\/\/www.immobilienbusiness.ch\/wp-content\/uploads\/2021\/07\/logo_ib.png","contentUrl":"https:\/\/www.immobilienbusiness.ch\/wp-content\/uploads\/2021\/07\/logo_ib.png","width":800,"height":181,"caption":"IMMOBILIEN Business"},"image":{"@id":"https:\/\/www.immobilienbusiness.ch\/#\/schema\/logo\/image\/"},"sameAs":["https:\/\/www.facebook.com\/immobilienbusiness\/"]},{"@type":"Person","@id":"https:\/\/www.immobilienbusiness.ch\/#\/schema\/person\/3fc036297b10b9f42d6db5ee932af8c8","name":"anja.hall","image":{"@type":"ImageObject","inLanguage":"de","@id":"https:\/\/secure.gravatar.com\/avatar\/066b5a0d447013502c71a5782f4f3469f03cfe595cc2329fb94652fe47511bfb?s=96&d=mm&r=g","url":"https:\/\/secure.gravatar.com\/avatar\/066b5a0d447013502c71a5782f4f3469f03cfe595cc2329fb94652fe47511bfb?s=96&d=mm&r=g","contentUrl":"https:\/\/secure.gravatar.com\/avatar\/066b5a0d447013502c71a5782f4f3469f03cfe595cc2329fb94652fe47511bfb?s=96&d=mm&r=g","caption":"anja.hall"},"url":"https:\/\/www.immobilienbusiness.ch\/de\/author\/anja-hall\/"}]}},"_links":{"self":[{"href":"https:\/\/www.immobilienbusiness.ch\/de\/wp-json\/wp\/v2\/posts\/55505","targetHints":{"allow":["GET"]}}],"collection":[{"href":"https:\/\/www.immobilienbusiness.ch\/de\/wp-json\/wp\/v2\/posts"}],"about":[{"href":"https:\/\/www.immobilienbusiness.ch\/de\/wp-json\/wp\/v2\/types\/post"}],"author":[{"embeddable":true,"href":"https:\/\/www.immobilienbusiness.ch\/de\/wp-json\/wp\/v2\/users\/3"}],"replies":[{"embeddable":true,"href":"https:\/\/www.immobilienbusiness.ch\/de\/wp-json\/wp\/v2\/comments?post=55505"}],"version-history":[{"count":1,"href":"https:\/\/www.immobilienbusiness.ch\/de\/wp-json\/wp\/v2\/posts\/55505\/revisions"}],"predecessor-version":[{"id":55507,"href":"https:\/\/www.immobilienbusiness.ch\/de\/wp-json\/wp\/v2\/posts\/55505\/revisions\/55507"}],"wp:featuredmedia":[{"embeddable":true,"href":"https:\/\/www.immobilienbusiness.ch\/de\/wp-json\/wp\/v2\/media\/55506"}],"wp:attachment":[{"href":"https:\/\/www.immobilienbusiness.ch\/de\/wp-json\/wp\/v2\/media?parent=55505"}],"wp:term":[{"taxonomy":"category","embeddable":true,"href":"https:\/\/www.immobilienbusiness.ch\/de\/wp-json\/wp\/v2\/categories?post=55505"},{"taxonomy":"post_tag","embeddable":true,"href":"https:\/\/www.immobilienbusiness.ch\/de\/wp-json\/wp\/v2\/tags?post=55505"}],"curies":[{"name":"wp","href":"https:\/\/api.w.org\/{rel}","templated":true}]}}