{"id":55483,"date":"2024-01-16T09:48:17","date_gmt":"2024-01-16T08:48:17","guid":{"rendered":"https:\/\/www.immobilienbusiness.ch\/?p=55483"},"modified":"2024-01-18T07:55:09","modified_gmt":"2024-01-18T06:55:09","slug":"pom-erweitert-geschaeftsleitung","status":"publish","type":"post","link":"https:\/\/www.immobilienbusiness.ch\/de\/personalia\/2024-01-16\/pom-erweitert-geschaeftsleitung\/","title":{"rendered":"Pom+ erweitert Gesch\u00e4ftsleitung"},"content":{"rendered":"<figure id=\"attachment_55484\" aria-describedby=\"caption-attachment-55484\" style=\"width: 1024px\" class=\"wp-caption alignnone\"><a href=\"https:\/\/www.immobilienbusiness.ch\/wp-content\/uploads\/2024\/01\/Pohle_Tanja.jpg\"><img loading=\"lazy\" decoding=\"async\" class=\"size-full wp-image-55484\" src=\"https:\/\/www.immobilienbusiness.ch\/wp-content\/uploads\/2024\/01\/Pohle_Tanja.jpg\" alt=\"\" width=\"1024\" height=\"683\" srcset=\"https:\/\/www.immobilienbusiness.ch\/wp-content\/uploads\/2024\/01\/Pohle_Tanja.jpg 1024w, https:\/\/www.immobilienbusiness.ch\/wp-content\/uploads\/2024\/01\/Pohle_Tanja-300x200.jpg 300w, https:\/\/www.immobilienbusiness.ch\/wp-content\/uploads\/2024\/01\/Pohle_Tanja-768x512.jpg 768w, https:\/\/www.immobilienbusiness.ch\/wp-content\/uploads\/2024\/01\/Pohle_Tanja-18x12.jpg 18w, https:\/\/www.immobilienbusiness.ch\/wp-content\/uploads\/2024\/01\/Pohle_Tanja-375x250.jpg 375w, https:\/\/www.immobilienbusiness.ch\/wp-content\/uploads\/2024\/01\/Pohle_Tanja-525x350.jpg 525w, https:\/\/www.immobilienbusiness.ch\/wp-content\/uploads\/2024\/01\/Pohle_Tanja-1000x667.jpg 1000w\" sizes=\"auto, (max-width: 1024px) 100vw, 1024px\" \/><\/a><figcaption id=\"caption-attachment-55484\" class=\"wp-caption-text\">Tanja Pohle (Bild: Pom+)<\/figcaption><\/figure>\n<p>Laut einer Mitteilung ist Tanja Pohle per 1. Januar neue Partnerin und Mitglied der Gesch\u00e4ftsleitung bei der Pom+ Consulting AG. In ihrer bisherigen Funktion als Head of Service Unit Organisation &amp; Processes hat sie ein neues Beratungsangebot im Bereich Workplace Solutions bei Pom+ aufgebaut. \u00abDie Corona-Pandemie hat die Nachfrage nach Smart Offices und New-Work-Konzepten weiter verst\u00e4rkt und nachhaltig ver\u00e4ndert\u00bb, sagt Managing Partner Giuseppe Bilotta. Mit der Ernennung zur Partnerin und als neues Mitglied der Gesch\u00e4ftsleitung sollen ihre Kenntnisse und Erfahrungswerte nun in die strategische Unternehmungsf\u00fchrung einfliessen.<\/p>\n<p>Pohle ist seit 2013 bei Pom+ t\u00e4tig, zun\u00e4chst als Senior Consultant im Bereich Bauherrenberatung und sp\u00e4ter als Bereichsleiterin, wo sie unter anderem das Qualit\u00e4tsmanagement f\u00fcr die Mall of Switzerland verantwortete. 2019 \u00fcbernahm sie die F\u00fchrung des Teams f\u00fcr Organisations- und Prozessentwicklung.<\/p>\n<p>Nach ihrem Studium zur diplomierten Bauingenieurin an der Technischen Universit\u00e4t Berlin doktorierte sie an der ETH Z\u00fcrich in Baubetriebswissenschaften zum Thema Risikomanagement und schloss sp\u00e4ter einen MBA im Business Engineering an der Universit\u00e4t St. Gallen ab. <em>(aw)<\/em><\/p>\n","protected":false},"excerpt":{"rendered":"<p>Bei dem Beratungsunternehmen r\u00fcckt Tanja Pohle in die Unternehmensf\u00fchrung und den Kreis der Partner auf.<\/p>\n","protected":false},"author":102,"featured_media":55484,"comment_status":"closed","ping_status":"closed","sticky":false,"template":"","format":"standard","meta":{"_acf_changed":false,"_yoast_wpseo_focuskw":"Pom+","_yoast_wpseo_title":"","_yoast_wpseo_metadesc":"Beim Beratungsunternehmen Pom+ Consulting AG r\u00fcckt Tanja Pohle in die Unternehmensf\u00fchrung und den Kreis der Partner auf.","_yoast_wpseo_linkdex":59,"pgc_sgb_lightbox_settings":"","footnotes":""},"categories":[1912],"tags":[1563,1580],"class_list":["post-55483","post","type-post","status-publish","format-standard","has-post-thumbnail","hentry","category-personalia","tag-personalia","tag-pom"],"acf":[],"yoast_head":"<!-- This site is optimized with the Yoast SEO plugin v27.5 - https:\/\/yoast.com\/product\/yoast-seo-wordpress\/ -->\n<title>Pom+ erweitert Gesch\u00e4ftsleitung - IMMOBILIEN Business<\/title>\n<meta name=\"description\" content=\"Beim Beratungsunternehmen Pom+ Consulting AG r\u00fcckt Tanja Pohle in die Unternehmensf\u00fchrung und den Kreis der Partner auf.\" \/>\n<meta name=\"robots\" content=\"index, follow, max-snippet:-1, max-image-preview:large, max-video-preview:-1\" \/>\n<link rel=\"canonical\" href=\"https:\/\/www.immobilienbusiness.ch\/de\/personalia\/2024-01-16\/pom-erweitert-geschaeftsleitung\/\" \/>\n<meta property=\"og:locale\" content=\"de_DE\" \/>\n<meta property=\"og:type\" content=\"article\" \/>\n<meta property=\"og:title\" content=\"Pom+ erweitert Gesch\u00e4ftsleitung - IMMOBILIEN Business\" \/>\n<meta property=\"og:description\" content=\"Beim Beratungsunternehmen Pom+ Consulting AG r\u00fcckt Tanja Pohle in die Unternehmensf\u00fchrung und den Kreis der Partner auf.\" \/>\n<meta property=\"og:url\" content=\"https:\/\/www.immobilienbusiness.ch\/de\/personalia\/2024-01-16\/pom-erweitert-geschaeftsleitung\/\" \/>\n<meta property=\"og:site_name\" content=\"IMMOBILIEN Business\" \/>\n<meta property=\"article:publisher\" content=\"https:\/\/www.facebook.com\/immobilienbusiness\/\" \/>\n<meta property=\"article:published_time\" content=\"2024-01-16T08:48:17+00:00\" \/>\n<meta property=\"article:modified_time\" content=\"2024-01-18T06:55:09+00:00\" \/>\n<meta property=\"og:image\" content=\"https:\/\/www.immobilienbusiness.ch\/wp-content\/uploads\/2024\/01\/Pohle_Tanja.jpg\" \/>\n\t<meta property=\"og:image:width\" content=\"1024\" \/>\n\t<meta property=\"og:image:height\" content=\"683\" \/>\n\t<meta property=\"og:image:type\" content=\"image\/jpeg\" \/>\n<meta name=\"author\" content=\"Alexander Wachter\" \/>\n<meta name=\"twitter:card\" content=\"summary_large_image\" \/>\n<script type=\"application\/ld+json\" class=\"yoast-schema-graph\">{\"@context\":\"https:\\\/\\\/schema.org\",\"@graph\":[{\"@type\":\"Article\",\"@id\":\"https:\\\/\\\/www.immobilienbusiness.ch\\\/de\\\/personalia\\\/2024-01-16\\\/pom-erweitert-geschaeftsleitung\\\/#article\",\"isPartOf\":{\"@id\":\"https:\\\/\\\/www.immobilienbusiness.ch\\\/de\\\/personalia\\\/2024-01-16\\\/pom-erweitert-geschaeftsleitung\\\/\"},\"author\":{\"name\":\"Alexander Wachter\",\"@id\":\"https:\\\/\\\/www.immobilienbusiness.ch\\\/#\\\/schema\\\/person\\\/aba8bea2db926aa0c24c08c43fe1fcd5\"},\"headline\":\"Pom+ erweitert Gesch\u00e4ftsleitung\",\"datePublished\":\"2024-01-16T08:48:17+00:00\",\"dateModified\":\"2024-01-18T06:55:09+00:00\",\"mainEntityOfPage\":{\"@id\":\"https:\\\/\\\/www.immobilienbusiness.ch\\\/de\\\/personalia\\\/2024-01-16\\\/pom-erweitert-geschaeftsleitung\\\/\"},\"wordCount\":192,\"publisher\":{\"@id\":\"https:\\\/\\\/www.immobilienbusiness.ch\\\/#organization\"},\"image\":{\"@id\":\"https:\\\/\\\/www.immobilienbusiness.ch\\\/de\\\/personalia\\\/2024-01-16\\\/pom-erweitert-geschaeftsleitung\\\/#primaryimage\"},\"thumbnailUrl\":\"https:\\\/\\\/www.immobilienbusiness.ch\\\/wp-content\\\/uploads\\\/2024\\\/01\\\/Pohle_Tanja.jpg\",\"keywords\":[\"Personalia\",\"pom+\"],\"articleSection\":[\"PERSONALIA\"],\"inLanguage\":\"de\"},{\"@type\":\"WebPage\",\"@id\":\"https:\\\/\\\/www.immobilienbusiness.ch\\\/de\\\/personalia\\\/2024-01-16\\\/pom-erweitert-geschaeftsleitung\\\/\",\"url\":\"https:\\\/\\\/www.immobilienbusiness.ch\\\/de\\\/personalia\\\/2024-01-16\\\/pom-erweitert-geschaeftsleitung\\\/\",\"name\":\"Pom+ erweitert Gesch\u00e4ftsleitung - IMMOBILIEN Business\",\"isPartOf\":{\"@id\":\"https:\\\/\\\/www.immobilienbusiness.ch\\\/#website\"},\"primaryImageOfPage\":{\"@id\":\"https:\\\/\\\/www.immobilienbusiness.ch\\\/de\\\/personalia\\\/2024-01-16\\\/pom-erweitert-geschaeftsleitung\\\/#primaryimage\"},\"image\":{\"@id\":\"https:\\\/\\\/www.immobilienbusiness.ch\\\/de\\\/personalia\\\/2024-01-16\\\/pom-erweitert-geschaeftsleitung\\\/#primaryimage\"},\"thumbnailUrl\":\"https:\\\/\\\/www.immobilienbusiness.ch\\\/wp-content\\\/uploads\\\/2024\\\/01\\\/Pohle_Tanja.jpg\",\"datePublished\":\"2024-01-16T08:48:17+00:00\",\"dateModified\":\"2024-01-18T06:55:09+00:00\",\"description\":\"Beim Beratungsunternehmen Pom+ Consulting AG r\u00fcckt Tanja Pohle in die Unternehmensf\u00fchrung und den Kreis der Partner auf.\",\"breadcrumb\":{\"@id\":\"https:\\\/\\\/www.immobilienbusiness.ch\\\/de\\\/personalia\\\/2024-01-16\\\/pom-erweitert-geschaeftsleitung\\\/#breadcrumb\"},\"inLanguage\":\"de\",\"potentialAction\":[{\"@type\":\"ReadAction\",\"target\":[\"https:\\\/\\\/www.immobilienbusiness.ch\\\/de\\\/personalia\\\/2024-01-16\\\/pom-erweitert-geschaeftsleitung\\\/\"]}]},{\"@type\":\"ImageObject\",\"inLanguage\":\"de\",\"@id\":\"https:\\\/\\\/www.immobilienbusiness.ch\\\/de\\\/personalia\\\/2024-01-16\\\/pom-erweitert-geschaeftsleitung\\\/#primaryimage\",\"url\":\"https:\\\/\\\/www.immobilienbusiness.ch\\\/wp-content\\\/uploads\\\/2024\\\/01\\\/Pohle_Tanja.jpg\",\"contentUrl\":\"https:\\\/\\\/www.immobilienbusiness.ch\\\/wp-content\\\/uploads\\\/2024\\\/01\\\/Pohle_Tanja.jpg\",\"width\":1024,\"height\":683,\"caption\":\"Tanja Pohle (Bild: Pom+)\"},{\"@type\":\"BreadcrumbList\",\"@id\":\"https:\\\/\\\/www.immobilienbusiness.ch\\\/de\\\/personalia\\\/2024-01-16\\\/pom-erweitert-geschaeftsleitung\\\/#breadcrumb\",\"itemListElement\":[{\"@type\":\"ListItem\",\"position\":1,\"name\":\"Home\",\"item\":\"https:\\\/\\\/www.immobilienbusiness.ch\\\/\"},{\"@type\":\"ListItem\",\"position\":2,\"name\":\"Pom+ erweitert Gesch\u00e4ftsleitung\"}]},{\"@type\":\"WebSite\",\"@id\":\"https:\\\/\\\/www.immobilienbusiness.ch\\\/#website\",\"url\":\"https:\\\/\\\/www.immobilienbusiness.ch\\\/\",\"name\":\"IMMOBILIEN Business\",\"description\":\"Unabh\u00e4ngiges Schweizer Wirtschaftsmagazin mit Fokus auf Immobilien, Architektur- und Bau sowie Investment- und Finanzierung.\",\"publisher\":{\"@id\":\"https:\\\/\\\/www.immobilienbusiness.ch\\\/#organization\"},\"potentialAction\":[{\"@type\":\"SearchAction\",\"target\":{\"@type\":\"EntryPoint\",\"urlTemplate\":\"https:\\\/\\\/www.immobilienbusiness.ch\\\/?s={search_term_string}\"},\"query-input\":{\"@type\":\"PropertyValueSpecification\",\"valueRequired\":true,\"valueName\":\"search_term_string\"}}],\"inLanguage\":\"de\"},{\"@type\":\"Organization\",\"@id\":\"https:\\\/\\\/www.immobilienbusiness.ch\\\/#organization\",\"name\":\"IMMOBILIEN Business\",\"url\":\"https:\\\/\\\/www.immobilienbusiness.ch\\\/\",\"logo\":{\"@type\":\"ImageObject\",\"inLanguage\":\"de\",\"@id\":\"https:\\\/\\\/www.immobilienbusiness.ch\\\/#\\\/schema\\\/logo\\\/image\\\/\",\"url\":\"https:\\\/\\\/www.immobilienbusiness.ch\\\/wp-content\\\/uploads\\\/2021\\\/07\\\/logo_ib.png\",\"contentUrl\":\"https:\\\/\\\/www.immobilienbusiness.ch\\\/wp-content\\\/uploads\\\/2021\\\/07\\\/logo_ib.png\",\"width\":800,\"height\":181,\"caption\":\"IMMOBILIEN Business\"},\"image\":{\"@id\":\"https:\\\/\\\/www.immobilienbusiness.ch\\\/#\\\/schema\\\/logo\\\/image\\\/\"},\"sameAs\":[\"https:\\\/\\\/www.facebook.com\\\/immobilienbusiness\\\/\"]},{\"@type\":\"Person\",\"@id\":\"https:\\\/\\\/www.immobilienbusiness.ch\\\/#\\\/schema\\\/person\\\/aba8bea2db926aa0c24c08c43fe1fcd5\",\"name\":\"Alexander Wachter\",\"image\":{\"@type\":\"ImageObject\",\"inLanguage\":\"de\",\"@id\":\"https:\\\/\\\/secure.gravatar.com\\\/avatar\\\/1a09e471f5389b0e0a6416eac287e0927c7c97a7b77f9e787eba3af7aee281dd?s=96&d=mm&r=g\",\"url\":\"https:\\\/\\\/secure.gravatar.com\\\/avatar\\\/1a09e471f5389b0e0a6416eac287e0927c7c97a7b77f9e787eba3af7aee281dd?s=96&d=mm&r=g\",\"contentUrl\":\"https:\\\/\\\/secure.gravatar.com\\\/avatar\\\/1a09e471f5389b0e0a6416eac287e0927c7c97a7b77f9e787eba3af7aee281dd?s=96&d=mm&r=g\",\"caption\":\"Alexander Wachter\"},\"url\":\"https:\\\/\\\/www.immobilienbusiness.ch\\\/de\\\/author\\\/alexander-wachter\\\/\"}]}<\/script>\n<!-- \/ Yoast SEO plugin. -->","yoast_head_json":{"title":"Pom+ erweitert Gesch\u00e4ftsleitung - IMMOBILIEN Business","description":"Beim Beratungsunternehmen Pom+ Consulting AG r\u00fcckt Tanja Pohle in die Unternehmensf\u00fchrung und den Kreis der Partner auf.","robots":{"index":"index","follow":"follow","max-snippet":"max-snippet:-1","max-image-preview":"max-image-preview:large","max-video-preview":"max-video-preview:-1"},"canonical":"https:\/\/www.immobilienbusiness.ch\/de\/personalia\/2024-01-16\/pom-erweitert-geschaeftsleitung\/","og_locale":"de_DE","og_type":"article","og_title":"Pom+ erweitert Gesch\u00e4ftsleitung - IMMOBILIEN Business","og_description":"Beim Beratungsunternehmen Pom+ Consulting AG r\u00fcckt Tanja Pohle in die Unternehmensf\u00fchrung und den Kreis der Partner auf.","og_url":"https:\/\/www.immobilienbusiness.ch\/de\/personalia\/2024-01-16\/pom-erweitert-geschaeftsleitung\/","og_site_name":"IMMOBILIEN Business","article_publisher":"https:\/\/www.facebook.com\/immobilienbusiness\/","article_published_time":"2024-01-16T08:48:17+00:00","article_modified_time":"2024-01-18T06:55:09+00:00","og_image":[{"width":1024,"height":683,"url":"https:\/\/www.immobilienbusiness.ch\/wp-content\/uploads\/2024\/01\/Pohle_Tanja.jpg","type":"image\/jpeg"}],"author":"Alexander Wachter","twitter_card":"summary_large_image","schema":{"@context":"https:\/\/schema.org","@graph":[{"@type":"Article","@id":"https:\/\/www.immobilienbusiness.ch\/de\/personalia\/2024-01-16\/pom-erweitert-geschaeftsleitung\/#article","isPartOf":{"@id":"https:\/\/www.immobilienbusiness.ch\/de\/personalia\/2024-01-16\/pom-erweitert-geschaeftsleitung\/"},"author":{"name":"Alexander Wachter","@id":"https:\/\/www.immobilienbusiness.ch\/#\/schema\/person\/aba8bea2db926aa0c24c08c43fe1fcd5"},"headline":"Pom+ erweitert Gesch\u00e4ftsleitung","datePublished":"2024-01-16T08:48:17+00:00","dateModified":"2024-01-18T06:55:09+00:00","mainEntityOfPage":{"@id":"https:\/\/www.immobilienbusiness.ch\/de\/personalia\/2024-01-16\/pom-erweitert-geschaeftsleitung\/"},"wordCount":192,"publisher":{"@id":"https:\/\/www.immobilienbusiness.ch\/#organization"},"image":{"@id":"https:\/\/www.immobilienbusiness.ch\/de\/personalia\/2024-01-16\/pom-erweitert-geschaeftsleitung\/#primaryimage"},"thumbnailUrl":"https:\/\/www.immobilienbusiness.ch\/wp-content\/uploads\/2024\/01\/Pohle_Tanja.jpg","keywords":["Personalia","pom+"],"articleSection":["PERSONALIA"],"inLanguage":"de"},{"@type":"WebPage","@id":"https:\/\/www.immobilienbusiness.ch\/de\/personalia\/2024-01-16\/pom-erweitert-geschaeftsleitung\/","url":"https:\/\/www.immobilienbusiness.ch\/de\/personalia\/2024-01-16\/pom-erweitert-geschaeftsleitung\/","name":"Pom+ erweitert Gesch\u00e4ftsleitung - IMMOBILIEN Business","isPartOf":{"@id":"https:\/\/www.immobilienbusiness.ch\/#website"},"primaryImageOfPage":{"@id":"https:\/\/www.immobilienbusiness.ch\/de\/personalia\/2024-01-16\/pom-erweitert-geschaeftsleitung\/#primaryimage"},"image":{"@id":"https:\/\/www.immobilienbusiness.ch\/de\/personalia\/2024-01-16\/pom-erweitert-geschaeftsleitung\/#primaryimage"},"thumbnailUrl":"https:\/\/www.immobilienbusiness.ch\/wp-content\/uploads\/2024\/01\/Pohle_Tanja.jpg","datePublished":"2024-01-16T08:48:17+00:00","dateModified":"2024-01-18T06:55:09+00:00","description":"Beim Beratungsunternehmen Pom+ Consulting AG r\u00fcckt Tanja Pohle in die Unternehmensf\u00fchrung und den Kreis der Partner auf.","breadcrumb":{"@id":"https:\/\/www.immobilienbusiness.ch\/de\/personalia\/2024-01-16\/pom-erweitert-geschaeftsleitung\/#breadcrumb"},"inLanguage":"de","potentialAction":[{"@type":"ReadAction","target":["https:\/\/www.immobilienbusiness.ch\/de\/personalia\/2024-01-16\/pom-erweitert-geschaeftsleitung\/"]}]},{"@type":"ImageObject","inLanguage":"de","@id":"https:\/\/www.immobilienbusiness.ch\/de\/personalia\/2024-01-16\/pom-erweitert-geschaeftsleitung\/#primaryimage","url":"https:\/\/www.immobilienbusiness.ch\/wp-content\/uploads\/2024\/01\/Pohle_Tanja.jpg","contentUrl":"https:\/\/www.immobilienbusiness.ch\/wp-content\/uploads\/2024\/01\/Pohle_Tanja.jpg","width":1024,"height":683,"caption":"Tanja Pohle (Bild: Pom+)"},{"@type":"BreadcrumbList","@id":"https:\/\/www.immobilienbusiness.ch\/de\/personalia\/2024-01-16\/pom-erweitert-geschaeftsleitung\/#breadcrumb","itemListElement":[{"@type":"ListItem","position":1,"name":"Home","item":"https:\/\/www.immobilienbusiness.ch\/"},{"@type":"ListItem","position":2,"name":"Pom+ erweitert Gesch\u00e4ftsleitung"}]},{"@type":"WebSite","@id":"https:\/\/www.immobilienbusiness.ch\/#website","url":"https:\/\/www.immobilienbusiness.ch\/","name":"IMMOBILIEN Business","description":"Unabh\u00e4ngiges Schweizer Wirtschaftsmagazin mit Fokus auf Immobilien, Architektur- und Bau sowie Investment- und Finanzierung.","publisher":{"@id":"https:\/\/www.immobilienbusiness.ch\/#organization"},"potentialAction":[{"@type":"SearchAction","target":{"@type":"EntryPoint","urlTemplate":"https:\/\/www.immobilienbusiness.ch\/?s={search_term_string}"},"query-input":{"@type":"PropertyValueSpecification","valueRequired":true,"valueName":"search_term_string"}}],"inLanguage":"de"},{"@type":"Organization","@id":"https:\/\/www.immobilienbusiness.ch\/#organization","name":"IMMOBILIEN Business","url":"https:\/\/www.immobilienbusiness.ch\/","logo":{"@type":"ImageObject","inLanguage":"de","@id":"https:\/\/www.immobilienbusiness.ch\/#\/schema\/logo\/image\/","url":"https:\/\/www.immobilienbusiness.ch\/wp-content\/uploads\/2021\/07\/logo_ib.png","contentUrl":"https:\/\/www.immobilienbusiness.ch\/wp-content\/uploads\/2021\/07\/logo_ib.png","width":800,"height":181,"caption":"IMMOBILIEN Business"},"image":{"@id":"https:\/\/www.immobilienbusiness.ch\/#\/schema\/logo\/image\/"},"sameAs":["https:\/\/www.facebook.com\/immobilienbusiness\/"]},{"@type":"Person","@id":"https:\/\/www.immobilienbusiness.ch\/#\/schema\/person\/aba8bea2db926aa0c24c08c43fe1fcd5","name":"Alexander Wachter","image":{"@type":"ImageObject","inLanguage":"de","@id":"https:\/\/secure.gravatar.com\/avatar\/1a09e471f5389b0e0a6416eac287e0927c7c97a7b77f9e787eba3af7aee281dd?s=96&d=mm&r=g","url":"https:\/\/secure.gravatar.com\/avatar\/1a09e471f5389b0e0a6416eac287e0927c7c97a7b77f9e787eba3af7aee281dd?s=96&d=mm&r=g","contentUrl":"https:\/\/secure.gravatar.com\/avatar\/1a09e471f5389b0e0a6416eac287e0927c7c97a7b77f9e787eba3af7aee281dd?s=96&d=mm&r=g","caption":"Alexander Wachter"},"url":"https:\/\/www.immobilienbusiness.ch\/de\/author\/alexander-wachter\/"}]}},"_links":{"self":[{"href":"https:\/\/www.immobilienbusiness.ch\/de\/wp-json\/wp\/v2\/posts\/55483","targetHints":{"allow":["GET"]}}],"collection":[{"href":"https:\/\/www.immobilienbusiness.ch\/de\/wp-json\/wp\/v2\/posts"}],"about":[{"href":"https:\/\/www.immobilienbusiness.ch\/de\/wp-json\/wp\/v2\/types\/post"}],"author":[{"embeddable":true,"href":"https:\/\/www.immobilienbusiness.ch\/de\/wp-json\/wp\/v2\/users\/102"}],"replies":[{"embeddable":true,"href":"https:\/\/www.immobilienbusiness.ch\/de\/wp-json\/wp\/v2\/comments?post=55483"}],"version-history":[{"count":1,"href":"https:\/\/www.immobilienbusiness.ch\/de\/wp-json\/wp\/v2\/posts\/55483\/revisions"}],"predecessor-version":[{"id":55485,"href":"https:\/\/www.immobilienbusiness.ch\/de\/wp-json\/wp\/v2\/posts\/55483\/revisions\/55485"}],"wp:featuredmedia":[{"embeddable":true,"href":"https:\/\/www.immobilienbusiness.ch\/de\/wp-json\/wp\/v2\/media\/55484"}],"wp:attachment":[{"href":"https:\/\/www.immobilienbusiness.ch\/de\/wp-json\/wp\/v2\/media?parent=55483"}],"wp:term":[{"taxonomy":"category","embeddable":true,"href":"https:\/\/www.immobilienbusiness.ch\/de\/wp-json\/wp\/v2\/categories?post=55483"},{"taxonomy":"post_tag","embeddable":true,"href":"https:\/\/www.immobilienbusiness.ch\/de\/wp-json\/wp\/v2\/tags?post=55483"}],"curies":[{"name":"wp","href":"https:\/\/api.w.org\/{rel}","templated":true}]}}